{"id":237281,"date":"2026-03-12T15:59:43","date_gmt":"2026-03-12T22:59:43","guid":{"rendered":"https:\/\/www.sonoraenequipo.com.mx\/?p=237281"},"modified":"2026-03-12T15:59:43","modified_gmt":"2026-03-12T22:59:43","slug":"anade-ine-identidad-de-genero-autopercibida-y-autoidentificacion-en-la-cpv","status":"publish","type":"post","link":"https:\/\/www.sonoraenequipo.com.mx\/anade-ine-identidad-de-genero-autopercibida-y-autoidentificacion-en-la-cpv\/","title":{"rendered":"A\u00f1ade INE identidad de g\u00e9nero autopercibida y autoidentificaci\u00f3n\u00a0 en la CPV"},"content":{"rendered":"<p>A\u00f1ade INE identidad de g\u00e9nero autopercibida y autoidentificaci\u00f3n\u00a0 en la CPV<\/p>\n<p>&nbsp;<\/p>\n<p><strong>CIUDAD DE M\u00c9XICO. \u2014<\/strong> A partir de junio pr\u00f3ximo, en la Credencial para Votar (CPV) se podr\u00e1n incluir dos elementos m\u00e1s: identidad de g\u00e9nero autopercibida y autoidentificaci\u00f3n ind\u00edgena y\/o afromexicana, determin\u00f3 el Consejo General del Instituto Nacional Electoral (INE), al aprobar esta viabilidad y fortalecer as\u00ed el reconocimiento de la identificaci\u00f3n de la ciudadan\u00eda y garantizar el respeto a los derechos y la no discriminaci\u00f3n.<\/p>\n<p>&nbsp;<\/p>\n<p>&nbsp;<\/p>\n<p>&nbsp;<\/p>\n<p>La presidenta de la Comisi\u00f3n del Registro Federal de Electores, la Consejera Carla Humphrey Jordan, subray\u00f3 que la CPV se mantiene como la identificaci\u00f3n m\u00e1s utilizada por la ciudadan\u00eda mexicana para acreditar su identidad y ejercer sus derechos.<\/p>\n<p>&nbsp;<\/p>\n<p>&nbsp;<\/p>\n<p>&nbsp;<\/p>\n<p>Destac\u00f3 que su evoluci\u00f3n tecnol\u00f3gica y sus est\u00e1ndares de seguridad han consolidado la confianza p\u00fablica en este documento, al tiempo que el Instituto reafirma su compromiso con los principios de igualdad, no discriminaci\u00f3n e inclusi\u00f3n, al reconocer que M\u00e9xico es una naci\u00f3n plural y diversa, cuya riqueza social debe reflejarse tambi\u00e9n en sus instrumentos registrales.<\/p>\n<p>&nbsp;<\/p>\n<p>&nbsp;<\/p>\n<p>&nbsp;<\/p>\n<p>Humphrey Jordan se\u00f1al\u00f3 que la incorporaci\u00f3n de los nuevos elementos de identidad permitir\u00e1 al INE contar con informaci\u00f3n que fortalezca la planeaci\u00f3n institucional y una comprensi\u00f3n m\u00e1s precisa de la composici\u00f3n del electorado, en congruencia con el reconocimiento constitucional de los pueblos y comunidades ind\u00edgenas y el derecho a la libre autoidentificaci\u00f3n. A\u00f1adi\u00f3 que estos avances representan un paso hacia una credencial m\u00e1s incluyente, alineada con los principios del art\u00edculo primero constitucional, bajo criterios de voluntariedad y pleno respeto a la protecci\u00f3n de datos personales, reafirmando el compromiso institucional de avanzar de manera responsable para que este documento siga siendo un s\u00edmbolo de confianza, igualdad e inclusi\u00f3n.<\/p>\n<p>&nbsp;<\/p>\n<p>&nbsp;<\/p>\n<p>&nbsp;<\/p>\n<p>En materia de identidad de g\u00e9nero autopercibida, el Consejo General consider\u00f3 necesario avanzar en la garant\u00eda y protecci\u00f3n de los derechos de las personas de la diversidad sexual, mediante la incorporaci\u00f3n de un campo de \u201cG\u00e9nero\u201d, adicional al actualmente previsto para \u201cSexo\u201d; es decir, la coexistencia de ambos campos permitir\u00e1 armonizar el cumplimiento del mandato legal con los est\u00e1ndares constitucionales y convencionales en materia de identidad y no discriminaci\u00f3n.<\/p>\n<p>&nbsp;<\/p>\n<p>&nbsp;<\/p>\n<p>&nbsp;<\/p>\n<p>Cada persona titular de la CPV podr\u00e1 decidir si desea que en el documento se visualice el campo de Sexo o el de G\u00e9nero. Cuando as\u00ed lo solicite, deber\u00e1 proporcionar la informaci\u00f3n de su identidad de g\u00e9nero autopercibida y elegir entre las siguientes siglas: \u201cM\u201d para Mujer, \u201cH\u201d para Hombre o \u201cNB\u201d para persona \u201cNo binaria\u201d. En este \u00faltimo caso se reemplazar\u00e1 la letra \u201cX\u201d, actualmente usada en el campo de Sexo, por las siglas \u201cNB\u201d.<\/p>\n<p>&nbsp;<\/p>\n<p>&nbsp;<\/p>\n<p>&nbsp;<\/p>\n<p>Sobre la auto identificaci\u00f3n ind\u00edgena y\/o afromexicana, se estableci\u00f3 que es jur\u00eddicamente viable incorporar este dato en la CPV, siempre que se conciba como un elemento subjetivo de identidad, basado exclusivamente en la manifestaci\u00f3n consciente de la persona. Adem\u00e1s, este dato tendr\u00e1 efectos \u00fanicamente declarativos, no generar\u00e1 derechos pol\u00edtico-electorales diferenciados ni podr\u00e1 utilizarse como elemento para acreditar el cumplimiento de acciones afirmativas ind\u00edgenas en el registro de candidaturas. Las personas podr\u00e1n optar por imprimir la palabra \u201cInd\u00edgena\u201d en su identificaci\u00f3n si as\u00ed lo manifiestan.<\/p>\n<p>&nbsp;<\/p>\n<p>&nbsp;<\/p>\n<p>&nbsp;<\/p>\n<p>Respecto de la incorporaci\u00f3n de otros elementos \u2014como el \u201cdistintivo de discapacidad\u201d, la \u201cleyenda relativa a la donaci\u00f3n de \u00f3rganos, tejidos y c\u00e9lulas\u201d y el \u201cnombre en sistema braille\u201d\u2014, se aclar\u00f3 que la Direcci\u00f3n Ejecutiva del Registro Federal de Electores lleve a cabo un an\u00e1lisis permanente, orientado a valorar la pertinencia de incorporarlos en la CPV.<\/p>\n<p><strong>Fecha de publicaci\u00f3n jueves 12 de marzo de 2026<\/strong><\/p>\n","protected":false},"excerpt":{"rendered":"<p>A\u00f1ade INE identidad de g\u00e9nero autopercibida y autoidentificaci\u00f3n\u00a0 en la CPV &nbsp; CIUDAD DE M\u00c9XICO&#8230;.<\/p>\n","protected":false},"author":1,"featured_media":230556,"comment_status":"open","ping_status":"open","sticky":false,"template":"","format":"standard","meta":{"_monsterinsights_skip_tracking":false,"_monsterinsights_sitenote_active":false,"_monsterinsights_sitenote_note":"","_monsterinsights_sitenote_category":0,"footnotes":""},"categories":[5],"tags":[],"class_list":["post"],"yoast_head":" \n<title>Sonora en Equipo. A\u00f1ade INE identidad de g\u00e9nero autopercibida y autoidentificaci\u00f3n\u00a0 en la CPV Rep\u00fablica<\/title>\n<meta name=\"description\" content=\"A\u00f1ade INE identidad de g\u00e9nero autopercibida y autoidentificaci\u00f3n\u00a0 en la CPV &nbsp; CIUDAD DE M\u00c9XICO. \u2014 A partir de junio pr\u00f3ximo, en la Credencial para En Sonora en Equipo publicamos toda la informaci\u00f3n de Sonora, M\u00e9xico y el Mundo de manera oportuna y busca que la libertad de expresi\u00f3n sea real. Visita nuestro medio informativo publicado desde Hermosillo, Sonora. %\" \/>\n<meta name=\"robots\" content=\"index, follow, max-snippet:-1, max-image-preview:large, max-video-preview:-1\" \/>\n<link rel=\"canonical\" href=\"https:\/\/www.sonoraenequipo.com.mx\/anade-ine-identidad-de-genero-autopercibida-y-autoidentificacion-en-la-cpv\/\" \/>\n<meta property=\"og:locale\" content=\"es_ES\" \/>\n<meta property=\"og:type\" content=\"article\" \/>\n<meta property=\"og:title\" content=\"Sonora en Equipo. A\u00f1ade INE identidad de g\u00e9nero autopercibida y autoidentificaci\u00f3n\u00a0 en la CPV Rep\u00fablica\" \/>\n<meta property=\"og:description\" content=\"A\u00f1ade INE identidad de g\u00e9nero autopercibida y autoidentificaci\u00f3n\u00a0 en la CPV &nbsp; CIUDAD DE M\u00c9XICO. \u2014 A partir de junio pr\u00f3ximo, en la Credencial para En Sonora en Equipo publicamos toda la informaci\u00f3n de Sonora, M\u00e9xico y el Mundo de manera oportuna y busca que la libertad de expresi\u00f3n sea real. Visita nuestro medio informativo publicado desde Hermosillo, Sonora. %\" \/>\n<meta property=\"og:url\" content=\"https:\/\/www.sonoraenequipo.com.mx\/anade-ine-identidad-de-genero-autopercibida-y-autoidentificacion-en-la-cpv\/\" \/>\n<meta property=\"og:site_name\" content=\"Sonora en Equipo.\" \/>\n<meta property=\"article:publisher\" content=\"https:\/\/www.facebook.com\/SonoraEE\/\" \/>\n<meta property=\"article:author\" content=\"https:\/\/www.facebook.com\/SonoraEE\" \/>\n<meta property=\"article:published_time\" content=\"2026-03-12T22:59:43+00:00\" \/>\n<meta property=\"og:image\" content=\"https:\/\/www.sonoraenequipo.com.mx\/storage\/2025\/12\/credencial-ine.jpg\" \/>\n\t<meta property=\"og:image:width\" content=\"600\" \/>\n\t<meta property=\"og:image:height\" content=\"400\" \/>\n\t<meta property=\"og:image:type\" content=\"image\/jpeg\" \/>\n<meta name=\"author\" content=\"enequipo\" \/>\n<meta name=\"twitter:card\" content=\"summary_large_image\" \/>\n<meta name=\"twitter:creator\" content=\"@sonoraenequipo\" \/>\n<meta name=\"twitter:site\" content=\"@sonoraenequipo\" \/>\n<meta name=\"twitter:label1\" content=\"Escrito por\" \/>\n\t<meta name=\"twitter:data1\" content=\"enequipo\" \/>\n\t<meta name=\"twitter:label2\" content=\"Tiempo de lectura\" \/>\n\t<meta name=\"twitter:data2\" content=\"3 minutos\" \/>\n<script type=\"application\/ld+json\" class=\"yoast-schema-graph\">{\"@context\":\"https:\/\/schema.org\",\"@graph\":[{\"@type\":\"Article\",\"@id\":\"https:\/\/www.sonoraenequipo.com.mx\/anade-ine-identidad-de-genero-autopercibida-y-autoidentificacion-en-la-cpv\/#article\",\"isPartOf\":{\"@id\":\"https:\/\/www.sonoraenequipo.com.mx\/anade-ine-identidad-de-genero-autopercibida-y-autoidentificacion-en-la-cpv\/\"},\"author\":{\"name\":\"enequipo\",\"@id\":\"https:\/\/www.sonoraenequipo.com.mx\/#\/schema\/person\/50102df0fb23a8fa9e8effad8fa81386\"},\"headline\":\"A\u00f1ade INE identidad de g\u00e9nero autopercibida y autoidentificaci\u00f3n\u00a0 en la CPV\",\"datePublished\":\"2026-03-12T22:59:43+00:00\",\"mainEntityOfPage\":{\"@id\":\"https:\/\/www.sonoraenequipo.com.mx\/anade-ine-identidad-de-genero-autopercibida-y-autoidentificacion-en-la-cpv\/\"},\"wordCount\":672,\"commentCount\":0,\"publisher\":{\"@id\":\"https:\/\/www.sonoraenequipo.com.mx\/#organization\"},\"image\":{\"@id\":\"https:\/\/www.sonoraenequipo.com.mx\/anade-ine-identidad-de-genero-autopercibida-y-autoidentificacion-en-la-cpv\/#primaryimage\"},\"thumbnailUrl\":\"https:\/\/www.sonoraenequipo.com.mx\/storage\/2025\/12\/credencial-ine.jpg\",\"articleSection\":[\"Rep\u00fablica\"],\"inLanguage\":\"es\",\"potentialAction\":[{\"@type\":\"CommentAction\",\"name\":\"Comment\",\"target\":[\"https:\/\/www.sonoraenequipo.com.mx\/anade-ine-identidad-de-genero-autopercibida-y-autoidentificacion-en-la-cpv\/#respond\"]}]},{\"@type\":\"WebPage\",\"@id\":\"https:\/\/www.sonoraenequipo.com.mx\/anade-ine-identidad-de-genero-autopercibida-y-autoidentificacion-en-la-cpv\/\",\"url\":\"https:\/\/www.sonoraenequipo.com.mx\/anade-ine-identidad-de-genero-autopercibida-y-autoidentificacion-en-la-cpv\/\",\"name\":\"Sonora en Equipo. A\u00f1ade INE identidad de g\u00e9nero autopercibida y autoidentificaci\u00f3n\u00a0 en la CPV Rep\u00fablica\",\"isPartOf\":{\"@id\":\"https:\/\/www.sonoraenequipo.com.mx\/#website\"},\"primaryImageOfPage\":{\"@id\":\"https:\/\/www.sonoraenequipo.com.mx\/anade-ine-identidad-de-genero-autopercibida-y-autoidentificacion-en-la-cpv\/#primaryimage\"},\"image\":{\"@id\":\"https:\/\/www.sonoraenequipo.com.mx\/anade-ine-identidad-de-genero-autopercibida-y-autoidentificacion-en-la-cpv\/#primaryimage\"},\"thumbnailUrl\":\"https:\/\/www.sonoraenequipo.com.mx\/storage\/2025\/12\/credencial-ine.jpg\",\"datePublished\":\"2026-03-12T22:59:43+00:00\",\"description\":\"A\u00f1ade INE identidad de g\u00e9nero autopercibida y autoidentificaci\u00f3n\u00a0 en la CPV &nbsp; CIUDAD DE M\u00c9XICO. \u2014 A partir de junio pr\u00f3ximo, en la Credencial para En Sonora en Equipo publicamos toda la informaci\u00f3n de Sonora, M\u00e9xico y el Mundo de manera oportuna y busca que la libertad de expresi\u00f3n sea real. Visita nuestro medio informativo publicado desde Hermosillo, Sonora. %\",\"breadcrumb\":{\"@id\":\"https:\/\/www.sonoraenequipo.com.mx\/anade-ine-identidad-de-genero-autopercibida-y-autoidentificacion-en-la-cpv\/#breadcrumb\"},\"inLanguage\":\"es\",\"potentialAction\":[{\"@type\":\"ReadAction\",\"target\":[\"https:\/\/www.sonoraenequipo.com.mx\/anade-ine-identidad-de-genero-autopercibida-y-autoidentificacion-en-la-cpv\/\"]}]},{\"@type\":\"ImageObject\",\"inLanguage\":\"es\",\"@id\":\"https:\/\/www.sonoraenequipo.com.mx\/anade-ine-identidad-de-genero-autopercibida-y-autoidentificacion-en-la-cpv\/#primaryimage\",\"url\":\"https:\/\/www.sonoraenequipo.com.mx\/storage\/2025\/12\/credencial-ine.jpg\",\"contentUrl\":\"https:\/\/www.sonoraenequipo.com.mx\/storage\/2025\/12\/credencial-ine.jpg\",\"width\":600,\"height\":400},{\"@type\":\"BreadcrumbList\",\"@id\":\"https:\/\/www.sonoraenequipo.com.mx\/anade-ine-identidad-de-genero-autopercibida-y-autoidentificacion-en-la-cpv\/#breadcrumb\",\"itemListElement\":[{\"@type\":\"ListItem\",\"position\":1,\"name\":\"Portada\",\"item\":\"https:\/\/www.sonoraenequipo.com.mx\/\"},{\"@type\":\"ListItem\",\"position\":2,\"name\":\"A\u00f1ade INE identidad de g\u00e9nero autopercibida y autoidentificaci\u00f3n\u00a0 en la CPV\"}]},{\"@type\":\"WebSite\",\"@id\":\"https:\/\/www.sonoraenequipo.com.mx\/#website\",\"url\":\"https:\/\/www.sonoraenequipo.com.mx\/\",\"name\":\"Sonora en Equipo.\",\"description\":\"Diario en l\u00ednea con Noticias desde Hermosillo, Sonora\",\"publisher\":{\"@id\":\"https:\/\/www.sonoraenequipo.com.mx\/#organization\"},\"potentialAction\":[{\"@type\":\"SearchAction\",\"target\":{\"@type\":\"EntryPoint\",\"urlTemplate\":\"https:\/\/www.sonoraenequipo.com.mx\/?s={search_term_string}\"},\"query-input\":{\"@type\":\"PropertyValueSpecification\",\"valueRequired\":true,\"valueName\":\"search_term_string\"}}],\"inLanguage\":\"es\"},{\"@type\":\"Organization\",\"@id\":\"https:\/\/www.sonoraenequipo.com.mx\/#organization\",\"name\":\"Sonoraenequipo.com.mx\",\"url\":\"https:\/\/www.sonoraenequipo.com.mx\/\",\"logo\":{\"@type\":\"ImageObject\",\"inLanguage\":\"es\",\"@id\":\"https:\/\/www.sonoraenequipo.com.mx\/#\/schema\/logo\/image\/\",\"url\":\"https:\/\/www.sonoraenequipo.com.mx\/storage\/2019\/01\/sonoraenequipo_opt.png\",\"contentUrl\":\"https:\/\/www.sonoraenequipo.com.mx\/storage\/2019\/01\/sonoraenequipo_opt.png\",\"width\":375,\"height\":125,\"caption\":\"Sonoraenequipo.com.mx\"},\"image\":{\"@id\":\"https:\/\/www.sonoraenequipo.com.mx\/#\/schema\/logo\/image\/\"},\"sameAs\":[\"https:\/\/www.facebook.com\/SonoraEE\/\",\"https:\/\/x.com\/sonoraenequipo\",\"https:\/\/www.youtube.com\/channel\/UC338nW-lPEYmJQs4ZABQ1SQ\"]},{\"@type\":\"Person\",\"@id\":\"https:\/\/www.sonoraenequipo.com.mx\/#\/schema\/person\/50102df0fb23a8fa9e8effad8fa81386\",\"name\":\"enequipo\",\"image\":{\"@type\":\"ImageObject\",\"inLanguage\":\"es\",\"@id\":\"https:\/\/www.sonoraenequipo.com.mx\/#\/schema\/person\/image\/\",\"url\":\"https:\/\/secure.gravatar.com\/avatar\/049821681b589dabc0bc20695993ccebb09f5b5d4d790cd9251b97faac7c652b?s=96&d=blank&r=g\",\"contentUrl\":\"https:\/\/secure.gravatar.com\/avatar\/049821681b589dabc0bc20695993ccebb09f5b5d4d790cd9251b97faac7c652b?s=96&d=blank&r=g\",\"caption\":\"enequipo\"},\"sameAs\":[\"https:\/\/www.facebook.com\/SonoraEE\"]}]}<\/script>\n ","yoast_head_json":{"title":"Sonora en Equipo. A\u00f1ade INE identidad de g\u00e9nero autopercibida y autoidentificaci\u00f3n\u00a0 en la CPV Rep\u00fablica","description":"A\u00f1ade INE identidad de g\u00e9nero autopercibida y autoidentificaci\u00f3n\u00a0 en la CPV &nbsp; CIUDAD DE M\u00c9XICO. \u2014 A partir de junio pr\u00f3ximo, en la Credencial para En Sonora en Equipo publicamos toda la informaci\u00f3n de Sonora, M\u00e9xico y el Mundo de manera oportuna y busca que la libertad de expresi\u00f3n sea real. Visita nuestro medio informativo publicado desde Hermosillo, Sonora. %","robots":{"index":"index","follow":"follow","max-snippet":"max-snippet:-1","max-image-preview":"max-image-preview:large","max-video-preview":"max-video-preview:-1"},"canonical":"https:\/\/www.sonoraenequipo.com.mx\/anade-ine-identidad-de-genero-autopercibida-y-autoidentificacion-en-la-cpv\/","og_locale":"es_ES","og_type":"article","og_title":"Sonora en Equipo. A\u00f1ade INE identidad de g\u00e9nero autopercibida y autoidentificaci\u00f3n\u00a0 en la CPV Rep\u00fablica","og_description":"A\u00f1ade INE identidad de g\u00e9nero autopercibida y autoidentificaci\u00f3n\u00a0 en la CPV &nbsp; CIUDAD DE M\u00c9XICO. \u2014 A partir de junio pr\u00f3ximo, en la Credencial para En Sonora en Equipo publicamos toda la informaci\u00f3n de Sonora, M\u00e9xico y el Mundo de manera oportuna y busca que la libertad de expresi\u00f3n sea real. Visita nuestro medio informativo publicado desde Hermosillo, Sonora. %","og_url":"https:\/\/www.sonoraenequipo.com.mx\/anade-ine-identidad-de-genero-autopercibida-y-autoidentificacion-en-la-cpv\/","og_site_name":"Sonora en Equipo.","article_publisher":"https:\/\/www.facebook.com\/SonoraEE\/","article_author":"https:\/\/www.facebook.com\/SonoraEE","article_published_time":"2026-03-12T22:59:43+00:00","og_image":[{"width":600,"height":400,"url":"https:\/\/www.sonoraenequipo.com.mx\/storage\/2025\/12\/credencial-ine.jpg","type":"image\/jpeg"}],"author":"enequipo","twitter_card":"summary_large_image","twitter_creator":"@sonoraenequipo","twitter_site":"@sonoraenequipo","twitter_misc":{"Escrito por":"enequipo","Tiempo de lectura":"3 minutos"},"schema":{"@context":"https:\/\/schema.org","@graph":[{"@type":"Article","@id":"https:\/\/www.sonoraenequipo.com.mx\/anade-ine-identidad-de-genero-autopercibida-y-autoidentificacion-en-la-cpv\/#article","isPartOf":{"@id":"https:\/\/www.sonoraenequipo.com.mx\/anade-ine-identidad-de-genero-autopercibida-y-autoidentificacion-en-la-cpv\/"},"author":{"name":"enequipo","@id":"https:\/\/www.sonoraenequipo.com.mx\/#\/schema\/person\/50102df0fb23a8fa9e8effad8fa81386"},"headline":"A\u00f1ade INE identidad de g\u00e9nero autopercibida y autoidentificaci\u00f3n\u00a0 en la CPV","datePublished":"2026-03-12T22:59:43+00:00","mainEntityOfPage":{"@id":"https:\/\/www.sonoraenequipo.com.mx\/anade-ine-identidad-de-genero-autopercibida-y-autoidentificacion-en-la-cpv\/"},"wordCount":672,"commentCount":0,"publisher":{"@id":"https:\/\/www.sonoraenequipo.com.mx\/#organization"},"image":{"@id":"https:\/\/www.sonoraenequipo.com.mx\/anade-ine-identidad-de-genero-autopercibida-y-autoidentificacion-en-la-cpv\/#primaryimage"},"thumbnailUrl":"https:\/\/www.sonoraenequipo.com.mx\/storage\/2025\/12\/credencial-ine.jpg","articleSection":["Rep\u00fablica"],"inLanguage":"es","potentialAction":[{"@type":"CommentAction","name":"Comment","target":["https:\/\/www.sonoraenequipo.com.mx\/anade-ine-identidad-de-genero-autopercibida-y-autoidentificacion-en-la-cpv\/#respond"]}]},{"@type":"WebPage","@id":"https:\/\/www.sonoraenequipo.com.mx\/anade-ine-identidad-de-genero-autopercibida-y-autoidentificacion-en-la-cpv\/","url":"https:\/\/www.sonoraenequipo.com.mx\/anade-ine-identidad-de-genero-autopercibida-y-autoidentificacion-en-la-cpv\/","name":"Sonora en Equipo. A\u00f1ade INE identidad de g\u00e9nero autopercibida y autoidentificaci\u00f3n\u00a0 en la CPV Rep\u00fablica","isPartOf":{"@id":"https:\/\/www.sonoraenequipo.com.mx\/#website"},"primaryImageOfPage":{"@id":"https:\/\/www.sonoraenequipo.com.mx\/anade-ine-identidad-de-genero-autopercibida-y-autoidentificacion-en-la-cpv\/#primaryimage"},"image":{"@id":"https:\/\/www.sonoraenequipo.com.mx\/anade-ine-identidad-de-genero-autopercibida-y-autoidentificacion-en-la-cpv\/#primaryimage"},"thumbnailUrl":"https:\/\/www.sonoraenequipo.com.mx\/storage\/2025\/12\/credencial-ine.jpg","datePublished":"2026-03-12T22:59:43+00:00","description":"A\u00f1ade INE identidad de g\u00e9nero autopercibida y autoidentificaci\u00f3n\u00a0 en la CPV &nbsp; CIUDAD DE M\u00c9XICO. \u2014 A partir de junio pr\u00f3ximo, en la Credencial para En Sonora en Equipo publicamos toda la informaci\u00f3n de Sonora, M\u00e9xico y el Mundo de manera oportuna y busca que la libertad de expresi\u00f3n sea real. Visita nuestro medio informativo publicado desde Hermosillo, Sonora. %","breadcrumb":{"@id":"https:\/\/www.sonoraenequipo.com.mx\/anade-ine-identidad-de-genero-autopercibida-y-autoidentificacion-en-la-cpv\/#breadcrumb"},"inLanguage":"es","potentialAction":[{"@type":"ReadAction","target":["https:\/\/www.sonoraenequipo.com.mx\/anade-ine-identidad-de-genero-autopercibida-y-autoidentificacion-en-la-cpv\/"]}]},{"@type":"ImageObject","inLanguage":"es","@id":"https:\/\/www.sonoraenequipo.com.mx\/anade-ine-identidad-de-genero-autopercibida-y-autoidentificacion-en-la-cpv\/#primaryimage","url":"https:\/\/www.sonoraenequipo.com.mx\/storage\/2025\/12\/credencial-ine.jpg","contentUrl":"https:\/\/www.sonoraenequipo.com.mx\/storage\/2025\/12\/credencial-ine.jpg","width":600,"height":400},{"@type":"BreadcrumbList","@id":"https:\/\/www.sonoraenequipo.com.mx\/anade-ine-identidad-de-genero-autopercibida-y-autoidentificacion-en-la-cpv\/#breadcrumb","itemListElement":[{"@type":"ListItem","position":1,"name":"Portada","item":"https:\/\/www.sonoraenequipo.com.mx\/"},{"@type":"ListItem","position":2,"name":"A\u00f1ade INE identidad de g\u00e9nero autopercibida y autoidentificaci\u00f3n\u00a0 en la CPV"}]},{"@type":"WebSite","@id":"https:\/\/www.sonoraenequipo.com.mx\/#website","url":"https:\/\/www.sonoraenequipo.com.mx\/","name":"Sonora en Equipo.","description":"Diario en l\u00ednea con Noticias desde Hermosillo, Sonora","publisher":{"@id":"https:\/\/www.sonoraenequipo.com.mx\/#organization"},"potentialAction":[{"@type":"SearchAction","target":{"@type":"EntryPoint","urlTemplate":"https:\/\/www.sonoraenequipo.com.mx\/?s={search_term_string}"},"query-input":{"@type":"PropertyValueSpecification","valueRequired":true,"valueName":"search_term_string"}}],"inLanguage":"es"},{"@type":"Organization","@id":"https:\/\/www.sonoraenequipo.com.mx\/#organization","name":"Sonoraenequipo.com.mx","url":"https:\/\/www.sonoraenequipo.com.mx\/","logo":{"@type":"ImageObject","inLanguage":"es","@id":"https:\/\/www.sonoraenequipo.com.mx\/#\/schema\/logo\/image\/","url":"https:\/\/www.sonoraenequipo.com.mx\/storage\/2019\/01\/sonoraenequipo_opt.png","contentUrl":"https:\/\/www.sonoraenequipo.com.mx\/storage\/2019\/01\/sonoraenequipo_opt.png","width":375,"height":125,"caption":"Sonoraenequipo.com.mx"},"image":{"@id":"https:\/\/www.sonoraenequipo.com.mx\/#\/schema\/logo\/image\/"},"sameAs":["https:\/\/www.facebook.com\/SonoraEE\/","https:\/\/x.com\/sonoraenequipo","https:\/\/www.youtube.com\/channel\/UC338nW-lPEYmJQs4ZABQ1SQ"]},{"@type":"Person","@id":"https:\/\/www.sonoraenequipo.com.mx\/#\/schema\/person\/50102df0fb23a8fa9e8effad8fa81386","name":"enequipo","image":{"@type":"ImageObject","inLanguage":"es","@id":"https:\/\/www.sonoraenequipo.com.mx\/#\/schema\/person\/image\/","url":"https:\/\/secure.gravatar.com\/avatar\/049821681b589dabc0bc20695993ccebb09f5b5d4d790cd9251b97faac7c652b?s=96&d=blank&r=g","contentUrl":"https:\/\/secure.gravatar.com\/avatar\/049821681b589dabc0bc20695993ccebb09f5b5d4d790cd9251b97faac7c652b?s=96&d=blank&r=g","caption":"enequipo"},"sameAs":["https:\/\/www.facebook.com\/SonoraEE"]}]}},"jetpack_featured_media_url":"https:\/\/www.sonoraenequipo.com.mx\/storage\/2025\/12\/credencial-ine.jpg","_links":{"self":[{"href":"https:\/\/www.sonoraenequipo.com.mx\/api\/wp\/v2\/posts\/237281","targetHints":{"allow":["GET"]}}],"collection":[{"href":"https:\/\/www.sonoraenequipo.com.mx\/api\/wp\/v2\/posts"}],"about":[{"href":"https:\/\/www.sonoraenequipo.com.mx\/api\/wp\/v2\/types\/post"}],"author":[{"embeddable":true,"href":"https:\/\/www.sonoraenequipo.com.mx\/api\/wp\/v2\/users\/1"}],"replies":[{"embeddable":true,"href":"https:\/\/www.sonoraenequipo.com.mx\/api\/wp\/v2\/comments?post=237281"}],"version-history":[{"count":1,"href":"https:\/\/www.sonoraenequipo.com.mx\/api\/wp\/v2\/posts\/237281\/revisions"}],"predecessor-version":[{"id":237282,"href":"https:\/\/www.sonoraenequipo.com.mx\/api\/wp\/v2\/posts\/237281\/revisions\/237282"}],"wp:featuredmedia":[{"embeddable":true,"href":"https:\/\/www.sonoraenequipo.com.mx\/api\/wp\/v2\/media\/230556"}],"wp:attachment":[{"href":"https:\/\/www.sonoraenequipo.com.mx\/api\/wp\/v2\/media?parent=237281"}],"wp:term":[{"taxonomy":"category","embeddable":true,"href":"https:\/\/www.sonoraenequipo.com.mx\/api\/wp\/v2\/categories?post=237281"},{"taxonomy":"post_tag","embeddable":true,"href":"https:\/\/www.sonoraenequipo.com.mx\/api\/wp\/v2\/tags?post=237281"}],"curies":[{"name":"wp","href":"https:\/\/api.w.org\/{rel}","templated":true}]}}