{"id":237283,"date":"2026-03-12T16:11:23","date_gmt":"2026-03-12T23:11:23","guid":{"rendered":"https:\/\/www.sonoraenequipo.com.mx\/?p=237283"},"modified":"2026-03-12T16:11:23","modified_gmt":"2026-03-12T23:11:23","slug":"instalan-ues-y-sutues-mesa-de-negociacion-para-revision-salarial-2026-sec","status":"publish","type":"post","link":"https:\/\/www.sonoraenequipo.com.mx\/instalan-ues-y-sutues-mesa-de-negociacion-para-revision-salarial-2026-sec\/","title":{"rendered":"Instalan UES y Sutues mesa de negociaci\u00f3n para revisi\u00f3n salarial 2026: SEC"},"content":{"rendered":"<p><strong>HERMOSILLO, SONORA, MX. \u2014<\/strong> En beneficio de la comunidad universitaria y con el respaldo del gobernador Alfonso Durazo Monta\u00f1o, autoridades de la Universidad Estatal de Sonora (UES) y del Sindicato \u00danico de Trabajadores de la UES (Sutues) instalaron la mesa de negociaci\u00f3n de la revisi\u00f3n salarial y contractual 2026.<\/p>\n<p>&nbsp;<\/p>\n<p>&nbsp;<\/p>\n<p>&nbsp;<\/p>\n<p>Durante el inicio de los trabajos, el titular de la Secretar\u00eda de Educaci\u00f3n y Cultura (SEC), Froyl\u00e1n G\u00e1mez Gamboa, enfatiz\u00f3 que el di\u00e1logo siempre ser\u00e1 el camino para fortalecer las instituciones, por lo que refrend\u00f3 el compromiso del Gobierno de Sonora de generar espacios de apertura para construir acuerdos en beneficio de la comunidad universitaria.<\/p>\n<p>&nbsp;<\/p>\n<p>&nbsp;<\/p>\n<p>&nbsp;<\/p>\n<p>Por su parte, la rectora Martha Patricia Pati\u00f1o Fierro se\u00f1al\u00f3 que esta mesa de negociaci\u00f3n representa un ejercicio de responsabilidad compartida que fortalece la vida acad\u00e9mica y administrativa de la UES, y afirm\u00f3 que las autoridades mantendr\u00e1n la misma disposici\u00f3n al di\u00e1logo y a la construcci\u00f3n de consensos que han sostenido desde el inicio de su gesti\u00f3n.<\/p>\n<p>&nbsp;<\/p>\n<p>&nbsp;<\/p>\n<p>&nbsp;<\/p>\n<p>Subray\u00f3 tambi\u00e9n el papel esencial del personal acad\u00e9mico, por su aportaci\u00f3n en la docencia, la investigaci\u00f3n, la extensi\u00f3n y la vinculaci\u00f3n, as\u00ed como del personal administrativo y de servicios, al considerarlos pilares indispensables para el funcionamiento de la universidad, cuyo compromiso, \u00e9tica y responsabilidad dan sustento al trabajo institucional.<\/p>\n<p>&nbsp;<\/p>\n<p>&nbsp;<\/p>\n<p>&nbsp;<\/p>\n<p>En la instalaci\u00f3n de la mesa, tambi\u00e9n participaron el secretario general del Sutues, Edgardo Cota Preciado e integrantes del Comit\u00e9 Sindical; el secretario del Trabajo, David Fernando Soto Alday; Ana Luisa Ch\u00e1vez Haro, en representaci\u00f3n de la Secretar\u00eda de Gobierno y Jos\u00e9 Luis L\u00f3pez Torres, en representaci\u00f3n de la Secretar\u00eda de Hacienda, con el prop\u00f3sito de dar certeza al proceso y acompa\u00f1ar la construcci\u00f3n de acuerdos en apego a la normatividad universitaria y al marco legal aplicable.<\/p>\n<p>&nbsp;<\/p>\n<p>&nbsp;<\/p>\n<p>&nbsp;<\/p>\n<p>La rectora reiter\u00f3 que las autoridades participan en este proceso con respeto, apertura y sentido de realidad, al reconocer tanto las leg\u00edtimas aspiraciones de mejora salarial de las y los trabajadores como las limitaciones del contexto presupuestal. En ese sentido, expres\u00f3 su confianza en que la revisi\u00f3n salarial y contractual 2026 permitir\u00e1 seguir avanzando mediante el di\u00e1logo y agradeci\u00f3 el acompa\u00f1amiento de las dependencias estatales participantes.<\/p>\n<p><strong>Fecha de publicaci\u00f3n jueves 12 de marzo de 2026<\/strong><\/p>\n<p>&nbsp;<\/p>\n","protected":false},"excerpt":{"rendered":"<p>HERMOSILLO, SONORA, MX. \u2014 En beneficio de la comunidad universitaria y con el respaldo del&#8230;<\/p>\n","protected":false},"author":1,"featured_media":237284,"comment_status":"open","ping_status":"open","sticky":false,"template":"","format":"standard","meta":{"_monsterinsights_skip_tracking":false,"_monsterinsights_sitenote_active":false,"_monsterinsights_sitenote_note":"","_monsterinsights_sitenote_category":0,"footnotes":""},"categories":[22],"tags":[12470,833],"class_list":["post"],"yoast_head":" \n<title>Sonora en Equipo. Instalan UES y Sutues mesa de negociaci\u00f3n para revisi\u00f3n salarial 2026: SEC Sonora<\/title>\n<meta name=\"description\" content=\"HERMOSILLO, SONORA, MX. \u2014 En beneficio de la comunidad universitaria y con el respaldo del gobernador Alfonso Durazo Monta\u00f1o, autoridades de la En Sonora en Equipo publicamos toda la informaci\u00f3n de Sonora, M\u00e9xico y el Mundo de manera oportuna y busca que la libertad de expresi\u00f3n sea real. Visita nuestro medio informativo publicado desde Hermosillo, Sonora. %\" \/>\n<meta name=\"robots\" content=\"index, follow, max-snippet:-1, max-image-preview:large, max-video-preview:-1\" \/>\n<link rel=\"canonical\" href=\"https:\/\/www.sonoraenequipo.com.mx\/instalan-ues-y-sutues-mesa-de-negociacion-para-revision-salarial-2026-sec\/\" \/>\n<meta property=\"og:locale\" content=\"es_ES\" \/>\n<meta property=\"og:type\" content=\"article\" \/>\n<meta property=\"og:title\" content=\"Sonora en Equipo. Instalan UES y Sutues mesa de negociaci\u00f3n para revisi\u00f3n salarial 2026: SEC Sonora\" \/>\n<meta property=\"og:description\" content=\"HERMOSILLO, SONORA, MX. \u2014 En beneficio de la comunidad universitaria y con el respaldo del gobernador Alfonso Durazo Monta\u00f1o, autoridades de la En Sonora en Equipo publicamos toda la informaci\u00f3n de Sonora, M\u00e9xico y el Mundo de manera oportuna y busca que la libertad de expresi\u00f3n sea real. Visita nuestro medio informativo publicado desde Hermosillo, Sonora. %\" \/>\n<meta property=\"og:url\" content=\"https:\/\/www.sonoraenequipo.com.mx\/instalan-ues-y-sutues-mesa-de-negociacion-para-revision-salarial-2026-sec\/\" \/>\n<meta property=\"og:site_name\" content=\"Sonora en Equipo.\" \/>\n<meta property=\"article:publisher\" content=\"https:\/\/www.facebook.com\/SonoraEE\/\" \/>\n<meta property=\"article:author\" content=\"https:\/\/www.facebook.com\/SonoraEE\" \/>\n<meta property=\"article:published_time\" content=\"2026-03-12T23:11:23+00:00\" \/>\n<meta property=\"og:image\" content=\"https:\/\/www.sonoraenequipo.com.mx\/storage\/2026\/03\/ues-sutues.jpg\" \/>\n\t<meta property=\"og:image:width\" content=\"600\" \/>\n\t<meta property=\"og:image:height\" content=\"401\" \/>\n\t<meta property=\"og:image:type\" content=\"image\/jpeg\" \/>\n<meta name=\"author\" content=\"enequipo\" \/>\n<meta name=\"twitter:card\" content=\"summary_large_image\" \/>\n<meta name=\"twitter:creator\" content=\"@sonoraenequipo\" \/>\n<meta name=\"twitter:site\" content=\"@sonoraenequipo\" \/>\n<meta name=\"twitter:label1\" content=\"Escrito por\" \/>\n\t<meta name=\"twitter:data1\" content=\"enequipo\" \/>\n\t<meta name=\"twitter:label2\" content=\"Tiempo de lectura\" \/>\n\t<meta name=\"twitter:data2\" content=\"2 minutos\" \/>\n<script type=\"application\/ld+json\" class=\"yoast-schema-graph\">{\"@context\":\"https:\/\/schema.org\",\"@graph\":[{\"@type\":\"Article\",\"@id\":\"https:\/\/www.sonoraenequipo.com.mx\/instalan-ues-y-sutues-mesa-de-negociacion-para-revision-salarial-2026-sec\/#article\",\"isPartOf\":{\"@id\":\"https:\/\/www.sonoraenequipo.com.mx\/instalan-ues-y-sutues-mesa-de-negociacion-para-revision-salarial-2026-sec\/\"},\"author\":{\"name\":\"enequipo\",\"@id\":\"https:\/\/www.sonoraenequipo.com.mx\/#\/schema\/person\/50102df0fb23a8fa9e8effad8fa81386\"},\"headline\":\"Instalan UES y Sutues mesa de negociaci\u00f3n para revisi\u00f3n salarial 2026: SEC\",\"datePublished\":\"2026-03-12T23:11:23+00:00\",\"mainEntityOfPage\":{\"@id\":\"https:\/\/www.sonoraenequipo.com.mx\/instalan-ues-y-sutues-mesa-de-negociacion-para-revision-salarial-2026-sec\/\"},\"wordCount\":425,\"commentCount\":0,\"publisher\":{\"@id\":\"https:\/\/www.sonoraenequipo.com.mx\/#organization\"},\"image\":{\"@id\":\"https:\/\/www.sonoraenequipo.com.mx\/instalan-ues-y-sutues-mesa-de-negociacion-para-revision-salarial-2026-sec\/#primaryimage\"},\"thumbnailUrl\":\"https:\/\/www.sonoraenequipo.com.mx\/storage\/2026\/03\/ues-sutues.jpg\",\"keywords\":[\"sutues\",\"UES\"],\"articleSection\":[\"Sonora\"],\"inLanguage\":\"es\",\"potentialAction\":[{\"@type\":\"CommentAction\",\"name\":\"Comment\",\"target\":[\"https:\/\/www.sonoraenequipo.com.mx\/instalan-ues-y-sutues-mesa-de-negociacion-para-revision-salarial-2026-sec\/#respond\"]}]},{\"@type\":\"WebPage\",\"@id\":\"https:\/\/www.sonoraenequipo.com.mx\/instalan-ues-y-sutues-mesa-de-negociacion-para-revision-salarial-2026-sec\/\",\"url\":\"https:\/\/www.sonoraenequipo.com.mx\/instalan-ues-y-sutues-mesa-de-negociacion-para-revision-salarial-2026-sec\/\",\"name\":\"Sonora en Equipo. Instalan UES y Sutues mesa de negociaci\u00f3n para revisi\u00f3n salarial 2026: SEC Sonora\",\"isPartOf\":{\"@id\":\"https:\/\/www.sonoraenequipo.com.mx\/#website\"},\"primaryImageOfPage\":{\"@id\":\"https:\/\/www.sonoraenequipo.com.mx\/instalan-ues-y-sutues-mesa-de-negociacion-para-revision-salarial-2026-sec\/#primaryimage\"},\"image\":{\"@id\":\"https:\/\/www.sonoraenequipo.com.mx\/instalan-ues-y-sutues-mesa-de-negociacion-para-revision-salarial-2026-sec\/#primaryimage\"},\"thumbnailUrl\":\"https:\/\/www.sonoraenequipo.com.mx\/storage\/2026\/03\/ues-sutues.jpg\",\"datePublished\":\"2026-03-12T23:11:23+00:00\",\"description\":\"HERMOSILLO, SONORA, MX. \u2014 En beneficio de la comunidad universitaria y con el respaldo del gobernador Alfonso Durazo Monta\u00f1o, autoridades de la En Sonora en Equipo publicamos toda la informaci\u00f3n de Sonora, M\u00e9xico y el Mundo de manera oportuna y busca que la libertad de expresi\u00f3n sea real. Visita nuestro medio informativo publicado desde Hermosillo, Sonora. %\",\"breadcrumb\":{\"@id\":\"https:\/\/www.sonoraenequipo.com.mx\/instalan-ues-y-sutues-mesa-de-negociacion-para-revision-salarial-2026-sec\/#breadcrumb\"},\"inLanguage\":\"es\",\"potentialAction\":[{\"@type\":\"ReadAction\",\"target\":[\"https:\/\/www.sonoraenequipo.com.mx\/instalan-ues-y-sutues-mesa-de-negociacion-para-revision-salarial-2026-sec\/\"]}]},{\"@type\":\"ImageObject\",\"inLanguage\":\"es\",\"@id\":\"https:\/\/www.sonoraenequipo.com.mx\/instalan-ues-y-sutues-mesa-de-negociacion-para-revision-salarial-2026-sec\/#primaryimage\",\"url\":\"https:\/\/www.sonoraenequipo.com.mx\/storage\/2026\/03\/ues-sutues.jpg\",\"contentUrl\":\"https:\/\/www.sonoraenequipo.com.mx\/storage\/2026\/03\/ues-sutues.jpg\",\"width\":600,\"height\":401},{\"@type\":\"BreadcrumbList\",\"@id\":\"https:\/\/www.sonoraenequipo.com.mx\/instalan-ues-y-sutues-mesa-de-negociacion-para-revision-salarial-2026-sec\/#breadcrumb\",\"itemListElement\":[{\"@type\":\"ListItem\",\"position\":1,\"name\":\"Portada\",\"item\":\"https:\/\/www.sonoraenequipo.com.mx\/\"},{\"@type\":\"ListItem\",\"position\":2,\"name\":\"Instalan UES y Sutues mesa de negociaci\u00f3n para revisi\u00f3n salarial 2026: SEC\"}]},{\"@type\":\"WebSite\",\"@id\":\"https:\/\/www.sonoraenequipo.com.mx\/#website\",\"url\":\"https:\/\/www.sonoraenequipo.com.mx\/\",\"name\":\"Sonora en Equipo.\",\"description\":\"Diario en l\u00ednea con Noticias desde Hermosillo, Sonora\",\"publisher\":{\"@id\":\"https:\/\/www.sonoraenequipo.com.mx\/#organization\"},\"potentialAction\":[{\"@type\":\"SearchAction\",\"target\":{\"@type\":\"EntryPoint\",\"urlTemplate\":\"https:\/\/www.sonoraenequipo.com.mx\/?s={search_term_string}\"},\"query-input\":{\"@type\":\"PropertyValueSpecification\",\"valueRequired\":true,\"valueName\":\"search_term_string\"}}],\"inLanguage\":\"es\"},{\"@type\":\"Organization\",\"@id\":\"https:\/\/www.sonoraenequipo.com.mx\/#organization\",\"name\":\"Sonoraenequipo.com.mx\",\"url\":\"https:\/\/www.sonoraenequipo.com.mx\/\",\"logo\":{\"@type\":\"ImageObject\",\"inLanguage\":\"es\",\"@id\":\"https:\/\/www.sonoraenequipo.com.mx\/#\/schema\/logo\/image\/\",\"url\":\"https:\/\/www.sonoraenequipo.com.mx\/storage\/2019\/01\/sonoraenequipo_opt.png\",\"contentUrl\":\"https:\/\/www.sonoraenequipo.com.mx\/storage\/2019\/01\/sonoraenequipo_opt.png\",\"width\":375,\"height\":125,\"caption\":\"Sonoraenequipo.com.mx\"},\"image\":{\"@id\":\"https:\/\/www.sonoraenequipo.com.mx\/#\/schema\/logo\/image\/\"},\"sameAs\":[\"https:\/\/www.facebook.com\/SonoraEE\/\",\"https:\/\/x.com\/sonoraenequipo\",\"https:\/\/www.youtube.com\/channel\/UC338nW-lPEYmJQs4ZABQ1SQ\"]},{\"@type\":\"Person\",\"@id\":\"https:\/\/www.sonoraenequipo.com.mx\/#\/schema\/person\/50102df0fb23a8fa9e8effad8fa81386\",\"name\":\"enequipo\",\"image\":{\"@type\":\"ImageObject\",\"inLanguage\":\"es\",\"@id\":\"https:\/\/www.sonoraenequipo.com.mx\/#\/schema\/person\/image\/\",\"url\":\"https:\/\/secure.gravatar.com\/avatar\/049821681b589dabc0bc20695993ccebb09f5b5d4d790cd9251b97faac7c652b?s=96&d=blank&r=g\",\"contentUrl\":\"https:\/\/secure.gravatar.com\/avatar\/049821681b589dabc0bc20695993ccebb09f5b5d4d790cd9251b97faac7c652b?s=96&d=blank&r=g\",\"caption\":\"enequipo\"},\"sameAs\":[\"https:\/\/www.facebook.com\/SonoraEE\"]}]}<\/script>\n ","yoast_head_json":{"title":"Sonora en Equipo. Instalan UES y Sutues mesa de negociaci\u00f3n para revisi\u00f3n salarial 2026: SEC Sonora","description":"HERMOSILLO, SONORA, MX. \u2014 En beneficio de la comunidad universitaria y con el respaldo del gobernador Alfonso Durazo Monta\u00f1o, autoridades de la En Sonora en Equipo publicamos toda la informaci\u00f3n de Sonora, M\u00e9xico y el Mundo de manera oportuna y busca que la libertad de expresi\u00f3n sea real. Visita nuestro medio informativo publicado desde Hermosillo, Sonora. %","robots":{"index":"index","follow":"follow","max-snippet":"max-snippet:-1","max-image-preview":"max-image-preview:large","max-video-preview":"max-video-preview:-1"},"canonical":"https:\/\/www.sonoraenequipo.com.mx\/instalan-ues-y-sutues-mesa-de-negociacion-para-revision-salarial-2026-sec\/","og_locale":"es_ES","og_type":"article","og_title":"Sonora en Equipo. Instalan UES y Sutues mesa de negociaci\u00f3n para revisi\u00f3n salarial 2026: SEC Sonora","og_description":"HERMOSILLO, SONORA, MX. \u2014 En beneficio de la comunidad universitaria y con el respaldo del gobernador Alfonso Durazo Monta\u00f1o, autoridades de la En Sonora en Equipo publicamos toda la informaci\u00f3n de Sonora, M\u00e9xico y el Mundo de manera oportuna y busca que la libertad de expresi\u00f3n sea real. Visita nuestro medio informativo publicado desde Hermosillo, Sonora. %","og_url":"https:\/\/www.sonoraenequipo.com.mx\/instalan-ues-y-sutues-mesa-de-negociacion-para-revision-salarial-2026-sec\/","og_site_name":"Sonora en Equipo.","article_publisher":"https:\/\/www.facebook.com\/SonoraEE\/","article_author":"https:\/\/www.facebook.com\/SonoraEE","article_published_time":"2026-03-12T23:11:23+00:00","og_image":[{"width":600,"height":401,"url":"https:\/\/www.sonoraenequipo.com.mx\/storage\/2026\/03\/ues-sutues.jpg","type":"image\/jpeg"}],"author":"enequipo","twitter_card":"summary_large_image","twitter_creator":"@sonoraenequipo","twitter_site":"@sonoraenequipo","twitter_misc":{"Escrito por":"enequipo","Tiempo de lectura":"2 minutos"},"schema":{"@context":"https:\/\/schema.org","@graph":[{"@type":"Article","@id":"https:\/\/www.sonoraenequipo.com.mx\/instalan-ues-y-sutues-mesa-de-negociacion-para-revision-salarial-2026-sec\/#article","isPartOf":{"@id":"https:\/\/www.sonoraenequipo.com.mx\/instalan-ues-y-sutues-mesa-de-negociacion-para-revision-salarial-2026-sec\/"},"author":{"name":"enequipo","@id":"https:\/\/www.sonoraenequipo.com.mx\/#\/schema\/person\/50102df0fb23a8fa9e8effad8fa81386"},"headline":"Instalan UES y Sutues mesa de negociaci\u00f3n para revisi\u00f3n salarial 2026: SEC","datePublished":"2026-03-12T23:11:23+00:00","mainEntityOfPage":{"@id":"https:\/\/www.sonoraenequipo.com.mx\/instalan-ues-y-sutues-mesa-de-negociacion-para-revision-salarial-2026-sec\/"},"wordCount":425,"commentCount":0,"publisher":{"@id":"https:\/\/www.sonoraenequipo.com.mx\/#organization"},"image":{"@id":"https:\/\/www.sonoraenequipo.com.mx\/instalan-ues-y-sutues-mesa-de-negociacion-para-revision-salarial-2026-sec\/#primaryimage"},"thumbnailUrl":"https:\/\/www.sonoraenequipo.com.mx\/storage\/2026\/03\/ues-sutues.jpg","keywords":["sutues","UES"],"articleSection":["Sonora"],"inLanguage":"es","potentialAction":[{"@type":"CommentAction","name":"Comment","target":["https:\/\/www.sonoraenequipo.com.mx\/instalan-ues-y-sutues-mesa-de-negociacion-para-revision-salarial-2026-sec\/#respond"]}]},{"@type":"WebPage","@id":"https:\/\/www.sonoraenequipo.com.mx\/instalan-ues-y-sutues-mesa-de-negociacion-para-revision-salarial-2026-sec\/","url":"https:\/\/www.sonoraenequipo.com.mx\/instalan-ues-y-sutues-mesa-de-negociacion-para-revision-salarial-2026-sec\/","name":"Sonora en Equipo. Instalan UES y Sutues mesa de negociaci\u00f3n para revisi\u00f3n salarial 2026: SEC Sonora","isPartOf":{"@id":"https:\/\/www.sonoraenequipo.com.mx\/#website"},"primaryImageOfPage":{"@id":"https:\/\/www.sonoraenequipo.com.mx\/instalan-ues-y-sutues-mesa-de-negociacion-para-revision-salarial-2026-sec\/#primaryimage"},"image":{"@id":"https:\/\/www.sonoraenequipo.com.mx\/instalan-ues-y-sutues-mesa-de-negociacion-para-revision-salarial-2026-sec\/#primaryimage"},"thumbnailUrl":"https:\/\/www.sonoraenequipo.com.mx\/storage\/2026\/03\/ues-sutues.jpg","datePublished":"2026-03-12T23:11:23+00:00","description":"HERMOSILLO, SONORA, MX. \u2014 En beneficio de la comunidad universitaria y con el respaldo del gobernador Alfonso Durazo Monta\u00f1o, autoridades de la En Sonora en Equipo publicamos toda la informaci\u00f3n de Sonora, M\u00e9xico y el Mundo de manera oportuna y busca que la libertad de expresi\u00f3n sea real. Visita nuestro medio informativo publicado desde Hermosillo, Sonora. %","breadcrumb":{"@id":"https:\/\/www.sonoraenequipo.com.mx\/instalan-ues-y-sutues-mesa-de-negociacion-para-revision-salarial-2026-sec\/#breadcrumb"},"inLanguage":"es","potentialAction":[{"@type":"ReadAction","target":["https:\/\/www.sonoraenequipo.com.mx\/instalan-ues-y-sutues-mesa-de-negociacion-para-revision-salarial-2026-sec\/"]}]},{"@type":"ImageObject","inLanguage":"es","@id":"https:\/\/www.sonoraenequipo.com.mx\/instalan-ues-y-sutues-mesa-de-negociacion-para-revision-salarial-2026-sec\/#primaryimage","url":"https:\/\/www.sonoraenequipo.com.mx\/storage\/2026\/03\/ues-sutues.jpg","contentUrl":"https:\/\/www.sonoraenequipo.com.mx\/storage\/2026\/03\/ues-sutues.jpg","width":600,"height":401},{"@type":"BreadcrumbList","@id":"https:\/\/www.sonoraenequipo.com.mx\/instalan-ues-y-sutues-mesa-de-negociacion-para-revision-salarial-2026-sec\/#breadcrumb","itemListElement":[{"@type":"ListItem","position":1,"name":"Portada","item":"https:\/\/www.sonoraenequipo.com.mx\/"},{"@type":"ListItem","position":2,"name":"Instalan UES y Sutues mesa de negociaci\u00f3n para revisi\u00f3n salarial 2026: SEC"}]},{"@type":"WebSite","@id":"https:\/\/www.sonoraenequipo.com.mx\/#website","url":"https:\/\/www.sonoraenequipo.com.mx\/","name":"Sonora en Equipo.","description":"Diario en l\u00ednea con Noticias desde Hermosillo, Sonora","publisher":{"@id":"https:\/\/www.sonoraenequipo.com.mx\/#organization"},"potentialAction":[{"@type":"SearchAction","target":{"@type":"EntryPoint","urlTemplate":"https:\/\/www.sonoraenequipo.com.mx\/?s={search_term_string}"},"query-input":{"@type":"PropertyValueSpecification","valueRequired":true,"valueName":"search_term_string"}}],"inLanguage":"es"},{"@type":"Organization","@id":"https:\/\/www.sonoraenequipo.com.mx\/#organization","name":"Sonoraenequipo.com.mx","url":"https:\/\/www.sonoraenequipo.com.mx\/","logo":{"@type":"ImageObject","inLanguage":"es","@id":"https:\/\/www.sonoraenequipo.com.mx\/#\/schema\/logo\/image\/","url":"https:\/\/www.sonoraenequipo.com.mx\/storage\/2019\/01\/sonoraenequipo_opt.png","contentUrl":"https:\/\/www.sonoraenequipo.com.mx\/storage\/2019\/01\/sonoraenequipo_opt.png","width":375,"height":125,"caption":"Sonoraenequipo.com.mx"},"image":{"@id":"https:\/\/www.sonoraenequipo.com.mx\/#\/schema\/logo\/image\/"},"sameAs":["https:\/\/www.facebook.com\/SonoraEE\/","https:\/\/x.com\/sonoraenequipo","https:\/\/www.youtube.com\/channel\/UC338nW-lPEYmJQs4ZABQ1SQ"]},{"@type":"Person","@id":"https:\/\/www.sonoraenequipo.com.mx\/#\/schema\/person\/50102df0fb23a8fa9e8effad8fa81386","name":"enequipo","image":{"@type":"ImageObject","inLanguage":"es","@id":"https:\/\/www.sonoraenequipo.com.mx\/#\/schema\/person\/image\/","url":"https:\/\/secure.gravatar.com\/avatar\/049821681b589dabc0bc20695993ccebb09f5b5d4d790cd9251b97faac7c652b?s=96&d=blank&r=g","contentUrl":"https:\/\/secure.gravatar.com\/avatar\/049821681b589dabc0bc20695993ccebb09f5b5d4d790cd9251b97faac7c652b?s=96&d=blank&r=g","caption":"enequipo"},"sameAs":["https:\/\/www.facebook.com\/SonoraEE"]}]}},"jetpack_featured_media_url":"https:\/\/www.sonoraenequipo.com.mx\/storage\/2026\/03\/ues-sutues.jpg","_links":{"self":[{"href":"https:\/\/www.sonoraenequipo.com.mx\/api\/wp\/v2\/posts\/237283","targetHints":{"allow":["GET"]}}],"collection":[{"href":"https:\/\/www.sonoraenequipo.com.mx\/api\/wp\/v2\/posts"}],"about":[{"href":"https:\/\/www.sonoraenequipo.com.mx\/api\/wp\/v2\/types\/post"}],"author":[{"embeddable":true,"href":"https:\/\/www.sonoraenequipo.com.mx\/api\/wp\/v2\/users\/1"}],"replies":[{"embeddable":true,"href":"https:\/\/www.sonoraenequipo.com.mx\/api\/wp\/v2\/comments?post=237283"}],"version-history":[{"count":1,"href":"https:\/\/www.sonoraenequipo.com.mx\/api\/wp\/v2\/posts\/237283\/revisions"}],"predecessor-version":[{"id":237285,"href":"https:\/\/www.sonoraenequipo.com.mx\/api\/wp\/v2\/posts\/237283\/revisions\/237285"}],"wp:featuredmedia":[{"embeddable":true,"href":"https:\/\/www.sonoraenequipo.com.mx\/api\/wp\/v2\/media\/237284"}],"wp:attachment":[{"href":"https:\/\/www.sonoraenequipo.com.mx\/api\/wp\/v2\/media?parent=237283"}],"wp:term":[{"taxonomy":"category","embeddable":true,"href":"https:\/\/www.sonoraenequipo.com.mx\/api\/wp\/v2\/categories?post=237283"},{"taxonomy":"post_tag","embeddable":true,"href":"https:\/\/www.sonoraenequipo.com.mx\/api\/wp\/v2\/tags?post=237283"}],"curies":[{"name":"wp","href":"https:\/\/api.w.org\/{rel}","templated":true}]}}