{"id":237296,"date":"2026-03-12T18:33:59","date_gmt":"2026-03-13T01:33:59","guid":{"rendered":"https:\/\/www.sonoraenequipo.com.mx\/?p=237296"},"modified":"2026-03-12T18:34:16","modified_gmt":"2026-03-13T01:34:16","slug":"no-imputan-a-exfuncionarios-del-ayuntamiento-por-incendio-de-waldos-en-hermosillo","status":"publish","type":"post","link":"https:\/\/www.sonoraenequipo.com.mx\/no-imputan-a-exfuncionarios-del-ayuntamiento-por-incendio-de-waldos-en-hermosillo\/","title":{"rendered":"No Imputan a Exfuncionarios del Ayuntamiento por Incendio de Waldo\u00b4s en Hermosillo"},"content":{"rendered":"<p><strong>HERMOSILLO, SONORA. MX. \u2014<\/strong> La Fiscal\u00eda General de Justicia de Sonora interpondr\u00e1 un recurso de apelaci\u00f3n contra la resoluci\u00f3n judicial que determin\u00f3 no vincular a proceso a dos exfuncionarios del Ayuntamiento de Hermosillo relacionados con el caso del incendio de un comercio, donde el 1 de noviembre de 2025 murieron 24 personas y otras 15 resultaron lesionadas en el Centro de la ciudad.<\/p>\n<p>&nbsp;<\/p>\n<p>&nbsp;<\/p>\n<p> <\/p>\n<p>La decisi\u00f3n del juez se dio durante una audiencia en la que se resolvi\u00f3 no proceder penalmente contra Jos\u00e9 Mart\u00edn \u201cN\u201d, al considerar que la acci\u00f3n penal se encontraba prescrita. Sin embargo, la Fiscal\u00eda manifest\u00f3 su desacuerdo con ese criterio, al sostener que el plazo legal debe contarse a partir de la fecha en que ocurri\u00f3 el hecho y no desde el momento en que el imputado emiti\u00f3 el dictamen correspondiente, por lo que asegura que la acci\u00f3n penal sigue vigente.<\/p>\n<p>&nbsp;<\/p>\n<p>&nbsp;<\/p>\n<h3>Podr\u00edan presentar una nueva imputaci\u00f3n<\/h3>\n<p>&nbsp;<\/p>\n<p>En el caso de Jos\u00e9 \u201cN\u201d y Ernesto \u201cN\u201d, el \u00f3rgano jurisdiccional tom\u00f3 en cuenta aspectos jur\u00eddicos relacionados con la aplicaci\u00f3n del Reglamento de Ordenamiento, Desarrollo Urbano y del Espacio P\u00fablico de Hermosillo, el cual fue modificado posteriormente.<\/p>\n<p>&nbsp;<\/p>\n<p>&nbsp;<\/p>\n<p>La Fiscal\u00eda considera que debi\u00f3 aplicarse la normatividad anterior, al ser la que estaba vigente cuando ambos servidores p\u00fablicos desempe\u00f1aban sus funciones.<\/p>\n<p>&nbsp;<\/p>\n<p>&nbsp;<\/p>\n<p>Dentro de la resoluci\u00f3n, el juez dej\u00f3 a salvo el derecho de la Fiscal\u00eda para presentar una nueva imputaci\u00f3n, lo que permitir\u00e1 realizar adecuaciones jur\u00eddicas en el caso conforme al an\u00e1lisis de la investigaci\u00f3n.<\/p>\n<p>&nbsp;<\/p>\n<p>&nbsp;<\/p>\n<p>PUBLICADO EL 12 DE MARZO 2026 Con informaci\u00f3n de N+)<\/p>\n","protected":false},"excerpt":{"rendered":"<p>HERMOSILLO, SONORA. MX. \u2014 La Fiscal\u00eda General de Justicia de Sonora interpondr\u00e1 un recurso de&#8230;<\/p>\n","protected":false},"author":1,"featured_media":237297,"comment_status":"open","ping_status":"open","sticky":false,"template":"","format":"standard","meta":{"_monsterinsights_skip_tracking":false,"_monsterinsights_sitenote_active":false,"_monsterinsights_sitenote_note":"","_monsterinsights_sitenote_category":0,"footnotes":""},"categories":[22],"tags":[],"class_list":["post"],"yoast_head":" \n<title>Sonora en Equipo. No Imputan a Exfuncionarios del Ayuntamiento por Incendio de Waldo\u00b4s en Hermosillo Sonora<\/title>\n<meta name=\"description\" content=\"HERMOSILLO, SONORA. MX. \u2014 La Fiscal\u00eda General de Justicia de Sonora interpondr\u00e1 un recurso de apelaci\u00f3n contra la resoluci\u00f3n judicial que determin\u00f3 no En Sonora en Equipo publicamos toda la informaci\u00f3n de Sonora, M\u00e9xico y el Mundo de manera oportuna y busca que la libertad de expresi\u00f3n sea real. Visita nuestro medio informativo publicado desde Hermosillo, Sonora. %\" \/>\n<meta name=\"robots\" content=\"index, follow, max-snippet:-1, max-image-preview:large, max-video-preview:-1\" \/>\n<link rel=\"canonical\" href=\"https:\/\/www.sonoraenequipo.com.mx\/no-imputan-a-exfuncionarios-del-ayuntamiento-por-incendio-de-waldos-en-hermosillo\/\" \/>\n<meta property=\"og:locale\" content=\"es_ES\" \/>\n<meta property=\"og:type\" content=\"article\" \/>\n<meta property=\"og:title\" content=\"Sonora en Equipo. No Imputan a Exfuncionarios del Ayuntamiento por Incendio de Waldo\u00b4s en Hermosillo Sonora\" \/>\n<meta property=\"og:description\" content=\"HERMOSILLO, SONORA. MX. \u2014 La Fiscal\u00eda General de Justicia de Sonora interpondr\u00e1 un recurso de apelaci\u00f3n contra la resoluci\u00f3n judicial que determin\u00f3 no En Sonora en Equipo publicamos toda la informaci\u00f3n de Sonora, M\u00e9xico y el Mundo de manera oportuna y busca que la libertad de expresi\u00f3n sea real. Visita nuestro medio informativo publicado desde Hermosillo, Sonora. %\" \/>\n<meta property=\"og:url\" content=\"https:\/\/www.sonoraenequipo.com.mx\/no-imputan-a-exfuncionarios-del-ayuntamiento-por-incendio-de-waldos-en-hermosillo\/\" \/>\n<meta property=\"og:site_name\" content=\"Sonora en Equipo.\" \/>\n<meta property=\"article:publisher\" content=\"https:\/\/www.facebook.com\/SonoraEE\/\" \/>\n<meta property=\"article:author\" content=\"https:\/\/www.facebook.com\/SonoraEE\" \/>\n<meta property=\"article:published_time\" content=\"2026-03-13T01:33:59+00:00\" \/>\n<meta property=\"article:modified_time\" content=\"2026-03-13T01:34:16+00:00\" \/>\n<meta property=\"og:image\" content=\"https:\/\/www.sonoraenequipo.com.mx\/storage\/2026\/03\/Caso-Waldos-Hermosillo-Sonora.jpg\" \/>\n\t<meta property=\"og:image:width\" content=\"1024\" \/>\n\t<meta property=\"og:image:height\" content=\"576\" \/>\n\t<meta property=\"og:image:type\" content=\"image\/jpeg\" \/>\n<meta name=\"author\" content=\"enequipo\" \/>\n<meta name=\"twitter:card\" content=\"summary_large_image\" \/>\n<meta name=\"twitter:creator\" content=\"@sonoraenequipo\" \/>\n<meta name=\"twitter:site\" content=\"@sonoraenequipo\" \/>\n<meta name=\"twitter:label1\" content=\"Escrito por\" \/>\n\t<meta name=\"twitter:data1\" content=\"enequipo\" \/>\n\t<meta name=\"twitter:label2\" content=\"Tiempo de lectura\" \/>\n\t<meta name=\"twitter:data2\" content=\"1 minuto\" \/>\n<script type=\"application\/ld+json\" class=\"yoast-schema-graph\">{\"@context\":\"https:\/\/schema.org\",\"@graph\":[{\"@type\":\"Article\",\"@id\":\"https:\/\/www.sonoraenequipo.com.mx\/no-imputan-a-exfuncionarios-del-ayuntamiento-por-incendio-de-waldos-en-hermosillo\/#article\",\"isPartOf\":{\"@id\":\"https:\/\/www.sonoraenequipo.com.mx\/no-imputan-a-exfuncionarios-del-ayuntamiento-por-incendio-de-waldos-en-hermosillo\/\"},\"author\":{\"name\":\"enequipo\",\"@id\":\"https:\/\/www.sonoraenequipo.com.mx\/#\/schema\/person\/50102df0fb23a8fa9e8effad8fa81386\"},\"headline\":\"No Imputan a Exfuncionarios del Ayuntamiento por Incendio de Waldo\u00b4s en Hermosillo\",\"datePublished\":\"2026-03-13T01:33:59+00:00\",\"dateModified\":\"2026-03-13T01:34:16+00:00\",\"mainEntityOfPage\":{\"@id\":\"https:\/\/www.sonoraenequipo.com.mx\/no-imputan-a-exfuncionarios-del-ayuntamiento-por-incendio-de-waldos-en-hermosillo\/\"},\"wordCount\":293,\"commentCount\":0,\"publisher\":{\"@id\":\"https:\/\/www.sonoraenequipo.com.mx\/#organization\"},\"image\":{\"@id\":\"https:\/\/www.sonoraenequipo.com.mx\/no-imputan-a-exfuncionarios-del-ayuntamiento-por-incendio-de-waldos-en-hermosillo\/#primaryimage\"},\"thumbnailUrl\":\"https:\/\/www.sonoraenequipo.com.mx\/storage\/2026\/03\/Caso-Waldos-Hermosillo-Sonora.jpg\",\"articleSection\":[\"Sonora\"],\"inLanguage\":\"es\",\"potentialAction\":[{\"@type\":\"CommentAction\",\"name\":\"Comment\",\"target\":[\"https:\/\/www.sonoraenequipo.com.mx\/no-imputan-a-exfuncionarios-del-ayuntamiento-por-incendio-de-waldos-en-hermosillo\/#respond\"]}]},{\"@type\":\"WebPage\",\"@id\":\"https:\/\/www.sonoraenequipo.com.mx\/no-imputan-a-exfuncionarios-del-ayuntamiento-por-incendio-de-waldos-en-hermosillo\/\",\"url\":\"https:\/\/www.sonoraenequipo.com.mx\/no-imputan-a-exfuncionarios-del-ayuntamiento-por-incendio-de-waldos-en-hermosillo\/\",\"name\":\"Sonora en Equipo. No Imputan a Exfuncionarios del Ayuntamiento por Incendio de Waldo\u00b4s en Hermosillo Sonora\",\"isPartOf\":{\"@id\":\"https:\/\/www.sonoraenequipo.com.mx\/#website\"},\"primaryImageOfPage\":{\"@id\":\"https:\/\/www.sonoraenequipo.com.mx\/no-imputan-a-exfuncionarios-del-ayuntamiento-por-incendio-de-waldos-en-hermosillo\/#primaryimage\"},\"image\":{\"@id\":\"https:\/\/www.sonoraenequipo.com.mx\/no-imputan-a-exfuncionarios-del-ayuntamiento-por-incendio-de-waldos-en-hermosillo\/#primaryimage\"},\"thumbnailUrl\":\"https:\/\/www.sonoraenequipo.com.mx\/storage\/2026\/03\/Caso-Waldos-Hermosillo-Sonora.jpg\",\"datePublished\":\"2026-03-13T01:33:59+00:00\",\"dateModified\":\"2026-03-13T01:34:16+00:00\",\"description\":\"HERMOSILLO, SONORA. MX. \u2014 La Fiscal\u00eda General de Justicia de Sonora interpondr\u00e1 un recurso de apelaci\u00f3n contra la resoluci\u00f3n judicial que determin\u00f3 no En Sonora en Equipo publicamos toda la informaci\u00f3n de Sonora, M\u00e9xico y el Mundo de manera oportuna y busca que la libertad de expresi\u00f3n sea real. Visita nuestro medio informativo publicado desde Hermosillo, Sonora. %\",\"breadcrumb\":{\"@id\":\"https:\/\/www.sonoraenequipo.com.mx\/no-imputan-a-exfuncionarios-del-ayuntamiento-por-incendio-de-waldos-en-hermosillo\/#breadcrumb\"},\"inLanguage\":\"es\",\"potentialAction\":[{\"@type\":\"ReadAction\",\"target\":[\"https:\/\/www.sonoraenequipo.com.mx\/no-imputan-a-exfuncionarios-del-ayuntamiento-por-incendio-de-waldos-en-hermosillo\/\"]}]},{\"@type\":\"ImageObject\",\"inLanguage\":\"es\",\"@id\":\"https:\/\/www.sonoraenequipo.com.mx\/no-imputan-a-exfuncionarios-del-ayuntamiento-por-incendio-de-waldos-en-hermosillo\/#primaryimage\",\"url\":\"https:\/\/www.sonoraenequipo.com.mx\/storage\/2026\/03\/Caso-Waldos-Hermosillo-Sonora.jpg\",\"contentUrl\":\"https:\/\/www.sonoraenequipo.com.mx\/storage\/2026\/03\/Caso-Waldos-Hermosillo-Sonora.jpg\",\"width\":1024,\"height\":576},{\"@type\":\"BreadcrumbList\",\"@id\":\"https:\/\/www.sonoraenequipo.com.mx\/no-imputan-a-exfuncionarios-del-ayuntamiento-por-incendio-de-waldos-en-hermosillo\/#breadcrumb\",\"itemListElement\":[{\"@type\":\"ListItem\",\"position\":1,\"name\":\"Portada\",\"item\":\"https:\/\/www.sonoraenequipo.com.mx\/\"},{\"@type\":\"ListItem\",\"position\":2,\"name\":\"No Imputan a Exfuncionarios del Ayuntamiento por Incendio de Waldo\u00b4s en Hermosillo\"}]},{\"@type\":\"WebSite\",\"@id\":\"https:\/\/www.sonoraenequipo.com.mx\/#website\",\"url\":\"https:\/\/www.sonoraenequipo.com.mx\/\",\"name\":\"Sonora en Equipo.\",\"description\":\"Diario en l\u00ednea con Noticias desde Hermosillo, Sonora\",\"publisher\":{\"@id\":\"https:\/\/www.sonoraenequipo.com.mx\/#organization\"},\"potentialAction\":[{\"@type\":\"SearchAction\",\"target\":{\"@type\":\"EntryPoint\",\"urlTemplate\":\"https:\/\/www.sonoraenequipo.com.mx\/?s={search_term_string}\"},\"query-input\":{\"@type\":\"PropertyValueSpecification\",\"valueRequired\":true,\"valueName\":\"search_term_string\"}}],\"inLanguage\":\"es\"},{\"@type\":\"Organization\",\"@id\":\"https:\/\/www.sonoraenequipo.com.mx\/#organization\",\"name\":\"Sonoraenequipo.com.mx\",\"url\":\"https:\/\/www.sonoraenequipo.com.mx\/\",\"logo\":{\"@type\":\"ImageObject\",\"inLanguage\":\"es\",\"@id\":\"https:\/\/www.sonoraenequipo.com.mx\/#\/schema\/logo\/image\/\",\"url\":\"https:\/\/www.sonoraenequipo.com.mx\/storage\/2019\/01\/sonoraenequipo_opt.png\",\"contentUrl\":\"https:\/\/www.sonoraenequipo.com.mx\/storage\/2019\/01\/sonoraenequipo_opt.png\",\"width\":375,\"height\":125,\"caption\":\"Sonoraenequipo.com.mx\"},\"image\":{\"@id\":\"https:\/\/www.sonoraenequipo.com.mx\/#\/schema\/logo\/image\/\"},\"sameAs\":[\"https:\/\/www.facebook.com\/SonoraEE\/\",\"https:\/\/x.com\/sonoraenequipo\",\"https:\/\/www.youtube.com\/channel\/UC338nW-lPEYmJQs4ZABQ1SQ\"]},{\"@type\":\"Person\",\"@id\":\"https:\/\/www.sonoraenequipo.com.mx\/#\/schema\/person\/50102df0fb23a8fa9e8effad8fa81386\",\"name\":\"enequipo\",\"image\":{\"@type\":\"ImageObject\",\"inLanguage\":\"es\",\"@id\":\"https:\/\/www.sonoraenequipo.com.mx\/#\/schema\/person\/image\/\",\"url\":\"https:\/\/secure.gravatar.com\/avatar\/049821681b589dabc0bc20695993ccebb09f5b5d4d790cd9251b97faac7c652b?s=96&d=blank&r=g\",\"contentUrl\":\"https:\/\/secure.gravatar.com\/avatar\/049821681b589dabc0bc20695993ccebb09f5b5d4d790cd9251b97faac7c652b?s=96&d=blank&r=g\",\"caption\":\"enequipo\"},\"sameAs\":[\"https:\/\/www.facebook.com\/SonoraEE\"]}]}<\/script>\n ","yoast_head_json":{"title":"Sonora en Equipo. No Imputan a Exfuncionarios del Ayuntamiento por Incendio de Waldo\u00b4s en Hermosillo Sonora","description":"HERMOSILLO, SONORA. MX. \u2014 La Fiscal\u00eda General de Justicia de Sonora interpondr\u00e1 un recurso de apelaci\u00f3n contra la resoluci\u00f3n judicial que determin\u00f3 no En Sonora en Equipo publicamos toda la informaci\u00f3n de Sonora, M\u00e9xico y el Mundo de manera oportuna y busca que la libertad de expresi\u00f3n sea real. Visita nuestro medio informativo publicado desde Hermosillo, Sonora. %","robots":{"index":"index","follow":"follow","max-snippet":"max-snippet:-1","max-image-preview":"max-image-preview:large","max-video-preview":"max-video-preview:-1"},"canonical":"https:\/\/www.sonoraenequipo.com.mx\/no-imputan-a-exfuncionarios-del-ayuntamiento-por-incendio-de-waldos-en-hermosillo\/","og_locale":"es_ES","og_type":"article","og_title":"Sonora en Equipo. No Imputan a Exfuncionarios del Ayuntamiento por Incendio de Waldo\u00b4s en Hermosillo Sonora","og_description":"HERMOSILLO, SONORA. MX. \u2014 La Fiscal\u00eda General de Justicia de Sonora interpondr\u00e1 un recurso de apelaci\u00f3n contra la resoluci\u00f3n judicial que determin\u00f3 no En Sonora en Equipo publicamos toda la informaci\u00f3n de Sonora, M\u00e9xico y el Mundo de manera oportuna y busca que la libertad de expresi\u00f3n sea real. Visita nuestro medio informativo publicado desde Hermosillo, Sonora. %","og_url":"https:\/\/www.sonoraenequipo.com.mx\/no-imputan-a-exfuncionarios-del-ayuntamiento-por-incendio-de-waldos-en-hermosillo\/","og_site_name":"Sonora en Equipo.","article_publisher":"https:\/\/www.facebook.com\/SonoraEE\/","article_author":"https:\/\/www.facebook.com\/SonoraEE","article_published_time":"2026-03-13T01:33:59+00:00","article_modified_time":"2026-03-13T01:34:16+00:00","og_image":[{"width":1024,"height":576,"url":"https:\/\/www.sonoraenequipo.com.mx\/storage\/2026\/03\/Caso-Waldos-Hermosillo-Sonora.jpg","type":"image\/jpeg"}],"author":"enequipo","twitter_card":"summary_large_image","twitter_creator":"@sonoraenequipo","twitter_site":"@sonoraenequipo","twitter_misc":{"Escrito por":"enequipo","Tiempo de lectura":"1 minuto"},"schema":{"@context":"https:\/\/schema.org","@graph":[{"@type":"Article","@id":"https:\/\/www.sonoraenequipo.com.mx\/no-imputan-a-exfuncionarios-del-ayuntamiento-por-incendio-de-waldos-en-hermosillo\/#article","isPartOf":{"@id":"https:\/\/www.sonoraenequipo.com.mx\/no-imputan-a-exfuncionarios-del-ayuntamiento-por-incendio-de-waldos-en-hermosillo\/"},"author":{"name":"enequipo","@id":"https:\/\/www.sonoraenequipo.com.mx\/#\/schema\/person\/50102df0fb23a8fa9e8effad8fa81386"},"headline":"No Imputan a Exfuncionarios del Ayuntamiento por Incendio de Waldo\u00b4s en Hermosillo","datePublished":"2026-03-13T01:33:59+00:00","dateModified":"2026-03-13T01:34:16+00:00","mainEntityOfPage":{"@id":"https:\/\/www.sonoraenequipo.com.mx\/no-imputan-a-exfuncionarios-del-ayuntamiento-por-incendio-de-waldos-en-hermosillo\/"},"wordCount":293,"commentCount":0,"publisher":{"@id":"https:\/\/www.sonoraenequipo.com.mx\/#organization"},"image":{"@id":"https:\/\/www.sonoraenequipo.com.mx\/no-imputan-a-exfuncionarios-del-ayuntamiento-por-incendio-de-waldos-en-hermosillo\/#primaryimage"},"thumbnailUrl":"https:\/\/www.sonoraenequipo.com.mx\/storage\/2026\/03\/Caso-Waldos-Hermosillo-Sonora.jpg","articleSection":["Sonora"],"inLanguage":"es","potentialAction":[{"@type":"CommentAction","name":"Comment","target":["https:\/\/www.sonoraenequipo.com.mx\/no-imputan-a-exfuncionarios-del-ayuntamiento-por-incendio-de-waldos-en-hermosillo\/#respond"]}]},{"@type":"WebPage","@id":"https:\/\/www.sonoraenequipo.com.mx\/no-imputan-a-exfuncionarios-del-ayuntamiento-por-incendio-de-waldos-en-hermosillo\/","url":"https:\/\/www.sonoraenequipo.com.mx\/no-imputan-a-exfuncionarios-del-ayuntamiento-por-incendio-de-waldos-en-hermosillo\/","name":"Sonora en Equipo. No Imputan a Exfuncionarios del Ayuntamiento por Incendio de Waldo\u00b4s en Hermosillo Sonora","isPartOf":{"@id":"https:\/\/www.sonoraenequipo.com.mx\/#website"},"primaryImageOfPage":{"@id":"https:\/\/www.sonoraenequipo.com.mx\/no-imputan-a-exfuncionarios-del-ayuntamiento-por-incendio-de-waldos-en-hermosillo\/#primaryimage"},"image":{"@id":"https:\/\/www.sonoraenequipo.com.mx\/no-imputan-a-exfuncionarios-del-ayuntamiento-por-incendio-de-waldos-en-hermosillo\/#primaryimage"},"thumbnailUrl":"https:\/\/www.sonoraenequipo.com.mx\/storage\/2026\/03\/Caso-Waldos-Hermosillo-Sonora.jpg","datePublished":"2026-03-13T01:33:59+00:00","dateModified":"2026-03-13T01:34:16+00:00","description":"HERMOSILLO, SONORA. MX. \u2014 La Fiscal\u00eda General de Justicia de Sonora interpondr\u00e1 un recurso de apelaci\u00f3n contra la resoluci\u00f3n judicial que determin\u00f3 no En Sonora en Equipo publicamos toda la informaci\u00f3n de Sonora, M\u00e9xico y el Mundo de manera oportuna y busca que la libertad de expresi\u00f3n sea real. Visita nuestro medio informativo publicado desde Hermosillo, Sonora. %","breadcrumb":{"@id":"https:\/\/www.sonoraenequipo.com.mx\/no-imputan-a-exfuncionarios-del-ayuntamiento-por-incendio-de-waldos-en-hermosillo\/#breadcrumb"},"inLanguage":"es","potentialAction":[{"@type":"ReadAction","target":["https:\/\/www.sonoraenequipo.com.mx\/no-imputan-a-exfuncionarios-del-ayuntamiento-por-incendio-de-waldos-en-hermosillo\/"]}]},{"@type":"ImageObject","inLanguage":"es","@id":"https:\/\/www.sonoraenequipo.com.mx\/no-imputan-a-exfuncionarios-del-ayuntamiento-por-incendio-de-waldos-en-hermosillo\/#primaryimage","url":"https:\/\/www.sonoraenequipo.com.mx\/storage\/2026\/03\/Caso-Waldos-Hermosillo-Sonora.jpg","contentUrl":"https:\/\/www.sonoraenequipo.com.mx\/storage\/2026\/03\/Caso-Waldos-Hermosillo-Sonora.jpg","width":1024,"height":576},{"@type":"BreadcrumbList","@id":"https:\/\/www.sonoraenequipo.com.mx\/no-imputan-a-exfuncionarios-del-ayuntamiento-por-incendio-de-waldos-en-hermosillo\/#breadcrumb","itemListElement":[{"@type":"ListItem","position":1,"name":"Portada","item":"https:\/\/www.sonoraenequipo.com.mx\/"},{"@type":"ListItem","position":2,"name":"No Imputan a Exfuncionarios del Ayuntamiento por Incendio de Waldo\u00b4s en Hermosillo"}]},{"@type":"WebSite","@id":"https:\/\/www.sonoraenequipo.com.mx\/#website","url":"https:\/\/www.sonoraenequipo.com.mx\/","name":"Sonora en Equipo.","description":"Diario en l\u00ednea con Noticias desde Hermosillo, Sonora","publisher":{"@id":"https:\/\/www.sonoraenequipo.com.mx\/#organization"},"potentialAction":[{"@type":"SearchAction","target":{"@type":"EntryPoint","urlTemplate":"https:\/\/www.sonoraenequipo.com.mx\/?s={search_term_string}"},"query-input":{"@type":"PropertyValueSpecification","valueRequired":true,"valueName":"search_term_string"}}],"inLanguage":"es"},{"@type":"Organization","@id":"https:\/\/www.sonoraenequipo.com.mx\/#organization","name":"Sonoraenequipo.com.mx","url":"https:\/\/www.sonoraenequipo.com.mx\/","logo":{"@type":"ImageObject","inLanguage":"es","@id":"https:\/\/www.sonoraenequipo.com.mx\/#\/schema\/logo\/image\/","url":"https:\/\/www.sonoraenequipo.com.mx\/storage\/2019\/01\/sonoraenequipo_opt.png","contentUrl":"https:\/\/www.sonoraenequipo.com.mx\/storage\/2019\/01\/sonoraenequipo_opt.png","width":375,"height":125,"caption":"Sonoraenequipo.com.mx"},"image":{"@id":"https:\/\/www.sonoraenequipo.com.mx\/#\/schema\/logo\/image\/"},"sameAs":["https:\/\/www.facebook.com\/SonoraEE\/","https:\/\/x.com\/sonoraenequipo","https:\/\/www.youtube.com\/channel\/UC338nW-lPEYmJQs4ZABQ1SQ"]},{"@type":"Person","@id":"https:\/\/www.sonoraenequipo.com.mx\/#\/schema\/person\/50102df0fb23a8fa9e8effad8fa81386","name":"enequipo","image":{"@type":"ImageObject","inLanguage":"es","@id":"https:\/\/www.sonoraenequipo.com.mx\/#\/schema\/person\/image\/","url":"https:\/\/secure.gravatar.com\/avatar\/049821681b589dabc0bc20695993ccebb09f5b5d4d790cd9251b97faac7c652b?s=96&d=blank&r=g","contentUrl":"https:\/\/secure.gravatar.com\/avatar\/049821681b589dabc0bc20695993ccebb09f5b5d4d790cd9251b97faac7c652b?s=96&d=blank&r=g","caption":"enequipo"},"sameAs":["https:\/\/www.facebook.com\/SonoraEE"]}]}},"jetpack_featured_media_url":"https:\/\/www.sonoraenequipo.com.mx\/storage\/2026\/03\/Caso-Waldos-Hermosillo-Sonora.jpg","_links":{"self":[{"href":"https:\/\/www.sonoraenequipo.com.mx\/api\/wp\/v2\/posts\/237296","targetHints":{"allow":["GET"]}}],"collection":[{"href":"https:\/\/www.sonoraenequipo.com.mx\/api\/wp\/v2\/posts"}],"about":[{"href":"https:\/\/www.sonoraenequipo.com.mx\/api\/wp\/v2\/types\/post"}],"author":[{"embeddable":true,"href":"https:\/\/www.sonoraenequipo.com.mx\/api\/wp\/v2\/users\/1"}],"replies":[{"embeddable":true,"href":"https:\/\/www.sonoraenequipo.com.mx\/api\/wp\/v2\/comments?post=237296"}],"version-history":[{"count":2,"href":"https:\/\/www.sonoraenequipo.com.mx\/api\/wp\/v2\/posts\/237296\/revisions"}],"predecessor-version":[{"id":237299,"href":"https:\/\/www.sonoraenequipo.com.mx\/api\/wp\/v2\/posts\/237296\/revisions\/237299"}],"wp:featuredmedia":[{"embeddable":true,"href":"https:\/\/www.sonoraenequipo.com.mx\/api\/wp\/v2\/media\/237297"}],"wp:attachment":[{"href":"https:\/\/www.sonoraenequipo.com.mx\/api\/wp\/v2\/media?parent=237296"}],"wp:term":[{"taxonomy":"category","embeddable":true,"href":"https:\/\/www.sonoraenequipo.com.mx\/api\/wp\/v2\/categories?post=237296"},{"taxonomy":"post_tag","embeddable":true,"href":"https:\/\/www.sonoraenequipo.com.mx\/api\/wp\/v2\/tags?post=237296"}],"curies":[{"name":"wp","href":"https:\/\/api.w.org\/{rel}","templated":true}]}}