{"id":237329,"date":"2026-03-12T23:50:39","date_gmt":"2026-03-13T06:50:39","guid":{"rendered":"https:\/\/www.sonoraenequipo.com.mx\/?p=237329"},"modified":"2026-03-13T09:32:32","modified_gmt":"2026-03-13T16:32:32","slug":"cuba-anuncia-liberacion-anticipada-de-51-prisioneros-tras-conversaciones-con-el-vaticano","status":"publish","type":"post","link":"https:\/\/www.sonoraenequipo.com.mx\/cuba-anuncia-liberacion-anticipada-de-51-prisioneros-tras-conversaciones-con-el-vaticano\/","title":{"rendered":"Cuba anuncia liberaci\u00f3n anticipada de 51 prisioneros tras conversaciones con el Vaticano"},"content":{"rendered":"<p><b>LA HABANA, CUBA. \u2014 <\/b>Cuba anunci\u00f3 la noche de este jueves la liberaci\u00f3n anticipada \u00aben los pr\u00f3ximos d\u00edas\u00bb de 51 prisioneros como muestra de \u00abbuena voluntad\u00bb hacia el Vaticano, seg\u00fan inform\u00f3 la canciller\u00eda de la isla en un comunicado.<\/p>\n<p>&nbsp;<\/p>\n<p>&nbsp;<\/p>\n<p> <\/p>\n<p><em><strong>\u00abEn el esp\u00edritu de buena voluntad, de estrechas y fluidas relaciones entre el Estado cubano y el Vaticano (&#8230;) Cuba ha decidido liberar en los pr\u00f3ximos d\u00edas a 51 personas sancionadas a privaci\u00f3n de libertad\u00bb,<\/strong> <\/em>precisa la nota.<\/p>\n<p>&nbsp;<\/p>\n<p>&nbsp;<\/p>\n<p>La informaci\u00f3n, que no menciona los nombres de los beneficiados ni las causas de su detenci\u00f3n, asegura que se trata de prisioneros que han cumplido <strong><em>\u00abuna parte significativa de la pena\u00bb y \u00abhan mantenido buena conducta en prisi\u00f3n\u00bb.<\/em><\/strong><\/p>\n<p>&nbsp;<\/p>\n<p>&nbsp;<\/p>\n<p>&nbsp;<\/p>\n<p>PUBLICADO EL 12 DE MARZO 2026 Con informaci\u00f3n de AFP)<\/p>\n","protected":false},"excerpt":{"rendered":"<p>LA HABANA, CUBA. \u2014 Cuba anunci\u00f3 la noche de este jueves la liberaci\u00f3n anticipada \u00aben&#8230;<\/p>\n","protected":false},"author":1,"featured_media":237343,"comment_status":"open","ping_status":"open","sticky":false,"template":"","format":"standard","meta":{"_monsterinsights_skip_tracking":false,"_monsterinsights_sitenote_active":false,"_monsterinsights_sitenote_note":"","_monsterinsights_sitenote_category":0,"footnotes":""},"categories":[3],"tags":[],"class_list":["post"],"yoast_head":" \n<title>Sonora en Equipo. Cuba anuncia liberaci\u00f3n anticipada de 51 prisioneros tras conversaciones con el Vaticano MUNDO<\/title>\n<meta name=\"description\" content=\"LA HABANA, CUBA. \u2014 Cuba anunci\u00f3 la noche de este jueves la liberaci\u00f3n anticipada &quot;en los pr\u00f3ximos d\u00edas&quot; de 51 prisioneros como muestra de &quot;buena voluntad&quot; En Sonora en Equipo publicamos toda la informaci\u00f3n de Sonora, M\u00e9xico y el Mundo de manera oportuna y busca que la libertad de expresi\u00f3n sea real. Visita nuestro medio informativo publicado desde Hermosillo, Sonora. %\" \/>\n<meta name=\"robots\" content=\"index, follow, max-snippet:-1, max-image-preview:large, max-video-preview:-1\" \/>\n<link rel=\"canonical\" href=\"https:\/\/www.sonoraenequipo.com.mx\/cuba-anuncia-liberacion-anticipada-de-51-prisioneros-tras-conversaciones-con-el-vaticano\/\" \/>\n<meta property=\"og:locale\" content=\"es_ES\" \/>\n<meta property=\"og:type\" content=\"article\" \/>\n<meta property=\"og:title\" content=\"Sonora en Equipo. Cuba anuncia liberaci\u00f3n anticipada de 51 prisioneros tras conversaciones con el Vaticano MUNDO\" \/>\n<meta property=\"og:description\" content=\"LA HABANA, CUBA. \u2014 Cuba anunci\u00f3 la noche de este jueves la liberaci\u00f3n anticipada &quot;en los pr\u00f3ximos d\u00edas&quot; de 51 prisioneros como muestra de &quot;buena voluntad&quot; En Sonora en Equipo publicamos toda la informaci\u00f3n de Sonora, M\u00e9xico y el Mundo de manera oportuna y busca que la libertad de expresi\u00f3n sea real. Visita nuestro medio informativo publicado desde Hermosillo, Sonora. %\" \/>\n<meta property=\"og:url\" content=\"https:\/\/www.sonoraenequipo.com.mx\/cuba-anuncia-liberacion-anticipada-de-51-prisioneros-tras-conversaciones-con-el-vaticano\/\" \/>\n<meta property=\"og:site_name\" content=\"Sonora en Equipo.\" \/>\n<meta property=\"article:publisher\" content=\"https:\/\/www.facebook.com\/SonoraEE\/\" \/>\n<meta property=\"article:author\" content=\"https:\/\/www.facebook.com\/SonoraEE\" \/>\n<meta property=\"article:published_time\" content=\"2026-03-13T06:50:39+00:00\" \/>\n<meta property=\"article:modified_time\" content=\"2026-03-13T16:32:32+00:00\" \/>\n<meta property=\"og:image\" content=\"https:\/\/www.sonoraenequipo.com.mx\/storage\/2026\/03\/presos-cubanos-son-liberados-1.jpg\" \/>\n\t<meta property=\"og:image:width\" content=\"1000\" \/>\n\t<meta property=\"og:image:height\" content=\"610\" \/>\n\t<meta property=\"og:image:type\" content=\"image\/jpeg\" \/>\n<meta name=\"author\" content=\"enequipo\" \/>\n<meta name=\"twitter:card\" content=\"summary_large_image\" \/>\n<meta name=\"twitter:creator\" content=\"@sonoraenequipo\" \/>\n<meta name=\"twitter:site\" content=\"@sonoraenequipo\" \/>\n<meta name=\"twitter:label1\" content=\"Escrito por\" \/>\n\t<meta name=\"twitter:data1\" content=\"enequipo\" \/>\n\t<meta name=\"twitter:label2\" content=\"Tiempo de lectura\" \/>\n\t<meta name=\"twitter:data2\" content=\"1 minuto\" \/>\n<script type=\"application\/ld+json\" class=\"yoast-schema-graph\">{\"@context\":\"https:\/\/schema.org\",\"@graph\":[{\"@type\":\"Article\",\"@id\":\"https:\/\/www.sonoraenequipo.com.mx\/cuba-anuncia-liberacion-anticipada-de-51-prisioneros-tras-conversaciones-con-el-vaticano\/#article\",\"isPartOf\":{\"@id\":\"https:\/\/www.sonoraenequipo.com.mx\/cuba-anuncia-liberacion-anticipada-de-51-prisioneros-tras-conversaciones-con-el-vaticano\/\"},\"author\":{\"name\":\"enequipo\",\"@id\":\"https:\/\/www.sonoraenequipo.com.mx\/#\/schema\/person\/50102df0fb23a8fa9e8effad8fa81386\"},\"headline\":\"Cuba anuncia liberaci\u00f3n anticipada de 51 prisioneros tras conversaciones con el Vaticano\",\"datePublished\":\"2026-03-13T06:50:39+00:00\",\"dateModified\":\"2026-03-13T16:32:32+00:00\",\"mainEntityOfPage\":{\"@id\":\"https:\/\/www.sonoraenequipo.com.mx\/cuba-anuncia-liberacion-anticipada-de-51-prisioneros-tras-conversaciones-con-el-vaticano\/\"},\"wordCount\":151,\"commentCount\":0,\"publisher\":{\"@id\":\"https:\/\/www.sonoraenequipo.com.mx\/#organization\"},\"image\":{\"@id\":\"https:\/\/www.sonoraenequipo.com.mx\/cuba-anuncia-liberacion-anticipada-de-51-prisioneros-tras-conversaciones-con-el-vaticano\/#primaryimage\"},\"thumbnailUrl\":\"https:\/\/www.sonoraenequipo.com.mx\/storage\/2026\/03\/presos-cubanos-son-liberados-1.jpg\",\"articleSection\":[\"MUNDO\"],\"inLanguage\":\"es\",\"potentialAction\":[{\"@type\":\"CommentAction\",\"name\":\"Comment\",\"target\":[\"https:\/\/www.sonoraenequipo.com.mx\/cuba-anuncia-liberacion-anticipada-de-51-prisioneros-tras-conversaciones-con-el-vaticano\/#respond\"]}]},{\"@type\":\"WebPage\",\"@id\":\"https:\/\/www.sonoraenequipo.com.mx\/cuba-anuncia-liberacion-anticipada-de-51-prisioneros-tras-conversaciones-con-el-vaticano\/\",\"url\":\"https:\/\/www.sonoraenequipo.com.mx\/cuba-anuncia-liberacion-anticipada-de-51-prisioneros-tras-conversaciones-con-el-vaticano\/\",\"name\":\"Sonora en Equipo. Cuba anuncia liberaci\u00f3n anticipada de 51 prisioneros tras conversaciones con el Vaticano MUNDO\",\"isPartOf\":{\"@id\":\"https:\/\/www.sonoraenequipo.com.mx\/#website\"},\"primaryImageOfPage\":{\"@id\":\"https:\/\/www.sonoraenequipo.com.mx\/cuba-anuncia-liberacion-anticipada-de-51-prisioneros-tras-conversaciones-con-el-vaticano\/#primaryimage\"},\"image\":{\"@id\":\"https:\/\/www.sonoraenequipo.com.mx\/cuba-anuncia-liberacion-anticipada-de-51-prisioneros-tras-conversaciones-con-el-vaticano\/#primaryimage\"},\"thumbnailUrl\":\"https:\/\/www.sonoraenequipo.com.mx\/storage\/2026\/03\/presos-cubanos-son-liberados-1.jpg\",\"datePublished\":\"2026-03-13T06:50:39+00:00\",\"dateModified\":\"2026-03-13T16:32:32+00:00\",\"description\":\"LA HABANA, CUBA. \u2014 Cuba anunci\u00f3 la noche de este jueves la liberaci\u00f3n anticipada \\\"en los pr\u00f3ximos d\u00edas\\\" de 51 prisioneros como muestra de \\\"buena voluntad\\\" En Sonora en Equipo publicamos toda la informaci\u00f3n de Sonora, M\u00e9xico y el Mundo de manera oportuna y busca que la libertad de expresi\u00f3n sea real. Visita nuestro medio informativo publicado desde Hermosillo, Sonora. %\",\"breadcrumb\":{\"@id\":\"https:\/\/www.sonoraenequipo.com.mx\/cuba-anuncia-liberacion-anticipada-de-51-prisioneros-tras-conversaciones-con-el-vaticano\/#breadcrumb\"},\"inLanguage\":\"es\",\"potentialAction\":[{\"@type\":\"ReadAction\",\"target\":[\"https:\/\/www.sonoraenequipo.com.mx\/cuba-anuncia-liberacion-anticipada-de-51-prisioneros-tras-conversaciones-con-el-vaticano\/\"]}]},{\"@type\":\"ImageObject\",\"inLanguage\":\"es\",\"@id\":\"https:\/\/www.sonoraenequipo.com.mx\/cuba-anuncia-liberacion-anticipada-de-51-prisioneros-tras-conversaciones-con-el-vaticano\/#primaryimage\",\"url\":\"https:\/\/www.sonoraenequipo.com.mx\/storage\/2026\/03\/presos-cubanos-son-liberados-1.jpg\",\"contentUrl\":\"https:\/\/www.sonoraenequipo.com.mx\/storage\/2026\/03\/presos-cubanos-son-liberados-1.jpg\",\"width\":1000,\"height\":610},{\"@type\":\"BreadcrumbList\",\"@id\":\"https:\/\/www.sonoraenequipo.com.mx\/cuba-anuncia-liberacion-anticipada-de-51-prisioneros-tras-conversaciones-con-el-vaticano\/#breadcrumb\",\"itemListElement\":[{\"@type\":\"ListItem\",\"position\":1,\"name\":\"Portada\",\"item\":\"https:\/\/www.sonoraenequipo.com.mx\/\"},{\"@type\":\"ListItem\",\"position\":2,\"name\":\"Cuba anuncia liberaci\u00f3n anticipada de 51 prisioneros tras conversaciones con el Vaticano\"}]},{\"@type\":\"WebSite\",\"@id\":\"https:\/\/www.sonoraenequipo.com.mx\/#website\",\"url\":\"https:\/\/www.sonoraenequipo.com.mx\/\",\"name\":\"Sonora en Equipo.\",\"description\":\"Diario en l\u00ednea con Noticias desde Hermosillo, Sonora\",\"publisher\":{\"@id\":\"https:\/\/www.sonoraenequipo.com.mx\/#organization\"},\"potentialAction\":[{\"@type\":\"SearchAction\",\"target\":{\"@type\":\"EntryPoint\",\"urlTemplate\":\"https:\/\/www.sonoraenequipo.com.mx\/?s={search_term_string}\"},\"query-input\":{\"@type\":\"PropertyValueSpecification\",\"valueRequired\":true,\"valueName\":\"search_term_string\"}}],\"inLanguage\":\"es\"},{\"@type\":\"Organization\",\"@id\":\"https:\/\/www.sonoraenequipo.com.mx\/#organization\",\"name\":\"Sonoraenequipo.com.mx\",\"url\":\"https:\/\/www.sonoraenequipo.com.mx\/\",\"logo\":{\"@type\":\"ImageObject\",\"inLanguage\":\"es\",\"@id\":\"https:\/\/www.sonoraenequipo.com.mx\/#\/schema\/logo\/image\/\",\"url\":\"https:\/\/www.sonoraenequipo.com.mx\/storage\/2019\/01\/sonoraenequipo_opt.png\",\"contentUrl\":\"https:\/\/www.sonoraenequipo.com.mx\/storage\/2019\/01\/sonoraenequipo_opt.png\",\"width\":375,\"height\":125,\"caption\":\"Sonoraenequipo.com.mx\"},\"image\":{\"@id\":\"https:\/\/www.sonoraenequipo.com.mx\/#\/schema\/logo\/image\/\"},\"sameAs\":[\"https:\/\/www.facebook.com\/SonoraEE\/\",\"https:\/\/x.com\/sonoraenequipo\",\"https:\/\/www.youtube.com\/channel\/UC338nW-lPEYmJQs4ZABQ1SQ\"]},{\"@type\":\"Person\",\"@id\":\"https:\/\/www.sonoraenequipo.com.mx\/#\/schema\/person\/50102df0fb23a8fa9e8effad8fa81386\",\"name\":\"enequipo\",\"image\":{\"@type\":\"ImageObject\",\"inLanguage\":\"es\",\"@id\":\"https:\/\/www.sonoraenequipo.com.mx\/#\/schema\/person\/image\/\",\"url\":\"https:\/\/secure.gravatar.com\/avatar\/049821681b589dabc0bc20695993ccebb09f5b5d4d790cd9251b97faac7c652b?s=96&d=blank&r=g\",\"contentUrl\":\"https:\/\/secure.gravatar.com\/avatar\/049821681b589dabc0bc20695993ccebb09f5b5d4d790cd9251b97faac7c652b?s=96&d=blank&r=g\",\"caption\":\"enequipo\"},\"sameAs\":[\"https:\/\/www.facebook.com\/SonoraEE\"]}]}<\/script>\n ","yoast_head_json":{"title":"Sonora en Equipo. Cuba anuncia liberaci\u00f3n anticipada de 51 prisioneros tras conversaciones con el Vaticano MUNDO","description":"LA HABANA, CUBA. \u2014 Cuba anunci\u00f3 la noche de este jueves la liberaci\u00f3n anticipada \"en los pr\u00f3ximos d\u00edas\" de 51 prisioneros como muestra de \"buena voluntad\" En Sonora en Equipo publicamos toda la informaci\u00f3n de Sonora, M\u00e9xico y el Mundo de manera oportuna y busca que la libertad de expresi\u00f3n sea real. Visita nuestro medio informativo publicado desde Hermosillo, Sonora. %","robots":{"index":"index","follow":"follow","max-snippet":"max-snippet:-1","max-image-preview":"max-image-preview:large","max-video-preview":"max-video-preview:-1"},"canonical":"https:\/\/www.sonoraenequipo.com.mx\/cuba-anuncia-liberacion-anticipada-de-51-prisioneros-tras-conversaciones-con-el-vaticano\/","og_locale":"es_ES","og_type":"article","og_title":"Sonora en Equipo. Cuba anuncia liberaci\u00f3n anticipada de 51 prisioneros tras conversaciones con el Vaticano MUNDO","og_description":"LA HABANA, CUBA. \u2014 Cuba anunci\u00f3 la noche de este jueves la liberaci\u00f3n anticipada \"en los pr\u00f3ximos d\u00edas\" de 51 prisioneros como muestra de \"buena voluntad\" En Sonora en Equipo publicamos toda la informaci\u00f3n de Sonora, M\u00e9xico y el Mundo de manera oportuna y busca que la libertad de expresi\u00f3n sea real. Visita nuestro medio informativo publicado desde Hermosillo, Sonora. %","og_url":"https:\/\/www.sonoraenequipo.com.mx\/cuba-anuncia-liberacion-anticipada-de-51-prisioneros-tras-conversaciones-con-el-vaticano\/","og_site_name":"Sonora en Equipo.","article_publisher":"https:\/\/www.facebook.com\/SonoraEE\/","article_author":"https:\/\/www.facebook.com\/SonoraEE","article_published_time":"2026-03-13T06:50:39+00:00","article_modified_time":"2026-03-13T16:32:32+00:00","og_image":[{"width":1000,"height":610,"url":"https:\/\/www.sonoraenequipo.com.mx\/storage\/2026\/03\/presos-cubanos-son-liberados-1.jpg","type":"image\/jpeg"}],"author":"enequipo","twitter_card":"summary_large_image","twitter_creator":"@sonoraenequipo","twitter_site":"@sonoraenequipo","twitter_misc":{"Escrito por":"enequipo","Tiempo de lectura":"1 minuto"},"schema":{"@context":"https:\/\/schema.org","@graph":[{"@type":"Article","@id":"https:\/\/www.sonoraenequipo.com.mx\/cuba-anuncia-liberacion-anticipada-de-51-prisioneros-tras-conversaciones-con-el-vaticano\/#article","isPartOf":{"@id":"https:\/\/www.sonoraenequipo.com.mx\/cuba-anuncia-liberacion-anticipada-de-51-prisioneros-tras-conversaciones-con-el-vaticano\/"},"author":{"name":"enequipo","@id":"https:\/\/www.sonoraenequipo.com.mx\/#\/schema\/person\/50102df0fb23a8fa9e8effad8fa81386"},"headline":"Cuba anuncia liberaci\u00f3n anticipada de 51 prisioneros tras conversaciones con el Vaticano","datePublished":"2026-03-13T06:50:39+00:00","dateModified":"2026-03-13T16:32:32+00:00","mainEntityOfPage":{"@id":"https:\/\/www.sonoraenequipo.com.mx\/cuba-anuncia-liberacion-anticipada-de-51-prisioneros-tras-conversaciones-con-el-vaticano\/"},"wordCount":151,"commentCount":0,"publisher":{"@id":"https:\/\/www.sonoraenequipo.com.mx\/#organization"},"image":{"@id":"https:\/\/www.sonoraenequipo.com.mx\/cuba-anuncia-liberacion-anticipada-de-51-prisioneros-tras-conversaciones-con-el-vaticano\/#primaryimage"},"thumbnailUrl":"https:\/\/www.sonoraenequipo.com.mx\/storage\/2026\/03\/presos-cubanos-son-liberados-1.jpg","articleSection":["MUNDO"],"inLanguage":"es","potentialAction":[{"@type":"CommentAction","name":"Comment","target":["https:\/\/www.sonoraenequipo.com.mx\/cuba-anuncia-liberacion-anticipada-de-51-prisioneros-tras-conversaciones-con-el-vaticano\/#respond"]}]},{"@type":"WebPage","@id":"https:\/\/www.sonoraenequipo.com.mx\/cuba-anuncia-liberacion-anticipada-de-51-prisioneros-tras-conversaciones-con-el-vaticano\/","url":"https:\/\/www.sonoraenequipo.com.mx\/cuba-anuncia-liberacion-anticipada-de-51-prisioneros-tras-conversaciones-con-el-vaticano\/","name":"Sonora en Equipo. Cuba anuncia liberaci\u00f3n anticipada de 51 prisioneros tras conversaciones con el Vaticano MUNDO","isPartOf":{"@id":"https:\/\/www.sonoraenequipo.com.mx\/#website"},"primaryImageOfPage":{"@id":"https:\/\/www.sonoraenequipo.com.mx\/cuba-anuncia-liberacion-anticipada-de-51-prisioneros-tras-conversaciones-con-el-vaticano\/#primaryimage"},"image":{"@id":"https:\/\/www.sonoraenequipo.com.mx\/cuba-anuncia-liberacion-anticipada-de-51-prisioneros-tras-conversaciones-con-el-vaticano\/#primaryimage"},"thumbnailUrl":"https:\/\/www.sonoraenequipo.com.mx\/storage\/2026\/03\/presos-cubanos-son-liberados-1.jpg","datePublished":"2026-03-13T06:50:39+00:00","dateModified":"2026-03-13T16:32:32+00:00","description":"LA HABANA, CUBA. \u2014 Cuba anunci\u00f3 la noche de este jueves la liberaci\u00f3n anticipada \"en los pr\u00f3ximos d\u00edas\" de 51 prisioneros como muestra de \"buena voluntad\" En Sonora en Equipo publicamos toda la informaci\u00f3n de Sonora, M\u00e9xico y el Mundo de manera oportuna y busca que la libertad de expresi\u00f3n sea real. Visita nuestro medio informativo publicado desde Hermosillo, Sonora. %","breadcrumb":{"@id":"https:\/\/www.sonoraenequipo.com.mx\/cuba-anuncia-liberacion-anticipada-de-51-prisioneros-tras-conversaciones-con-el-vaticano\/#breadcrumb"},"inLanguage":"es","potentialAction":[{"@type":"ReadAction","target":["https:\/\/www.sonoraenequipo.com.mx\/cuba-anuncia-liberacion-anticipada-de-51-prisioneros-tras-conversaciones-con-el-vaticano\/"]}]},{"@type":"ImageObject","inLanguage":"es","@id":"https:\/\/www.sonoraenequipo.com.mx\/cuba-anuncia-liberacion-anticipada-de-51-prisioneros-tras-conversaciones-con-el-vaticano\/#primaryimage","url":"https:\/\/www.sonoraenequipo.com.mx\/storage\/2026\/03\/presos-cubanos-son-liberados-1.jpg","contentUrl":"https:\/\/www.sonoraenequipo.com.mx\/storage\/2026\/03\/presos-cubanos-son-liberados-1.jpg","width":1000,"height":610},{"@type":"BreadcrumbList","@id":"https:\/\/www.sonoraenequipo.com.mx\/cuba-anuncia-liberacion-anticipada-de-51-prisioneros-tras-conversaciones-con-el-vaticano\/#breadcrumb","itemListElement":[{"@type":"ListItem","position":1,"name":"Portada","item":"https:\/\/www.sonoraenequipo.com.mx\/"},{"@type":"ListItem","position":2,"name":"Cuba anuncia liberaci\u00f3n anticipada de 51 prisioneros tras conversaciones con el Vaticano"}]},{"@type":"WebSite","@id":"https:\/\/www.sonoraenequipo.com.mx\/#website","url":"https:\/\/www.sonoraenequipo.com.mx\/","name":"Sonora en Equipo.","description":"Diario en l\u00ednea con Noticias desde Hermosillo, Sonora","publisher":{"@id":"https:\/\/www.sonoraenequipo.com.mx\/#organization"},"potentialAction":[{"@type":"SearchAction","target":{"@type":"EntryPoint","urlTemplate":"https:\/\/www.sonoraenequipo.com.mx\/?s={search_term_string}"},"query-input":{"@type":"PropertyValueSpecification","valueRequired":true,"valueName":"search_term_string"}}],"inLanguage":"es"},{"@type":"Organization","@id":"https:\/\/www.sonoraenequipo.com.mx\/#organization","name":"Sonoraenequipo.com.mx","url":"https:\/\/www.sonoraenequipo.com.mx\/","logo":{"@type":"ImageObject","inLanguage":"es","@id":"https:\/\/www.sonoraenequipo.com.mx\/#\/schema\/logo\/image\/","url":"https:\/\/www.sonoraenequipo.com.mx\/storage\/2019\/01\/sonoraenequipo_opt.png","contentUrl":"https:\/\/www.sonoraenequipo.com.mx\/storage\/2019\/01\/sonoraenequipo_opt.png","width":375,"height":125,"caption":"Sonoraenequipo.com.mx"},"image":{"@id":"https:\/\/www.sonoraenequipo.com.mx\/#\/schema\/logo\/image\/"},"sameAs":["https:\/\/www.facebook.com\/SonoraEE\/","https:\/\/x.com\/sonoraenequipo","https:\/\/www.youtube.com\/channel\/UC338nW-lPEYmJQs4ZABQ1SQ"]},{"@type":"Person","@id":"https:\/\/www.sonoraenequipo.com.mx\/#\/schema\/person\/50102df0fb23a8fa9e8effad8fa81386","name":"enequipo","image":{"@type":"ImageObject","inLanguage":"es","@id":"https:\/\/www.sonoraenequipo.com.mx\/#\/schema\/person\/image\/","url":"https:\/\/secure.gravatar.com\/avatar\/049821681b589dabc0bc20695993ccebb09f5b5d4d790cd9251b97faac7c652b?s=96&d=blank&r=g","contentUrl":"https:\/\/secure.gravatar.com\/avatar\/049821681b589dabc0bc20695993ccebb09f5b5d4d790cd9251b97faac7c652b?s=96&d=blank&r=g","caption":"enequipo"},"sameAs":["https:\/\/www.facebook.com\/SonoraEE"]}]}},"jetpack_featured_media_url":"https:\/\/www.sonoraenequipo.com.mx\/storage\/2026\/03\/presos-cubanos-son-liberados-1.jpg","_links":{"self":[{"href":"https:\/\/www.sonoraenequipo.com.mx\/api\/wp\/v2\/posts\/237329","targetHints":{"allow":["GET"]}}],"collection":[{"href":"https:\/\/www.sonoraenequipo.com.mx\/api\/wp\/v2\/posts"}],"about":[{"href":"https:\/\/www.sonoraenequipo.com.mx\/api\/wp\/v2\/types\/post"}],"author":[{"embeddable":true,"href":"https:\/\/www.sonoraenequipo.com.mx\/api\/wp\/v2\/users\/1"}],"replies":[{"embeddable":true,"href":"https:\/\/www.sonoraenequipo.com.mx\/api\/wp\/v2\/comments?post=237329"}],"version-history":[{"count":1,"href":"https:\/\/www.sonoraenequipo.com.mx\/api\/wp\/v2\/posts\/237329\/revisions"}],"predecessor-version":[{"id":237344,"href":"https:\/\/www.sonoraenequipo.com.mx\/api\/wp\/v2\/posts\/237329\/revisions\/237344"}],"wp:featuredmedia":[{"embeddable":true,"href":"https:\/\/www.sonoraenequipo.com.mx\/api\/wp\/v2\/media\/237343"}],"wp:attachment":[{"href":"https:\/\/www.sonoraenequipo.com.mx\/api\/wp\/v2\/media?parent=237329"}],"wp:term":[{"taxonomy":"category","embeddable":true,"href":"https:\/\/www.sonoraenequipo.com.mx\/api\/wp\/v2\/categories?post=237329"},{"taxonomy":"post_tag","embeddable":true,"href":"https:\/\/www.sonoraenequipo.com.mx\/api\/wp\/v2\/tags?post=237329"}],"curies":[{"name":"wp","href":"https:\/\/api.w.org\/{rel}","templated":true}]}}