{"id":237349,"date":"2026-03-13T07:10:40","date_gmt":"2026-03-13T14:10:40","guid":{"rendered":"https:\/\/www.sonoraenequipo.com.mx\/?p=237349"},"modified":"2026-03-13T12:31:24","modified_gmt":"2026-03-13T19:31:24","slug":"vivienda-vertical-y-regreso-de-oficinas-publicas-la-apuesta-para-rescatar-el-centro-de-culiacan","status":"publish","type":"post","link":"https:\/\/www.sonoraenequipo.com.mx\/vivienda-vertical-y-regreso-de-oficinas-publicas-la-apuesta-para-rescatar-el-centro-de-culiacan\/","title":{"rendered":"Vivienda vertical y regreso de oficinas p\u00fablicas, la apuesta para rescatar el Centro de Culiac\u00e1n"},"content":{"rendered":"<p><strong>CULIAC\u00c1N, SINALOA. MX. \u2014 <\/strong>\u2013 Para revitalizar el sector poniente del Centro Hist\u00f3rico de Culiac\u00e1n se est\u00e1 impulsando la construcci\u00f3n de vivienda vertical (departamentos) y, al mismo tiempo, se gestiona que regresen varios servicios p\u00fablicos, adem\u00e1s de brindar certidumbre a inversionistas para que puedan invertir en estas construcciones, se\u00f1al\u00f3 Jos\u00e9 Valenzuela Garc\u00eda.<\/p>\n<p>&nbsp;<\/p>\n<p>&nbsp;<\/p>\n<p> <\/p>\n<p>El presidente del Patronato de Revitalizaci\u00f3n de los Centros Hist\u00f3ricos, quien adem\u00e1s es impulsor del corredor gastron\u00f3mico y cultural \u201cPaseo del \u00c1ngel\u201d, as\u00ed como del \u201cAndador de la Salud Arc\u00e1ngel Rafael\u201d, expuso que este tema ya se est\u00e1 trabajando con el Instituto Municipal de Planeaci\u00f3n (Implan) Culiac\u00e1n.<\/p>\n<p>&nbsp;<\/p>\n<p>&nbsp;<\/p>\n<p>Indic\u00f3 que si en el sector poniente de la ciudad se ha generado el fen\u00f3meno de cierre de negocios, es en gran parte por la falta de habitantes, que actualmente es de aproximadamente dos personas por hect\u00e1rea.<\/p>\n<p>&nbsp;<\/p>\n<p>&nbsp;<\/p>\n<p>Este fen\u00f3meno, dijo, se ha generado a lo largo de los a\u00f1os por diversas razones, como el traslado fuera del centro de varias dependencias, entre ellas las oficinas de Tr\u00e1nsito, distintos bancos, escuelas, las oficinas administrativas que operaban en el Edificio Central de la UAS, la entonces Procuradur\u00eda General del Estado, as\u00ed como el abandono en que se encuentran las oficinas de Correos y Tel\u00e9grafos, entre otros.<\/p>\n<p>&nbsp;<\/p>\n<p>&nbsp;<\/p>\n<p>Una de las alternativas que se tienen para revitalizar el sector poniente del Centro Hist\u00f3rico, explic\u00f3, es precisamente la construcci\u00f3n de departamentos en edificios de hasta cuatro pisos.<\/p>\n<p>&nbsp;<\/p>\n<p>&nbsp;<\/p>\n<p>Hacerlo, se\u00f1al\u00f3, ser\u00eda muy atractivo para muchas personas; sin embargo, tambi\u00e9n se requiere que regresen varios servicios p\u00fablicos del Gobierno del Estado y del Gobierno Federal, ya que de esa manera quienes vivan en el primer cuadro de la ciudad no tendr\u00e1n necesidad de realizar grandes traslados para efectuar alg\u00fan tr\u00e1mite.<\/p>\n<p>&nbsp;<\/p>\n<p>&nbsp;<\/p>\n<p>De igual manera, expuso que se requieren reformas legales que garanticen a quienes inviertan en la construcci\u00f3n de departamentos para renta que no tendr\u00e1n problemas para desalojar a inquilinos morosos.<\/p>\n<p>&nbsp;<\/p>\n<p>&nbsp;<\/p>\n<p>Como ejemplo de que esta es una ruta viable, mencion\u00f3 que en la ciudad de Guadalajara ya se tiene planeado reabrir dependencias p\u00fablicas estatales, en las que regresar\u00e1n alrededor de 3 mil bur\u00f3cratas<\/p>\n<p>&nbsp;<\/p>\n<p>&nbsp;<\/p>\n<p>&nbsp;<\/p>\n<p>PUBLICADO EL 13 DE MARZO DE 2026 Con informaci\u00f3n de Extraoficial)<\/p>\n","protected":false},"excerpt":{"rendered":"<p>CULIAC\u00c1N, SINALOA. MX. \u2014 \u2013 Para revitalizar el sector poniente del Centro Hist\u00f3rico de Culiac\u00e1n&#8230;<\/p>\n","protected":false},"author":1,"featured_media":237357,"comment_status":"open","ping_status":"open","sticky":false,"template":"","format":"standard","meta":{"_monsterinsights_skip_tracking":false,"_monsterinsights_sitenote_active":false,"_monsterinsights_sitenote_note":"","_monsterinsights_sitenote_category":0,"footnotes":""},"categories":[5],"tags":[],"class_list":["post"],"yoast_head":" \n<title>Sonora en Equipo. Vivienda vertical y regreso de oficinas p\u00fablicas, la apuesta para rescatar el Centro de Culiac\u00e1n Rep\u00fablica<\/title>\n<meta name=\"description\" content=\"CULIAC\u00c1N, SINALOA. MX. \u2014 \u2013 Para revitalizar el sector poniente del Centro Hist\u00f3rico de Culiac\u00e1n se est\u00e1 impulsando la construcci\u00f3n de vivienda vertical En Sonora en Equipo publicamos toda la informaci\u00f3n de Sonora, M\u00e9xico y el Mundo de manera oportuna y busca que la libertad de expresi\u00f3n sea real. Visita nuestro medio informativo publicado desde Hermosillo, Sonora. %\" \/>\n<meta name=\"robots\" content=\"index, follow, max-snippet:-1, max-image-preview:large, max-video-preview:-1\" \/>\n<link rel=\"canonical\" href=\"https:\/\/www.sonoraenequipo.com.mx\/vivienda-vertical-y-regreso-de-oficinas-publicas-la-apuesta-para-rescatar-el-centro-de-culiacan\/\" \/>\n<meta property=\"og:locale\" content=\"es_ES\" \/>\n<meta property=\"og:type\" content=\"article\" \/>\n<meta property=\"og:title\" content=\"Sonora en Equipo. Vivienda vertical y regreso de oficinas p\u00fablicas, la apuesta para rescatar el Centro de Culiac\u00e1n Rep\u00fablica\" \/>\n<meta property=\"og:description\" content=\"CULIAC\u00c1N, SINALOA. MX. \u2014 \u2013 Para revitalizar el sector poniente del Centro Hist\u00f3rico de Culiac\u00e1n se est\u00e1 impulsando la construcci\u00f3n de vivienda vertical En Sonora en Equipo publicamos toda la informaci\u00f3n de Sonora, M\u00e9xico y el Mundo de manera oportuna y busca que la libertad de expresi\u00f3n sea real. Visita nuestro medio informativo publicado desde Hermosillo, Sonora. %\" \/>\n<meta property=\"og:url\" content=\"https:\/\/www.sonoraenequipo.com.mx\/vivienda-vertical-y-regreso-de-oficinas-publicas-la-apuesta-para-rescatar-el-centro-de-culiacan\/\" \/>\n<meta property=\"og:site_name\" content=\"Sonora en Equipo.\" \/>\n<meta property=\"article:publisher\" content=\"https:\/\/www.facebook.com\/SonoraEE\/\" \/>\n<meta property=\"article:author\" content=\"https:\/\/www.facebook.com\/SonoraEE\" \/>\n<meta property=\"article:published_time\" content=\"2026-03-13T14:10:40+00:00\" \/>\n<meta property=\"article:modified_time\" content=\"2026-03-13T19:31:24+00:00\" \/>\n<meta property=\"og:image\" content=\"https:\/\/www.sonoraenequipo.com.mx\/storage\/2026\/03\/Vivienda-vertical-y-regreso-de-oficinas-publicas-1.jpg\" \/>\n\t<meta property=\"og:image:width\" content=\"1000\" \/>\n\t<meta property=\"og:image:height\" content=\"645\" \/>\n\t<meta property=\"og:image:type\" content=\"image\/jpeg\" \/>\n<meta name=\"author\" content=\"enequipo\" \/>\n<meta name=\"twitter:card\" content=\"summary_large_image\" \/>\n<meta name=\"twitter:creator\" content=\"@sonoraenequipo\" \/>\n<meta name=\"twitter:site\" content=\"@sonoraenequipo\" \/>\n<meta name=\"twitter:label1\" content=\"Escrito por\" \/>\n\t<meta name=\"twitter:data1\" content=\"enequipo\" \/>\n\t<meta name=\"twitter:label2\" content=\"Tiempo de lectura\" \/>\n\t<meta name=\"twitter:data2\" content=\"2 minutos\" \/>\n<script type=\"application\/ld+json\" class=\"yoast-schema-graph\">{\"@context\":\"https:\/\/schema.org\",\"@graph\":[{\"@type\":\"Article\",\"@id\":\"https:\/\/www.sonoraenequipo.com.mx\/vivienda-vertical-y-regreso-de-oficinas-publicas-la-apuesta-para-rescatar-el-centro-de-culiacan\/#article\",\"isPartOf\":{\"@id\":\"https:\/\/www.sonoraenequipo.com.mx\/vivienda-vertical-y-regreso-de-oficinas-publicas-la-apuesta-para-rescatar-el-centro-de-culiacan\/\"},\"author\":{\"name\":\"enequipo\",\"@id\":\"https:\/\/www.sonoraenequipo.com.mx\/#\/schema\/person\/50102df0fb23a8fa9e8effad8fa81386\"},\"headline\":\"Vivienda vertical y regreso de oficinas p\u00fablicas, la apuesta para rescatar el Centro de Culiac\u00e1n\",\"datePublished\":\"2026-03-13T14:10:40+00:00\",\"dateModified\":\"2026-03-13T19:31:24+00:00\",\"mainEntityOfPage\":{\"@id\":\"https:\/\/www.sonoraenequipo.com.mx\/vivienda-vertical-y-regreso-de-oficinas-publicas-la-apuesta-para-rescatar-el-centro-de-culiacan\/\"},\"wordCount\":422,\"commentCount\":0,\"publisher\":{\"@id\":\"https:\/\/www.sonoraenequipo.com.mx\/#organization\"},\"image\":{\"@id\":\"https:\/\/www.sonoraenequipo.com.mx\/vivienda-vertical-y-regreso-de-oficinas-publicas-la-apuesta-para-rescatar-el-centro-de-culiacan\/#primaryimage\"},\"thumbnailUrl\":\"https:\/\/www.sonoraenequipo.com.mx\/storage\/2026\/03\/Vivienda-vertical-y-regreso-de-oficinas-publicas-1.jpg\",\"articleSection\":[\"Rep\u00fablica\"],\"inLanguage\":\"es\",\"potentialAction\":[{\"@type\":\"CommentAction\",\"name\":\"Comment\",\"target\":[\"https:\/\/www.sonoraenequipo.com.mx\/vivienda-vertical-y-regreso-de-oficinas-publicas-la-apuesta-para-rescatar-el-centro-de-culiacan\/#respond\"]}]},{\"@type\":\"WebPage\",\"@id\":\"https:\/\/www.sonoraenequipo.com.mx\/vivienda-vertical-y-regreso-de-oficinas-publicas-la-apuesta-para-rescatar-el-centro-de-culiacan\/\",\"url\":\"https:\/\/www.sonoraenequipo.com.mx\/vivienda-vertical-y-regreso-de-oficinas-publicas-la-apuesta-para-rescatar-el-centro-de-culiacan\/\",\"name\":\"Sonora en Equipo. Vivienda vertical y regreso de oficinas p\u00fablicas, la apuesta para rescatar el Centro de Culiac\u00e1n Rep\u00fablica\",\"isPartOf\":{\"@id\":\"https:\/\/www.sonoraenequipo.com.mx\/#website\"},\"primaryImageOfPage\":{\"@id\":\"https:\/\/www.sonoraenequipo.com.mx\/vivienda-vertical-y-regreso-de-oficinas-publicas-la-apuesta-para-rescatar-el-centro-de-culiacan\/#primaryimage\"},\"image\":{\"@id\":\"https:\/\/www.sonoraenequipo.com.mx\/vivienda-vertical-y-regreso-de-oficinas-publicas-la-apuesta-para-rescatar-el-centro-de-culiacan\/#primaryimage\"},\"thumbnailUrl\":\"https:\/\/www.sonoraenequipo.com.mx\/storage\/2026\/03\/Vivienda-vertical-y-regreso-de-oficinas-publicas-1.jpg\",\"datePublished\":\"2026-03-13T14:10:40+00:00\",\"dateModified\":\"2026-03-13T19:31:24+00:00\",\"description\":\"CULIAC\u00c1N, SINALOA. MX. \u2014 \u2013 Para revitalizar el sector poniente del Centro Hist\u00f3rico de Culiac\u00e1n se est\u00e1 impulsando la construcci\u00f3n de vivienda vertical En Sonora en Equipo publicamos toda la informaci\u00f3n de Sonora, M\u00e9xico y el Mundo de manera oportuna y busca que la libertad de expresi\u00f3n sea real. Visita nuestro medio informativo publicado desde Hermosillo, Sonora. %\",\"breadcrumb\":{\"@id\":\"https:\/\/www.sonoraenequipo.com.mx\/vivienda-vertical-y-regreso-de-oficinas-publicas-la-apuesta-para-rescatar-el-centro-de-culiacan\/#breadcrumb\"},\"inLanguage\":\"es\",\"potentialAction\":[{\"@type\":\"ReadAction\",\"target\":[\"https:\/\/www.sonoraenequipo.com.mx\/vivienda-vertical-y-regreso-de-oficinas-publicas-la-apuesta-para-rescatar-el-centro-de-culiacan\/\"]}]},{\"@type\":\"ImageObject\",\"inLanguage\":\"es\",\"@id\":\"https:\/\/www.sonoraenequipo.com.mx\/vivienda-vertical-y-regreso-de-oficinas-publicas-la-apuesta-para-rescatar-el-centro-de-culiacan\/#primaryimage\",\"url\":\"https:\/\/www.sonoraenequipo.com.mx\/storage\/2026\/03\/Vivienda-vertical-y-regreso-de-oficinas-publicas-1.jpg\",\"contentUrl\":\"https:\/\/www.sonoraenequipo.com.mx\/storage\/2026\/03\/Vivienda-vertical-y-regreso-de-oficinas-publicas-1.jpg\",\"width\":1000,\"height\":645},{\"@type\":\"BreadcrumbList\",\"@id\":\"https:\/\/www.sonoraenequipo.com.mx\/vivienda-vertical-y-regreso-de-oficinas-publicas-la-apuesta-para-rescatar-el-centro-de-culiacan\/#breadcrumb\",\"itemListElement\":[{\"@type\":\"ListItem\",\"position\":1,\"name\":\"Portada\",\"item\":\"https:\/\/www.sonoraenequipo.com.mx\/\"},{\"@type\":\"ListItem\",\"position\":2,\"name\":\"Vivienda vertical y regreso de oficinas p\u00fablicas, la apuesta para rescatar el Centro de Culiac\u00e1n\"}]},{\"@type\":\"WebSite\",\"@id\":\"https:\/\/www.sonoraenequipo.com.mx\/#website\",\"url\":\"https:\/\/www.sonoraenequipo.com.mx\/\",\"name\":\"Sonora en Equipo.\",\"description\":\"Diario en l\u00ednea con Noticias desde Hermosillo, Sonora\",\"publisher\":{\"@id\":\"https:\/\/www.sonoraenequipo.com.mx\/#organization\"},\"potentialAction\":[{\"@type\":\"SearchAction\",\"target\":{\"@type\":\"EntryPoint\",\"urlTemplate\":\"https:\/\/www.sonoraenequipo.com.mx\/?s={search_term_string}\"},\"query-input\":{\"@type\":\"PropertyValueSpecification\",\"valueRequired\":true,\"valueName\":\"search_term_string\"}}],\"inLanguage\":\"es\"},{\"@type\":\"Organization\",\"@id\":\"https:\/\/www.sonoraenequipo.com.mx\/#organization\",\"name\":\"Sonoraenequipo.com.mx\",\"url\":\"https:\/\/www.sonoraenequipo.com.mx\/\",\"logo\":{\"@type\":\"ImageObject\",\"inLanguage\":\"es\",\"@id\":\"https:\/\/www.sonoraenequipo.com.mx\/#\/schema\/logo\/image\/\",\"url\":\"https:\/\/www.sonoraenequipo.com.mx\/storage\/2019\/01\/sonoraenequipo_opt.png\",\"contentUrl\":\"https:\/\/www.sonoraenequipo.com.mx\/storage\/2019\/01\/sonoraenequipo_opt.png\",\"width\":375,\"height\":125,\"caption\":\"Sonoraenequipo.com.mx\"},\"image\":{\"@id\":\"https:\/\/www.sonoraenequipo.com.mx\/#\/schema\/logo\/image\/\"},\"sameAs\":[\"https:\/\/www.facebook.com\/SonoraEE\/\",\"https:\/\/x.com\/sonoraenequipo\",\"https:\/\/www.youtube.com\/channel\/UC338nW-lPEYmJQs4ZABQ1SQ\"]},{\"@type\":\"Person\",\"@id\":\"https:\/\/www.sonoraenequipo.com.mx\/#\/schema\/person\/50102df0fb23a8fa9e8effad8fa81386\",\"name\":\"enequipo\",\"image\":{\"@type\":\"ImageObject\",\"inLanguage\":\"es\",\"@id\":\"https:\/\/www.sonoraenequipo.com.mx\/#\/schema\/person\/image\/\",\"url\":\"https:\/\/secure.gravatar.com\/avatar\/049821681b589dabc0bc20695993ccebb09f5b5d4d790cd9251b97faac7c652b?s=96&d=blank&r=g\",\"contentUrl\":\"https:\/\/secure.gravatar.com\/avatar\/049821681b589dabc0bc20695993ccebb09f5b5d4d790cd9251b97faac7c652b?s=96&d=blank&r=g\",\"caption\":\"enequipo\"},\"sameAs\":[\"https:\/\/www.facebook.com\/SonoraEE\"]}]}<\/script>\n ","yoast_head_json":{"title":"Sonora en Equipo. Vivienda vertical y regreso de oficinas p\u00fablicas, la apuesta para rescatar el Centro de Culiac\u00e1n Rep\u00fablica","description":"CULIAC\u00c1N, SINALOA. MX. \u2014 \u2013 Para revitalizar el sector poniente del Centro Hist\u00f3rico de Culiac\u00e1n se est\u00e1 impulsando la construcci\u00f3n de vivienda vertical En Sonora en Equipo publicamos toda la informaci\u00f3n de Sonora, M\u00e9xico y el Mundo de manera oportuna y busca que la libertad de expresi\u00f3n sea real. Visita nuestro medio informativo publicado desde Hermosillo, Sonora. %","robots":{"index":"index","follow":"follow","max-snippet":"max-snippet:-1","max-image-preview":"max-image-preview:large","max-video-preview":"max-video-preview:-1"},"canonical":"https:\/\/www.sonoraenequipo.com.mx\/vivienda-vertical-y-regreso-de-oficinas-publicas-la-apuesta-para-rescatar-el-centro-de-culiacan\/","og_locale":"es_ES","og_type":"article","og_title":"Sonora en Equipo. Vivienda vertical y regreso de oficinas p\u00fablicas, la apuesta para rescatar el Centro de Culiac\u00e1n Rep\u00fablica","og_description":"CULIAC\u00c1N, SINALOA. MX. \u2014 \u2013 Para revitalizar el sector poniente del Centro Hist\u00f3rico de Culiac\u00e1n se est\u00e1 impulsando la construcci\u00f3n de vivienda vertical En Sonora en Equipo publicamos toda la informaci\u00f3n de Sonora, M\u00e9xico y el Mundo de manera oportuna y busca que la libertad de expresi\u00f3n sea real. Visita nuestro medio informativo publicado desde Hermosillo, Sonora. %","og_url":"https:\/\/www.sonoraenequipo.com.mx\/vivienda-vertical-y-regreso-de-oficinas-publicas-la-apuesta-para-rescatar-el-centro-de-culiacan\/","og_site_name":"Sonora en Equipo.","article_publisher":"https:\/\/www.facebook.com\/SonoraEE\/","article_author":"https:\/\/www.facebook.com\/SonoraEE","article_published_time":"2026-03-13T14:10:40+00:00","article_modified_time":"2026-03-13T19:31:24+00:00","og_image":[{"width":1000,"height":645,"url":"https:\/\/www.sonoraenequipo.com.mx\/storage\/2026\/03\/Vivienda-vertical-y-regreso-de-oficinas-publicas-1.jpg","type":"image\/jpeg"}],"author":"enequipo","twitter_card":"summary_large_image","twitter_creator":"@sonoraenequipo","twitter_site":"@sonoraenequipo","twitter_misc":{"Escrito por":"enequipo","Tiempo de lectura":"2 minutos"},"schema":{"@context":"https:\/\/schema.org","@graph":[{"@type":"Article","@id":"https:\/\/www.sonoraenequipo.com.mx\/vivienda-vertical-y-regreso-de-oficinas-publicas-la-apuesta-para-rescatar-el-centro-de-culiacan\/#article","isPartOf":{"@id":"https:\/\/www.sonoraenequipo.com.mx\/vivienda-vertical-y-regreso-de-oficinas-publicas-la-apuesta-para-rescatar-el-centro-de-culiacan\/"},"author":{"name":"enequipo","@id":"https:\/\/www.sonoraenequipo.com.mx\/#\/schema\/person\/50102df0fb23a8fa9e8effad8fa81386"},"headline":"Vivienda vertical y regreso de oficinas p\u00fablicas, la apuesta para rescatar el Centro de Culiac\u00e1n","datePublished":"2026-03-13T14:10:40+00:00","dateModified":"2026-03-13T19:31:24+00:00","mainEntityOfPage":{"@id":"https:\/\/www.sonoraenequipo.com.mx\/vivienda-vertical-y-regreso-de-oficinas-publicas-la-apuesta-para-rescatar-el-centro-de-culiacan\/"},"wordCount":422,"commentCount":0,"publisher":{"@id":"https:\/\/www.sonoraenequipo.com.mx\/#organization"},"image":{"@id":"https:\/\/www.sonoraenequipo.com.mx\/vivienda-vertical-y-regreso-de-oficinas-publicas-la-apuesta-para-rescatar-el-centro-de-culiacan\/#primaryimage"},"thumbnailUrl":"https:\/\/www.sonoraenequipo.com.mx\/storage\/2026\/03\/Vivienda-vertical-y-regreso-de-oficinas-publicas-1.jpg","articleSection":["Rep\u00fablica"],"inLanguage":"es","potentialAction":[{"@type":"CommentAction","name":"Comment","target":["https:\/\/www.sonoraenequipo.com.mx\/vivienda-vertical-y-regreso-de-oficinas-publicas-la-apuesta-para-rescatar-el-centro-de-culiacan\/#respond"]}]},{"@type":"WebPage","@id":"https:\/\/www.sonoraenequipo.com.mx\/vivienda-vertical-y-regreso-de-oficinas-publicas-la-apuesta-para-rescatar-el-centro-de-culiacan\/","url":"https:\/\/www.sonoraenequipo.com.mx\/vivienda-vertical-y-regreso-de-oficinas-publicas-la-apuesta-para-rescatar-el-centro-de-culiacan\/","name":"Sonora en Equipo. Vivienda vertical y regreso de oficinas p\u00fablicas, la apuesta para rescatar el Centro de Culiac\u00e1n Rep\u00fablica","isPartOf":{"@id":"https:\/\/www.sonoraenequipo.com.mx\/#website"},"primaryImageOfPage":{"@id":"https:\/\/www.sonoraenequipo.com.mx\/vivienda-vertical-y-regreso-de-oficinas-publicas-la-apuesta-para-rescatar-el-centro-de-culiacan\/#primaryimage"},"image":{"@id":"https:\/\/www.sonoraenequipo.com.mx\/vivienda-vertical-y-regreso-de-oficinas-publicas-la-apuesta-para-rescatar-el-centro-de-culiacan\/#primaryimage"},"thumbnailUrl":"https:\/\/www.sonoraenequipo.com.mx\/storage\/2026\/03\/Vivienda-vertical-y-regreso-de-oficinas-publicas-1.jpg","datePublished":"2026-03-13T14:10:40+00:00","dateModified":"2026-03-13T19:31:24+00:00","description":"CULIAC\u00c1N, SINALOA. MX. \u2014 \u2013 Para revitalizar el sector poniente del Centro Hist\u00f3rico de Culiac\u00e1n se est\u00e1 impulsando la construcci\u00f3n de vivienda vertical En Sonora en Equipo publicamos toda la informaci\u00f3n de Sonora, M\u00e9xico y el Mundo de manera oportuna y busca que la libertad de expresi\u00f3n sea real. Visita nuestro medio informativo publicado desde Hermosillo, Sonora. %","breadcrumb":{"@id":"https:\/\/www.sonoraenequipo.com.mx\/vivienda-vertical-y-regreso-de-oficinas-publicas-la-apuesta-para-rescatar-el-centro-de-culiacan\/#breadcrumb"},"inLanguage":"es","potentialAction":[{"@type":"ReadAction","target":["https:\/\/www.sonoraenequipo.com.mx\/vivienda-vertical-y-regreso-de-oficinas-publicas-la-apuesta-para-rescatar-el-centro-de-culiacan\/"]}]},{"@type":"ImageObject","inLanguage":"es","@id":"https:\/\/www.sonoraenequipo.com.mx\/vivienda-vertical-y-regreso-de-oficinas-publicas-la-apuesta-para-rescatar-el-centro-de-culiacan\/#primaryimage","url":"https:\/\/www.sonoraenequipo.com.mx\/storage\/2026\/03\/Vivienda-vertical-y-regreso-de-oficinas-publicas-1.jpg","contentUrl":"https:\/\/www.sonoraenequipo.com.mx\/storage\/2026\/03\/Vivienda-vertical-y-regreso-de-oficinas-publicas-1.jpg","width":1000,"height":645},{"@type":"BreadcrumbList","@id":"https:\/\/www.sonoraenequipo.com.mx\/vivienda-vertical-y-regreso-de-oficinas-publicas-la-apuesta-para-rescatar-el-centro-de-culiacan\/#breadcrumb","itemListElement":[{"@type":"ListItem","position":1,"name":"Portada","item":"https:\/\/www.sonoraenequipo.com.mx\/"},{"@type":"ListItem","position":2,"name":"Vivienda vertical y regreso de oficinas p\u00fablicas, la apuesta para rescatar el Centro de Culiac\u00e1n"}]},{"@type":"WebSite","@id":"https:\/\/www.sonoraenequipo.com.mx\/#website","url":"https:\/\/www.sonoraenequipo.com.mx\/","name":"Sonora en Equipo.","description":"Diario en l\u00ednea con Noticias desde Hermosillo, Sonora","publisher":{"@id":"https:\/\/www.sonoraenequipo.com.mx\/#organization"},"potentialAction":[{"@type":"SearchAction","target":{"@type":"EntryPoint","urlTemplate":"https:\/\/www.sonoraenequipo.com.mx\/?s={search_term_string}"},"query-input":{"@type":"PropertyValueSpecification","valueRequired":true,"valueName":"search_term_string"}}],"inLanguage":"es"},{"@type":"Organization","@id":"https:\/\/www.sonoraenequipo.com.mx\/#organization","name":"Sonoraenequipo.com.mx","url":"https:\/\/www.sonoraenequipo.com.mx\/","logo":{"@type":"ImageObject","inLanguage":"es","@id":"https:\/\/www.sonoraenequipo.com.mx\/#\/schema\/logo\/image\/","url":"https:\/\/www.sonoraenequipo.com.mx\/storage\/2019\/01\/sonoraenequipo_opt.png","contentUrl":"https:\/\/www.sonoraenequipo.com.mx\/storage\/2019\/01\/sonoraenequipo_opt.png","width":375,"height":125,"caption":"Sonoraenequipo.com.mx"},"image":{"@id":"https:\/\/www.sonoraenequipo.com.mx\/#\/schema\/logo\/image\/"},"sameAs":["https:\/\/www.facebook.com\/SonoraEE\/","https:\/\/x.com\/sonoraenequipo","https:\/\/www.youtube.com\/channel\/UC338nW-lPEYmJQs4ZABQ1SQ"]},{"@type":"Person","@id":"https:\/\/www.sonoraenequipo.com.mx\/#\/schema\/person\/50102df0fb23a8fa9e8effad8fa81386","name":"enequipo","image":{"@type":"ImageObject","inLanguage":"es","@id":"https:\/\/www.sonoraenequipo.com.mx\/#\/schema\/person\/image\/","url":"https:\/\/secure.gravatar.com\/avatar\/049821681b589dabc0bc20695993ccebb09f5b5d4d790cd9251b97faac7c652b?s=96&d=blank&r=g","contentUrl":"https:\/\/secure.gravatar.com\/avatar\/049821681b589dabc0bc20695993ccebb09f5b5d4d790cd9251b97faac7c652b?s=96&d=blank&r=g","caption":"enequipo"},"sameAs":["https:\/\/www.facebook.com\/SonoraEE"]}]}},"jetpack_featured_media_url":"https:\/\/www.sonoraenequipo.com.mx\/storage\/2026\/03\/Vivienda-vertical-y-regreso-de-oficinas-publicas-1.jpg","_links":{"self":[{"href":"https:\/\/www.sonoraenequipo.com.mx\/api\/wp\/v2\/posts\/237349","targetHints":{"allow":["GET"]}}],"collection":[{"href":"https:\/\/www.sonoraenequipo.com.mx\/api\/wp\/v2\/posts"}],"about":[{"href":"https:\/\/www.sonoraenequipo.com.mx\/api\/wp\/v2\/types\/post"}],"author":[{"embeddable":true,"href":"https:\/\/www.sonoraenequipo.com.mx\/api\/wp\/v2\/users\/1"}],"replies":[{"embeddable":true,"href":"https:\/\/www.sonoraenequipo.com.mx\/api\/wp\/v2\/comments?post=237349"}],"version-history":[{"count":1,"href":"https:\/\/www.sonoraenequipo.com.mx\/api\/wp\/v2\/posts\/237349\/revisions"}],"predecessor-version":[{"id":237358,"href":"https:\/\/www.sonoraenequipo.com.mx\/api\/wp\/v2\/posts\/237349\/revisions\/237358"}],"wp:featuredmedia":[{"embeddable":true,"href":"https:\/\/www.sonoraenequipo.com.mx\/api\/wp\/v2\/media\/237357"}],"wp:attachment":[{"href":"https:\/\/www.sonoraenequipo.com.mx\/api\/wp\/v2\/media?parent=237349"}],"wp:term":[{"taxonomy":"category","embeddable":true,"href":"https:\/\/www.sonoraenequipo.com.mx\/api\/wp\/v2\/categories?post=237349"},{"taxonomy":"post_tag","embeddable":true,"href":"https:\/\/www.sonoraenequipo.com.mx\/api\/wp\/v2\/tags?post=237349"}],"curies":[{"name":"wp","href":"https:\/\/api.w.org\/{rel}","templated":true}]}}