{"id":237359,"date":"2026-03-13T10:12:52","date_gmt":"2026-03-13T17:12:52","guid":{"rendered":"https:\/\/www.sonoraenequipo.com.mx\/?p=237359"},"modified":"2026-03-13T13:02:56","modified_gmt":"2026-03-13T20:02:56","slug":"recibe-gobierno-de-sonora-donacion-de-acervo-bibliografico-isc","status":"publish","type":"post","link":"https:\/\/www.sonoraenequipo.com.mx\/recibe-gobierno-de-sonora-donacion-de-acervo-bibliografico-isc\/","title":{"rendered":"Recibe Gobierno de Sonora donaci\u00f3n de acervo bibliogr\u00e1fico: ISC"},"content":{"rendered":"<p><strong>HERMOSILLO, SONORA. MX. \u2014<\/strong> El Gobierno de Sonora, a trav\u00e9s de la Secretar\u00eda de Educaci\u00f3n y Cultura (SEC) y el Instituto Sonorense de Cultura (ISC), realiz\u00f3 el protocolo de donaci\u00f3n del acervo bibliogr\u00e1fico \u201cSilvia N\u00fa\u00f1ez Esquer\u201d en la Biblioteca P\u00fablica Central \u201cFortino Le\u00f3n Almada\u201d, una colecci\u00f3n de 390 ejemplares que se incorpora a los vol\u00famenes con que cuenta este recinto.<\/p>\n<p>&nbsp;<\/p>\n<p>&nbsp;<\/p>\n<p> <\/p>\n<p>El acto cont\u00f3 con la presencia de la directora general del ISC, Beatriz Aldaco Encinas, y de la donante, Silvia N\u00fa\u00f1ez Esquer. Durante su intervenci\u00f3n, Aldaco Encinas destac\u00f3 la relevancia de esta colecci\u00f3n para la comunidad sonorense, as\u00ed como la trayectoria de N\u00fa\u00f1ez Esquer en la promoci\u00f3n del feminismo, los derechos humanos y la justicia social.<\/p>\n<p>&nbsp;<\/p>\n<p>&nbsp;<\/p>\n<p>Por su parte, agradeci\u00f3 al ISC por recibir este acervo y se\u00f1al\u00f3 que la donaci\u00f3n constituye un primer paso para poner a disposici\u00f3n del p\u00fablico materiales que puedan ser consultados en la biblioteca y preservados de manera profesional.<\/p>\n<p>&nbsp;<\/p>\n<p>&nbsp;<\/p>\n<p>Como parte de la jornada, se realiz\u00f3 la lectura de fragmentos de libros de la colecci\u00f3n, a cargo de Geraldine L\u00f3pez y Lorena Enr\u00edquez, responsables de Fomento a la Lectura del ISC. Posteriormente, se llev\u00f3 a cabo la develaci\u00f3n del librero que ya resguarda los t\u00edtulos que integran este acervo.<\/p>\n<p>&nbsp;<\/p>\n<p>&nbsp;<\/p>\n<p>La colecci\u00f3n re\u00fane obras literarias, de teor\u00eda feminista, derechos humanos, pensamiento social contempor\u00e1neo y temas relacionados, y su prop\u00f3sito es ampliar las posibilidades de consulta y reflexi\u00f3n para la comunidad lectora.<\/p>\n<p>&nbsp;<\/p>\n<p>&nbsp;<\/p>\n<p>Consulta la agenda de actividades culturales de la entidad en isc.sonora.edu.mx y en redes sociales a trav\u00e9s de @iscsonora.<\/p>\n<p>&nbsp;<\/p>\n<p>&nbsp;<\/p>\n<p>PUBLICADO EL 13 DE MARZO DE 2026 Con informaci\u00f3n de GOBSON\u00a0 0326145)<\/p>\n<p>&nbsp;<\/p>\n","protected":false},"excerpt":{"rendered":"<p>HERMOSILLO, SONORA. MX. \u2014 El Gobierno de Sonora, a trav\u00e9s de la Secretar\u00eda de Educaci\u00f3n&#8230;<\/p>\n","protected":false},"author":1,"featured_media":237350,"comment_status":"open","ping_status":"open","sticky":false,"template":"","format":"standard","meta":{"_monsterinsights_skip_tracking":false,"_monsterinsights_sitenote_active":false,"_monsterinsights_sitenote_note":"","_monsterinsights_sitenote_category":0,"footnotes":""},"categories":[9],"tags":[],"class_list":["post"],"yoast_head":" \n<title>Sonora en Equipo. Recibe Gobierno de Sonora donaci\u00f3n de acervo bibliogr\u00e1fico: ISC Etc\u00e9tera<\/title>\n<meta name=\"description\" content=\"HERMOSILLO, SONORA. MX. \u2014 El Gobierno de Sonora, a trav\u00e9s de la Secretar\u00eda de Educaci\u00f3n y Cultura (SEC) y el Instituto Sonorense de Cultura (ISC), realiz\u00f3 En Sonora en Equipo publicamos toda la informaci\u00f3n de Sonora, M\u00e9xico y el Mundo de manera oportuna y busca que la libertad de expresi\u00f3n sea real. Visita nuestro medio informativo publicado desde Hermosillo, Sonora. %\" \/>\n<meta name=\"robots\" content=\"index, follow, max-snippet:-1, max-image-preview:large, max-video-preview:-1\" \/>\n<link rel=\"canonical\" href=\"https:\/\/www.sonoraenequipo.com.mx\/recibe-gobierno-de-sonora-donacion-de-acervo-bibliografico-isc\/\" \/>\n<meta property=\"og:locale\" content=\"es_ES\" \/>\n<meta property=\"og:type\" content=\"article\" \/>\n<meta property=\"og:title\" content=\"Sonora en Equipo. Recibe Gobierno de Sonora donaci\u00f3n de acervo bibliogr\u00e1fico: ISC Etc\u00e9tera\" \/>\n<meta property=\"og:description\" content=\"HERMOSILLO, SONORA. MX. \u2014 El Gobierno de Sonora, a trav\u00e9s de la Secretar\u00eda de Educaci\u00f3n y Cultura (SEC) y el Instituto Sonorense de Cultura (ISC), realiz\u00f3 En Sonora en Equipo publicamos toda la informaci\u00f3n de Sonora, M\u00e9xico y el Mundo de manera oportuna y busca que la libertad de expresi\u00f3n sea real. Visita nuestro medio informativo publicado desde Hermosillo, Sonora. %\" \/>\n<meta property=\"og:url\" content=\"https:\/\/www.sonoraenequipo.com.mx\/recibe-gobierno-de-sonora-donacion-de-acervo-bibliografico-isc\/\" \/>\n<meta property=\"og:site_name\" content=\"Sonora en Equipo.\" \/>\n<meta property=\"article:publisher\" content=\"https:\/\/www.facebook.com\/SonoraEE\/\" \/>\n<meta property=\"article:author\" content=\"https:\/\/www.facebook.com\/SonoraEE\" \/>\n<meta property=\"article:published_time\" content=\"2026-03-13T17:12:52+00:00\" \/>\n<meta property=\"article:modified_time\" content=\"2026-03-13T20:02:56+00:00\" \/>\n<meta property=\"og:image\" content=\"https:\/\/www.sonoraenequipo.com.mx\/storage\/2026\/03\/Recibe-Gobierno-de-Sonora-donacion-de-acervo-bibliografico-1.jpg\" \/>\n\t<meta property=\"og:image:width\" content=\"1000\" \/>\n\t<meta property=\"og:image:height\" content=\"666\" \/>\n\t<meta property=\"og:image:type\" content=\"image\/jpeg\" \/>\n<meta name=\"author\" content=\"enequipo\" \/>\n<meta name=\"twitter:card\" content=\"summary_large_image\" \/>\n<meta name=\"twitter:creator\" content=\"@sonoraenequipo\" \/>\n<meta name=\"twitter:site\" content=\"@sonoraenequipo\" \/>\n<meta name=\"twitter:label1\" content=\"Escrito por\" \/>\n\t<meta name=\"twitter:data1\" content=\"enequipo\" \/>\n\t<meta name=\"twitter:label2\" content=\"Tiempo de lectura\" \/>\n\t<meta name=\"twitter:data2\" content=\"2 minutos\" \/>\n<script type=\"application\/ld+json\" class=\"yoast-schema-graph\">{\"@context\":\"https:\/\/schema.org\",\"@graph\":[{\"@type\":\"Article\",\"@id\":\"https:\/\/www.sonoraenequipo.com.mx\/recibe-gobierno-de-sonora-donacion-de-acervo-bibliografico-isc\/#article\",\"isPartOf\":{\"@id\":\"https:\/\/www.sonoraenequipo.com.mx\/recibe-gobierno-de-sonora-donacion-de-acervo-bibliografico-isc\/\"},\"author\":{\"name\":\"enequipo\",\"@id\":\"https:\/\/www.sonoraenequipo.com.mx\/#\/schema\/person\/50102df0fb23a8fa9e8effad8fa81386\"},\"headline\":\"Recibe Gobierno de Sonora donaci\u00f3n de acervo bibliogr\u00e1fico: ISC\",\"datePublished\":\"2026-03-13T17:12:52+00:00\",\"dateModified\":\"2026-03-13T20:02:56+00:00\",\"mainEntityOfPage\":{\"@id\":\"https:\/\/www.sonoraenequipo.com.mx\/recibe-gobierno-de-sonora-donacion-de-acervo-bibliografico-isc\/\"},\"wordCount\":320,\"commentCount\":0,\"publisher\":{\"@id\":\"https:\/\/www.sonoraenequipo.com.mx\/#organization\"},\"image\":{\"@id\":\"https:\/\/www.sonoraenequipo.com.mx\/recibe-gobierno-de-sonora-donacion-de-acervo-bibliografico-isc\/#primaryimage\"},\"thumbnailUrl\":\"https:\/\/www.sonoraenequipo.com.mx\/storage\/2026\/03\/Recibe-Gobierno-de-Sonora-donacion-de-acervo-bibliografico-1.jpg\",\"articleSection\":[\"Etc\u00e9tera\"],\"inLanguage\":\"es\",\"potentialAction\":[{\"@type\":\"CommentAction\",\"name\":\"Comment\",\"target\":[\"https:\/\/www.sonoraenequipo.com.mx\/recibe-gobierno-de-sonora-donacion-de-acervo-bibliografico-isc\/#respond\"]}]},{\"@type\":\"WebPage\",\"@id\":\"https:\/\/www.sonoraenequipo.com.mx\/recibe-gobierno-de-sonora-donacion-de-acervo-bibliografico-isc\/\",\"url\":\"https:\/\/www.sonoraenequipo.com.mx\/recibe-gobierno-de-sonora-donacion-de-acervo-bibliografico-isc\/\",\"name\":\"Sonora en Equipo. Recibe Gobierno de Sonora donaci\u00f3n de acervo bibliogr\u00e1fico: ISC Etc\u00e9tera\",\"isPartOf\":{\"@id\":\"https:\/\/www.sonoraenequipo.com.mx\/#website\"},\"primaryImageOfPage\":{\"@id\":\"https:\/\/www.sonoraenequipo.com.mx\/recibe-gobierno-de-sonora-donacion-de-acervo-bibliografico-isc\/#primaryimage\"},\"image\":{\"@id\":\"https:\/\/www.sonoraenequipo.com.mx\/recibe-gobierno-de-sonora-donacion-de-acervo-bibliografico-isc\/#primaryimage\"},\"thumbnailUrl\":\"https:\/\/www.sonoraenequipo.com.mx\/storage\/2026\/03\/Recibe-Gobierno-de-Sonora-donacion-de-acervo-bibliografico-1.jpg\",\"datePublished\":\"2026-03-13T17:12:52+00:00\",\"dateModified\":\"2026-03-13T20:02:56+00:00\",\"description\":\"HERMOSILLO, SONORA. MX. \u2014 El Gobierno de Sonora, a trav\u00e9s de la Secretar\u00eda de Educaci\u00f3n y Cultura (SEC) y el Instituto Sonorense de Cultura (ISC), realiz\u00f3 En Sonora en Equipo publicamos toda la informaci\u00f3n de Sonora, M\u00e9xico y el Mundo de manera oportuna y busca que la libertad de expresi\u00f3n sea real. Visita nuestro medio informativo publicado desde Hermosillo, Sonora. %\",\"breadcrumb\":{\"@id\":\"https:\/\/www.sonoraenequipo.com.mx\/recibe-gobierno-de-sonora-donacion-de-acervo-bibliografico-isc\/#breadcrumb\"},\"inLanguage\":\"es\",\"potentialAction\":[{\"@type\":\"ReadAction\",\"target\":[\"https:\/\/www.sonoraenequipo.com.mx\/recibe-gobierno-de-sonora-donacion-de-acervo-bibliografico-isc\/\"]}]},{\"@type\":\"ImageObject\",\"inLanguage\":\"es\",\"@id\":\"https:\/\/www.sonoraenequipo.com.mx\/recibe-gobierno-de-sonora-donacion-de-acervo-bibliografico-isc\/#primaryimage\",\"url\":\"https:\/\/www.sonoraenequipo.com.mx\/storage\/2026\/03\/Recibe-Gobierno-de-Sonora-donacion-de-acervo-bibliografico-1.jpg\",\"contentUrl\":\"https:\/\/www.sonoraenequipo.com.mx\/storage\/2026\/03\/Recibe-Gobierno-de-Sonora-donacion-de-acervo-bibliografico-1.jpg\",\"width\":1000,\"height\":666},{\"@type\":\"BreadcrumbList\",\"@id\":\"https:\/\/www.sonoraenequipo.com.mx\/recibe-gobierno-de-sonora-donacion-de-acervo-bibliografico-isc\/#breadcrumb\",\"itemListElement\":[{\"@type\":\"ListItem\",\"position\":1,\"name\":\"Portada\",\"item\":\"https:\/\/www.sonoraenequipo.com.mx\/\"},{\"@type\":\"ListItem\",\"position\":2,\"name\":\"Recibe Gobierno de Sonora donaci\u00f3n de acervo bibliogr\u00e1fico: ISC\"}]},{\"@type\":\"WebSite\",\"@id\":\"https:\/\/www.sonoraenequipo.com.mx\/#website\",\"url\":\"https:\/\/www.sonoraenequipo.com.mx\/\",\"name\":\"Sonora en Equipo.\",\"description\":\"Diario en l\u00ednea con Noticias desde Hermosillo, Sonora\",\"publisher\":{\"@id\":\"https:\/\/www.sonoraenequipo.com.mx\/#organization\"},\"potentialAction\":[{\"@type\":\"SearchAction\",\"target\":{\"@type\":\"EntryPoint\",\"urlTemplate\":\"https:\/\/www.sonoraenequipo.com.mx\/?s={search_term_string}\"},\"query-input\":{\"@type\":\"PropertyValueSpecification\",\"valueRequired\":true,\"valueName\":\"search_term_string\"}}],\"inLanguage\":\"es\"},{\"@type\":\"Organization\",\"@id\":\"https:\/\/www.sonoraenequipo.com.mx\/#organization\",\"name\":\"Sonoraenequipo.com.mx\",\"url\":\"https:\/\/www.sonoraenequipo.com.mx\/\",\"logo\":{\"@type\":\"ImageObject\",\"inLanguage\":\"es\",\"@id\":\"https:\/\/www.sonoraenequipo.com.mx\/#\/schema\/logo\/image\/\",\"url\":\"https:\/\/www.sonoraenequipo.com.mx\/storage\/2019\/01\/sonoraenequipo_opt.png\",\"contentUrl\":\"https:\/\/www.sonoraenequipo.com.mx\/storage\/2019\/01\/sonoraenequipo_opt.png\",\"width\":375,\"height\":125,\"caption\":\"Sonoraenequipo.com.mx\"},\"image\":{\"@id\":\"https:\/\/www.sonoraenequipo.com.mx\/#\/schema\/logo\/image\/\"},\"sameAs\":[\"https:\/\/www.facebook.com\/SonoraEE\/\",\"https:\/\/x.com\/sonoraenequipo\",\"https:\/\/www.youtube.com\/channel\/UC338nW-lPEYmJQs4ZABQ1SQ\"]},{\"@type\":\"Person\",\"@id\":\"https:\/\/www.sonoraenequipo.com.mx\/#\/schema\/person\/50102df0fb23a8fa9e8effad8fa81386\",\"name\":\"enequipo\",\"image\":{\"@type\":\"ImageObject\",\"inLanguage\":\"es\",\"@id\":\"https:\/\/www.sonoraenequipo.com.mx\/#\/schema\/person\/image\/\",\"url\":\"https:\/\/secure.gravatar.com\/avatar\/049821681b589dabc0bc20695993ccebb09f5b5d4d790cd9251b97faac7c652b?s=96&d=blank&r=g\",\"contentUrl\":\"https:\/\/secure.gravatar.com\/avatar\/049821681b589dabc0bc20695993ccebb09f5b5d4d790cd9251b97faac7c652b?s=96&d=blank&r=g\",\"caption\":\"enequipo\"},\"sameAs\":[\"https:\/\/www.facebook.com\/SonoraEE\"]}]}<\/script>\n ","yoast_head_json":{"title":"Sonora en Equipo. Recibe Gobierno de Sonora donaci\u00f3n de acervo bibliogr\u00e1fico: ISC Etc\u00e9tera","description":"HERMOSILLO, SONORA. MX. \u2014 El Gobierno de Sonora, a trav\u00e9s de la Secretar\u00eda de Educaci\u00f3n y Cultura (SEC) y el Instituto Sonorense de Cultura (ISC), realiz\u00f3 En Sonora en Equipo publicamos toda la informaci\u00f3n de Sonora, M\u00e9xico y el Mundo de manera oportuna y busca que la libertad de expresi\u00f3n sea real. Visita nuestro medio informativo publicado desde Hermosillo, Sonora. %","robots":{"index":"index","follow":"follow","max-snippet":"max-snippet:-1","max-image-preview":"max-image-preview:large","max-video-preview":"max-video-preview:-1"},"canonical":"https:\/\/www.sonoraenequipo.com.mx\/recibe-gobierno-de-sonora-donacion-de-acervo-bibliografico-isc\/","og_locale":"es_ES","og_type":"article","og_title":"Sonora en Equipo. Recibe Gobierno de Sonora donaci\u00f3n de acervo bibliogr\u00e1fico: ISC Etc\u00e9tera","og_description":"HERMOSILLO, SONORA. MX. \u2014 El Gobierno de Sonora, a trav\u00e9s de la Secretar\u00eda de Educaci\u00f3n y Cultura (SEC) y el Instituto Sonorense de Cultura (ISC), realiz\u00f3 En Sonora en Equipo publicamos toda la informaci\u00f3n de Sonora, M\u00e9xico y el Mundo de manera oportuna y busca que la libertad de expresi\u00f3n sea real. Visita nuestro medio informativo publicado desde Hermosillo, Sonora. %","og_url":"https:\/\/www.sonoraenequipo.com.mx\/recibe-gobierno-de-sonora-donacion-de-acervo-bibliografico-isc\/","og_site_name":"Sonora en Equipo.","article_publisher":"https:\/\/www.facebook.com\/SonoraEE\/","article_author":"https:\/\/www.facebook.com\/SonoraEE","article_published_time":"2026-03-13T17:12:52+00:00","article_modified_time":"2026-03-13T20:02:56+00:00","og_image":[{"width":1000,"height":666,"url":"https:\/\/www.sonoraenequipo.com.mx\/storage\/2026\/03\/Recibe-Gobierno-de-Sonora-donacion-de-acervo-bibliografico-1.jpg","type":"image\/jpeg"}],"author":"enequipo","twitter_card":"summary_large_image","twitter_creator":"@sonoraenequipo","twitter_site":"@sonoraenequipo","twitter_misc":{"Escrito por":"enequipo","Tiempo de lectura":"2 minutos"},"schema":{"@context":"https:\/\/schema.org","@graph":[{"@type":"Article","@id":"https:\/\/www.sonoraenequipo.com.mx\/recibe-gobierno-de-sonora-donacion-de-acervo-bibliografico-isc\/#article","isPartOf":{"@id":"https:\/\/www.sonoraenequipo.com.mx\/recibe-gobierno-de-sonora-donacion-de-acervo-bibliografico-isc\/"},"author":{"name":"enequipo","@id":"https:\/\/www.sonoraenequipo.com.mx\/#\/schema\/person\/50102df0fb23a8fa9e8effad8fa81386"},"headline":"Recibe Gobierno de Sonora donaci\u00f3n de acervo bibliogr\u00e1fico: ISC","datePublished":"2026-03-13T17:12:52+00:00","dateModified":"2026-03-13T20:02:56+00:00","mainEntityOfPage":{"@id":"https:\/\/www.sonoraenequipo.com.mx\/recibe-gobierno-de-sonora-donacion-de-acervo-bibliografico-isc\/"},"wordCount":320,"commentCount":0,"publisher":{"@id":"https:\/\/www.sonoraenequipo.com.mx\/#organization"},"image":{"@id":"https:\/\/www.sonoraenequipo.com.mx\/recibe-gobierno-de-sonora-donacion-de-acervo-bibliografico-isc\/#primaryimage"},"thumbnailUrl":"https:\/\/www.sonoraenequipo.com.mx\/storage\/2026\/03\/Recibe-Gobierno-de-Sonora-donacion-de-acervo-bibliografico-1.jpg","articleSection":["Etc\u00e9tera"],"inLanguage":"es","potentialAction":[{"@type":"CommentAction","name":"Comment","target":["https:\/\/www.sonoraenequipo.com.mx\/recibe-gobierno-de-sonora-donacion-de-acervo-bibliografico-isc\/#respond"]}]},{"@type":"WebPage","@id":"https:\/\/www.sonoraenequipo.com.mx\/recibe-gobierno-de-sonora-donacion-de-acervo-bibliografico-isc\/","url":"https:\/\/www.sonoraenequipo.com.mx\/recibe-gobierno-de-sonora-donacion-de-acervo-bibliografico-isc\/","name":"Sonora en Equipo. Recibe Gobierno de Sonora donaci\u00f3n de acervo bibliogr\u00e1fico: ISC Etc\u00e9tera","isPartOf":{"@id":"https:\/\/www.sonoraenequipo.com.mx\/#website"},"primaryImageOfPage":{"@id":"https:\/\/www.sonoraenequipo.com.mx\/recibe-gobierno-de-sonora-donacion-de-acervo-bibliografico-isc\/#primaryimage"},"image":{"@id":"https:\/\/www.sonoraenequipo.com.mx\/recibe-gobierno-de-sonora-donacion-de-acervo-bibliografico-isc\/#primaryimage"},"thumbnailUrl":"https:\/\/www.sonoraenequipo.com.mx\/storage\/2026\/03\/Recibe-Gobierno-de-Sonora-donacion-de-acervo-bibliografico-1.jpg","datePublished":"2026-03-13T17:12:52+00:00","dateModified":"2026-03-13T20:02:56+00:00","description":"HERMOSILLO, SONORA. MX. \u2014 El Gobierno de Sonora, a trav\u00e9s de la Secretar\u00eda de Educaci\u00f3n y Cultura (SEC) y el Instituto Sonorense de Cultura (ISC), realiz\u00f3 En Sonora en Equipo publicamos toda la informaci\u00f3n de Sonora, M\u00e9xico y el Mundo de manera oportuna y busca que la libertad de expresi\u00f3n sea real. Visita nuestro medio informativo publicado desde Hermosillo, Sonora. %","breadcrumb":{"@id":"https:\/\/www.sonoraenequipo.com.mx\/recibe-gobierno-de-sonora-donacion-de-acervo-bibliografico-isc\/#breadcrumb"},"inLanguage":"es","potentialAction":[{"@type":"ReadAction","target":["https:\/\/www.sonoraenequipo.com.mx\/recibe-gobierno-de-sonora-donacion-de-acervo-bibliografico-isc\/"]}]},{"@type":"ImageObject","inLanguage":"es","@id":"https:\/\/www.sonoraenequipo.com.mx\/recibe-gobierno-de-sonora-donacion-de-acervo-bibliografico-isc\/#primaryimage","url":"https:\/\/www.sonoraenequipo.com.mx\/storage\/2026\/03\/Recibe-Gobierno-de-Sonora-donacion-de-acervo-bibliografico-1.jpg","contentUrl":"https:\/\/www.sonoraenequipo.com.mx\/storage\/2026\/03\/Recibe-Gobierno-de-Sonora-donacion-de-acervo-bibliografico-1.jpg","width":1000,"height":666},{"@type":"BreadcrumbList","@id":"https:\/\/www.sonoraenequipo.com.mx\/recibe-gobierno-de-sonora-donacion-de-acervo-bibliografico-isc\/#breadcrumb","itemListElement":[{"@type":"ListItem","position":1,"name":"Portada","item":"https:\/\/www.sonoraenequipo.com.mx\/"},{"@type":"ListItem","position":2,"name":"Recibe Gobierno de Sonora donaci\u00f3n de acervo bibliogr\u00e1fico: ISC"}]},{"@type":"WebSite","@id":"https:\/\/www.sonoraenequipo.com.mx\/#website","url":"https:\/\/www.sonoraenequipo.com.mx\/","name":"Sonora en Equipo.","description":"Diario en l\u00ednea con Noticias desde Hermosillo, Sonora","publisher":{"@id":"https:\/\/www.sonoraenequipo.com.mx\/#organization"},"potentialAction":[{"@type":"SearchAction","target":{"@type":"EntryPoint","urlTemplate":"https:\/\/www.sonoraenequipo.com.mx\/?s={search_term_string}"},"query-input":{"@type":"PropertyValueSpecification","valueRequired":true,"valueName":"search_term_string"}}],"inLanguage":"es"},{"@type":"Organization","@id":"https:\/\/www.sonoraenequipo.com.mx\/#organization","name":"Sonoraenequipo.com.mx","url":"https:\/\/www.sonoraenequipo.com.mx\/","logo":{"@type":"ImageObject","inLanguage":"es","@id":"https:\/\/www.sonoraenequipo.com.mx\/#\/schema\/logo\/image\/","url":"https:\/\/www.sonoraenequipo.com.mx\/storage\/2019\/01\/sonoraenequipo_opt.png","contentUrl":"https:\/\/www.sonoraenequipo.com.mx\/storage\/2019\/01\/sonoraenequipo_opt.png","width":375,"height":125,"caption":"Sonoraenequipo.com.mx"},"image":{"@id":"https:\/\/www.sonoraenequipo.com.mx\/#\/schema\/logo\/image\/"},"sameAs":["https:\/\/www.facebook.com\/SonoraEE\/","https:\/\/x.com\/sonoraenequipo","https:\/\/www.youtube.com\/channel\/UC338nW-lPEYmJQs4ZABQ1SQ"]},{"@type":"Person","@id":"https:\/\/www.sonoraenequipo.com.mx\/#\/schema\/person\/50102df0fb23a8fa9e8effad8fa81386","name":"enequipo","image":{"@type":"ImageObject","inLanguage":"es","@id":"https:\/\/www.sonoraenequipo.com.mx\/#\/schema\/person\/image\/","url":"https:\/\/secure.gravatar.com\/avatar\/049821681b589dabc0bc20695993ccebb09f5b5d4d790cd9251b97faac7c652b?s=96&d=blank&r=g","contentUrl":"https:\/\/secure.gravatar.com\/avatar\/049821681b589dabc0bc20695993ccebb09f5b5d4d790cd9251b97faac7c652b?s=96&d=blank&r=g","caption":"enequipo"},"sameAs":["https:\/\/www.facebook.com\/SonoraEE"]}]}},"jetpack_featured_media_url":"https:\/\/www.sonoraenequipo.com.mx\/storage\/2026\/03\/Recibe-Gobierno-de-Sonora-donacion-de-acervo-bibliografico-1.jpg","_links":{"self":[{"href":"https:\/\/www.sonoraenequipo.com.mx\/api\/wp\/v2\/posts\/237359","targetHints":{"allow":["GET"]}}],"collection":[{"href":"https:\/\/www.sonoraenequipo.com.mx\/api\/wp\/v2\/posts"}],"about":[{"href":"https:\/\/www.sonoraenequipo.com.mx\/api\/wp\/v2\/types\/post"}],"author":[{"embeddable":true,"href":"https:\/\/www.sonoraenequipo.com.mx\/api\/wp\/v2\/users\/1"}],"replies":[{"embeddable":true,"href":"https:\/\/www.sonoraenequipo.com.mx\/api\/wp\/v2\/comments?post=237359"}],"version-history":[{"count":1,"href":"https:\/\/www.sonoraenequipo.com.mx\/api\/wp\/v2\/posts\/237359\/revisions"}],"predecessor-version":[{"id":237360,"href":"https:\/\/www.sonoraenequipo.com.mx\/api\/wp\/v2\/posts\/237359\/revisions\/237360"}],"wp:featuredmedia":[{"embeddable":true,"href":"https:\/\/www.sonoraenequipo.com.mx\/api\/wp\/v2\/media\/237350"}],"wp:attachment":[{"href":"https:\/\/www.sonoraenequipo.com.mx\/api\/wp\/v2\/media?parent=237359"}],"wp:term":[{"taxonomy":"category","embeddable":true,"href":"https:\/\/www.sonoraenequipo.com.mx\/api\/wp\/v2\/categories?post=237359"},{"taxonomy":"post_tag","embeddable":true,"href":"https:\/\/www.sonoraenequipo.com.mx\/api\/wp\/v2\/tags?post=237359"}],"curies":[{"name":"wp","href":"https:\/\/api.w.org\/{rel}","templated":true}]}}