{"id":237361,"date":"2026-03-13T11:19:31","date_gmt":"2026-03-13T18:19:31","guid":{"rendered":"https:\/\/www.sonoraenequipo.com.mx\/?p=237361"},"modified":"2026-03-13T13:25:28","modified_gmt":"2026-03-13T20:25:28","slug":"diaz-canel-revela-que-hay-conversaciones-entre-cuba-y-eu","status":"publish","type":"post","link":"https:\/\/www.sonoraenequipo.com.mx\/diaz-canel-revela-que-hay-conversaciones-entre-cuba-y-eu\/","title":{"rendered":"D\u00edaz-Canel revela que hay conversaciones entre Cuba y EU"},"content":{"rendered":"<p><strong>LA HABANA, CUBA. \u2014<\/strong> El presidente cubano, Miguel D\u00edaz-Canel, confirm\u00f3 este viernes que \u00abfuncionarios cubanos han sostenido recientemente \u00abconversaciones\u00bb con representantes de Estados Unidos, en un contexto de fuerte tensi\u00f3n entre Washington y La Habana.<\/p>\n<p>&nbsp;<\/p>\n<p>&nbsp;<\/p>\n<p> <\/p>\n<p><em><strong>\u00abFuncionarios cubanos han sostenido recientemente conversaciones con representantes del gobierno de los Estados Unidos\u00bb,<\/strong><\/em> se\u00f1al\u00f3 D\u00edaz-Canel en una reuni\u00f3n con miembros de las m\u00e1s altas instancias del PCC y del comit\u00e9 ejecutivo del Consejo de Ministros, seg\u00fan im\u00e1genes difundidas por la televisi\u00f3n cubana.<\/p>\n<p>&nbsp;<\/p>\n<p>&nbsp;<\/p>\n<p>&nbsp;<\/p>\n<p><em><strong>\u00abEsta conversaciones han estado orientadas a buscar soluciones por la v\u00eda del di\u00e1logo a las diferencias bilaterales que tenemos entre las dos naciones\u00bb,<\/strong><\/em> a\u00f1adi\u00f3 el presidente cubano.<\/p>\n<p>&nbsp;<\/p>\n<p>&nbsp;<\/p>\n<p>&nbsp;<\/p>\n<p>D\u00edaz-Canel, que es tambi\u00e9n primer secretario del PCC, destac\u00f3 que esas conversaciones, son facilitadas por \u00abfactores internacionales\u00bb que no precis\u00f3.<\/p>\n<p>&nbsp;<\/p>\n<p>&nbsp;<\/p>\n<p>D\u00edaz-Canel subray\u00f3 que las conversaciones con Estados Unidos buscan \u00aben primer lugar identificar cu\u00e1les son los problemas bilaterales que necesitan una soluci\u00f3n a partir de la gravedad que tienen\u00bb.<\/p>\n<p>&nbsp;<\/p>\n<p>&nbsp;<\/p>\n<p>Asimismo, pretenden <strong><em>\u00abdeterminar la disposici\u00f3n de ambas partes de concretar acciones en beneficio de los pueblos de ambos pa\u00edses\u00bb e \u00abidentificar \u00e1reas de cooperaci\u00f3n\u00bb<\/em><\/strong>, detall\u00f3.<\/p>\n<p>&nbsp;<\/p>\n<p>&nbsp;<\/p>\n<p>Seg\u00fan D\u00edaz-Canel, durante esos intercambios, La Habana ha expresado su <em><strong>\u00abvoluntad de llevar a cabo este proceso, sobre bases de igualdad y respeto a los sistemas pol\u00edticos de ambos Estados, a la soberan\u00eda y la autodeterminaci\u00f3n\u00bb.<\/strong><\/em><\/p>\n<p>&nbsp;<\/p>\n<p>&nbsp;<\/p>\n<p>En el mismo evento, D\u00edaz &#8211; Canel afirm\u00f3 que Cuba lleva m\u00e1s de tres meses sin suministro de combustible.<\/p>\n<p>&nbsp;<\/p>\n<p>&nbsp;<\/p>\n<p><strong>\u00abHoy podemos ratificar que hace m\u00e1s de tres meses que no entra ning\u00fan barco a nuestro pa\u00eds\u00bb,<\/strong> dijo al agregar que Cuba est\u00e1 trabajando en \u00abcondiciones muy adversas que tienen un impacto inconmensurable en la vida\u00bb del pueblo cubano\u200b\u200b\u200b.<\/p>\n<p>&nbsp;<\/p>\n<p>&nbsp;<\/p>\n<p>Asegur\u00f3 que la disminuci\u00f3n de las reservas cubanas de di\u00e9sel y combustible en 3 meses afectaron el funcionamiento de la red el\u00e9ctrica nacional haci\u00e9ndolo m\u00e1s inestable.<\/p>\n<p>&nbsp;<\/p>\n<p>&nbsp;<\/p>\n<p>Donald Trump no oculta su deseo de un cambio de r\u00e9gimen en Cuba, gobernada por el Partido Comunista (PCC) y ubicada a solo 150 km de Estados Unidos. Seg\u00fan Washington, representa una \u00abamenaza excepcional\u00bb, principalmente por sus estrechas relaciones con Rusia, China e Ir\u00e1n, aliados de La Habana.<\/p>\n<p>&nbsp;<\/p>\n<p>&nbsp;<\/p>\n<p>El presidente Trump ha instado a La Habana a \u00abalcanzar un acuerdo\u00bb o enfrentar las consecuencias.<\/p>\n<p>&nbsp;<\/p>\n<p>&nbsp;<\/p>\n<p>Desde mediados de enero asegur\u00f3 que su gobierno ya sosten\u00eda conversaciones con altos dirigentes de la isla, sumida desde hace seis a\u00f1os en una crisis sin precedentes, agravada por el bloqueo petrolero de facto que le ha impuesto Estados Unidos.<\/p>\n<p>&nbsp;<\/p>\n<p>&nbsp;<\/p>\n<h3>Liberaci\u00f3n de presos<\/h3>\n<p>&nbsp;<\/p>\n<p>&nbsp;<\/p>\n<p>Cuba anunci\u00f3 el jueves que liberar\u00e1 a 51 presos \u2060en los pr\u00f3ximos d\u00edas en virtud de un acuerdo con el Vaticano. La liberaci\u00f3n de los presos se produce dos semanas despu\u00e9s de que el ministro de Relaciones Exteriores, Bruno Rodr\u00edguez, se reuniera con el papa Le\u00f3n XIV en el Vaticano y en un momento en que Cuba se enfrenta a una grave crisis econ\u00f3mica, agravada por la imposici\u00f3n por parte del presidente estadunidense, Donald Trump, de un bloqueo petrolero virtual a la isla caribe\u00f1a.<\/p>\n<p>&nbsp;<\/p>\n<p>&nbsp;<\/p>\n<p><em><strong>\u00abEn el esp\u00edritu de buena voluntad, de estrechas y fluidas relaciones entre el Estado cubano y el \u2060Vaticano, con el cual \u200bse ha mantenido hist\u00f3ricamente una comunicaci\u00f3n sobre los procesos de revisi\u00f3n \u2060y excarcelaci\u00f3n de personas privadas de libertad, el Gobierno de Cuba ha decidido liberar en los pr\u00f3ximos d\u00edas a 51 personas sancionadas a privaci\u00f3n de libertad\u00bb<\/strong><\/em> dijo el Ministerio de Relaciones Exteriores en un comunicado.<\/p>\n<p>&nbsp;<\/p>\n<p>&nbsp;<\/p>\n<p>PUBLICADO EL 13 DE MARZO DE 2026 Con informaci\u00f3n de AFP\/Reuters\/ Sputnik)<\/p>\n","protected":false},"excerpt":{"rendered":"<p>LA HABANA, CUBA. \u2014 El presidente cubano, Miguel D\u00edaz-Canel, confirm\u00f3 este viernes que \u00abfuncionarios cubanos&#8230;<\/p>\n","protected":false},"author":1,"featured_media":237335,"comment_status":"open","ping_status":"open","sticky":false,"template":"","format":"standard","meta":{"_monsterinsights_skip_tracking":false,"_monsterinsights_sitenote_active":false,"_monsterinsights_sitenote_note":"","_monsterinsights_sitenote_category":0,"footnotes":""},"categories":[3],"tags":[],"class_list":["post"],"yoast_head":" \n<title>Sonora en Equipo. D\u00edaz-Canel revela que hay conversaciones entre Cuba y EU MUNDO<\/title>\n<meta name=\"description\" content=\"LA HABANA, CUBA. \u2014 El presidente cubano, Miguel D\u00edaz-Canel, confirm\u00f3 este viernes que &quot;funcionarios cubanos han sostenido recientemente &quot;conversaciones&quot; En Sonora en Equipo publicamos toda la informaci\u00f3n de Sonora, M\u00e9xico y el Mundo de manera oportuna y busca que la libertad de expresi\u00f3n sea real. Visita nuestro medio informativo publicado desde Hermosillo, Sonora. %\" \/>\n<meta name=\"robots\" content=\"index, follow, max-snippet:-1, max-image-preview:large, max-video-preview:-1\" \/>\n<link rel=\"canonical\" href=\"https:\/\/www.sonoraenequipo.com.mx\/diaz-canel-revela-que-hay-conversaciones-entre-cuba-y-eu\/\" \/>\n<meta property=\"og:locale\" content=\"es_ES\" \/>\n<meta property=\"og:type\" content=\"article\" \/>\n<meta property=\"og:title\" content=\"Sonora en Equipo. D\u00edaz-Canel revela que hay conversaciones entre Cuba y EU MUNDO\" \/>\n<meta property=\"og:description\" content=\"LA HABANA, CUBA. \u2014 El presidente cubano, Miguel D\u00edaz-Canel, confirm\u00f3 este viernes que &quot;funcionarios cubanos han sostenido recientemente &quot;conversaciones&quot; En Sonora en Equipo publicamos toda la informaci\u00f3n de Sonora, M\u00e9xico y el Mundo de manera oportuna y busca que la libertad de expresi\u00f3n sea real. Visita nuestro medio informativo publicado desde Hermosillo, Sonora. %\" \/>\n<meta property=\"og:url\" content=\"https:\/\/www.sonoraenequipo.com.mx\/diaz-canel-revela-que-hay-conversaciones-entre-cuba-y-eu\/\" \/>\n<meta property=\"og:site_name\" content=\"Sonora en Equipo.\" \/>\n<meta property=\"article:publisher\" content=\"https:\/\/www.facebook.com\/SonoraEE\/\" \/>\n<meta property=\"article:author\" content=\"https:\/\/www.facebook.com\/SonoraEE\" \/>\n<meta property=\"article:published_time\" content=\"2026-03-13T18:19:31+00:00\" \/>\n<meta property=\"article:modified_time\" content=\"2026-03-13T20:25:28+00:00\" \/>\n<meta property=\"og:image\" content=\"https:\/\/www.sonoraenequipo.com.mx\/storage\/2026\/03\/DIAZ-CANEL-revela-que-conversa-con-EUA-1.jpg\" \/>\n\t<meta property=\"og:image:width\" content=\"1000\" \/>\n\t<meta property=\"og:image:height\" content=\"666\" \/>\n\t<meta property=\"og:image:type\" content=\"image\/jpeg\" \/>\n<meta name=\"author\" content=\"enequipo\" \/>\n<meta name=\"twitter:card\" content=\"summary_large_image\" \/>\n<meta name=\"twitter:creator\" content=\"@sonoraenequipo\" \/>\n<meta name=\"twitter:site\" content=\"@sonoraenequipo\" \/>\n<meta name=\"twitter:label1\" content=\"Escrito por\" \/>\n\t<meta name=\"twitter:data1\" content=\"enequipo\" \/>\n\t<meta name=\"twitter:label2\" content=\"Tiempo de lectura\" \/>\n\t<meta name=\"twitter:data2\" content=\"3 minutos\" \/>\n<script type=\"application\/ld+json\" class=\"yoast-schema-graph\">{\"@context\":\"https:\/\/schema.org\",\"@graph\":[{\"@type\":\"Article\",\"@id\":\"https:\/\/www.sonoraenequipo.com.mx\/diaz-canel-revela-que-hay-conversaciones-entre-cuba-y-eu\/#article\",\"isPartOf\":{\"@id\":\"https:\/\/www.sonoraenequipo.com.mx\/diaz-canel-revela-que-hay-conversaciones-entre-cuba-y-eu\/\"},\"author\":{\"name\":\"enequipo\",\"@id\":\"https:\/\/www.sonoraenequipo.com.mx\/#\/schema\/person\/50102df0fb23a8fa9e8effad8fa81386\"},\"headline\":\"D\u00edaz-Canel revela que hay conversaciones entre Cuba y EU\",\"datePublished\":\"2026-03-13T18:19:31+00:00\",\"dateModified\":\"2026-03-13T20:25:28+00:00\",\"mainEntityOfPage\":{\"@id\":\"https:\/\/www.sonoraenequipo.com.mx\/diaz-canel-revela-que-hay-conversaciones-entre-cuba-y-eu\/\"},\"wordCount\":666,\"commentCount\":0,\"publisher\":{\"@id\":\"https:\/\/www.sonoraenequipo.com.mx\/#organization\"},\"image\":{\"@id\":\"https:\/\/www.sonoraenequipo.com.mx\/diaz-canel-revela-que-hay-conversaciones-entre-cuba-y-eu\/#primaryimage\"},\"thumbnailUrl\":\"https:\/\/www.sonoraenequipo.com.mx\/storage\/2026\/03\/DIAZ-CANEL-revela-que-conversa-con-EUA-1.jpg\",\"articleSection\":[\"MUNDO\"],\"inLanguage\":\"es\",\"potentialAction\":[{\"@type\":\"CommentAction\",\"name\":\"Comment\",\"target\":[\"https:\/\/www.sonoraenequipo.com.mx\/diaz-canel-revela-que-hay-conversaciones-entre-cuba-y-eu\/#respond\"]}]},{\"@type\":\"WebPage\",\"@id\":\"https:\/\/www.sonoraenequipo.com.mx\/diaz-canel-revela-que-hay-conversaciones-entre-cuba-y-eu\/\",\"url\":\"https:\/\/www.sonoraenequipo.com.mx\/diaz-canel-revela-que-hay-conversaciones-entre-cuba-y-eu\/\",\"name\":\"Sonora en Equipo. D\u00edaz-Canel revela que hay conversaciones entre Cuba y EU MUNDO\",\"isPartOf\":{\"@id\":\"https:\/\/www.sonoraenequipo.com.mx\/#website\"},\"primaryImageOfPage\":{\"@id\":\"https:\/\/www.sonoraenequipo.com.mx\/diaz-canel-revela-que-hay-conversaciones-entre-cuba-y-eu\/#primaryimage\"},\"image\":{\"@id\":\"https:\/\/www.sonoraenequipo.com.mx\/diaz-canel-revela-que-hay-conversaciones-entre-cuba-y-eu\/#primaryimage\"},\"thumbnailUrl\":\"https:\/\/www.sonoraenequipo.com.mx\/storage\/2026\/03\/DIAZ-CANEL-revela-que-conversa-con-EUA-1.jpg\",\"datePublished\":\"2026-03-13T18:19:31+00:00\",\"dateModified\":\"2026-03-13T20:25:28+00:00\",\"description\":\"LA HABANA, CUBA. \u2014 El presidente cubano, Miguel D\u00edaz-Canel, confirm\u00f3 este viernes que \\\"funcionarios cubanos han sostenido recientemente \\\"conversaciones\\\" En Sonora en Equipo publicamos toda la informaci\u00f3n de Sonora, M\u00e9xico y el Mundo de manera oportuna y busca que la libertad de expresi\u00f3n sea real. Visita nuestro medio informativo publicado desde Hermosillo, Sonora. %\",\"breadcrumb\":{\"@id\":\"https:\/\/www.sonoraenequipo.com.mx\/diaz-canel-revela-que-hay-conversaciones-entre-cuba-y-eu\/#breadcrumb\"},\"inLanguage\":\"es\",\"potentialAction\":[{\"@type\":\"ReadAction\",\"target\":[\"https:\/\/www.sonoraenequipo.com.mx\/diaz-canel-revela-que-hay-conversaciones-entre-cuba-y-eu\/\"]}]},{\"@type\":\"ImageObject\",\"inLanguage\":\"es\",\"@id\":\"https:\/\/www.sonoraenequipo.com.mx\/diaz-canel-revela-que-hay-conversaciones-entre-cuba-y-eu\/#primaryimage\",\"url\":\"https:\/\/www.sonoraenequipo.com.mx\/storage\/2026\/03\/DIAZ-CANEL-revela-que-conversa-con-EUA-1.jpg\",\"contentUrl\":\"https:\/\/www.sonoraenequipo.com.mx\/storage\/2026\/03\/DIAZ-CANEL-revela-que-conversa-con-EUA-1.jpg\",\"width\":1000,\"height\":666},{\"@type\":\"BreadcrumbList\",\"@id\":\"https:\/\/www.sonoraenequipo.com.mx\/diaz-canel-revela-que-hay-conversaciones-entre-cuba-y-eu\/#breadcrumb\",\"itemListElement\":[{\"@type\":\"ListItem\",\"position\":1,\"name\":\"Portada\",\"item\":\"https:\/\/www.sonoraenequipo.com.mx\/\"},{\"@type\":\"ListItem\",\"position\":2,\"name\":\"D\u00edaz-Canel revela que hay conversaciones entre Cuba y EU\"}]},{\"@type\":\"WebSite\",\"@id\":\"https:\/\/www.sonoraenequipo.com.mx\/#website\",\"url\":\"https:\/\/www.sonoraenequipo.com.mx\/\",\"name\":\"Sonora en Equipo.\",\"description\":\"Diario en l\u00ednea con Noticias desde Hermosillo, Sonora\",\"publisher\":{\"@id\":\"https:\/\/www.sonoraenequipo.com.mx\/#organization\"},\"potentialAction\":[{\"@type\":\"SearchAction\",\"target\":{\"@type\":\"EntryPoint\",\"urlTemplate\":\"https:\/\/www.sonoraenequipo.com.mx\/?s={search_term_string}\"},\"query-input\":{\"@type\":\"PropertyValueSpecification\",\"valueRequired\":true,\"valueName\":\"search_term_string\"}}],\"inLanguage\":\"es\"},{\"@type\":\"Organization\",\"@id\":\"https:\/\/www.sonoraenequipo.com.mx\/#organization\",\"name\":\"Sonoraenequipo.com.mx\",\"url\":\"https:\/\/www.sonoraenequipo.com.mx\/\",\"logo\":{\"@type\":\"ImageObject\",\"inLanguage\":\"es\",\"@id\":\"https:\/\/www.sonoraenequipo.com.mx\/#\/schema\/logo\/image\/\",\"url\":\"https:\/\/www.sonoraenequipo.com.mx\/storage\/2019\/01\/sonoraenequipo_opt.png\",\"contentUrl\":\"https:\/\/www.sonoraenequipo.com.mx\/storage\/2019\/01\/sonoraenequipo_opt.png\",\"width\":375,\"height\":125,\"caption\":\"Sonoraenequipo.com.mx\"},\"image\":{\"@id\":\"https:\/\/www.sonoraenequipo.com.mx\/#\/schema\/logo\/image\/\"},\"sameAs\":[\"https:\/\/www.facebook.com\/SonoraEE\/\",\"https:\/\/x.com\/sonoraenequipo\",\"https:\/\/www.youtube.com\/channel\/UC338nW-lPEYmJQs4ZABQ1SQ\"]},{\"@type\":\"Person\",\"@id\":\"https:\/\/www.sonoraenequipo.com.mx\/#\/schema\/person\/50102df0fb23a8fa9e8effad8fa81386\",\"name\":\"enequipo\",\"image\":{\"@type\":\"ImageObject\",\"inLanguage\":\"es\",\"@id\":\"https:\/\/www.sonoraenequipo.com.mx\/#\/schema\/person\/image\/\",\"url\":\"https:\/\/secure.gravatar.com\/avatar\/049821681b589dabc0bc20695993ccebb09f5b5d4d790cd9251b97faac7c652b?s=96&d=blank&r=g\",\"contentUrl\":\"https:\/\/secure.gravatar.com\/avatar\/049821681b589dabc0bc20695993ccebb09f5b5d4d790cd9251b97faac7c652b?s=96&d=blank&r=g\",\"caption\":\"enequipo\"},\"sameAs\":[\"https:\/\/www.facebook.com\/SonoraEE\"]}]}<\/script>\n ","yoast_head_json":{"title":"Sonora en Equipo. D\u00edaz-Canel revela que hay conversaciones entre Cuba y EU MUNDO","description":"LA HABANA, CUBA. \u2014 El presidente cubano, Miguel D\u00edaz-Canel, confirm\u00f3 este viernes que \"funcionarios cubanos han sostenido recientemente \"conversaciones\" En Sonora en Equipo publicamos toda la informaci\u00f3n de Sonora, M\u00e9xico y el Mundo de manera oportuna y busca que la libertad de expresi\u00f3n sea real. Visita nuestro medio informativo publicado desde Hermosillo, Sonora. %","robots":{"index":"index","follow":"follow","max-snippet":"max-snippet:-1","max-image-preview":"max-image-preview:large","max-video-preview":"max-video-preview:-1"},"canonical":"https:\/\/www.sonoraenequipo.com.mx\/diaz-canel-revela-que-hay-conversaciones-entre-cuba-y-eu\/","og_locale":"es_ES","og_type":"article","og_title":"Sonora en Equipo. D\u00edaz-Canel revela que hay conversaciones entre Cuba y EU MUNDO","og_description":"LA HABANA, CUBA. \u2014 El presidente cubano, Miguel D\u00edaz-Canel, confirm\u00f3 este viernes que \"funcionarios cubanos han sostenido recientemente \"conversaciones\" En Sonora en Equipo publicamos toda la informaci\u00f3n de Sonora, M\u00e9xico y el Mundo de manera oportuna y busca que la libertad de expresi\u00f3n sea real. Visita nuestro medio informativo publicado desde Hermosillo, Sonora. %","og_url":"https:\/\/www.sonoraenequipo.com.mx\/diaz-canel-revela-que-hay-conversaciones-entre-cuba-y-eu\/","og_site_name":"Sonora en Equipo.","article_publisher":"https:\/\/www.facebook.com\/SonoraEE\/","article_author":"https:\/\/www.facebook.com\/SonoraEE","article_published_time":"2026-03-13T18:19:31+00:00","article_modified_time":"2026-03-13T20:25:28+00:00","og_image":[{"width":1000,"height":666,"url":"https:\/\/www.sonoraenequipo.com.mx\/storage\/2026\/03\/DIAZ-CANEL-revela-que-conversa-con-EUA-1.jpg","type":"image\/jpeg"}],"author":"enequipo","twitter_card":"summary_large_image","twitter_creator":"@sonoraenequipo","twitter_site":"@sonoraenequipo","twitter_misc":{"Escrito por":"enequipo","Tiempo de lectura":"3 minutos"},"schema":{"@context":"https:\/\/schema.org","@graph":[{"@type":"Article","@id":"https:\/\/www.sonoraenequipo.com.mx\/diaz-canel-revela-que-hay-conversaciones-entre-cuba-y-eu\/#article","isPartOf":{"@id":"https:\/\/www.sonoraenequipo.com.mx\/diaz-canel-revela-que-hay-conversaciones-entre-cuba-y-eu\/"},"author":{"name":"enequipo","@id":"https:\/\/www.sonoraenequipo.com.mx\/#\/schema\/person\/50102df0fb23a8fa9e8effad8fa81386"},"headline":"D\u00edaz-Canel revela que hay conversaciones entre Cuba y EU","datePublished":"2026-03-13T18:19:31+00:00","dateModified":"2026-03-13T20:25:28+00:00","mainEntityOfPage":{"@id":"https:\/\/www.sonoraenequipo.com.mx\/diaz-canel-revela-que-hay-conversaciones-entre-cuba-y-eu\/"},"wordCount":666,"commentCount":0,"publisher":{"@id":"https:\/\/www.sonoraenequipo.com.mx\/#organization"},"image":{"@id":"https:\/\/www.sonoraenequipo.com.mx\/diaz-canel-revela-que-hay-conversaciones-entre-cuba-y-eu\/#primaryimage"},"thumbnailUrl":"https:\/\/www.sonoraenequipo.com.mx\/storage\/2026\/03\/DIAZ-CANEL-revela-que-conversa-con-EUA-1.jpg","articleSection":["MUNDO"],"inLanguage":"es","potentialAction":[{"@type":"CommentAction","name":"Comment","target":["https:\/\/www.sonoraenequipo.com.mx\/diaz-canel-revela-que-hay-conversaciones-entre-cuba-y-eu\/#respond"]}]},{"@type":"WebPage","@id":"https:\/\/www.sonoraenequipo.com.mx\/diaz-canel-revela-que-hay-conversaciones-entre-cuba-y-eu\/","url":"https:\/\/www.sonoraenequipo.com.mx\/diaz-canel-revela-que-hay-conversaciones-entre-cuba-y-eu\/","name":"Sonora en Equipo. D\u00edaz-Canel revela que hay conversaciones entre Cuba y EU MUNDO","isPartOf":{"@id":"https:\/\/www.sonoraenequipo.com.mx\/#website"},"primaryImageOfPage":{"@id":"https:\/\/www.sonoraenequipo.com.mx\/diaz-canel-revela-que-hay-conversaciones-entre-cuba-y-eu\/#primaryimage"},"image":{"@id":"https:\/\/www.sonoraenequipo.com.mx\/diaz-canel-revela-que-hay-conversaciones-entre-cuba-y-eu\/#primaryimage"},"thumbnailUrl":"https:\/\/www.sonoraenequipo.com.mx\/storage\/2026\/03\/DIAZ-CANEL-revela-que-conversa-con-EUA-1.jpg","datePublished":"2026-03-13T18:19:31+00:00","dateModified":"2026-03-13T20:25:28+00:00","description":"LA HABANA, CUBA. \u2014 El presidente cubano, Miguel D\u00edaz-Canel, confirm\u00f3 este viernes que \"funcionarios cubanos han sostenido recientemente \"conversaciones\" En Sonora en Equipo publicamos toda la informaci\u00f3n de Sonora, M\u00e9xico y el Mundo de manera oportuna y busca que la libertad de expresi\u00f3n sea real. Visita nuestro medio informativo publicado desde Hermosillo, Sonora. %","breadcrumb":{"@id":"https:\/\/www.sonoraenequipo.com.mx\/diaz-canel-revela-que-hay-conversaciones-entre-cuba-y-eu\/#breadcrumb"},"inLanguage":"es","potentialAction":[{"@type":"ReadAction","target":["https:\/\/www.sonoraenequipo.com.mx\/diaz-canel-revela-que-hay-conversaciones-entre-cuba-y-eu\/"]}]},{"@type":"ImageObject","inLanguage":"es","@id":"https:\/\/www.sonoraenequipo.com.mx\/diaz-canel-revela-que-hay-conversaciones-entre-cuba-y-eu\/#primaryimage","url":"https:\/\/www.sonoraenequipo.com.mx\/storage\/2026\/03\/DIAZ-CANEL-revela-que-conversa-con-EUA-1.jpg","contentUrl":"https:\/\/www.sonoraenequipo.com.mx\/storage\/2026\/03\/DIAZ-CANEL-revela-que-conversa-con-EUA-1.jpg","width":1000,"height":666},{"@type":"BreadcrumbList","@id":"https:\/\/www.sonoraenequipo.com.mx\/diaz-canel-revela-que-hay-conversaciones-entre-cuba-y-eu\/#breadcrumb","itemListElement":[{"@type":"ListItem","position":1,"name":"Portada","item":"https:\/\/www.sonoraenequipo.com.mx\/"},{"@type":"ListItem","position":2,"name":"D\u00edaz-Canel revela que hay conversaciones entre Cuba y EU"}]},{"@type":"WebSite","@id":"https:\/\/www.sonoraenequipo.com.mx\/#website","url":"https:\/\/www.sonoraenequipo.com.mx\/","name":"Sonora en Equipo.","description":"Diario en l\u00ednea con Noticias desde Hermosillo, Sonora","publisher":{"@id":"https:\/\/www.sonoraenequipo.com.mx\/#organization"},"potentialAction":[{"@type":"SearchAction","target":{"@type":"EntryPoint","urlTemplate":"https:\/\/www.sonoraenequipo.com.mx\/?s={search_term_string}"},"query-input":{"@type":"PropertyValueSpecification","valueRequired":true,"valueName":"search_term_string"}}],"inLanguage":"es"},{"@type":"Organization","@id":"https:\/\/www.sonoraenequipo.com.mx\/#organization","name":"Sonoraenequipo.com.mx","url":"https:\/\/www.sonoraenequipo.com.mx\/","logo":{"@type":"ImageObject","inLanguage":"es","@id":"https:\/\/www.sonoraenequipo.com.mx\/#\/schema\/logo\/image\/","url":"https:\/\/www.sonoraenequipo.com.mx\/storage\/2019\/01\/sonoraenequipo_opt.png","contentUrl":"https:\/\/www.sonoraenequipo.com.mx\/storage\/2019\/01\/sonoraenequipo_opt.png","width":375,"height":125,"caption":"Sonoraenequipo.com.mx"},"image":{"@id":"https:\/\/www.sonoraenequipo.com.mx\/#\/schema\/logo\/image\/"},"sameAs":["https:\/\/www.facebook.com\/SonoraEE\/","https:\/\/x.com\/sonoraenequipo","https:\/\/www.youtube.com\/channel\/UC338nW-lPEYmJQs4ZABQ1SQ"]},{"@type":"Person","@id":"https:\/\/www.sonoraenequipo.com.mx\/#\/schema\/person\/50102df0fb23a8fa9e8effad8fa81386","name":"enequipo","image":{"@type":"ImageObject","inLanguage":"es","@id":"https:\/\/www.sonoraenequipo.com.mx\/#\/schema\/person\/image\/","url":"https:\/\/secure.gravatar.com\/avatar\/049821681b589dabc0bc20695993ccebb09f5b5d4d790cd9251b97faac7c652b?s=96&d=blank&r=g","contentUrl":"https:\/\/secure.gravatar.com\/avatar\/049821681b589dabc0bc20695993ccebb09f5b5d4d790cd9251b97faac7c652b?s=96&d=blank&r=g","caption":"enequipo"},"sameAs":["https:\/\/www.facebook.com\/SonoraEE"]}]}},"jetpack_featured_media_url":"https:\/\/www.sonoraenequipo.com.mx\/storage\/2026\/03\/DIAZ-CANEL-revela-que-conversa-con-EUA-1.jpg","_links":{"self":[{"href":"https:\/\/www.sonoraenequipo.com.mx\/api\/wp\/v2\/posts\/237361","targetHints":{"allow":["GET"]}}],"collection":[{"href":"https:\/\/www.sonoraenequipo.com.mx\/api\/wp\/v2\/posts"}],"about":[{"href":"https:\/\/www.sonoraenequipo.com.mx\/api\/wp\/v2\/types\/post"}],"author":[{"embeddable":true,"href":"https:\/\/www.sonoraenequipo.com.mx\/api\/wp\/v2\/users\/1"}],"replies":[{"embeddable":true,"href":"https:\/\/www.sonoraenequipo.com.mx\/api\/wp\/v2\/comments?post=237361"}],"version-history":[{"count":1,"href":"https:\/\/www.sonoraenequipo.com.mx\/api\/wp\/v2\/posts\/237361\/revisions"}],"predecessor-version":[{"id":237362,"href":"https:\/\/www.sonoraenequipo.com.mx\/api\/wp\/v2\/posts\/237361\/revisions\/237362"}],"wp:featuredmedia":[{"embeddable":true,"href":"https:\/\/www.sonoraenequipo.com.mx\/api\/wp\/v2\/media\/237335"}],"wp:attachment":[{"href":"https:\/\/www.sonoraenequipo.com.mx\/api\/wp\/v2\/media?parent=237361"}],"wp:term":[{"taxonomy":"category","embeddable":true,"href":"https:\/\/www.sonoraenequipo.com.mx\/api\/wp\/v2\/categories?post=237361"},{"taxonomy":"post_tag","embeddable":true,"href":"https:\/\/www.sonoraenequipo.com.mx\/api\/wp\/v2\/tags?post=237361"}],"curies":[{"name":"wp","href":"https:\/\/api.w.org\/{rel}","templated":true}]}}