{"id":237363,"date":"2026-03-13T09:13:37","date_gmt":"2026-03-13T16:13:37","guid":{"rendered":"https:\/\/www.sonoraenequipo.com.mx\/?p=237363"},"modified":"2026-03-13T13:30:01","modified_gmt":"2026-03-13T20:30:01","slug":"llega-tercer-cargamento-con-ayuda-humanitaria-desde-mexico-a-cuba","status":"publish","type":"post","link":"https:\/\/www.sonoraenequipo.com.mx\/llega-tercer-cargamento-con-ayuda-humanitaria-desde-mexico-a-cuba\/","title":{"rendered":"Llega tercer cargamento con ayuda humanitaria desde M\u00e9xico a Cuba"},"content":{"rendered":"<p><b>CIUDAD DE M\u00c9XICO. MX. \u2014 <\/b>Un nuevo cargamento con ayuda humanitaria enviado por M\u00e9xico lleg\u00f3 este viernes a La Habana, inform\u00f3 el embajador de Cuba en el pa\u00eds, Eugenio Mart\u00ednez Enr\u00edquez, quien destac\u00f3 el reconocimiento del presidente cubano, Miguel D\u00edaz-Canel, a la presidenta Claudia Sheinbaum.<\/p>\n<p>&nbsp;<\/p>\n<p>&nbsp;<\/p>\n<p> <\/p>\n<p>Previo a ello, ha habido otros dos viajes en buques de la Armada de M\u00e9xico con alimentos, medicinas, productos de higiene y otros de primera necesidad, donados por el gobierno y el pueblo de M\u00e9xico.<\/p>\n<p>&nbsp;<\/p>\n<p>&nbsp;<\/p>\n<p>De este tercer env\u00edo dio cuenta esta ma\u00f1ana el embajador Mart\u00ednez Enr\u00edquez en sus redes sociales.<\/p>\n<p>&nbsp;<\/p>\n<p>&nbsp;<\/p>\n<p><em><strong>\u201cArribaron hoy a La Habana, Cuba, barcos de la Marina con ayuda del gobierno y el pueblo de M\u00e9xico\u201d.<\/strong><\/em><\/p>\n<p>&nbsp;<\/p>\n<p>&nbsp;<\/p>\n<p>Agreg\u00f3: <em><strong>\u201cHace apenas unos minutos el presidente de Cuba reconoci\u00f3 a M\u00e9xico como el pa\u00eds que se ha destacado por apoyar a Cuba en actuales circunstancias y reconoci\u00f3 a su presidenta (Claudia Sheinbaum)\u201d,<\/strong><\/em> poste\u00f3 el diplom\u00e1tico.<\/p>\n<p>&nbsp;<\/p>\n<p>&nbsp;<\/p>\n<p>M\u00e9xico es el pa\u00eds que m\u00e1s ayuda ha hecho llegar Cuba durante la actual crisis en la isla, por la decisi\u00f3n de Estados Unidos de cerrar el bloqueo econ\u00f3mico, al impedir que llegue petr\u00f3leo y otros combustibles a la isla.<\/p>\n<p>&nbsp;<\/p>\n<p>&nbsp;<\/p>\n<p>&nbsp;<\/p>\n<p>PUBLICADO EL 13 DE MARZO DE 2026 Con informaci\u00f3n de Conferencia matutina)<\/p>\n","protected":false},"excerpt":{"rendered":"<p>CIUDAD DE M\u00c9XICO. MX. \u2014 Un nuevo cargamento con ayuda humanitaria enviado por M\u00e9xico lleg\u00f3&#8230;<\/p>\n","protected":false},"author":1,"featured_media":237330,"comment_status":"open","ping_status":"open","sticky":false,"template":"","format":"standard","meta":{"_monsterinsights_skip_tracking":false,"_monsterinsights_sitenote_active":false,"_monsterinsights_sitenote_note":"","_monsterinsights_sitenote_category":0,"footnotes":""},"categories":[3],"tags":[],"class_list":["post"],"yoast_head":" \n<title>Sonora en Equipo. Llega tercer cargamento con ayuda humanitaria desde M\u00e9xico a Cuba MUNDO<\/title>\n<meta name=\"description\" content=\"CIUDAD DE M\u00c9XICO. MX. \u2014 Un nuevo cargamento con ayuda humanitaria enviado por M\u00e9xico lleg\u00f3 este viernes a La Habana, inform\u00f3 el embajador de Cuba en el En Sonora en Equipo publicamos toda la informaci\u00f3n de Sonora, M\u00e9xico y el Mundo de manera oportuna y busca que la libertad de expresi\u00f3n sea real. Visita nuestro medio informativo publicado desde Hermosillo, Sonora. %\" \/>\n<meta name=\"robots\" content=\"index, follow, max-snippet:-1, max-image-preview:large, max-video-preview:-1\" \/>\n<link rel=\"canonical\" href=\"https:\/\/www.sonoraenequipo.com.mx\/llega-tercer-cargamento-con-ayuda-humanitaria-desde-mexico-a-cuba\/\" \/>\n<meta property=\"og:locale\" content=\"es_ES\" \/>\n<meta property=\"og:type\" content=\"article\" \/>\n<meta property=\"og:title\" content=\"Sonora en Equipo. Llega tercer cargamento con ayuda humanitaria desde M\u00e9xico a Cuba MUNDO\" \/>\n<meta property=\"og:description\" content=\"CIUDAD DE M\u00c9XICO. MX. \u2014 Un nuevo cargamento con ayuda humanitaria enviado por M\u00e9xico lleg\u00f3 este viernes a La Habana, inform\u00f3 el embajador de Cuba en el En Sonora en Equipo publicamos toda la informaci\u00f3n de Sonora, M\u00e9xico y el Mundo de manera oportuna y busca que la libertad de expresi\u00f3n sea real. Visita nuestro medio informativo publicado desde Hermosillo, Sonora. %\" \/>\n<meta property=\"og:url\" content=\"https:\/\/www.sonoraenequipo.com.mx\/llega-tercer-cargamento-con-ayuda-humanitaria-desde-mexico-a-cuba\/\" \/>\n<meta property=\"og:site_name\" content=\"Sonora en Equipo.\" \/>\n<meta property=\"article:publisher\" content=\"https:\/\/www.facebook.com\/SonoraEE\/\" \/>\n<meta property=\"article:author\" content=\"https:\/\/www.facebook.com\/SonoraEE\" \/>\n<meta property=\"article:published_time\" content=\"2026-03-13T16:13:37+00:00\" \/>\n<meta property=\"article:modified_time\" content=\"2026-03-13T20:30:01+00:00\" \/>\n<meta property=\"og:image\" content=\"https:\/\/www.sonoraenequipo.com.mx\/storage\/2026\/03\/ayuda-humanitaria-a-Cuba-1.jpg\" \/>\n\t<meta property=\"og:image:width\" content=\"1000\" \/>\n\t<meta property=\"og:image:height\" content=\"563\" \/>\n\t<meta property=\"og:image:type\" content=\"image\/jpeg\" \/>\n<meta name=\"author\" content=\"enequipo\" \/>\n<meta name=\"twitter:card\" content=\"summary_large_image\" \/>\n<meta name=\"twitter:creator\" content=\"@sonoraenequipo\" \/>\n<meta name=\"twitter:site\" content=\"@sonoraenequipo\" \/>\n<meta name=\"twitter:label1\" content=\"Escrito por\" \/>\n\t<meta name=\"twitter:data1\" content=\"enequipo\" \/>\n\t<meta name=\"twitter:label2\" content=\"Tiempo de lectura\" \/>\n\t<meta name=\"twitter:data2\" content=\"1 minuto\" \/>\n<script type=\"application\/ld+json\" class=\"yoast-schema-graph\">{\"@context\":\"https:\/\/schema.org\",\"@graph\":[{\"@type\":\"Article\",\"@id\":\"https:\/\/www.sonoraenequipo.com.mx\/llega-tercer-cargamento-con-ayuda-humanitaria-desde-mexico-a-cuba\/#article\",\"isPartOf\":{\"@id\":\"https:\/\/www.sonoraenequipo.com.mx\/llega-tercer-cargamento-con-ayuda-humanitaria-desde-mexico-a-cuba\/\"},\"author\":{\"name\":\"enequipo\",\"@id\":\"https:\/\/www.sonoraenequipo.com.mx\/#\/schema\/person\/50102df0fb23a8fa9e8effad8fa81386\"},\"headline\":\"Llega tercer cargamento con ayuda humanitaria desde M\u00e9xico a Cuba\",\"datePublished\":\"2026-03-13T16:13:37+00:00\",\"dateModified\":\"2026-03-13T20:30:01+00:00\",\"mainEntityOfPage\":{\"@id\":\"https:\/\/www.sonoraenequipo.com.mx\/llega-tercer-cargamento-con-ayuda-humanitaria-desde-mexico-a-cuba\/\"},\"wordCount\":247,\"commentCount\":0,\"publisher\":{\"@id\":\"https:\/\/www.sonoraenequipo.com.mx\/#organization\"},\"image\":{\"@id\":\"https:\/\/www.sonoraenequipo.com.mx\/llega-tercer-cargamento-con-ayuda-humanitaria-desde-mexico-a-cuba\/#primaryimage\"},\"thumbnailUrl\":\"https:\/\/www.sonoraenequipo.com.mx\/storage\/2026\/03\/ayuda-humanitaria-a-Cuba-1.jpg\",\"articleSection\":[\"MUNDO\"],\"inLanguage\":\"es\",\"potentialAction\":[{\"@type\":\"CommentAction\",\"name\":\"Comment\",\"target\":[\"https:\/\/www.sonoraenequipo.com.mx\/llega-tercer-cargamento-con-ayuda-humanitaria-desde-mexico-a-cuba\/#respond\"]}]},{\"@type\":\"WebPage\",\"@id\":\"https:\/\/www.sonoraenequipo.com.mx\/llega-tercer-cargamento-con-ayuda-humanitaria-desde-mexico-a-cuba\/\",\"url\":\"https:\/\/www.sonoraenequipo.com.mx\/llega-tercer-cargamento-con-ayuda-humanitaria-desde-mexico-a-cuba\/\",\"name\":\"Sonora en Equipo. Llega tercer cargamento con ayuda humanitaria desde M\u00e9xico a Cuba MUNDO\",\"isPartOf\":{\"@id\":\"https:\/\/www.sonoraenequipo.com.mx\/#website\"},\"primaryImageOfPage\":{\"@id\":\"https:\/\/www.sonoraenequipo.com.mx\/llega-tercer-cargamento-con-ayuda-humanitaria-desde-mexico-a-cuba\/#primaryimage\"},\"image\":{\"@id\":\"https:\/\/www.sonoraenequipo.com.mx\/llega-tercer-cargamento-con-ayuda-humanitaria-desde-mexico-a-cuba\/#primaryimage\"},\"thumbnailUrl\":\"https:\/\/www.sonoraenequipo.com.mx\/storage\/2026\/03\/ayuda-humanitaria-a-Cuba-1.jpg\",\"datePublished\":\"2026-03-13T16:13:37+00:00\",\"dateModified\":\"2026-03-13T20:30:01+00:00\",\"description\":\"CIUDAD DE M\u00c9XICO. MX. \u2014 Un nuevo cargamento con ayuda humanitaria enviado por M\u00e9xico lleg\u00f3 este viernes a La Habana, inform\u00f3 el embajador de Cuba en el En Sonora en Equipo publicamos toda la informaci\u00f3n de Sonora, M\u00e9xico y el Mundo de manera oportuna y busca que la libertad de expresi\u00f3n sea real. Visita nuestro medio informativo publicado desde Hermosillo, Sonora. %\",\"breadcrumb\":{\"@id\":\"https:\/\/www.sonoraenequipo.com.mx\/llega-tercer-cargamento-con-ayuda-humanitaria-desde-mexico-a-cuba\/#breadcrumb\"},\"inLanguage\":\"es\",\"potentialAction\":[{\"@type\":\"ReadAction\",\"target\":[\"https:\/\/www.sonoraenequipo.com.mx\/llega-tercer-cargamento-con-ayuda-humanitaria-desde-mexico-a-cuba\/\"]}]},{\"@type\":\"ImageObject\",\"inLanguage\":\"es\",\"@id\":\"https:\/\/www.sonoraenequipo.com.mx\/llega-tercer-cargamento-con-ayuda-humanitaria-desde-mexico-a-cuba\/#primaryimage\",\"url\":\"https:\/\/www.sonoraenequipo.com.mx\/storage\/2026\/03\/ayuda-humanitaria-a-Cuba-1.jpg\",\"contentUrl\":\"https:\/\/www.sonoraenequipo.com.mx\/storage\/2026\/03\/ayuda-humanitaria-a-Cuba-1.jpg\",\"width\":1000,\"height\":563},{\"@type\":\"BreadcrumbList\",\"@id\":\"https:\/\/www.sonoraenequipo.com.mx\/llega-tercer-cargamento-con-ayuda-humanitaria-desde-mexico-a-cuba\/#breadcrumb\",\"itemListElement\":[{\"@type\":\"ListItem\",\"position\":1,\"name\":\"Portada\",\"item\":\"https:\/\/www.sonoraenequipo.com.mx\/\"},{\"@type\":\"ListItem\",\"position\":2,\"name\":\"Llega tercer cargamento con ayuda humanitaria desde M\u00e9xico a Cuba\"}]},{\"@type\":\"WebSite\",\"@id\":\"https:\/\/www.sonoraenequipo.com.mx\/#website\",\"url\":\"https:\/\/www.sonoraenequipo.com.mx\/\",\"name\":\"Sonora en Equipo.\",\"description\":\"Diario en l\u00ednea con Noticias desde Hermosillo, Sonora\",\"publisher\":{\"@id\":\"https:\/\/www.sonoraenequipo.com.mx\/#organization\"},\"potentialAction\":[{\"@type\":\"SearchAction\",\"target\":{\"@type\":\"EntryPoint\",\"urlTemplate\":\"https:\/\/www.sonoraenequipo.com.mx\/?s={search_term_string}\"},\"query-input\":{\"@type\":\"PropertyValueSpecification\",\"valueRequired\":true,\"valueName\":\"search_term_string\"}}],\"inLanguage\":\"es\"},{\"@type\":\"Organization\",\"@id\":\"https:\/\/www.sonoraenequipo.com.mx\/#organization\",\"name\":\"Sonoraenequipo.com.mx\",\"url\":\"https:\/\/www.sonoraenequipo.com.mx\/\",\"logo\":{\"@type\":\"ImageObject\",\"inLanguage\":\"es\",\"@id\":\"https:\/\/www.sonoraenequipo.com.mx\/#\/schema\/logo\/image\/\",\"url\":\"https:\/\/www.sonoraenequipo.com.mx\/storage\/2019\/01\/sonoraenequipo_opt.png\",\"contentUrl\":\"https:\/\/www.sonoraenequipo.com.mx\/storage\/2019\/01\/sonoraenequipo_opt.png\",\"width\":375,\"height\":125,\"caption\":\"Sonoraenequipo.com.mx\"},\"image\":{\"@id\":\"https:\/\/www.sonoraenequipo.com.mx\/#\/schema\/logo\/image\/\"},\"sameAs\":[\"https:\/\/www.facebook.com\/SonoraEE\/\",\"https:\/\/x.com\/sonoraenequipo\",\"https:\/\/www.youtube.com\/channel\/UC338nW-lPEYmJQs4ZABQ1SQ\"]},{\"@type\":\"Person\",\"@id\":\"https:\/\/www.sonoraenequipo.com.mx\/#\/schema\/person\/50102df0fb23a8fa9e8effad8fa81386\",\"name\":\"enequipo\",\"image\":{\"@type\":\"ImageObject\",\"inLanguage\":\"es\",\"@id\":\"https:\/\/www.sonoraenequipo.com.mx\/#\/schema\/person\/image\/\",\"url\":\"https:\/\/secure.gravatar.com\/avatar\/049821681b589dabc0bc20695993ccebb09f5b5d4d790cd9251b97faac7c652b?s=96&d=blank&r=g\",\"contentUrl\":\"https:\/\/secure.gravatar.com\/avatar\/049821681b589dabc0bc20695993ccebb09f5b5d4d790cd9251b97faac7c652b?s=96&d=blank&r=g\",\"caption\":\"enequipo\"},\"sameAs\":[\"https:\/\/www.facebook.com\/SonoraEE\"]}]}<\/script>\n ","yoast_head_json":{"title":"Sonora en Equipo. Llega tercer cargamento con ayuda humanitaria desde M\u00e9xico a Cuba MUNDO","description":"CIUDAD DE M\u00c9XICO. MX. \u2014 Un nuevo cargamento con ayuda humanitaria enviado por M\u00e9xico lleg\u00f3 este viernes a La Habana, inform\u00f3 el embajador de Cuba en el En Sonora en Equipo publicamos toda la informaci\u00f3n de Sonora, M\u00e9xico y el Mundo de manera oportuna y busca que la libertad de expresi\u00f3n sea real. Visita nuestro medio informativo publicado desde Hermosillo, Sonora. %","robots":{"index":"index","follow":"follow","max-snippet":"max-snippet:-1","max-image-preview":"max-image-preview:large","max-video-preview":"max-video-preview:-1"},"canonical":"https:\/\/www.sonoraenequipo.com.mx\/llega-tercer-cargamento-con-ayuda-humanitaria-desde-mexico-a-cuba\/","og_locale":"es_ES","og_type":"article","og_title":"Sonora en Equipo. Llega tercer cargamento con ayuda humanitaria desde M\u00e9xico a Cuba MUNDO","og_description":"CIUDAD DE M\u00c9XICO. MX. \u2014 Un nuevo cargamento con ayuda humanitaria enviado por M\u00e9xico lleg\u00f3 este viernes a La Habana, inform\u00f3 el embajador de Cuba en el En Sonora en Equipo publicamos toda la informaci\u00f3n de Sonora, M\u00e9xico y el Mundo de manera oportuna y busca que la libertad de expresi\u00f3n sea real. Visita nuestro medio informativo publicado desde Hermosillo, Sonora. %","og_url":"https:\/\/www.sonoraenequipo.com.mx\/llega-tercer-cargamento-con-ayuda-humanitaria-desde-mexico-a-cuba\/","og_site_name":"Sonora en Equipo.","article_publisher":"https:\/\/www.facebook.com\/SonoraEE\/","article_author":"https:\/\/www.facebook.com\/SonoraEE","article_published_time":"2026-03-13T16:13:37+00:00","article_modified_time":"2026-03-13T20:30:01+00:00","og_image":[{"width":1000,"height":563,"url":"https:\/\/www.sonoraenequipo.com.mx\/storage\/2026\/03\/ayuda-humanitaria-a-Cuba-1.jpg","type":"image\/jpeg"}],"author":"enequipo","twitter_card":"summary_large_image","twitter_creator":"@sonoraenequipo","twitter_site":"@sonoraenequipo","twitter_misc":{"Escrito por":"enequipo","Tiempo de lectura":"1 minuto"},"schema":{"@context":"https:\/\/schema.org","@graph":[{"@type":"Article","@id":"https:\/\/www.sonoraenequipo.com.mx\/llega-tercer-cargamento-con-ayuda-humanitaria-desde-mexico-a-cuba\/#article","isPartOf":{"@id":"https:\/\/www.sonoraenequipo.com.mx\/llega-tercer-cargamento-con-ayuda-humanitaria-desde-mexico-a-cuba\/"},"author":{"name":"enequipo","@id":"https:\/\/www.sonoraenequipo.com.mx\/#\/schema\/person\/50102df0fb23a8fa9e8effad8fa81386"},"headline":"Llega tercer cargamento con ayuda humanitaria desde M\u00e9xico a Cuba","datePublished":"2026-03-13T16:13:37+00:00","dateModified":"2026-03-13T20:30:01+00:00","mainEntityOfPage":{"@id":"https:\/\/www.sonoraenequipo.com.mx\/llega-tercer-cargamento-con-ayuda-humanitaria-desde-mexico-a-cuba\/"},"wordCount":247,"commentCount":0,"publisher":{"@id":"https:\/\/www.sonoraenequipo.com.mx\/#organization"},"image":{"@id":"https:\/\/www.sonoraenequipo.com.mx\/llega-tercer-cargamento-con-ayuda-humanitaria-desde-mexico-a-cuba\/#primaryimage"},"thumbnailUrl":"https:\/\/www.sonoraenequipo.com.mx\/storage\/2026\/03\/ayuda-humanitaria-a-Cuba-1.jpg","articleSection":["MUNDO"],"inLanguage":"es","potentialAction":[{"@type":"CommentAction","name":"Comment","target":["https:\/\/www.sonoraenequipo.com.mx\/llega-tercer-cargamento-con-ayuda-humanitaria-desde-mexico-a-cuba\/#respond"]}]},{"@type":"WebPage","@id":"https:\/\/www.sonoraenequipo.com.mx\/llega-tercer-cargamento-con-ayuda-humanitaria-desde-mexico-a-cuba\/","url":"https:\/\/www.sonoraenequipo.com.mx\/llega-tercer-cargamento-con-ayuda-humanitaria-desde-mexico-a-cuba\/","name":"Sonora en Equipo. Llega tercer cargamento con ayuda humanitaria desde M\u00e9xico a Cuba MUNDO","isPartOf":{"@id":"https:\/\/www.sonoraenequipo.com.mx\/#website"},"primaryImageOfPage":{"@id":"https:\/\/www.sonoraenequipo.com.mx\/llega-tercer-cargamento-con-ayuda-humanitaria-desde-mexico-a-cuba\/#primaryimage"},"image":{"@id":"https:\/\/www.sonoraenequipo.com.mx\/llega-tercer-cargamento-con-ayuda-humanitaria-desde-mexico-a-cuba\/#primaryimage"},"thumbnailUrl":"https:\/\/www.sonoraenequipo.com.mx\/storage\/2026\/03\/ayuda-humanitaria-a-Cuba-1.jpg","datePublished":"2026-03-13T16:13:37+00:00","dateModified":"2026-03-13T20:30:01+00:00","description":"CIUDAD DE M\u00c9XICO. MX. \u2014 Un nuevo cargamento con ayuda humanitaria enviado por M\u00e9xico lleg\u00f3 este viernes a La Habana, inform\u00f3 el embajador de Cuba en el En Sonora en Equipo publicamos toda la informaci\u00f3n de Sonora, M\u00e9xico y el Mundo de manera oportuna y busca que la libertad de expresi\u00f3n sea real. Visita nuestro medio informativo publicado desde Hermosillo, Sonora. %","breadcrumb":{"@id":"https:\/\/www.sonoraenequipo.com.mx\/llega-tercer-cargamento-con-ayuda-humanitaria-desde-mexico-a-cuba\/#breadcrumb"},"inLanguage":"es","potentialAction":[{"@type":"ReadAction","target":["https:\/\/www.sonoraenequipo.com.mx\/llega-tercer-cargamento-con-ayuda-humanitaria-desde-mexico-a-cuba\/"]}]},{"@type":"ImageObject","inLanguage":"es","@id":"https:\/\/www.sonoraenequipo.com.mx\/llega-tercer-cargamento-con-ayuda-humanitaria-desde-mexico-a-cuba\/#primaryimage","url":"https:\/\/www.sonoraenequipo.com.mx\/storage\/2026\/03\/ayuda-humanitaria-a-Cuba-1.jpg","contentUrl":"https:\/\/www.sonoraenequipo.com.mx\/storage\/2026\/03\/ayuda-humanitaria-a-Cuba-1.jpg","width":1000,"height":563},{"@type":"BreadcrumbList","@id":"https:\/\/www.sonoraenequipo.com.mx\/llega-tercer-cargamento-con-ayuda-humanitaria-desde-mexico-a-cuba\/#breadcrumb","itemListElement":[{"@type":"ListItem","position":1,"name":"Portada","item":"https:\/\/www.sonoraenequipo.com.mx\/"},{"@type":"ListItem","position":2,"name":"Llega tercer cargamento con ayuda humanitaria desde M\u00e9xico a Cuba"}]},{"@type":"WebSite","@id":"https:\/\/www.sonoraenequipo.com.mx\/#website","url":"https:\/\/www.sonoraenequipo.com.mx\/","name":"Sonora en Equipo.","description":"Diario en l\u00ednea con Noticias desde Hermosillo, Sonora","publisher":{"@id":"https:\/\/www.sonoraenequipo.com.mx\/#organization"},"potentialAction":[{"@type":"SearchAction","target":{"@type":"EntryPoint","urlTemplate":"https:\/\/www.sonoraenequipo.com.mx\/?s={search_term_string}"},"query-input":{"@type":"PropertyValueSpecification","valueRequired":true,"valueName":"search_term_string"}}],"inLanguage":"es"},{"@type":"Organization","@id":"https:\/\/www.sonoraenequipo.com.mx\/#organization","name":"Sonoraenequipo.com.mx","url":"https:\/\/www.sonoraenequipo.com.mx\/","logo":{"@type":"ImageObject","inLanguage":"es","@id":"https:\/\/www.sonoraenequipo.com.mx\/#\/schema\/logo\/image\/","url":"https:\/\/www.sonoraenequipo.com.mx\/storage\/2019\/01\/sonoraenequipo_opt.png","contentUrl":"https:\/\/www.sonoraenequipo.com.mx\/storage\/2019\/01\/sonoraenequipo_opt.png","width":375,"height":125,"caption":"Sonoraenequipo.com.mx"},"image":{"@id":"https:\/\/www.sonoraenequipo.com.mx\/#\/schema\/logo\/image\/"},"sameAs":["https:\/\/www.facebook.com\/SonoraEE\/","https:\/\/x.com\/sonoraenequipo","https:\/\/www.youtube.com\/channel\/UC338nW-lPEYmJQs4ZABQ1SQ"]},{"@type":"Person","@id":"https:\/\/www.sonoraenequipo.com.mx\/#\/schema\/person\/50102df0fb23a8fa9e8effad8fa81386","name":"enequipo","image":{"@type":"ImageObject","inLanguage":"es","@id":"https:\/\/www.sonoraenequipo.com.mx\/#\/schema\/person\/image\/","url":"https:\/\/secure.gravatar.com\/avatar\/049821681b589dabc0bc20695993ccebb09f5b5d4d790cd9251b97faac7c652b?s=96&d=blank&r=g","contentUrl":"https:\/\/secure.gravatar.com\/avatar\/049821681b589dabc0bc20695993ccebb09f5b5d4d790cd9251b97faac7c652b?s=96&d=blank&r=g","caption":"enequipo"},"sameAs":["https:\/\/www.facebook.com\/SonoraEE"]}]}},"jetpack_featured_media_url":"https:\/\/www.sonoraenequipo.com.mx\/storage\/2026\/03\/ayuda-humanitaria-a-Cuba-1.jpg","_links":{"self":[{"href":"https:\/\/www.sonoraenequipo.com.mx\/api\/wp\/v2\/posts\/237363","targetHints":{"allow":["GET"]}}],"collection":[{"href":"https:\/\/www.sonoraenequipo.com.mx\/api\/wp\/v2\/posts"}],"about":[{"href":"https:\/\/www.sonoraenequipo.com.mx\/api\/wp\/v2\/types\/post"}],"author":[{"embeddable":true,"href":"https:\/\/www.sonoraenequipo.com.mx\/api\/wp\/v2\/users\/1"}],"replies":[{"embeddable":true,"href":"https:\/\/www.sonoraenequipo.com.mx\/api\/wp\/v2\/comments?post=237363"}],"version-history":[{"count":1,"href":"https:\/\/www.sonoraenequipo.com.mx\/api\/wp\/v2\/posts\/237363\/revisions"}],"predecessor-version":[{"id":237364,"href":"https:\/\/www.sonoraenequipo.com.mx\/api\/wp\/v2\/posts\/237363\/revisions\/237364"}],"wp:featuredmedia":[{"embeddable":true,"href":"https:\/\/www.sonoraenequipo.com.mx\/api\/wp\/v2\/media\/237330"}],"wp:attachment":[{"href":"https:\/\/www.sonoraenequipo.com.mx\/api\/wp\/v2\/media?parent=237363"}],"wp:term":[{"taxonomy":"category","embeddable":true,"href":"https:\/\/www.sonoraenequipo.com.mx\/api\/wp\/v2\/categories?post=237363"},{"taxonomy":"post_tag","embeddable":true,"href":"https:\/\/www.sonoraenequipo.com.mx\/api\/wp\/v2\/tags?post=237363"}],"curies":[{"name":"wp","href":"https:\/\/api.w.org\/{rel}","templated":true}]}}