{"id":237365,"date":"2026-03-13T08:30:08","date_gmt":"2026-03-13T15:30:08","guid":{"rendered":"https:\/\/www.sonoraenequipo.com.mx\/?p=237365"},"modified":"2026-03-13T13:45:20","modified_gmt":"2026-03-13T20:45:20","slug":"sheinbaum-anuncia-inversion-historica-de-10-mil-mdp-para-infraestructura-en-colima","status":"publish","type":"post","link":"https:\/\/www.sonoraenequipo.com.mx\/sheinbaum-anuncia-inversion-historica-de-10-mil-mdp-para-infraestructura-en-colima\/","title":{"rendered":"Sheinbaum anuncia inversi\u00f3n hist\u00f3rica de 10 mil mdp para infraestructura en Colima"},"content":{"rendered":"<p><b>MANZANILLO, COLIMA. MX. \u2014 <\/b>Col. Adem\u00e1s de los recursos federales que recibe Colima por seis mil 52 millones de pesos en Programas de Bienestar, entre 2025 y 2026 \u201cse estar\u00e1n recibiendo m\u00e1s de 10 mil millones de pesos en obras de infraestructura\u201d, indic\u00f3 la presidenta Claudia Sheinbaum Pardo. Es una inversi\u00f3n \u201chist\u00f3rica\u201d para agua y caminos, dijo.<\/p>\n<p>&nbsp;<\/p>\n<p>&nbsp;<\/p>\n<p>&nbsp;<\/p>\n<p> <\/p>\n<p>Resalt\u00f3 que las obras relacionadas con el puerto de Manzanillo, \u201cson fundamentales. Entonces es justo que le lleguen recursos federales\u201d.<br \/>\nEfra\u00edn Morales, director general de la Comisi\u00f3n Nacional del Agua indic\u00f3 en la ma\u00f1anera -en instalaciones en la Sexta Regi\u00f3n Naval- indic\u00f3 que, ante el deterioro de la infraestructura hidr\u00e1ulica, duplicar\u00e1n el agua disponible para el estado.<\/p>\n<p>&nbsp;<\/p>\n<p>&nbsp;<\/p>\n<p>Subray\u00f3 que actualmente el suministro para la parte norte de Colima y Villa \u00c1lvarez se abastecen con alrededor de 900 litros por segundo y vamos a aportar con 800 mil litros por segundo. Se\u00f1al\u00f3 que son obras pensadas para los siguientes 40 a\u00f1os, con una inversi\u00f3n de dos mil 178 millones de pesos.<\/p>\n<p>&nbsp;<\/p>\n<p>&nbsp;<\/p>\n<p>Afirm\u00f3 que tambi\u00e9n se fortalecer\u00e1 la infraestructura hidroagr\u00edcola con la construcci\u00f3n de una presa en beneficio de alrededor de cuatro mil hect\u00e1reas para producci\u00f3n de papaya, lim\u00f3n, coco, entre otros. Adem\u00e1s, a\u00f1adi\u00f3, se invierte para reparar compuertas de presas.<\/p>\n<p>&nbsp;<\/p>\n<p>&nbsp;<\/p>\n<p>Dijo que tambi\u00e9n trabajan en rehabilitaci\u00f3n de pozos, plantas potabilizadoras, bombeo y m\u00e1s, lo que suma casi 2 mil 700 millones de pesos.<br \/>\nPor su parte, Jes\u00fas Esteva, secretario de Infraestructura, Comunicaciones y Transportes, afirm\u00f3 que invierten ocho mil 900 millones de pesos aproximadamente en caminos del estado.<\/p>\n<p>&nbsp;<\/p>\n<p>&nbsp;<\/p>\n<p>Detall\u00f3 cuatro acciones principales, la conservaci\u00f3n de carreteras con el mega bachet\u00f3n, puentes y distribuidores viales, autopistas y caminos artesanales.<\/p>\n<p>&nbsp;<\/p>\n<p>&nbsp;<\/p>\n<p>Precis\u00f3 que este a\u00f1o atender\u00e1n 184 kil\u00f3metros de carreteras, de un total de 271 que tiene la red federal libre de peaje. \u201cEstamos hablando de casi 70 por ciento de la red federal que se estar\u00e1 concluyendo\u201d.<\/p>\n<p>&nbsp;<\/p>\n<p>&nbsp;<\/p>\n<p>PUBLICADO EL 13 DE MARZO DE 2026 Con informaci\u00f3n de Arturo S\u00e1nchez,)<\/p>\n","protected":false},"excerpt":{"rendered":"<p>MANZANILLO, COLIMA. MX. \u2014 Col. Adem\u00e1s de los recursos federales que recibe Colima por seis&#8230;<\/p>\n","protected":false},"author":1,"featured_media":237341,"comment_status":"open","ping_status":"open","sticky":false,"template":"","format":"standard","meta":{"_monsterinsights_skip_tracking":false,"_monsterinsights_sitenote_active":false,"_monsterinsights_sitenote_note":"","_monsterinsights_sitenote_category":0,"footnotes":""},"categories":[5],"tags":[],"class_list":["post"],"yoast_head":" \n<title>Sonora en Equipo. Sheinbaum anuncia inversi\u00f3n hist\u00f3rica de 10 mil mdp para infraestructura en Colima Rep\u00fablica<\/title>\n<meta name=\"description\" content=\"MANZANILLO, COLIMA. MX. \u2014 Col. Adem\u00e1s de los recursos federales que recibe Colima por seis mil 52 millones de pesos en Programas de Bienestar, entre 2025 En Sonora en Equipo publicamos toda la informaci\u00f3n de Sonora, M\u00e9xico y el Mundo de manera oportuna y busca que la libertad de expresi\u00f3n sea real. Visita nuestro medio informativo publicado desde Hermosillo, Sonora. %\" \/>\n<meta name=\"robots\" content=\"index, follow, max-snippet:-1, max-image-preview:large, max-video-preview:-1\" \/>\n<link rel=\"canonical\" href=\"https:\/\/www.sonoraenequipo.com.mx\/sheinbaum-anuncia-inversion-historica-de-10-mil-mdp-para-infraestructura-en-colima\/\" \/>\n<meta property=\"og:locale\" content=\"es_ES\" \/>\n<meta property=\"og:type\" content=\"article\" \/>\n<meta property=\"og:title\" content=\"Sonora en Equipo. Sheinbaum anuncia inversi\u00f3n hist\u00f3rica de 10 mil mdp para infraestructura en Colima Rep\u00fablica\" \/>\n<meta property=\"og:description\" content=\"MANZANILLO, COLIMA. MX. \u2014 Col. Adem\u00e1s de los recursos federales que recibe Colima por seis mil 52 millones de pesos en Programas de Bienestar, entre 2025 En Sonora en Equipo publicamos toda la informaci\u00f3n de Sonora, M\u00e9xico y el Mundo de manera oportuna y busca que la libertad de expresi\u00f3n sea real. Visita nuestro medio informativo publicado desde Hermosillo, Sonora. %\" \/>\n<meta property=\"og:url\" content=\"https:\/\/www.sonoraenequipo.com.mx\/sheinbaum-anuncia-inversion-historica-de-10-mil-mdp-para-infraestructura-en-colima\/\" \/>\n<meta property=\"og:site_name\" content=\"Sonora en Equipo.\" \/>\n<meta property=\"article:publisher\" content=\"https:\/\/www.facebook.com\/SonoraEE\/\" \/>\n<meta property=\"article:author\" content=\"https:\/\/www.facebook.com\/SonoraEE\" \/>\n<meta property=\"article:published_time\" content=\"2026-03-13T15:30:08+00:00\" \/>\n<meta property=\"article:modified_time\" content=\"2026-03-13T20:45:20+00:00\" \/>\n<meta property=\"og:image\" content=\"https:\/\/www.sonoraenequipo.com.mx\/storage\/2026\/03\/Sheinbaum-anuncia-inversion-historica-en-Colima.jpg\" \/>\n\t<meta property=\"og:image:width\" content=\"1000\" \/>\n\t<meta property=\"og:image:height\" content=\"750\" \/>\n\t<meta property=\"og:image:type\" content=\"image\/jpeg\" \/>\n<meta name=\"author\" content=\"enequipo\" \/>\n<meta name=\"twitter:card\" content=\"summary_large_image\" \/>\n<meta name=\"twitter:creator\" content=\"@sonoraenequipo\" \/>\n<meta name=\"twitter:site\" content=\"@sonoraenequipo\" \/>\n<meta name=\"twitter:label1\" content=\"Escrito por\" \/>\n\t<meta name=\"twitter:data1\" content=\"enequipo\" \/>\n\t<meta name=\"twitter:label2\" content=\"Tiempo de lectura\" \/>\n\t<meta name=\"twitter:data2\" content=\"2 minutos\" \/>\n<script type=\"application\/ld+json\" class=\"yoast-schema-graph\">{\"@context\":\"https:\/\/schema.org\",\"@graph\":[{\"@type\":\"Article\",\"@id\":\"https:\/\/www.sonoraenequipo.com.mx\/sheinbaum-anuncia-inversion-historica-de-10-mil-mdp-para-infraestructura-en-colima\/#article\",\"isPartOf\":{\"@id\":\"https:\/\/www.sonoraenequipo.com.mx\/sheinbaum-anuncia-inversion-historica-de-10-mil-mdp-para-infraestructura-en-colima\/\"},\"author\":{\"name\":\"enequipo\",\"@id\":\"https:\/\/www.sonoraenequipo.com.mx\/#\/schema\/person\/50102df0fb23a8fa9e8effad8fa81386\"},\"headline\":\"Sheinbaum anuncia inversi\u00f3n hist\u00f3rica de 10 mil mdp para infraestructura en Colima\",\"datePublished\":\"2026-03-13T15:30:08+00:00\",\"dateModified\":\"2026-03-13T20:45:20+00:00\",\"mainEntityOfPage\":{\"@id\":\"https:\/\/www.sonoraenequipo.com.mx\/sheinbaum-anuncia-inversion-historica-de-10-mil-mdp-para-infraestructura-en-colima\/\"},\"wordCount\":367,\"commentCount\":0,\"publisher\":{\"@id\":\"https:\/\/www.sonoraenequipo.com.mx\/#organization\"},\"image\":{\"@id\":\"https:\/\/www.sonoraenequipo.com.mx\/sheinbaum-anuncia-inversion-historica-de-10-mil-mdp-para-infraestructura-en-colima\/#primaryimage\"},\"thumbnailUrl\":\"https:\/\/www.sonoraenequipo.com.mx\/storage\/2026\/03\/Sheinbaum-anuncia-inversion-historica-en-Colima.jpg\",\"articleSection\":[\"Rep\u00fablica\"],\"inLanguage\":\"es\",\"potentialAction\":[{\"@type\":\"CommentAction\",\"name\":\"Comment\",\"target\":[\"https:\/\/www.sonoraenequipo.com.mx\/sheinbaum-anuncia-inversion-historica-de-10-mil-mdp-para-infraestructura-en-colima\/#respond\"]}]},{\"@type\":\"WebPage\",\"@id\":\"https:\/\/www.sonoraenequipo.com.mx\/sheinbaum-anuncia-inversion-historica-de-10-mil-mdp-para-infraestructura-en-colima\/\",\"url\":\"https:\/\/www.sonoraenequipo.com.mx\/sheinbaum-anuncia-inversion-historica-de-10-mil-mdp-para-infraestructura-en-colima\/\",\"name\":\"Sonora en Equipo. Sheinbaum anuncia inversi\u00f3n hist\u00f3rica de 10 mil mdp para infraestructura en Colima Rep\u00fablica\",\"isPartOf\":{\"@id\":\"https:\/\/www.sonoraenequipo.com.mx\/#website\"},\"primaryImageOfPage\":{\"@id\":\"https:\/\/www.sonoraenequipo.com.mx\/sheinbaum-anuncia-inversion-historica-de-10-mil-mdp-para-infraestructura-en-colima\/#primaryimage\"},\"image\":{\"@id\":\"https:\/\/www.sonoraenequipo.com.mx\/sheinbaum-anuncia-inversion-historica-de-10-mil-mdp-para-infraestructura-en-colima\/#primaryimage\"},\"thumbnailUrl\":\"https:\/\/www.sonoraenequipo.com.mx\/storage\/2026\/03\/Sheinbaum-anuncia-inversion-historica-en-Colima.jpg\",\"datePublished\":\"2026-03-13T15:30:08+00:00\",\"dateModified\":\"2026-03-13T20:45:20+00:00\",\"description\":\"MANZANILLO, COLIMA. MX. \u2014 Col. Adem\u00e1s de los recursos federales que recibe Colima por seis mil 52 millones de pesos en Programas de Bienestar, entre 2025 En Sonora en Equipo publicamos toda la informaci\u00f3n de Sonora, M\u00e9xico y el Mundo de manera oportuna y busca que la libertad de expresi\u00f3n sea real. Visita nuestro medio informativo publicado desde Hermosillo, Sonora. %\",\"breadcrumb\":{\"@id\":\"https:\/\/www.sonoraenequipo.com.mx\/sheinbaum-anuncia-inversion-historica-de-10-mil-mdp-para-infraestructura-en-colima\/#breadcrumb\"},\"inLanguage\":\"es\",\"potentialAction\":[{\"@type\":\"ReadAction\",\"target\":[\"https:\/\/www.sonoraenequipo.com.mx\/sheinbaum-anuncia-inversion-historica-de-10-mil-mdp-para-infraestructura-en-colima\/\"]}]},{\"@type\":\"ImageObject\",\"inLanguage\":\"es\",\"@id\":\"https:\/\/www.sonoraenequipo.com.mx\/sheinbaum-anuncia-inversion-historica-de-10-mil-mdp-para-infraestructura-en-colima\/#primaryimage\",\"url\":\"https:\/\/www.sonoraenequipo.com.mx\/storage\/2026\/03\/Sheinbaum-anuncia-inversion-historica-en-Colima.jpg\",\"contentUrl\":\"https:\/\/www.sonoraenequipo.com.mx\/storage\/2026\/03\/Sheinbaum-anuncia-inversion-historica-en-Colima.jpg\",\"width\":1000,\"height\":750},{\"@type\":\"BreadcrumbList\",\"@id\":\"https:\/\/www.sonoraenequipo.com.mx\/sheinbaum-anuncia-inversion-historica-de-10-mil-mdp-para-infraestructura-en-colima\/#breadcrumb\",\"itemListElement\":[{\"@type\":\"ListItem\",\"position\":1,\"name\":\"Portada\",\"item\":\"https:\/\/www.sonoraenequipo.com.mx\/\"},{\"@type\":\"ListItem\",\"position\":2,\"name\":\"Sheinbaum anuncia inversi\u00f3n hist\u00f3rica de 10 mil mdp para infraestructura en Colima\"}]},{\"@type\":\"WebSite\",\"@id\":\"https:\/\/www.sonoraenequipo.com.mx\/#website\",\"url\":\"https:\/\/www.sonoraenequipo.com.mx\/\",\"name\":\"Sonora en Equipo.\",\"description\":\"Diario en l\u00ednea con Noticias desde Hermosillo, Sonora\",\"publisher\":{\"@id\":\"https:\/\/www.sonoraenequipo.com.mx\/#organization\"},\"potentialAction\":[{\"@type\":\"SearchAction\",\"target\":{\"@type\":\"EntryPoint\",\"urlTemplate\":\"https:\/\/www.sonoraenequipo.com.mx\/?s={search_term_string}\"},\"query-input\":{\"@type\":\"PropertyValueSpecification\",\"valueRequired\":true,\"valueName\":\"search_term_string\"}}],\"inLanguage\":\"es\"},{\"@type\":\"Organization\",\"@id\":\"https:\/\/www.sonoraenequipo.com.mx\/#organization\",\"name\":\"Sonoraenequipo.com.mx\",\"url\":\"https:\/\/www.sonoraenequipo.com.mx\/\",\"logo\":{\"@type\":\"ImageObject\",\"inLanguage\":\"es\",\"@id\":\"https:\/\/www.sonoraenequipo.com.mx\/#\/schema\/logo\/image\/\",\"url\":\"https:\/\/www.sonoraenequipo.com.mx\/storage\/2019\/01\/sonoraenequipo_opt.png\",\"contentUrl\":\"https:\/\/www.sonoraenequipo.com.mx\/storage\/2019\/01\/sonoraenequipo_opt.png\",\"width\":375,\"height\":125,\"caption\":\"Sonoraenequipo.com.mx\"},\"image\":{\"@id\":\"https:\/\/www.sonoraenequipo.com.mx\/#\/schema\/logo\/image\/\"},\"sameAs\":[\"https:\/\/www.facebook.com\/SonoraEE\/\",\"https:\/\/x.com\/sonoraenequipo\",\"https:\/\/www.youtube.com\/channel\/UC338nW-lPEYmJQs4ZABQ1SQ\"]},{\"@type\":\"Person\",\"@id\":\"https:\/\/www.sonoraenequipo.com.mx\/#\/schema\/person\/50102df0fb23a8fa9e8effad8fa81386\",\"name\":\"enequipo\",\"image\":{\"@type\":\"ImageObject\",\"inLanguage\":\"es\",\"@id\":\"https:\/\/www.sonoraenequipo.com.mx\/#\/schema\/person\/image\/\",\"url\":\"https:\/\/secure.gravatar.com\/avatar\/049821681b589dabc0bc20695993ccebb09f5b5d4d790cd9251b97faac7c652b?s=96&d=blank&r=g\",\"contentUrl\":\"https:\/\/secure.gravatar.com\/avatar\/049821681b589dabc0bc20695993ccebb09f5b5d4d790cd9251b97faac7c652b?s=96&d=blank&r=g\",\"caption\":\"enequipo\"},\"sameAs\":[\"https:\/\/www.facebook.com\/SonoraEE\"]}]}<\/script>\n ","yoast_head_json":{"title":"Sonora en Equipo. Sheinbaum anuncia inversi\u00f3n hist\u00f3rica de 10 mil mdp para infraestructura en Colima Rep\u00fablica","description":"MANZANILLO, COLIMA. MX. \u2014 Col. Adem\u00e1s de los recursos federales que recibe Colima por seis mil 52 millones de pesos en Programas de Bienestar, entre 2025 En Sonora en Equipo publicamos toda la informaci\u00f3n de Sonora, M\u00e9xico y el Mundo de manera oportuna y busca que la libertad de expresi\u00f3n sea real. Visita nuestro medio informativo publicado desde Hermosillo, Sonora. %","robots":{"index":"index","follow":"follow","max-snippet":"max-snippet:-1","max-image-preview":"max-image-preview:large","max-video-preview":"max-video-preview:-1"},"canonical":"https:\/\/www.sonoraenequipo.com.mx\/sheinbaum-anuncia-inversion-historica-de-10-mil-mdp-para-infraestructura-en-colima\/","og_locale":"es_ES","og_type":"article","og_title":"Sonora en Equipo. Sheinbaum anuncia inversi\u00f3n hist\u00f3rica de 10 mil mdp para infraestructura en Colima Rep\u00fablica","og_description":"MANZANILLO, COLIMA. MX. \u2014 Col. Adem\u00e1s de los recursos federales que recibe Colima por seis mil 52 millones de pesos en Programas de Bienestar, entre 2025 En Sonora en Equipo publicamos toda la informaci\u00f3n de Sonora, M\u00e9xico y el Mundo de manera oportuna y busca que la libertad de expresi\u00f3n sea real. Visita nuestro medio informativo publicado desde Hermosillo, Sonora. %","og_url":"https:\/\/www.sonoraenequipo.com.mx\/sheinbaum-anuncia-inversion-historica-de-10-mil-mdp-para-infraestructura-en-colima\/","og_site_name":"Sonora en Equipo.","article_publisher":"https:\/\/www.facebook.com\/SonoraEE\/","article_author":"https:\/\/www.facebook.com\/SonoraEE","article_published_time":"2026-03-13T15:30:08+00:00","article_modified_time":"2026-03-13T20:45:20+00:00","og_image":[{"width":1000,"height":750,"url":"https:\/\/www.sonoraenequipo.com.mx\/storage\/2026\/03\/Sheinbaum-anuncia-inversion-historica-en-Colima.jpg","type":"image\/jpeg"}],"author":"enequipo","twitter_card":"summary_large_image","twitter_creator":"@sonoraenequipo","twitter_site":"@sonoraenequipo","twitter_misc":{"Escrito por":"enequipo","Tiempo de lectura":"2 minutos"},"schema":{"@context":"https:\/\/schema.org","@graph":[{"@type":"Article","@id":"https:\/\/www.sonoraenequipo.com.mx\/sheinbaum-anuncia-inversion-historica-de-10-mil-mdp-para-infraestructura-en-colima\/#article","isPartOf":{"@id":"https:\/\/www.sonoraenequipo.com.mx\/sheinbaum-anuncia-inversion-historica-de-10-mil-mdp-para-infraestructura-en-colima\/"},"author":{"name":"enequipo","@id":"https:\/\/www.sonoraenequipo.com.mx\/#\/schema\/person\/50102df0fb23a8fa9e8effad8fa81386"},"headline":"Sheinbaum anuncia inversi\u00f3n hist\u00f3rica de 10 mil mdp para infraestructura en Colima","datePublished":"2026-03-13T15:30:08+00:00","dateModified":"2026-03-13T20:45:20+00:00","mainEntityOfPage":{"@id":"https:\/\/www.sonoraenequipo.com.mx\/sheinbaum-anuncia-inversion-historica-de-10-mil-mdp-para-infraestructura-en-colima\/"},"wordCount":367,"commentCount":0,"publisher":{"@id":"https:\/\/www.sonoraenequipo.com.mx\/#organization"},"image":{"@id":"https:\/\/www.sonoraenequipo.com.mx\/sheinbaum-anuncia-inversion-historica-de-10-mil-mdp-para-infraestructura-en-colima\/#primaryimage"},"thumbnailUrl":"https:\/\/www.sonoraenequipo.com.mx\/storage\/2026\/03\/Sheinbaum-anuncia-inversion-historica-en-Colima.jpg","articleSection":["Rep\u00fablica"],"inLanguage":"es","potentialAction":[{"@type":"CommentAction","name":"Comment","target":["https:\/\/www.sonoraenequipo.com.mx\/sheinbaum-anuncia-inversion-historica-de-10-mil-mdp-para-infraestructura-en-colima\/#respond"]}]},{"@type":"WebPage","@id":"https:\/\/www.sonoraenequipo.com.mx\/sheinbaum-anuncia-inversion-historica-de-10-mil-mdp-para-infraestructura-en-colima\/","url":"https:\/\/www.sonoraenequipo.com.mx\/sheinbaum-anuncia-inversion-historica-de-10-mil-mdp-para-infraestructura-en-colima\/","name":"Sonora en Equipo. Sheinbaum anuncia inversi\u00f3n hist\u00f3rica de 10 mil mdp para infraestructura en Colima Rep\u00fablica","isPartOf":{"@id":"https:\/\/www.sonoraenequipo.com.mx\/#website"},"primaryImageOfPage":{"@id":"https:\/\/www.sonoraenequipo.com.mx\/sheinbaum-anuncia-inversion-historica-de-10-mil-mdp-para-infraestructura-en-colima\/#primaryimage"},"image":{"@id":"https:\/\/www.sonoraenequipo.com.mx\/sheinbaum-anuncia-inversion-historica-de-10-mil-mdp-para-infraestructura-en-colima\/#primaryimage"},"thumbnailUrl":"https:\/\/www.sonoraenequipo.com.mx\/storage\/2026\/03\/Sheinbaum-anuncia-inversion-historica-en-Colima.jpg","datePublished":"2026-03-13T15:30:08+00:00","dateModified":"2026-03-13T20:45:20+00:00","description":"MANZANILLO, COLIMA. MX. \u2014 Col. Adem\u00e1s de los recursos federales que recibe Colima por seis mil 52 millones de pesos en Programas de Bienestar, entre 2025 En Sonora en Equipo publicamos toda la informaci\u00f3n de Sonora, M\u00e9xico y el Mundo de manera oportuna y busca que la libertad de expresi\u00f3n sea real. Visita nuestro medio informativo publicado desde Hermosillo, Sonora. %","breadcrumb":{"@id":"https:\/\/www.sonoraenequipo.com.mx\/sheinbaum-anuncia-inversion-historica-de-10-mil-mdp-para-infraestructura-en-colima\/#breadcrumb"},"inLanguage":"es","potentialAction":[{"@type":"ReadAction","target":["https:\/\/www.sonoraenequipo.com.mx\/sheinbaum-anuncia-inversion-historica-de-10-mil-mdp-para-infraestructura-en-colima\/"]}]},{"@type":"ImageObject","inLanguage":"es","@id":"https:\/\/www.sonoraenequipo.com.mx\/sheinbaum-anuncia-inversion-historica-de-10-mil-mdp-para-infraestructura-en-colima\/#primaryimage","url":"https:\/\/www.sonoraenequipo.com.mx\/storage\/2026\/03\/Sheinbaum-anuncia-inversion-historica-en-Colima.jpg","contentUrl":"https:\/\/www.sonoraenequipo.com.mx\/storage\/2026\/03\/Sheinbaum-anuncia-inversion-historica-en-Colima.jpg","width":1000,"height":750},{"@type":"BreadcrumbList","@id":"https:\/\/www.sonoraenequipo.com.mx\/sheinbaum-anuncia-inversion-historica-de-10-mil-mdp-para-infraestructura-en-colima\/#breadcrumb","itemListElement":[{"@type":"ListItem","position":1,"name":"Portada","item":"https:\/\/www.sonoraenequipo.com.mx\/"},{"@type":"ListItem","position":2,"name":"Sheinbaum anuncia inversi\u00f3n hist\u00f3rica de 10 mil mdp para infraestructura en Colima"}]},{"@type":"WebSite","@id":"https:\/\/www.sonoraenequipo.com.mx\/#website","url":"https:\/\/www.sonoraenequipo.com.mx\/","name":"Sonora en Equipo.","description":"Diario en l\u00ednea con Noticias desde Hermosillo, Sonora","publisher":{"@id":"https:\/\/www.sonoraenequipo.com.mx\/#organization"},"potentialAction":[{"@type":"SearchAction","target":{"@type":"EntryPoint","urlTemplate":"https:\/\/www.sonoraenequipo.com.mx\/?s={search_term_string}"},"query-input":{"@type":"PropertyValueSpecification","valueRequired":true,"valueName":"search_term_string"}}],"inLanguage":"es"},{"@type":"Organization","@id":"https:\/\/www.sonoraenequipo.com.mx\/#organization","name":"Sonoraenequipo.com.mx","url":"https:\/\/www.sonoraenequipo.com.mx\/","logo":{"@type":"ImageObject","inLanguage":"es","@id":"https:\/\/www.sonoraenequipo.com.mx\/#\/schema\/logo\/image\/","url":"https:\/\/www.sonoraenequipo.com.mx\/storage\/2019\/01\/sonoraenequipo_opt.png","contentUrl":"https:\/\/www.sonoraenequipo.com.mx\/storage\/2019\/01\/sonoraenequipo_opt.png","width":375,"height":125,"caption":"Sonoraenequipo.com.mx"},"image":{"@id":"https:\/\/www.sonoraenequipo.com.mx\/#\/schema\/logo\/image\/"},"sameAs":["https:\/\/www.facebook.com\/SonoraEE\/","https:\/\/x.com\/sonoraenequipo","https:\/\/www.youtube.com\/channel\/UC338nW-lPEYmJQs4ZABQ1SQ"]},{"@type":"Person","@id":"https:\/\/www.sonoraenequipo.com.mx\/#\/schema\/person\/50102df0fb23a8fa9e8effad8fa81386","name":"enequipo","image":{"@type":"ImageObject","inLanguage":"es","@id":"https:\/\/www.sonoraenequipo.com.mx\/#\/schema\/person\/image\/","url":"https:\/\/secure.gravatar.com\/avatar\/049821681b589dabc0bc20695993ccebb09f5b5d4d790cd9251b97faac7c652b?s=96&d=blank&r=g","contentUrl":"https:\/\/secure.gravatar.com\/avatar\/049821681b589dabc0bc20695993ccebb09f5b5d4d790cd9251b97faac7c652b?s=96&d=blank&r=g","caption":"enequipo"},"sameAs":["https:\/\/www.facebook.com\/SonoraEE"]}]}},"jetpack_featured_media_url":"https:\/\/www.sonoraenequipo.com.mx\/storage\/2026\/03\/Sheinbaum-anuncia-inversion-historica-en-Colima.jpg","_links":{"self":[{"href":"https:\/\/www.sonoraenequipo.com.mx\/api\/wp\/v2\/posts\/237365","targetHints":{"allow":["GET"]}}],"collection":[{"href":"https:\/\/www.sonoraenequipo.com.mx\/api\/wp\/v2\/posts"}],"about":[{"href":"https:\/\/www.sonoraenequipo.com.mx\/api\/wp\/v2\/types\/post"}],"author":[{"embeddable":true,"href":"https:\/\/www.sonoraenequipo.com.mx\/api\/wp\/v2\/users\/1"}],"replies":[{"embeddable":true,"href":"https:\/\/www.sonoraenequipo.com.mx\/api\/wp\/v2\/comments?post=237365"}],"version-history":[{"count":2,"href":"https:\/\/www.sonoraenequipo.com.mx\/api\/wp\/v2\/posts\/237365\/revisions"}],"predecessor-version":[{"id":237367,"href":"https:\/\/www.sonoraenequipo.com.mx\/api\/wp\/v2\/posts\/237365\/revisions\/237367"}],"wp:featuredmedia":[{"embeddable":true,"href":"https:\/\/www.sonoraenequipo.com.mx\/api\/wp\/v2\/media\/237341"}],"wp:attachment":[{"href":"https:\/\/www.sonoraenequipo.com.mx\/api\/wp\/v2\/media?parent=237365"}],"wp:term":[{"taxonomy":"category","embeddable":true,"href":"https:\/\/www.sonoraenequipo.com.mx\/api\/wp\/v2\/categories?post=237365"},{"taxonomy":"post_tag","embeddable":true,"href":"https:\/\/www.sonoraenequipo.com.mx\/api\/wp\/v2\/tags?post=237365"}],"curies":[{"name":"wp","href":"https:\/\/api.w.org\/{rel}","templated":true}]}}