{"id":237403,"date":"2026-03-13T17:46:50","date_gmt":"2026-03-14T00:46:50","guid":{"rendered":"https:\/\/www.sonoraenequipo.com.mx\/?p=237403"},"modified":"2026-03-13T19:10:26","modified_gmt":"2026-03-14T02:10:26","slug":"la-uas-impulsa-la-internacionalizacion-con-el-lanzamiento-del-programa-magallanes-2026","status":"publish","type":"post","link":"https:\/\/www.sonoraenequipo.com.mx\/la-uas-impulsa-la-internacionalizacion-con-el-lanzamiento-del-programa-magallanes-2026\/","title":{"rendered":"La UAS impulsa la internacionalizaci\u00f3n con el lanzamiento del Programa Magallanes 2026"},"content":{"rendered":"<p><strong>CULIAC\u00c1N, SINALOA. MX. \u2014 <\/strong>Dentro del Plan de Desarrollo con Visi\u00f3n de Futuro 2029, que encabeza el rector de la Universidad Aut\u00f3noma de Sinaloa (UAS), el doctor Jes\u00fas Madue\u00f1a Molina, uno de los principales ejes estrat\u00e9gicos es la internacionalizaci\u00f3n. Por este motivo, a trav\u00e9s de la Direcci\u00f3n General de Vinculaci\u00f3n y Relaciones Internacionales (DGVRI), se ha lanzado la convocatoria para el programa de movilidad acad\u00e9mica internacional Magallanes 2026.<\/p>\n<p>&nbsp;<\/p>\n<p>&nbsp;<\/p>\n<p> <\/p>\n<p>Ra\u00fal Sotomayor Acosta, responsable de este programa, se\u00f1al\u00f3 que se trata de una convocatoria de suma importancia, ya que permite que estudiantes de posgrado, gestores de internacionalizaci\u00f3n y docentes de todas las \u00e1reas acad\u00e9micas de la m\u00e1xima casa de estudios sinaloense realicen estancias en las m\u00e1s prestigiosas universidades de Espa\u00f1a, Portugal y Latinoam\u00e9rica.<\/p>\n<p>&nbsp;<\/p>\n<p>&nbsp;<\/p>\n<p><em><strong>\u201cEst\u00e1 abierta la posibilidad de que estudiantes de posgrado y profesores realicen una movilidad acad\u00e9mica y vivan la internacionalizaci\u00f3n con estancias que van desde los 20 d\u00edas hasta los 11 meses en el extranjero. Cabe mencionar que en esta asociaci\u00f3n est\u00e1n agrupadas 22 universidades de toda Iberoam\u00e9rica\u201d<\/strong><\/em>, refiri\u00f3.<\/p>\n<p>&nbsp;<\/p>\n<p>&nbsp;<\/p>\n<p>Destac\u00f3 que esta beca consiste en un beneficio econ\u00f3mico que ofrece a los seleccionados un est\u00edmulo de hasta 1,200 euros para la compra del boleto de avi\u00f3n para su traslado internacional, otorgado por medio de la Asociaci\u00f3n Universitaria Iberoamericana de Posgrado (AUIP).<\/p>\n<p>&nbsp;<\/p>\n<p>&nbsp;<\/p>\n<p>En ese sentido, Sotomayor Acosta subray\u00f3 que la convocatoria cierra el 13 de abril. Los requisitos b\u00e1sicos para acceder a este programa son:<\/p>\n<p>&nbsp;<\/p>\n<p><strong>\u2022 Curriculum vitae.<\/strong><\/p>\n<p><strong>\u2022 Carta aval del director de su unidad acad\u00e9mica.<\/strong><\/p>\n<p><strong>\u2022 Carta aval de la universidad de destino.<\/strong><\/p>\n<p><strong>\u2022 Carta compromiso de adquisici\u00f3n de seguro de gastos m\u00e9dicos.<\/strong><\/p>\n<p><strong>\u2022 Declaraci\u00f3n jurada y pasaporte.<\/strong><\/p>\n<p>&nbsp;<\/p>\n<p>Para mayor informaci\u00f3n, los interesados deben acercarse a las oficinas de la DGVRI.<\/p>\n<p>&nbsp;<\/p>\n<p>&nbsp;<\/p>\n<p>PUBLICADO EL 13 DE MARZO DE 2026 Con informaci\u00f3n de UAS\/<\/p>\n","protected":false},"excerpt":{"rendered":"<p>CULIAC\u00c1N, SINALOA. MX. \u2014 Dentro del Plan de Desarrollo con Visi\u00f3n de Futuro 2029, que&#8230;<\/p>\n","protected":false},"author":1,"featured_media":237405,"comment_status":"open","ping_status":"open","sticky":false,"template":"","format":"standard","meta":{"_monsterinsights_skip_tracking":false,"_monsterinsights_sitenote_active":false,"_monsterinsights_sitenote_note":"","_monsterinsights_sitenote_category":0,"footnotes":""},"categories":[5],"tags":[],"class_list":["post"],"yoast_head":" \n<title>Sonora en Equipo. La UAS impulsa la internacionalizaci\u00f3n con el lanzamiento del Programa Magallanes 2026 Rep\u00fablica<\/title>\n<meta name=\"description\" content=\"CULIAC\u00c1N, SINALOA. MX. \u2014 Dentro del Plan de Desarrollo con Visi\u00f3n de Futuro 2029, que encabeza el rector de la Universidad Aut\u00f3noma de Sinaloa (UAS), el En Sonora en Equipo publicamos toda la informaci\u00f3n de Sonora, M\u00e9xico y el Mundo de manera oportuna y busca que la libertad de expresi\u00f3n sea real. Visita nuestro medio informativo publicado desde Hermosillo, Sonora. %\" \/>\n<meta name=\"robots\" content=\"index, follow, max-snippet:-1, max-image-preview:large, max-video-preview:-1\" \/>\n<link rel=\"canonical\" href=\"https:\/\/www.sonoraenequipo.com.mx\/la-uas-impulsa-la-internacionalizacion-con-el-lanzamiento-del-programa-magallanes-2026\/\" \/>\n<meta property=\"og:locale\" content=\"es_ES\" \/>\n<meta property=\"og:type\" content=\"article\" \/>\n<meta property=\"og:title\" content=\"Sonora en Equipo. La UAS impulsa la internacionalizaci\u00f3n con el lanzamiento del Programa Magallanes 2026 Rep\u00fablica\" \/>\n<meta property=\"og:description\" content=\"CULIAC\u00c1N, SINALOA. MX. \u2014 Dentro del Plan de Desarrollo con Visi\u00f3n de Futuro 2029, que encabeza el rector de la Universidad Aut\u00f3noma de Sinaloa (UAS), el En Sonora en Equipo publicamos toda la informaci\u00f3n de Sonora, M\u00e9xico y el Mundo de manera oportuna y busca que la libertad de expresi\u00f3n sea real. Visita nuestro medio informativo publicado desde Hermosillo, Sonora. %\" \/>\n<meta property=\"og:url\" content=\"https:\/\/www.sonoraenequipo.com.mx\/la-uas-impulsa-la-internacionalizacion-con-el-lanzamiento-del-programa-magallanes-2026\/\" \/>\n<meta property=\"og:site_name\" content=\"Sonora en Equipo.\" \/>\n<meta property=\"article:publisher\" content=\"https:\/\/www.facebook.com\/SonoraEE\/\" \/>\n<meta property=\"article:author\" content=\"https:\/\/www.facebook.com\/SonoraEE\" \/>\n<meta property=\"article:published_time\" content=\"2026-03-14T00:46:50+00:00\" \/>\n<meta property=\"article:modified_time\" content=\"2026-03-14T02:10:26+00:00\" \/>\n<meta property=\"og:image\" content=\"https:\/\/www.sonoraenequipo.com.mx\/storage\/2026\/03\/UAS-Programa-Magallanes-1.jpg\" \/>\n\t<meta property=\"og:image:width\" content=\"1000\" \/>\n\t<meta property=\"og:image:height\" content=\"500\" \/>\n\t<meta property=\"og:image:type\" content=\"image\/jpeg\" \/>\n<meta name=\"author\" content=\"enequipo\" \/>\n<meta name=\"twitter:card\" content=\"summary_large_image\" \/>\n<meta name=\"twitter:creator\" content=\"@sonoraenequipo\" \/>\n<meta name=\"twitter:site\" content=\"@sonoraenequipo\" \/>\n<meta name=\"twitter:label1\" content=\"Escrito por\" \/>\n\t<meta name=\"twitter:data1\" content=\"enequipo\" \/>\n\t<meta name=\"twitter:label2\" content=\"Tiempo de lectura\" \/>\n\t<meta name=\"twitter:data2\" content=\"2 minutos\" \/>\n<script type=\"application\/ld+json\" class=\"yoast-schema-graph\">{\"@context\":\"https:\/\/schema.org\",\"@graph\":[{\"@type\":\"Article\",\"@id\":\"https:\/\/www.sonoraenequipo.com.mx\/la-uas-impulsa-la-internacionalizacion-con-el-lanzamiento-del-programa-magallanes-2026\/#article\",\"isPartOf\":{\"@id\":\"https:\/\/www.sonoraenequipo.com.mx\/la-uas-impulsa-la-internacionalizacion-con-el-lanzamiento-del-programa-magallanes-2026\/\"},\"author\":{\"name\":\"enequipo\",\"@id\":\"https:\/\/www.sonoraenequipo.com.mx\/#\/schema\/person\/50102df0fb23a8fa9e8effad8fa81386\"},\"headline\":\"La UAS impulsa la internacionalizaci\u00f3n con el lanzamiento del Programa Magallanes 2026\",\"datePublished\":\"2026-03-14T00:46:50+00:00\",\"dateModified\":\"2026-03-14T02:10:26+00:00\",\"mainEntityOfPage\":{\"@id\":\"https:\/\/www.sonoraenequipo.com.mx\/la-uas-impulsa-la-internacionalizacion-con-el-lanzamiento-del-programa-magallanes-2026\/\"},\"wordCount\":338,\"commentCount\":0,\"publisher\":{\"@id\":\"https:\/\/www.sonoraenequipo.com.mx\/#organization\"},\"image\":{\"@id\":\"https:\/\/www.sonoraenequipo.com.mx\/la-uas-impulsa-la-internacionalizacion-con-el-lanzamiento-del-programa-magallanes-2026\/#primaryimage\"},\"thumbnailUrl\":\"https:\/\/www.sonoraenequipo.com.mx\/storage\/2026\/03\/UAS-Programa-Magallanes-1.jpg\",\"articleSection\":[\"Rep\u00fablica\"],\"inLanguage\":\"es\",\"potentialAction\":[{\"@type\":\"CommentAction\",\"name\":\"Comment\",\"target\":[\"https:\/\/www.sonoraenequipo.com.mx\/la-uas-impulsa-la-internacionalizacion-con-el-lanzamiento-del-programa-magallanes-2026\/#respond\"]}]},{\"@type\":\"WebPage\",\"@id\":\"https:\/\/www.sonoraenequipo.com.mx\/la-uas-impulsa-la-internacionalizacion-con-el-lanzamiento-del-programa-magallanes-2026\/\",\"url\":\"https:\/\/www.sonoraenequipo.com.mx\/la-uas-impulsa-la-internacionalizacion-con-el-lanzamiento-del-programa-magallanes-2026\/\",\"name\":\"Sonora en Equipo. La UAS impulsa la internacionalizaci\u00f3n con el lanzamiento del Programa Magallanes 2026 Rep\u00fablica\",\"isPartOf\":{\"@id\":\"https:\/\/www.sonoraenequipo.com.mx\/#website\"},\"primaryImageOfPage\":{\"@id\":\"https:\/\/www.sonoraenequipo.com.mx\/la-uas-impulsa-la-internacionalizacion-con-el-lanzamiento-del-programa-magallanes-2026\/#primaryimage\"},\"image\":{\"@id\":\"https:\/\/www.sonoraenequipo.com.mx\/la-uas-impulsa-la-internacionalizacion-con-el-lanzamiento-del-programa-magallanes-2026\/#primaryimage\"},\"thumbnailUrl\":\"https:\/\/www.sonoraenequipo.com.mx\/storage\/2026\/03\/UAS-Programa-Magallanes-1.jpg\",\"datePublished\":\"2026-03-14T00:46:50+00:00\",\"dateModified\":\"2026-03-14T02:10:26+00:00\",\"description\":\"CULIAC\u00c1N, SINALOA. MX. \u2014 Dentro del Plan de Desarrollo con Visi\u00f3n de Futuro 2029, que encabeza el rector de la Universidad Aut\u00f3noma de Sinaloa (UAS), el En Sonora en Equipo publicamos toda la informaci\u00f3n de Sonora, M\u00e9xico y el Mundo de manera oportuna y busca que la libertad de expresi\u00f3n sea real. Visita nuestro medio informativo publicado desde Hermosillo, Sonora. %\",\"breadcrumb\":{\"@id\":\"https:\/\/www.sonoraenequipo.com.mx\/la-uas-impulsa-la-internacionalizacion-con-el-lanzamiento-del-programa-magallanes-2026\/#breadcrumb\"},\"inLanguage\":\"es\",\"potentialAction\":[{\"@type\":\"ReadAction\",\"target\":[\"https:\/\/www.sonoraenequipo.com.mx\/la-uas-impulsa-la-internacionalizacion-con-el-lanzamiento-del-programa-magallanes-2026\/\"]}]},{\"@type\":\"ImageObject\",\"inLanguage\":\"es\",\"@id\":\"https:\/\/www.sonoraenequipo.com.mx\/la-uas-impulsa-la-internacionalizacion-con-el-lanzamiento-del-programa-magallanes-2026\/#primaryimage\",\"url\":\"https:\/\/www.sonoraenequipo.com.mx\/storage\/2026\/03\/UAS-Programa-Magallanes-1.jpg\",\"contentUrl\":\"https:\/\/www.sonoraenequipo.com.mx\/storage\/2026\/03\/UAS-Programa-Magallanes-1.jpg\",\"width\":1000,\"height\":500},{\"@type\":\"BreadcrumbList\",\"@id\":\"https:\/\/www.sonoraenequipo.com.mx\/la-uas-impulsa-la-internacionalizacion-con-el-lanzamiento-del-programa-magallanes-2026\/#breadcrumb\",\"itemListElement\":[{\"@type\":\"ListItem\",\"position\":1,\"name\":\"Portada\",\"item\":\"https:\/\/www.sonoraenequipo.com.mx\/\"},{\"@type\":\"ListItem\",\"position\":2,\"name\":\"La UAS impulsa la internacionalizaci\u00f3n con el lanzamiento del Programa Magallanes 2026\"}]},{\"@type\":\"WebSite\",\"@id\":\"https:\/\/www.sonoraenequipo.com.mx\/#website\",\"url\":\"https:\/\/www.sonoraenequipo.com.mx\/\",\"name\":\"Sonora en Equipo.\",\"description\":\"Diario en l\u00ednea con Noticias desde Hermosillo, Sonora\",\"publisher\":{\"@id\":\"https:\/\/www.sonoraenequipo.com.mx\/#organization\"},\"potentialAction\":[{\"@type\":\"SearchAction\",\"target\":{\"@type\":\"EntryPoint\",\"urlTemplate\":\"https:\/\/www.sonoraenequipo.com.mx\/?s={search_term_string}\"},\"query-input\":{\"@type\":\"PropertyValueSpecification\",\"valueRequired\":true,\"valueName\":\"search_term_string\"}}],\"inLanguage\":\"es\"},{\"@type\":\"Organization\",\"@id\":\"https:\/\/www.sonoraenequipo.com.mx\/#organization\",\"name\":\"Sonoraenequipo.com.mx\",\"url\":\"https:\/\/www.sonoraenequipo.com.mx\/\",\"logo\":{\"@type\":\"ImageObject\",\"inLanguage\":\"es\",\"@id\":\"https:\/\/www.sonoraenequipo.com.mx\/#\/schema\/logo\/image\/\",\"url\":\"https:\/\/www.sonoraenequipo.com.mx\/storage\/2019\/01\/sonoraenequipo_opt.png\",\"contentUrl\":\"https:\/\/www.sonoraenequipo.com.mx\/storage\/2019\/01\/sonoraenequipo_opt.png\",\"width\":375,\"height\":125,\"caption\":\"Sonoraenequipo.com.mx\"},\"image\":{\"@id\":\"https:\/\/www.sonoraenequipo.com.mx\/#\/schema\/logo\/image\/\"},\"sameAs\":[\"https:\/\/www.facebook.com\/SonoraEE\/\",\"https:\/\/x.com\/sonoraenequipo\",\"https:\/\/www.youtube.com\/channel\/UC338nW-lPEYmJQs4ZABQ1SQ\"]},{\"@type\":\"Person\",\"@id\":\"https:\/\/www.sonoraenequipo.com.mx\/#\/schema\/person\/50102df0fb23a8fa9e8effad8fa81386\",\"name\":\"enequipo\",\"image\":{\"@type\":\"ImageObject\",\"inLanguage\":\"es\",\"@id\":\"https:\/\/www.sonoraenequipo.com.mx\/#\/schema\/person\/image\/\",\"url\":\"https:\/\/secure.gravatar.com\/avatar\/049821681b589dabc0bc20695993ccebb09f5b5d4d790cd9251b97faac7c652b?s=96&d=blank&r=g\",\"contentUrl\":\"https:\/\/secure.gravatar.com\/avatar\/049821681b589dabc0bc20695993ccebb09f5b5d4d790cd9251b97faac7c652b?s=96&d=blank&r=g\",\"caption\":\"enequipo\"},\"sameAs\":[\"https:\/\/www.facebook.com\/SonoraEE\"]}]}<\/script>\n ","yoast_head_json":{"title":"Sonora en Equipo. La UAS impulsa la internacionalizaci\u00f3n con el lanzamiento del Programa Magallanes 2026 Rep\u00fablica","description":"CULIAC\u00c1N, SINALOA. MX. \u2014 Dentro del Plan de Desarrollo con Visi\u00f3n de Futuro 2029, que encabeza el rector de la Universidad Aut\u00f3noma de Sinaloa (UAS), el En Sonora en Equipo publicamos toda la informaci\u00f3n de Sonora, M\u00e9xico y el Mundo de manera oportuna y busca que la libertad de expresi\u00f3n sea real. Visita nuestro medio informativo publicado desde Hermosillo, Sonora. %","robots":{"index":"index","follow":"follow","max-snippet":"max-snippet:-1","max-image-preview":"max-image-preview:large","max-video-preview":"max-video-preview:-1"},"canonical":"https:\/\/www.sonoraenequipo.com.mx\/la-uas-impulsa-la-internacionalizacion-con-el-lanzamiento-del-programa-magallanes-2026\/","og_locale":"es_ES","og_type":"article","og_title":"Sonora en Equipo. La UAS impulsa la internacionalizaci\u00f3n con el lanzamiento del Programa Magallanes 2026 Rep\u00fablica","og_description":"CULIAC\u00c1N, SINALOA. MX. \u2014 Dentro del Plan de Desarrollo con Visi\u00f3n de Futuro 2029, que encabeza el rector de la Universidad Aut\u00f3noma de Sinaloa (UAS), el En Sonora en Equipo publicamos toda la informaci\u00f3n de Sonora, M\u00e9xico y el Mundo de manera oportuna y busca que la libertad de expresi\u00f3n sea real. Visita nuestro medio informativo publicado desde Hermosillo, Sonora. %","og_url":"https:\/\/www.sonoraenequipo.com.mx\/la-uas-impulsa-la-internacionalizacion-con-el-lanzamiento-del-programa-magallanes-2026\/","og_site_name":"Sonora en Equipo.","article_publisher":"https:\/\/www.facebook.com\/SonoraEE\/","article_author":"https:\/\/www.facebook.com\/SonoraEE","article_published_time":"2026-03-14T00:46:50+00:00","article_modified_time":"2026-03-14T02:10:26+00:00","og_image":[{"width":1000,"height":500,"url":"https:\/\/www.sonoraenequipo.com.mx\/storage\/2026\/03\/UAS-Programa-Magallanes-1.jpg","type":"image\/jpeg"}],"author":"enequipo","twitter_card":"summary_large_image","twitter_creator":"@sonoraenequipo","twitter_site":"@sonoraenequipo","twitter_misc":{"Escrito por":"enequipo","Tiempo de lectura":"2 minutos"},"schema":{"@context":"https:\/\/schema.org","@graph":[{"@type":"Article","@id":"https:\/\/www.sonoraenequipo.com.mx\/la-uas-impulsa-la-internacionalizacion-con-el-lanzamiento-del-programa-magallanes-2026\/#article","isPartOf":{"@id":"https:\/\/www.sonoraenequipo.com.mx\/la-uas-impulsa-la-internacionalizacion-con-el-lanzamiento-del-programa-magallanes-2026\/"},"author":{"name":"enequipo","@id":"https:\/\/www.sonoraenequipo.com.mx\/#\/schema\/person\/50102df0fb23a8fa9e8effad8fa81386"},"headline":"La UAS impulsa la internacionalizaci\u00f3n con el lanzamiento del Programa Magallanes 2026","datePublished":"2026-03-14T00:46:50+00:00","dateModified":"2026-03-14T02:10:26+00:00","mainEntityOfPage":{"@id":"https:\/\/www.sonoraenequipo.com.mx\/la-uas-impulsa-la-internacionalizacion-con-el-lanzamiento-del-programa-magallanes-2026\/"},"wordCount":338,"commentCount":0,"publisher":{"@id":"https:\/\/www.sonoraenequipo.com.mx\/#organization"},"image":{"@id":"https:\/\/www.sonoraenequipo.com.mx\/la-uas-impulsa-la-internacionalizacion-con-el-lanzamiento-del-programa-magallanes-2026\/#primaryimage"},"thumbnailUrl":"https:\/\/www.sonoraenequipo.com.mx\/storage\/2026\/03\/UAS-Programa-Magallanes-1.jpg","articleSection":["Rep\u00fablica"],"inLanguage":"es","potentialAction":[{"@type":"CommentAction","name":"Comment","target":["https:\/\/www.sonoraenequipo.com.mx\/la-uas-impulsa-la-internacionalizacion-con-el-lanzamiento-del-programa-magallanes-2026\/#respond"]}]},{"@type":"WebPage","@id":"https:\/\/www.sonoraenequipo.com.mx\/la-uas-impulsa-la-internacionalizacion-con-el-lanzamiento-del-programa-magallanes-2026\/","url":"https:\/\/www.sonoraenequipo.com.mx\/la-uas-impulsa-la-internacionalizacion-con-el-lanzamiento-del-programa-magallanes-2026\/","name":"Sonora en Equipo. La UAS impulsa la internacionalizaci\u00f3n con el lanzamiento del Programa Magallanes 2026 Rep\u00fablica","isPartOf":{"@id":"https:\/\/www.sonoraenequipo.com.mx\/#website"},"primaryImageOfPage":{"@id":"https:\/\/www.sonoraenequipo.com.mx\/la-uas-impulsa-la-internacionalizacion-con-el-lanzamiento-del-programa-magallanes-2026\/#primaryimage"},"image":{"@id":"https:\/\/www.sonoraenequipo.com.mx\/la-uas-impulsa-la-internacionalizacion-con-el-lanzamiento-del-programa-magallanes-2026\/#primaryimage"},"thumbnailUrl":"https:\/\/www.sonoraenequipo.com.mx\/storage\/2026\/03\/UAS-Programa-Magallanes-1.jpg","datePublished":"2026-03-14T00:46:50+00:00","dateModified":"2026-03-14T02:10:26+00:00","description":"CULIAC\u00c1N, SINALOA. MX. \u2014 Dentro del Plan de Desarrollo con Visi\u00f3n de Futuro 2029, que encabeza el rector de la Universidad Aut\u00f3noma de Sinaloa (UAS), el En Sonora en Equipo publicamos toda la informaci\u00f3n de Sonora, M\u00e9xico y el Mundo de manera oportuna y busca que la libertad de expresi\u00f3n sea real. Visita nuestro medio informativo publicado desde Hermosillo, Sonora. %","breadcrumb":{"@id":"https:\/\/www.sonoraenequipo.com.mx\/la-uas-impulsa-la-internacionalizacion-con-el-lanzamiento-del-programa-magallanes-2026\/#breadcrumb"},"inLanguage":"es","potentialAction":[{"@type":"ReadAction","target":["https:\/\/www.sonoraenequipo.com.mx\/la-uas-impulsa-la-internacionalizacion-con-el-lanzamiento-del-programa-magallanes-2026\/"]}]},{"@type":"ImageObject","inLanguage":"es","@id":"https:\/\/www.sonoraenequipo.com.mx\/la-uas-impulsa-la-internacionalizacion-con-el-lanzamiento-del-programa-magallanes-2026\/#primaryimage","url":"https:\/\/www.sonoraenequipo.com.mx\/storage\/2026\/03\/UAS-Programa-Magallanes-1.jpg","contentUrl":"https:\/\/www.sonoraenequipo.com.mx\/storage\/2026\/03\/UAS-Programa-Magallanes-1.jpg","width":1000,"height":500},{"@type":"BreadcrumbList","@id":"https:\/\/www.sonoraenequipo.com.mx\/la-uas-impulsa-la-internacionalizacion-con-el-lanzamiento-del-programa-magallanes-2026\/#breadcrumb","itemListElement":[{"@type":"ListItem","position":1,"name":"Portada","item":"https:\/\/www.sonoraenequipo.com.mx\/"},{"@type":"ListItem","position":2,"name":"La UAS impulsa la internacionalizaci\u00f3n con el lanzamiento del Programa Magallanes 2026"}]},{"@type":"WebSite","@id":"https:\/\/www.sonoraenequipo.com.mx\/#website","url":"https:\/\/www.sonoraenequipo.com.mx\/","name":"Sonora en Equipo.","description":"Diario en l\u00ednea con Noticias desde Hermosillo, Sonora","publisher":{"@id":"https:\/\/www.sonoraenequipo.com.mx\/#organization"},"potentialAction":[{"@type":"SearchAction","target":{"@type":"EntryPoint","urlTemplate":"https:\/\/www.sonoraenequipo.com.mx\/?s={search_term_string}"},"query-input":{"@type":"PropertyValueSpecification","valueRequired":true,"valueName":"search_term_string"}}],"inLanguage":"es"},{"@type":"Organization","@id":"https:\/\/www.sonoraenequipo.com.mx\/#organization","name":"Sonoraenequipo.com.mx","url":"https:\/\/www.sonoraenequipo.com.mx\/","logo":{"@type":"ImageObject","inLanguage":"es","@id":"https:\/\/www.sonoraenequipo.com.mx\/#\/schema\/logo\/image\/","url":"https:\/\/www.sonoraenequipo.com.mx\/storage\/2019\/01\/sonoraenequipo_opt.png","contentUrl":"https:\/\/www.sonoraenequipo.com.mx\/storage\/2019\/01\/sonoraenequipo_opt.png","width":375,"height":125,"caption":"Sonoraenequipo.com.mx"},"image":{"@id":"https:\/\/www.sonoraenequipo.com.mx\/#\/schema\/logo\/image\/"},"sameAs":["https:\/\/www.facebook.com\/SonoraEE\/","https:\/\/x.com\/sonoraenequipo","https:\/\/www.youtube.com\/channel\/UC338nW-lPEYmJQs4ZABQ1SQ"]},{"@type":"Person","@id":"https:\/\/www.sonoraenequipo.com.mx\/#\/schema\/person\/50102df0fb23a8fa9e8effad8fa81386","name":"enequipo","image":{"@type":"ImageObject","inLanguage":"es","@id":"https:\/\/www.sonoraenequipo.com.mx\/#\/schema\/person\/image\/","url":"https:\/\/secure.gravatar.com\/avatar\/049821681b589dabc0bc20695993ccebb09f5b5d4d790cd9251b97faac7c652b?s=96&d=blank&r=g","contentUrl":"https:\/\/secure.gravatar.com\/avatar\/049821681b589dabc0bc20695993ccebb09f5b5d4d790cd9251b97faac7c652b?s=96&d=blank&r=g","caption":"enequipo"},"sameAs":["https:\/\/www.facebook.com\/SonoraEE"]}]}},"jetpack_featured_media_url":"https:\/\/www.sonoraenequipo.com.mx\/storage\/2026\/03\/UAS-Programa-Magallanes-1.jpg","_links":{"self":[{"href":"https:\/\/www.sonoraenequipo.com.mx\/api\/wp\/v2\/posts\/237403","targetHints":{"allow":["GET"]}}],"collection":[{"href":"https:\/\/www.sonoraenequipo.com.mx\/api\/wp\/v2\/posts"}],"about":[{"href":"https:\/\/www.sonoraenequipo.com.mx\/api\/wp\/v2\/types\/post"}],"author":[{"embeddable":true,"href":"https:\/\/www.sonoraenequipo.com.mx\/api\/wp\/v2\/users\/1"}],"replies":[{"embeddable":true,"href":"https:\/\/www.sonoraenequipo.com.mx\/api\/wp\/v2\/comments?post=237403"}],"version-history":[{"count":1,"href":"https:\/\/www.sonoraenequipo.com.mx\/api\/wp\/v2\/posts\/237403\/revisions"}],"predecessor-version":[{"id":237406,"href":"https:\/\/www.sonoraenequipo.com.mx\/api\/wp\/v2\/posts\/237403\/revisions\/237406"}],"wp:featuredmedia":[{"embeddable":true,"href":"https:\/\/www.sonoraenequipo.com.mx\/api\/wp\/v2\/media\/237405"}],"wp:attachment":[{"href":"https:\/\/www.sonoraenequipo.com.mx\/api\/wp\/v2\/media?parent=237403"}],"wp:term":[{"taxonomy":"category","embeddable":true,"href":"https:\/\/www.sonoraenequipo.com.mx\/api\/wp\/v2\/categories?post=237403"},{"taxonomy":"post_tag","embeddable":true,"href":"https:\/\/www.sonoraenequipo.com.mx\/api\/wp\/v2\/tags?post=237403"}],"curies":[{"name":"wp","href":"https:\/\/api.w.org\/{rel}","templated":true}]}}