{"id":237407,"date":"2026-03-13T15:15:32","date_gmt":"2026-03-13T22:15:32","guid":{"rendered":"https:\/\/www.sonoraenequipo.com.mx\/?p=237407"},"modified":"2026-03-13T19:20:26","modified_gmt":"2026-03-14T02:20:26","slug":"oficializan-cambio-en-la-secretaria-de-seguridad-publica-de-sinaloa","status":"publish","type":"post","link":"https:\/\/www.sonoraenequipo.com.mx\/oficializan-cambio-en-la-secretaria-de-seguridad-publica-de-sinaloa\/","title":{"rendered":"Oficializan cambio en la Secretar\u00eda de Seguridad P\u00fablica de Sinaloa"},"content":{"rendered":"<p><strong>CULIAC\u00c1N, SINALOS.MX. \u2014<\/strong>\u00a0 En la conferencia matutina de la presidenta Claudia Sheinbaum, el secretario de la Defensa Nacional, General Ricardo Trevilla Trejo, inform\u00f3 sobre un cambio en la titularidad de la Secretar\u00eda de Seguridad P\u00fablica de Sinaloa.<\/p>\n<p>&nbsp;<\/p>\n<p>&nbsp;<\/p>\n<p>&nbsp;<\/p>\n<p> <\/p>\n<p>El general \u00d3scar Renter\u00eda Schazarino dejar\u00e1 el cargo para continuar con su carrera militar, tras un desempe\u00f1o destacado en coordinaci\u00f3n con autoridades federales, estatales y municipales. Su relevo responde a la necesidad de que contin\u00fae con su trayectoria profesional en el Ej\u00e9rcito activo, donde seguir\u00e1 adquiriendo experiencia y puntos para ascensos futuros.<\/p>\n<p>&nbsp;<\/p>\n<p>&nbsp;<\/p>\n<p>Se ha propuesto al gobernador un reemplazo igualmente capacitado un General en activo,podria llegar el General Brigadier del Estado Mayor, Sinuh\u00e9 T\u00e9llez L\u00f3pez. Entre los posibles candidatos actualmente comandante del 110 Batall\u00f3n de Infanter\u00eda en San Ignacio, Sinaloa.<\/p>\n<p>&nbsp;<\/p>\n<p>&nbsp;<\/p>\n<p>PUBLICADO EL 13 DE MARZO DE 2026 Con informaci\u00f3n de R\u00edo Doce)<\/p>\n","protected":false},"excerpt":{"rendered":"<p>CULIAC\u00c1N, SINALOS.MX. \u2014\u00a0 En la conferencia matutina de la presidenta Claudia Sheinbaum, el secretario de&#8230;<\/p>\n","protected":false},"author":1,"featured_media":237408,"comment_status":"open","ping_status":"open","sticky":false,"template":"","format":"standard","meta":{"_monsterinsights_skip_tracking":false,"_monsterinsights_sitenote_active":false,"_monsterinsights_sitenote_note":"","_monsterinsights_sitenote_category":0,"footnotes":""},"categories":[5],"tags":[],"class_list":["post"],"yoast_head":" \n<title>Sonora en Equipo. Oficializan cambio en la Secretar\u00eda de Seguridad P\u00fablica de Sinaloa Rep\u00fablica<\/title>\n<meta name=\"description\" content=\"CULIAC\u00c1N, SINALOS.MX. \u2014\u00a0 En la conferencia matutina de la presidenta Claudia Sheinbaum, el secretario de la Defensa Nacional, General Ricardo Trevilla En Sonora en Equipo publicamos toda la informaci\u00f3n de Sonora, M\u00e9xico y el Mundo de manera oportuna y busca que la libertad de expresi\u00f3n sea real. Visita nuestro medio informativo publicado desde Hermosillo, Sonora. %\" \/>\n<meta name=\"robots\" content=\"index, follow, max-snippet:-1, max-image-preview:large, max-video-preview:-1\" \/>\n<link rel=\"canonical\" href=\"https:\/\/www.sonoraenequipo.com.mx\/oficializan-cambio-en-la-secretaria-de-seguridad-publica-de-sinaloa\/\" \/>\n<meta property=\"og:locale\" content=\"es_ES\" \/>\n<meta property=\"og:type\" content=\"article\" \/>\n<meta property=\"og:title\" content=\"Sonora en Equipo. Oficializan cambio en la Secretar\u00eda de Seguridad P\u00fablica de Sinaloa Rep\u00fablica\" \/>\n<meta property=\"og:description\" content=\"CULIAC\u00c1N, SINALOS.MX. \u2014\u00a0 En la conferencia matutina de la presidenta Claudia Sheinbaum, el secretario de la Defensa Nacional, General Ricardo Trevilla En Sonora en Equipo publicamos toda la informaci\u00f3n de Sonora, M\u00e9xico y el Mundo de manera oportuna y busca que la libertad de expresi\u00f3n sea real. Visita nuestro medio informativo publicado desde Hermosillo, Sonora. %\" \/>\n<meta property=\"og:url\" content=\"https:\/\/www.sonoraenequipo.com.mx\/oficializan-cambio-en-la-secretaria-de-seguridad-publica-de-sinaloa\/\" \/>\n<meta property=\"og:site_name\" content=\"Sonora en Equipo.\" \/>\n<meta property=\"article:publisher\" content=\"https:\/\/www.facebook.com\/SonoraEE\/\" \/>\n<meta property=\"article:author\" content=\"https:\/\/www.facebook.com\/SonoraEE\" \/>\n<meta property=\"article:published_time\" content=\"2026-03-13T22:15:32+00:00\" \/>\n<meta property=\"article:modified_time\" content=\"2026-03-14T02:20:26+00:00\" \/>\n<meta property=\"og:image\" content=\"https:\/\/www.sonoraenequipo.com.mx\/storage\/2026\/03\/Oficializan-cambio-en-la-Secretaria-de-Seguridad-Publica-de-Sinaloa.jpg\" \/>\n\t<meta property=\"og:image:width\" content=\"1019\" \/>\n\t<meta property=\"og:image:height\" content=\"666\" \/>\n\t<meta property=\"og:image:type\" content=\"image\/jpeg\" \/>\n<meta name=\"author\" content=\"enequipo\" \/>\n<meta name=\"twitter:card\" content=\"summary_large_image\" \/>\n<meta name=\"twitter:creator\" content=\"@sonoraenequipo\" \/>\n<meta name=\"twitter:site\" content=\"@sonoraenequipo\" \/>\n<meta name=\"twitter:label1\" content=\"Escrito por\" \/>\n\t<meta name=\"twitter:data1\" content=\"enequipo\" \/>\n\t<meta name=\"twitter:label2\" content=\"Tiempo de lectura\" \/>\n\t<meta name=\"twitter:data2\" content=\"1 minuto\" \/>\n<script type=\"application\/ld+json\" class=\"yoast-schema-graph\">{\"@context\":\"https:\/\/schema.org\",\"@graph\":[{\"@type\":\"Article\",\"@id\":\"https:\/\/www.sonoraenequipo.com.mx\/oficializan-cambio-en-la-secretaria-de-seguridad-publica-de-sinaloa\/#article\",\"isPartOf\":{\"@id\":\"https:\/\/www.sonoraenequipo.com.mx\/oficializan-cambio-en-la-secretaria-de-seguridad-publica-de-sinaloa\/\"},\"author\":{\"name\":\"enequipo\",\"@id\":\"https:\/\/www.sonoraenequipo.com.mx\/#\/schema\/person\/50102df0fb23a8fa9e8effad8fa81386\"},\"headline\":\"Oficializan cambio en la Secretar\u00eda de Seguridad P\u00fablica de Sinaloa\",\"datePublished\":\"2026-03-13T22:15:32+00:00\",\"dateModified\":\"2026-03-14T02:20:26+00:00\",\"mainEntityOfPage\":{\"@id\":\"https:\/\/www.sonoraenequipo.com.mx\/oficializan-cambio-en-la-secretaria-de-seguridad-publica-de-sinaloa\/\"},\"wordCount\":170,\"commentCount\":0,\"publisher\":{\"@id\":\"https:\/\/www.sonoraenequipo.com.mx\/#organization\"},\"image\":{\"@id\":\"https:\/\/www.sonoraenequipo.com.mx\/oficializan-cambio-en-la-secretaria-de-seguridad-publica-de-sinaloa\/#primaryimage\"},\"thumbnailUrl\":\"https:\/\/www.sonoraenequipo.com.mx\/storage\/2026\/03\/Oficializan-cambio-en-la-Secretaria-de-Seguridad-Publica-de-Sinaloa.jpg\",\"articleSection\":[\"Rep\u00fablica\"],\"inLanguage\":\"es\",\"potentialAction\":[{\"@type\":\"CommentAction\",\"name\":\"Comment\",\"target\":[\"https:\/\/www.sonoraenequipo.com.mx\/oficializan-cambio-en-la-secretaria-de-seguridad-publica-de-sinaloa\/#respond\"]}]},{\"@type\":\"WebPage\",\"@id\":\"https:\/\/www.sonoraenequipo.com.mx\/oficializan-cambio-en-la-secretaria-de-seguridad-publica-de-sinaloa\/\",\"url\":\"https:\/\/www.sonoraenequipo.com.mx\/oficializan-cambio-en-la-secretaria-de-seguridad-publica-de-sinaloa\/\",\"name\":\"Sonora en Equipo. Oficializan cambio en la Secretar\u00eda de Seguridad P\u00fablica de Sinaloa Rep\u00fablica\",\"isPartOf\":{\"@id\":\"https:\/\/www.sonoraenequipo.com.mx\/#website\"},\"primaryImageOfPage\":{\"@id\":\"https:\/\/www.sonoraenequipo.com.mx\/oficializan-cambio-en-la-secretaria-de-seguridad-publica-de-sinaloa\/#primaryimage\"},\"image\":{\"@id\":\"https:\/\/www.sonoraenequipo.com.mx\/oficializan-cambio-en-la-secretaria-de-seguridad-publica-de-sinaloa\/#primaryimage\"},\"thumbnailUrl\":\"https:\/\/www.sonoraenequipo.com.mx\/storage\/2026\/03\/Oficializan-cambio-en-la-Secretaria-de-Seguridad-Publica-de-Sinaloa.jpg\",\"datePublished\":\"2026-03-13T22:15:32+00:00\",\"dateModified\":\"2026-03-14T02:20:26+00:00\",\"description\":\"CULIAC\u00c1N, SINALOS.MX. \u2014\u00a0 En la conferencia matutina de la presidenta Claudia Sheinbaum, el secretario de la Defensa Nacional, General Ricardo Trevilla En Sonora en Equipo publicamos toda la informaci\u00f3n de Sonora, M\u00e9xico y el Mundo de manera oportuna y busca que la libertad de expresi\u00f3n sea real. Visita nuestro medio informativo publicado desde Hermosillo, Sonora. %\",\"breadcrumb\":{\"@id\":\"https:\/\/www.sonoraenequipo.com.mx\/oficializan-cambio-en-la-secretaria-de-seguridad-publica-de-sinaloa\/#breadcrumb\"},\"inLanguage\":\"es\",\"potentialAction\":[{\"@type\":\"ReadAction\",\"target\":[\"https:\/\/www.sonoraenequipo.com.mx\/oficializan-cambio-en-la-secretaria-de-seguridad-publica-de-sinaloa\/\"]}]},{\"@type\":\"ImageObject\",\"inLanguage\":\"es\",\"@id\":\"https:\/\/www.sonoraenequipo.com.mx\/oficializan-cambio-en-la-secretaria-de-seguridad-publica-de-sinaloa\/#primaryimage\",\"url\":\"https:\/\/www.sonoraenequipo.com.mx\/storage\/2026\/03\/Oficializan-cambio-en-la-Secretaria-de-Seguridad-Publica-de-Sinaloa.jpg\",\"contentUrl\":\"https:\/\/www.sonoraenequipo.com.mx\/storage\/2026\/03\/Oficializan-cambio-en-la-Secretaria-de-Seguridad-Publica-de-Sinaloa.jpg\",\"width\":1019,\"height\":666},{\"@type\":\"BreadcrumbList\",\"@id\":\"https:\/\/www.sonoraenequipo.com.mx\/oficializan-cambio-en-la-secretaria-de-seguridad-publica-de-sinaloa\/#breadcrumb\",\"itemListElement\":[{\"@type\":\"ListItem\",\"position\":1,\"name\":\"Portada\",\"item\":\"https:\/\/www.sonoraenequipo.com.mx\/\"},{\"@type\":\"ListItem\",\"position\":2,\"name\":\"Oficializan cambio en la Secretar\u00eda de Seguridad P\u00fablica de Sinaloa\"}]},{\"@type\":\"WebSite\",\"@id\":\"https:\/\/www.sonoraenequipo.com.mx\/#website\",\"url\":\"https:\/\/www.sonoraenequipo.com.mx\/\",\"name\":\"Sonora en Equipo.\",\"description\":\"Diario en l\u00ednea con Noticias desde Hermosillo, Sonora\",\"publisher\":{\"@id\":\"https:\/\/www.sonoraenequipo.com.mx\/#organization\"},\"potentialAction\":[{\"@type\":\"SearchAction\",\"target\":{\"@type\":\"EntryPoint\",\"urlTemplate\":\"https:\/\/www.sonoraenequipo.com.mx\/?s={search_term_string}\"},\"query-input\":{\"@type\":\"PropertyValueSpecification\",\"valueRequired\":true,\"valueName\":\"search_term_string\"}}],\"inLanguage\":\"es\"},{\"@type\":\"Organization\",\"@id\":\"https:\/\/www.sonoraenequipo.com.mx\/#organization\",\"name\":\"Sonoraenequipo.com.mx\",\"url\":\"https:\/\/www.sonoraenequipo.com.mx\/\",\"logo\":{\"@type\":\"ImageObject\",\"inLanguage\":\"es\",\"@id\":\"https:\/\/www.sonoraenequipo.com.mx\/#\/schema\/logo\/image\/\",\"url\":\"https:\/\/www.sonoraenequipo.com.mx\/storage\/2019\/01\/sonoraenequipo_opt.png\",\"contentUrl\":\"https:\/\/www.sonoraenequipo.com.mx\/storage\/2019\/01\/sonoraenequipo_opt.png\",\"width\":375,\"height\":125,\"caption\":\"Sonoraenequipo.com.mx\"},\"image\":{\"@id\":\"https:\/\/www.sonoraenequipo.com.mx\/#\/schema\/logo\/image\/\"},\"sameAs\":[\"https:\/\/www.facebook.com\/SonoraEE\/\",\"https:\/\/x.com\/sonoraenequipo\",\"https:\/\/www.youtube.com\/channel\/UC338nW-lPEYmJQs4ZABQ1SQ\"]},{\"@type\":\"Person\",\"@id\":\"https:\/\/www.sonoraenequipo.com.mx\/#\/schema\/person\/50102df0fb23a8fa9e8effad8fa81386\",\"name\":\"enequipo\",\"image\":{\"@type\":\"ImageObject\",\"inLanguage\":\"es\",\"@id\":\"https:\/\/www.sonoraenequipo.com.mx\/#\/schema\/person\/image\/\",\"url\":\"https:\/\/secure.gravatar.com\/avatar\/049821681b589dabc0bc20695993ccebb09f5b5d4d790cd9251b97faac7c652b?s=96&d=blank&r=g\",\"contentUrl\":\"https:\/\/secure.gravatar.com\/avatar\/049821681b589dabc0bc20695993ccebb09f5b5d4d790cd9251b97faac7c652b?s=96&d=blank&r=g\",\"caption\":\"enequipo\"},\"sameAs\":[\"https:\/\/www.facebook.com\/SonoraEE\"]}]}<\/script>\n ","yoast_head_json":{"title":"Sonora en Equipo. Oficializan cambio en la Secretar\u00eda de Seguridad P\u00fablica de Sinaloa Rep\u00fablica","description":"CULIAC\u00c1N, SINALOS.MX. \u2014\u00a0 En la conferencia matutina de la presidenta Claudia Sheinbaum, el secretario de la Defensa Nacional, General Ricardo Trevilla En Sonora en Equipo publicamos toda la informaci\u00f3n de Sonora, M\u00e9xico y el Mundo de manera oportuna y busca que la libertad de expresi\u00f3n sea real. Visita nuestro medio informativo publicado desde Hermosillo, Sonora. %","robots":{"index":"index","follow":"follow","max-snippet":"max-snippet:-1","max-image-preview":"max-image-preview:large","max-video-preview":"max-video-preview:-1"},"canonical":"https:\/\/www.sonoraenequipo.com.mx\/oficializan-cambio-en-la-secretaria-de-seguridad-publica-de-sinaloa\/","og_locale":"es_ES","og_type":"article","og_title":"Sonora en Equipo. Oficializan cambio en la Secretar\u00eda de Seguridad P\u00fablica de Sinaloa Rep\u00fablica","og_description":"CULIAC\u00c1N, SINALOS.MX. \u2014\u00a0 En la conferencia matutina de la presidenta Claudia Sheinbaum, el secretario de la Defensa Nacional, General Ricardo Trevilla En Sonora en Equipo publicamos toda la informaci\u00f3n de Sonora, M\u00e9xico y el Mundo de manera oportuna y busca que la libertad de expresi\u00f3n sea real. Visita nuestro medio informativo publicado desde Hermosillo, Sonora. %","og_url":"https:\/\/www.sonoraenequipo.com.mx\/oficializan-cambio-en-la-secretaria-de-seguridad-publica-de-sinaloa\/","og_site_name":"Sonora en Equipo.","article_publisher":"https:\/\/www.facebook.com\/SonoraEE\/","article_author":"https:\/\/www.facebook.com\/SonoraEE","article_published_time":"2026-03-13T22:15:32+00:00","article_modified_time":"2026-03-14T02:20:26+00:00","og_image":[{"width":1019,"height":666,"url":"https:\/\/www.sonoraenequipo.com.mx\/storage\/2026\/03\/Oficializan-cambio-en-la-Secretaria-de-Seguridad-Publica-de-Sinaloa.jpg","type":"image\/jpeg"}],"author":"enequipo","twitter_card":"summary_large_image","twitter_creator":"@sonoraenequipo","twitter_site":"@sonoraenequipo","twitter_misc":{"Escrito por":"enequipo","Tiempo de lectura":"1 minuto"},"schema":{"@context":"https:\/\/schema.org","@graph":[{"@type":"Article","@id":"https:\/\/www.sonoraenequipo.com.mx\/oficializan-cambio-en-la-secretaria-de-seguridad-publica-de-sinaloa\/#article","isPartOf":{"@id":"https:\/\/www.sonoraenequipo.com.mx\/oficializan-cambio-en-la-secretaria-de-seguridad-publica-de-sinaloa\/"},"author":{"name":"enequipo","@id":"https:\/\/www.sonoraenequipo.com.mx\/#\/schema\/person\/50102df0fb23a8fa9e8effad8fa81386"},"headline":"Oficializan cambio en la Secretar\u00eda de Seguridad P\u00fablica de Sinaloa","datePublished":"2026-03-13T22:15:32+00:00","dateModified":"2026-03-14T02:20:26+00:00","mainEntityOfPage":{"@id":"https:\/\/www.sonoraenequipo.com.mx\/oficializan-cambio-en-la-secretaria-de-seguridad-publica-de-sinaloa\/"},"wordCount":170,"commentCount":0,"publisher":{"@id":"https:\/\/www.sonoraenequipo.com.mx\/#organization"},"image":{"@id":"https:\/\/www.sonoraenequipo.com.mx\/oficializan-cambio-en-la-secretaria-de-seguridad-publica-de-sinaloa\/#primaryimage"},"thumbnailUrl":"https:\/\/www.sonoraenequipo.com.mx\/storage\/2026\/03\/Oficializan-cambio-en-la-Secretaria-de-Seguridad-Publica-de-Sinaloa.jpg","articleSection":["Rep\u00fablica"],"inLanguage":"es","potentialAction":[{"@type":"CommentAction","name":"Comment","target":["https:\/\/www.sonoraenequipo.com.mx\/oficializan-cambio-en-la-secretaria-de-seguridad-publica-de-sinaloa\/#respond"]}]},{"@type":"WebPage","@id":"https:\/\/www.sonoraenequipo.com.mx\/oficializan-cambio-en-la-secretaria-de-seguridad-publica-de-sinaloa\/","url":"https:\/\/www.sonoraenequipo.com.mx\/oficializan-cambio-en-la-secretaria-de-seguridad-publica-de-sinaloa\/","name":"Sonora en Equipo. Oficializan cambio en la Secretar\u00eda de Seguridad P\u00fablica de Sinaloa Rep\u00fablica","isPartOf":{"@id":"https:\/\/www.sonoraenequipo.com.mx\/#website"},"primaryImageOfPage":{"@id":"https:\/\/www.sonoraenequipo.com.mx\/oficializan-cambio-en-la-secretaria-de-seguridad-publica-de-sinaloa\/#primaryimage"},"image":{"@id":"https:\/\/www.sonoraenequipo.com.mx\/oficializan-cambio-en-la-secretaria-de-seguridad-publica-de-sinaloa\/#primaryimage"},"thumbnailUrl":"https:\/\/www.sonoraenequipo.com.mx\/storage\/2026\/03\/Oficializan-cambio-en-la-Secretaria-de-Seguridad-Publica-de-Sinaloa.jpg","datePublished":"2026-03-13T22:15:32+00:00","dateModified":"2026-03-14T02:20:26+00:00","description":"CULIAC\u00c1N, SINALOS.MX. \u2014\u00a0 En la conferencia matutina de la presidenta Claudia Sheinbaum, el secretario de la Defensa Nacional, General Ricardo Trevilla En Sonora en Equipo publicamos toda la informaci\u00f3n de Sonora, M\u00e9xico y el Mundo de manera oportuna y busca que la libertad de expresi\u00f3n sea real. Visita nuestro medio informativo publicado desde Hermosillo, Sonora. %","breadcrumb":{"@id":"https:\/\/www.sonoraenequipo.com.mx\/oficializan-cambio-en-la-secretaria-de-seguridad-publica-de-sinaloa\/#breadcrumb"},"inLanguage":"es","potentialAction":[{"@type":"ReadAction","target":["https:\/\/www.sonoraenequipo.com.mx\/oficializan-cambio-en-la-secretaria-de-seguridad-publica-de-sinaloa\/"]}]},{"@type":"ImageObject","inLanguage":"es","@id":"https:\/\/www.sonoraenequipo.com.mx\/oficializan-cambio-en-la-secretaria-de-seguridad-publica-de-sinaloa\/#primaryimage","url":"https:\/\/www.sonoraenequipo.com.mx\/storage\/2026\/03\/Oficializan-cambio-en-la-Secretaria-de-Seguridad-Publica-de-Sinaloa.jpg","contentUrl":"https:\/\/www.sonoraenequipo.com.mx\/storage\/2026\/03\/Oficializan-cambio-en-la-Secretaria-de-Seguridad-Publica-de-Sinaloa.jpg","width":1019,"height":666},{"@type":"BreadcrumbList","@id":"https:\/\/www.sonoraenequipo.com.mx\/oficializan-cambio-en-la-secretaria-de-seguridad-publica-de-sinaloa\/#breadcrumb","itemListElement":[{"@type":"ListItem","position":1,"name":"Portada","item":"https:\/\/www.sonoraenequipo.com.mx\/"},{"@type":"ListItem","position":2,"name":"Oficializan cambio en la Secretar\u00eda de Seguridad P\u00fablica de Sinaloa"}]},{"@type":"WebSite","@id":"https:\/\/www.sonoraenequipo.com.mx\/#website","url":"https:\/\/www.sonoraenequipo.com.mx\/","name":"Sonora en Equipo.","description":"Diario en l\u00ednea con Noticias desde Hermosillo, Sonora","publisher":{"@id":"https:\/\/www.sonoraenequipo.com.mx\/#organization"},"potentialAction":[{"@type":"SearchAction","target":{"@type":"EntryPoint","urlTemplate":"https:\/\/www.sonoraenequipo.com.mx\/?s={search_term_string}"},"query-input":{"@type":"PropertyValueSpecification","valueRequired":true,"valueName":"search_term_string"}}],"inLanguage":"es"},{"@type":"Organization","@id":"https:\/\/www.sonoraenequipo.com.mx\/#organization","name":"Sonoraenequipo.com.mx","url":"https:\/\/www.sonoraenequipo.com.mx\/","logo":{"@type":"ImageObject","inLanguage":"es","@id":"https:\/\/www.sonoraenequipo.com.mx\/#\/schema\/logo\/image\/","url":"https:\/\/www.sonoraenequipo.com.mx\/storage\/2019\/01\/sonoraenequipo_opt.png","contentUrl":"https:\/\/www.sonoraenequipo.com.mx\/storage\/2019\/01\/sonoraenequipo_opt.png","width":375,"height":125,"caption":"Sonoraenequipo.com.mx"},"image":{"@id":"https:\/\/www.sonoraenequipo.com.mx\/#\/schema\/logo\/image\/"},"sameAs":["https:\/\/www.facebook.com\/SonoraEE\/","https:\/\/x.com\/sonoraenequipo","https:\/\/www.youtube.com\/channel\/UC338nW-lPEYmJQs4ZABQ1SQ"]},{"@type":"Person","@id":"https:\/\/www.sonoraenequipo.com.mx\/#\/schema\/person\/50102df0fb23a8fa9e8effad8fa81386","name":"enequipo","image":{"@type":"ImageObject","inLanguage":"es","@id":"https:\/\/www.sonoraenequipo.com.mx\/#\/schema\/person\/image\/","url":"https:\/\/secure.gravatar.com\/avatar\/049821681b589dabc0bc20695993ccebb09f5b5d4d790cd9251b97faac7c652b?s=96&d=blank&r=g","contentUrl":"https:\/\/secure.gravatar.com\/avatar\/049821681b589dabc0bc20695993ccebb09f5b5d4d790cd9251b97faac7c652b?s=96&d=blank&r=g","caption":"enequipo"},"sameAs":["https:\/\/www.facebook.com\/SonoraEE"]}]}},"jetpack_featured_media_url":"https:\/\/www.sonoraenequipo.com.mx\/storage\/2026\/03\/Oficializan-cambio-en-la-Secretaria-de-Seguridad-Publica-de-Sinaloa.jpg","_links":{"self":[{"href":"https:\/\/www.sonoraenequipo.com.mx\/api\/wp\/v2\/posts\/237407","targetHints":{"allow":["GET"]}}],"collection":[{"href":"https:\/\/www.sonoraenequipo.com.mx\/api\/wp\/v2\/posts"}],"about":[{"href":"https:\/\/www.sonoraenequipo.com.mx\/api\/wp\/v2\/types\/post"}],"author":[{"embeddable":true,"href":"https:\/\/www.sonoraenequipo.com.mx\/api\/wp\/v2\/users\/1"}],"replies":[{"embeddable":true,"href":"https:\/\/www.sonoraenequipo.com.mx\/api\/wp\/v2\/comments?post=237407"}],"version-history":[{"count":1,"href":"https:\/\/www.sonoraenequipo.com.mx\/api\/wp\/v2\/posts\/237407\/revisions"}],"predecessor-version":[{"id":237409,"href":"https:\/\/www.sonoraenequipo.com.mx\/api\/wp\/v2\/posts\/237407\/revisions\/237409"}],"wp:featuredmedia":[{"embeddable":true,"href":"https:\/\/www.sonoraenequipo.com.mx\/api\/wp\/v2\/media\/237408"}],"wp:attachment":[{"href":"https:\/\/www.sonoraenequipo.com.mx\/api\/wp\/v2\/media?parent=237407"}],"wp:term":[{"taxonomy":"category","embeddable":true,"href":"https:\/\/www.sonoraenequipo.com.mx\/api\/wp\/v2\/categories?post=237407"},{"taxonomy":"post_tag","embeddable":true,"href":"https:\/\/www.sonoraenequipo.com.mx\/api\/wp\/v2\/tags?post=237407"}],"curies":[{"name":"wp","href":"https:\/\/api.w.org\/{rel}","templated":true}]}}