{"id":237413,"date":"2026-03-09T23:50:25","date_gmt":"2026-03-10T06:50:25","guid":{"rendered":"https:\/\/www.sonoraenequipo.com.mx\/?p=237413"},"modified":"2026-03-13T19:36:39","modified_gmt":"2026-03-14T02:36:39","slug":"observan-meteorito-en-5-paises-de-europa-provoca-danos-en-vivienda-tras-fragmentarse","status":"publish","type":"post","link":"https:\/\/www.sonoraenequipo.com.mx\/observan-meteorito-en-5-paises-de-europa-provoca-danos-en-vivienda-tras-fragmentarse\/","title":{"rendered":"Observan meteorito en 5 pa\u00edses de Europa; provoca da\u00f1os en vivienda tras fragmentarse"},"content":{"rendered":"<p><strong>PAR\u00cdS, FRANCIA. \u2014<\/strong> Un fen\u00f3meno astron\u00f3mico sorprendi\u00f3 a los habitantes de B\u00e9lgica, Francia, Luxemburgo, Pa\u00edses Bajos y Alemania la tarde del domingo 8 de marzo de 2026, cuando una brillante bola de fuego surc\u00f3 el firmamento durante seis segundos antes de fragmentarse en una fuerte explosi\u00f3n sobre el estado de Renania-Palatinado, al oeste de Alemania.<\/p>\n<p>&nbsp;<\/p>\n<p>&nbsp;<\/p>\n<p> <br \/>\nLa Agencia Espacial Europea (ESA) inform\u00f3 que el b\u00f3lido se desplazaba de suroeste a noroeste. Tras la desintegraci\u00f3n, al menos un fragmento del tama\u00f1o de una pelota de futbol atraves\u00f3 el tejado de una casa en la ciudad de Coblenza. Afortunadamente, los cuerpos de emergencia y la Oficina Regional de Protecci\u00f3n Civil (LfBK) confirmaron que no se registraron heridos, \u00fanicamente da\u00f1os materiales aislados.<\/p>\n<p>&nbsp;<\/p>\n<p>&nbsp;<\/p>\n<p>El impacto abri\u00f3 un agujero de unos 30 cent\u00edmetros en la cubierta y provoc\u00f3 da\u00f1os en el interior de la vivienda. Restos de roca, polvo y peque\u00f1os fragmentos quedaron esparcidos sobre el suelo tras atravesar la estructura.<\/p>\n<p>&nbsp;<\/p>\n<p>&nbsp;<\/p>\n<p>El momento y la direcci\u00f3n del impacto indican que es probable que el objeto no fuera visible para ninguno de los telescopios de gran alcance que escanean el cielo nocturno en busca de este tipo de objetos, algo que no es inusual, ya que hasta la fecha s\u00f3lo se han detectado con \u00e9xito 11 objetos espaciales naturales antes de su entrada en la atm\u00f3sfera, a\u00f1adi\u00f3 la ESA.<\/p>\n<p>&nbsp;<\/p>\n<p>&nbsp;<\/p>\n<p>El fen\u00f3meno fue visible en diferentes puntos del pa\u00eds. Durante varios segundos, la bola de fuego dej\u00f3 una estela de humo en el cielo, lo que permiti\u00f3 que pudiera observarse desde otros estados cercanos.<\/p>\n<p>&nbsp;<\/p>\n<p>Vecinos de Baden-Wurtemberg, Hesse, Baja Sajonia, Renania del Norte-Westfalia y el Sarre compartieron im\u00e1genes y v\u00eddeos del momento en redes sociales, lo que ayud\u00f3 a reconstruir la trayectoria del objeto antes de fragmentarse.<\/p>\n<blockquote class=\"twitter-tweet\" data-width=\"550\" data-dnt=\"true\">\n<p lang=\"es\" dir=\"ltr\">\ud83c\udde9\ud83c\uddea\u2604\ufe0f | \u00daLTIMA HORA: Impresionante im\u00e1genes de un meteorito en Renania del Norte-Westfalia, Alemania; fragmentos da\u00f1an viviendas en Renania-Palatinado y otras regiones. <a href=\"https:\/\/t.co\/1L5Kgeufml\">pic.twitter.com\/1L5Kgeufml<\/a><\/p>\n<p>&mdash; Alerta Mundial (@AlertaMundoNews) <a href=\"https:\/\/twitter.com\/AlertaMundoNews\/status\/2030740380174430398?ref_src=twsrc%5Etfw\">March 8, 2026<\/a><\/p><\/blockquote>\n<p><script async src=\"https:\/\/platform.twitter.com\/widgets.js\" charset=\"utf-8\"><\/script><\/p>\n<p>PUBLICADO EL 09 DE MARZO DE 2026 Con informaci\u00f3n de redes sociales<\/p>\n","protected":false},"excerpt":{"rendered":"<p>PAR\u00cdS, FRANCIA. \u2014 Un fen\u00f3meno astron\u00f3mico sorprendi\u00f3 a los habitantes de B\u00e9lgica, Francia, Luxemburgo, Pa\u00edses&#8230;<\/p>\n","protected":false},"author":1,"featured_media":237414,"comment_status":"open","ping_status":"open","sticky":false,"template":"","format":"standard","meta":{"_monsterinsights_skip_tracking":false,"_monsterinsights_sitenote_active":false,"_monsterinsights_sitenote_note":"","_monsterinsights_sitenote_category":0,"footnotes":""},"categories":[12],"tags":[],"class_list":["post"],"yoast_head":" \n<title>Sonora en Equipo. Observan meteorito en 5 pa\u00edses de Europa; provoca da\u00f1os en vivienda tras fragmentarse Especiales<\/title>\n<meta name=\"description\" content=\"PAR\u00cdS, FRANCIA. \u2014 Un fen\u00f3meno astron\u00f3mico sorprendi\u00f3 a los habitantes de B\u00e9lgica, Francia, Luxemburgo, Pa\u00edses Bajos y Alemania la tarde del domingo 8 de En Sonora en Equipo publicamos toda la informaci\u00f3n de Sonora, M\u00e9xico y el Mundo de manera oportuna y busca que la libertad de expresi\u00f3n sea real. Visita nuestro medio informativo publicado desde Hermosillo, Sonora. %\" \/>\n<meta name=\"robots\" content=\"index, follow, max-snippet:-1, max-image-preview:large, max-video-preview:-1\" \/>\n<link rel=\"canonical\" href=\"https:\/\/www.sonoraenequipo.com.mx\/observan-meteorito-en-5-paises-de-europa-provoca-danos-en-vivienda-tras-fragmentarse\/\" \/>\n<meta property=\"og:locale\" content=\"es_ES\" \/>\n<meta property=\"og:type\" content=\"article\" \/>\n<meta property=\"og:title\" content=\"Sonora en Equipo. Observan meteorito en 5 pa\u00edses de Europa; provoca da\u00f1os en vivienda tras fragmentarse Especiales\" \/>\n<meta property=\"og:description\" content=\"PAR\u00cdS, FRANCIA. \u2014 Un fen\u00f3meno astron\u00f3mico sorprendi\u00f3 a los habitantes de B\u00e9lgica, Francia, Luxemburgo, Pa\u00edses Bajos y Alemania la tarde del domingo 8 de En Sonora en Equipo publicamos toda la informaci\u00f3n de Sonora, M\u00e9xico y el Mundo de manera oportuna y busca que la libertad de expresi\u00f3n sea real. Visita nuestro medio informativo publicado desde Hermosillo, Sonora. %\" \/>\n<meta property=\"og:url\" content=\"https:\/\/www.sonoraenequipo.com.mx\/observan-meteorito-en-5-paises-de-europa-provoca-danos-en-vivienda-tras-fragmentarse\/\" \/>\n<meta property=\"og:site_name\" content=\"Sonora en Equipo.\" \/>\n<meta property=\"article:publisher\" content=\"https:\/\/www.facebook.com\/SonoraEE\/\" \/>\n<meta property=\"article:author\" content=\"https:\/\/www.facebook.com\/SonoraEE\" \/>\n<meta property=\"article:published_time\" content=\"2026-03-10T06:50:25+00:00\" \/>\n<meta property=\"article:modified_time\" content=\"2026-03-14T02:36:39+00:00\" \/>\n<meta property=\"og:image\" content=\"https:\/\/www.sonoraenequipo.com.mx\/storage\/2026\/03\/meteorito-1.jpg\" \/>\n\t<meta property=\"og:image:width\" content=\"1536\" \/>\n\t<meta property=\"og:image:height\" content=\"864\" \/>\n\t<meta property=\"og:image:type\" content=\"image\/jpeg\" \/>\n<meta name=\"author\" content=\"enequipo\" \/>\n<meta name=\"twitter:card\" content=\"summary_large_image\" \/>\n<meta name=\"twitter:creator\" content=\"@sonoraenequipo\" \/>\n<meta name=\"twitter:site\" content=\"@sonoraenequipo\" \/>\n<meta name=\"twitter:label1\" content=\"Escrito por\" \/>\n\t<meta name=\"twitter:data1\" content=\"enequipo\" \/>\n\t<meta name=\"twitter:label2\" content=\"Tiempo de lectura\" \/>\n\t<meta name=\"twitter:data2\" content=\"2 minutos\" \/>\n<script type=\"application\/ld+json\" class=\"yoast-schema-graph\">{\"@context\":\"https:\/\/schema.org\",\"@graph\":[{\"@type\":\"Article\",\"@id\":\"https:\/\/www.sonoraenequipo.com.mx\/observan-meteorito-en-5-paises-de-europa-provoca-danos-en-vivienda-tras-fragmentarse\/#article\",\"isPartOf\":{\"@id\":\"https:\/\/www.sonoraenequipo.com.mx\/observan-meteorito-en-5-paises-de-europa-provoca-danos-en-vivienda-tras-fragmentarse\/\"},\"author\":{\"name\":\"enequipo\",\"@id\":\"https:\/\/www.sonoraenequipo.com.mx\/#\/schema\/person\/50102df0fb23a8fa9e8effad8fa81386\"},\"headline\":\"Observan meteorito en 5 pa\u00edses de Europa; provoca da\u00f1os en vivienda tras fragmentarse\",\"datePublished\":\"2026-03-10T06:50:25+00:00\",\"dateModified\":\"2026-03-14T02:36:39+00:00\",\"mainEntityOfPage\":{\"@id\":\"https:\/\/www.sonoraenequipo.com.mx\/observan-meteorito-en-5-paises-de-europa-provoca-danos-en-vivienda-tras-fragmentarse\/\"},\"wordCount\":345,\"commentCount\":0,\"publisher\":{\"@id\":\"https:\/\/www.sonoraenequipo.com.mx\/#organization\"},\"image\":{\"@id\":\"https:\/\/www.sonoraenequipo.com.mx\/observan-meteorito-en-5-paises-de-europa-provoca-danos-en-vivienda-tras-fragmentarse\/#primaryimage\"},\"thumbnailUrl\":\"https:\/\/www.sonoraenequipo.com.mx\/storage\/2026\/03\/meteorito-1.jpg\",\"articleSection\":[\"Especiales\"],\"inLanguage\":\"es\",\"potentialAction\":[{\"@type\":\"CommentAction\",\"name\":\"Comment\",\"target\":[\"https:\/\/www.sonoraenequipo.com.mx\/observan-meteorito-en-5-paises-de-europa-provoca-danos-en-vivienda-tras-fragmentarse\/#respond\"]}]},{\"@type\":\"WebPage\",\"@id\":\"https:\/\/www.sonoraenequipo.com.mx\/observan-meteorito-en-5-paises-de-europa-provoca-danos-en-vivienda-tras-fragmentarse\/\",\"url\":\"https:\/\/www.sonoraenequipo.com.mx\/observan-meteorito-en-5-paises-de-europa-provoca-danos-en-vivienda-tras-fragmentarse\/\",\"name\":\"Sonora en Equipo. Observan meteorito en 5 pa\u00edses de Europa; provoca da\u00f1os en vivienda tras fragmentarse Especiales\",\"isPartOf\":{\"@id\":\"https:\/\/www.sonoraenequipo.com.mx\/#website\"},\"primaryImageOfPage\":{\"@id\":\"https:\/\/www.sonoraenequipo.com.mx\/observan-meteorito-en-5-paises-de-europa-provoca-danos-en-vivienda-tras-fragmentarse\/#primaryimage\"},\"image\":{\"@id\":\"https:\/\/www.sonoraenequipo.com.mx\/observan-meteorito-en-5-paises-de-europa-provoca-danos-en-vivienda-tras-fragmentarse\/#primaryimage\"},\"thumbnailUrl\":\"https:\/\/www.sonoraenequipo.com.mx\/storage\/2026\/03\/meteorito-1.jpg\",\"datePublished\":\"2026-03-10T06:50:25+00:00\",\"dateModified\":\"2026-03-14T02:36:39+00:00\",\"description\":\"PAR\u00cdS, FRANCIA. \u2014 Un fen\u00f3meno astron\u00f3mico sorprendi\u00f3 a los habitantes de B\u00e9lgica, Francia, Luxemburgo, Pa\u00edses Bajos y Alemania la tarde del domingo 8 de En Sonora en Equipo publicamos toda la informaci\u00f3n de Sonora, M\u00e9xico y el Mundo de manera oportuna y busca que la libertad de expresi\u00f3n sea real. Visita nuestro medio informativo publicado desde Hermosillo, Sonora. %\",\"breadcrumb\":{\"@id\":\"https:\/\/www.sonoraenequipo.com.mx\/observan-meteorito-en-5-paises-de-europa-provoca-danos-en-vivienda-tras-fragmentarse\/#breadcrumb\"},\"inLanguage\":\"es\",\"potentialAction\":[{\"@type\":\"ReadAction\",\"target\":[\"https:\/\/www.sonoraenequipo.com.mx\/observan-meteorito-en-5-paises-de-europa-provoca-danos-en-vivienda-tras-fragmentarse\/\"]}]},{\"@type\":\"ImageObject\",\"inLanguage\":\"es\",\"@id\":\"https:\/\/www.sonoraenequipo.com.mx\/observan-meteorito-en-5-paises-de-europa-provoca-danos-en-vivienda-tras-fragmentarse\/#primaryimage\",\"url\":\"https:\/\/www.sonoraenequipo.com.mx\/storage\/2026\/03\/meteorito-1.jpg\",\"contentUrl\":\"https:\/\/www.sonoraenequipo.com.mx\/storage\/2026\/03\/meteorito-1.jpg\",\"width\":1536,\"height\":864},{\"@type\":\"BreadcrumbList\",\"@id\":\"https:\/\/www.sonoraenequipo.com.mx\/observan-meteorito-en-5-paises-de-europa-provoca-danos-en-vivienda-tras-fragmentarse\/#breadcrumb\",\"itemListElement\":[{\"@type\":\"ListItem\",\"position\":1,\"name\":\"Portada\",\"item\":\"https:\/\/www.sonoraenequipo.com.mx\/\"},{\"@type\":\"ListItem\",\"position\":2,\"name\":\"Observan meteorito en 5 pa\u00edses de Europa; provoca da\u00f1os en vivienda tras fragmentarse\"}]},{\"@type\":\"WebSite\",\"@id\":\"https:\/\/www.sonoraenequipo.com.mx\/#website\",\"url\":\"https:\/\/www.sonoraenequipo.com.mx\/\",\"name\":\"Sonora en Equipo.\",\"description\":\"Diario en l\u00ednea con Noticias desde Hermosillo, Sonora\",\"publisher\":{\"@id\":\"https:\/\/www.sonoraenequipo.com.mx\/#organization\"},\"potentialAction\":[{\"@type\":\"SearchAction\",\"target\":{\"@type\":\"EntryPoint\",\"urlTemplate\":\"https:\/\/www.sonoraenequipo.com.mx\/?s={search_term_string}\"},\"query-input\":{\"@type\":\"PropertyValueSpecification\",\"valueRequired\":true,\"valueName\":\"search_term_string\"}}],\"inLanguage\":\"es\"},{\"@type\":\"Organization\",\"@id\":\"https:\/\/www.sonoraenequipo.com.mx\/#organization\",\"name\":\"Sonoraenequipo.com.mx\",\"url\":\"https:\/\/www.sonoraenequipo.com.mx\/\",\"logo\":{\"@type\":\"ImageObject\",\"inLanguage\":\"es\",\"@id\":\"https:\/\/www.sonoraenequipo.com.mx\/#\/schema\/logo\/image\/\",\"url\":\"https:\/\/www.sonoraenequipo.com.mx\/storage\/2019\/01\/sonoraenequipo_opt.png\",\"contentUrl\":\"https:\/\/www.sonoraenequipo.com.mx\/storage\/2019\/01\/sonoraenequipo_opt.png\",\"width\":375,\"height\":125,\"caption\":\"Sonoraenequipo.com.mx\"},\"image\":{\"@id\":\"https:\/\/www.sonoraenequipo.com.mx\/#\/schema\/logo\/image\/\"},\"sameAs\":[\"https:\/\/www.facebook.com\/SonoraEE\/\",\"https:\/\/x.com\/sonoraenequipo\",\"https:\/\/www.youtube.com\/channel\/UC338nW-lPEYmJQs4ZABQ1SQ\"]},{\"@type\":\"Person\",\"@id\":\"https:\/\/www.sonoraenequipo.com.mx\/#\/schema\/person\/50102df0fb23a8fa9e8effad8fa81386\",\"name\":\"enequipo\",\"image\":{\"@type\":\"ImageObject\",\"inLanguage\":\"es\",\"@id\":\"https:\/\/www.sonoraenequipo.com.mx\/#\/schema\/person\/image\/\",\"url\":\"https:\/\/secure.gravatar.com\/avatar\/049821681b589dabc0bc20695993ccebb09f5b5d4d790cd9251b97faac7c652b?s=96&d=blank&r=g\",\"contentUrl\":\"https:\/\/secure.gravatar.com\/avatar\/049821681b589dabc0bc20695993ccebb09f5b5d4d790cd9251b97faac7c652b?s=96&d=blank&r=g\",\"caption\":\"enequipo\"},\"sameAs\":[\"https:\/\/www.facebook.com\/SonoraEE\"]}]}<\/script>\n ","yoast_head_json":{"title":"Sonora en Equipo. Observan meteorito en 5 pa\u00edses de Europa; provoca da\u00f1os en vivienda tras fragmentarse Especiales","description":"PAR\u00cdS, FRANCIA. \u2014 Un fen\u00f3meno astron\u00f3mico sorprendi\u00f3 a los habitantes de B\u00e9lgica, Francia, Luxemburgo, Pa\u00edses Bajos y Alemania la tarde del domingo 8 de En Sonora en Equipo publicamos toda la informaci\u00f3n de Sonora, M\u00e9xico y el Mundo de manera oportuna y busca que la libertad de expresi\u00f3n sea real. Visita nuestro medio informativo publicado desde Hermosillo, Sonora. %","robots":{"index":"index","follow":"follow","max-snippet":"max-snippet:-1","max-image-preview":"max-image-preview:large","max-video-preview":"max-video-preview:-1"},"canonical":"https:\/\/www.sonoraenequipo.com.mx\/observan-meteorito-en-5-paises-de-europa-provoca-danos-en-vivienda-tras-fragmentarse\/","og_locale":"es_ES","og_type":"article","og_title":"Sonora en Equipo. Observan meteorito en 5 pa\u00edses de Europa; provoca da\u00f1os en vivienda tras fragmentarse Especiales","og_description":"PAR\u00cdS, FRANCIA. \u2014 Un fen\u00f3meno astron\u00f3mico sorprendi\u00f3 a los habitantes de B\u00e9lgica, Francia, Luxemburgo, Pa\u00edses Bajos y Alemania la tarde del domingo 8 de En Sonora en Equipo publicamos toda la informaci\u00f3n de Sonora, M\u00e9xico y el Mundo de manera oportuna y busca que la libertad de expresi\u00f3n sea real. Visita nuestro medio informativo publicado desde Hermosillo, Sonora. %","og_url":"https:\/\/www.sonoraenequipo.com.mx\/observan-meteorito-en-5-paises-de-europa-provoca-danos-en-vivienda-tras-fragmentarse\/","og_site_name":"Sonora en Equipo.","article_publisher":"https:\/\/www.facebook.com\/SonoraEE\/","article_author":"https:\/\/www.facebook.com\/SonoraEE","article_published_time":"2026-03-10T06:50:25+00:00","article_modified_time":"2026-03-14T02:36:39+00:00","og_image":[{"width":1536,"height":864,"url":"https:\/\/www.sonoraenequipo.com.mx\/storage\/2026\/03\/meteorito-1.jpg","type":"image\/jpeg"}],"author":"enequipo","twitter_card":"summary_large_image","twitter_creator":"@sonoraenequipo","twitter_site":"@sonoraenequipo","twitter_misc":{"Escrito por":"enequipo","Tiempo de lectura":"2 minutos"},"schema":{"@context":"https:\/\/schema.org","@graph":[{"@type":"Article","@id":"https:\/\/www.sonoraenequipo.com.mx\/observan-meteorito-en-5-paises-de-europa-provoca-danos-en-vivienda-tras-fragmentarse\/#article","isPartOf":{"@id":"https:\/\/www.sonoraenequipo.com.mx\/observan-meteorito-en-5-paises-de-europa-provoca-danos-en-vivienda-tras-fragmentarse\/"},"author":{"name":"enequipo","@id":"https:\/\/www.sonoraenequipo.com.mx\/#\/schema\/person\/50102df0fb23a8fa9e8effad8fa81386"},"headline":"Observan meteorito en 5 pa\u00edses de Europa; provoca da\u00f1os en vivienda tras fragmentarse","datePublished":"2026-03-10T06:50:25+00:00","dateModified":"2026-03-14T02:36:39+00:00","mainEntityOfPage":{"@id":"https:\/\/www.sonoraenequipo.com.mx\/observan-meteorito-en-5-paises-de-europa-provoca-danos-en-vivienda-tras-fragmentarse\/"},"wordCount":345,"commentCount":0,"publisher":{"@id":"https:\/\/www.sonoraenequipo.com.mx\/#organization"},"image":{"@id":"https:\/\/www.sonoraenequipo.com.mx\/observan-meteorito-en-5-paises-de-europa-provoca-danos-en-vivienda-tras-fragmentarse\/#primaryimage"},"thumbnailUrl":"https:\/\/www.sonoraenequipo.com.mx\/storage\/2026\/03\/meteorito-1.jpg","articleSection":["Especiales"],"inLanguage":"es","potentialAction":[{"@type":"CommentAction","name":"Comment","target":["https:\/\/www.sonoraenequipo.com.mx\/observan-meteorito-en-5-paises-de-europa-provoca-danos-en-vivienda-tras-fragmentarse\/#respond"]}]},{"@type":"WebPage","@id":"https:\/\/www.sonoraenequipo.com.mx\/observan-meteorito-en-5-paises-de-europa-provoca-danos-en-vivienda-tras-fragmentarse\/","url":"https:\/\/www.sonoraenequipo.com.mx\/observan-meteorito-en-5-paises-de-europa-provoca-danos-en-vivienda-tras-fragmentarse\/","name":"Sonora en Equipo. Observan meteorito en 5 pa\u00edses de Europa; provoca da\u00f1os en vivienda tras fragmentarse Especiales","isPartOf":{"@id":"https:\/\/www.sonoraenequipo.com.mx\/#website"},"primaryImageOfPage":{"@id":"https:\/\/www.sonoraenequipo.com.mx\/observan-meteorito-en-5-paises-de-europa-provoca-danos-en-vivienda-tras-fragmentarse\/#primaryimage"},"image":{"@id":"https:\/\/www.sonoraenequipo.com.mx\/observan-meteorito-en-5-paises-de-europa-provoca-danos-en-vivienda-tras-fragmentarse\/#primaryimage"},"thumbnailUrl":"https:\/\/www.sonoraenequipo.com.mx\/storage\/2026\/03\/meteorito-1.jpg","datePublished":"2026-03-10T06:50:25+00:00","dateModified":"2026-03-14T02:36:39+00:00","description":"PAR\u00cdS, FRANCIA. \u2014 Un fen\u00f3meno astron\u00f3mico sorprendi\u00f3 a los habitantes de B\u00e9lgica, Francia, Luxemburgo, Pa\u00edses Bajos y Alemania la tarde del domingo 8 de En Sonora en Equipo publicamos toda la informaci\u00f3n de Sonora, M\u00e9xico y el Mundo de manera oportuna y busca que la libertad de expresi\u00f3n sea real. Visita nuestro medio informativo publicado desde Hermosillo, Sonora. %","breadcrumb":{"@id":"https:\/\/www.sonoraenequipo.com.mx\/observan-meteorito-en-5-paises-de-europa-provoca-danos-en-vivienda-tras-fragmentarse\/#breadcrumb"},"inLanguage":"es","potentialAction":[{"@type":"ReadAction","target":["https:\/\/www.sonoraenequipo.com.mx\/observan-meteorito-en-5-paises-de-europa-provoca-danos-en-vivienda-tras-fragmentarse\/"]}]},{"@type":"ImageObject","inLanguage":"es","@id":"https:\/\/www.sonoraenequipo.com.mx\/observan-meteorito-en-5-paises-de-europa-provoca-danos-en-vivienda-tras-fragmentarse\/#primaryimage","url":"https:\/\/www.sonoraenequipo.com.mx\/storage\/2026\/03\/meteorito-1.jpg","contentUrl":"https:\/\/www.sonoraenequipo.com.mx\/storage\/2026\/03\/meteorito-1.jpg","width":1536,"height":864},{"@type":"BreadcrumbList","@id":"https:\/\/www.sonoraenequipo.com.mx\/observan-meteorito-en-5-paises-de-europa-provoca-danos-en-vivienda-tras-fragmentarse\/#breadcrumb","itemListElement":[{"@type":"ListItem","position":1,"name":"Portada","item":"https:\/\/www.sonoraenequipo.com.mx\/"},{"@type":"ListItem","position":2,"name":"Observan meteorito en 5 pa\u00edses de Europa; provoca da\u00f1os en vivienda tras fragmentarse"}]},{"@type":"WebSite","@id":"https:\/\/www.sonoraenequipo.com.mx\/#website","url":"https:\/\/www.sonoraenequipo.com.mx\/","name":"Sonora en Equipo.","description":"Diario en l\u00ednea con Noticias desde Hermosillo, Sonora","publisher":{"@id":"https:\/\/www.sonoraenequipo.com.mx\/#organization"},"potentialAction":[{"@type":"SearchAction","target":{"@type":"EntryPoint","urlTemplate":"https:\/\/www.sonoraenequipo.com.mx\/?s={search_term_string}"},"query-input":{"@type":"PropertyValueSpecification","valueRequired":true,"valueName":"search_term_string"}}],"inLanguage":"es"},{"@type":"Organization","@id":"https:\/\/www.sonoraenequipo.com.mx\/#organization","name":"Sonoraenequipo.com.mx","url":"https:\/\/www.sonoraenequipo.com.mx\/","logo":{"@type":"ImageObject","inLanguage":"es","@id":"https:\/\/www.sonoraenequipo.com.mx\/#\/schema\/logo\/image\/","url":"https:\/\/www.sonoraenequipo.com.mx\/storage\/2019\/01\/sonoraenequipo_opt.png","contentUrl":"https:\/\/www.sonoraenequipo.com.mx\/storage\/2019\/01\/sonoraenequipo_opt.png","width":375,"height":125,"caption":"Sonoraenequipo.com.mx"},"image":{"@id":"https:\/\/www.sonoraenequipo.com.mx\/#\/schema\/logo\/image\/"},"sameAs":["https:\/\/www.facebook.com\/SonoraEE\/","https:\/\/x.com\/sonoraenequipo","https:\/\/www.youtube.com\/channel\/UC338nW-lPEYmJQs4ZABQ1SQ"]},{"@type":"Person","@id":"https:\/\/www.sonoraenequipo.com.mx\/#\/schema\/person\/50102df0fb23a8fa9e8effad8fa81386","name":"enequipo","image":{"@type":"ImageObject","inLanguage":"es","@id":"https:\/\/www.sonoraenequipo.com.mx\/#\/schema\/person\/image\/","url":"https:\/\/secure.gravatar.com\/avatar\/049821681b589dabc0bc20695993ccebb09f5b5d4d790cd9251b97faac7c652b?s=96&d=blank&r=g","contentUrl":"https:\/\/secure.gravatar.com\/avatar\/049821681b589dabc0bc20695993ccebb09f5b5d4d790cd9251b97faac7c652b?s=96&d=blank&r=g","caption":"enequipo"},"sameAs":["https:\/\/www.facebook.com\/SonoraEE"]}]}},"jetpack_featured_media_url":"https:\/\/www.sonoraenequipo.com.mx\/storage\/2026\/03\/meteorito-1.jpg","_links":{"self":[{"href":"https:\/\/www.sonoraenequipo.com.mx\/api\/wp\/v2\/posts\/237413","targetHints":{"allow":["GET"]}}],"collection":[{"href":"https:\/\/www.sonoraenequipo.com.mx\/api\/wp\/v2\/posts"}],"about":[{"href":"https:\/\/www.sonoraenequipo.com.mx\/api\/wp\/v2\/types\/post"}],"author":[{"embeddable":true,"href":"https:\/\/www.sonoraenequipo.com.mx\/api\/wp\/v2\/users\/1"}],"replies":[{"embeddable":true,"href":"https:\/\/www.sonoraenequipo.com.mx\/api\/wp\/v2\/comments?post=237413"}],"version-history":[{"count":1,"href":"https:\/\/www.sonoraenequipo.com.mx\/api\/wp\/v2\/posts\/237413\/revisions"}],"predecessor-version":[{"id":237415,"href":"https:\/\/www.sonoraenequipo.com.mx\/api\/wp\/v2\/posts\/237413\/revisions\/237415"}],"wp:featuredmedia":[{"embeddable":true,"href":"https:\/\/www.sonoraenequipo.com.mx\/api\/wp\/v2\/media\/237414"}],"wp:attachment":[{"href":"https:\/\/www.sonoraenequipo.com.mx\/api\/wp\/v2\/media?parent=237413"}],"wp:term":[{"taxonomy":"category","embeddable":true,"href":"https:\/\/www.sonoraenequipo.com.mx\/api\/wp\/v2\/categories?post=237413"},{"taxonomy":"post_tag","embeddable":true,"href":"https:\/\/www.sonoraenequipo.com.mx\/api\/wp\/v2\/tags?post=237413"}],"curies":[{"name":"wp","href":"https:\/\/api.w.org\/{rel}","templated":true}]}}