{"id":237416,"date":"2026-03-13T17:10:55","date_gmt":"2026-03-14T00:10:55","guid":{"rendered":"https:\/\/www.sonoraenequipo.com.mx\/?p=237416"},"modified":"2026-03-13T21:34:14","modified_gmt":"2026-03-14T04:34:14","slug":"sinaloa-cabildo-de-ahome-acuerda-gestionar-ante-cfe-revision-de-subsidio-a-la-energia-electrica","status":"publish","type":"post","link":"https:\/\/www.sonoraenequipo.com.mx\/sinaloa-cabildo-de-ahome-acuerda-gestionar-ante-cfe-revision-de-subsidio-a-la-energia-electrica\/","title":{"rendered":"SINALOA. Cabildo de Ahome acuerda gestionar ante CFE revisi\u00f3n de subsidio a la energ\u00eda el\u00e9ctrica"},"content":{"rendered":"<p><strong>LOS MOCHIS, SINALOA.MX. \u2014 <\/strong>\u00a0El Presidente Municipal Antonio Men\u00e9ndez De Llano Berm\u00fadez se sum\u00f3 a las propuestas de algunos ediles durante sesi\u00f3n de cabildo, en el sentido de que se gestione ante la Comisi\u00f3n Federal de Electricidad (CFE) y el Gobierno de Sinaloa, revisar el programa de subsidio a la energ\u00eda el\u00e9ctrica, debido a que los periodos de altas temperaturas en la regi\u00f3n est\u00e1n cambiando y afecta la econom\u00eda familiar, por el uso de aparatos el\u00e9ctricos refrigerantes.<\/p>\n<p>&nbsp;<\/p>\n<p>&nbsp;<\/p>\n<p> <\/p>\n<p>De igual forma apoy\u00f3 la propuesta de algunos de sus compa\u00f1eros regidores para que el Municipio coadyuve con los ciudadanos que se manifiestan afectados con la venta de terrenos en sus colonias y comunidades que alegan son de uso p\u00fablico, como el caso del Ejido 9 de Diciembre y Ampliaci\u00f3n San Fernando, garantizando que no se emitan los permisos de construcci\u00f3n, y se acompa\u00f1\u00e9 a los afectados en los procesos correspondientes.<\/p>\n<p>&nbsp;<\/p>\n<p>&nbsp;<\/p>\n<p><em><strong>\u201cMe manifiesto al igual que ustedes a favor de ambos puntos, y ofrezco trabajar en unidad para hacer las gestiones pertinentes ante las instancias que correspondan en el caso de los subsidios a la energ\u00eda el\u00e9ctrica, y en el tema de los permisos de construcci\u00f3n por parte del Ayuntamiento para los terrenos se\u00f1alados, estamos atendiendo para no caer en esas irregularidades por nuestra parte\u201d,<\/strong> <\/em>expres\u00f3.<\/p>\n<p>&nbsp;<\/p>\n<p>&nbsp;<\/p>\n<p>Durante la sesi\u00f3n ordinaria, el cabildo ahomense tambi\u00e9n aprob\u00f3 el dictamen de la comisi\u00f3n de Hacienda, relativo a la propuesta de cobro por concepto de uso de piso en la v\u00eda p\u00fablica y sitios p\u00fablicos para el ejercicio 2026.<\/p>\n<p>&nbsp;<\/p>\n<p>&nbsp;<\/p>\n<p>De igual forma, como parte de dicha reuni\u00f3n de trabajo, el Secretario del Ayuntamiento Cutberto R\u00edos Beltr\u00e1n, realiz\u00f3 informe mensual de actividades sobre temas que los propios ediles le han encargado durante las anteriores sesiones de cabildo.<\/p>\n<p>&nbsp;<\/p>\n<p>&nbsp;<\/p>\n<p>La propuesta de la regidora Mar\u00eda Esther Robles Soto, de incluir en el Calendario C\u00edvico Municipal ceremonia conmemorativa del aniversario luctuoso de Mar\u00eda Josefa Ortiz T\u00e9llez Gir\u00f3n (Josefa Ortiz de Dom\u00ednguez) el d\u00eda de 2 de marzo, as\u00ed como el aniversario del natalacio de Mar\u00eda Eustaquia Maza Parada (Margarita Maza de Ju\u00e1rez) el d\u00eda 29 de marzo, fue aprobada y se instruy\u00f3 al Secretario del Ayuntamiento publicar el decreto en DOF Estado de Sinaloa.<\/p>\n<p>&nbsp;<\/p>\n<p>&nbsp;<\/p>\n<p>La propuesta del regidor Jos\u00e9 Trinidad Vel\u00e1zquez Chaparro, relativa a instaurar el reconocimiento \u201cFelipe Bachomo\u201d como una distinci\u00f3n oficial del Ayuntamiento de Ahome de manera anual en Sesi\u00f3n Solemne de Cabildo, en distintas categor\u00edas como trayectoria social, promoci\u00f3n cultural, defensa de derechos, servicio comunitario, juventud destacada, entre otras, y sea regulado mediante convocatoria p\u00fablica, con reglas claras y participaci\u00f3n ciudadana en el proceso de propuesta, se turn\u00f3 para su an\u00e1lisis y dictamen a las comisiones unidas de Gobernaci\u00f3n y Comunidades y Asuntos Ind\u00edgenas.<\/p>\n<p>&nbsp;<\/p>\n<p>&nbsp;<\/p>\n<p>PUBLICADO EL 13 MARZO DE 2026 Con informaci\u00f3n de redes sociales)<\/p>\n","protected":false},"excerpt":{"rendered":"<p>LOS MOCHIS, SINALOA.MX. \u2014 \u00a0El Presidente Municipal Antonio Men\u00e9ndez De Llano Berm\u00fadez se sum\u00f3 a&#8230;<\/p>\n","protected":false},"author":1,"featured_media":237417,"comment_status":"open","ping_status":"open","sticky":false,"template":"","format":"standard","meta":{"_monsterinsights_skip_tracking":false,"_monsterinsights_sitenote_active":false,"_monsterinsights_sitenote_note":"","_monsterinsights_sitenote_category":0,"footnotes":""},"categories":[5],"tags":[],"class_list":["post"],"yoast_head":" \n<title>Sonora en Equipo. SINALOA. Cabildo de Ahome acuerda gestionar ante CFE revisi\u00f3n de subsidio a la energ\u00eda el\u00e9ctrica Rep\u00fablica<\/title>\n<meta name=\"description\" content=\"LOS MOCHIS, SINALOA.MX. \u2014 \u00a0El Presidente Municipal Antonio Men\u00e9ndez De Llano Berm\u00fadez se sum\u00f3 a las propuestas de algunos ediles durante sesi\u00f3n de En Sonora en Equipo publicamos toda la informaci\u00f3n de Sonora, M\u00e9xico y el Mundo de manera oportuna y busca que la libertad de expresi\u00f3n sea real. Visita nuestro medio informativo publicado desde Hermosillo, Sonora. %\" \/>\n<meta name=\"robots\" content=\"index, follow, max-snippet:-1, max-image-preview:large, max-video-preview:-1\" \/>\n<link rel=\"canonical\" href=\"https:\/\/www.sonoraenequipo.com.mx\/sinaloa-cabildo-de-ahome-acuerda-gestionar-ante-cfe-revision-de-subsidio-a-la-energia-electrica\/\" \/>\n<meta property=\"og:locale\" content=\"es_ES\" \/>\n<meta property=\"og:type\" content=\"article\" \/>\n<meta property=\"og:title\" content=\"Sonora en Equipo. SINALOA. Cabildo de Ahome acuerda gestionar ante CFE revisi\u00f3n de subsidio a la energ\u00eda el\u00e9ctrica Rep\u00fablica\" \/>\n<meta property=\"og:description\" content=\"LOS MOCHIS, SINALOA.MX. \u2014 \u00a0El Presidente Municipal Antonio Men\u00e9ndez De Llano Berm\u00fadez se sum\u00f3 a las propuestas de algunos ediles durante sesi\u00f3n de En Sonora en Equipo publicamos toda la informaci\u00f3n de Sonora, M\u00e9xico y el Mundo de manera oportuna y busca que la libertad de expresi\u00f3n sea real. Visita nuestro medio informativo publicado desde Hermosillo, Sonora. %\" \/>\n<meta property=\"og:url\" content=\"https:\/\/www.sonoraenequipo.com.mx\/sinaloa-cabildo-de-ahome-acuerda-gestionar-ante-cfe-revision-de-subsidio-a-la-energia-electrica\/\" \/>\n<meta property=\"og:site_name\" content=\"Sonora en Equipo.\" \/>\n<meta property=\"article:publisher\" content=\"https:\/\/www.facebook.com\/SonoraEE\/\" \/>\n<meta property=\"article:author\" content=\"https:\/\/www.facebook.com\/SonoraEE\" \/>\n<meta property=\"article:published_time\" content=\"2026-03-14T00:10:55+00:00\" \/>\n<meta property=\"article:modified_time\" content=\"2026-03-14T04:34:14+00:00\" \/>\n<meta property=\"og:image\" content=\"https:\/\/www.sonoraenequipo.com.mx\/storage\/2026\/03\/Cabildo-de-Ahome-Sinaloa-1.jpg\" \/>\n\t<meta property=\"og:image:width\" content=\"1000\" \/>\n\t<meta property=\"og:image:height\" content=\"667\" \/>\n\t<meta property=\"og:image:type\" content=\"image\/jpeg\" \/>\n<meta name=\"author\" content=\"enequipo\" \/>\n<meta name=\"twitter:card\" content=\"summary_large_image\" \/>\n<meta name=\"twitter:creator\" content=\"@sonoraenequipo\" \/>\n<meta name=\"twitter:site\" content=\"@sonoraenequipo\" \/>\n<meta name=\"twitter:label1\" content=\"Escrito por\" \/>\n\t<meta name=\"twitter:data1\" content=\"enequipo\" \/>\n\t<meta name=\"twitter:label2\" content=\"Tiempo de lectura\" \/>\n\t<meta name=\"twitter:data2\" content=\"3 minutos\" \/>\n<script type=\"application\/ld+json\" class=\"yoast-schema-graph\">{\"@context\":\"https:\/\/schema.org\",\"@graph\":[{\"@type\":\"Article\",\"@id\":\"https:\/\/www.sonoraenequipo.com.mx\/sinaloa-cabildo-de-ahome-acuerda-gestionar-ante-cfe-revision-de-subsidio-a-la-energia-electrica\/#article\",\"isPartOf\":{\"@id\":\"https:\/\/www.sonoraenequipo.com.mx\/sinaloa-cabildo-de-ahome-acuerda-gestionar-ante-cfe-revision-de-subsidio-a-la-energia-electrica\/\"},\"author\":{\"name\":\"enequipo\",\"@id\":\"https:\/\/www.sonoraenequipo.com.mx\/#\/schema\/person\/50102df0fb23a8fa9e8effad8fa81386\"},\"headline\":\"SINALOA. Cabildo de Ahome acuerda gestionar ante CFE revisi\u00f3n de subsidio a la energ\u00eda el\u00e9ctrica\",\"datePublished\":\"2026-03-14T00:10:55+00:00\",\"dateModified\":\"2026-03-14T04:34:14+00:00\",\"mainEntityOfPage\":{\"@id\":\"https:\/\/www.sonoraenequipo.com.mx\/sinaloa-cabildo-de-ahome-acuerda-gestionar-ante-cfe-revision-de-subsidio-a-la-energia-electrica\/\"},\"wordCount\":531,\"commentCount\":0,\"publisher\":{\"@id\":\"https:\/\/www.sonoraenequipo.com.mx\/#organization\"},\"image\":{\"@id\":\"https:\/\/www.sonoraenequipo.com.mx\/sinaloa-cabildo-de-ahome-acuerda-gestionar-ante-cfe-revision-de-subsidio-a-la-energia-electrica\/#primaryimage\"},\"thumbnailUrl\":\"https:\/\/www.sonoraenequipo.com.mx\/storage\/2026\/03\/Cabildo-de-Ahome-Sinaloa-1.jpg\",\"articleSection\":[\"Rep\u00fablica\"],\"inLanguage\":\"es\",\"potentialAction\":[{\"@type\":\"CommentAction\",\"name\":\"Comment\",\"target\":[\"https:\/\/www.sonoraenequipo.com.mx\/sinaloa-cabildo-de-ahome-acuerda-gestionar-ante-cfe-revision-de-subsidio-a-la-energia-electrica\/#respond\"]}]},{\"@type\":\"WebPage\",\"@id\":\"https:\/\/www.sonoraenequipo.com.mx\/sinaloa-cabildo-de-ahome-acuerda-gestionar-ante-cfe-revision-de-subsidio-a-la-energia-electrica\/\",\"url\":\"https:\/\/www.sonoraenequipo.com.mx\/sinaloa-cabildo-de-ahome-acuerda-gestionar-ante-cfe-revision-de-subsidio-a-la-energia-electrica\/\",\"name\":\"Sonora en Equipo. SINALOA. Cabildo de Ahome acuerda gestionar ante CFE revisi\u00f3n de subsidio a la energ\u00eda el\u00e9ctrica Rep\u00fablica\",\"isPartOf\":{\"@id\":\"https:\/\/www.sonoraenequipo.com.mx\/#website\"},\"primaryImageOfPage\":{\"@id\":\"https:\/\/www.sonoraenequipo.com.mx\/sinaloa-cabildo-de-ahome-acuerda-gestionar-ante-cfe-revision-de-subsidio-a-la-energia-electrica\/#primaryimage\"},\"image\":{\"@id\":\"https:\/\/www.sonoraenequipo.com.mx\/sinaloa-cabildo-de-ahome-acuerda-gestionar-ante-cfe-revision-de-subsidio-a-la-energia-electrica\/#primaryimage\"},\"thumbnailUrl\":\"https:\/\/www.sonoraenequipo.com.mx\/storage\/2026\/03\/Cabildo-de-Ahome-Sinaloa-1.jpg\",\"datePublished\":\"2026-03-14T00:10:55+00:00\",\"dateModified\":\"2026-03-14T04:34:14+00:00\",\"description\":\"LOS MOCHIS, SINALOA.MX. \u2014 \u00a0El Presidente Municipal Antonio Men\u00e9ndez De Llano Berm\u00fadez se sum\u00f3 a las propuestas de algunos ediles durante sesi\u00f3n de En Sonora en Equipo publicamos toda la informaci\u00f3n de Sonora, M\u00e9xico y el Mundo de manera oportuna y busca que la libertad de expresi\u00f3n sea real. Visita nuestro medio informativo publicado desde Hermosillo, Sonora. %\",\"breadcrumb\":{\"@id\":\"https:\/\/www.sonoraenequipo.com.mx\/sinaloa-cabildo-de-ahome-acuerda-gestionar-ante-cfe-revision-de-subsidio-a-la-energia-electrica\/#breadcrumb\"},\"inLanguage\":\"es\",\"potentialAction\":[{\"@type\":\"ReadAction\",\"target\":[\"https:\/\/www.sonoraenequipo.com.mx\/sinaloa-cabildo-de-ahome-acuerda-gestionar-ante-cfe-revision-de-subsidio-a-la-energia-electrica\/\"]}]},{\"@type\":\"ImageObject\",\"inLanguage\":\"es\",\"@id\":\"https:\/\/www.sonoraenequipo.com.mx\/sinaloa-cabildo-de-ahome-acuerda-gestionar-ante-cfe-revision-de-subsidio-a-la-energia-electrica\/#primaryimage\",\"url\":\"https:\/\/www.sonoraenequipo.com.mx\/storage\/2026\/03\/Cabildo-de-Ahome-Sinaloa-1.jpg\",\"contentUrl\":\"https:\/\/www.sonoraenequipo.com.mx\/storage\/2026\/03\/Cabildo-de-Ahome-Sinaloa-1.jpg\",\"width\":1000,\"height\":667},{\"@type\":\"BreadcrumbList\",\"@id\":\"https:\/\/www.sonoraenequipo.com.mx\/sinaloa-cabildo-de-ahome-acuerda-gestionar-ante-cfe-revision-de-subsidio-a-la-energia-electrica\/#breadcrumb\",\"itemListElement\":[{\"@type\":\"ListItem\",\"position\":1,\"name\":\"Portada\",\"item\":\"https:\/\/www.sonoraenequipo.com.mx\/\"},{\"@type\":\"ListItem\",\"position\":2,\"name\":\"SINALOA. Cabildo de Ahome acuerda gestionar ante CFE revisi\u00f3n de subsidio a la energ\u00eda el\u00e9ctrica\"}]},{\"@type\":\"WebSite\",\"@id\":\"https:\/\/www.sonoraenequipo.com.mx\/#website\",\"url\":\"https:\/\/www.sonoraenequipo.com.mx\/\",\"name\":\"Sonora en Equipo.\",\"description\":\"Diario en l\u00ednea con Noticias desde Hermosillo, Sonora\",\"publisher\":{\"@id\":\"https:\/\/www.sonoraenequipo.com.mx\/#organization\"},\"potentialAction\":[{\"@type\":\"SearchAction\",\"target\":{\"@type\":\"EntryPoint\",\"urlTemplate\":\"https:\/\/www.sonoraenequipo.com.mx\/?s={search_term_string}\"},\"query-input\":{\"@type\":\"PropertyValueSpecification\",\"valueRequired\":true,\"valueName\":\"search_term_string\"}}],\"inLanguage\":\"es\"},{\"@type\":\"Organization\",\"@id\":\"https:\/\/www.sonoraenequipo.com.mx\/#organization\",\"name\":\"Sonoraenequipo.com.mx\",\"url\":\"https:\/\/www.sonoraenequipo.com.mx\/\",\"logo\":{\"@type\":\"ImageObject\",\"inLanguage\":\"es\",\"@id\":\"https:\/\/www.sonoraenequipo.com.mx\/#\/schema\/logo\/image\/\",\"url\":\"https:\/\/www.sonoraenequipo.com.mx\/storage\/2019\/01\/sonoraenequipo_opt.png\",\"contentUrl\":\"https:\/\/www.sonoraenequipo.com.mx\/storage\/2019\/01\/sonoraenequipo_opt.png\",\"width\":375,\"height\":125,\"caption\":\"Sonoraenequipo.com.mx\"},\"image\":{\"@id\":\"https:\/\/www.sonoraenequipo.com.mx\/#\/schema\/logo\/image\/\"},\"sameAs\":[\"https:\/\/www.facebook.com\/SonoraEE\/\",\"https:\/\/x.com\/sonoraenequipo\",\"https:\/\/www.youtube.com\/channel\/UC338nW-lPEYmJQs4ZABQ1SQ\"]},{\"@type\":\"Person\",\"@id\":\"https:\/\/www.sonoraenequipo.com.mx\/#\/schema\/person\/50102df0fb23a8fa9e8effad8fa81386\",\"name\":\"enequipo\",\"image\":{\"@type\":\"ImageObject\",\"inLanguage\":\"es\",\"@id\":\"https:\/\/www.sonoraenequipo.com.mx\/#\/schema\/person\/image\/\",\"url\":\"https:\/\/secure.gravatar.com\/avatar\/049821681b589dabc0bc20695993ccebb09f5b5d4d790cd9251b97faac7c652b?s=96&d=blank&r=g\",\"contentUrl\":\"https:\/\/secure.gravatar.com\/avatar\/049821681b589dabc0bc20695993ccebb09f5b5d4d790cd9251b97faac7c652b?s=96&d=blank&r=g\",\"caption\":\"enequipo\"},\"sameAs\":[\"https:\/\/www.facebook.com\/SonoraEE\"]}]}<\/script>\n ","yoast_head_json":{"title":"Sonora en Equipo. SINALOA. Cabildo de Ahome acuerda gestionar ante CFE revisi\u00f3n de subsidio a la energ\u00eda el\u00e9ctrica Rep\u00fablica","description":"LOS MOCHIS, SINALOA.MX. \u2014 \u00a0El Presidente Municipal Antonio Men\u00e9ndez De Llano Berm\u00fadez se sum\u00f3 a las propuestas de algunos ediles durante sesi\u00f3n de En Sonora en Equipo publicamos toda la informaci\u00f3n de Sonora, M\u00e9xico y el Mundo de manera oportuna y busca que la libertad de expresi\u00f3n sea real. Visita nuestro medio informativo publicado desde Hermosillo, Sonora. %","robots":{"index":"index","follow":"follow","max-snippet":"max-snippet:-1","max-image-preview":"max-image-preview:large","max-video-preview":"max-video-preview:-1"},"canonical":"https:\/\/www.sonoraenequipo.com.mx\/sinaloa-cabildo-de-ahome-acuerda-gestionar-ante-cfe-revision-de-subsidio-a-la-energia-electrica\/","og_locale":"es_ES","og_type":"article","og_title":"Sonora en Equipo. SINALOA. Cabildo de Ahome acuerda gestionar ante CFE revisi\u00f3n de subsidio a la energ\u00eda el\u00e9ctrica Rep\u00fablica","og_description":"LOS MOCHIS, SINALOA.MX. \u2014 \u00a0El Presidente Municipal Antonio Men\u00e9ndez De Llano Berm\u00fadez se sum\u00f3 a las propuestas de algunos ediles durante sesi\u00f3n de En Sonora en Equipo publicamos toda la informaci\u00f3n de Sonora, M\u00e9xico y el Mundo de manera oportuna y busca que la libertad de expresi\u00f3n sea real. Visita nuestro medio informativo publicado desde Hermosillo, Sonora. %","og_url":"https:\/\/www.sonoraenequipo.com.mx\/sinaloa-cabildo-de-ahome-acuerda-gestionar-ante-cfe-revision-de-subsidio-a-la-energia-electrica\/","og_site_name":"Sonora en Equipo.","article_publisher":"https:\/\/www.facebook.com\/SonoraEE\/","article_author":"https:\/\/www.facebook.com\/SonoraEE","article_published_time":"2026-03-14T00:10:55+00:00","article_modified_time":"2026-03-14T04:34:14+00:00","og_image":[{"width":1000,"height":667,"url":"https:\/\/www.sonoraenequipo.com.mx\/storage\/2026\/03\/Cabildo-de-Ahome-Sinaloa-1.jpg","type":"image\/jpeg"}],"author":"enequipo","twitter_card":"summary_large_image","twitter_creator":"@sonoraenequipo","twitter_site":"@sonoraenequipo","twitter_misc":{"Escrito por":"enequipo","Tiempo de lectura":"3 minutos"},"schema":{"@context":"https:\/\/schema.org","@graph":[{"@type":"Article","@id":"https:\/\/www.sonoraenequipo.com.mx\/sinaloa-cabildo-de-ahome-acuerda-gestionar-ante-cfe-revision-de-subsidio-a-la-energia-electrica\/#article","isPartOf":{"@id":"https:\/\/www.sonoraenequipo.com.mx\/sinaloa-cabildo-de-ahome-acuerda-gestionar-ante-cfe-revision-de-subsidio-a-la-energia-electrica\/"},"author":{"name":"enequipo","@id":"https:\/\/www.sonoraenequipo.com.mx\/#\/schema\/person\/50102df0fb23a8fa9e8effad8fa81386"},"headline":"SINALOA. Cabildo de Ahome acuerda gestionar ante CFE revisi\u00f3n de subsidio a la energ\u00eda el\u00e9ctrica","datePublished":"2026-03-14T00:10:55+00:00","dateModified":"2026-03-14T04:34:14+00:00","mainEntityOfPage":{"@id":"https:\/\/www.sonoraenequipo.com.mx\/sinaloa-cabildo-de-ahome-acuerda-gestionar-ante-cfe-revision-de-subsidio-a-la-energia-electrica\/"},"wordCount":531,"commentCount":0,"publisher":{"@id":"https:\/\/www.sonoraenequipo.com.mx\/#organization"},"image":{"@id":"https:\/\/www.sonoraenequipo.com.mx\/sinaloa-cabildo-de-ahome-acuerda-gestionar-ante-cfe-revision-de-subsidio-a-la-energia-electrica\/#primaryimage"},"thumbnailUrl":"https:\/\/www.sonoraenequipo.com.mx\/storage\/2026\/03\/Cabildo-de-Ahome-Sinaloa-1.jpg","articleSection":["Rep\u00fablica"],"inLanguage":"es","potentialAction":[{"@type":"CommentAction","name":"Comment","target":["https:\/\/www.sonoraenequipo.com.mx\/sinaloa-cabildo-de-ahome-acuerda-gestionar-ante-cfe-revision-de-subsidio-a-la-energia-electrica\/#respond"]}]},{"@type":"WebPage","@id":"https:\/\/www.sonoraenequipo.com.mx\/sinaloa-cabildo-de-ahome-acuerda-gestionar-ante-cfe-revision-de-subsidio-a-la-energia-electrica\/","url":"https:\/\/www.sonoraenequipo.com.mx\/sinaloa-cabildo-de-ahome-acuerda-gestionar-ante-cfe-revision-de-subsidio-a-la-energia-electrica\/","name":"Sonora en Equipo. SINALOA. Cabildo de Ahome acuerda gestionar ante CFE revisi\u00f3n de subsidio a la energ\u00eda el\u00e9ctrica Rep\u00fablica","isPartOf":{"@id":"https:\/\/www.sonoraenequipo.com.mx\/#website"},"primaryImageOfPage":{"@id":"https:\/\/www.sonoraenequipo.com.mx\/sinaloa-cabildo-de-ahome-acuerda-gestionar-ante-cfe-revision-de-subsidio-a-la-energia-electrica\/#primaryimage"},"image":{"@id":"https:\/\/www.sonoraenequipo.com.mx\/sinaloa-cabildo-de-ahome-acuerda-gestionar-ante-cfe-revision-de-subsidio-a-la-energia-electrica\/#primaryimage"},"thumbnailUrl":"https:\/\/www.sonoraenequipo.com.mx\/storage\/2026\/03\/Cabildo-de-Ahome-Sinaloa-1.jpg","datePublished":"2026-03-14T00:10:55+00:00","dateModified":"2026-03-14T04:34:14+00:00","description":"LOS MOCHIS, SINALOA.MX. \u2014 \u00a0El Presidente Municipal Antonio Men\u00e9ndez De Llano Berm\u00fadez se sum\u00f3 a las propuestas de algunos ediles durante sesi\u00f3n de En Sonora en Equipo publicamos toda la informaci\u00f3n de Sonora, M\u00e9xico y el Mundo de manera oportuna y busca que la libertad de expresi\u00f3n sea real. Visita nuestro medio informativo publicado desde Hermosillo, Sonora. %","breadcrumb":{"@id":"https:\/\/www.sonoraenequipo.com.mx\/sinaloa-cabildo-de-ahome-acuerda-gestionar-ante-cfe-revision-de-subsidio-a-la-energia-electrica\/#breadcrumb"},"inLanguage":"es","potentialAction":[{"@type":"ReadAction","target":["https:\/\/www.sonoraenequipo.com.mx\/sinaloa-cabildo-de-ahome-acuerda-gestionar-ante-cfe-revision-de-subsidio-a-la-energia-electrica\/"]}]},{"@type":"ImageObject","inLanguage":"es","@id":"https:\/\/www.sonoraenequipo.com.mx\/sinaloa-cabildo-de-ahome-acuerda-gestionar-ante-cfe-revision-de-subsidio-a-la-energia-electrica\/#primaryimage","url":"https:\/\/www.sonoraenequipo.com.mx\/storage\/2026\/03\/Cabildo-de-Ahome-Sinaloa-1.jpg","contentUrl":"https:\/\/www.sonoraenequipo.com.mx\/storage\/2026\/03\/Cabildo-de-Ahome-Sinaloa-1.jpg","width":1000,"height":667},{"@type":"BreadcrumbList","@id":"https:\/\/www.sonoraenequipo.com.mx\/sinaloa-cabildo-de-ahome-acuerda-gestionar-ante-cfe-revision-de-subsidio-a-la-energia-electrica\/#breadcrumb","itemListElement":[{"@type":"ListItem","position":1,"name":"Portada","item":"https:\/\/www.sonoraenequipo.com.mx\/"},{"@type":"ListItem","position":2,"name":"SINALOA. Cabildo de Ahome acuerda gestionar ante CFE revisi\u00f3n de subsidio a la energ\u00eda el\u00e9ctrica"}]},{"@type":"WebSite","@id":"https:\/\/www.sonoraenequipo.com.mx\/#website","url":"https:\/\/www.sonoraenequipo.com.mx\/","name":"Sonora en Equipo.","description":"Diario en l\u00ednea con Noticias desde Hermosillo, Sonora","publisher":{"@id":"https:\/\/www.sonoraenequipo.com.mx\/#organization"},"potentialAction":[{"@type":"SearchAction","target":{"@type":"EntryPoint","urlTemplate":"https:\/\/www.sonoraenequipo.com.mx\/?s={search_term_string}"},"query-input":{"@type":"PropertyValueSpecification","valueRequired":true,"valueName":"search_term_string"}}],"inLanguage":"es"},{"@type":"Organization","@id":"https:\/\/www.sonoraenequipo.com.mx\/#organization","name":"Sonoraenequipo.com.mx","url":"https:\/\/www.sonoraenequipo.com.mx\/","logo":{"@type":"ImageObject","inLanguage":"es","@id":"https:\/\/www.sonoraenequipo.com.mx\/#\/schema\/logo\/image\/","url":"https:\/\/www.sonoraenequipo.com.mx\/storage\/2019\/01\/sonoraenequipo_opt.png","contentUrl":"https:\/\/www.sonoraenequipo.com.mx\/storage\/2019\/01\/sonoraenequipo_opt.png","width":375,"height":125,"caption":"Sonoraenequipo.com.mx"},"image":{"@id":"https:\/\/www.sonoraenequipo.com.mx\/#\/schema\/logo\/image\/"},"sameAs":["https:\/\/www.facebook.com\/SonoraEE\/","https:\/\/x.com\/sonoraenequipo","https:\/\/www.youtube.com\/channel\/UC338nW-lPEYmJQs4ZABQ1SQ"]},{"@type":"Person","@id":"https:\/\/www.sonoraenequipo.com.mx\/#\/schema\/person\/50102df0fb23a8fa9e8effad8fa81386","name":"enequipo","image":{"@type":"ImageObject","inLanguage":"es","@id":"https:\/\/www.sonoraenequipo.com.mx\/#\/schema\/person\/image\/","url":"https:\/\/secure.gravatar.com\/avatar\/049821681b589dabc0bc20695993ccebb09f5b5d4d790cd9251b97faac7c652b?s=96&d=blank&r=g","contentUrl":"https:\/\/secure.gravatar.com\/avatar\/049821681b589dabc0bc20695993ccebb09f5b5d4d790cd9251b97faac7c652b?s=96&d=blank&r=g","caption":"enequipo"},"sameAs":["https:\/\/www.facebook.com\/SonoraEE"]}]}},"jetpack_featured_media_url":"https:\/\/www.sonoraenequipo.com.mx\/storage\/2026\/03\/Cabildo-de-Ahome-Sinaloa-1.jpg","_links":{"self":[{"href":"https:\/\/www.sonoraenequipo.com.mx\/api\/wp\/v2\/posts\/237416","targetHints":{"allow":["GET"]}}],"collection":[{"href":"https:\/\/www.sonoraenequipo.com.mx\/api\/wp\/v2\/posts"}],"about":[{"href":"https:\/\/www.sonoraenequipo.com.mx\/api\/wp\/v2\/types\/post"}],"author":[{"embeddable":true,"href":"https:\/\/www.sonoraenequipo.com.mx\/api\/wp\/v2\/users\/1"}],"replies":[{"embeddable":true,"href":"https:\/\/www.sonoraenequipo.com.mx\/api\/wp\/v2\/comments?post=237416"}],"version-history":[{"count":1,"href":"https:\/\/www.sonoraenequipo.com.mx\/api\/wp\/v2\/posts\/237416\/revisions"}],"predecessor-version":[{"id":237420,"href":"https:\/\/www.sonoraenequipo.com.mx\/api\/wp\/v2\/posts\/237416\/revisions\/237420"}],"wp:featuredmedia":[{"embeddable":true,"href":"https:\/\/www.sonoraenequipo.com.mx\/api\/wp\/v2\/media\/237417"}],"wp:attachment":[{"href":"https:\/\/www.sonoraenequipo.com.mx\/api\/wp\/v2\/media?parent=237416"}],"wp:term":[{"taxonomy":"category","embeddable":true,"href":"https:\/\/www.sonoraenequipo.com.mx\/api\/wp\/v2\/categories?post=237416"},{"taxonomy":"post_tag","embeddable":true,"href":"https:\/\/www.sonoraenequipo.com.mx\/api\/wp\/v2\/tags?post=237416"}],"curies":[{"name":"wp","href":"https:\/\/api.w.org\/{rel}","templated":true}]}}