{"id":237426,"date":"2026-03-13T22:00:55","date_gmt":"2026-03-14T05:00:55","guid":{"rendered":"https:\/\/www.sonoraenequipo.com.mx\/?p=237426"},"modified":"2026-03-13T21:50:54","modified_gmt":"2026-03-14T04:50:54","slug":"actor-jose-angel-bichir-cae-desde-tercer-piso-de-edificio-en-la-narvarte-y-queda-gravemente-lesionado","status":"publish","type":"post","link":"https:\/\/www.sonoraenequipo.com.mx\/actor-jose-angel-bichir-cae-desde-tercer-piso-de-edificio-en-la-narvarte-y-queda-gravemente-lesionado\/","title":{"rendered":"Actor Jos\u00e9 \u00c1ngel Bichir cae desde tercer piso de edificio en la Narvarte y queda gravemente lesionado"},"content":{"rendered":"<p><strong>CIUDAD DE M\u00c9XICO. MX.<\/strong> \u2014 Un hombre result\u00f3 con lesiones de gravedad la tarde de este viernes tras caer desde el tercer piso de un edificio de departamentos localizado en la calle Uxmal, esquina con Eje 4 Sur (Xola), en la colonia Narvarte Poniente, alcald\u00eda Benito Ju\u00e1rez, en la Ciudad de M\u00e9xico.<\/p>\n<p>&nbsp;<\/p>\n<p>&nbsp;<\/p>\n<p> <\/p>\n<p>De acuerdo con los primeros informes de la Secretar\u00eda de Seguridad Ciudadana (SSC), elementos policiacos acudieron al lugar luego de recibir un reporte sobre una persona que se encontraba tendida en la parte baja del inmueble y con manchas de sangre.<\/p>\n<p>&nbsp;<\/p>\n<p>&nbsp;<\/p>\n<p>&nbsp;<\/p>\n<p>Al sitio arribaron param\u00e9dicos del Escuadr\u00f3n de Rescate y Urgencias M\u00e9dicas (ERUM), quienes brindaron atenci\u00f3n al lesionado, identificado como el actor Jos\u00e9 \u00c1ngel Bichir, de alrededor de 35 a\u00f1os de edad. Al momento de ser valorado por los servicios de emergencia, el hombre se encontraba inconsciente.<\/p>\n<p>&nbsp;<\/p>\n<p>&nbsp;<\/p>\n<p>&nbsp;<\/p>\n<p>Tras la revisi\u00f3n m\u00e9dica, los socorristas le diagnosticaron fractura facial, traumatismo abdominal y diversas contusiones, por lo que fue trasladado de urgencia al Hospital Rub\u00e9n Le\u00f1ero para recibir atenci\u00f3n especializada.<\/p>\n<p>&nbsp;<\/p>\n<p>&nbsp;<\/p>\n<p>De manera preliminar se inform\u00f3 que el hombre viv\u00eda en el tercer nivel del edificio, que consta de cinco pisos, y presuntamente se habr\u00eda arrojado hacia la v\u00eda p\u00fablica.<\/p>\n<p>&nbsp;<\/p>\n<p>&nbsp;<\/p>\n<p>Durante el operativo tambi\u00e9n fue atendida una mujer de aproximadamente 70 a\u00f1os de edad, quien present\u00f3 una crisis nerviosa; no obstante, no fue necesario su traslado a un hospital.<\/p>\n<p>&nbsp;<\/p>\n<p>PUBLICADO EL 13 MARZO DE 2026 Con informaci\u00f3n de Medios Nacionales y redes sociales)<\/p>\n","protected":false},"excerpt":{"rendered":"<p>CIUDAD DE M\u00c9XICO. MX. \u2014 Un hombre result\u00f3 con lesiones de gravedad la tarde de&#8230;<\/p>\n","protected":false},"author":1,"featured_media":237419,"comment_status":"open","ping_status":"open","sticky":false,"template":"","format":"standard","meta":{"_monsterinsights_skip_tracking":false,"_monsterinsights_sitenote_active":false,"_monsterinsights_sitenote_note":"","_monsterinsights_sitenote_category":0,"footnotes":""},"categories":[2987],"tags":[],"class_list":["post"],"yoast_head":" \n<title>Sonora en Equipo. Actor Jos\u00e9 \u00c1ngel Bichir cae desde tercer piso de edificio en la Narvarte y queda gravemente lesionado Showbiz<\/title>\n<meta name=\"description\" content=\"CIUDAD DE M\u00c9XICO. MX. \u2014 Un hombre result\u00f3 con lesiones de gravedad la tarde de este viernes tras caer desde el tercer piso de un edificio de departamentos En Sonora en Equipo publicamos toda la informaci\u00f3n de Sonora, M\u00e9xico y el Mundo de manera oportuna y busca que la libertad de expresi\u00f3n sea real. Visita nuestro medio informativo publicado desde Hermosillo, Sonora. %\" \/>\n<meta name=\"robots\" content=\"index, follow, max-snippet:-1, max-image-preview:large, max-video-preview:-1\" \/>\n<link rel=\"canonical\" href=\"https:\/\/www.sonoraenequipo.com.mx\/actor-jose-angel-bichir-cae-desde-tercer-piso-de-edificio-en-la-narvarte-y-queda-gravemente-lesionado\/\" \/>\n<meta property=\"og:locale\" content=\"es_ES\" \/>\n<meta property=\"og:type\" content=\"article\" \/>\n<meta property=\"og:title\" content=\"Sonora en Equipo. Actor Jos\u00e9 \u00c1ngel Bichir cae desde tercer piso de edificio en la Narvarte y queda gravemente lesionado Showbiz\" \/>\n<meta property=\"og:description\" content=\"CIUDAD DE M\u00c9XICO. MX. \u2014 Un hombre result\u00f3 con lesiones de gravedad la tarde de este viernes tras caer desde el tercer piso de un edificio de departamentos En Sonora en Equipo publicamos toda la informaci\u00f3n de Sonora, M\u00e9xico y el Mundo de manera oportuna y busca que la libertad de expresi\u00f3n sea real. Visita nuestro medio informativo publicado desde Hermosillo, Sonora. %\" \/>\n<meta property=\"og:url\" content=\"https:\/\/www.sonoraenequipo.com.mx\/actor-jose-angel-bichir-cae-desde-tercer-piso-de-edificio-en-la-narvarte-y-queda-gravemente-lesionado\/\" \/>\n<meta property=\"og:site_name\" content=\"Sonora en Equipo.\" \/>\n<meta property=\"article:publisher\" content=\"https:\/\/www.facebook.com\/SonoraEE\/\" \/>\n<meta property=\"article:author\" content=\"https:\/\/www.facebook.com\/SonoraEE\" \/>\n<meta property=\"article:published_time\" content=\"2026-03-14T05:00:55+00:00\" \/>\n<meta property=\"og:image\" content=\"https:\/\/www.sonoraenequipo.com.mx\/storage\/2026\/03\/Actor-Jose-Angel-Bichir-cae-desde-tercer-piso-1.jpg\" \/>\n\t<meta property=\"og:image:width\" content=\"1000\" \/>\n\t<meta property=\"og:image:height\" content=\"568\" \/>\n\t<meta property=\"og:image:type\" content=\"image\/jpeg\" \/>\n<meta name=\"author\" content=\"enequipo\" \/>\n<meta name=\"twitter:card\" content=\"summary_large_image\" \/>\n<meta name=\"twitter:creator\" content=\"@sonoraenequipo\" \/>\n<meta name=\"twitter:site\" content=\"@sonoraenequipo\" \/>\n<meta name=\"twitter:label1\" content=\"Escrito por\" \/>\n\t<meta name=\"twitter:data1\" content=\"enequipo\" \/>\n\t<meta name=\"twitter:label2\" content=\"Tiempo de lectura\" \/>\n\t<meta name=\"twitter:data2\" content=\"1 minuto\" \/>\n<script type=\"application\/ld+json\" class=\"yoast-schema-graph\">{\"@context\":\"https:\/\/schema.org\",\"@graph\":[{\"@type\":\"Article\",\"@id\":\"https:\/\/www.sonoraenequipo.com.mx\/actor-jose-angel-bichir-cae-desde-tercer-piso-de-edificio-en-la-narvarte-y-queda-gravemente-lesionado\/#article\",\"isPartOf\":{\"@id\":\"https:\/\/www.sonoraenequipo.com.mx\/actor-jose-angel-bichir-cae-desde-tercer-piso-de-edificio-en-la-narvarte-y-queda-gravemente-lesionado\/\"},\"author\":{\"name\":\"enequipo\",\"@id\":\"https:\/\/www.sonoraenequipo.com.mx\/#\/schema\/person\/50102df0fb23a8fa9e8effad8fa81386\"},\"headline\":\"Actor Jos\u00e9 \u00c1ngel Bichir cae desde tercer piso de edificio en la Narvarte y queda gravemente lesionado\",\"datePublished\":\"2026-03-14T05:00:55+00:00\",\"mainEntityOfPage\":{\"@id\":\"https:\/\/www.sonoraenequipo.com.mx\/actor-jose-angel-bichir-cae-desde-tercer-piso-de-edificio-en-la-narvarte-y-queda-gravemente-lesionado\/\"},\"wordCount\":287,\"commentCount\":0,\"publisher\":{\"@id\":\"https:\/\/www.sonoraenequipo.com.mx\/#organization\"},\"image\":{\"@id\":\"https:\/\/www.sonoraenequipo.com.mx\/actor-jose-angel-bichir-cae-desde-tercer-piso-de-edificio-en-la-narvarte-y-queda-gravemente-lesionado\/#primaryimage\"},\"thumbnailUrl\":\"https:\/\/www.sonoraenequipo.com.mx\/storage\/2026\/03\/Actor-Jose-Angel-Bichir-cae-desde-tercer-piso-1.jpg\",\"articleSection\":[\"Showbiz\"],\"inLanguage\":\"es\",\"potentialAction\":[{\"@type\":\"CommentAction\",\"name\":\"Comment\",\"target\":[\"https:\/\/www.sonoraenequipo.com.mx\/actor-jose-angel-bichir-cae-desde-tercer-piso-de-edificio-en-la-narvarte-y-queda-gravemente-lesionado\/#respond\"]}]},{\"@type\":\"WebPage\",\"@id\":\"https:\/\/www.sonoraenequipo.com.mx\/actor-jose-angel-bichir-cae-desde-tercer-piso-de-edificio-en-la-narvarte-y-queda-gravemente-lesionado\/\",\"url\":\"https:\/\/www.sonoraenequipo.com.mx\/actor-jose-angel-bichir-cae-desde-tercer-piso-de-edificio-en-la-narvarte-y-queda-gravemente-lesionado\/\",\"name\":\"Sonora en Equipo. Actor Jos\u00e9 \u00c1ngel Bichir cae desde tercer piso de edificio en la Narvarte y queda gravemente lesionado Showbiz\",\"isPartOf\":{\"@id\":\"https:\/\/www.sonoraenequipo.com.mx\/#website\"},\"primaryImageOfPage\":{\"@id\":\"https:\/\/www.sonoraenequipo.com.mx\/actor-jose-angel-bichir-cae-desde-tercer-piso-de-edificio-en-la-narvarte-y-queda-gravemente-lesionado\/#primaryimage\"},\"image\":{\"@id\":\"https:\/\/www.sonoraenequipo.com.mx\/actor-jose-angel-bichir-cae-desde-tercer-piso-de-edificio-en-la-narvarte-y-queda-gravemente-lesionado\/#primaryimage\"},\"thumbnailUrl\":\"https:\/\/www.sonoraenequipo.com.mx\/storage\/2026\/03\/Actor-Jose-Angel-Bichir-cae-desde-tercer-piso-1.jpg\",\"datePublished\":\"2026-03-14T05:00:55+00:00\",\"description\":\"CIUDAD DE M\u00c9XICO. MX. \u2014 Un hombre result\u00f3 con lesiones de gravedad la tarde de este viernes tras caer desde el tercer piso de un edificio de departamentos En Sonora en Equipo publicamos toda la informaci\u00f3n de Sonora, M\u00e9xico y el Mundo de manera oportuna y busca que la libertad de expresi\u00f3n sea real. Visita nuestro medio informativo publicado desde Hermosillo, Sonora. %\",\"breadcrumb\":{\"@id\":\"https:\/\/www.sonoraenequipo.com.mx\/actor-jose-angel-bichir-cae-desde-tercer-piso-de-edificio-en-la-narvarte-y-queda-gravemente-lesionado\/#breadcrumb\"},\"inLanguage\":\"es\",\"potentialAction\":[{\"@type\":\"ReadAction\",\"target\":[\"https:\/\/www.sonoraenequipo.com.mx\/actor-jose-angel-bichir-cae-desde-tercer-piso-de-edificio-en-la-narvarte-y-queda-gravemente-lesionado\/\"]}]},{\"@type\":\"ImageObject\",\"inLanguage\":\"es\",\"@id\":\"https:\/\/www.sonoraenequipo.com.mx\/actor-jose-angel-bichir-cae-desde-tercer-piso-de-edificio-en-la-narvarte-y-queda-gravemente-lesionado\/#primaryimage\",\"url\":\"https:\/\/www.sonoraenequipo.com.mx\/storage\/2026\/03\/Actor-Jose-Angel-Bichir-cae-desde-tercer-piso-1.jpg\",\"contentUrl\":\"https:\/\/www.sonoraenequipo.com.mx\/storage\/2026\/03\/Actor-Jose-Angel-Bichir-cae-desde-tercer-piso-1.jpg\",\"width\":1000,\"height\":568},{\"@type\":\"BreadcrumbList\",\"@id\":\"https:\/\/www.sonoraenequipo.com.mx\/actor-jose-angel-bichir-cae-desde-tercer-piso-de-edificio-en-la-narvarte-y-queda-gravemente-lesionado\/#breadcrumb\",\"itemListElement\":[{\"@type\":\"ListItem\",\"position\":1,\"name\":\"Portada\",\"item\":\"https:\/\/www.sonoraenequipo.com.mx\/\"},{\"@type\":\"ListItem\",\"position\":2,\"name\":\"Actor Jos\u00e9 \u00c1ngel Bichir cae desde tercer piso de edificio en la Narvarte y queda gravemente lesionado\"}]},{\"@type\":\"WebSite\",\"@id\":\"https:\/\/www.sonoraenequipo.com.mx\/#website\",\"url\":\"https:\/\/www.sonoraenequipo.com.mx\/\",\"name\":\"Sonora en Equipo.\",\"description\":\"Diario en l\u00ednea con Noticias desde Hermosillo, Sonora\",\"publisher\":{\"@id\":\"https:\/\/www.sonoraenequipo.com.mx\/#organization\"},\"potentialAction\":[{\"@type\":\"SearchAction\",\"target\":{\"@type\":\"EntryPoint\",\"urlTemplate\":\"https:\/\/www.sonoraenequipo.com.mx\/?s={search_term_string}\"},\"query-input\":{\"@type\":\"PropertyValueSpecification\",\"valueRequired\":true,\"valueName\":\"search_term_string\"}}],\"inLanguage\":\"es\"},{\"@type\":\"Organization\",\"@id\":\"https:\/\/www.sonoraenequipo.com.mx\/#organization\",\"name\":\"Sonoraenequipo.com.mx\",\"url\":\"https:\/\/www.sonoraenequipo.com.mx\/\",\"logo\":{\"@type\":\"ImageObject\",\"inLanguage\":\"es\",\"@id\":\"https:\/\/www.sonoraenequipo.com.mx\/#\/schema\/logo\/image\/\",\"url\":\"https:\/\/www.sonoraenequipo.com.mx\/storage\/2019\/01\/sonoraenequipo_opt.png\",\"contentUrl\":\"https:\/\/www.sonoraenequipo.com.mx\/storage\/2019\/01\/sonoraenequipo_opt.png\",\"width\":375,\"height\":125,\"caption\":\"Sonoraenequipo.com.mx\"},\"image\":{\"@id\":\"https:\/\/www.sonoraenequipo.com.mx\/#\/schema\/logo\/image\/\"},\"sameAs\":[\"https:\/\/www.facebook.com\/SonoraEE\/\",\"https:\/\/x.com\/sonoraenequipo\",\"https:\/\/www.youtube.com\/channel\/UC338nW-lPEYmJQs4ZABQ1SQ\"]},{\"@type\":\"Person\",\"@id\":\"https:\/\/www.sonoraenequipo.com.mx\/#\/schema\/person\/50102df0fb23a8fa9e8effad8fa81386\",\"name\":\"enequipo\",\"image\":{\"@type\":\"ImageObject\",\"inLanguage\":\"es\",\"@id\":\"https:\/\/www.sonoraenequipo.com.mx\/#\/schema\/person\/image\/\",\"url\":\"https:\/\/secure.gravatar.com\/avatar\/049821681b589dabc0bc20695993ccebb09f5b5d4d790cd9251b97faac7c652b?s=96&d=blank&r=g\",\"contentUrl\":\"https:\/\/secure.gravatar.com\/avatar\/049821681b589dabc0bc20695993ccebb09f5b5d4d790cd9251b97faac7c652b?s=96&d=blank&r=g\",\"caption\":\"enequipo\"},\"sameAs\":[\"https:\/\/www.facebook.com\/SonoraEE\"]}]}<\/script>\n ","yoast_head_json":{"title":"Sonora en Equipo. Actor Jos\u00e9 \u00c1ngel Bichir cae desde tercer piso de edificio en la Narvarte y queda gravemente lesionado Showbiz","description":"CIUDAD DE M\u00c9XICO. MX. \u2014 Un hombre result\u00f3 con lesiones de gravedad la tarde de este viernes tras caer desde el tercer piso de un edificio de departamentos En Sonora en Equipo publicamos toda la informaci\u00f3n de Sonora, M\u00e9xico y el Mundo de manera oportuna y busca que la libertad de expresi\u00f3n sea real. Visita nuestro medio informativo publicado desde Hermosillo, Sonora. %","robots":{"index":"index","follow":"follow","max-snippet":"max-snippet:-1","max-image-preview":"max-image-preview:large","max-video-preview":"max-video-preview:-1"},"canonical":"https:\/\/www.sonoraenequipo.com.mx\/actor-jose-angel-bichir-cae-desde-tercer-piso-de-edificio-en-la-narvarte-y-queda-gravemente-lesionado\/","og_locale":"es_ES","og_type":"article","og_title":"Sonora en Equipo. Actor Jos\u00e9 \u00c1ngel Bichir cae desde tercer piso de edificio en la Narvarte y queda gravemente lesionado Showbiz","og_description":"CIUDAD DE M\u00c9XICO. MX. \u2014 Un hombre result\u00f3 con lesiones de gravedad la tarde de este viernes tras caer desde el tercer piso de un edificio de departamentos En Sonora en Equipo publicamos toda la informaci\u00f3n de Sonora, M\u00e9xico y el Mundo de manera oportuna y busca que la libertad de expresi\u00f3n sea real. Visita nuestro medio informativo publicado desde Hermosillo, Sonora. %","og_url":"https:\/\/www.sonoraenequipo.com.mx\/actor-jose-angel-bichir-cae-desde-tercer-piso-de-edificio-en-la-narvarte-y-queda-gravemente-lesionado\/","og_site_name":"Sonora en Equipo.","article_publisher":"https:\/\/www.facebook.com\/SonoraEE\/","article_author":"https:\/\/www.facebook.com\/SonoraEE","article_published_time":"2026-03-14T05:00:55+00:00","og_image":[{"width":1000,"height":568,"url":"https:\/\/www.sonoraenequipo.com.mx\/storage\/2026\/03\/Actor-Jose-Angel-Bichir-cae-desde-tercer-piso-1.jpg","type":"image\/jpeg"}],"author":"enequipo","twitter_card":"summary_large_image","twitter_creator":"@sonoraenequipo","twitter_site":"@sonoraenequipo","twitter_misc":{"Escrito por":"enequipo","Tiempo de lectura":"1 minuto"},"schema":{"@context":"https:\/\/schema.org","@graph":[{"@type":"Article","@id":"https:\/\/www.sonoraenequipo.com.mx\/actor-jose-angel-bichir-cae-desde-tercer-piso-de-edificio-en-la-narvarte-y-queda-gravemente-lesionado\/#article","isPartOf":{"@id":"https:\/\/www.sonoraenequipo.com.mx\/actor-jose-angel-bichir-cae-desde-tercer-piso-de-edificio-en-la-narvarte-y-queda-gravemente-lesionado\/"},"author":{"name":"enequipo","@id":"https:\/\/www.sonoraenequipo.com.mx\/#\/schema\/person\/50102df0fb23a8fa9e8effad8fa81386"},"headline":"Actor Jos\u00e9 \u00c1ngel Bichir cae desde tercer piso de edificio en la Narvarte y queda gravemente lesionado","datePublished":"2026-03-14T05:00:55+00:00","mainEntityOfPage":{"@id":"https:\/\/www.sonoraenequipo.com.mx\/actor-jose-angel-bichir-cae-desde-tercer-piso-de-edificio-en-la-narvarte-y-queda-gravemente-lesionado\/"},"wordCount":287,"commentCount":0,"publisher":{"@id":"https:\/\/www.sonoraenequipo.com.mx\/#organization"},"image":{"@id":"https:\/\/www.sonoraenequipo.com.mx\/actor-jose-angel-bichir-cae-desde-tercer-piso-de-edificio-en-la-narvarte-y-queda-gravemente-lesionado\/#primaryimage"},"thumbnailUrl":"https:\/\/www.sonoraenequipo.com.mx\/storage\/2026\/03\/Actor-Jose-Angel-Bichir-cae-desde-tercer-piso-1.jpg","articleSection":["Showbiz"],"inLanguage":"es","potentialAction":[{"@type":"CommentAction","name":"Comment","target":["https:\/\/www.sonoraenequipo.com.mx\/actor-jose-angel-bichir-cae-desde-tercer-piso-de-edificio-en-la-narvarte-y-queda-gravemente-lesionado\/#respond"]}]},{"@type":"WebPage","@id":"https:\/\/www.sonoraenequipo.com.mx\/actor-jose-angel-bichir-cae-desde-tercer-piso-de-edificio-en-la-narvarte-y-queda-gravemente-lesionado\/","url":"https:\/\/www.sonoraenequipo.com.mx\/actor-jose-angel-bichir-cae-desde-tercer-piso-de-edificio-en-la-narvarte-y-queda-gravemente-lesionado\/","name":"Sonora en Equipo. Actor Jos\u00e9 \u00c1ngel Bichir cae desde tercer piso de edificio en la Narvarte y queda gravemente lesionado Showbiz","isPartOf":{"@id":"https:\/\/www.sonoraenequipo.com.mx\/#website"},"primaryImageOfPage":{"@id":"https:\/\/www.sonoraenequipo.com.mx\/actor-jose-angel-bichir-cae-desde-tercer-piso-de-edificio-en-la-narvarte-y-queda-gravemente-lesionado\/#primaryimage"},"image":{"@id":"https:\/\/www.sonoraenequipo.com.mx\/actor-jose-angel-bichir-cae-desde-tercer-piso-de-edificio-en-la-narvarte-y-queda-gravemente-lesionado\/#primaryimage"},"thumbnailUrl":"https:\/\/www.sonoraenequipo.com.mx\/storage\/2026\/03\/Actor-Jose-Angel-Bichir-cae-desde-tercer-piso-1.jpg","datePublished":"2026-03-14T05:00:55+00:00","description":"CIUDAD DE M\u00c9XICO. MX. \u2014 Un hombre result\u00f3 con lesiones de gravedad la tarde de este viernes tras caer desde el tercer piso de un edificio de departamentos En Sonora en Equipo publicamos toda la informaci\u00f3n de Sonora, M\u00e9xico y el Mundo de manera oportuna y busca que la libertad de expresi\u00f3n sea real. Visita nuestro medio informativo publicado desde Hermosillo, Sonora. %","breadcrumb":{"@id":"https:\/\/www.sonoraenequipo.com.mx\/actor-jose-angel-bichir-cae-desde-tercer-piso-de-edificio-en-la-narvarte-y-queda-gravemente-lesionado\/#breadcrumb"},"inLanguage":"es","potentialAction":[{"@type":"ReadAction","target":["https:\/\/www.sonoraenequipo.com.mx\/actor-jose-angel-bichir-cae-desde-tercer-piso-de-edificio-en-la-narvarte-y-queda-gravemente-lesionado\/"]}]},{"@type":"ImageObject","inLanguage":"es","@id":"https:\/\/www.sonoraenequipo.com.mx\/actor-jose-angel-bichir-cae-desde-tercer-piso-de-edificio-en-la-narvarte-y-queda-gravemente-lesionado\/#primaryimage","url":"https:\/\/www.sonoraenequipo.com.mx\/storage\/2026\/03\/Actor-Jose-Angel-Bichir-cae-desde-tercer-piso-1.jpg","contentUrl":"https:\/\/www.sonoraenequipo.com.mx\/storage\/2026\/03\/Actor-Jose-Angel-Bichir-cae-desde-tercer-piso-1.jpg","width":1000,"height":568},{"@type":"BreadcrumbList","@id":"https:\/\/www.sonoraenequipo.com.mx\/actor-jose-angel-bichir-cae-desde-tercer-piso-de-edificio-en-la-narvarte-y-queda-gravemente-lesionado\/#breadcrumb","itemListElement":[{"@type":"ListItem","position":1,"name":"Portada","item":"https:\/\/www.sonoraenequipo.com.mx\/"},{"@type":"ListItem","position":2,"name":"Actor Jos\u00e9 \u00c1ngel Bichir cae desde tercer piso de edificio en la Narvarte y queda gravemente lesionado"}]},{"@type":"WebSite","@id":"https:\/\/www.sonoraenequipo.com.mx\/#website","url":"https:\/\/www.sonoraenequipo.com.mx\/","name":"Sonora en Equipo.","description":"Diario en l\u00ednea con Noticias desde Hermosillo, Sonora","publisher":{"@id":"https:\/\/www.sonoraenequipo.com.mx\/#organization"},"potentialAction":[{"@type":"SearchAction","target":{"@type":"EntryPoint","urlTemplate":"https:\/\/www.sonoraenequipo.com.mx\/?s={search_term_string}"},"query-input":{"@type":"PropertyValueSpecification","valueRequired":true,"valueName":"search_term_string"}}],"inLanguage":"es"},{"@type":"Organization","@id":"https:\/\/www.sonoraenequipo.com.mx\/#organization","name":"Sonoraenequipo.com.mx","url":"https:\/\/www.sonoraenequipo.com.mx\/","logo":{"@type":"ImageObject","inLanguage":"es","@id":"https:\/\/www.sonoraenequipo.com.mx\/#\/schema\/logo\/image\/","url":"https:\/\/www.sonoraenequipo.com.mx\/storage\/2019\/01\/sonoraenequipo_opt.png","contentUrl":"https:\/\/www.sonoraenequipo.com.mx\/storage\/2019\/01\/sonoraenequipo_opt.png","width":375,"height":125,"caption":"Sonoraenequipo.com.mx"},"image":{"@id":"https:\/\/www.sonoraenequipo.com.mx\/#\/schema\/logo\/image\/"},"sameAs":["https:\/\/www.facebook.com\/SonoraEE\/","https:\/\/x.com\/sonoraenequipo","https:\/\/www.youtube.com\/channel\/UC338nW-lPEYmJQs4ZABQ1SQ"]},{"@type":"Person","@id":"https:\/\/www.sonoraenequipo.com.mx\/#\/schema\/person\/50102df0fb23a8fa9e8effad8fa81386","name":"enequipo","image":{"@type":"ImageObject","inLanguage":"es","@id":"https:\/\/www.sonoraenequipo.com.mx\/#\/schema\/person\/image\/","url":"https:\/\/secure.gravatar.com\/avatar\/049821681b589dabc0bc20695993ccebb09f5b5d4d790cd9251b97faac7c652b?s=96&d=blank&r=g","contentUrl":"https:\/\/secure.gravatar.com\/avatar\/049821681b589dabc0bc20695993ccebb09f5b5d4d790cd9251b97faac7c652b?s=96&d=blank&r=g","caption":"enequipo"},"sameAs":["https:\/\/www.facebook.com\/SonoraEE"]}]}},"jetpack_featured_media_url":"https:\/\/www.sonoraenequipo.com.mx\/storage\/2026\/03\/Actor-Jose-Angel-Bichir-cae-desde-tercer-piso-1.jpg","_links":{"self":[{"href":"https:\/\/www.sonoraenequipo.com.mx\/api\/wp\/v2\/posts\/237426","targetHints":{"allow":["GET"]}}],"collection":[{"href":"https:\/\/www.sonoraenequipo.com.mx\/api\/wp\/v2\/posts"}],"about":[{"href":"https:\/\/www.sonoraenequipo.com.mx\/api\/wp\/v2\/types\/post"}],"author":[{"embeddable":true,"href":"https:\/\/www.sonoraenequipo.com.mx\/api\/wp\/v2\/users\/1"}],"replies":[{"embeddable":true,"href":"https:\/\/www.sonoraenequipo.com.mx\/api\/wp\/v2\/comments?post=237426"}],"version-history":[{"count":1,"href":"https:\/\/www.sonoraenequipo.com.mx\/api\/wp\/v2\/posts\/237426\/revisions"}],"predecessor-version":[{"id":237427,"href":"https:\/\/www.sonoraenequipo.com.mx\/api\/wp\/v2\/posts\/237426\/revisions\/237427"}],"wp:featuredmedia":[{"embeddable":true,"href":"https:\/\/www.sonoraenequipo.com.mx\/api\/wp\/v2\/media\/237419"}],"wp:attachment":[{"href":"https:\/\/www.sonoraenequipo.com.mx\/api\/wp\/v2\/media?parent=237426"}],"wp:term":[{"taxonomy":"category","embeddable":true,"href":"https:\/\/www.sonoraenequipo.com.mx\/api\/wp\/v2\/categories?post=237426"},{"taxonomy":"post_tag","embeddable":true,"href":"https:\/\/www.sonoraenequipo.com.mx\/api\/wp\/v2\/tags?post=237426"}],"curies":[{"name":"wp","href":"https:\/\/api.w.org\/{rel}","templated":true}]}}