{"id":237428,"date":"2026-03-13T22:26:05","date_gmt":"2026-03-14T05:26:05","guid":{"rendered":"https:\/\/www.sonoraenequipo.com.mx\/?p=237428"},"modified":"2026-03-13T21:55:52","modified_gmt":"2026-03-14T04:55:52","slug":"trump-dice-que-eu-arraso-blancos-militares-en-isla-de-jark-puerta-de-salida-del-crudo-irani","status":"publish","type":"post","link":"https:\/\/www.sonoraenequipo.com.mx\/trump-dice-que-eu-arraso-blancos-militares-en-isla-de-jark-puerta-de-salida-del-crudo-irani\/","title":{"rendered":"Trump dice que EU \u00abarras\u00f3\u00bb blancos militares en isla de Jark, puerta de salida del crudo iran\u00ed"},"content":{"rendered":"<p><strong>ESTADOS UNIDOS DEL NORTE DE AM\u00c9RICA. \u2014<\/strong> El presidente de Estados Unidos, Donald Trump, ha asegurado este viernes que el ej\u00e9rcito estadunidense ha efectuado un bombardeo sobre la estrat\u00e9gica isla de Jark, en Ir\u00e1n, si bien ha se\u00f1alado que no ha atacado su infraestructura petrolera \u00abpor decencia\u00bb.<\/p>\n<p>&nbsp;<\/p>\n<p>&nbsp;<\/p>\n<p> <\/p>\n<p><em><strong>\u00abHace unos instantes, bajo mis \u00f3rdenes, el Mando Central de Estados Unidos (Centcom) ha llevado a cabo uno de los bombardeos m\u00e1s potentes de la historia de Oriente Pr\u00f3ximo y ha destruido por completo todos los objetivos militares de la joya de la corona de Ir\u00e1n, la isla de Jark\u00bb,<\/strong><\/em> ha anunciado en Truth Social, donde ha asegurado que <strong><em>\u00abpor decencia, (ha) decidido no destruir la infraestructura petrolera de la isla\u00bb<\/em><\/strong>.<\/p>\n<p>&nbsp;<\/p>\n<p>&nbsp;<\/p>\n<p>&nbsp;<\/p>\n<p>El mandatario ha amenazado en cambio con <strong>\u00abreconsiderar\u00bb<\/strong> la ejecuci\u00f3n de ataques contra la industria petrolera de la isla si Ir\u00e1n u otro pa\u00eds interviene en \u00abel paso libre y seguro de los buques por el estrecho de Ormuz.<\/p>\n<p>&nbsp;<\/p>\n<p>&nbsp;<\/p>\n<p>&nbsp;<\/p>\n<p>PUBLICADO EL 13 MARZO DE 2026 Con informaci\u00f3n de AFP)<\/p>\n","protected":false},"excerpt":{"rendered":"<p>ESTADOS UNIDOS DEL NORTE DE AM\u00c9RICA. \u2014 El presidente de Estados Unidos, Donald Trump, ha&#8230;<\/p>\n","protected":false},"author":1,"featured_media":237422,"comment_status":"open","ping_status":"open","sticky":false,"template":"","format":"standard","meta":{"_monsterinsights_skip_tracking":false,"_monsterinsights_sitenote_active":false,"_monsterinsights_sitenote_note":"","_monsterinsights_sitenote_category":0,"footnotes":""},"categories":[3],"tags":[],"class_list":["post"],"yoast_head":" \n<title>Sonora en Equipo. Trump dice que EU &quot;arras\u00f3&quot; blancos militares en isla de Jark, puerta de salida del crudo iran\u00ed MUNDO<\/title>\n<meta name=\"description\" content=\"ESTADOS UNIDOS DEL NORTE DE AM\u00c9RICA. \u2014 El presidente de Estados Unidos, Donald Trump, ha asegurado este viernes que el ej\u00e9rcito estadunidense ha efectuado En Sonora en Equipo publicamos toda la informaci\u00f3n de Sonora, M\u00e9xico y el Mundo de manera oportuna y busca que la libertad de expresi\u00f3n sea real. Visita nuestro medio informativo publicado desde Hermosillo, Sonora. %\" \/>\n<meta name=\"robots\" content=\"index, follow, max-snippet:-1, max-image-preview:large, max-video-preview:-1\" \/>\n<link rel=\"canonical\" href=\"https:\/\/www.sonoraenequipo.com.mx\/trump-dice-que-eu-arraso-blancos-militares-en-isla-de-jark-puerta-de-salida-del-crudo-irani\/\" \/>\n<meta property=\"og:locale\" content=\"es_ES\" \/>\n<meta property=\"og:type\" content=\"article\" \/>\n<meta property=\"og:title\" content=\"Sonora en Equipo. Trump dice que EU &quot;arras\u00f3&quot; blancos militares en isla de Jark, puerta de salida del crudo iran\u00ed MUNDO\" \/>\n<meta property=\"og:description\" content=\"ESTADOS UNIDOS DEL NORTE DE AM\u00c9RICA. \u2014 El presidente de Estados Unidos, Donald Trump, ha asegurado este viernes que el ej\u00e9rcito estadunidense ha efectuado En Sonora en Equipo publicamos toda la informaci\u00f3n de Sonora, M\u00e9xico y el Mundo de manera oportuna y busca que la libertad de expresi\u00f3n sea real. Visita nuestro medio informativo publicado desde Hermosillo, Sonora. %\" \/>\n<meta property=\"og:url\" content=\"https:\/\/www.sonoraenequipo.com.mx\/trump-dice-que-eu-arraso-blancos-militares-en-isla-de-jark-puerta-de-salida-del-crudo-irani\/\" \/>\n<meta property=\"og:site_name\" content=\"Sonora en Equipo.\" \/>\n<meta property=\"article:publisher\" content=\"https:\/\/www.facebook.com\/SonoraEE\/\" \/>\n<meta property=\"article:author\" content=\"https:\/\/www.facebook.com\/SonoraEE\" \/>\n<meta property=\"article:published_time\" content=\"2026-03-14T05:26:05+00:00\" \/>\n<meta property=\"og:image\" content=\"https:\/\/www.sonoraenequipo.com.mx\/storage\/2026\/03\/isla-de-Jark-en-Iran-atacada-por-EUA.jpg\" \/>\n\t<meta property=\"og:image:width\" content=\"1200\" \/>\n\t<meta property=\"og:image:height\" content=\"800\" \/>\n\t<meta property=\"og:image:type\" content=\"image\/jpeg\" \/>\n<meta name=\"author\" content=\"enequipo\" \/>\n<meta name=\"twitter:card\" content=\"summary_large_image\" \/>\n<meta name=\"twitter:creator\" content=\"@sonoraenequipo\" \/>\n<meta name=\"twitter:site\" content=\"@sonoraenequipo\" \/>\n<meta name=\"twitter:label1\" content=\"Escrito por\" \/>\n\t<meta name=\"twitter:data1\" content=\"enequipo\" \/>\n\t<meta name=\"twitter:label2\" content=\"Tiempo de lectura\" \/>\n\t<meta name=\"twitter:data2\" content=\"1 minuto\" \/>\n<script type=\"application\/ld+json\" class=\"yoast-schema-graph\">{\"@context\":\"https:\/\/schema.org\",\"@graph\":[{\"@type\":\"Article\",\"@id\":\"https:\/\/www.sonoraenequipo.com.mx\/trump-dice-que-eu-arraso-blancos-militares-en-isla-de-jark-puerta-de-salida-del-crudo-irani\/#article\",\"isPartOf\":{\"@id\":\"https:\/\/www.sonoraenequipo.com.mx\/trump-dice-que-eu-arraso-blancos-militares-en-isla-de-jark-puerta-de-salida-del-crudo-irani\/\"},\"author\":{\"name\":\"enequipo\",\"@id\":\"https:\/\/www.sonoraenequipo.com.mx\/#\/schema\/person\/50102df0fb23a8fa9e8effad8fa81386\"},\"headline\":\"Trump dice que EU \u00abarras\u00f3\u00bb blancos militares en isla de Jark, puerta de salida del crudo iran\u00ed\",\"datePublished\":\"2026-03-14T05:26:05+00:00\",\"mainEntityOfPage\":{\"@id\":\"https:\/\/www.sonoraenequipo.com.mx\/trump-dice-que-eu-arraso-blancos-militares-en-isla-de-jark-puerta-de-salida-del-crudo-irani\/\"},\"wordCount\":201,\"commentCount\":0,\"publisher\":{\"@id\":\"https:\/\/www.sonoraenequipo.com.mx\/#organization\"},\"image\":{\"@id\":\"https:\/\/www.sonoraenequipo.com.mx\/trump-dice-que-eu-arraso-blancos-militares-en-isla-de-jark-puerta-de-salida-del-crudo-irani\/#primaryimage\"},\"thumbnailUrl\":\"https:\/\/www.sonoraenequipo.com.mx\/storage\/2026\/03\/isla-de-Jark-en-Iran-atacada-por-EUA.jpg\",\"articleSection\":[\"MUNDO\"],\"inLanguage\":\"es\",\"potentialAction\":[{\"@type\":\"CommentAction\",\"name\":\"Comment\",\"target\":[\"https:\/\/www.sonoraenequipo.com.mx\/trump-dice-que-eu-arraso-blancos-militares-en-isla-de-jark-puerta-de-salida-del-crudo-irani\/#respond\"]}]},{\"@type\":\"WebPage\",\"@id\":\"https:\/\/www.sonoraenequipo.com.mx\/trump-dice-que-eu-arraso-blancos-militares-en-isla-de-jark-puerta-de-salida-del-crudo-irani\/\",\"url\":\"https:\/\/www.sonoraenequipo.com.mx\/trump-dice-que-eu-arraso-blancos-militares-en-isla-de-jark-puerta-de-salida-del-crudo-irani\/\",\"name\":\"Sonora en Equipo. Trump dice que EU \\\"arras\u00f3\\\" blancos militares en isla de Jark, puerta de salida del crudo iran\u00ed MUNDO\",\"isPartOf\":{\"@id\":\"https:\/\/www.sonoraenequipo.com.mx\/#website\"},\"primaryImageOfPage\":{\"@id\":\"https:\/\/www.sonoraenequipo.com.mx\/trump-dice-que-eu-arraso-blancos-militares-en-isla-de-jark-puerta-de-salida-del-crudo-irani\/#primaryimage\"},\"image\":{\"@id\":\"https:\/\/www.sonoraenequipo.com.mx\/trump-dice-que-eu-arraso-blancos-militares-en-isla-de-jark-puerta-de-salida-del-crudo-irani\/#primaryimage\"},\"thumbnailUrl\":\"https:\/\/www.sonoraenequipo.com.mx\/storage\/2026\/03\/isla-de-Jark-en-Iran-atacada-por-EUA.jpg\",\"datePublished\":\"2026-03-14T05:26:05+00:00\",\"description\":\"ESTADOS UNIDOS DEL NORTE DE AM\u00c9RICA. \u2014 El presidente de Estados Unidos, Donald Trump, ha asegurado este viernes que el ej\u00e9rcito estadunidense ha efectuado En Sonora en Equipo publicamos toda la informaci\u00f3n de Sonora, M\u00e9xico y el Mundo de manera oportuna y busca que la libertad de expresi\u00f3n sea real. Visita nuestro medio informativo publicado desde Hermosillo, Sonora. %\",\"breadcrumb\":{\"@id\":\"https:\/\/www.sonoraenequipo.com.mx\/trump-dice-que-eu-arraso-blancos-militares-en-isla-de-jark-puerta-de-salida-del-crudo-irani\/#breadcrumb\"},\"inLanguage\":\"es\",\"potentialAction\":[{\"@type\":\"ReadAction\",\"target\":[\"https:\/\/www.sonoraenequipo.com.mx\/trump-dice-que-eu-arraso-blancos-militares-en-isla-de-jark-puerta-de-salida-del-crudo-irani\/\"]}]},{\"@type\":\"ImageObject\",\"inLanguage\":\"es\",\"@id\":\"https:\/\/www.sonoraenequipo.com.mx\/trump-dice-que-eu-arraso-blancos-militares-en-isla-de-jark-puerta-de-salida-del-crudo-irani\/#primaryimage\",\"url\":\"https:\/\/www.sonoraenequipo.com.mx\/storage\/2026\/03\/isla-de-Jark-en-Iran-atacada-por-EUA.jpg\",\"contentUrl\":\"https:\/\/www.sonoraenequipo.com.mx\/storage\/2026\/03\/isla-de-Jark-en-Iran-atacada-por-EUA.jpg\",\"width\":1200,\"height\":800},{\"@type\":\"BreadcrumbList\",\"@id\":\"https:\/\/www.sonoraenequipo.com.mx\/trump-dice-que-eu-arraso-blancos-militares-en-isla-de-jark-puerta-de-salida-del-crudo-irani\/#breadcrumb\",\"itemListElement\":[{\"@type\":\"ListItem\",\"position\":1,\"name\":\"Portada\",\"item\":\"https:\/\/www.sonoraenequipo.com.mx\/\"},{\"@type\":\"ListItem\",\"position\":2,\"name\":\"Trump dice que EU \u00abarras\u00f3\u00bb blancos militares en isla de Jark, puerta de salida del crudo iran\u00ed\"}]},{\"@type\":\"WebSite\",\"@id\":\"https:\/\/www.sonoraenequipo.com.mx\/#website\",\"url\":\"https:\/\/www.sonoraenequipo.com.mx\/\",\"name\":\"Sonora en Equipo.\",\"description\":\"Diario en l\u00ednea con Noticias desde Hermosillo, Sonora\",\"publisher\":{\"@id\":\"https:\/\/www.sonoraenequipo.com.mx\/#organization\"},\"potentialAction\":[{\"@type\":\"SearchAction\",\"target\":{\"@type\":\"EntryPoint\",\"urlTemplate\":\"https:\/\/www.sonoraenequipo.com.mx\/?s={search_term_string}\"},\"query-input\":{\"@type\":\"PropertyValueSpecification\",\"valueRequired\":true,\"valueName\":\"search_term_string\"}}],\"inLanguage\":\"es\"},{\"@type\":\"Organization\",\"@id\":\"https:\/\/www.sonoraenequipo.com.mx\/#organization\",\"name\":\"Sonoraenequipo.com.mx\",\"url\":\"https:\/\/www.sonoraenequipo.com.mx\/\",\"logo\":{\"@type\":\"ImageObject\",\"inLanguage\":\"es\",\"@id\":\"https:\/\/www.sonoraenequipo.com.mx\/#\/schema\/logo\/image\/\",\"url\":\"https:\/\/www.sonoraenequipo.com.mx\/storage\/2019\/01\/sonoraenequipo_opt.png\",\"contentUrl\":\"https:\/\/www.sonoraenequipo.com.mx\/storage\/2019\/01\/sonoraenequipo_opt.png\",\"width\":375,\"height\":125,\"caption\":\"Sonoraenequipo.com.mx\"},\"image\":{\"@id\":\"https:\/\/www.sonoraenequipo.com.mx\/#\/schema\/logo\/image\/\"},\"sameAs\":[\"https:\/\/www.facebook.com\/SonoraEE\/\",\"https:\/\/x.com\/sonoraenequipo\",\"https:\/\/www.youtube.com\/channel\/UC338nW-lPEYmJQs4ZABQ1SQ\"]},{\"@type\":\"Person\",\"@id\":\"https:\/\/www.sonoraenequipo.com.mx\/#\/schema\/person\/50102df0fb23a8fa9e8effad8fa81386\",\"name\":\"enequipo\",\"image\":{\"@type\":\"ImageObject\",\"inLanguage\":\"es\",\"@id\":\"https:\/\/www.sonoraenequipo.com.mx\/#\/schema\/person\/image\/\",\"url\":\"https:\/\/secure.gravatar.com\/avatar\/049821681b589dabc0bc20695993ccebb09f5b5d4d790cd9251b97faac7c652b?s=96&d=blank&r=g\",\"contentUrl\":\"https:\/\/secure.gravatar.com\/avatar\/049821681b589dabc0bc20695993ccebb09f5b5d4d790cd9251b97faac7c652b?s=96&d=blank&r=g\",\"caption\":\"enequipo\"},\"sameAs\":[\"https:\/\/www.facebook.com\/SonoraEE\"]}]}<\/script>\n ","yoast_head_json":{"title":"Sonora en Equipo. Trump dice que EU \"arras\u00f3\" blancos militares en isla de Jark, puerta de salida del crudo iran\u00ed MUNDO","description":"ESTADOS UNIDOS DEL NORTE DE AM\u00c9RICA. \u2014 El presidente de Estados Unidos, Donald Trump, ha asegurado este viernes que el ej\u00e9rcito estadunidense ha efectuado En Sonora en Equipo publicamos toda la informaci\u00f3n de Sonora, M\u00e9xico y el Mundo de manera oportuna y busca que la libertad de expresi\u00f3n sea real. Visita nuestro medio informativo publicado desde Hermosillo, Sonora. %","robots":{"index":"index","follow":"follow","max-snippet":"max-snippet:-1","max-image-preview":"max-image-preview:large","max-video-preview":"max-video-preview:-1"},"canonical":"https:\/\/www.sonoraenequipo.com.mx\/trump-dice-que-eu-arraso-blancos-militares-en-isla-de-jark-puerta-de-salida-del-crudo-irani\/","og_locale":"es_ES","og_type":"article","og_title":"Sonora en Equipo. Trump dice que EU \"arras\u00f3\" blancos militares en isla de Jark, puerta de salida del crudo iran\u00ed MUNDO","og_description":"ESTADOS UNIDOS DEL NORTE DE AM\u00c9RICA. \u2014 El presidente de Estados Unidos, Donald Trump, ha asegurado este viernes que el ej\u00e9rcito estadunidense ha efectuado En Sonora en Equipo publicamos toda la informaci\u00f3n de Sonora, M\u00e9xico y el Mundo de manera oportuna y busca que la libertad de expresi\u00f3n sea real. Visita nuestro medio informativo publicado desde Hermosillo, Sonora. %","og_url":"https:\/\/www.sonoraenequipo.com.mx\/trump-dice-que-eu-arraso-blancos-militares-en-isla-de-jark-puerta-de-salida-del-crudo-irani\/","og_site_name":"Sonora en Equipo.","article_publisher":"https:\/\/www.facebook.com\/SonoraEE\/","article_author":"https:\/\/www.facebook.com\/SonoraEE","article_published_time":"2026-03-14T05:26:05+00:00","og_image":[{"width":1200,"height":800,"url":"https:\/\/www.sonoraenequipo.com.mx\/storage\/2026\/03\/isla-de-Jark-en-Iran-atacada-por-EUA.jpg","type":"image\/jpeg"}],"author":"enequipo","twitter_card":"summary_large_image","twitter_creator":"@sonoraenequipo","twitter_site":"@sonoraenequipo","twitter_misc":{"Escrito por":"enequipo","Tiempo de lectura":"1 minuto"},"schema":{"@context":"https:\/\/schema.org","@graph":[{"@type":"Article","@id":"https:\/\/www.sonoraenequipo.com.mx\/trump-dice-que-eu-arraso-blancos-militares-en-isla-de-jark-puerta-de-salida-del-crudo-irani\/#article","isPartOf":{"@id":"https:\/\/www.sonoraenequipo.com.mx\/trump-dice-que-eu-arraso-blancos-militares-en-isla-de-jark-puerta-de-salida-del-crudo-irani\/"},"author":{"name":"enequipo","@id":"https:\/\/www.sonoraenequipo.com.mx\/#\/schema\/person\/50102df0fb23a8fa9e8effad8fa81386"},"headline":"Trump dice que EU \u00abarras\u00f3\u00bb blancos militares en isla de Jark, puerta de salida del crudo iran\u00ed","datePublished":"2026-03-14T05:26:05+00:00","mainEntityOfPage":{"@id":"https:\/\/www.sonoraenequipo.com.mx\/trump-dice-que-eu-arraso-blancos-militares-en-isla-de-jark-puerta-de-salida-del-crudo-irani\/"},"wordCount":201,"commentCount":0,"publisher":{"@id":"https:\/\/www.sonoraenequipo.com.mx\/#organization"},"image":{"@id":"https:\/\/www.sonoraenequipo.com.mx\/trump-dice-que-eu-arraso-blancos-militares-en-isla-de-jark-puerta-de-salida-del-crudo-irani\/#primaryimage"},"thumbnailUrl":"https:\/\/www.sonoraenequipo.com.mx\/storage\/2026\/03\/isla-de-Jark-en-Iran-atacada-por-EUA.jpg","articleSection":["MUNDO"],"inLanguage":"es","potentialAction":[{"@type":"CommentAction","name":"Comment","target":["https:\/\/www.sonoraenequipo.com.mx\/trump-dice-que-eu-arraso-blancos-militares-en-isla-de-jark-puerta-de-salida-del-crudo-irani\/#respond"]}]},{"@type":"WebPage","@id":"https:\/\/www.sonoraenequipo.com.mx\/trump-dice-que-eu-arraso-blancos-militares-en-isla-de-jark-puerta-de-salida-del-crudo-irani\/","url":"https:\/\/www.sonoraenequipo.com.mx\/trump-dice-que-eu-arraso-blancos-militares-en-isla-de-jark-puerta-de-salida-del-crudo-irani\/","name":"Sonora en Equipo. Trump dice que EU \"arras\u00f3\" blancos militares en isla de Jark, puerta de salida del crudo iran\u00ed MUNDO","isPartOf":{"@id":"https:\/\/www.sonoraenequipo.com.mx\/#website"},"primaryImageOfPage":{"@id":"https:\/\/www.sonoraenequipo.com.mx\/trump-dice-que-eu-arraso-blancos-militares-en-isla-de-jark-puerta-de-salida-del-crudo-irani\/#primaryimage"},"image":{"@id":"https:\/\/www.sonoraenequipo.com.mx\/trump-dice-que-eu-arraso-blancos-militares-en-isla-de-jark-puerta-de-salida-del-crudo-irani\/#primaryimage"},"thumbnailUrl":"https:\/\/www.sonoraenequipo.com.mx\/storage\/2026\/03\/isla-de-Jark-en-Iran-atacada-por-EUA.jpg","datePublished":"2026-03-14T05:26:05+00:00","description":"ESTADOS UNIDOS DEL NORTE DE AM\u00c9RICA. \u2014 El presidente de Estados Unidos, Donald Trump, ha asegurado este viernes que el ej\u00e9rcito estadunidense ha efectuado En Sonora en Equipo publicamos toda la informaci\u00f3n de Sonora, M\u00e9xico y el Mundo de manera oportuna y busca que la libertad de expresi\u00f3n sea real. Visita nuestro medio informativo publicado desde Hermosillo, Sonora. %","breadcrumb":{"@id":"https:\/\/www.sonoraenequipo.com.mx\/trump-dice-que-eu-arraso-blancos-militares-en-isla-de-jark-puerta-de-salida-del-crudo-irani\/#breadcrumb"},"inLanguage":"es","potentialAction":[{"@type":"ReadAction","target":["https:\/\/www.sonoraenequipo.com.mx\/trump-dice-que-eu-arraso-blancos-militares-en-isla-de-jark-puerta-de-salida-del-crudo-irani\/"]}]},{"@type":"ImageObject","inLanguage":"es","@id":"https:\/\/www.sonoraenequipo.com.mx\/trump-dice-que-eu-arraso-blancos-militares-en-isla-de-jark-puerta-de-salida-del-crudo-irani\/#primaryimage","url":"https:\/\/www.sonoraenequipo.com.mx\/storage\/2026\/03\/isla-de-Jark-en-Iran-atacada-por-EUA.jpg","contentUrl":"https:\/\/www.sonoraenequipo.com.mx\/storage\/2026\/03\/isla-de-Jark-en-Iran-atacada-por-EUA.jpg","width":1200,"height":800},{"@type":"BreadcrumbList","@id":"https:\/\/www.sonoraenequipo.com.mx\/trump-dice-que-eu-arraso-blancos-militares-en-isla-de-jark-puerta-de-salida-del-crudo-irani\/#breadcrumb","itemListElement":[{"@type":"ListItem","position":1,"name":"Portada","item":"https:\/\/www.sonoraenequipo.com.mx\/"},{"@type":"ListItem","position":2,"name":"Trump dice que EU \u00abarras\u00f3\u00bb blancos militares en isla de Jark, puerta de salida del crudo iran\u00ed"}]},{"@type":"WebSite","@id":"https:\/\/www.sonoraenequipo.com.mx\/#website","url":"https:\/\/www.sonoraenequipo.com.mx\/","name":"Sonora en Equipo.","description":"Diario en l\u00ednea con Noticias desde Hermosillo, Sonora","publisher":{"@id":"https:\/\/www.sonoraenequipo.com.mx\/#organization"},"potentialAction":[{"@type":"SearchAction","target":{"@type":"EntryPoint","urlTemplate":"https:\/\/www.sonoraenequipo.com.mx\/?s={search_term_string}"},"query-input":{"@type":"PropertyValueSpecification","valueRequired":true,"valueName":"search_term_string"}}],"inLanguage":"es"},{"@type":"Organization","@id":"https:\/\/www.sonoraenequipo.com.mx\/#organization","name":"Sonoraenequipo.com.mx","url":"https:\/\/www.sonoraenequipo.com.mx\/","logo":{"@type":"ImageObject","inLanguage":"es","@id":"https:\/\/www.sonoraenequipo.com.mx\/#\/schema\/logo\/image\/","url":"https:\/\/www.sonoraenequipo.com.mx\/storage\/2019\/01\/sonoraenequipo_opt.png","contentUrl":"https:\/\/www.sonoraenequipo.com.mx\/storage\/2019\/01\/sonoraenequipo_opt.png","width":375,"height":125,"caption":"Sonoraenequipo.com.mx"},"image":{"@id":"https:\/\/www.sonoraenequipo.com.mx\/#\/schema\/logo\/image\/"},"sameAs":["https:\/\/www.facebook.com\/SonoraEE\/","https:\/\/x.com\/sonoraenequipo","https:\/\/www.youtube.com\/channel\/UC338nW-lPEYmJQs4ZABQ1SQ"]},{"@type":"Person","@id":"https:\/\/www.sonoraenequipo.com.mx\/#\/schema\/person\/50102df0fb23a8fa9e8effad8fa81386","name":"enequipo","image":{"@type":"ImageObject","inLanguage":"es","@id":"https:\/\/www.sonoraenequipo.com.mx\/#\/schema\/person\/image\/","url":"https:\/\/secure.gravatar.com\/avatar\/049821681b589dabc0bc20695993ccebb09f5b5d4d790cd9251b97faac7c652b?s=96&d=blank&r=g","contentUrl":"https:\/\/secure.gravatar.com\/avatar\/049821681b589dabc0bc20695993ccebb09f5b5d4d790cd9251b97faac7c652b?s=96&d=blank&r=g","caption":"enequipo"},"sameAs":["https:\/\/www.facebook.com\/SonoraEE"]}]}},"jetpack_featured_media_url":"https:\/\/www.sonoraenequipo.com.mx\/storage\/2026\/03\/isla-de-Jark-en-Iran-atacada-por-EUA.jpg","_links":{"self":[{"href":"https:\/\/www.sonoraenequipo.com.mx\/api\/wp\/v2\/posts\/237428","targetHints":{"allow":["GET"]}}],"collection":[{"href":"https:\/\/www.sonoraenequipo.com.mx\/api\/wp\/v2\/posts"}],"about":[{"href":"https:\/\/www.sonoraenequipo.com.mx\/api\/wp\/v2\/types\/post"}],"author":[{"embeddable":true,"href":"https:\/\/www.sonoraenequipo.com.mx\/api\/wp\/v2\/users\/1"}],"replies":[{"embeddable":true,"href":"https:\/\/www.sonoraenequipo.com.mx\/api\/wp\/v2\/comments?post=237428"}],"version-history":[{"count":1,"href":"https:\/\/www.sonoraenequipo.com.mx\/api\/wp\/v2\/posts\/237428\/revisions"}],"predecessor-version":[{"id":237429,"href":"https:\/\/www.sonoraenequipo.com.mx\/api\/wp\/v2\/posts\/237428\/revisions\/237429"}],"wp:featuredmedia":[{"embeddable":true,"href":"https:\/\/www.sonoraenequipo.com.mx\/api\/wp\/v2\/media\/237422"}],"wp:attachment":[{"href":"https:\/\/www.sonoraenequipo.com.mx\/api\/wp\/v2\/media?parent=237428"}],"wp:term":[{"taxonomy":"category","embeddable":true,"href":"https:\/\/www.sonoraenequipo.com.mx\/api\/wp\/v2\/categories?post=237428"},{"taxonomy":"post_tag","embeddable":true,"href":"https:\/\/www.sonoraenequipo.com.mx\/api\/wp\/v2\/tags?post=237428"}],"curies":[{"name":"wp","href":"https:\/\/api.w.org\/{rel}","templated":true}]}}