{"id":237435,"date":"2026-03-14T11:30:39","date_gmt":"2026-03-14T18:30:39","guid":{"rendered":"https:\/\/www.sonoraenequipo.com.mx\/?p=237435"},"modified":"2026-03-14T11:30:39","modified_gmt":"2026-03-14T18:30:39","slug":"capturan-a-presuntos-responsables-de-triple-homicidio-en-cajeme","status":"publish","type":"post","link":"https:\/\/www.sonoraenequipo.com.mx\/capturan-a-presuntos-responsables-de-triple-homicidio-en-cajeme\/","title":{"rendered":"Capturan a presuntos responsables de triple homicidio en Cajeme"},"content":{"rendered":"<p><strong>CAJEME, SONORA, MX. \u2014<\/strong> A ra\u00edz del triple homicidio registrado el domingo 8 de marzo de 2026 en Ciudad Obreg\u00f3n, Sonora, donde fueron ejecutados dos hombres y una mujer, las autoridades iniciaron labores de investigaci\u00f3n y vigilancia.<\/p>\n<p>&nbsp;<\/p>\n<p>Las v\u00edctimas, identificadas como miembros de un grupo delictivo, y a quienes se les encontraron tres fusiles de asalto AK-47 y una pistola semiautom\u00e1tica, fueron atacadas con armas de fuego por integrantes de una organizaci\u00f3n criminal rival que utilizaron una camioneta Toyota Tacoma de color negro.<\/p>\n<p>&nbsp;<\/p>\n<p>Tras labores de investigaci\u00f3n de gabinete y de campo, fue posible ubicar el veh\u00edculo en un domicilio de la colonia San Juan Capistrano, en Ciudad Obreg\u00f3n.<\/p>\n<p>&nbsp;<\/p>\n<p>El jueves 12 de marzo, mientras en el domicilio se realizaba vigilancia a\u00e9rea con un dron, una persona armada sali\u00f3 del inmueble y, al percatarse de la presencia policial, regres\u00f3 al domicilio e inici\u00f3 una agresi\u00f3n con un fusil de asalto en contra de los agentes investigadores.<\/p>\n<p>&nbsp;<\/p>\n<p>Ante esto, se activ\u00f3 el C\u00f3digo Rojo y arribaron de inmediato al sitio elementos de la Polic\u00eda Estatal de Seguridad P\u00fablica, as\u00ed como personal de la Secretar\u00eda de la Defensa Nacional.<\/p>\n<p>&nbsp;<\/p>\n<p>Tras repeler la agresi\u00f3n y someter a los involucrados, se logr\u00f3 la detenci\u00f3n en flagrancia de cuatro sujetos, cabe se\u00f1alar que a pesar de la violencia con que actuaron los delincuentes no hubo p\u00e9rdidas humanas que lamentar, ni personas lesionadas.<\/p>\n<p>&nbsp;<\/p>\n<p>Todos los detenidos fueron identificados como integrantes de un grupo delictivo rival al de sus v\u00edctimas del 8 de marzo.<\/p>\n<p>&nbsp;<\/p>\n<p>Esa misma noche, al ejecutar una orden de cateo en el domicilio intervenido, las autoridades aseguraron la camioneta Toyota Tacoma vinculada al triple homicidio, tres fusiles AK-47, un fusil AR-15, una pistola Beretta calibre 9 mm y una ametralladora Browning M1919 calibre .30 alimentada por cinta.<\/p>\n<p>&nbsp;<\/p>\n<p>Adem\u00e1s del armamento, se incautaron nueve cargadores para arma larga y m\u00e1s de 900 cartuchos de diversos calibres (incluyendo 164 casquillos percutidos), as\u00ed como 185 envoltorios de droga conocida como cristal y otras sustancias; as\u00ed mismo se aseguraron 09 tel\u00e9fonos celulares, varios de ellos destruidos por los sujetos al verse rodeados, con la clara intenci\u00f3n de eliminar evidencia de sus actividades.<\/p>\n<p>&nbsp;<\/p>\n<p>De manera reveladora, en el interior de la casa tambi\u00e9n se incaut\u00f3 ropa t\u00e1ctica color verde, botas y una libreta que conten\u00eda anotaciones para un guion el cual obligaban a leer, bajo amenazas, a las personas que ten\u00edan privadas de su libertad, tortur\u00e1ndolas para despu\u00e9s ejecutarlas, con la finalidad de grabar y producir videos y posteriormente difundirlos en p\u00e1ginas operadas por la organizaci\u00f3n criminal en redes sociales.<\/p>\n<p>&nbsp;<\/p>\n<p>El an\u00e1lisis de la evidencia confirm\u00f3 una clara similitud entre la vestimenta, las armas y el entorno encontrados en la casa con los elementos que aparecen en videos difundidos.<\/p>\n<p>&nbsp;<\/p>\n<p>Acciones como la que se describe se refleja en que del 13 de febrero al 9 de marzo de 2026, espec\u00edficamente en Cajeme, se advierte un incremento del 27% en las capturas de criminales responsables de homicidios, feminicidios y desaparici\u00f3n de personas cometidas por particulares<\/p>\n<p>&nbsp;<\/p>\n<p>Lo que se traduce en una marcada tendencia a la baja en lo referente a homicidio dolosos, pues de Junio de 2025 a febrero de 2026, se presenta una reducci\u00f3n del 37% de este delito en el municipio de Cajeme.<\/p>\n<p>&nbsp;<\/p>\n<p>Con este golpe al crimen organizado, las instituciones que integran el Gabinete de Seguridad dejan de manifiesto una pol\u00edtica criminal firme y decidida, con apego a derecho, as\u00ed como la coordinaci\u00f3n interinstitucional que existe entre todas las instituciones que forman parte del Gabinete de Seguridad de Sonora.<\/p>\n<p>&nbsp;<\/p>\n<p>Con trabajo coordinado, el intercambio de productos de inteligencia entre las instituciones de los tres niveles de gobierno y la firme convicci\u00f3n de garantizar la seguridad y la paz social, el Gabinete de Seguridad trabaja para los sonorenses.<\/p>\n<p>&nbsp;<\/p>\n<p>Se seguir\u00e1 informando conforme lo permitan los tiempos procesales, indic\u00f3 la Fiscal\u00eda.<\/p>\n<p><strong>Fecha de publicaci\u00f3n s\u00e1bado 14 de marzo de 2026<\/strong><\/p>\n","protected":false},"excerpt":{"rendered":"<p>CAJEME, SONORA, MX. \u2014 A ra\u00edz del triple homicidio registrado el domingo 8 de marzo&#8230;<\/p>\n","protected":false},"author":1,"featured_media":237436,"comment_status":"open","ping_status":"open","sticky":false,"template":"","format":"standard","meta":{"_monsterinsights_skip_tracking":false,"_monsterinsights_sitenote_active":false,"_monsterinsights_sitenote_note":"","_monsterinsights_sitenote_category":0,"footnotes":""},"categories":[3144],"tags":[12473],"class_list":["post"],"yoast_head":" \n<title>Sonora en Equipo. Capturan a presuntos responsables de triple homicidio en Cajeme Polic\u00edaca<\/title>\n<meta name=\"description\" content=\"CAJEME, SONORA, MX. \u2014 A ra\u00edz del triple homicidio registrado el domingo 8 de marzo de 2026 en Ciudad Obreg\u00f3n, Sonora, donde fueron ejecutados dos hombres En Sonora en Equipo publicamos toda la informaci\u00f3n de Sonora, M\u00e9xico y el Mundo de manera oportuna y busca que la libertad de expresi\u00f3n sea real. Visita nuestro medio informativo publicado desde Hermosillo, Sonora. %\" \/>\n<meta name=\"robots\" content=\"index, follow, max-snippet:-1, max-image-preview:large, max-video-preview:-1\" \/>\n<link rel=\"canonical\" href=\"https:\/\/www.sonoraenequipo.com.mx\/capturan-a-presuntos-responsables-de-triple-homicidio-en-cajeme\/\" \/>\n<meta property=\"og:locale\" content=\"es_ES\" \/>\n<meta property=\"og:type\" content=\"article\" \/>\n<meta property=\"og:title\" content=\"Sonora en Equipo. Capturan a presuntos responsables de triple homicidio en Cajeme Polic\u00edaca\" \/>\n<meta property=\"og:description\" content=\"CAJEME, SONORA, MX. \u2014 A ra\u00edz del triple homicidio registrado el domingo 8 de marzo de 2026 en Ciudad Obreg\u00f3n, Sonora, donde fueron ejecutados dos hombres En Sonora en Equipo publicamos toda la informaci\u00f3n de Sonora, M\u00e9xico y el Mundo de manera oportuna y busca que la libertad de expresi\u00f3n sea real. Visita nuestro medio informativo publicado desde Hermosillo, Sonora. %\" \/>\n<meta property=\"og:url\" content=\"https:\/\/www.sonoraenequipo.com.mx\/capturan-a-presuntos-responsables-de-triple-homicidio-en-cajeme\/\" \/>\n<meta property=\"og:site_name\" content=\"Sonora en Equipo.\" \/>\n<meta property=\"article:publisher\" content=\"https:\/\/www.facebook.com\/SonoraEE\/\" \/>\n<meta property=\"article:author\" content=\"https:\/\/www.facebook.com\/SonoraEE\" \/>\n<meta property=\"article:published_time\" content=\"2026-03-14T18:30:39+00:00\" \/>\n<meta property=\"og:image\" content=\"https:\/\/www.sonoraenequipo.com.mx\/storage\/2026\/03\/triple-homicidio.jpg\" \/>\n\t<meta property=\"og:image:width\" content=\"600\" \/>\n\t<meta property=\"og:image:height\" content=\"400\" \/>\n\t<meta property=\"og:image:type\" content=\"image\/jpeg\" \/>\n<meta name=\"author\" content=\"enequipo\" \/>\n<meta name=\"twitter:card\" content=\"summary_large_image\" \/>\n<meta name=\"twitter:creator\" content=\"@sonoraenequipo\" \/>\n<meta name=\"twitter:site\" content=\"@sonoraenequipo\" \/>\n<meta name=\"twitter:label1\" content=\"Escrito por\" \/>\n\t<meta name=\"twitter:data1\" content=\"enequipo\" \/>\n\t<meta name=\"twitter:label2\" content=\"Tiempo de lectura\" \/>\n\t<meta name=\"twitter:data2\" content=\"3 minutos\" \/>\n<script type=\"application\/ld+json\" class=\"yoast-schema-graph\">{\"@context\":\"https:\/\/schema.org\",\"@graph\":[{\"@type\":\"Article\",\"@id\":\"https:\/\/www.sonoraenequipo.com.mx\/capturan-a-presuntos-responsables-de-triple-homicidio-en-cajeme\/#article\",\"isPartOf\":{\"@id\":\"https:\/\/www.sonoraenequipo.com.mx\/capturan-a-presuntos-responsables-de-triple-homicidio-en-cajeme\/\"},\"author\":{\"name\":\"enequipo\",\"@id\":\"https:\/\/www.sonoraenequipo.com.mx\/#\/schema\/person\/50102df0fb23a8fa9e8effad8fa81386\"},\"headline\":\"Capturan a presuntos responsables de triple homicidio en Cajeme\",\"datePublished\":\"2026-03-14T18:30:39+00:00\",\"mainEntityOfPage\":{\"@id\":\"https:\/\/www.sonoraenequipo.com.mx\/capturan-a-presuntos-responsables-de-triple-homicidio-en-cajeme\/\"},\"wordCount\":687,\"commentCount\":0,\"publisher\":{\"@id\":\"https:\/\/www.sonoraenequipo.com.mx\/#organization\"},\"image\":{\"@id\":\"https:\/\/www.sonoraenequipo.com.mx\/capturan-a-presuntos-responsables-de-triple-homicidio-en-cajeme\/#primaryimage\"},\"thumbnailUrl\":\"https:\/\/www.sonoraenequipo.com.mx\/storage\/2026\/03\/triple-homicidio.jpg\",\"keywords\":[\"operativo coordinado\"],\"articleSection\":[\"Polic\u00edaca\"],\"inLanguage\":\"es\",\"potentialAction\":[{\"@type\":\"CommentAction\",\"name\":\"Comment\",\"target\":[\"https:\/\/www.sonoraenequipo.com.mx\/capturan-a-presuntos-responsables-de-triple-homicidio-en-cajeme\/#respond\"]}]},{\"@type\":\"WebPage\",\"@id\":\"https:\/\/www.sonoraenequipo.com.mx\/capturan-a-presuntos-responsables-de-triple-homicidio-en-cajeme\/\",\"url\":\"https:\/\/www.sonoraenequipo.com.mx\/capturan-a-presuntos-responsables-de-triple-homicidio-en-cajeme\/\",\"name\":\"Sonora en Equipo. Capturan a presuntos responsables de triple homicidio en Cajeme Polic\u00edaca\",\"isPartOf\":{\"@id\":\"https:\/\/www.sonoraenequipo.com.mx\/#website\"},\"primaryImageOfPage\":{\"@id\":\"https:\/\/www.sonoraenequipo.com.mx\/capturan-a-presuntos-responsables-de-triple-homicidio-en-cajeme\/#primaryimage\"},\"image\":{\"@id\":\"https:\/\/www.sonoraenequipo.com.mx\/capturan-a-presuntos-responsables-de-triple-homicidio-en-cajeme\/#primaryimage\"},\"thumbnailUrl\":\"https:\/\/www.sonoraenequipo.com.mx\/storage\/2026\/03\/triple-homicidio.jpg\",\"datePublished\":\"2026-03-14T18:30:39+00:00\",\"description\":\"CAJEME, SONORA, MX. \u2014 A ra\u00edz del triple homicidio registrado el domingo 8 de marzo de 2026 en Ciudad Obreg\u00f3n, Sonora, donde fueron ejecutados dos hombres En Sonora en Equipo publicamos toda la informaci\u00f3n de Sonora, M\u00e9xico y el Mundo de manera oportuna y busca que la libertad de expresi\u00f3n sea real. Visita nuestro medio informativo publicado desde Hermosillo, Sonora. %\",\"breadcrumb\":{\"@id\":\"https:\/\/www.sonoraenequipo.com.mx\/capturan-a-presuntos-responsables-de-triple-homicidio-en-cajeme\/#breadcrumb\"},\"inLanguage\":\"es\",\"potentialAction\":[{\"@type\":\"ReadAction\",\"target\":[\"https:\/\/www.sonoraenequipo.com.mx\/capturan-a-presuntos-responsables-de-triple-homicidio-en-cajeme\/\"]}]},{\"@type\":\"ImageObject\",\"inLanguage\":\"es\",\"@id\":\"https:\/\/www.sonoraenequipo.com.mx\/capturan-a-presuntos-responsables-de-triple-homicidio-en-cajeme\/#primaryimage\",\"url\":\"https:\/\/www.sonoraenequipo.com.mx\/storage\/2026\/03\/triple-homicidio.jpg\",\"contentUrl\":\"https:\/\/www.sonoraenequipo.com.mx\/storage\/2026\/03\/triple-homicidio.jpg\",\"width\":600,\"height\":400},{\"@type\":\"BreadcrumbList\",\"@id\":\"https:\/\/www.sonoraenequipo.com.mx\/capturan-a-presuntos-responsables-de-triple-homicidio-en-cajeme\/#breadcrumb\",\"itemListElement\":[{\"@type\":\"ListItem\",\"position\":1,\"name\":\"Portada\",\"item\":\"https:\/\/www.sonoraenequipo.com.mx\/\"},{\"@type\":\"ListItem\",\"position\":2,\"name\":\"Capturan a presuntos responsables de triple homicidio en Cajeme\"}]},{\"@type\":\"WebSite\",\"@id\":\"https:\/\/www.sonoraenequipo.com.mx\/#website\",\"url\":\"https:\/\/www.sonoraenequipo.com.mx\/\",\"name\":\"Sonora en Equipo.\",\"description\":\"Diario en l\u00ednea con Noticias desde Hermosillo, Sonora\",\"publisher\":{\"@id\":\"https:\/\/www.sonoraenequipo.com.mx\/#organization\"},\"potentialAction\":[{\"@type\":\"SearchAction\",\"target\":{\"@type\":\"EntryPoint\",\"urlTemplate\":\"https:\/\/www.sonoraenequipo.com.mx\/?s={search_term_string}\"},\"query-input\":{\"@type\":\"PropertyValueSpecification\",\"valueRequired\":true,\"valueName\":\"search_term_string\"}}],\"inLanguage\":\"es\"},{\"@type\":\"Organization\",\"@id\":\"https:\/\/www.sonoraenequipo.com.mx\/#organization\",\"name\":\"Sonoraenequipo.com.mx\",\"url\":\"https:\/\/www.sonoraenequipo.com.mx\/\",\"logo\":{\"@type\":\"ImageObject\",\"inLanguage\":\"es\",\"@id\":\"https:\/\/www.sonoraenequipo.com.mx\/#\/schema\/logo\/image\/\",\"url\":\"https:\/\/www.sonoraenequipo.com.mx\/storage\/2019\/01\/sonoraenequipo_opt.png\",\"contentUrl\":\"https:\/\/www.sonoraenequipo.com.mx\/storage\/2019\/01\/sonoraenequipo_opt.png\",\"width\":375,\"height\":125,\"caption\":\"Sonoraenequipo.com.mx\"},\"image\":{\"@id\":\"https:\/\/www.sonoraenequipo.com.mx\/#\/schema\/logo\/image\/\"},\"sameAs\":[\"https:\/\/www.facebook.com\/SonoraEE\/\",\"https:\/\/x.com\/sonoraenequipo\",\"https:\/\/www.youtube.com\/channel\/UC338nW-lPEYmJQs4ZABQ1SQ\"]},{\"@type\":\"Person\",\"@id\":\"https:\/\/www.sonoraenequipo.com.mx\/#\/schema\/person\/50102df0fb23a8fa9e8effad8fa81386\",\"name\":\"enequipo\",\"image\":{\"@type\":\"ImageObject\",\"inLanguage\":\"es\",\"@id\":\"https:\/\/www.sonoraenequipo.com.mx\/#\/schema\/person\/image\/\",\"url\":\"https:\/\/secure.gravatar.com\/avatar\/049821681b589dabc0bc20695993ccebb09f5b5d4d790cd9251b97faac7c652b?s=96&d=blank&r=g\",\"contentUrl\":\"https:\/\/secure.gravatar.com\/avatar\/049821681b589dabc0bc20695993ccebb09f5b5d4d790cd9251b97faac7c652b?s=96&d=blank&r=g\",\"caption\":\"enequipo\"},\"sameAs\":[\"https:\/\/www.facebook.com\/SonoraEE\"]}]}<\/script>\n ","yoast_head_json":{"title":"Sonora en Equipo. Capturan a presuntos responsables de triple homicidio en Cajeme Polic\u00edaca","description":"CAJEME, SONORA, MX. \u2014 A ra\u00edz del triple homicidio registrado el domingo 8 de marzo de 2026 en Ciudad Obreg\u00f3n, Sonora, donde fueron ejecutados dos hombres En Sonora en Equipo publicamos toda la informaci\u00f3n de Sonora, M\u00e9xico y el Mundo de manera oportuna y busca que la libertad de expresi\u00f3n sea real. Visita nuestro medio informativo publicado desde Hermosillo, Sonora. %","robots":{"index":"index","follow":"follow","max-snippet":"max-snippet:-1","max-image-preview":"max-image-preview:large","max-video-preview":"max-video-preview:-1"},"canonical":"https:\/\/www.sonoraenequipo.com.mx\/capturan-a-presuntos-responsables-de-triple-homicidio-en-cajeme\/","og_locale":"es_ES","og_type":"article","og_title":"Sonora en Equipo. Capturan a presuntos responsables de triple homicidio en Cajeme Polic\u00edaca","og_description":"CAJEME, SONORA, MX. \u2014 A ra\u00edz del triple homicidio registrado el domingo 8 de marzo de 2026 en Ciudad Obreg\u00f3n, Sonora, donde fueron ejecutados dos hombres En Sonora en Equipo publicamos toda la informaci\u00f3n de Sonora, M\u00e9xico y el Mundo de manera oportuna y busca que la libertad de expresi\u00f3n sea real. Visita nuestro medio informativo publicado desde Hermosillo, Sonora. %","og_url":"https:\/\/www.sonoraenequipo.com.mx\/capturan-a-presuntos-responsables-de-triple-homicidio-en-cajeme\/","og_site_name":"Sonora en Equipo.","article_publisher":"https:\/\/www.facebook.com\/SonoraEE\/","article_author":"https:\/\/www.facebook.com\/SonoraEE","article_published_time":"2026-03-14T18:30:39+00:00","og_image":[{"width":600,"height":400,"url":"https:\/\/www.sonoraenequipo.com.mx\/storage\/2026\/03\/triple-homicidio.jpg","type":"image\/jpeg"}],"author":"enequipo","twitter_card":"summary_large_image","twitter_creator":"@sonoraenequipo","twitter_site":"@sonoraenequipo","twitter_misc":{"Escrito por":"enequipo","Tiempo de lectura":"3 minutos"},"schema":{"@context":"https:\/\/schema.org","@graph":[{"@type":"Article","@id":"https:\/\/www.sonoraenequipo.com.mx\/capturan-a-presuntos-responsables-de-triple-homicidio-en-cajeme\/#article","isPartOf":{"@id":"https:\/\/www.sonoraenequipo.com.mx\/capturan-a-presuntos-responsables-de-triple-homicidio-en-cajeme\/"},"author":{"name":"enequipo","@id":"https:\/\/www.sonoraenequipo.com.mx\/#\/schema\/person\/50102df0fb23a8fa9e8effad8fa81386"},"headline":"Capturan a presuntos responsables de triple homicidio en Cajeme","datePublished":"2026-03-14T18:30:39+00:00","mainEntityOfPage":{"@id":"https:\/\/www.sonoraenequipo.com.mx\/capturan-a-presuntos-responsables-de-triple-homicidio-en-cajeme\/"},"wordCount":687,"commentCount":0,"publisher":{"@id":"https:\/\/www.sonoraenequipo.com.mx\/#organization"},"image":{"@id":"https:\/\/www.sonoraenequipo.com.mx\/capturan-a-presuntos-responsables-de-triple-homicidio-en-cajeme\/#primaryimage"},"thumbnailUrl":"https:\/\/www.sonoraenequipo.com.mx\/storage\/2026\/03\/triple-homicidio.jpg","keywords":["operativo coordinado"],"articleSection":["Polic\u00edaca"],"inLanguage":"es","potentialAction":[{"@type":"CommentAction","name":"Comment","target":["https:\/\/www.sonoraenequipo.com.mx\/capturan-a-presuntos-responsables-de-triple-homicidio-en-cajeme\/#respond"]}]},{"@type":"WebPage","@id":"https:\/\/www.sonoraenequipo.com.mx\/capturan-a-presuntos-responsables-de-triple-homicidio-en-cajeme\/","url":"https:\/\/www.sonoraenequipo.com.mx\/capturan-a-presuntos-responsables-de-triple-homicidio-en-cajeme\/","name":"Sonora en Equipo. Capturan a presuntos responsables de triple homicidio en Cajeme Polic\u00edaca","isPartOf":{"@id":"https:\/\/www.sonoraenequipo.com.mx\/#website"},"primaryImageOfPage":{"@id":"https:\/\/www.sonoraenequipo.com.mx\/capturan-a-presuntos-responsables-de-triple-homicidio-en-cajeme\/#primaryimage"},"image":{"@id":"https:\/\/www.sonoraenequipo.com.mx\/capturan-a-presuntos-responsables-de-triple-homicidio-en-cajeme\/#primaryimage"},"thumbnailUrl":"https:\/\/www.sonoraenequipo.com.mx\/storage\/2026\/03\/triple-homicidio.jpg","datePublished":"2026-03-14T18:30:39+00:00","description":"CAJEME, SONORA, MX. \u2014 A ra\u00edz del triple homicidio registrado el domingo 8 de marzo de 2026 en Ciudad Obreg\u00f3n, Sonora, donde fueron ejecutados dos hombres En Sonora en Equipo publicamos toda la informaci\u00f3n de Sonora, M\u00e9xico y el Mundo de manera oportuna y busca que la libertad de expresi\u00f3n sea real. Visita nuestro medio informativo publicado desde Hermosillo, Sonora. %","breadcrumb":{"@id":"https:\/\/www.sonoraenequipo.com.mx\/capturan-a-presuntos-responsables-de-triple-homicidio-en-cajeme\/#breadcrumb"},"inLanguage":"es","potentialAction":[{"@type":"ReadAction","target":["https:\/\/www.sonoraenequipo.com.mx\/capturan-a-presuntos-responsables-de-triple-homicidio-en-cajeme\/"]}]},{"@type":"ImageObject","inLanguage":"es","@id":"https:\/\/www.sonoraenequipo.com.mx\/capturan-a-presuntos-responsables-de-triple-homicidio-en-cajeme\/#primaryimage","url":"https:\/\/www.sonoraenequipo.com.mx\/storage\/2026\/03\/triple-homicidio.jpg","contentUrl":"https:\/\/www.sonoraenequipo.com.mx\/storage\/2026\/03\/triple-homicidio.jpg","width":600,"height":400},{"@type":"BreadcrumbList","@id":"https:\/\/www.sonoraenequipo.com.mx\/capturan-a-presuntos-responsables-de-triple-homicidio-en-cajeme\/#breadcrumb","itemListElement":[{"@type":"ListItem","position":1,"name":"Portada","item":"https:\/\/www.sonoraenequipo.com.mx\/"},{"@type":"ListItem","position":2,"name":"Capturan a presuntos responsables de triple homicidio en Cajeme"}]},{"@type":"WebSite","@id":"https:\/\/www.sonoraenequipo.com.mx\/#website","url":"https:\/\/www.sonoraenequipo.com.mx\/","name":"Sonora en Equipo.","description":"Diario en l\u00ednea con Noticias desde Hermosillo, Sonora","publisher":{"@id":"https:\/\/www.sonoraenequipo.com.mx\/#organization"},"potentialAction":[{"@type":"SearchAction","target":{"@type":"EntryPoint","urlTemplate":"https:\/\/www.sonoraenequipo.com.mx\/?s={search_term_string}"},"query-input":{"@type":"PropertyValueSpecification","valueRequired":true,"valueName":"search_term_string"}}],"inLanguage":"es"},{"@type":"Organization","@id":"https:\/\/www.sonoraenequipo.com.mx\/#organization","name":"Sonoraenequipo.com.mx","url":"https:\/\/www.sonoraenequipo.com.mx\/","logo":{"@type":"ImageObject","inLanguage":"es","@id":"https:\/\/www.sonoraenequipo.com.mx\/#\/schema\/logo\/image\/","url":"https:\/\/www.sonoraenequipo.com.mx\/storage\/2019\/01\/sonoraenequipo_opt.png","contentUrl":"https:\/\/www.sonoraenequipo.com.mx\/storage\/2019\/01\/sonoraenequipo_opt.png","width":375,"height":125,"caption":"Sonoraenequipo.com.mx"},"image":{"@id":"https:\/\/www.sonoraenequipo.com.mx\/#\/schema\/logo\/image\/"},"sameAs":["https:\/\/www.facebook.com\/SonoraEE\/","https:\/\/x.com\/sonoraenequipo","https:\/\/www.youtube.com\/channel\/UC338nW-lPEYmJQs4ZABQ1SQ"]},{"@type":"Person","@id":"https:\/\/www.sonoraenequipo.com.mx\/#\/schema\/person\/50102df0fb23a8fa9e8effad8fa81386","name":"enequipo","image":{"@type":"ImageObject","inLanguage":"es","@id":"https:\/\/www.sonoraenequipo.com.mx\/#\/schema\/person\/image\/","url":"https:\/\/secure.gravatar.com\/avatar\/049821681b589dabc0bc20695993ccebb09f5b5d4d790cd9251b97faac7c652b?s=96&d=blank&r=g","contentUrl":"https:\/\/secure.gravatar.com\/avatar\/049821681b589dabc0bc20695993ccebb09f5b5d4d790cd9251b97faac7c652b?s=96&d=blank&r=g","caption":"enequipo"},"sameAs":["https:\/\/www.facebook.com\/SonoraEE"]}]}},"jetpack_featured_media_url":"https:\/\/www.sonoraenequipo.com.mx\/storage\/2026\/03\/triple-homicidio.jpg","_links":{"self":[{"href":"https:\/\/www.sonoraenequipo.com.mx\/api\/wp\/v2\/posts\/237435","targetHints":{"allow":["GET"]}}],"collection":[{"href":"https:\/\/www.sonoraenequipo.com.mx\/api\/wp\/v2\/posts"}],"about":[{"href":"https:\/\/www.sonoraenequipo.com.mx\/api\/wp\/v2\/types\/post"}],"author":[{"embeddable":true,"href":"https:\/\/www.sonoraenequipo.com.mx\/api\/wp\/v2\/users\/1"}],"replies":[{"embeddable":true,"href":"https:\/\/www.sonoraenequipo.com.mx\/api\/wp\/v2\/comments?post=237435"}],"version-history":[{"count":1,"href":"https:\/\/www.sonoraenequipo.com.mx\/api\/wp\/v2\/posts\/237435\/revisions"}],"predecessor-version":[{"id":237437,"href":"https:\/\/www.sonoraenequipo.com.mx\/api\/wp\/v2\/posts\/237435\/revisions\/237437"}],"wp:featuredmedia":[{"embeddable":true,"href":"https:\/\/www.sonoraenequipo.com.mx\/api\/wp\/v2\/media\/237436"}],"wp:attachment":[{"href":"https:\/\/www.sonoraenequipo.com.mx\/api\/wp\/v2\/media?parent=237435"}],"wp:term":[{"taxonomy":"category","embeddable":true,"href":"https:\/\/www.sonoraenequipo.com.mx\/api\/wp\/v2\/categories?post=237435"},{"taxonomy":"post_tag","embeddable":true,"href":"https:\/\/www.sonoraenequipo.com.mx\/api\/wp\/v2\/tags?post=237435"}],"curies":[{"name":"wp","href":"https:\/\/api.w.org\/{rel}","templated":true}]}}