{"id":237438,"date":"2026-03-14T11:37:45","date_gmt":"2026-03-14T18:37:45","guid":{"rendered":"https:\/\/www.sonoraenequipo.com.mx\/?p=237438"},"modified":"2026-03-14T11:37:45","modified_gmt":"2026-03-14T18:37:45","slug":"avanza-congreso-de-sonora-en-analisis-de-la-ley-de-ordenamiento-territorial-y-urbano","status":"publish","type":"post","link":"https:\/\/www.sonoraenequipo.com.mx\/avanza-congreso-de-sonora-en-analisis-de-la-ley-de-ordenamiento-territorial-y-urbano\/","title":{"rendered":"Avanza Congreso de Sonora en an\u00e1lisis de la Ley de Ordenamiento Territorial y Urbano"},"content":{"rendered":"<p><strong>HERMOSILLO, SONORA, MX. \u2014<\/strong> Con el objetivo de dar seguimiento al proceso de actualizaci\u00f3n de la Ley de Ordenamiento Territorial y Urbano, diputados integrantes de la Comisi\u00f3n de Desarrollo Urbano del Congreso del Estado sostuvieron una reuni\u00f3n de trabajo.<\/p>\n<p>&nbsp;<\/p>\n<p>&nbsp;<\/p>\n<p>&nbsp;<\/p>\n<p>La reuni\u00f3n fue encabezada por el diputado Emeterio Ochoa Baz\u00faa (PRI), quien estuvo acompa\u00f1ado por los legisladores Omar Del Valle Colosio (PVEM), Norberto Barraza Almaz\u00e1n (PES) y Ra\u00fal Gonz\u00e1lez de la Vega (PVEM), as\u00ed como por representantes de la C\u00e1mara Nacional de la Industria de Desarrollo y Promoci\u00f3n de Vivienda (Canadevi) y del Centro de Investigaciones Parlamentarias del Estado (Cipes)<\/p>\n<p>&nbsp;<\/p>\n<p>&nbsp;<\/p>\n<p>&nbsp;<\/p>\n<p>Durante la reuni\u00f3n, Luis Fernando Torres L\u00f3pez, subdirector general del Cipes, present\u00f3 un informe de seguimiento sobre la reforma, en el cual detall\u00f3 que, en el marco de esta iniciativa y en apego a los principios de parlamento abierto, el Congreso del Estado llev\u00f3 a cabo cinco foros de consulta ciudadana en los municipios de Hermosillo, Nogales, Ciudad Obreg\u00f3n, Navojoa y Puerto Pe\u00f1asco.<\/p>\n<p>&nbsp;<\/p>\n<p>&nbsp;<\/p>\n<p>&nbsp;<\/p>\n<p>Se\u00f1al\u00f3 que en dichos ejercicios de participaci\u00f3n se recibieron un total de 70 propuestas por parte de las personas asistentes, entre quienes se encontraban integrantes de la sociedad civil, personal acad\u00e9mico y representantes de los tres \u00f3rdenes de gobierno.<\/p>\n<p>&nbsp;<\/p>\n<p>&nbsp;<\/p>\n<p>&nbsp;<\/p>\n<p>Entre las propuestas recabadas, se destacaron temas relacionados con movilidad, vivienda, planeaci\u00f3n territorial, medio ambiente, reducci\u00f3n de duplicidades administrativas, protecci\u00f3n civil y regulaci\u00f3n de invasiones, entre otros aspectos vinculados con el desarrollo urbano.<\/p>\n<p>&nbsp;<\/p>\n<p>&nbsp;<\/p>\n<p>&nbsp;<\/p>\n<p>Asimismo, reiter\u00f3 que personal del Cipes particip\u00f3 en cada uno de estos foros, elaborando las relator\u00edas correspondientes, las cuales se encuentran disponibles para consulta p\u00fablica en un micrositio dentro de la p\u00e1gina oficial del Congreso del Estado.<\/p>\n<p>&nbsp;<\/p>\n<p>&nbsp;<\/p>\n<p>&nbsp;<\/p>\n<p>Al concluir el informe, los diputados intercambiaron comentarios sobre los resultados y expresaron su compromiso de analizar los comentarios y propuestas vertidos en los cinco foros de consulta.<\/p>\n<p><strong>Fecha de publicaci\u00f3n s\u00e1bado 14 de marzo de 2026<\/strong><\/p>\n<p>&nbsp;<\/p>\n<p>&nbsp;<\/p>\n","protected":false},"excerpt":{"rendered":"<p>HERMOSILLO, SONORA, MX. \u2014 Con el objetivo de dar seguimiento al proceso de actualizaci\u00f3n de&#8230;<\/p>\n","protected":false},"author":1,"featured_media":237439,"comment_status":"open","ping_status":"open","sticky":false,"template":"","format":"standard","meta":{"_monsterinsights_skip_tracking":false,"_monsterinsights_sitenote_active":false,"_monsterinsights_sitenote_note":"","_monsterinsights_sitenote_category":0,"footnotes":""},"categories":[3281],"tags":[],"class_list":["post"],"yoast_head":" \n<title>Sonora en Equipo. Avanza Congreso de Sonora en an\u00e1lisis de la Ley de Ordenamiento Territorial y Urbano Congreso<\/title>\n<meta name=\"description\" content=\"HERMOSILLO, SONORA, MX. \u2014 Con el objetivo de dar seguimiento al proceso de actualizaci\u00f3n de la Ley de Ordenamiento Territorial y Urbano, diputados En Sonora en Equipo publicamos toda la informaci\u00f3n de Sonora, M\u00e9xico y el Mundo de manera oportuna y busca que la libertad de expresi\u00f3n sea real. Visita nuestro medio informativo publicado desde Hermosillo, Sonora. %\" \/>\n<meta name=\"robots\" content=\"index, follow, max-snippet:-1, max-image-preview:large, max-video-preview:-1\" \/>\n<link rel=\"canonical\" href=\"https:\/\/www.sonoraenequipo.com.mx\/avanza-congreso-de-sonora-en-analisis-de-la-ley-de-ordenamiento-territorial-y-urbano\/\" \/>\n<meta property=\"og:locale\" content=\"es_ES\" \/>\n<meta property=\"og:type\" content=\"article\" \/>\n<meta property=\"og:title\" content=\"Sonora en Equipo. Avanza Congreso de Sonora en an\u00e1lisis de la Ley de Ordenamiento Territorial y Urbano Congreso\" \/>\n<meta property=\"og:description\" content=\"HERMOSILLO, SONORA, MX. \u2014 Con el objetivo de dar seguimiento al proceso de actualizaci\u00f3n de la Ley de Ordenamiento Territorial y Urbano, diputados En Sonora en Equipo publicamos toda la informaci\u00f3n de Sonora, M\u00e9xico y el Mundo de manera oportuna y busca que la libertad de expresi\u00f3n sea real. Visita nuestro medio informativo publicado desde Hermosillo, Sonora. %\" \/>\n<meta property=\"og:url\" content=\"https:\/\/www.sonoraenequipo.com.mx\/avanza-congreso-de-sonora-en-analisis-de-la-ley-de-ordenamiento-territorial-y-urbano\/\" \/>\n<meta property=\"og:site_name\" content=\"Sonora en Equipo.\" \/>\n<meta property=\"article:publisher\" content=\"https:\/\/www.facebook.com\/SonoraEE\/\" \/>\n<meta property=\"article:author\" content=\"https:\/\/www.facebook.com\/SonoraEE\" \/>\n<meta property=\"article:published_time\" content=\"2026-03-14T18:37:45+00:00\" \/>\n<meta property=\"og:image\" content=\"https:\/\/www.sonoraenequipo.com.mx\/storage\/2026\/03\/congreso-130326.jpg\" \/>\n\t<meta property=\"og:image:width\" content=\"600\" \/>\n\t<meta property=\"og:image:height\" content=\"400\" \/>\n\t<meta property=\"og:image:type\" content=\"image\/jpeg\" \/>\n<meta name=\"author\" content=\"enequipo\" \/>\n<meta name=\"twitter:card\" content=\"summary_large_image\" \/>\n<meta name=\"twitter:creator\" content=\"@sonoraenequipo\" \/>\n<meta name=\"twitter:site\" content=\"@sonoraenequipo\" \/>\n<meta name=\"twitter:label1\" content=\"Escrito por\" \/>\n\t<meta name=\"twitter:data1\" content=\"enequipo\" \/>\n\t<meta name=\"twitter:label2\" content=\"Tiempo de lectura\" \/>\n\t<meta name=\"twitter:data2\" content=\"2 minutos\" \/>\n<script type=\"application\/ld+json\" class=\"yoast-schema-graph\">{\"@context\":\"https:\/\/schema.org\",\"@graph\":[{\"@type\":\"Article\",\"@id\":\"https:\/\/www.sonoraenequipo.com.mx\/avanza-congreso-de-sonora-en-analisis-de-la-ley-de-ordenamiento-territorial-y-urbano\/#article\",\"isPartOf\":{\"@id\":\"https:\/\/www.sonoraenequipo.com.mx\/avanza-congreso-de-sonora-en-analisis-de-la-ley-de-ordenamiento-territorial-y-urbano\/\"},\"author\":{\"name\":\"enequipo\",\"@id\":\"https:\/\/www.sonoraenequipo.com.mx\/#\/schema\/person\/50102df0fb23a8fa9e8effad8fa81386\"},\"headline\":\"Avanza Congreso de Sonora en an\u00e1lisis de la Ley de Ordenamiento Territorial y Urbano\",\"datePublished\":\"2026-03-14T18:37:45+00:00\",\"mainEntityOfPage\":{\"@id\":\"https:\/\/www.sonoraenequipo.com.mx\/avanza-congreso-de-sonora-en-analisis-de-la-ley-de-ordenamiento-territorial-y-urbano\/\"},\"wordCount\":366,\"commentCount\":0,\"publisher\":{\"@id\":\"https:\/\/www.sonoraenequipo.com.mx\/#organization\"},\"image\":{\"@id\":\"https:\/\/www.sonoraenequipo.com.mx\/avanza-congreso-de-sonora-en-analisis-de-la-ley-de-ordenamiento-territorial-y-urbano\/#primaryimage\"},\"thumbnailUrl\":\"https:\/\/www.sonoraenequipo.com.mx\/storage\/2026\/03\/congreso-130326.jpg\",\"articleSection\":[\"Congreso\"],\"inLanguage\":\"es\",\"potentialAction\":[{\"@type\":\"CommentAction\",\"name\":\"Comment\",\"target\":[\"https:\/\/www.sonoraenequipo.com.mx\/avanza-congreso-de-sonora-en-analisis-de-la-ley-de-ordenamiento-territorial-y-urbano\/#respond\"]}]},{\"@type\":\"WebPage\",\"@id\":\"https:\/\/www.sonoraenequipo.com.mx\/avanza-congreso-de-sonora-en-analisis-de-la-ley-de-ordenamiento-territorial-y-urbano\/\",\"url\":\"https:\/\/www.sonoraenequipo.com.mx\/avanza-congreso-de-sonora-en-analisis-de-la-ley-de-ordenamiento-territorial-y-urbano\/\",\"name\":\"Sonora en Equipo. Avanza Congreso de Sonora en an\u00e1lisis de la Ley de Ordenamiento Territorial y Urbano Congreso\",\"isPartOf\":{\"@id\":\"https:\/\/www.sonoraenequipo.com.mx\/#website\"},\"primaryImageOfPage\":{\"@id\":\"https:\/\/www.sonoraenequipo.com.mx\/avanza-congreso-de-sonora-en-analisis-de-la-ley-de-ordenamiento-territorial-y-urbano\/#primaryimage\"},\"image\":{\"@id\":\"https:\/\/www.sonoraenequipo.com.mx\/avanza-congreso-de-sonora-en-analisis-de-la-ley-de-ordenamiento-territorial-y-urbano\/#primaryimage\"},\"thumbnailUrl\":\"https:\/\/www.sonoraenequipo.com.mx\/storage\/2026\/03\/congreso-130326.jpg\",\"datePublished\":\"2026-03-14T18:37:45+00:00\",\"description\":\"HERMOSILLO, SONORA, MX. \u2014 Con el objetivo de dar seguimiento al proceso de actualizaci\u00f3n de la Ley de Ordenamiento Territorial y Urbano, diputados En Sonora en Equipo publicamos toda la informaci\u00f3n de Sonora, M\u00e9xico y el Mundo de manera oportuna y busca que la libertad de expresi\u00f3n sea real. Visita nuestro medio informativo publicado desde Hermosillo, Sonora. %\",\"breadcrumb\":{\"@id\":\"https:\/\/www.sonoraenequipo.com.mx\/avanza-congreso-de-sonora-en-analisis-de-la-ley-de-ordenamiento-territorial-y-urbano\/#breadcrumb\"},\"inLanguage\":\"es\",\"potentialAction\":[{\"@type\":\"ReadAction\",\"target\":[\"https:\/\/www.sonoraenequipo.com.mx\/avanza-congreso-de-sonora-en-analisis-de-la-ley-de-ordenamiento-territorial-y-urbano\/\"]}]},{\"@type\":\"ImageObject\",\"inLanguage\":\"es\",\"@id\":\"https:\/\/www.sonoraenequipo.com.mx\/avanza-congreso-de-sonora-en-analisis-de-la-ley-de-ordenamiento-territorial-y-urbano\/#primaryimage\",\"url\":\"https:\/\/www.sonoraenequipo.com.mx\/storage\/2026\/03\/congreso-130326.jpg\",\"contentUrl\":\"https:\/\/www.sonoraenequipo.com.mx\/storage\/2026\/03\/congreso-130326.jpg\",\"width\":600,\"height\":400},{\"@type\":\"BreadcrumbList\",\"@id\":\"https:\/\/www.sonoraenequipo.com.mx\/avanza-congreso-de-sonora-en-analisis-de-la-ley-de-ordenamiento-territorial-y-urbano\/#breadcrumb\",\"itemListElement\":[{\"@type\":\"ListItem\",\"position\":1,\"name\":\"Portada\",\"item\":\"https:\/\/www.sonoraenequipo.com.mx\/\"},{\"@type\":\"ListItem\",\"position\":2,\"name\":\"Avanza Congreso de Sonora en an\u00e1lisis de la Ley de Ordenamiento Territorial y Urbano\"}]},{\"@type\":\"WebSite\",\"@id\":\"https:\/\/www.sonoraenequipo.com.mx\/#website\",\"url\":\"https:\/\/www.sonoraenequipo.com.mx\/\",\"name\":\"Sonora en Equipo.\",\"description\":\"Diario en l\u00ednea con Noticias desde Hermosillo, Sonora\",\"publisher\":{\"@id\":\"https:\/\/www.sonoraenequipo.com.mx\/#organization\"},\"potentialAction\":[{\"@type\":\"SearchAction\",\"target\":{\"@type\":\"EntryPoint\",\"urlTemplate\":\"https:\/\/www.sonoraenequipo.com.mx\/?s={search_term_string}\"},\"query-input\":{\"@type\":\"PropertyValueSpecification\",\"valueRequired\":true,\"valueName\":\"search_term_string\"}}],\"inLanguage\":\"es\"},{\"@type\":\"Organization\",\"@id\":\"https:\/\/www.sonoraenequipo.com.mx\/#organization\",\"name\":\"Sonoraenequipo.com.mx\",\"url\":\"https:\/\/www.sonoraenequipo.com.mx\/\",\"logo\":{\"@type\":\"ImageObject\",\"inLanguage\":\"es\",\"@id\":\"https:\/\/www.sonoraenequipo.com.mx\/#\/schema\/logo\/image\/\",\"url\":\"https:\/\/www.sonoraenequipo.com.mx\/storage\/2019\/01\/sonoraenequipo_opt.png\",\"contentUrl\":\"https:\/\/www.sonoraenequipo.com.mx\/storage\/2019\/01\/sonoraenequipo_opt.png\",\"width\":375,\"height\":125,\"caption\":\"Sonoraenequipo.com.mx\"},\"image\":{\"@id\":\"https:\/\/www.sonoraenequipo.com.mx\/#\/schema\/logo\/image\/\"},\"sameAs\":[\"https:\/\/www.facebook.com\/SonoraEE\/\",\"https:\/\/x.com\/sonoraenequipo\",\"https:\/\/www.youtube.com\/channel\/UC338nW-lPEYmJQs4ZABQ1SQ\"]},{\"@type\":\"Person\",\"@id\":\"https:\/\/www.sonoraenequipo.com.mx\/#\/schema\/person\/50102df0fb23a8fa9e8effad8fa81386\",\"name\":\"enequipo\",\"image\":{\"@type\":\"ImageObject\",\"inLanguage\":\"es\",\"@id\":\"https:\/\/www.sonoraenequipo.com.mx\/#\/schema\/person\/image\/\",\"url\":\"https:\/\/secure.gravatar.com\/avatar\/049821681b589dabc0bc20695993ccebb09f5b5d4d790cd9251b97faac7c652b?s=96&d=blank&r=g\",\"contentUrl\":\"https:\/\/secure.gravatar.com\/avatar\/049821681b589dabc0bc20695993ccebb09f5b5d4d790cd9251b97faac7c652b?s=96&d=blank&r=g\",\"caption\":\"enequipo\"},\"sameAs\":[\"https:\/\/www.facebook.com\/SonoraEE\"]}]}<\/script>\n ","yoast_head_json":{"title":"Sonora en Equipo. Avanza Congreso de Sonora en an\u00e1lisis de la Ley de Ordenamiento Territorial y Urbano Congreso","description":"HERMOSILLO, SONORA, MX. \u2014 Con el objetivo de dar seguimiento al proceso de actualizaci\u00f3n de la Ley de Ordenamiento Territorial y Urbano, diputados En Sonora en Equipo publicamos toda la informaci\u00f3n de Sonora, M\u00e9xico y el Mundo de manera oportuna y busca que la libertad de expresi\u00f3n sea real. Visita nuestro medio informativo publicado desde Hermosillo, Sonora. %","robots":{"index":"index","follow":"follow","max-snippet":"max-snippet:-1","max-image-preview":"max-image-preview:large","max-video-preview":"max-video-preview:-1"},"canonical":"https:\/\/www.sonoraenequipo.com.mx\/avanza-congreso-de-sonora-en-analisis-de-la-ley-de-ordenamiento-territorial-y-urbano\/","og_locale":"es_ES","og_type":"article","og_title":"Sonora en Equipo. Avanza Congreso de Sonora en an\u00e1lisis de la Ley de Ordenamiento Territorial y Urbano Congreso","og_description":"HERMOSILLO, SONORA, MX. \u2014 Con el objetivo de dar seguimiento al proceso de actualizaci\u00f3n de la Ley de Ordenamiento Territorial y Urbano, diputados En Sonora en Equipo publicamos toda la informaci\u00f3n de Sonora, M\u00e9xico y el Mundo de manera oportuna y busca que la libertad de expresi\u00f3n sea real. Visita nuestro medio informativo publicado desde Hermosillo, Sonora. %","og_url":"https:\/\/www.sonoraenequipo.com.mx\/avanza-congreso-de-sonora-en-analisis-de-la-ley-de-ordenamiento-territorial-y-urbano\/","og_site_name":"Sonora en Equipo.","article_publisher":"https:\/\/www.facebook.com\/SonoraEE\/","article_author":"https:\/\/www.facebook.com\/SonoraEE","article_published_time":"2026-03-14T18:37:45+00:00","og_image":[{"width":600,"height":400,"url":"https:\/\/www.sonoraenequipo.com.mx\/storage\/2026\/03\/congreso-130326.jpg","type":"image\/jpeg"}],"author":"enequipo","twitter_card":"summary_large_image","twitter_creator":"@sonoraenequipo","twitter_site":"@sonoraenequipo","twitter_misc":{"Escrito por":"enequipo","Tiempo de lectura":"2 minutos"},"schema":{"@context":"https:\/\/schema.org","@graph":[{"@type":"Article","@id":"https:\/\/www.sonoraenequipo.com.mx\/avanza-congreso-de-sonora-en-analisis-de-la-ley-de-ordenamiento-territorial-y-urbano\/#article","isPartOf":{"@id":"https:\/\/www.sonoraenequipo.com.mx\/avanza-congreso-de-sonora-en-analisis-de-la-ley-de-ordenamiento-territorial-y-urbano\/"},"author":{"name":"enequipo","@id":"https:\/\/www.sonoraenequipo.com.mx\/#\/schema\/person\/50102df0fb23a8fa9e8effad8fa81386"},"headline":"Avanza Congreso de Sonora en an\u00e1lisis de la Ley de Ordenamiento Territorial y Urbano","datePublished":"2026-03-14T18:37:45+00:00","mainEntityOfPage":{"@id":"https:\/\/www.sonoraenequipo.com.mx\/avanza-congreso-de-sonora-en-analisis-de-la-ley-de-ordenamiento-territorial-y-urbano\/"},"wordCount":366,"commentCount":0,"publisher":{"@id":"https:\/\/www.sonoraenequipo.com.mx\/#organization"},"image":{"@id":"https:\/\/www.sonoraenequipo.com.mx\/avanza-congreso-de-sonora-en-analisis-de-la-ley-de-ordenamiento-territorial-y-urbano\/#primaryimage"},"thumbnailUrl":"https:\/\/www.sonoraenequipo.com.mx\/storage\/2026\/03\/congreso-130326.jpg","articleSection":["Congreso"],"inLanguage":"es","potentialAction":[{"@type":"CommentAction","name":"Comment","target":["https:\/\/www.sonoraenequipo.com.mx\/avanza-congreso-de-sonora-en-analisis-de-la-ley-de-ordenamiento-territorial-y-urbano\/#respond"]}]},{"@type":"WebPage","@id":"https:\/\/www.sonoraenequipo.com.mx\/avanza-congreso-de-sonora-en-analisis-de-la-ley-de-ordenamiento-territorial-y-urbano\/","url":"https:\/\/www.sonoraenequipo.com.mx\/avanza-congreso-de-sonora-en-analisis-de-la-ley-de-ordenamiento-territorial-y-urbano\/","name":"Sonora en Equipo. Avanza Congreso de Sonora en an\u00e1lisis de la Ley de Ordenamiento Territorial y Urbano Congreso","isPartOf":{"@id":"https:\/\/www.sonoraenequipo.com.mx\/#website"},"primaryImageOfPage":{"@id":"https:\/\/www.sonoraenequipo.com.mx\/avanza-congreso-de-sonora-en-analisis-de-la-ley-de-ordenamiento-territorial-y-urbano\/#primaryimage"},"image":{"@id":"https:\/\/www.sonoraenequipo.com.mx\/avanza-congreso-de-sonora-en-analisis-de-la-ley-de-ordenamiento-territorial-y-urbano\/#primaryimage"},"thumbnailUrl":"https:\/\/www.sonoraenequipo.com.mx\/storage\/2026\/03\/congreso-130326.jpg","datePublished":"2026-03-14T18:37:45+00:00","description":"HERMOSILLO, SONORA, MX. \u2014 Con el objetivo de dar seguimiento al proceso de actualizaci\u00f3n de la Ley de Ordenamiento Territorial y Urbano, diputados En Sonora en Equipo publicamos toda la informaci\u00f3n de Sonora, M\u00e9xico y el Mundo de manera oportuna y busca que la libertad de expresi\u00f3n sea real. Visita nuestro medio informativo publicado desde Hermosillo, Sonora. %","breadcrumb":{"@id":"https:\/\/www.sonoraenequipo.com.mx\/avanza-congreso-de-sonora-en-analisis-de-la-ley-de-ordenamiento-territorial-y-urbano\/#breadcrumb"},"inLanguage":"es","potentialAction":[{"@type":"ReadAction","target":["https:\/\/www.sonoraenequipo.com.mx\/avanza-congreso-de-sonora-en-analisis-de-la-ley-de-ordenamiento-territorial-y-urbano\/"]}]},{"@type":"ImageObject","inLanguage":"es","@id":"https:\/\/www.sonoraenequipo.com.mx\/avanza-congreso-de-sonora-en-analisis-de-la-ley-de-ordenamiento-territorial-y-urbano\/#primaryimage","url":"https:\/\/www.sonoraenequipo.com.mx\/storage\/2026\/03\/congreso-130326.jpg","contentUrl":"https:\/\/www.sonoraenequipo.com.mx\/storage\/2026\/03\/congreso-130326.jpg","width":600,"height":400},{"@type":"BreadcrumbList","@id":"https:\/\/www.sonoraenequipo.com.mx\/avanza-congreso-de-sonora-en-analisis-de-la-ley-de-ordenamiento-territorial-y-urbano\/#breadcrumb","itemListElement":[{"@type":"ListItem","position":1,"name":"Portada","item":"https:\/\/www.sonoraenequipo.com.mx\/"},{"@type":"ListItem","position":2,"name":"Avanza Congreso de Sonora en an\u00e1lisis de la Ley de Ordenamiento Territorial y Urbano"}]},{"@type":"WebSite","@id":"https:\/\/www.sonoraenequipo.com.mx\/#website","url":"https:\/\/www.sonoraenequipo.com.mx\/","name":"Sonora en Equipo.","description":"Diario en l\u00ednea con Noticias desde Hermosillo, Sonora","publisher":{"@id":"https:\/\/www.sonoraenequipo.com.mx\/#organization"},"potentialAction":[{"@type":"SearchAction","target":{"@type":"EntryPoint","urlTemplate":"https:\/\/www.sonoraenequipo.com.mx\/?s={search_term_string}"},"query-input":{"@type":"PropertyValueSpecification","valueRequired":true,"valueName":"search_term_string"}}],"inLanguage":"es"},{"@type":"Organization","@id":"https:\/\/www.sonoraenequipo.com.mx\/#organization","name":"Sonoraenequipo.com.mx","url":"https:\/\/www.sonoraenequipo.com.mx\/","logo":{"@type":"ImageObject","inLanguage":"es","@id":"https:\/\/www.sonoraenequipo.com.mx\/#\/schema\/logo\/image\/","url":"https:\/\/www.sonoraenequipo.com.mx\/storage\/2019\/01\/sonoraenequipo_opt.png","contentUrl":"https:\/\/www.sonoraenequipo.com.mx\/storage\/2019\/01\/sonoraenequipo_opt.png","width":375,"height":125,"caption":"Sonoraenequipo.com.mx"},"image":{"@id":"https:\/\/www.sonoraenequipo.com.mx\/#\/schema\/logo\/image\/"},"sameAs":["https:\/\/www.facebook.com\/SonoraEE\/","https:\/\/x.com\/sonoraenequipo","https:\/\/www.youtube.com\/channel\/UC338nW-lPEYmJQs4ZABQ1SQ"]},{"@type":"Person","@id":"https:\/\/www.sonoraenequipo.com.mx\/#\/schema\/person\/50102df0fb23a8fa9e8effad8fa81386","name":"enequipo","image":{"@type":"ImageObject","inLanguage":"es","@id":"https:\/\/www.sonoraenequipo.com.mx\/#\/schema\/person\/image\/","url":"https:\/\/secure.gravatar.com\/avatar\/049821681b589dabc0bc20695993ccebb09f5b5d4d790cd9251b97faac7c652b?s=96&d=blank&r=g","contentUrl":"https:\/\/secure.gravatar.com\/avatar\/049821681b589dabc0bc20695993ccebb09f5b5d4d790cd9251b97faac7c652b?s=96&d=blank&r=g","caption":"enequipo"},"sameAs":["https:\/\/www.facebook.com\/SonoraEE"]}]}},"jetpack_featured_media_url":"https:\/\/www.sonoraenequipo.com.mx\/storage\/2026\/03\/congreso-130326.jpg","_links":{"self":[{"href":"https:\/\/www.sonoraenequipo.com.mx\/api\/wp\/v2\/posts\/237438","targetHints":{"allow":["GET"]}}],"collection":[{"href":"https:\/\/www.sonoraenequipo.com.mx\/api\/wp\/v2\/posts"}],"about":[{"href":"https:\/\/www.sonoraenequipo.com.mx\/api\/wp\/v2\/types\/post"}],"author":[{"embeddable":true,"href":"https:\/\/www.sonoraenequipo.com.mx\/api\/wp\/v2\/users\/1"}],"replies":[{"embeddable":true,"href":"https:\/\/www.sonoraenequipo.com.mx\/api\/wp\/v2\/comments?post=237438"}],"version-history":[{"count":1,"href":"https:\/\/www.sonoraenequipo.com.mx\/api\/wp\/v2\/posts\/237438\/revisions"}],"predecessor-version":[{"id":237440,"href":"https:\/\/www.sonoraenequipo.com.mx\/api\/wp\/v2\/posts\/237438\/revisions\/237440"}],"wp:featuredmedia":[{"embeddable":true,"href":"https:\/\/www.sonoraenequipo.com.mx\/api\/wp\/v2\/media\/237439"}],"wp:attachment":[{"href":"https:\/\/www.sonoraenequipo.com.mx\/api\/wp\/v2\/media?parent=237438"}],"wp:term":[{"taxonomy":"category","embeddable":true,"href":"https:\/\/www.sonoraenequipo.com.mx\/api\/wp\/v2\/categories?post=237438"},{"taxonomy":"post_tag","embeddable":true,"href":"https:\/\/www.sonoraenequipo.com.mx\/api\/wp\/v2\/tags?post=237438"}],"curies":[{"name":"wp","href":"https:\/\/api.w.org\/{rel}","templated":true}]}}