{"id":237441,"date":"2026-03-14T11:50:00","date_gmt":"2026-03-14T18:50:00","guid":{"rendered":"https:\/\/www.sonoraenequipo.com.mx\/?p=237441"},"modified":"2026-03-14T12:13:05","modified_gmt":"2026-03-14T19:13:05","slug":"somos-nuestra-memoria-vivir-en-la-incertidumbre","status":"publish","type":"post","link":"https:\/\/www.sonoraenequipo.com.mx\/somos-nuestra-memoria-vivir-en-la-incertidumbre\/","title":{"rendered":"SOMOS NUESTRA MEMORIA. Vivir en la incertidumbre"},"content":{"rendered":"<p>Hay ma\u00f1anas en que despiertas con pesadillas y ese peso raro en el pecho. No sabes bien si es preocupaci\u00f3n, fatiga o simplemente el hartazgo de leer noticias sin sentido que envenenan. Lo que sientes tiene nombre: es el costo emocional de vivir en tiempos inciertos.<\/p>\n<p>Las crisis pol\u00edticas, sociales y geopol\u00edticas no afectan solo a quienes est\u00e1n en el centro del conflicto. Aunque est\u00e9s a miles de kil\u00f3metros de una guerra o a salvo de la violencia directa, tu sistema nervioso registra la alarma. La inestabilidad del mundo se cuela en tu cuerpo, en tu sue\u00f1o, en tu capacidad de concentrarte, de disfrutar o de imaginar el futuro.<\/p>\n<p>Eso no es debilidad. Es una respuesta humana completamente v\u00e1lida.<\/p>\n<p>Lo que el cuerpo siente antes de que lo pienses<\/p>\n<p>La ansiedad y la depresi\u00f3n que ya exist\u00edan se intensifican con la inestabilidad. Pero incluso quienes nunca hab\u00edan lidiado con estas experiencias pueden encontrarse irritables, sin energ\u00eda, incapaces de dormir bien o de soltar el tel\u00e9fono aunque les genere malestar. El ciclo informativo constante alimenta una sensaci\u00f3n de amenaza que tu cerebro no distingue si est\u00e1 cerca o lejos.<\/p>\n<p>La proximidad a las noticias \u2014aunque sea solo a trav\u00e9s de la pantalla\u2014 amplifica la sensaci\u00f3n de no tener control. Y cuando sentimos que no controlamos nada, el miedo y la preocupaci\u00f3n se instalan.<\/p>\n<p>Herramientas que s\u00ed funcionan<\/p>\n<p>La buena noticia: las mismas estrategias que usas para atravesar otras etapas dif\u00edciles de tu vida funcionan aqu\u00ed tambi\u00e9n. No necesitas inventar nada nuevo. Necesitas recordar lo que ya sabes sobre cuidarte.<\/p>\n<p>Establece un horario para informarte. No al despertar, no antes de dormir. Elige un momento del d\u00eda y comb\u00ednalo con algo que te haga bien. Tu sistema nervioso necesita saber que hay vida m\u00e1s all\u00e1 de la pantalla.<\/p>\n<p>Mueve tu cuerpo, todos los d\u00edas. No porque te lo merezca o porque sea una obligaci\u00f3n, sino porque tu cuerpo es el primer lugar donde vives el miedo y tambi\u00e9n el primer lugar donde puedes soltarlo.<\/p>\n<p>No rompas tus rutinas. Las celebraciones, los encuentros, los rituales cotidianos son anclas. Cuando el mundo se sacude, las rutinas son una forma de decirle a tu mente: aqu\u00ed, en este espacio, hay orden.<\/p>\n<p>Busca a las personas. La conexi\u00f3n social protege la salud mental m\u00e1s de lo que imaginamos. No tienes que hablar de pol\u00edtica. A veces basta con estar.<\/p>\n<p>Tus emociones no necesitan justificarse<\/p>\n<p>Enojo, miedo, esperanza, alivio, tristeza, euforia. Todo eso puede coexistir en un mismo d\u00eda, a veces en una misma hora. No hay emoci\u00f3n incorrecta frente a lo que vivimos.<\/p>\n<p>El sufrimiento emocional no entiende de banderas ni de partidos. La incertidumbre duele de forma parecida en personas con visiones pol\u00edticas opuestas. Cuando alguien a tu lado exprese angustia, antes de responder con argumentos, pregunta: \u00bfC\u00f3mo te est\u00e1 afectando esto? Esa pregunta abre puertas que los debates cierran.<\/p>\n<p>Y h\u00e1blate a ti misma con esa misma amabilidad. Si no puedes concentrarte, si el d\u00eda se siente cargado sin raz\u00f3n aparente, no eres perezosa ni ineficaz. Eres humana. Y los seres humanos necesitan m\u00e1s energ\u00eda emocional cuando el entorno es inestable.<\/p>\n<p>Los j\u00f3venes tambi\u00e9n necesitan que alguien los vea<\/p>\n<p>Los j\u00f3venes que conoces \u2014tus hijos, sobrinos, vecinos\u2014 crecen con una desconfianza profunda en las instituciones y una sensaci\u00f3n de impotencia ante el futuro. No los dejes solos en eso. Un mensaje de texto, una pregunta genuina, una mirada que diga \u201ct\u00fa importas\u201d puede ser m\u00e1s poderosa de lo que imaginas.<\/p>\n<p>L\u00edmites, rutinas y autocompasi\u00f3n: el tr\u00edo que sostiene<\/p>\n<p>Hay algo que la ciencia psicol\u00f3gica confirma una y otra vez: la salud mental se protege con l\u00edmites razonables, con rutinas, con autocuidado y con conversaciones que construyen en lugar de dividir. No se trata de ignorar lo que pasa afuera. Se trata de no perder lo que eres mientras lo enfrentas.<\/p>\n<p>En medio de la crisis, los seres humanos buscamos explicaciones simples y certezas r\u00e1pidas. Cuando no las encontramos, caemos en la apat\u00eda o el cinismo. Pero hay una tercera v\u00eda: seguir actuando desde lo que s\u00ed podemos controlar. C\u00f3mo dormimos. C\u00f3mo nos alimentamos. C\u00f3mo hablamos con quienes queremos. C\u00f3mo nos hablamos a nosotras mismas.<\/p>\n<p>Causas y azares\u2026<\/p>\n<ul>\n<li>El autismo pol\u00edtico de los presidentes municipales es notorio. \u00bfQuieren un ejemplo o ya saben de quien hablamos? Tenemos datos de que con sus esposas tienen Centros de Autismo con m\u00e1s de 7 millones de pesos que dicen se gastan al a\u00f1o, y nunca se ve a nadie atendi\u00e9ndose. Para robar ya ni se disimula.<\/li>\n<li>La reforma electoral es el asco de miles de mexicanos que ya no se creen todo lo que dicen esos vividores: Baja California, Morelos y Michoac\u00e1n lideran esas listas de diputados in\u00fatiles.<\/li>\n<li>\u00bfPor qu\u00e9 se ofende la poblaci\u00f3n por una fiesta de 15 a\u00f1os en M\u00e9xico? Por la corrupci\u00f3n que hay detr\u00e1s, donde se dice que PEMEX est\u00e1 en quiebra y se siguen robando miles de millones de pesos, dejando las \u00e1reas esenciales del pa\u00eds desprotegidas.<\/li>\n<\/ul>\n<p>Hasta la pr\u00f3xima, que yo creo que todas las armas son nefastas.<\/p>\n<p>www.facebook.com\/psicologoclinicomexico<\/p>\n<p><strong>Fecha de publicaci\u00f3n s\u00e1bado 14 de marzo de 2026<\/strong><\/p>\n<p>&nbsp;<\/p>\n<p>&nbsp;<\/p>\n","protected":false},"excerpt":{"rendered":"<p>Hay ma\u00f1anas en que despiertas con pesadillas y ese peso raro en el pecho. No&#8230;<\/p>\n","protected":false},"author":1,"featured_media":237442,"comment_status":"open","ping_status":"open","sticky":false,"template":"","format":"standard","meta":{"_monsterinsights_skip_tracking":false,"_monsterinsights_sitenote_active":false,"_monsterinsights_sitenote_note":"","_monsterinsights_sitenote_category":0,"footnotes":""},"categories":[14],"tags":[7610,74],"class_list":["post"],"yoast_head":" \n<title>Sonora en Equipo. SOMOS NUESTRA MEMORIA. Vivir en la incertidumbre Voces<\/title>\n<meta name=\"description\" content=\"Hay ma\u00f1anas en que despiertas con pesadillas y ese peso raro en el pecho. No sabes bien si es preocupaci\u00f3n, fatiga o simplemente el hartazgo de leer En Sonora en Equipo publicamos toda la informaci\u00f3n de Sonora, M\u00e9xico y el Mundo de manera oportuna y busca que la libertad de expresi\u00f3n sea real. Visita nuestro medio informativo publicado desde Hermosillo, Sonora. %\" \/>\n<meta name=\"robots\" content=\"index, follow, max-snippet:-1, max-image-preview:large, max-video-preview:-1\" \/>\n<link rel=\"canonical\" href=\"https:\/\/www.sonoraenequipo.com.mx\/somos-nuestra-memoria-vivir-en-la-incertidumbre\/\" \/>\n<meta property=\"og:locale\" content=\"es_ES\" \/>\n<meta property=\"og:type\" content=\"article\" \/>\n<meta property=\"og:title\" content=\"Sonora en Equipo. SOMOS NUESTRA MEMORIA. Vivir en la incertidumbre Voces\" \/>\n<meta property=\"og:description\" content=\"Hay ma\u00f1anas en que despiertas con pesadillas y ese peso raro en el pecho. No sabes bien si es preocupaci\u00f3n, fatiga o simplemente el hartazgo de leer En Sonora en Equipo publicamos toda la informaci\u00f3n de Sonora, M\u00e9xico y el Mundo de manera oportuna y busca que la libertad de expresi\u00f3n sea real. Visita nuestro medio informativo publicado desde Hermosillo, Sonora. %\" \/>\n<meta property=\"og:url\" content=\"https:\/\/www.sonoraenequipo.com.mx\/somos-nuestra-memoria-vivir-en-la-incertidumbre\/\" \/>\n<meta property=\"og:site_name\" content=\"Sonora en Equipo.\" \/>\n<meta property=\"article:publisher\" content=\"https:\/\/www.facebook.com\/SonoraEE\/\" \/>\n<meta property=\"article:author\" content=\"https:\/\/www.facebook.com\/SonoraEE\" \/>\n<meta property=\"article:published_time\" content=\"2026-03-14T18:50:00+00:00\" \/>\n<meta property=\"article:modified_time\" content=\"2026-03-14T19:13:05+00:00\" \/>\n<meta property=\"og:image\" content=\"https:\/\/www.sonoraenequipo.com.mx\/storage\/2026\/03\/incertidumbre.jpg\" \/>\n\t<meta property=\"og:image:width\" content=\"600\" \/>\n\t<meta property=\"og:image:height\" content=\"400\" \/>\n\t<meta property=\"og:image:type\" content=\"image\/jpeg\" \/>\n<meta name=\"author\" content=\"enequipo\" \/>\n<meta name=\"twitter:card\" content=\"summary_large_image\" \/>\n<meta name=\"twitter:creator\" content=\"@sonoraenequipo\" \/>\n<meta name=\"twitter:site\" content=\"@sonoraenequipo\" \/>\n<meta name=\"twitter:label1\" content=\"Escrito por\" \/>\n\t<meta name=\"twitter:data1\" content=\"enequipo\" \/>\n\t<meta name=\"twitter:label2\" content=\"Tiempo de lectura\" \/>\n\t<meta name=\"twitter:data2\" content=\"5 minutos\" \/>\n<script type=\"application\/ld+json\" class=\"yoast-schema-graph\">{\"@context\":\"https:\/\/schema.org\",\"@graph\":[{\"@type\":\"Article\",\"@id\":\"https:\/\/www.sonoraenequipo.com.mx\/somos-nuestra-memoria-vivir-en-la-incertidumbre\/#article\",\"isPartOf\":{\"@id\":\"https:\/\/www.sonoraenequipo.com.mx\/somos-nuestra-memoria-vivir-en-la-incertidumbre\/\"},\"author\":{\"name\":\"enequipo\",\"@id\":\"https:\/\/www.sonoraenequipo.com.mx\/#\/schema\/person\/50102df0fb23a8fa9e8effad8fa81386\"},\"headline\":\"SOMOS NUESTRA MEMORIA. Vivir en la incertidumbre\",\"datePublished\":\"2026-03-14T18:50:00+00:00\",\"dateModified\":\"2026-03-14T19:13:05+00:00\",\"mainEntityOfPage\":{\"@id\":\"https:\/\/www.sonoraenequipo.com.mx\/somos-nuestra-memoria-vivir-en-la-incertidumbre\/\"},\"wordCount\":924,\"commentCount\":0,\"publisher\":{\"@id\":\"https:\/\/www.sonoraenequipo.com.mx\/#organization\"},\"image\":{\"@id\":\"https:\/\/www.sonoraenequipo.com.mx\/somos-nuestra-memoria-vivir-en-la-incertidumbre\/#primaryimage\"},\"thumbnailUrl\":\"https:\/\/www.sonoraenequipo.com.mx\/storage\/2026\/03\/incertidumbre.jpg\",\"keywords\":[\"mental\",\"salud\"],\"articleSection\":[\"Voces\"],\"inLanguage\":\"es\",\"potentialAction\":[{\"@type\":\"CommentAction\",\"name\":\"Comment\",\"target\":[\"https:\/\/www.sonoraenequipo.com.mx\/somos-nuestra-memoria-vivir-en-la-incertidumbre\/#respond\"]}]},{\"@type\":\"WebPage\",\"@id\":\"https:\/\/www.sonoraenequipo.com.mx\/somos-nuestra-memoria-vivir-en-la-incertidumbre\/\",\"url\":\"https:\/\/www.sonoraenequipo.com.mx\/somos-nuestra-memoria-vivir-en-la-incertidumbre\/\",\"name\":\"Sonora en Equipo. SOMOS NUESTRA MEMORIA. Vivir en la incertidumbre Voces\",\"isPartOf\":{\"@id\":\"https:\/\/www.sonoraenequipo.com.mx\/#website\"},\"primaryImageOfPage\":{\"@id\":\"https:\/\/www.sonoraenequipo.com.mx\/somos-nuestra-memoria-vivir-en-la-incertidumbre\/#primaryimage\"},\"image\":{\"@id\":\"https:\/\/www.sonoraenequipo.com.mx\/somos-nuestra-memoria-vivir-en-la-incertidumbre\/#primaryimage\"},\"thumbnailUrl\":\"https:\/\/www.sonoraenequipo.com.mx\/storage\/2026\/03\/incertidumbre.jpg\",\"datePublished\":\"2026-03-14T18:50:00+00:00\",\"dateModified\":\"2026-03-14T19:13:05+00:00\",\"description\":\"Hay ma\u00f1anas en que despiertas con pesadillas y ese peso raro en el pecho. No sabes bien si es preocupaci\u00f3n, fatiga o simplemente el hartazgo de leer En Sonora en Equipo publicamos toda la informaci\u00f3n de Sonora, M\u00e9xico y el Mundo de manera oportuna y busca que la libertad de expresi\u00f3n sea real. Visita nuestro medio informativo publicado desde Hermosillo, Sonora. %\",\"breadcrumb\":{\"@id\":\"https:\/\/www.sonoraenequipo.com.mx\/somos-nuestra-memoria-vivir-en-la-incertidumbre\/#breadcrumb\"},\"inLanguage\":\"es\",\"potentialAction\":[{\"@type\":\"ReadAction\",\"target\":[\"https:\/\/www.sonoraenequipo.com.mx\/somos-nuestra-memoria-vivir-en-la-incertidumbre\/\"]}]},{\"@type\":\"ImageObject\",\"inLanguage\":\"es\",\"@id\":\"https:\/\/www.sonoraenequipo.com.mx\/somos-nuestra-memoria-vivir-en-la-incertidumbre\/#primaryimage\",\"url\":\"https:\/\/www.sonoraenequipo.com.mx\/storage\/2026\/03\/incertidumbre.jpg\",\"contentUrl\":\"https:\/\/www.sonoraenequipo.com.mx\/storage\/2026\/03\/incertidumbre.jpg\",\"width\":600,\"height\":400},{\"@type\":\"BreadcrumbList\",\"@id\":\"https:\/\/www.sonoraenequipo.com.mx\/somos-nuestra-memoria-vivir-en-la-incertidumbre\/#breadcrumb\",\"itemListElement\":[{\"@type\":\"ListItem\",\"position\":1,\"name\":\"Portada\",\"item\":\"https:\/\/www.sonoraenequipo.com.mx\/\"},{\"@type\":\"ListItem\",\"position\":2,\"name\":\"SOMOS NUESTRA MEMORIA. Vivir en la incertidumbre\"}]},{\"@type\":\"WebSite\",\"@id\":\"https:\/\/www.sonoraenequipo.com.mx\/#website\",\"url\":\"https:\/\/www.sonoraenequipo.com.mx\/\",\"name\":\"Sonora en Equipo.\",\"description\":\"Diario en l\u00ednea con Noticias desde Hermosillo, Sonora\",\"publisher\":{\"@id\":\"https:\/\/www.sonoraenequipo.com.mx\/#organization\"},\"potentialAction\":[{\"@type\":\"SearchAction\",\"target\":{\"@type\":\"EntryPoint\",\"urlTemplate\":\"https:\/\/www.sonoraenequipo.com.mx\/?s={search_term_string}\"},\"query-input\":{\"@type\":\"PropertyValueSpecification\",\"valueRequired\":true,\"valueName\":\"search_term_string\"}}],\"inLanguage\":\"es\"},{\"@type\":\"Organization\",\"@id\":\"https:\/\/www.sonoraenequipo.com.mx\/#organization\",\"name\":\"Sonoraenequipo.com.mx\",\"url\":\"https:\/\/www.sonoraenequipo.com.mx\/\",\"logo\":{\"@type\":\"ImageObject\",\"inLanguage\":\"es\",\"@id\":\"https:\/\/www.sonoraenequipo.com.mx\/#\/schema\/logo\/image\/\",\"url\":\"https:\/\/www.sonoraenequipo.com.mx\/storage\/2019\/01\/sonoraenequipo_opt.png\",\"contentUrl\":\"https:\/\/www.sonoraenequipo.com.mx\/storage\/2019\/01\/sonoraenequipo_opt.png\",\"width\":375,\"height\":125,\"caption\":\"Sonoraenequipo.com.mx\"},\"image\":{\"@id\":\"https:\/\/www.sonoraenequipo.com.mx\/#\/schema\/logo\/image\/\"},\"sameAs\":[\"https:\/\/www.facebook.com\/SonoraEE\/\",\"https:\/\/x.com\/sonoraenequipo\",\"https:\/\/www.youtube.com\/channel\/UC338nW-lPEYmJQs4ZABQ1SQ\"]},{\"@type\":\"Person\",\"@id\":\"https:\/\/www.sonoraenequipo.com.mx\/#\/schema\/person\/50102df0fb23a8fa9e8effad8fa81386\",\"name\":\"enequipo\",\"image\":{\"@type\":\"ImageObject\",\"inLanguage\":\"es\",\"@id\":\"https:\/\/www.sonoraenequipo.com.mx\/#\/schema\/person\/image\/\",\"url\":\"https:\/\/secure.gravatar.com\/avatar\/049821681b589dabc0bc20695993ccebb09f5b5d4d790cd9251b97faac7c652b?s=96&d=blank&r=g\",\"contentUrl\":\"https:\/\/secure.gravatar.com\/avatar\/049821681b589dabc0bc20695993ccebb09f5b5d4d790cd9251b97faac7c652b?s=96&d=blank&r=g\",\"caption\":\"enequipo\"},\"sameAs\":[\"https:\/\/www.facebook.com\/SonoraEE\"]}]}<\/script>\n ","yoast_head_json":{"title":"Sonora en Equipo. SOMOS NUESTRA MEMORIA. Vivir en la incertidumbre Voces","description":"Hay ma\u00f1anas en que despiertas con pesadillas y ese peso raro en el pecho. No sabes bien si es preocupaci\u00f3n, fatiga o simplemente el hartazgo de leer En Sonora en Equipo publicamos toda la informaci\u00f3n de Sonora, M\u00e9xico y el Mundo de manera oportuna y busca que la libertad de expresi\u00f3n sea real. Visita nuestro medio informativo publicado desde Hermosillo, Sonora. %","robots":{"index":"index","follow":"follow","max-snippet":"max-snippet:-1","max-image-preview":"max-image-preview:large","max-video-preview":"max-video-preview:-1"},"canonical":"https:\/\/www.sonoraenequipo.com.mx\/somos-nuestra-memoria-vivir-en-la-incertidumbre\/","og_locale":"es_ES","og_type":"article","og_title":"Sonora en Equipo. SOMOS NUESTRA MEMORIA. Vivir en la incertidumbre Voces","og_description":"Hay ma\u00f1anas en que despiertas con pesadillas y ese peso raro en el pecho. No sabes bien si es preocupaci\u00f3n, fatiga o simplemente el hartazgo de leer En Sonora en Equipo publicamos toda la informaci\u00f3n de Sonora, M\u00e9xico y el Mundo de manera oportuna y busca que la libertad de expresi\u00f3n sea real. Visita nuestro medio informativo publicado desde Hermosillo, Sonora. %","og_url":"https:\/\/www.sonoraenequipo.com.mx\/somos-nuestra-memoria-vivir-en-la-incertidumbre\/","og_site_name":"Sonora en Equipo.","article_publisher":"https:\/\/www.facebook.com\/SonoraEE\/","article_author":"https:\/\/www.facebook.com\/SonoraEE","article_published_time":"2026-03-14T18:50:00+00:00","article_modified_time":"2026-03-14T19:13:05+00:00","og_image":[{"width":600,"height":400,"url":"https:\/\/www.sonoraenequipo.com.mx\/storage\/2026\/03\/incertidumbre.jpg","type":"image\/jpeg"}],"author":"enequipo","twitter_card":"summary_large_image","twitter_creator":"@sonoraenequipo","twitter_site":"@sonoraenequipo","twitter_misc":{"Escrito por":"enequipo","Tiempo de lectura":"5 minutos"},"schema":{"@context":"https:\/\/schema.org","@graph":[{"@type":"Article","@id":"https:\/\/www.sonoraenequipo.com.mx\/somos-nuestra-memoria-vivir-en-la-incertidumbre\/#article","isPartOf":{"@id":"https:\/\/www.sonoraenequipo.com.mx\/somos-nuestra-memoria-vivir-en-la-incertidumbre\/"},"author":{"name":"enequipo","@id":"https:\/\/www.sonoraenequipo.com.mx\/#\/schema\/person\/50102df0fb23a8fa9e8effad8fa81386"},"headline":"SOMOS NUESTRA MEMORIA. Vivir en la incertidumbre","datePublished":"2026-03-14T18:50:00+00:00","dateModified":"2026-03-14T19:13:05+00:00","mainEntityOfPage":{"@id":"https:\/\/www.sonoraenequipo.com.mx\/somos-nuestra-memoria-vivir-en-la-incertidumbre\/"},"wordCount":924,"commentCount":0,"publisher":{"@id":"https:\/\/www.sonoraenequipo.com.mx\/#organization"},"image":{"@id":"https:\/\/www.sonoraenequipo.com.mx\/somos-nuestra-memoria-vivir-en-la-incertidumbre\/#primaryimage"},"thumbnailUrl":"https:\/\/www.sonoraenequipo.com.mx\/storage\/2026\/03\/incertidumbre.jpg","keywords":["mental","salud"],"articleSection":["Voces"],"inLanguage":"es","potentialAction":[{"@type":"CommentAction","name":"Comment","target":["https:\/\/www.sonoraenequipo.com.mx\/somos-nuestra-memoria-vivir-en-la-incertidumbre\/#respond"]}]},{"@type":"WebPage","@id":"https:\/\/www.sonoraenequipo.com.mx\/somos-nuestra-memoria-vivir-en-la-incertidumbre\/","url":"https:\/\/www.sonoraenequipo.com.mx\/somos-nuestra-memoria-vivir-en-la-incertidumbre\/","name":"Sonora en Equipo. SOMOS NUESTRA MEMORIA. Vivir en la incertidumbre Voces","isPartOf":{"@id":"https:\/\/www.sonoraenequipo.com.mx\/#website"},"primaryImageOfPage":{"@id":"https:\/\/www.sonoraenequipo.com.mx\/somos-nuestra-memoria-vivir-en-la-incertidumbre\/#primaryimage"},"image":{"@id":"https:\/\/www.sonoraenequipo.com.mx\/somos-nuestra-memoria-vivir-en-la-incertidumbre\/#primaryimage"},"thumbnailUrl":"https:\/\/www.sonoraenequipo.com.mx\/storage\/2026\/03\/incertidumbre.jpg","datePublished":"2026-03-14T18:50:00+00:00","dateModified":"2026-03-14T19:13:05+00:00","description":"Hay ma\u00f1anas en que despiertas con pesadillas y ese peso raro en el pecho. No sabes bien si es preocupaci\u00f3n, fatiga o simplemente el hartazgo de leer En Sonora en Equipo publicamos toda la informaci\u00f3n de Sonora, M\u00e9xico y el Mundo de manera oportuna y busca que la libertad de expresi\u00f3n sea real. Visita nuestro medio informativo publicado desde Hermosillo, Sonora. %","breadcrumb":{"@id":"https:\/\/www.sonoraenequipo.com.mx\/somos-nuestra-memoria-vivir-en-la-incertidumbre\/#breadcrumb"},"inLanguage":"es","potentialAction":[{"@type":"ReadAction","target":["https:\/\/www.sonoraenequipo.com.mx\/somos-nuestra-memoria-vivir-en-la-incertidumbre\/"]}]},{"@type":"ImageObject","inLanguage":"es","@id":"https:\/\/www.sonoraenequipo.com.mx\/somos-nuestra-memoria-vivir-en-la-incertidumbre\/#primaryimage","url":"https:\/\/www.sonoraenequipo.com.mx\/storage\/2026\/03\/incertidumbre.jpg","contentUrl":"https:\/\/www.sonoraenequipo.com.mx\/storage\/2026\/03\/incertidumbre.jpg","width":600,"height":400},{"@type":"BreadcrumbList","@id":"https:\/\/www.sonoraenequipo.com.mx\/somos-nuestra-memoria-vivir-en-la-incertidumbre\/#breadcrumb","itemListElement":[{"@type":"ListItem","position":1,"name":"Portada","item":"https:\/\/www.sonoraenequipo.com.mx\/"},{"@type":"ListItem","position":2,"name":"SOMOS NUESTRA MEMORIA. Vivir en la incertidumbre"}]},{"@type":"WebSite","@id":"https:\/\/www.sonoraenequipo.com.mx\/#website","url":"https:\/\/www.sonoraenequipo.com.mx\/","name":"Sonora en Equipo.","description":"Diario en l\u00ednea con Noticias desde Hermosillo, Sonora","publisher":{"@id":"https:\/\/www.sonoraenequipo.com.mx\/#organization"},"potentialAction":[{"@type":"SearchAction","target":{"@type":"EntryPoint","urlTemplate":"https:\/\/www.sonoraenequipo.com.mx\/?s={search_term_string}"},"query-input":{"@type":"PropertyValueSpecification","valueRequired":true,"valueName":"search_term_string"}}],"inLanguage":"es"},{"@type":"Organization","@id":"https:\/\/www.sonoraenequipo.com.mx\/#organization","name":"Sonoraenequipo.com.mx","url":"https:\/\/www.sonoraenequipo.com.mx\/","logo":{"@type":"ImageObject","inLanguage":"es","@id":"https:\/\/www.sonoraenequipo.com.mx\/#\/schema\/logo\/image\/","url":"https:\/\/www.sonoraenequipo.com.mx\/storage\/2019\/01\/sonoraenequipo_opt.png","contentUrl":"https:\/\/www.sonoraenequipo.com.mx\/storage\/2019\/01\/sonoraenequipo_opt.png","width":375,"height":125,"caption":"Sonoraenequipo.com.mx"},"image":{"@id":"https:\/\/www.sonoraenequipo.com.mx\/#\/schema\/logo\/image\/"},"sameAs":["https:\/\/www.facebook.com\/SonoraEE\/","https:\/\/x.com\/sonoraenequipo","https:\/\/www.youtube.com\/channel\/UC338nW-lPEYmJQs4ZABQ1SQ"]},{"@type":"Person","@id":"https:\/\/www.sonoraenequipo.com.mx\/#\/schema\/person\/50102df0fb23a8fa9e8effad8fa81386","name":"enequipo","image":{"@type":"ImageObject","inLanguage":"es","@id":"https:\/\/www.sonoraenequipo.com.mx\/#\/schema\/person\/image\/","url":"https:\/\/secure.gravatar.com\/avatar\/049821681b589dabc0bc20695993ccebb09f5b5d4d790cd9251b97faac7c652b?s=96&d=blank&r=g","contentUrl":"https:\/\/secure.gravatar.com\/avatar\/049821681b589dabc0bc20695993ccebb09f5b5d4d790cd9251b97faac7c652b?s=96&d=blank&r=g","caption":"enequipo"},"sameAs":["https:\/\/www.facebook.com\/SonoraEE"]}]}},"jetpack_featured_media_url":"https:\/\/www.sonoraenequipo.com.mx\/storage\/2026\/03\/incertidumbre.jpg","_links":{"self":[{"href":"https:\/\/www.sonoraenequipo.com.mx\/api\/wp\/v2\/posts\/237441","targetHints":{"allow":["GET"]}}],"collection":[{"href":"https:\/\/www.sonoraenequipo.com.mx\/api\/wp\/v2\/posts"}],"about":[{"href":"https:\/\/www.sonoraenequipo.com.mx\/api\/wp\/v2\/types\/post"}],"author":[{"embeddable":true,"href":"https:\/\/www.sonoraenequipo.com.mx\/api\/wp\/v2\/users\/1"}],"replies":[{"embeddable":true,"href":"https:\/\/www.sonoraenequipo.com.mx\/api\/wp\/v2\/comments?post=237441"}],"version-history":[{"count":1,"href":"https:\/\/www.sonoraenequipo.com.mx\/api\/wp\/v2\/posts\/237441\/revisions"}],"predecessor-version":[{"id":237443,"href":"https:\/\/www.sonoraenequipo.com.mx\/api\/wp\/v2\/posts\/237441\/revisions\/237443"}],"wp:featuredmedia":[{"embeddable":true,"href":"https:\/\/www.sonoraenequipo.com.mx\/api\/wp\/v2\/media\/237442"}],"wp:attachment":[{"href":"https:\/\/www.sonoraenequipo.com.mx\/api\/wp\/v2\/media?parent=237441"}],"wp:term":[{"taxonomy":"category","embeddable":true,"href":"https:\/\/www.sonoraenequipo.com.mx\/api\/wp\/v2\/categories?post=237441"},{"taxonomy":"post_tag","embeddable":true,"href":"https:\/\/www.sonoraenequipo.com.mx\/api\/wp\/v2\/tags?post=237441"}],"curies":[{"name":"wp","href":"https:\/\/api.w.org\/{rel}","templated":true}]}}