{"id":237449,"date":"2026-03-14T14:04:09","date_gmt":"2026-03-14T21:04:09","guid":{"rendered":"https:\/\/www.sonoraenequipo.com.mx\/?p=237449"},"modified":"2026-03-14T14:04:09","modified_gmt":"2026-03-14T21:04:09","slug":"sonorense-con-un-pie-en-jcc-2026-en-lanzamiento-de-martillo","status":"publish","type":"post","link":"https:\/\/www.sonoraenequipo.com.mx\/sonorense-con-un-pie-en-jcc-2026-en-lanzamiento-de-martillo\/","title":{"rendered":"Sonorense con un pie en JCC 2026 en lanzamiento de martillo"},"content":{"rendered":"<p><strong>HERMOSILLO, SONORA, MX. \u2014<\/strong> El lanzador de martillo Jos\u00e9 Eduardo Ch\u00e1vez Espinoza, estudiante de la licenciatura en Derecho de la Universidad de Sonora, campus Hermosillo, gan\u00f3 el Campeonato de la Copa Nuevo Le\u00f3n el pasado 8 de marzo y se coloc\u00f3 como el n\u00famero uno a nivel universitario en M\u00e9xico.<\/p>\n<p>El pasado 8 de marzo, bajo la gu\u00eda del entrenador Raidel L\u00e1zaro Mantilla Zayas, Ch\u00e1vez Espinoza consigui\u00f3 su mejor marca personal en un evento que otorga puntos para el ranking de la World Athletics, el \u00f3rgano de gobierno del atletismo a nivel mundial, lo que lo coloc\u00f3 como el n\u00famero uno a nivel universitario en M\u00e9xico.<\/p>\n<p>El alumno de 21 a\u00f1os, recientemente galardonado con el Premio Estatal de la Juventud en la categor\u00eda de Trayectoria Deportiva, tuvo el mejor lanzamiento al conseguir una marca de 68.18 metros. Esta marca es la posici\u00f3n n\u00famero seis de Centroam\u00e9rica y dos general de M\u00e9xico, y lo coloca hasta la fecha dentro de la clasificaci\u00f3n para Juegos Centroamericanos y del Caribe 2026 (JCC).<\/p>\n<p>\u201cTuvimos un buen resultado, mejoramos la marca personal por tres metros, ahora tenemos una nueva marca de 68 metros con 18 cent\u00edmetros que nos pone ahorita como top uno a nivel universitario y nos pone en el ranking centroamericano para poder acudir a los Juegos Centroamericano en Rep\u00fablica Dominicana\u201d, precis\u00f3.<\/p>\n<p>Su prioridad esta temporada, dijo, es clasificar a JCC 2026. Mientras tanto, este fin de semana viaja a Mexicali, Baja California, para participar en la etapa regional de la Olimpiada Nacional, de la cual se despedir\u00e1 en esta edici\u00f3n y llega como hexacampe\u00f3n, por lo que espera cerrar ese ciclo con su s\u00e9ptimo oro consecutivo. De igual manera buscar\u00e1 ser tricampe\u00f3n universitario.<\/p>\n<p>\u201cLlevo seis oros consecutivos en Olimpiada Nacional, buscamos el s\u00e9ptimo. Guadalajara es una tierra que me vio coronarme campe\u00f3n en 2024, esperamos que se repita este 2026 y tener el mejor resultado posible. Como universitario vamos por el tricampeonato, llevo dos oros consecutivos, novate\u00e9 con plata en 2023, oro en 2024, oro en 2025, vamos por ese tricampeonato\u201d, comparti\u00f3.<\/p>\n<p><strong>Fecha de publicaci\u00f3n s\u00e1bado 14 de marzo de 2026<\/strong><\/p>\n","protected":false},"excerpt":{"rendered":"<p>HERMOSILLO, SONORA, MX. \u2014 El lanzador de martillo Jos\u00e9 Eduardo Ch\u00e1vez Espinoza, estudiante de la&#8230;<\/p>\n","protected":false},"author":1,"featured_media":237450,"comment_status":"open","ping_status":"open","sticky":false,"template":"","format":"standard","meta":{"_monsterinsights_skip_tracking":false,"_monsterinsights_sitenote_active":false,"_monsterinsights_sitenote_note":"","_monsterinsights_sitenote_category":0,"footnotes":""},"categories":[10],"tags":[10966,8003,12474,12475],"class_list":["post"],"yoast_head":" \n<title>Sonora en Equipo. Sonorense con un pie en JCC 2026 en lanzamiento de martillo Deportes<\/title>\n<meta name=\"description\" content=\"HERMOSILLO, SONORA, MX. \u2014 El lanzador de martillo Jos\u00e9 Eduardo Ch\u00e1vez Espinoza, estudiante de la licenciatura en Derecho de la Universidad de Sonora, En Sonora en Equipo publicamos toda la informaci\u00f3n de Sonora, M\u00e9xico y el Mundo de manera oportuna y busca que la libertad de expresi\u00f3n sea real. Visita nuestro medio informativo publicado desde Hermosillo, Sonora. %\" \/>\n<meta name=\"robots\" content=\"index, follow, max-snippet:-1, max-image-preview:large, max-video-preview:-1\" \/>\n<link rel=\"canonical\" href=\"https:\/\/www.sonoraenequipo.com.mx\/sonorense-con-un-pie-en-jcc-2026-en-lanzamiento-de-martillo\/\" \/>\n<meta property=\"og:locale\" content=\"es_ES\" \/>\n<meta property=\"og:type\" content=\"article\" \/>\n<meta property=\"og:title\" content=\"Sonora en Equipo. Sonorense con un pie en JCC 2026 en lanzamiento de martillo Deportes\" \/>\n<meta property=\"og:description\" content=\"HERMOSILLO, SONORA, MX. \u2014 El lanzador de martillo Jos\u00e9 Eduardo Ch\u00e1vez Espinoza, estudiante de la licenciatura en Derecho de la Universidad de Sonora, En Sonora en Equipo publicamos toda la informaci\u00f3n de Sonora, M\u00e9xico y el Mundo de manera oportuna y busca que la libertad de expresi\u00f3n sea real. Visita nuestro medio informativo publicado desde Hermosillo, Sonora. %\" \/>\n<meta property=\"og:url\" content=\"https:\/\/www.sonoraenequipo.com.mx\/sonorense-con-un-pie-en-jcc-2026-en-lanzamiento-de-martillo\/\" \/>\n<meta property=\"og:site_name\" content=\"Sonora en Equipo.\" \/>\n<meta property=\"article:publisher\" content=\"https:\/\/www.facebook.com\/SonoraEE\/\" \/>\n<meta property=\"article:author\" content=\"https:\/\/www.facebook.com\/SonoraEE\" \/>\n<meta property=\"article:published_time\" content=\"2026-03-14T21:04:09+00:00\" \/>\n<meta property=\"og:image\" content=\"https:\/\/www.sonoraenequipo.com.mx\/storage\/2026\/03\/martillo.jpg\" \/>\n\t<meta property=\"og:image:width\" content=\"600\" \/>\n\t<meta property=\"og:image:height\" content=\"400\" \/>\n\t<meta property=\"og:image:type\" content=\"image\/jpeg\" \/>\n<meta name=\"author\" content=\"enequipo\" \/>\n<meta name=\"twitter:card\" content=\"summary_large_image\" \/>\n<meta name=\"twitter:creator\" content=\"@sonoraenequipo\" \/>\n<meta name=\"twitter:site\" content=\"@sonoraenequipo\" \/>\n<meta name=\"twitter:label1\" content=\"Escrito por\" \/>\n\t<meta name=\"twitter:data1\" content=\"enequipo\" \/>\n\t<meta name=\"twitter:label2\" content=\"Tiempo de lectura\" \/>\n\t<meta name=\"twitter:data2\" content=\"2 minutos\" \/>\n<script type=\"application\/ld+json\" class=\"yoast-schema-graph\">{\"@context\":\"https:\/\/schema.org\",\"@graph\":[{\"@type\":\"Article\",\"@id\":\"https:\/\/www.sonoraenequipo.com.mx\/sonorense-con-un-pie-en-jcc-2026-en-lanzamiento-de-martillo\/#article\",\"isPartOf\":{\"@id\":\"https:\/\/www.sonoraenequipo.com.mx\/sonorense-con-un-pie-en-jcc-2026-en-lanzamiento-de-martillo\/\"},\"author\":{\"name\":\"enequipo\",\"@id\":\"https:\/\/www.sonoraenequipo.com.mx\/#\/schema\/person\/50102df0fb23a8fa9e8effad8fa81386\"},\"headline\":\"Sonorense con un pie en JCC 2026 en lanzamiento de martillo\",\"datePublished\":\"2026-03-14T21:04:09+00:00\",\"mainEntityOfPage\":{\"@id\":\"https:\/\/www.sonoraenequipo.com.mx\/sonorense-con-un-pie-en-jcc-2026-en-lanzamiento-de-martillo\/\"},\"wordCount\":369,\"commentCount\":0,\"publisher\":{\"@id\":\"https:\/\/www.sonoraenequipo.com.mx\/#organization\"},\"image\":{\"@id\":\"https:\/\/www.sonoraenequipo.com.mx\/sonorense-con-un-pie-en-jcc-2026-en-lanzamiento-de-martillo\/#primaryimage\"},\"thumbnailUrl\":\"https:\/\/www.sonoraenequipo.com.mx\/storage\/2026\/03\/martillo.jpg\",\"keywords\":[\"2026\",\"jcc\",\"lanzamiento\",\"martillo\"],\"articleSection\":[\"Deportes\"],\"inLanguage\":\"es\",\"potentialAction\":[{\"@type\":\"CommentAction\",\"name\":\"Comment\",\"target\":[\"https:\/\/www.sonoraenequipo.com.mx\/sonorense-con-un-pie-en-jcc-2026-en-lanzamiento-de-martillo\/#respond\"]}]},{\"@type\":\"WebPage\",\"@id\":\"https:\/\/www.sonoraenequipo.com.mx\/sonorense-con-un-pie-en-jcc-2026-en-lanzamiento-de-martillo\/\",\"url\":\"https:\/\/www.sonoraenequipo.com.mx\/sonorense-con-un-pie-en-jcc-2026-en-lanzamiento-de-martillo\/\",\"name\":\"Sonora en Equipo. Sonorense con un pie en JCC 2026 en lanzamiento de martillo Deportes\",\"isPartOf\":{\"@id\":\"https:\/\/www.sonoraenequipo.com.mx\/#website\"},\"primaryImageOfPage\":{\"@id\":\"https:\/\/www.sonoraenequipo.com.mx\/sonorense-con-un-pie-en-jcc-2026-en-lanzamiento-de-martillo\/#primaryimage\"},\"image\":{\"@id\":\"https:\/\/www.sonoraenequipo.com.mx\/sonorense-con-un-pie-en-jcc-2026-en-lanzamiento-de-martillo\/#primaryimage\"},\"thumbnailUrl\":\"https:\/\/www.sonoraenequipo.com.mx\/storage\/2026\/03\/martillo.jpg\",\"datePublished\":\"2026-03-14T21:04:09+00:00\",\"description\":\"HERMOSILLO, SONORA, MX. \u2014 El lanzador de martillo Jos\u00e9 Eduardo Ch\u00e1vez Espinoza, estudiante de la licenciatura en Derecho de la Universidad de Sonora, En Sonora en Equipo publicamos toda la informaci\u00f3n de Sonora, M\u00e9xico y el Mundo de manera oportuna y busca que la libertad de expresi\u00f3n sea real. Visita nuestro medio informativo publicado desde Hermosillo, Sonora. %\",\"breadcrumb\":{\"@id\":\"https:\/\/www.sonoraenequipo.com.mx\/sonorense-con-un-pie-en-jcc-2026-en-lanzamiento-de-martillo\/#breadcrumb\"},\"inLanguage\":\"es\",\"potentialAction\":[{\"@type\":\"ReadAction\",\"target\":[\"https:\/\/www.sonoraenequipo.com.mx\/sonorense-con-un-pie-en-jcc-2026-en-lanzamiento-de-martillo\/\"]}]},{\"@type\":\"ImageObject\",\"inLanguage\":\"es\",\"@id\":\"https:\/\/www.sonoraenequipo.com.mx\/sonorense-con-un-pie-en-jcc-2026-en-lanzamiento-de-martillo\/#primaryimage\",\"url\":\"https:\/\/www.sonoraenequipo.com.mx\/storage\/2026\/03\/martillo.jpg\",\"contentUrl\":\"https:\/\/www.sonoraenequipo.com.mx\/storage\/2026\/03\/martillo.jpg\",\"width\":600,\"height\":400},{\"@type\":\"BreadcrumbList\",\"@id\":\"https:\/\/www.sonoraenequipo.com.mx\/sonorense-con-un-pie-en-jcc-2026-en-lanzamiento-de-martillo\/#breadcrumb\",\"itemListElement\":[{\"@type\":\"ListItem\",\"position\":1,\"name\":\"Portada\",\"item\":\"https:\/\/www.sonoraenequipo.com.mx\/\"},{\"@type\":\"ListItem\",\"position\":2,\"name\":\"Sonorense con un pie en JCC 2026 en lanzamiento de martillo\"}]},{\"@type\":\"WebSite\",\"@id\":\"https:\/\/www.sonoraenequipo.com.mx\/#website\",\"url\":\"https:\/\/www.sonoraenequipo.com.mx\/\",\"name\":\"Sonora en Equipo.\",\"description\":\"Diario en l\u00ednea con Noticias desde Hermosillo, Sonora\",\"publisher\":{\"@id\":\"https:\/\/www.sonoraenequipo.com.mx\/#organization\"},\"potentialAction\":[{\"@type\":\"SearchAction\",\"target\":{\"@type\":\"EntryPoint\",\"urlTemplate\":\"https:\/\/www.sonoraenequipo.com.mx\/?s={search_term_string}\"},\"query-input\":{\"@type\":\"PropertyValueSpecification\",\"valueRequired\":true,\"valueName\":\"search_term_string\"}}],\"inLanguage\":\"es\"},{\"@type\":\"Organization\",\"@id\":\"https:\/\/www.sonoraenequipo.com.mx\/#organization\",\"name\":\"Sonoraenequipo.com.mx\",\"url\":\"https:\/\/www.sonoraenequipo.com.mx\/\",\"logo\":{\"@type\":\"ImageObject\",\"inLanguage\":\"es\",\"@id\":\"https:\/\/www.sonoraenequipo.com.mx\/#\/schema\/logo\/image\/\",\"url\":\"https:\/\/www.sonoraenequipo.com.mx\/storage\/2019\/01\/sonoraenequipo_opt.png\",\"contentUrl\":\"https:\/\/www.sonoraenequipo.com.mx\/storage\/2019\/01\/sonoraenequipo_opt.png\",\"width\":375,\"height\":125,\"caption\":\"Sonoraenequipo.com.mx\"},\"image\":{\"@id\":\"https:\/\/www.sonoraenequipo.com.mx\/#\/schema\/logo\/image\/\"},\"sameAs\":[\"https:\/\/www.facebook.com\/SonoraEE\/\",\"https:\/\/x.com\/sonoraenequipo\",\"https:\/\/www.youtube.com\/channel\/UC338nW-lPEYmJQs4ZABQ1SQ\"]},{\"@type\":\"Person\",\"@id\":\"https:\/\/www.sonoraenequipo.com.mx\/#\/schema\/person\/50102df0fb23a8fa9e8effad8fa81386\",\"name\":\"enequipo\",\"image\":{\"@type\":\"ImageObject\",\"inLanguage\":\"es\",\"@id\":\"https:\/\/www.sonoraenequipo.com.mx\/#\/schema\/person\/image\/\",\"url\":\"https:\/\/secure.gravatar.com\/avatar\/049821681b589dabc0bc20695993ccebb09f5b5d4d790cd9251b97faac7c652b?s=96&d=blank&r=g\",\"contentUrl\":\"https:\/\/secure.gravatar.com\/avatar\/049821681b589dabc0bc20695993ccebb09f5b5d4d790cd9251b97faac7c652b?s=96&d=blank&r=g\",\"caption\":\"enequipo\"},\"sameAs\":[\"https:\/\/www.facebook.com\/SonoraEE\"]}]}<\/script>\n ","yoast_head_json":{"title":"Sonora en Equipo. Sonorense con un pie en JCC 2026 en lanzamiento de martillo Deportes","description":"HERMOSILLO, SONORA, MX. \u2014 El lanzador de martillo Jos\u00e9 Eduardo Ch\u00e1vez Espinoza, estudiante de la licenciatura en Derecho de la Universidad de Sonora, En Sonora en Equipo publicamos toda la informaci\u00f3n de Sonora, M\u00e9xico y el Mundo de manera oportuna y busca que la libertad de expresi\u00f3n sea real. Visita nuestro medio informativo publicado desde Hermosillo, Sonora. %","robots":{"index":"index","follow":"follow","max-snippet":"max-snippet:-1","max-image-preview":"max-image-preview:large","max-video-preview":"max-video-preview:-1"},"canonical":"https:\/\/www.sonoraenequipo.com.mx\/sonorense-con-un-pie-en-jcc-2026-en-lanzamiento-de-martillo\/","og_locale":"es_ES","og_type":"article","og_title":"Sonora en Equipo. Sonorense con un pie en JCC 2026 en lanzamiento de martillo Deportes","og_description":"HERMOSILLO, SONORA, MX. \u2014 El lanzador de martillo Jos\u00e9 Eduardo Ch\u00e1vez Espinoza, estudiante de la licenciatura en Derecho de la Universidad de Sonora, En Sonora en Equipo publicamos toda la informaci\u00f3n de Sonora, M\u00e9xico y el Mundo de manera oportuna y busca que la libertad de expresi\u00f3n sea real. Visita nuestro medio informativo publicado desde Hermosillo, Sonora. %","og_url":"https:\/\/www.sonoraenequipo.com.mx\/sonorense-con-un-pie-en-jcc-2026-en-lanzamiento-de-martillo\/","og_site_name":"Sonora en Equipo.","article_publisher":"https:\/\/www.facebook.com\/SonoraEE\/","article_author":"https:\/\/www.facebook.com\/SonoraEE","article_published_time":"2026-03-14T21:04:09+00:00","og_image":[{"width":600,"height":400,"url":"https:\/\/www.sonoraenequipo.com.mx\/storage\/2026\/03\/martillo.jpg","type":"image\/jpeg"}],"author":"enequipo","twitter_card":"summary_large_image","twitter_creator":"@sonoraenequipo","twitter_site":"@sonoraenequipo","twitter_misc":{"Escrito por":"enequipo","Tiempo de lectura":"2 minutos"},"schema":{"@context":"https:\/\/schema.org","@graph":[{"@type":"Article","@id":"https:\/\/www.sonoraenequipo.com.mx\/sonorense-con-un-pie-en-jcc-2026-en-lanzamiento-de-martillo\/#article","isPartOf":{"@id":"https:\/\/www.sonoraenequipo.com.mx\/sonorense-con-un-pie-en-jcc-2026-en-lanzamiento-de-martillo\/"},"author":{"name":"enequipo","@id":"https:\/\/www.sonoraenequipo.com.mx\/#\/schema\/person\/50102df0fb23a8fa9e8effad8fa81386"},"headline":"Sonorense con un pie en JCC 2026 en lanzamiento de martillo","datePublished":"2026-03-14T21:04:09+00:00","mainEntityOfPage":{"@id":"https:\/\/www.sonoraenequipo.com.mx\/sonorense-con-un-pie-en-jcc-2026-en-lanzamiento-de-martillo\/"},"wordCount":369,"commentCount":0,"publisher":{"@id":"https:\/\/www.sonoraenequipo.com.mx\/#organization"},"image":{"@id":"https:\/\/www.sonoraenequipo.com.mx\/sonorense-con-un-pie-en-jcc-2026-en-lanzamiento-de-martillo\/#primaryimage"},"thumbnailUrl":"https:\/\/www.sonoraenequipo.com.mx\/storage\/2026\/03\/martillo.jpg","keywords":["2026","jcc","lanzamiento","martillo"],"articleSection":["Deportes"],"inLanguage":"es","potentialAction":[{"@type":"CommentAction","name":"Comment","target":["https:\/\/www.sonoraenequipo.com.mx\/sonorense-con-un-pie-en-jcc-2026-en-lanzamiento-de-martillo\/#respond"]}]},{"@type":"WebPage","@id":"https:\/\/www.sonoraenequipo.com.mx\/sonorense-con-un-pie-en-jcc-2026-en-lanzamiento-de-martillo\/","url":"https:\/\/www.sonoraenequipo.com.mx\/sonorense-con-un-pie-en-jcc-2026-en-lanzamiento-de-martillo\/","name":"Sonora en Equipo. Sonorense con un pie en JCC 2026 en lanzamiento de martillo Deportes","isPartOf":{"@id":"https:\/\/www.sonoraenequipo.com.mx\/#website"},"primaryImageOfPage":{"@id":"https:\/\/www.sonoraenequipo.com.mx\/sonorense-con-un-pie-en-jcc-2026-en-lanzamiento-de-martillo\/#primaryimage"},"image":{"@id":"https:\/\/www.sonoraenequipo.com.mx\/sonorense-con-un-pie-en-jcc-2026-en-lanzamiento-de-martillo\/#primaryimage"},"thumbnailUrl":"https:\/\/www.sonoraenequipo.com.mx\/storage\/2026\/03\/martillo.jpg","datePublished":"2026-03-14T21:04:09+00:00","description":"HERMOSILLO, SONORA, MX. \u2014 El lanzador de martillo Jos\u00e9 Eduardo Ch\u00e1vez Espinoza, estudiante de la licenciatura en Derecho de la Universidad de Sonora, En Sonora en Equipo publicamos toda la informaci\u00f3n de Sonora, M\u00e9xico y el Mundo de manera oportuna y busca que la libertad de expresi\u00f3n sea real. Visita nuestro medio informativo publicado desde Hermosillo, Sonora. %","breadcrumb":{"@id":"https:\/\/www.sonoraenequipo.com.mx\/sonorense-con-un-pie-en-jcc-2026-en-lanzamiento-de-martillo\/#breadcrumb"},"inLanguage":"es","potentialAction":[{"@type":"ReadAction","target":["https:\/\/www.sonoraenequipo.com.mx\/sonorense-con-un-pie-en-jcc-2026-en-lanzamiento-de-martillo\/"]}]},{"@type":"ImageObject","inLanguage":"es","@id":"https:\/\/www.sonoraenequipo.com.mx\/sonorense-con-un-pie-en-jcc-2026-en-lanzamiento-de-martillo\/#primaryimage","url":"https:\/\/www.sonoraenequipo.com.mx\/storage\/2026\/03\/martillo.jpg","contentUrl":"https:\/\/www.sonoraenequipo.com.mx\/storage\/2026\/03\/martillo.jpg","width":600,"height":400},{"@type":"BreadcrumbList","@id":"https:\/\/www.sonoraenequipo.com.mx\/sonorense-con-un-pie-en-jcc-2026-en-lanzamiento-de-martillo\/#breadcrumb","itemListElement":[{"@type":"ListItem","position":1,"name":"Portada","item":"https:\/\/www.sonoraenequipo.com.mx\/"},{"@type":"ListItem","position":2,"name":"Sonorense con un pie en JCC 2026 en lanzamiento de martillo"}]},{"@type":"WebSite","@id":"https:\/\/www.sonoraenequipo.com.mx\/#website","url":"https:\/\/www.sonoraenequipo.com.mx\/","name":"Sonora en Equipo.","description":"Diario en l\u00ednea con Noticias desde Hermosillo, Sonora","publisher":{"@id":"https:\/\/www.sonoraenequipo.com.mx\/#organization"},"potentialAction":[{"@type":"SearchAction","target":{"@type":"EntryPoint","urlTemplate":"https:\/\/www.sonoraenequipo.com.mx\/?s={search_term_string}"},"query-input":{"@type":"PropertyValueSpecification","valueRequired":true,"valueName":"search_term_string"}}],"inLanguage":"es"},{"@type":"Organization","@id":"https:\/\/www.sonoraenequipo.com.mx\/#organization","name":"Sonoraenequipo.com.mx","url":"https:\/\/www.sonoraenequipo.com.mx\/","logo":{"@type":"ImageObject","inLanguage":"es","@id":"https:\/\/www.sonoraenequipo.com.mx\/#\/schema\/logo\/image\/","url":"https:\/\/www.sonoraenequipo.com.mx\/storage\/2019\/01\/sonoraenequipo_opt.png","contentUrl":"https:\/\/www.sonoraenequipo.com.mx\/storage\/2019\/01\/sonoraenequipo_opt.png","width":375,"height":125,"caption":"Sonoraenequipo.com.mx"},"image":{"@id":"https:\/\/www.sonoraenequipo.com.mx\/#\/schema\/logo\/image\/"},"sameAs":["https:\/\/www.facebook.com\/SonoraEE\/","https:\/\/x.com\/sonoraenequipo","https:\/\/www.youtube.com\/channel\/UC338nW-lPEYmJQs4ZABQ1SQ"]},{"@type":"Person","@id":"https:\/\/www.sonoraenequipo.com.mx\/#\/schema\/person\/50102df0fb23a8fa9e8effad8fa81386","name":"enequipo","image":{"@type":"ImageObject","inLanguage":"es","@id":"https:\/\/www.sonoraenequipo.com.mx\/#\/schema\/person\/image\/","url":"https:\/\/secure.gravatar.com\/avatar\/049821681b589dabc0bc20695993ccebb09f5b5d4d790cd9251b97faac7c652b?s=96&d=blank&r=g","contentUrl":"https:\/\/secure.gravatar.com\/avatar\/049821681b589dabc0bc20695993ccebb09f5b5d4d790cd9251b97faac7c652b?s=96&d=blank&r=g","caption":"enequipo"},"sameAs":["https:\/\/www.facebook.com\/SonoraEE"]}]}},"jetpack_featured_media_url":"https:\/\/www.sonoraenequipo.com.mx\/storage\/2026\/03\/martillo.jpg","_links":{"self":[{"href":"https:\/\/www.sonoraenequipo.com.mx\/api\/wp\/v2\/posts\/237449","targetHints":{"allow":["GET"]}}],"collection":[{"href":"https:\/\/www.sonoraenequipo.com.mx\/api\/wp\/v2\/posts"}],"about":[{"href":"https:\/\/www.sonoraenequipo.com.mx\/api\/wp\/v2\/types\/post"}],"author":[{"embeddable":true,"href":"https:\/\/www.sonoraenequipo.com.mx\/api\/wp\/v2\/users\/1"}],"replies":[{"embeddable":true,"href":"https:\/\/www.sonoraenequipo.com.mx\/api\/wp\/v2\/comments?post=237449"}],"version-history":[{"count":1,"href":"https:\/\/www.sonoraenequipo.com.mx\/api\/wp\/v2\/posts\/237449\/revisions"}],"predecessor-version":[{"id":237451,"href":"https:\/\/www.sonoraenequipo.com.mx\/api\/wp\/v2\/posts\/237449\/revisions\/237451"}],"wp:featuredmedia":[{"embeddable":true,"href":"https:\/\/www.sonoraenequipo.com.mx\/api\/wp\/v2\/media\/237450"}],"wp:attachment":[{"href":"https:\/\/www.sonoraenequipo.com.mx\/api\/wp\/v2\/media?parent=237449"}],"wp:term":[{"taxonomy":"category","embeddable":true,"href":"https:\/\/www.sonoraenequipo.com.mx\/api\/wp\/v2\/categories?post=237449"},{"taxonomy":"post_tag","embeddable":true,"href":"https:\/\/www.sonoraenequipo.com.mx\/api\/wp\/v2\/tags?post=237449"}],"curies":[{"name":"wp","href":"https:\/\/api.w.org\/{rel}","templated":true}]}}