{"id":237461,"date":"2026-03-14T15:41:51","date_gmt":"2026-03-14T22:41:51","guid":{"rendered":"https:\/\/www.sonoraenequipo.com.mx\/?p=237461"},"modified":"2026-03-14T15:41:51","modified_gmt":"2026-03-14T22:41:51","slug":"protesta-por-apagones-en-cuba-termina-con-cinco-detenidos","status":"publish","type":"post","link":"https:\/\/www.sonoraenequipo.com.mx\/protesta-por-apagones-en-cuba-termina-con-cinco-detenidos\/","title":{"rendered":"Protesta por apagones en Cuba termina con cinco detenidos"},"content":{"rendered":"<p><strong>MOR\u00d3N,CUBA. \u2014<\/strong> Varias personas asaltaron en la madrugada de este s\u00e1bado (14.03.2026) una sede del Partido Comunista de Cuba (\u00fanico legal en el pa\u00eds), en el municipio de Mor\u00f3n, provincia Ciego de \u00c1vila, como protesta por los prolongados apagones y la falta de alimentos, seg\u00fan inform\u00f3 el peri\u00f3dico oficial Invasor, que detall\u00f3 que como resultado de estos \u00abhechos vand\u00e1licos\u201d cinco personas fueron detenidas.<\/p>\n<p>&nbsp;<\/p>\n<p>\u00abLo que en un inicio transcurri\u00f3 de manera pac\u00edfica, y tras un intercambio con autoridades del territorio, deriv\u00f3 en hechos vand\u00e1licos contra la sede del Comit\u00e9 Municipal del Partido, donde un grupo m\u00e1s reducido de personas apedrearon la entrada del inmueble y provocaron un incendio en la v\u00eda p\u00fablica con los muebles de la recepci\u00f3n\u00bb, precis\u00f3 Invasor.<\/p>\n<p>&nbsp;<\/p>\n<p>Seg\u00fan testimonios, varios centenares de personas se concentraron en la noche del viernes en Mor\u00f3n tras m\u00e1s de un d\u00eda entero sin corriente el\u00e9ctrica en sus domicilios, fruto de la crisis energ\u00e9tica del pa\u00eds. Los manifestantes, de distintas edades, recorrieron de forma pac\u00edfica algunas calles de la ciudad, golpeando cacerolas y con las linternas de sus tel\u00e9fonos encendidas y en alto debido a la oscuridad.<\/p>\n<p>&nbsp;<\/p>\n<p>\u00ab\u00a1Abajo la dictadura!\u00bb<\/p>\n<p>Los participantes gritaban lemas como \u00ab\u00a1Corriente y comida!\u00bb, \u00ab\u00a1Libertad!\u00bb, \u00ab\u00a1Pongan la corriente!\u00bb, \u00ab\u00a1Patria y Vida!\u00bb y \u00ab\u00a1Abajo la dictadura!\u00bb, adem\u00e1s de algunos insultos contra el presidente de Cuba, Miguel D\u00edaz-Canel, seg\u00fan distintos videos divulgados en redes sociales, que tambi\u00e9n muestran el asalto a la instituci\u00f3n gubernamental y la quema de bienes en la v\u00eda p\u00fablica.<\/p>\n<p>&nbsp;<\/p>\n<p>Equipos especiales del Ministerio del Interior cargaron contra las personas congregadas frente a la sede del partido, momento en que se llevaron a cabo las detenciones. Seg\u00fan Invasor, las manifestaciones tambi\u00e9n provocaron da\u00f1os a otros establecimientos estatales del territorio y \u00abuna persona en estado de embriaguez sufri\u00f3 una ca\u00edda\u00bb y est\u00e1 siendo atendida en un centro hospitalario, aunque no se mencionan las lesiones de la persona ni su vinculaci\u00f3n con los hechos.<\/p>\n<p>&nbsp;<\/p>\n<p>Mientras se agudiza la escasez de combustible, productos b\u00e1sicos y se prolongan los cortes de electricidad, muchos cubanos expresan su descontento p\u00fablico con protestas nocturnas, que en la mayor\u00eda de los casos se reducen a toques de cacerolas en la v\u00eda p\u00fablica o desde el interior de sus viviendas.<\/p>\n<p>&nbsp;<\/p>\n<p><strong>Fecha de publicaci\u00f3n s\u00e1bado 14 de marzo de 2026\/DW<\/strong><\/p>\n<p>&nbsp;<\/p>\n","protected":false},"excerpt":{"rendered":"<p>MOR\u00d3N,CUBA. \u2014 Varias personas asaltaron en la madrugada de este s\u00e1bado (14.03.2026) una sede del&#8230;<\/p>\n","protected":false},"author":1,"featured_media":237462,"comment_status":"open","ping_status":"open","sticky":false,"template":"","format":"standard","meta":{"_monsterinsights_skip_tracking":false,"_monsterinsights_sitenote_active":false,"_monsterinsights_sitenote_note":"","_monsterinsights_sitenote_category":0,"footnotes":""},"categories":[3],"tags":[12476,7948,12477],"class_list":["post"],"yoast_head":" \n<title>Sonora en Equipo. Protesta por apagones en Cuba termina con cinco detenidos MUNDO<\/title>\n<meta name=\"description\" content=\"MOR\u00d3N,CUBA. \u2014 Varias personas asaltaron en la madrugada de este s\u00e1bado (14.03.2026) una sede del Partido Comunista de Cuba (\u00fanico legal en el pa\u00eds), en el En Sonora en Equipo publicamos toda la informaci\u00f3n de Sonora, M\u00e9xico y el Mundo de manera oportuna y busca que la libertad de expresi\u00f3n sea real. Visita nuestro medio informativo publicado desde Hermosillo, Sonora. %\" \/>\n<meta name=\"robots\" content=\"index, follow, max-snippet:-1, max-image-preview:large, max-video-preview:-1\" \/>\n<link rel=\"canonical\" href=\"https:\/\/www.sonoraenequipo.com.mx\/protesta-por-apagones-en-cuba-termina-con-cinco-detenidos\/\" \/>\n<meta property=\"og:locale\" content=\"es_ES\" \/>\n<meta property=\"og:type\" content=\"article\" \/>\n<meta property=\"og:title\" content=\"Sonora en Equipo. Protesta por apagones en Cuba termina con cinco detenidos MUNDO\" \/>\n<meta property=\"og:description\" content=\"MOR\u00d3N,CUBA. \u2014 Varias personas asaltaron en la madrugada de este s\u00e1bado (14.03.2026) una sede del Partido Comunista de Cuba (\u00fanico legal en el pa\u00eds), en el En Sonora en Equipo publicamos toda la informaci\u00f3n de Sonora, M\u00e9xico y el Mundo de manera oportuna y busca que la libertad de expresi\u00f3n sea real. Visita nuestro medio informativo publicado desde Hermosillo, Sonora. %\" \/>\n<meta property=\"og:url\" content=\"https:\/\/www.sonoraenequipo.com.mx\/protesta-por-apagones-en-cuba-termina-con-cinco-detenidos\/\" \/>\n<meta property=\"og:site_name\" content=\"Sonora en Equipo.\" \/>\n<meta property=\"article:publisher\" content=\"https:\/\/www.facebook.com\/SonoraEE\/\" \/>\n<meta property=\"article:author\" content=\"https:\/\/www.facebook.com\/SonoraEE\" \/>\n<meta property=\"article:published_time\" content=\"2026-03-14T22:41:51+00:00\" \/>\n<meta property=\"og:image\" content=\"https:\/\/www.sonoraenequipo.com.mx\/storage\/2026\/03\/protestas-cuba.jpg\" \/>\n\t<meta property=\"og:image:width\" content=\"600\" \/>\n\t<meta property=\"og:image:height\" content=\"400\" \/>\n\t<meta property=\"og:image:type\" content=\"image\/jpeg\" \/>\n<meta name=\"author\" content=\"enequipo\" \/>\n<meta name=\"twitter:card\" content=\"summary_large_image\" \/>\n<meta name=\"twitter:creator\" content=\"@sonoraenequipo\" \/>\n<meta name=\"twitter:site\" content=\"@sonoraenequipo\" \/>\n<meta name=\"twitter:label1\" content=\"Escrito por\" \/>\n\t<meta name=\"twitter:data1\" content=\"enequipo\" \/>\n\t<meta name=\"twitter:label2\" content=\"Tiempo de lectura\" \/>\n\t<meta name=\"twitter:data2\" content=\"2 minutos\" \/>\n<script type=\"application\/ld+json\" class=\"yoast-schema-graph\">{\"@context\":\"https:\/\/schema.org\",\"@graph\":[{\"@type\":\"Article\",\"@id\":\"https:\/\/www.sonoraenequipo.com.mx\/protesta-por-apagones-en-cuba-termina-con-cinco-detenidos\/#article\",\"isPartOf\":{\"@id\":\"https:\/\/www.sonoraenequipo.com.mx\/protesta-por-apagones-en-cuba-termina-con-cinco-detenidos\/\"},\"author\":{\"name\":\"enequipo\",\"@id\":\"https:\/\/www.sonoraenequipo.com.mx\/#\/schema\/person\/50102df0fb23a8fa9e8effad8fa81386\"},\"headline\":\"Protesta por apagones en Cuba termina con cinco detenidos\",\"datePublished\":\"2026-03-14T22:41:51+00:00\",\"mainEntityOfPage\":{\"@id\":\"https:\/\/www.sonoraenequipo.com.mx\/protesta-por-apagones-en-cuba-termina-con-cinco-detenidos\/\"},\"wordCount\":428,\"commentCount\":0,\"publisher\":{\"@id\":\"https:\/\/www.sonoraenequipo.com.mx\/#organization\"},\"image\":{\"@id\":\"https:\/\/www.sonoraenequipo.com.mx\/protesta-por-apagones-en-cuba-termina-con-cinco-detenidos\/#primaryimage\"},\"thumbnailUrl\":\"https:\/\/www.sonoraenequipo.com.mx\/storage\/2026\/03\/protestas-cuba.jpg\",\"keywords\":[\"apagones\",\"detenidos\",\"uba\"],\"articleSection\":[\"MUNDO\"],\"inLanguage\":\"es\",\"potentialAction\":[{\"@type\":\"CommentAction\",\"name\":\"Comment\",\"target\":[\"https:\/\/www.sonoraenequipo.com.mx\/protesta-por-apagones-en-cuba-termina-con-cinco-detenidos\/#respond\"]}]},{\"@type\":\"WebPage\",\"@id\":\"https:\/\/www.sonoraenequipo.com.mx\/protesta-por-apagones-en-cuba-termina-con-cinco-detenidos\/\",\"url\":\"https:\/\/www.sonoraenequipo.com.mx\/protesta-por-apagones-en-cuba-termina-con-cinco-detenidos\/\",\"name\":\"Sonora en Equipo. Protesta por apagones en Cuba termina con cinco detenidos MUNDO\",\"isPartOf\":{\"@id\":\"https:\/\/www.sonoraenequipo.com.mx\/#website\"},\"primaryImageOfPage\":{\"@id\":\"https:\/\/www.sonoraenequipo.com.mx\/protesta-por-apagones-en-cuba-termina-con-cinco-detenidos\/#primaryimage\"},\"image\":{\"@id\":\"https:\/\/www.sonoraenequipo.com.mx\/protesta-por-apagones-en-cuba-termina-con-cinco-detenidos\/#primaryimage\"},\"thumbnailUrl\":\"https:\/\/www.sonoraenequipo.com.mx\/storage\/2026\/03\/protestas-cuba.jpg\",\"datePublished\":\"2026-03-14T22:41:51+00:00\",\"description\":\"MOR\u00d3N,CUBA. \u2014 Varias personas asaltaron en la madrugada de este s\u00e1bado (14.03.2026) una sede del Partido Comunista de Cuba (\u00fanico legal en el pa\u00eds), en el En Sonora en Equipo publicamos toda la informaci\u00f3n de Sonora, M\u00e9xico y el Mundo de manera oportuna y busca que la libertad de expresi\u00f3n sea real. Visita nuestro medio informativo publicado desde Hermosillo, Sonora. %\",\"breadcrumb\":{\"@id\":\"https:\/\/www.sonoraenequipo.com.mx\/protesta-por-apagones-en-cuba-termina-con-cinco-detenidos\/#breadcrumb\"},\"inLanguage\":\"es\",\"potentialAction\":[{\"@type\":\"ReadAction\",\"target\":[\"https:\/\/www.sonoraenequipo.com.mx\/protesta-por-apagones-en-cuba-termina-con-cinco-detenidos\/\"]}]},{\"@type\":\"ImageObject\",\"inLanguage\":\"es\",\"@id\":\"https:\/\/www.sonoraenequipo.com.mx\/protesta-por-apagones-en-cuba-termina-con-cinco-detenidos\/#primaryimage\",\"url\":\"https:\/\/www.sonoraenequipo.com.mx\/storage\/2026\/03\/protestas-cuba.jpg\",\"contentUrl\":\"https:\/\/www.sonoraenequipo.com.mx\/storage\/2026\/03\/protestas-cuba.jpg\",\"width\":600,\"height\":400,\"caption\":\"magen de archivo: un hombre es arrestado durante una protesta en La Habana.Imagen: Yamil Lage\/AFP\"},{\"@type\":\"BreadcrumbList\",\"@id\":\"https:\/\/www.sonoraenequipo.com.mx\/protesta-por-apagones-en-cuba-termina-con-cinco-detenidos\/#breadcrumb\",\"itemListElement\":[{\"@type\":\"ListItem\",\"position\":1,\"name\":\"Portada\",\"item\":\"https:\/\/www.sonoraenequipo.com.mx\/\"},{\"@type\":\"ListItem\",\"position\":2,\"name\":\"Protesta por apagones en Cuba termina con cinco detenidos\"}]},{\"@type\":\"WebSite\",\"@id\":\"https:\/\/www.sonoraenequipo.com.mx\/#website\",\"url\":\"https:\/\/www.sonoraenequipo.com.mx\/\",\"name\":\"Sonora en Equipo.\",\"description\":\"Diario en l\u00ednea con Noticias desde Hermosillo, Sonora\",\"publisher\":{\"@id\":\"https:\/\/www.sonoraenequipo.com.mx\/#organization\"},\"potentialAction\":[{\"@type\":\"SearchAction\",\"target\":{\"@type\":\"EntryPoint\",\"urlTemplate\":\"https:\/\/www.sonoraenequipo.com.mx\/?s={search_term_string}\"},\"query-input\":{\"@type\":\"PropertyValueSpecification\",\"valueRequired\":true,\"valueName\":\"search_term_string\"}}],\"inLanguage\":\"es\"},{\"@type\":\"Organization\",\"@id\":\"https:\/\/www.sonoraenequipo.com.mx\/#organization\",\"name\":\"Sonoraenequipo.com.mx\",\"url\":\"https:\/\/www.sonoraenequipo.com.mx\/\",\"logo\":{\"@type\":\"ImageObject\",\"inLanguage\":\"es\",\"@id\":\"https:\/\/www.sonoraenequipo.com.mx\/#\/schema\/logo\/image\/\",\"url\":\"https:\/\/www.sonoraenequipo.com.mx\/storage\/2019\/01\/sonoraenequipo_opt.png\",\"contentUrl\":\"https:\/\/www.sonoraenequipo.com.mx\/storage\/2019\/01\/sonoraenequipo_opt.png\",\"width\":375,\"height\":125,\"caption\":\"Sonoraenequipo.com.mx\"},\"image\":{\"@id\":\"https:\/\/www.sonoraenequipo.com.mx\/#\/schema\/logo\/image\/\"},\"sameAs\":[\"https:\/\/www.facebook.com\/SonoraEE\/\",\"https:\/\/x.com\/sonoraenequipo\",\"https:\/\/www.youtube.com\/channel\/UC338nW-lPEYmJQs4ZABQ1SQ\"]},{\"@type\":\"Person\",\"@id\":\"https:\/\/www.sonoraenequipo.com.mx\/#\/schema\/person\/50102df0fb23a8fa9e8effad8fa81386\",\"name\":\"enequipo\",\"image\":{\"@type\":\"ImageObject\",\"inLanguage\":\"es\",\"@id\":\"https:\/\/www.sonoraenequipo.com.mx\/#\/schema\/person\/image\/\",\"url\":\"https:\/\/secure.gravatar.com\/avatar\/049821681b589dabc0bc20695993ccebb09f5b5d4d790cd9251b97faac7c652b?s=96&d=blank&r=g\",\"contentUrl\":\"https:\/\/secure.gravatar.com\/avatar\/049821681b589dabc0bc20695993ccebb09f5b5d4d790cd9251b97faac7c652b?s=96&d=blank&r=g\",\"caption\":\"enequipo\"},\"sameAs\":[\"https:\/\/www.facebook.com\/SonoraEE\"]}]}<\/script>\n ","yoast_head_json":{"title":"Sonora en Equipo. Protesta por apagones en Cuba termina con cinco detenidos MUNDO","description":"MOR\u00d3N,CUBA. \u2014 Varias personas asaltaron en la madrugada de este s\u00e1bado (14.03.2026) una sede del Partido Comunista de Cuba (\u00fanico legal en el pa\u00eds), en el En Sonora en Equipo publicamos toda la informaci\u00f3n de Sonora, M\u00e9xico y el Mundo de manera oportuna y busca que la libertad de expresi\u00f3n sea real. Visita nuestro medio informativo publicado desde Hermosillo, Sonora. %","robots":{"index":"index","follow":"follow","max-snippet":"max-snippet:-1","max-image-preview":"max-image-preview:large","max-video-preview":"max-video-preview:-1"},"canonical":"https:\/\/www.sonoraenequipo.com.mx\/protesta-por-apagones-en-cuba-termina-con-cinco-detenidos\/","og_locale":"es_ES","og_type":"article","og_title":"Sonora en Equipo. Protesta por apagones en Cuba termina con cinco detenidos MUNDO","og_description":"MOR\u00d3N,CUBA. \u2014 Varias personas asaltaron en la madrugada de este s\u00e1bado (14.03.2026) una sede del Partido Comunista de Cuba (\u00fanico legal en el pa\u00eds), en el En Sonora en Equipo publicamos toda la informaci\u00f3n de Sonora, M\u00e9xico y el Mundo de manera oportuna y busca que la libertad de expresi\u00f3n sea real. Visita nuestro medio informativo publicado desde Hermosillo, Sonora. %","og_url":"https:\/\/www.sonoraenequipo.com.mx\/protesta-por-apagones-en-cuba-termina-con-cinco-detenidos\/","og_site_name":"Sonora en Equipo.","article_publisher":"https:\/\/www.facebook.com\/SonoraEE\/","article_author":"https:\/\/www.facebook.com\/SonoraEE","article_published_time":"2026-03-14T22:41:51+00:00","og_image":[{"width":600,"height":400,"url":"https:\/\/www.sonoraenequipo.com.mx\/storage\/2026\/03\/protestas-cuba.jpg","type":"image\/jpeg"}],"author":"enequipo","twitter_card":"summary_large_image","twitter_creator":"@sonoraenequipo","twitter_site":"@sonoraenequipo","twitter_misc":{"Escrito por":"enequipo","Tiempo de lectura":"2 minutos"},"schema":{"@context":"https:\/\/schema.org","@graph":[{"@type":"Article","@id":"https:\/\/www.sonoraenequipo.com.mx\/protesta-por-apagones-en-cuba-termina-con-cinco-detenidos\/#article","isPartOf":{"@id":"https:\/\/www.sonoraenequipo.com.mx\/protesta-por-apagones-en-cuba-termina-con-cinco-detenidos\/"},"author":{"name":"enequipo","@id":"https:\/\/www.sonoraenequipo.com.mx\/#\/schema\/person\/50102df0fb23a8fa9e8effad8fa81386"},"headline":"Protesta por apagones en Cuba termina con cinco detenidos","datePublished":"2026-03-14T22:41:51+00:00","mainEntityOfPage":{"@id":"https:\/\/www.sonoraenequipo.com.mx\/protesta-por-apagones-en-cuba-termina-con-cinco-detenidos\/"},"wordCount":428,"commentCount":0,"publisher":{"@id":"https:\/\/www.sonoraenequipo.com.mx\/#organization"},"image":{"@id":"https:\/\/www.sonoraenequipo.com.mx\/protesta-por-apagones-en-cuba-termina-con-cinco-detenidos\/#primaryimage"},"thumbnailUrl":"https:\/\/www.sonoraenequipo.com.mx\/storage\/2026\/03\/protestas-cuba.jpg","keywords":["apagones","detenidos","uba"],"articleSection":["MUNDO"],"inLanguage":"es","potentialAction":[{"@type":"CommentAction","name":"Comment","target":["https:\/\/www.sonoraenequipo.com.mx\/protesta-por-apagones-en-cuba-termina-con-cinco-detenidos\/#respond"]}]},{"@type":"WebPage","@id":"https:\/\/www.sonoraenequipo.com.mx\/protesta-por-apagones-en-cuba-termina-con-cinco-detenidos\/","url":"https:\/\/www.sonoraenequipo.com.mx\/protesta-por-apagones-en-cuba-termina-con-cinco-detenidos\/","name":"Sonora en Equipo. Protesta por apagones en Cuba termina con cinco detenidos MUNDO","isPartOf":{"@id":"https:\/\/www.sonoraenequipo.com.mx\/#website"},"primaryImageOfPage":{"@id":"https:\/\/www.sonoraenequipo.com.mx\/protesta-por-apagones-en-cuba-termina-con-cinco-detenidos\/#primaryimage"},"image":{"@id":"https:\/\/www.sonoraenequipo.com.mx\/protesta-por-apagones-en-cuba-termina-con-cinco-detenidos\/#primaryimage"},"thumbnailUrl":"https:\/\/www.sonoraenequipo.com.mx\/storage\/2026\/03\/protestas-cuba.jpg","datePublished":"2026-03-14T22:41:51+00:00","description":"MOR\u00d3N,CUBA. \u2014 Varias personas asaltaron en la madrugada de este s\u00e1bado (14.03.2026) una sede del Partido Comunista de Cuba (\u00fanico legal en el pa\u00eds), en el En Sonora en Equipo publicamos toda la informaci\u00f3n de Sonora, M\u00e9xico y el Mundo de manera oportuna y busca que la libertad de expresi\u00f3n sea real. Visita nuestro medio informativo publicado desde Hermosillo, Sonora. %","breadcrumb":{"@id":"https:\/\/www.sonoraenequipo.com.mx\/protesta-por-apagones-en-cuba-termina-con-cinco-detenidos\/#breadcrumb"},"inLanguage":"es","potentialAction":[{"@type":"ReadAction","target":["https:\/\/www.sonoraenequipo.com.mx\/protesta-por-apagones-en-cuba-termina-con-cinco-detenidos\/"]}]},{"@type":"ImageObject","inLanguage":"es","@id":"https:\/\/www.sonoraenequipo.com.mx\/protesta-por-apagones-en-cuba-termina-con-cinco-detenidos\/#primaryimage","url":"https:\/\/www.sonoraenequipo.com.mx\/storage\/2026\/03\/protestas-cuba.jpg","contentUrl":"https:\/\/www.sonoraenequipo.com.mx\/storage\/2026\/03\/protestas-cuba.jpg","width":600,"height":400,"caption":"magen de archivo: un hombre es arrestado durante una protesta en La Habana.Imagen: Yamil Lage\/AFP"},{"@type":"BreadcrumbList","@id":"https:\/\/www.sonoraenequipo.com.mx\/protesta-por-apagones-en-cuba-termina-con-cinco-detenidos\/#breadcrumb","itemListElement":[{"@type":"ListItem","position":1,"name":"Portada","item":"https:\/\/www.sonoraenequipo.com.mx\/"},{"@type":"ListItem","position":2,"name":"Protesta por apagones en Cuba termina con cinco detenidos"}]},{"@type":"WebSite","@id":"https:\/\/www.sonoraenequipo.com.mx\/#website","url":"https:\/\/www.sonoraenequipo.com.mx\/","name":"Sonora en Equipo.","description":"Diario en l\u00ednea con Noticias desde Hermosillo, Sonora","publisher":{"@id":"https:\/\/www.sonoraenequipo.com.mx\/#organization"},"potentialAction":[{"@type":"SearchAction","target":{"@type":"EntryPoint","urlTemplate":"https:\/\/www.sonoraenequipo.com.mx\/?s={search_term_string}"},"query-input":{"@type":"PropertyValueSpecification","valueRequired":true,"valueName":"search_term_string"}}],"inLanguage":"es"},{"@type":"Organization","@id":"https:\/\/www.sonoraenequipo.com.mx\/#organization","name":"Sonoraenequipo.com.mx","url":"https:\/\/www.sonoraenequipo.com.mx\/","logo":{"@type":"ImageObject","inLanguage":"es","@id":"https:\/\/www.sonoraenequipo.com.mx\/#\/schema\/logo\/image\/","url":"https:\/\/www.sonoraenequipo.com.mx\/storage\/2019\/01\/sonoraenequipo_opt.png","contentUrl":"https:\/\/www.sonoraenequipo.com.mx\/storage\/2019\/01\/sonoraenequipo_opt.png","width":375,"height":125,"caption":"Sonoraenequipo.com.mx"},"image":{"@id":"https:\/\/www.sonoraenequipo.com.mx\/#\/schema\/logo\/image\/"},"sameAs":["https:\/\/www.facebook.com\/SonoraEE\/","https:\/\/x.com\/sonoraenequipo","https:\/\/www.youtube.com\/channel\/UC338nW-lPEYmJQs4ZABQ1SQ"]},{"@type":"Person","@id":"https:\/\/www.sonoraenequipo.com.mx\/#\/schema\/person\/50102df0fb23a8fa9e8effad8fa81386","name":"enequipo","image":{"@type":"ImageObject","inLanguage":"es","@id":"https:\/\/www.sonoraenequipo.com.mx\/#\/schema\/person\/image\/","url":"https:\/\/secure.gravatar.com\/avatar\/049821681b589dabc0bc20695993ccebb09f5b5d4d790cd9251b97faac7c652b?s=96&d=blank&r=g","contentUrl":"https:\/\/secure.gravatar.com\/avatar\/049821681b589dabc0bc20695993ccebb09f5b5d4d790cd9251b97faac7c652b?s=96&d=blank&r=g","caption":"enequipo"},"sameAs":["https:\/\/www.facebook.com\/SonoraEE"]}]}},"jetpack_featured_media_url":"https:\/\/www.sonoraenequipo.com.mx\/storage\/2026\/03\/protestas-cuba.jpg","_links":{"self":[{"href":"https:\/\/www.sonoraenequipo.com.mx\/api\/wp\/v2\/posts\/237461","targetHints":{"allow":["GET"]}}],"collection":[{"href":"https:\/\/www.sonoraenequipo.com.mx\/api\/wp\/v2\/posts"}],"about":[{"href":"https:\/\/www.sonoraenequipo.com.mx\/api\/wp\/v2\/types\/post"}],"author":[{"embeddable":true,"href":"https:\/\/www.sonoraenequipo.com.mx\/api\/wp\/v2\/users\/1"}],"replies":[{"embeddable":true,"href":"https:\/\/www.sonoraenequipo.com.mx\/api\/wp\/v2\/comments?post=237461"}],"version-history":[{"count":1,"href":"https:\/\/www.sonoraenequipo.com.mx\/api\/wp\/v2\/posts\/237461\/revisions"}],"predecessor-version":[{"id":237463,"href":"https:\/\/www.sonoraenequipo.com.mx\/api\/wp\/v2\/posts\/237461\/revisions\/237463"}],"wp:featuredmedia":[{"embeddable":true,"href":"https:\/\/www.sonoraenequipo.com.mx\/api\/wp\/v2\/media\/237462"}],"wp:attachment":[{"href":"https:\/\/www.sonoraenequipo.com.mx\/api\/wp\/v2\/media?parent=237461"}],"wp:term":[{"taxonomy":"category","embeddable":true,"href":"https:\/\/www.sonoraenequipo.com.mx\/api\/wp\/v2\/categories?post=237461"},{"taxonomy":"post_tag","embeddable":true,"href":"https:\/\/www.sonoraenequipo.com.mx\/api\/wp\/v2\/tags?post=237461"}],"curies":[{"name":"wp","href":"https:\/\/api.w.org\/{rel}","templated":true}]}}