{"id":237464,"date":"2026-03-14T15:52:15","date_gmt":"2026-03-14T22:52:15","guid":{"rendered":"https:\/\/www.sonoraenequipo.com.mx\/?p=237464"},"modified":"2026-03-14T15:52:15","modified_gmt":"2026-03-14T22:52:15","slug":"playas-de-sonora-aptas-para-uso-recreativo-coesprisson","status":"publish","type":"post","link":"https:\/\/www.sonoraenequipo.com.mx\/playas-de-sonora-aptas-para-uso-recreativo-coesprisson\/","title":{"rendered":"Playas de Sonora \u00a0aptas para uso recreativo: Coesprisson"},"content":{"rendered":"<p>&nbsp;<\/p>\n<p>&nbsp;<\/p>\n<p><strong>HERMOSILLO, SONORA, MX. \u2014<\/strong> La Comisi\u00f3n Estatal de Protecci\u00f3n contra Riesgos Sanitarios del Estado de Sonora (Coesprisson) inform\u00f3 que las playas del estado cumplen con los criterios sanitarios para uso recreativo, por lo que la poblaci\u00f3n podr\u00e1 visitarlas con confianza durante el pr\u00f3ximo periodo vacacional de Semana Santa.<\/p>\n<p>&nbsp;<\/p>\n<p>&nbsp;<\/p>\n<p>&nbsp;<\/p>\n<p>El comisionado estatal de Coesprisson, Sergio Morales Garc\u00eda, se\u00f1al\u00f3 que en la entidad se mantiene un programa permanente de vigilancia sanitaria mediante el cual se monitorean 29 puntos de muestreo ubicados en 13 playas de seis municipios costeros, San Luis R\u00edo Colorado, Puerto Pe\u00f1asco, Hermosillo, Guaymas, Empalme y Huatabampo.<\/p>\n<p>&nbsp;<\/p>\n<p>&nbsp;<\/p>\n<p>&nbsp;<\/p>\n<p>\u201cEl resultado m\u00e1s reciente indica que todas las playas se encuentran dentro de los par\u00e1metros permitidos, por lo que la poblaci\u00f3n puede acudir con confianza a disfrutar de ellas durante Semana Santa\u201d, afirm\u00f3. Asimismo, exhort\u00f3 a la ciudadan\u00eda a cuidar estos espacios y reportar cualquier posible fuente de contaminaci\u00f3n a Coesprisson.<\/p>\n<p>&nbsp;<\/p>\n<p>&nbsp;<\/p>\n<p>&nbsp;<\/p>\n<p>Detall\u00f3 que estas acciones forman parte del programa federal de Playas Limpias, que incluye muestreos mensuales para evaluar la calidad del agua de mar, as\u00ed como muestreos pre-vacacionales en temporadas como Semana Santa, verano y oto\u00f1o-invierno.<\/p>\n<p>&nbsp;<\/p>\n<p>&nbsp;<\/p>\n<p>&nbsp;<\/p>\n<p>En los muestreos previos a las vacaciones se toman seis muestras por cada punto de monitoreo, lo que representa 174 an\u00e1lisis, que sumados a los muestreos mensuales permiten realizar m\u00e1s de 200 estudios de laboratorio, con alrededor de 203 muestras evaluadas en total. Cabe resaltar que este se trata de uno de los tres per\u00edodos vacacionales donde se realizan muestreos, mismos que, al a\u00f1o, suman en promedio 750.<\/p>\n<p>&nbsp;<\/p>\n<p>&nbsp;<\/p>\n<p>&nbsp;<\/p>\n<p>Morales Garc\u00eda explic\u00f3 que en los an\u00e1lisis se detecta la presencia de enterococos, bacterias que funcionan como indicador sanitario en el agua. Ante cualquier irregularidad, la ciudadan\u00eda puede contactar a la Coesprisson por medio de sus redes sociales o a trav\u00e9s del n\u00famero 66 22 12 21 65.<\/p>\n<p><strong>Fecha de publicaci\u00f3n s\u00e1bado 14 de marzo de 2026<\/strong><\/p>\n<p>&nbsp;<\/p>\n","protected":false},"excerpt":{"rendered":"<p>&nbsp; &nbsp; HERMOSILLO, SONORA, MX. \u2014 La Comisi\u00f3n Estatal de Protecci\u00f3n contra Riesgos Sanitarios del&#8230;<\/p>\n","protected":false},"author":1,"featured_media":237465,"comment_status":"open","ping_status":"open","sticky":false,"template":"","format":"standard","meta":{"_monsterinsights_skip_tracking":false,"_monsterinsights_sitenote_active":false,"_monsterinsights_sitenote_note":"","_monsterinsights_sitenote_category":0,"footnotes":""},"categories":[22],"tags":[],"class_list":["post"],"yoast_head":" \n<title>Sonora en Equipo. Playas de Sonora \u00a0aptas para uso recreativo: Coesprisson Sonora<\/title>\n<meta name=\"description\" content=\"&nbsp; &nbsp; HERMOSILLO, SONORA, MX. \u2014 La Comisi\u00f3n Estatal de Protecci\u00f3n contra Riesgos Sanitarios del Estado de Sonora (Coesprisson) inform\u00f3 que las En Sonora en Equipo publicamos toda la informaci\u00f3n de Sonora, M\u00e9xico y el Mundo de manera oportuna y busca que la libertad de expresi\u00f3n sea real. Visita nuestro medio informativo publicado desde Hermosillo, Sonora. %\" \/>\n<meta name=\"robots\" content=\"index, follow, max-snippet:-1, max-image-preview:large, max-video-preview:-1\" \/>\n<link rel=\"canonical\" href=\"https:\/\/www.sonoraenequipo.com.mx\/playas-de-sonora-aptas-para-uso-recreativo-coesprisson\/\" \/>\n<meta property=\"og:locale\" content=\"es_ES\" \/>\n<meta property=\"og:type\" content=\"article\" \/>\n<meta property=\"og:title\" content=\"Sonora en Equipo. Playas de Sonora \u00a0aptas para uso recreativo: Coesprisson Sonora\" \/>\n<meta property=\"og:description\" content=\"&nbsp; &nbsp; HERMOSILLO, SONORA, MX. \u2014 La Comisi\u00f3n Estatal de Protecci\u00f3n contra Riesgos Sanitarios del Estado de Sonora (Coesprisson) inform\u00f3 que las En Sonora en Equipo publicamos toda la informaci\u00f3n de Sonora, M\u00e9xico y el Mundo de manera oportuna y busca que la libertad de expresi\u00f3n sea real. Visita nuestro medio informativo publicado desde Hermosillo, Sonora. %\" \/>\n<meta property=\"og:url\" content=\"https:\/\/www.sonoraenequipo.com.mx\/playas-de-sonora-aptas-para-uso-recreativo-coesprisson\/\" \/>\n<meta property=\"og:site_name\" content=\"Sonora en Equipo.\" \/>\n<meta property=\"article:publisher\" content=\"https:\/\/www.facebook.com\/SonoraEE\/\" \/>\n<meta property=\"article:author\" content=\"https:\/\/www.facebook.com\/SonoraEE\" \/>\n<meta property=\"article:published_time\" content=\"2026-03-14T22:52:15+00:00\" \/>\n<meta property=\"og:image\" content=\"https:\/\/www.sonoraenequipo.com.mx\/storage\/2026\/03\/revision-playas-sonora.jpg\" \/>\n\t<meta property=\"og:image:width\" content=\"600\" \/>\n\t<meta property=\"og:image:height\" content=\"399\" \/>\n\t<meta property=\"og:image:type\" content=\"image\/jpeg\" \/>\n<meta name=\"author\" content=\"enequipo\" \/>\n<meta name=\"twitter:card\" content=\"summary_large_image\" \/>\n<meta name=\"twitter:creator\" content=\"@sonoraenequipo\" \/>\n<meta name=\"twitter:site\" content=\"@sonoraenequipo\" \/>\n<meta name=\"twitter:label1\" content=\"Escrito por\" \/>\n\t<meta name=\"twitter:data1\" content=\"enequipo\" \/>\n\t<meta name=\"twitter:label2\" content=\"Tiempo de lectura\" \/>\n\t<meta name=\"twitter:data2\" content=\"2 minutos\" \/>\n<script type=\"application\/ld+json\" class=\"yoast-schema-graph\">{\"@context\":\"https:\/\/schema.org\",\"@graph\":[{\"@type\":\"Article\",\"@id\":\"https:\/\/www.sonoraenequipo.com.mx\/playas-de-sonora-aptas-para-uso-recreativo-coesprisson\/#article\",\"isPartOf\":{\"@id\":\"https:\/\/www.sonoraenequipo.com.mx\/playas-de-sonora-aptas-para-uso-recreativo-coesprisson\/\"},\"author\":{\"name\":\"enequipo\",\"@id\":\"https:\/\/www.sonoraenequipo.com.mx\/#\/schema\/person\/50102df0fb23a8fa9e8effad8fa81386\"},\"headline\":\"Playas de Sonora \u00a0aptas para uso recreativo: Coesprisson\",\"datePublished\":\"2026-03-14T22:52:15+00:00\",\"mainEntityOfPage\":{\"@id\":\"https:\/\/www.sonoraenequipo.com.mx\/playas-de-sonora-aptas-para-uso-recreativo-coesprisson\/\"},\"wordCount\":346,\"commentCount\":0,\"publisher\":{\"@id\":\"https:\/\/www.sonoraenequipo.com.mx\/#organization\"},\"image\":{\"@id\":\"https:\/\/www.sonoraenequipo.com.mx\/playas-de-sonora-aptas-para-uso-recreativo-coesprisson\/#primaryimage\"},\"thumbnailUrl\":\"https:\/\/www.sonoraenequipo.com.mx\/storage\/2026\/03\/revision-playas-sonora.jpg\",\"articleSection\":[\"Sonora\"],\"inLanguage\":\"es\",\"potentialAction\":[{\"@type\":\"CommentAction\",\"name\":\"Comment\",\"target\":[\"https:\/\/www.sonoraenequipo.com.mx\/playas-de-sonora-aptas-para-uso-recreativo-coesprisson\/#respond\"]}]},{\"@type\":\"WebPage\",\"@id\":\"https:\/\/www.sonoraenequipo.com.mx\/playas-de-sonora-aptas-para-uso-recreativo-coesprisson\/\",\"url\":\"https:\/\/www.sonoraenequipo.com.mx\/playas-de-sonora-aptas-para-uso-recreativo-coesprisson\/\",\"name\":\"Sonora en Equipo. Playas de Sonora \u00a0aptas para uso recreativo: Coesprisson Sonora\",\"isPartOf\":{\"@id\":\"https:\/\/www.sonoraenequipo.com.mx\/#website\"},\"primaryImageOfPage\":{\"@id\":\"https:\/\/www.sonoraenequipo.com.mx\/playas-de-sonora-aptas-para-uso-recreativo-coesprisson\/#primaryimage\"},\"image\":{\"@id\":\"https:\/\/www.sonoraenequipo.com.mx\/playas-de-sonora-aptas-para-uso-recreativo-coesprisson\/#primaryimage\"},\"thumbnailUrl\":\"https:\/\/www.sonoraenequipo.com.mx\/storage\/2026\/03\/revision-playas-sonora.jpg\",\"datePublished\":\"2026-03-14T22:52:15+00:00\",\"description\":\"&nbsp; &nbsp; HERMOSILLO, SONORA, MX. \u2014 La Comisi\u00f3n Estatal de Protecci\u00f3n contra Riesgos Sanitarios del Estado de Sonora (Coesprisson) inform\u00f3 que las En Sonora en Equipo publicamos toda la informaci\u00f3n de Sonora, M\u00e9xico y el Mundo de manera oportuna y busca que la libertad de expresi\u00f3n sea real. Visita nuestro medio informativo publicado desde Hermosillo, Sonora. %\",\"breadcrumb\":{\"@id\":\"https:\/\/www.sonoraenequipo.com.mx\/playas-de-sonora-aptas-para-uso-recreativo-coesprisson\/#breadcrumb\"},\"inLanguage\":\"es\",\"potentialAction\":[{\"@type\":\"ReadAction\",\"target\":[\"https:\/\/www.sonoraenequipo.com.mx\/playas-de-sonora-aptas-para-uso-recreativo-coesprisson\/\"]}]},{\"@type\":\"ImageObject\",\"inLanguage\":\"es\",\"@id\":\"https:\/\/www.sonoraenequipo.com.mx\/playas-de-sonora-aptas-para-uso-recreativo-coesprisson\/#primaryimage\",\"url\":\"https:\/\/www.sonoraenequipo.com.mx\/storage\/2026\/03\/revision-playas-sonora.jpg\",\"contentUrl\":\"https:\/\/www.sonoraenequipo.com.mx\/storage\/2026\/03\/revision-playas-sonora.jpg\",\"width\":600,\"height\":399},{\"@type\":\"BreadcrumbList\",\"@id\":\"https:\/\/www.sonoraenequipo.com.mx\/playas-de-sonora-aptas-para-uso-recreativo-coesprisson\/#breadcrumb\",\"itemListElement\":[{\"@type\":\"ListItem\",\"position\":1,\"name\":\"Portada\",\"item\":\"https:\/\/www.sonoraenequipo.com.mx\/\"},{\"@type\":\"ListItem\",\"position\":2,\"name\":\"Playas de Sonora \u00a0aptas para uso recreativo: Coesprisson\"}]},{\"@type\":\"WebSite\",\"@id\":\"https:\/\/www.sonoraenequipo.com.mx\/#website\",\"url\":\"https:\/\/www.sonoraenequipo.com.mx\/\",\"name\":\"Sonora en Equipo.\",\"description\":\"Diario en l\u00ednea con Noticias desde Hermosillo, Sonora\",\"publisher\":{\"@id\":\"https:\/\/www.sonoraenequipo.com.mx\/#organization\"},\"potentialAction\":[{\"@type\":\"SearchAction\",\"target\":{\"@type\":\"EntryPoint\",\"urlTemplate\":\"https:\/\/www.sonoraenequipo.com.mx\/?s={search_term_string}\"},\"query-input\":{\"@type\":\"PropertyValueSpecification\",\"valueRequired\":true,\"valueName\":\"search_term_string\"}}],\"inLanguage\":\"es\"},{\"@type\":\"Organization\",\"@id\":\"https:\/\/www.sonoraenequipo.com.mx\/#organization\",\"name\":\"Sonoraenequipo.com.mx\",\"url\":\"https:\/\/www.sonoraenequipo.com.mx\/\",\"logo\":{\"@type\":\"ImageObject\",\"inLanguage\":\"es\",\"@id\":\"https:\/\/www.sonoraenequipo.com.mx\/#\/schema\/logo\/image\/\",\"url\":\"https:\/\/www.sonoraenequipo.com.mx\/storage\/2019\/01\/sonoraenequipo_opt.png\",\"contentUrl\":\"https:\/\/www.sonoraenequipo.com.mx\/storage\/2019\/01\/sonoraenequipo_opt.png\",\"width\":375,\"height\":125,\"caption\":\"Sonoraenequipo.com.mx\"},\"image\":{\"@id\":\"https:\/\/www.sonoraenequipo.com.mx\/#\/schema\/logo\/image\/\"},\"sameAs\":[\"https:\/\/www.facebook.com\/SonoraEE\/\",\"https:\/\/x.com\/sonoraenequipo\",\"https:\/\/www.youtube.com\/channel\/UC338nW-lPEYmJQs4ZABQ1SQ\"]},{\"@type\":\"Person\",\"@id\":\"https:\/\/www.sonoraenequipo.com.mx\/#\/schema\/person\/50102df0fb23a8fa9e8effad8fa81386\",\"name\":\"enequipo\",\"image\":{\"@type\":\"ImageObject\",\"inLanguage\":\"es\",\"@id\":\"https:\/\/www.sonoraenequipo.com.mx\/#\/schema\/person\/image\/\",\"url\":\"https:\/\/secure.gravatar.com\/avatar\/049821681b589dabc0bc20695993ccebb09f5b5d4d790cd9251b97faac7c652b?s=96&d=blank&r=g\",\"contentUrl\":\"https:\/\/secure.gravatar.com\/avatar\/049821681b589dabc0bc20695993ccebb09f5b5d4d790cd9251b97faac7c652b?s=96&d=blank&r=g\",\"caption\":\"enequipo\"},\"sameAs\":[\"https:\/\/www.facebook.com\/SonoraEE\"]}]}<\/script>\n ","yoast_head_json":{"title":"Sonora en Equipo. Playas de Sonora \u00a0aptas para uso recreativo: Coesprisson Sonora","description":"&nbsp; &nbsp; HERMOSILLO, SONORA, MX. \u2014 La Comisi\u00f3n Estatal de Protecci\u00f3n contra Riesgos Sanitarios del Estado de Sonora (Coesprisson) inform\u00f3 que las En Sonora en Equipo publicamos toda la informaci\u00f3n de Sonora, M\u00e9xico y el Mundo de manera oportuna y busca que la libertad de expresi\u00f3n sea real. Visita nuestro medio informativo publicado desde Hermosillo, Sonora. %","robots":{"index":"index","follow":"follow","max-snippet":"max-snippet:-1","max-image-preview":"max-image-preview:large","max-video-preview":"max-video-preview:-1"},"canonical":"https:\/\/www.sonoraenequipo.com.mx\/playas-de-sonora-aptas-para-uso-recreativo-coesprisson\/","og_locale":"es_ES","og_type":"article","og_title":"Sonora en Equipo. Playas de Sonora \u00a0aptas para uso recreativo: Coesprisson Sonora","og_description":"&nbsp; &nbsp; HERMOSILLO, SONORA, MX. \u2014 La Comisi\u00f3n Estatal de Protecci\u00f3n contra Riesgos Sanitarios del Estado de Sonora (Coesprisson) inform\u00f3 que las En Sonora en Equipo publicamos toda la informaci\u00f3n de Sonora, M\u00e9xico y el Mundo de manera oportuna y busca que la libertad de expresi\u00f3n sea real. Visita nuestro medio informativo publicado desde Hermosillo, Sonora. %","og_url":"https:\/\/www.sonoraenequipo.com.mx\/playas-de-sonora-aptas-para-uso-recreativo-coesprisson\/","og_site_name":"Sonora en Equipo.","article_publisher":"https:\/\/www.facebook.com\/SonoraEE\/","article_author":"https:\/\/www.facebook.com\/SonoraEE","article_published_time":"2026-03-14T22:52:15+00:00","og_image":[{"width":600,"height":399,"url":"https:\/\/www.sonoraenequipo.com.mx\/storage\/2026\/03\/revision-playas-sonora.jpg","type":"image\/jpeg"}],"author":"enequipo","twitter_card":"summary_large_image","twitter_creator":"@sonoraenequipo","twitter_site":"@sonoraenequipo","twitter_misc":{"Escrito por":"enequipo","Tiempo de lectura":"2 minutos"},"schema":{"@context":"https:\/\/schema.org","@graph":[{"@type":"Article","@id":"https:\/\/www.sonoraenequipo.com.mx\/playas-de-sonora-aptas-para-uso-recreativo-coesprisson\/#article","isPartOf":{"@id":"https:\/\/www.sonoraenequipo.com.mx\/playas-de-sonora-aptas-para-uso-recreativo-coesprisson\/"},"author":{"name":"enequipo","@id":"https:\/\/www.sonoraenequipo.com.mx\/#\/schema\/person\/50102df0fb23a8fa9e8effad8fa81386"},"headline":"Playas de Sonora \u00a0aptas para uso recreativo: Coesprisson","datePublished":"2026-03-14T22:52:15+00:00","mainEntityOfPage":{"@id":"https:\/\/www.sonoraenequipo.com.mx\/playas-de-sonora-aptas-para-uso-recreativo-coesprisson\/"},"wordCount":346,"commentCount":0,"publisher":{"@id":"https:\/\/www.sonoraenequipo.com.mx\/#organization"},"image":{"@id":"https:\/\/www.sonoraenequipo.com.mx\/playas-de-sonora-aptas-para-uso-recreativo-coesprisson\/#primaryimage"},"thumbnailUrl":"https:\/\/www.sonoraenequipo.com.mx\/storage\/2026\/03\/revision-playas-sonora.jpg","articleSection":["Sonora"],"inLanguage":"es","potentialAction":[{"@type":"CommentAction","name":"Comment","target":["https:\/\/www.sonoraenequipo.com.mx\/playas-de-sonora-aptas-para-uso-recreativo-coesprisson\/#respond"]}]},{"@type":"WebPage","@id":"https:\/\/www.sonoraenequipo.com.mx\/playas-de-sonora-aptas-para-uso-recreativo-coesprisson\/","url":"https:\/\/www.sonoraenequipo.com.mx\/playas-de-sonora-aptas-para-uso-recreativo-coesprisson\/","name":"Sonora en Equipo. Playas de Sonora \u00a0aptas para uso recreativo: Coesprisson Sonora","isPartOf":{"@id":"https:\/\/www.sonoraenequipo.com.mx\/#website"},"primaryImageOfPage":{"@id":"https:\/\/www.sonoraenequipo.com.mx\/playas-de-sonora-aptas-para-uso-recreativo-coesprisson\/#primaryimage"},"image":{"@id":"https:\/\/www.sonoraenequipo.com.mx\/playas-de-sonora-aptas-para-uso-recreativo-coesprisson\/#primaryimage"},"thumbnailUrl":"https:\/\/www.sonoraenequipo.com.mx\/storage\/2026\/03\/revision-playas-sonora.jpg","datePublished":"2026-03-14T22:52:15+00:00","description":"&nbsp; &nbsp; HERMOSILLO, SONORA, MX. \u2014 La Comisi\u00f3n Estatal de Protecci\u00f3n contra Riesgos Sanitarios del Estado de Sonora (Coesprisson) inform\u00f3 que las En Sonora en Equipo publicamos toda la informaci\u00f3n de Sonora, M\u00e9xico y el Mundo de manera oportuna y busca que la libertad de expresi\u00f3n sea real. Visita nuestro medio informativo publicado desde Hermosillo, Sonora. %","breadcrumb":{"@id":"https:\/\/www.sonoraenequipo.com.mx\/playas-de-sonora-aptas-para-uso-recreativo-coesprisson\/#breadcrumb"},"inLanguage":"es","potentialAction":[{"@type":"ReadAction","target":["https:\/\/www.sonoraenequipo.com.mx\/playas-de-sonora-aptas-para-uso-recreativo-coesprisson\/"]}]},{"@type":"ImageObject","inLanguage":"es","@id":"https:\/\/www.sonoraenequipo.com.mx\/playas-de-sonora-aptas-para-uso-recreativo-coesprisson\/#primaryimage","url":"https:\/\/www.sonoraenequipo.com.mx\/storage\/2026\/03\/revision-playas-sonora.jpg","contentUrl":"https:\/\/www.sonoraenequipo.com.mx\/storage\/2026\/03\/revision-playas-sonora.jpg","width":600,"height":399},{"@type":"BreadcrumbList","@id":"https:\/\/www.sonoraenequipo.com.mx\/playas-de-sonora-aptas-para-uso-recreativo-coesprisson\/#breadcrumb","itemListElement":[{"@type":"ListItem","position":1,"name":"Portada","item":"https:\/\/www.sonoraenequipo.com.mx\/"},{"@type":"ListItem","position":2,"name":"Playas de Sonora \u00a0aptas para uso recreativo: Coesprisson"}]},{"@type":"WebSite","@id":"https:\/\/www.sonoraenequipo.com.mx\/#website","url":"https:\/\/www.sonoraenequipo.com.mx\/","name":"Sonora en Equipo.","description":"Diario en l\u00ednea con Noticias desde Hermosillo, Sonora","publisher":{"@id":"https:\/\/www.sonoraenequipo.com.mx\/#organization"},"potentialAction":[{"@type":"SearchAction","target":{"@type":"EntryPoint","urlTemplate":"https:\/\/www.sonoraenequipo.com.mx\/?s={search_term_string}"},"query-input":{"@type":"PropertyValueSpecification","valueRequired":true,"valueName":"search_term_string"}}],"inLanguage":"es"},{"@type":"Organization","@id":"https:\/\/www.sonoraenequipo.com.mx\/#organization","name":"Sonoraenequipo.com.mx","url":"https:\/\/www.sonoraenequipo.com.mx\/","logo":{"@type":"ImageObject","inLanguage":"es","@id":"https:\/\/www.sonoraenequipo.com.mx\/#\/schema\/logo\/image\/","url":"https:\/\/www.sonoraenequipo.com.mx\/storage\/2019\/01\/sonoraenequipo_opt.png","contentUrl":"https:\/\/www.sonoraenequipo.com.mx\/storage\/2019\/01\/sonoraenequipo_opt.png","width":375,"height":125,"caption":"Sonoraenequipo.com.mx"},"image":{"@id":"https:\/\/www.sonoraenequipo.com.mx\/#\/schema\/logo\/image\/"},"sameAs":["https:\/\/www.facebook.com\/SonoraEE\/","https:\/\/x.com\/sonoraenequipo","https:\/\/www.youtube.com\/channel\/UC338nW-lPEYmJQs4ZABQ1SQ"]},{"@type":"Person","@id":"https:\/\/www.sonoraenequipo.com.mx\/#\/schema\/person\/50102df0fb23a8fa9e8effad8fa81386","name":"enequipo","image":{"@type":"ImageObject","inLanguage":"es","@id":"https:\/\/www.sonoraenequipo.com.mx\/#\/schema\/person\/image\/","url":"https:\/\/secure.gravatar.com\/avatar\/049821681b589dabc0bc20695993ccebb09f5b5d4d790cd9251b97faac7c652b?s=96&d=blank&r=g","contentUrl":"https:\/\/secure.gravatar.com\/avatar\/049821681b589dabc0bc20695993ccebb09f5b5d4d790cd9251b97faac7c652b?s=96&d=blank&r=g","caption":"enequipo"},"sameAs":["https:\/\/www.facebook.com\/SonoraEE"]}]}},"jetpack_featured_media_url":"https:\/\/www.sonoraenequipo.com.mx\/storage\/2026\/03\/revision-playas-sonora.jpg","_links":{"self":[{"href":"https:\/\/www.sonoraenequipo.com.mx\/api\/wp\/v2\/posts\/237464","targetHints":{"allow":["GET"]}}],"collection":[{"href":"https:\/\/www.sonoraenequipo.com.mx\/api\/wp\/v2\/posts"}],"about":[{"href":"https:\/\/www.sonoraenequipo.com.mx\/api\/wp\/v2\/types\/post"}],"author":[{"embeddable":true,"href":"https:\/\/www.sonoraenequipo.com.mx\/api\/wp\/v2\/users\/1"}],"replies":[{"embeddable":true,"href":"https:\/\/www.sonoraenequipo.com.mx\/api\/wp\/v2\/comments?post=237464"}],"version-history":[{"count":1,"href":"https:\/\/www.sonoraenequipo.com.mx\/api\/wp\/v2\/posts\/237464\/revisions"}],"predecessor-version":[{"id":237466,"href":"https:\/\/www.sonoraenequipo.com.mx\/api\/wp\/v2\/posts\/237464\/revisions\/237466"}],"wp:featuredmedia":[{"embeddable":true,"href":"https:\/\/www.sonoraenequipo.com.mx\/api\/wp\/v2\/media\/237465"}],"wp:attachment":[{"href":"https:\/\/www.sonoraenequipo.com.mx\/api\/wp\/v2\/media?parent=237464"}],"wp:term":[{"taxonomy":"category","embeddable":true,"href":"https:\/\/www.sonoraenequipo.com.mx\/api\/wp\/v2\/categories?post=237464"},{"taxonomy":"post_tag","embeddable":true,"href":"https:\/\/www.sonoraenequipo.com.mx\/api\/wp\/v2\/tags?post=237464"}],"curies":[{"name":"wp","href":"https:\/\/api.w.org\/{rel}","templated":true}]}}