{"id":237475,"date":"2026-03-15T13:28:16","date_gmt":"2026-03-15T20:28:16","guid":{"rendered":"https:\/\/www.sonoraenequipo.com.mx\/?p=237475"},"modified":"2026-03-15T13:28:16","modified_gmt":"2026-03-15T20:28:16","slug":"tiene-el-atletismo-sonorense-espectacular-cierre-en-olimpiada-regional-2026-de-atletismo","status":"publish","type":"post","link":"https:\/\/www.sonoraenequipo.com.mx\/tiene-el-atletismo-sonorense-espectacular-cierre-en-olimpiada-regional-2026-de-atletismo\/","title":{"rendered":"Tiene el atletismo sonorense espectacular cierre en Olimpiada regional 2026 de atletismo"},"content":{"rendered":"<p>&nbsp;<\/p>\n<p>&nbsp;<\/p>\n<p><strong>HERMOSILLO, SONORA, MX. \u2014<\/strong> La delegaci\u00f3n Sonora marc\u00f3 un cierre espectacular en la Olimpiada Regional de Atletismo 2026, que concluy\u00f3 este s\u00e1bado en Mexicali, Baja California, tras finalizar con una \u00faltima jornada de 28 medallas: 11 oros, 9 platas y 8 bronces.<\/p>\n<p>&nbsp;<\/p>\n<p>&nbsp;<\/p>\n<p>&nbsp;<\/p>\n<p>&nbsp;<\/p>\n<p>&nbsp;<\/p>\n<p>Ese resultado dej\u00f3 a la selecci\u00f3n sonorense de pista y campo con un total de 107 preseas despu\u00e9s de realizarse las cuatro sesiones de competencias (mi\u00e9rcoles 11 al s\u00e1bado 14 de marzo) en la Ciudad Deportiva de la capital bajacaliforniana, repartidas en 42 doradas, 33 de color argento y 32 bronc\u00edneas.<\/p>\n<p>&nbsp;<\/p>\n<p>&nbsp;<\/p>\n<p>&nbsp;<\/p>\n<p>&nbsp;<\/p>\n<p>&nbsp;<\/p>\n<p>La actuaci\u00f3n del s\u00e1bado la encabez\u00f3 el seis veces campe\u00f3n nacional, Jos\u00e9 Eduardo Ch\u00e1vez, quien obtuvo el metal dorado y el cetro regional en lanzamiento de martillo Sub 23, con una marca de 61.36 metros, para enfilarse a la ON 2026 a celebrarse en Guadalajara, Jalisco.<\/p>\n<p><strong>Fecha de publicaci\u00f3n domingo 15 de marzo de 2026<\/strong><\/p>\n<p>&nbsp;<\/p>\n<p>&nbsp;<\/p>\n<p>&nbsp;<\/p>\n<p>&nbsp;<\/p>\n<p>&nbsp;<\/p>\n<p>&nbsp;<\/p>\n<p>Adem\u00e1s, conquistaron primeros lugares en la pista los fondistas L\u00eddice Riveros (10,000 metros Sub 23 con 37:30\u201996) y Francisco \u00c1vila (3,000 Sub 16 con 36:47), junto a los velocistas Sara del Moral (400 Sub 23 con 55:19), Rafael Buelna (400 Sub 23 con 48:36), Jos\u00e9 Aguado (110 vallas Sub 23 con 14:24) y Andrea Aguilera (100 vallas Sub 23 con 14:82). As\u00ed como el relevo 4X100 Sub 23 mixto (44:15), la heptatleta Danna Ram\u00edrez (Sub 20 con 3,698), el saltador Mart\u00edn Ram\u00edrez (altura Sub 20 con 1.92) y el lanzador Leonardo Olvera (martillo Sub 18 con 56.60).<\/p>\n<p>&nbsp;<\/p>\n<p>&nbsp;<\/p>\n<p>&nbsp;<\/p>\n<p>&nbsp;<\/p>\n<p>&nbsp;<\/p>\n<p>Con preseas de tonalidad argenta, terminaron: el velocista Jes\u00fas Mendoza (100 vallas Sub 16 con 13:99), el saltador Jaudiel Villalobos (triple Sub 18 con 13.55), los lanzadores Carlos Garc\u00eda (martillo Sub 16 con 37.18), Ricardo Sierras (martillo Sub 18 con 54.88), Alana Armenta (bala Sub 20 con 10.69) y Joelany Barr\u00f3n (disco Sub 16 femenil con 38.47), las heptatletas Mercedes Rosas (Sub 18 con 4,097) y Camila Valent\u00edn (Sub 16 con 3,393) y el relevo 1,000 metros Sub 16 varonil (2:02\u201986).<\/p>\n<p>&nbsp;<\/p>\n<p>&nbsp;<\/p>\n<p>&nbsp;<\/p>\n<p>&nbsp;<\/p>\n<p>&nbsp;<\/p>\n<p>Las preseas de bronce se las repartieron los velocistas Jaqueline \u00c1vila (400 Sub 20 con 58:37), Mart\u00edn Ram\u00edrez (110 vallas Sub 23 con 15:41), Santiago Garc\u00eda (110 vallas Sub 16 con 13:99) y Camila Castro (80 vallas Sub 16 con 12:14), los lanzadores Chabely Verduzco (bala Sub 16 con 10.67) y Jos\u00e9 Miranda (martillo Sub 23 con 48.94) y las heptatletas Luz Ram\u00edrez (Sub 20 con 3,460) y Kassandra Zavala (Sub 23 con 3,256).<\/p>\n<p><strong>Fecha de publicaci\u00f3n domingo 15 de marzo de 2026<\/strong><\/p>\n<p>&nbsp;<\/p>\n","protected":false},"excerpt":{"rendered":"<p>&nbsp; &nbsp; HERMOSILLO, SONORA, MX. \u2014 La delegaci\u00f3n Sonora marc\u00f3 un cierre espectacular en la&#8230;<\/p>\n","protected":false},"author":1,"featured_media":237476,"comment_status":"open","ping_status":"open","sticky":false,"template":"","format":"standard","meta":{"_monsterinsights_skip_tracking":false,"_monsterinsights_sitenote_active":false,"_monsterinsights_sitenote_note":"","_monsterinsights_sitenote_category":0,"footnotes":""},"categories":[10],"tags":[12479],"class_list":["post"],"yoast_head":" \n<title>Sonora en Equipo. Tiene el atletismo sonorense espectacular cierre en Olimpiada regional 2026 de atletismo Deportes<\/title>\n<meta name=\"description\" content=\"&nbsp; &nbsp; HERMOSILLO, SONORA, MX. \u2014 La delegaci\u00f3n Sonora marc\u00f3 un cierre espectacular en la Olimpiada Regional de Atletismo 2026, que concluy\u00f3 este En Sonora en Equipo publicamos toda la informaci\u00f3n de Sonora, M\u00e9xico y el Mundo de manera oportuna y busca que la libertad de expresi\u00f3n sea real. Visita nuestro medio informativo publicado desde Hermosillo, Sonora. %\" \/>\n<meta name=\"robots\" content=\"index, follow, max-snippet:-1, max-image-preview:large, max-video-preview:-1\" \/>\n<link rel=\"canonical\" href=\"https:\/\/www.sonoraenequipo.com.mx\/tiene-el-atletismo-sonorense-espectacular-cierre-en-olimpiada-regional-2026-de-atletismo\/\" \/>\n<meta property=\"og:locale\" content=\"es_ES\" \/>\n<meta property=\"og:type\" content=\"article\" \/>\n<meta property=\"og:title\" content=\"Sonora en Equipo. Tiene el atletismo sonorense espectacular cierre en Olimpiada regional 2026 de atletismo Deportes\" \/>\n<meta property=\"og:description\" content=\"&nbsp; &nbsp; HERMOSILLO, SONORA, MX. \u2014 La delegaci\u00f3n Sonora marc\u00f3 un cierre espectacular en la Olimpiada Regional de Atletismo 2026, que concluy\u00f3 este En Sonora en Equipo publicamos toda la informaci\u00f3n de Sonora, M\u00e9xico y el Mundo de manera oportuna y busca que la libertad de expresi\u00f3n sea real. Visita nuestro medio informativo publicado desde Hermosillo, Sonora. %\" \/>\n<meta property=\"og:url\" content=\"https:\/\/www.sonoraenequipo.com.mx\/tiene-el-atletismo-sonorense-espectacular-cierre-en-olimpiada-regional-2026-de-atletismo\/\" \/>\n<meta property=\"og:site_name\" content=\"Sonora en Equipo.\" \/>\n<meta property=\"article:publisher\" content=\"https:\/\/www.facebook.com\/SonoraEE\/\" \/>\n<meta property=\"article:author\" content=\"https:\/\/www.facebook.com\/SonoraEE\" \/>\n<meta property=\"article:published_time\" content=\"2026-03-15T20:28:16+00:00\" \/>\n<meta property=\"og:image\" content=\"https:\/\/www.sonoraenequipo.com.mx\/storage\/2026\/03\/camila-atletismo.jpg\" \/>\n\t<meta property=\"og:image:width\" content=\"600\" \/>\n\t<meta property=\"og:image:height\" content=\"400\" \/>\n\t<meta property=\"og:image:type\" content=\"image\/jpeg\" \/>\n<meta name=\"author\" content=\"enequipo\" \/>\n<meta name=\"twitter:card\" content=\"summary_large_image\" \/>\n<meta name=\"twitter:creator\" content=\"@sonoraenequipo\" \/>\n<meta name=\"twitter:site\" content=\"@sonoraenequipo\" \/>\n<meta name=\"twitter:label1\" content=\"Escrito por\" \/>\n\t<meta name=\"twitter:data1\" content=\"enequipo\" \/>\n\t<meta name=\"twitter:label2\" content=\"Tiempo de lectura\" \/>\n\t<meta name=\"twitter:data2\" content=\"2 minutos\" \/>\n<script type=\"application\/ld+json\" class=\"yoast-schema-graph\">{\"@context\":\"https:\/\/schema.org\",\"@graph\":[{\"@type\":\"Article\",\"@id\":\"https:\/\/www.sonoraenequipo.com.mx\/tiene-el-atletismo-sonorense-espectacular-cierre-en-olimpiada-regional-2026-de-atletismo\/#article\",\"isPartOf\":{\"@id\":\"https:\/\/www.sonoraenequipo.com.mx\/tiene-el-atletismo-sonorense-espectacular-cierre-en-olimpiada-regional-2026-de-atletismo\/\"},\"author\":{\"name\":\"enequipo\",\"@id\":\"https:\/\/www.sonoraenequipo.com.mx\/#\/schema\/person\/50102df0fb23a8fa9e8effad8fa81386\"},\"headline\":\"Tiene el atletismo sonorense espectacular cierre en Olimpiada regional 2026 de atletismo\",\"datePublished\":\"2026-03-15T20:28:16+00:00\",\"mainEntityOfPage\":{\"@id\":\"https:\/\/www.sonoraenequipo.com.mx\/tiene-el-atletismo-sonorense-espectacular-cierre-en-olimpiada-regional-2026-de-atletismo\/\"},\"wordCount\":390,\"commentCount\":0,\"publisher\":{\"@id\":\"https:\/\/www.sonoraenequipo.com.mx\/#organization\"},\"image\":{\"@id\":\"https:\/\/www.sonoraenequipo.com.mx\/tiene-el-atletismo-sonorense-espectacular-cierre-en-olimpiada-regional-2026-de-atletismo\/#primaryimage\"},\"thumbnailUrl\":\"https:\/\/www.sonoraenequipo.com.mx\/storage\/2026\/03\/camila-atletismo.jpg\",\"keywords\":[\"olimpiada regional 2026\"],\"articleSection\":[\"Deportes\"],\"inLanguage\":\"es\",\"potentialAction\":[{\"@type\":\"CommentAction\",\"name\":\"Comment\",\"target\":[\"https:\/\/www.sonoraenequipo.com.mx\/tiene-el-atletismo-sonorense-espectacular-cierre-en-olimpiada-regional-2026-de-atletismo\/#respond\"]}]},{\"@type\":\"WebPage\",\"@id\":\"https:\/\/www.sonoraenequipo.com.mx\/tiene-el-atletismo-sonorense-espectacular-cierre-en-olimpiada-regional-2026-de-atletismo\/\",\"url\":\"https:\/\/www.sonoraenequipo.com.mx\/tiene-el-atletismo-sonorense-espectacular-cierre-en-olimpiada-regional-2026-de-atletismo\/\",\"name\":\"Sonora en Equipo. Tiene el atletismo sonorense espectacular cierre en Olimpiada regional 2026 de atletismo Deportes\",\"isPartOf\":{\"@id\":\"https:\/\/www.sonoraenequipo.com.mx\/#website\"},\"primaryImageOfPage\":{\"@id\":\"https:\/\/www.sonoraenequipo.com.mx\/tiene-el-atletismo-sonorense-espectacular-cierre-en-olimpiada-regional-2026-de-atletismo\/#primaryimage\"},\"image\":{\"@id\":\"https:\/\/www.sonoraenequipo.com.mx\/tiene-el-atletismo-sonorense-espectacular-cierre-en-olimpiada-regional-2026-de-atletismo\/#primaryimage\"},\"thumbnailUrl\":\"https:\/\/www.sonoraenequipo.com.mx\/storage\/2026\/03\/camila-atletismo.jpg\",\"datePublished\":\"2026-03-15T20:28:16+00:00\",\"description\":\"&nbsp; &nbsp; HERMOSILLO, SONORA, MX. \u2014 La delegaci\u00f3n Sonora marc\u00f3 un cierre espectacular en la Olimpiada Regional de Atletismo 2026, que concluy\u00f3 este En Sonora en Equipo publicamos toda la informaci\u00f3n de Sonora, M\u00e9xico y el Mundo de manera oportuna y busca que la libertad de expresi\u00f3n sea real. Visita nuestro medio informativo publicado desde Hermosillo, Sonora. %\",\"breadcrumb\":{\"@id\":\"https:\/\/www.sonoraenequipo.com.mx\/tiene-el-atletismo-sonorense-espectacular-cierre-en-olimpiada-regional-2026-de-atletismo\/#breadcrumb\"},\"inLanguage\":\"es\",\"potentialAction\":[{\"@type\":\"ReadAction\",\"target\":[\"https:\/\/www.sonoraenequipo.com.mx\/tiene-el-atletismo-sonorense-espectacular-cierre-en-olimpiada-regional-2026-de-atletismo\/\"]}]},{\"@type\":\"ImageObject\",\"inLanguage\":\"es\",\"@id\":\"https:\/\/www.sonoraenequipo.com.mx\/tiene-el-atletismo-sonorense-espectacular-cierre-en-olimpiada-regional-2026-de-atletismo\/#primaryimage\",\"url\":\"https:\/\/www.sonoraenequipo.com.mx\/storage\/2026\/03\/camila-atletismo.jpg\",\"contentUrl\":\"https:\/\/www.sonoraenequipo.com.mx\/storage\/2026\/03\/camila-atletismo.jpg\",\"width\":600,\"height\":400,\"caption\":\"Sara del Moral conquist\u00f3 oro en 400 metros libres Sub 23 con un tiempo de 55:19),\"},{\"@type\":\"BreadcrumbList\",\"@id\":\"https:\/\/www.sonoraenequipo.com.mx\/tiene-el-atletismo-sonorense-espectacular-cierre-en-olimpiada-regional-2026-de-atletismo\/#breadcrumb\",\"itemListElement\":[{\"@type\":\"ListItem\",\"position\":1,\"name\":\"Portada\",\"item\":\"https:\/\/www.sonoraenequipo.com.mx\/\"},{\"@type\":\"ListItem\",\"position\":2,\"name\":\"Tiene el atletismo sonorense espectacular cierre en Olimpiada regional 2026 de atletismo\"}]},{\"@type\":\"WebSite\",\"@id\":\"https:\/\/www.sonoraenequipo.com.mx\/#website\",\"url\":\"https:\/\/www.sonoraenequipo.com.mx\/\",\"name\":\"Sonora en Equipo.\",\"description\":\"Diario en l\u00ednea con Noticias desde Hermosillo, Sonora\",\"publisher\":{\"@id\":\"https:\/\/www.sonoraenequipo.com.mx\/#organization\"},\"potentialAction\":[{\"@type\":\"SearchAction\",\"target\":{\"@type\":\"EntryPoint\",\"urlTemplate\":\"https:\/\/www.sonoraenequipo.com.mx\/?s={search_term_string}\"},\"query-input\":{\"@type\":\"PropertyValueSpecification\",\"valueRequired\":true,\"valueName\":\"search_term_string\"}}],\"inLanguage\":\"es\"},{\"@type\":\"Organization\",\"@id\":\"https:\/\/www.sonoraenequipo.com.mx\/#organization\",\"name\":\"Sonoraenequipo.com.mx\",\"url\":\"https:\/\/www.sonoraenequipo.com.mx\/\",\"logo\":{\"@type\":\"ImageObject\",\"inLanguage\":\"es\",\"@id\":\"https:\/\/www.sonoraenequipo.com.mx\/#\/schema\/logo\/image\/\",\"url\":\"https:\/\/www.sonoraenequipo.com.mx\/storage\/2019\/01\/sonoraenequipo_opt.png\",\"contentUrl\":\"https:\/\/www.sonoraenequipo.com.mx\/storage\/2019\/01\/sonoraenequipo_opt.png\",\"width\":375,\"height\":125,\"caption\":\"Sonoraenequipo.com.mx\"},\"image\":{\"@id\":\"https:\/\/www.sonoraenequipo.com.mx\/#\/schema\/logo\/image\/\"},\"sameAs\":[\"https:\/\/www.facebook.com\/SonoraEE\/\",\"https:\/\/x.com\/sonoraenequipo\",\"https:\/\/www.youtube.com\/channel\/UC338nW-lPEYmJQs4ZABQ1SQ\"]},{\"@type\":\"Person\",\"@id\":\"https:\/\/www.sonoraenequipo.com.mx\/#\/schema\/person\/50102df0fb23a8fa9e8effad8fa81386\",\"name\":\"enequipo\",\"image\":{\"@type\":\"ImageObject\",\"inLanguage\":\"es\",\"@id\":\"https:\/\/www.sonoraenequipo.com.mx\/#\/schema\/person\/image\/\",\"url\":\"https:\/\/secure.gravatar.com\/avatar\/049821681b589dabc0bc20695993ccebb09f5b5d4d790cd9251b97faac7c652b?s=96&d=blank&r=g\",\"contentUrl\":\"https:\/\/secure.gravatar.com\/avatar\/049821681b589dabc0bc20695993ccebb09f5b5d4d790cd9251b97faac7c652b?s=96&d=blank&r=g\",\"caption\":\"enequipo\"},\"sameAs\":[\"https:\/\/www.facebook.com\/SonoraEE\"]}]}<\/script>\n ","yoast_head_json":{"title":"Sonora en Equipo. Tiene el atletismo sonorense espectacular cierre en Olimpiada regional 2026 de atletismo Deportes","description":"&nbsp; &nbsp; HERMOSILLO, SONORA, MX. \u2014 La delegaci\u00f3n Sonora marc\u00f3 un cierre espectacular en la Olimpiada Regional de Atletismo 2026, que concluy\u00f3 este En Sonora en Equipo publicamos toda la informaci\u00f3n de Sonora, M\u00e9xico y el Mundo de manera oportuna y busca que la libertad de expresi\u00f3n sea real. Visita nuestro medio informativo publicado desde Hermosillo, Sonora. %","robots":{"index":"index","follow":"follow","max-snippet":"max-snippet:-1","max-image-preview":"max-image-preview:large","max-video-preview":"max-video-preview:-1"},"canonical":"https:\/\/www.sonoraenequipo.com.mx\/tiene-el-atletismo-sonorense-espectacular-cierre-en-olimpiada-regional-2026-de-atletismo\/","og_locale":"es_ES","og_type":"article","og_title":"Sonora en Equipo. Tiene el atletismo sonorense espectacular cierre en Olimpiada regional 2026 de atletismo Deportes","og_description":"&nbsp; &nbsp; HERMOSILLO, SONORA, MX. \u2014 La delegaci\u00f3n Sonora marc\u00f3 un cierre espectacular en la Olimpiada Regional de Atletismo 2026, que concluy\u00f3 este En Sonora en Equipo publicamos toda la informaci\u00f3n de Sonora, M\u00e9xico y el Mundo de manera oportuna y busca que la libertad de expresi\u00f3n sea real. Visita nuestro medio informativo publicado desde Hermosillo, Sonora. %","og_url":"https:\/\/www.sonoraenequipo.com.mx\/tiene-el-atletismo-sonorense-espectacular-cierre-en-olimpiada-regional-2026-de-atletismo\/","og_site_name":"Sonora en Equipo.","article_publisher":"https:\/\/www.facebook.com\/SonoraEE\/","article_author":"https:\/\/www.facebook.com\/SonoraEE","article_published_time":"2026-03-15T20:28:16+00:00","og_image":[{"width":600,"height":400,"url":"https:\/\/www.sonoraenequipo.com.mx\/storage\/2026\/03\/camila-atletismo.jpg","type":"image\/jpeg"}],"author":"enequipo","twitter_card":"summary_large_image","twitter_creator":"@sonoraenequipo","twitter_site":"@sonoraenequipo","twitter_misc":{"Escrito por":"enequipo","Tiempo de lectura":"2 minutos"},"schema":{"@context":"https:\/\/schema.org","@graph":[{"@type":"Article","@id":"https:\/\/www.sonoraenequipo.com.mx\/tiene-el-atletismo-sonorense-espectacular-cierre-en-olimpiada-regional-2026-de-atletismo\/#article","isPartOf":{"@id":"https:\/\/www.sonoraenequipo.com.mx\/tiene-el-atletismo-sonorense-espectacular-cierre-en-olimpiada-regional-2026-de-atletismo\/"},"author":{"name":"enequipo","@id":"https:\/\/www.sonoraenequipo.com.mx\/#\/schema\/person\/50102df0fb23a8fa9e8effad8fa81386"},"headline":"Tiene el atletismo sonorense espectacular cierre en Olimpiada regional 2026 de atletismo","datePublished":"2026-03-15T20:28:16+00:00","mainEntityOfPage":{"@id":"https:\/\/www.sonoraenequipo.com.mx\/tiene-el-atletismo-sonorense-espectacular-cierre-en-olimpiada-regional-2026-de-atletismo\/"},"wordCount":390,"commentCount":0,"publisher":{"@id":"https:\/\/www.sonoraenequipo.com.mx\/#organization"},"image":{"@id":"https:\/\/www.sonoraenequipo.com.mx\/tiene-el-atletismo-sonorense-espectacular-cierre-en-olimpiada-regional-2026-de-atletismo\/#primaryimage"},"thumbnailUrl":"https:\/\/www.sonoraenequipo.com.mx\/storage\/2026\/03\/camila-atletismo.jpg","keywords":["olimpiada regional 2026"],"articleSection":["Deportes"],"inLanguage":"es","potentialAction":[{"@type":"CommentAction","name":"Comment","target":["https:\/\/www.sonoraenequipo.com.mx\/tiene-el-atletismo-sonorense-espectacular-cierre-en-olimpiada-regional-2026-de-atletismo\/#respond"]}]},{"@type":"WebPage","@id":"https:\/\/www.sonoraenequipo.com.mx\/tiene-el-atletismo-sonorense-espectacular-cierre-en-olimpiada-regional-2026-de-atletismo\/","url":"https:\/\/www.sonoraenequipo.com.mx\/tiene-el-atletismo-sonorense-espectacular-cierre-en-olimpiada-regional-2026-de-atletismo\/","name":"Sonora en Equipo. Tiene el atletismo sonorense espectacular cierre en Olimpiada regional 2026 de atletismo Deportes","isPartOf":{"@id":"https:\/\/www.sonoraenequipo.com.mx\/#website"},"primaryImageOfPage":{"@id":"https:\/\/www.sonoraenequipo.com.mx\/tiene-el-atletismo-sonorense-espectacular-cierre-en-olimpiada-regional-2026-de-atletismo\/#primaryimage"},"image":{"@id":"https:\/\/www.sonoraenequipo.com.mx\/tiene-el-atletismo-sonorense-espectacular-cierre-en-olimpiada-regional-2026-de-atletismo\/#primaryimage"},"thumbnailUrl":"https:\/\/www.sonoraenequipo.com.mx\/storage\/2026\/03\/camila-atletismo.jpg","datePublished":"2026-03-15T20:28:16+00:00","description":"&nbsp; &nbsp; HERMOSILLO, SONORA, MX. \u2014 La delegaci\u00f3n Sonora marc\u00f3 un cierre espectacular en la Olimpiada Regional de Atletismo 2026, que concluy\u00f3 este En Sonora en Equipo publicamos toda la informaci\u00f3n de Sonora, M\u00e9xico y el Mundo de manera oportuna y busca que la libertad de expresi\u00f3n sea real. Visita nuestro medio informativo publicado desde Hermosillo, Sonora. %","breadcrumb":{"@id":"https:\/\/www.sonoraenequipo.com.mx\/tiene-el-atletismo-sonorense-espectacular-cierre-en-olimpiada-regional-2026-de-atletismo\/#breadcrumb"},"inLanguage":"es","potentialAction":[{"@type":"ReadAction","target":["https:\/\/www.sonoraenequipo.com.mx\/tiene-el-atletismo-sonorense-espectacular-cierre-en-olimpiada-regional-2026-de-atletismo\/"]}]},{"@type":"ImageObject","inLanguage":"es","@id":"https:\/\/www.sonoraenequipo.com.mx\/tiene-el-atletismo-sonorense-espectacular-cierre-en-olimpiada-regional-2026-de-atletismo\/#primaryimage","url":"https:\/\/www.sonoraenequipo.com.mx\/storage\/2026\/03\/camila-atletismo.jpg","contentUrl":"https:\/\/www.sonoraenequipo.com.mx\/storage\/2026\/03\/camila-atletismo.jpg","width":600,"height":400,"caption":"Sara del Moral conquist\u00f3 oro en 400 metros libres Sub 23 con un tiempo de 55:19),"},{"@type":"BreadcrumbList","@id":"https:\/\/www.sonoraenequipo.com.mx\/tiene-el-atletismo-sonorense-espectacular-cierre-en-olimpiada-regional-2026-de-atletismo\/#breadcrumb","itemListElement":[{"@type":"ListItem","position":1,"name":"Portada","item":"https:\/\/www.sonoraenequipo.com.mx\/"},{"@type":"ListItem","position":2,"name":"Tiene el atletismo sonorense espectacular cierre en Olimpiada regional 2026 de atletismo"}]},{"@type":"WebSite","@id":"https:\/\/www.sonoraenequipo.com.mx\/#website","url":"https:\/\/www.sonoraenequipo.com.mx\/","name":"Sonora en Equipo.","description":"Diario en l\u00ednea con Noticias desde Hermosillo, Sonora","publisher":{"@id":"https:\/\/www.sonoraenequipo.com.mx\/#organization"},"potentialAction":[{"@type":"SearchAction","target":{"@type":"EntryPoint","urlTemplate":"https:\/\/www.sonoraenequipo.com.mx\/?s={search_term_string}"},"query-input":{"@type":"PropertyValueSpecification","valueRequired":true,"valueName":"search_term_string"}}],"inLanguage":"es"},{"@type":"Organization","@id":"https:\/\/www.sonoraenequipo.com.mx\/#organization","name":"Sonoraenequipo.com.mx","url":"https:\/\/www.sonoraenequipo.com.mx\/","logo":{"@type":"ImageObject","inLanguage":"es","@id":"https:\/\/www.sonoraenequipo.com.mx\/#\/schema\/logo\/image\/","url":"https:\/\/www.sonoraenequipo.com.mx\/storage\/2019\/01\/sonoraenequipo_opt.png","contentUrl":"https:\/\/www.sonoraenequipo.com.mx\/storage\/2019\/01\/sonoraenequipo_opt.png","width":375,"height":125,"caption":"Sonoraenequipo.com.mx"},"image":{"@id":"https:\/\/www.sonoraenequipo.com.mx\/#\/schema\/logo\/image\/"},"sameAs":["https:\/\/www.facebook.com\/SonoraEE\/","https:\/\/x.com\/sonoraenequipo","https:\/\/www.youtube.com\/channel\/UC338nW-lPEYmJQs4ZABQ1SQ"]},{"@type":"Person","@id":"https:\/\/www.sonoraenequipo.com.mx\/#\/schema\/person\/50102df0fb23a8fa9e8effad8fa81386","name":"enequipo","image":{"@type":"ImageObject","inLanguage":"es","@id":"https:\/\/www.sonoraenequipo.com.mx\/#\/schema\/person\/image\/","url":"https:\/\/secure.gravatar.com\/avatar\/049821681b589dabc0bc20695993ccebb09f5b5d4d790cd9251b97faac7c652b?s=96&d=blank&r=g","contentUrl":"https:\/\/secure.gravatar.com\/avatar\/049821681b589dabc0bc20695993ccebb09f5b5d4d790cd9251b97faac7c652b?s=96&d=blank&r=g","caption":"enequipo"},"sameAs":["https:\/\/www.facebook.com\/SonoraEE"]}]}},"jetpack_featured_media_url":"https:\/\/www.sonoraenequipo.com.mx\/storage\/2026\/03\/camila-atletismo.jpg","_links":{"self":[{"href":"https:\/\/www.sonoraenequipo.com.mx\/api\/wp\/v2\/posts\/237475","targetHints":{"allow":["GET"]}}],"collection":[{"href":"https:\/\/www.sonoraenequipo.com.mx\/api\/wp\/v2\/posts"}],"about":[{"href":"https:\/\/www.sonoraenequipo.com.mx\/api\/wp\/v2\/types\/post"}],"author":[{"embeddable":true,"href":"https:\/\/www.sonoraenequipo.com.mx\/api\/wp\/v2\/users\/1"}],"replies":[{"embeddable":true,"href":"https:\/\/www.sonoraenequipo.com.mx\/api\/wp\/v2\/comments?post=237475"}],"version-history":[{"count":1,"href":"https:\/\/www.sonoraenequipo.com.mx\/api\/wp\/v2\/posts\/237475\/revisions"}],"predecessor-version":[{"id":237477,"href":"https:\/\/www.sonoraenequipo.com.mx\/api\/wp\/v2\/posts\/237475\/revisions\/237477"}],"wp:featuredmedia":[{"embeddable":true,"href":"https:\/\/www.sonoraenequipo.com.mx\/api\/wp\/v2\/media\/237476"}],"wp:attachment":[{"href":"https:\/\/www.sonoraenequipo.com.mx\/api\/wp\/v2\/media?parent=237475"}],"wp:term":[{"taxonomy":"category","embeddable":true,"href":"https:\/\/www.sonoraenequipo.com.mx\/api\/wp\/v2\/categories?post=237475"},{"taxonomy":"post_tag","embeddable":true,"href":"https:\/\/www.sonoraenequipo.com.mx\/api\/wp\/v2\/tags?post=237475"}],"curies":[{"name":"wp","href":"https:\/\/api.w.org\/{rel}","templated":true}]}}