{"id":237485,"date":"2026-03-15T15:17:14","date_gmt":"2026-03-15T22:17:14","guid":{"rendered":"https:\/\/www.sonoraenequipo.com.mx\/?p=237485"},"modified":"2026-03-15T17:46:37","modified_gmt":"2026-03-16T00:46:37","slug":"hermosillo-promueve-comuna-economia-y-talento-femenino-en-la-8va-feria-de-las-mujeres","status":"publish","type":"post","link":"https:\/\/www.sonoraenequipo.com.mx\/hermosillo-promueve-comuna-economia-y-talento-femenino-en-la-8va-feria-de-las-mujeres\/","title":{"rendered":"HERMOSILLO. Promueve comuna econom\u00eda y talento femenino en la 8va Feria de las Mujeres"},"content":{"rendered":"<p>&nbsp;<\/p>\n<p><strong>HERMOSILLO, SONORA, MX. \u2014<\/strong> Con una amplia oferta de productos y servicios se llev\u00f3 a cabo la 8va Feria de las Mujeres que el Ayuntamiento de Hermosillo impulsa a trav\u00e9s de la Direcci\u00f3n General de Atenci\u00f3n a la Mujer, la cual permiti\u00f3 fortalecer la econom\u00eda familiar de m\u00e1s de 110 participantes.<\/p>\n<p>&nbsp;<\/p>\n<p>&nbsp;<\/p>\n<p>&nbsp;<\/p>\n<p>Zulma Galaz Angulo, directora general de la instancia municipal destac\u00f3 que dicha actividad llevada a cabo en la emblem\u00e1tica Plaza Alonso Vidal, ubicada en el Centro Hist\u00f3rico de Hermosillo, forma parte de las actividades programadas en el marco del D\u00eda Internacional de la Mujer.<\/p>\n<p>&nbsp;<\/p>\n<p>&nbsp;<\/p>\n<p>&nbsp;<\/p>\n<p>\u201cEn el marco del D\u00eda Internacional de la Mujer nosotros estamos haciendo actividades durante todo el mes y obviamente una de las actividades m\u00e1s grandes para nosotros es nuestra Feria de las Mujeres. Es un espacio que se le brinda a las mujeres emprendedoras para que ellas puedan promover y vender sus art\u00edculos\u201d.<\/p>\n<p>&nbsp;<\/p>\n<p>&nbsp;<\/p>\n<p>&nbsp;<\/p>\n<p>Desde postres, bisuter\u00eda, comida, prendas, libros, juguetes hasta art\u00edculos para mascotas fueron algunos de los productos colocados sobre los stands en el Centro Hist\u00f3rico de Hermosillo, lo que convirti\u00f3 la jornada en una tarde de reconocimiento al trabajo y talento que mujeres emprendedoras realizan para sacar adelante a sus familias.<\/p>\n<p>&nbsp;<\/p>\n<p>&nbsp;<\/p>\n<p>&nbsp;<\/p>\n<p>Las actividades conmemorativas por el D\u00eda Internacional de la Mujer continuar\u00e1n el pr\u00f3ximo 27 de marzo con la conferencia magistral \u201cSer feliz para vivir en igualdad\u201d, impartida por la maestra Aurora Aguilar a las 9:00 horas en Quinta de Anza.<\/p>\n<p>&nbsp;<\/p>\n<p>&nbsp;<\/p>\n<p>&nbsp;<\/p>\n<p>El Ayuntamiento de Hermosillo reconoce la lucha hist\u00f3rica de las mujeres por la igualdad de derechos, la justicia y su participaci\u00f3n plena en la sociedad, y refrenda el compromiso de seguir impulsando acciones que fortalezcan su desarrollo.<\/p>\n<p><strong>Fecha de publicaci\u00f3n domingo 15 de marzo de 2026<\/strong><\/p>\n<p>&nbsp;<\/p>\n<p>&nbsp;<\/p>\n","protected":false},"excerpt":{"rendered":"<p>&nbsp; HERMOSILLO, SONORA, MX. \u2014 Con una amplia oferta de productos y servicios se llev\u00f3&#8230;<\/p>\n","protected":false},"author":1,"featured_media":237486,"comment_status":"open","ping_status":"open","sticky":false,"template":"","format":"standard","meta":{"_monsterinsights_skip_tracking":false,"_monsterinsights_sitenote_active":false,"_monsterinsights_sitenote_note":"","_monsterinsights_sitenote_category":0,"footnotes":""},"categories":[4],"tags":[3594,297,12480],"class_list":["post"],"yoast_head":" \n<title>Sonora en Equipo. HERMOSILLO. Promueve comuna econom\u00eda y talento femenino en la 8va Feria de las Mujeres Municipios<\/title>\n<meta name=\"description\" content=\"&nbsp; HERMOSILLO, SONORA, MX. \u2014 Con una amplia oferta de productos y servicios se llev\u00f3 a cabo la 8va Feria de las Mujeres que el Ayuntamiento de En Sonora en Equipo publicamos toda la informaci\u00f3n de Sonora, M\u00e9xico y el Mundo de manera oportuna y busca que la libertad de expresi\u00f3n sea real. Visita nuestro medio informativo publicado desde Hermosillo, Sonora. %\" \/>\n<meta name=\"robots\" content=\"index, follow, max-snippet:-1, max-image-preview:large, max-video-preview:-1\" \/>\n<link rel=\"canonical\" href=\"https:\/\/www.sonoraenequipo.com.mx\/hermosillo-promueve-comuna-economia-y-talento-femenino-en-la-8va-feria-de-las-mujeres\/\" \/>\n<meta property=\"og:locale\" content=\"es_ES\" \/>\n<meta property=\"og:type\" content=\"article\" \/>\n<meta property=\"og:title\" content=\"Sonora en Equipo. HERMOSILLO. Promueve comuna econom\u00eda y talento femenino en la 8va Feria de las Mujeres Municipios\" \/>\n<meta property=\"og:description\" content=\"&nbsp; HERMOSILLO, SONORA, MX. \u2014 Con una amplia oferta de productos y servicios se llev\u00f3 a cabo la 8va Feria de las Mujeres que el Ayuntamiento de En Sonora en Equipo publicamos toda la informaci\u00f3n de Sonora, M\u00e9xico y el Mundo de manera oportuna y busca que la libertad de expresi\u00f3n sea real. Visita nuestro medio informativo publicado desde Hermosillo, Sonora. %\" \/>\n<meta property=\"og:url\" content=\"https:\/\/www.sonoraenequipo.com.mx\/hermosillo-promueve-comuna-economia-y-talento-femenino-en-la-8va-feria-de-las-mujeres\/\" \/>\n<meta property=\"og:site_name\" content=\"Sonora en Equipo.\" \/>\n<meta property=\"article:publisher\" content=\"https:\/\/www.facebook.com\/SonoraEE\/\" \/>\n<meta property=\"article:author\" content=\"https:\/\/www.facebook.com\/SonoraEE\" \/>\n<meta property=\"article:published_time\" content=\"2026-03-15T22:17:14+00:00\" \/>\n<meta property=\"article:modified_time\" content=\"2026-03-16T00:46:37+00:00\" \/>\n<meta property=\"og:image\" content=\"https:\/\/www.sonoraenequipo.com.mx\/storage\/2026\/03\/mujeres-emprendedoras.jpg\" \/>\n\t<meta property=\"og:image:width\" content=\"600\" \/>\n\t<meta property=\"og:image:height\" content=\"400\" \/>\n\t<meta property=\"og:image:type\" content=\"image\/jpeg\" \/>\n<meta name=\"author\" content=\"enequipo\" \/>\n<meta name=\"twitter:card\" content=\"summary_large_image\" \/>\n<meta name=\"twitter:creator\" content=\"@sonoraenequipo\" \/>\n<meta name=\"twitter:site\" content=\"@sonoraenequipo\" \/>\n<meta name=\"twitter:label1\" content=\"Escrito por\" \/>\n\t<meta name=\"twitter:data1\" content=\"enequipo\" \/>\n\t<meta name=\"twitter:label2\" content=\"Tiempo de lectura\" \/>\n\t<meta name=\"twitter:data2\" content=\"2 minutos\" \/>\n<script type=\"application\/ld+json\" class=\"yoast-schema-graph\">{\"@context\":\"https:\/\/schema.org\",\"@graph\":[{\"@type\":\"Article\",\"@id\":\"https:\/\/www.sonoraenequipo.com.mx\/hermosillo-promueve-comuna-economia-y-talento-femenino-en-la-8va-feria-de-las-mujeres\/#article\",\"isPartOf\":{\"@id\":\"https:\/\/www.sonoraenequipo.com.mx\/hermosillo-promueve-comuna-economia-y-talento-femenino-en-la-8va-feria-de-las-mujeres\/\"},\"author\":{\"name\":\"enequipo\",\"@id\":\"https:\/\/www.sonoraenequipo.com.mx\/#\/schema\/person\/50102df0fb23a8fa9e8effad8fa81386\"},\"headline\":\"HERMOSILLO. Promueve comuna econom\u00eda y talento femenino en la 8va Feria de las Mujeres\",\"datePublished\":\"2026-03-15T22:17:14+00:00\",\"dateModified\":\"2026-03-16T00:46:37+00:00\",\"mainEntityOfPage\":{\"@id\":\"https:\/\/www.sonoraenequipo.com.mx\/hermosillo-promueve-comuna-economia-y-talento-femenino-en-la-8va-feria-de-las-mujeres\/\"},\"wordCount\":331,\"commentCount\":0,\"publisher\":{\"@id\":\"https:\/\/www.sonoraenequipo.com.mx\/#organization\"},\"image\":{\"@id\":\"https:\/\/www.sonoraenequipo.com.mx\/hermosillo-promueve-comuna-economia-y-talento-femenino-en-la-8va-feria-de-las-mujeres\/#primaryimage\"},\"thumbnailUrl\":\"https:\/\/www.sonoraenequipo.com.mx\/storage\/2026\/03\/mujeres-emprendedoras.jpg\",\"keywords\":[\"feria\",\"mujeres\",\"VIII\"],\"articleSection\":[\"Municipios\"],\"inLanguage\":\"es\",\"potentialAction\":[{\"@type\":\"CommentAction\",\"name\":\"Comment\",\"target\":[\"https:\/\/www.sonoraenequipo.com.mx\/hermosillo-promueve-comuna-economia-y-talento-femenino-en-la-8va-feria-de-las-mujeres\/#respond\"]}]},{\"@type\":\"WebPage\",\"@id\":\"https:\/\/www.sonoraenequipo.com.mx\/hermosillo-promueve-comuna-economia-y-talento-femenino-en-la-8va-feria-de-las-mujeres\/\",\"url\":\"https:\/\/www.sonoraenequipo.com.mx\/hermosillo-promueve-comuna-economia-y-talento-femenino-en-la-8va-feria-de-las-mujeres\/\",\"name\":\"Sonora en Equipo. HERMOSILLO. Promueve comuna econom\u00eda y talento femenino en la 8va Feria de las Mujeres Municipios\",\"isPartOf\":{\"@id\":\"https:\/\/www.sonoraenequipo.com.mx\/#website\"},\"primaryImageOfPage\":{\"@id\":\"https:\/\/www.sonoraenequipo.com.mx\/hermosillo-promueve-comuna-economia-y-talento-femenino-en-la-8va-feria-de-las-mujeres\/#primaryimage\"},\"image\":{\"@id\":\"https:\/\/www.sonoraenequipo.com.mx\/hermosillo-promueve-comuna-economia-y-talento-femenino-en-la-8va-feria-de-las-mujeres\/#primaryimage\"},\"thumbnailUrl\":\"https:\/\/www.sonoraenequipo.com.mx\/storage\/2026\/03\/mujeres-emprendedoras.jpg\",\"datePublished\":\"2026-03-15T22:17:14+00:00\",\"dateModified\":\"2026-03-16T00:46:37+00:00\",\"description\":\"&nbsp; HERMOSILLO, SONORA, MX. \u2014 Con una amplia oferta de productos y servicios se llev\u00f3 a cabo la 8va Feria de las Mujeres que el Ayuntamiento de En Sonora en Equipo publicamos toda la informaci\u00f3n de Sonora, M\u00e9xico y el Mundo de manera oportuna y busca que la libertad de expresi\u00f3n sea real. Visita nuestro medio informativo publicado desde Hermosillo, Sonora. %\",\"breadcrumb\":{\"@id\":\"https:\/\/www.sonoraenequipo.com.mx\/hermosillo-promueve-comuna-economia-y-talento-femenino-en-la-8va-feria-de-las-mujeres\/#breadcrumb\"},\"inLanguage\":\"es\",\"potentialAction\":[{\"@type\":\"ReadAction\",\"target\":[\"https:\/\/www.sonoraenequipo.com.mx\/hermosillo-promueve-comuna-economia-y-talento-femenino-en-la-8va-feria-de-las-mujeres\/\"]}]},{\"@type\":\"ImageObject\",\"inLanguage\":\"es\",\"@id\":\"https:\/\/www.sonoraenequipo.com.mx\/hermosillo-promueve-comuna-economia-y-talento-femenino-en-la-8va-feria-de-las-mujeres\/#primaryimage\",\"url\":\"https:\/\/www.sonoraenequipo.com.mx\/storage\/2026\/03\/mujeres-emprendedoras.jpg\",\"contentUrl\":\"https:\/\/www.sonoraenequipo.com.mx\/storage\/2026\/03\/mujeres-emprendedoras.jpg\",\"width\":600,\"height\":400},{\"@type\":\"BreadcrumbList\",\"@id\":\"https:\/\/www.sonoraenequipo.com.mx\/hermosillo-promueve-comuna-economia-y-talento-femenino-en-la-8va-feria-de-las-mujeres\/#breadcrumb\",\"itemListElement\":[{\"@type\":\"ListItem\",\"position\":1,\"name\":\"Portada\",\"item\":\"https:\/\/www.sonoraenequipo.com.mx\/\"},{\"@type\":\"ListItem\",\"position\":2,\"name\":\"HERMOSILLO. Promueve comuna econom\u00eda y talento femenino en la 8va Feria de las Mujeres\"}]},{\"@type\":\"WebSite\",\"@id\":\"https:\/\/www.sonoraenequipo.com.mx\/#website\",\"url\":\"https:\/\/www.sonoraenequipo.com.mx\/\",\"name\":\"Sonora en Equipo.\",\"description\":\"Diario en l\u00ednea con Noticias desde Hermosillo, Sonora\",\"publisher\":{\"@id\":\"https:\/\/www.sonoraenequipo.com.mx\/#organization\"},\"potentialAction\":[{\"@type\":\"SearchAction\",\"target\":{\"@type\":\"EntryPoint\",\"urlTemplate\":\"https:\/\/www.sonoraenequipo.com.mx\/?s={search_term_string}\"},\"query-input\":{\"@type\":\"PropertyValueSpecification\",\"valueRequired\":true,\"valueName\":\"search_term_string\"}}],\"inLanguage\":\"es\"},{\"@type\":\"Organization\",\"@id\":\"https:\/\/www.sonoraenequipo.com.mx\/#organization\",\"name\":\"Sonoraenequipo.com.mx\",\"url\":\"https:\/\/www.sonoraenequipo.com.mx\/\",\"logo\":{\"@type\":\"ImageObject\",\"inLanguage\":\"es\",\"@id\":\"https:\/\/www.sonoraenequipo.com.mx\/#\/schema\/logo\/image\/\",\"url\":\"https:\/\/www.sonoraenequipo.com.mx\/storage\/2019\/01\/sonoraenequipo_opt.png\",\"contentUrl\":\"https:\/\/www.sonoraenequipo.com.mx\/storage\/2019\/01\/sonoraenequipo_opt.png\",\"width\":375,\"height\":125,\"caption\":\"Sonoraenequipo.com.mx\"},\"image\":{\"@id\":\"https:\/\/www.sonoraenequipo.com.mx\/#\/schema\/logo\/image\/\"},\"sameAs\":[\"https:\/\/www.facebook.com\/SonoraEE\/\",\"https:\/\/x.com\/sonoraenequipo\",\"https:\/\/www.youtube.com\/channel\/UC338nW-lPEYmJQs4ZABQ1SQ\"]},{\"@type\":\"Person\",\"@id\":\"https:\/\/www.sonoraenequipo.com.mx\/#\/schema\/person\/50102df0fb23a8fa9e8effad8fa81386\",\"name\":\"enequipo\",\"image\":{\"@type\":\"ImageObject\",\"inLanguage\":\"es\",\"@id\":\"https:\/\/www.sonoraenequipo.com.mx\/#\/schema\/person\/image\/\",\"url\":\"https:\/\/secure.gravatar.com\/avatar\/049821681b589dabc0bc20695993ccebb09f5b5d4d790cd9251b97faac7c652b?s=96&d=blank&r=g\",\"contentUrl\":\"https:\/\/secure.gravatar.com\/avatar\/049821681b589dabc0bc20695993ccebb09f5b5d4d790cd9251b97faac7c652b?s=96&d=blank&r=g\",\"caption\":\"enequipo\"},\"sameAs\":[\"https:\/\/www.facebook.com\/SonoraEE\"]}]}<\/script>\n ","yoast_head_json":{"title":"Sonora en Equipo. HERMOSILLO. Promueve comuna econom\u00eda y talento femenino en la 8va Feria de las Mujeres Municipios","description":"&nbsp; HERMOSILLO, SONORA, MX. \u2014 Con una amplia oferta de productos y servicios se llev\u00f3 a cabo la 8va Feria de las Mujeres que el Ayuntamiento de En Sonora en Equipo publicamos toda la informaci\u00f3n de Sonora, M\u00e9xico y el Mundo de manera oportuna y busca que la libertad de expresi\u00f3n sea real. Visita nuestro medio informativo publicado desde Hermosillo, Sonora. %","robots":{"index":"index","follow":"follow","max-snippet":"max-snippet:-1","max-image-preview":"max-image-preview:large","max-video-preview":"max-video-preview:-1"},"canonical":"https:\/\/www.sonoraenequipo.com.mx\/hermosillo-promueve-comuna-economia-y-talento-femenino-en-la-8va-feria-de-las-mujeres\/","og_locale":"es_ES","og_type":"article","og_title":"Sonora en Equipo. HERMOSILLO. Promueve comuna econom\u00eda y talento femenino en la 8va Feria de las Mujeres Municipios","og_description":"&nbsp; HERMOSILLO, SONORA, MX. \u2014 Con una amplia oferta de productos y servicios se llev\u00f3 a cabo la 8va Feria de las Mujeres que el Ayuntamiento de En Sonora en Equipo publicamos toda la informaci\u00f3n de Sonora, M\u00e9xico y el Mundo de manera oportuna y busca que la libertad de expresi\u00f3n sea real. Visita nuestro medio informativo publicado desde Hermosillo, Sonora. %","og_url":"https:\/\/www.sonoraenequipo.com.mx\/hermosillo-promueve-comuna-economia-y-talento-femenino-en-la-8va-feria-de-las-mujeres\/","og_site_name":"Sonora en Equipo.","article_publisher":"https:\/\/www.facebook.com\/SonoraEE\/","article_author":"https:\/\/www.facebook.com\/SonoraEE","article_published_time":"2026-03-15T22:17:14+00:00","article_modified_time":"2026-03-16T00:46:37+00:00","og_image":[{"width":600,"height":400,"url":"https:\/\/www.sonoraenequipo.com.mx\/storage\/2026\/03\/mujeres-emprendedoras.jpg","type":"image\/jpeg"}],"author":"enequipo","twitter_card":"summary_large_image","twitter_creator":"@sonoraenequipo","twitter_site":"@sonoraenequipo","twitter_misc":{"Escrito por":"enequipo","Tiempo de lectura":"2 minutos"},"schema":{"@context":"https:\/\/schema.org","@graph":[{"@type":"Article","@id":"https:\/\/www.sonoraenequipo.com.mx\/hermosillo-promueve-comuna-economia-y-talento-femenino-en-la-8va-feria-de-las-mujeres\/#article","isPartOf":{"@id":"https:\/\/www.sonoraenequipo.com.mx\/hermosillo-promueve-comuna-economia-y-talento-femenino-en-la-8va-feria-de-las-mujeres\/"},"author":{"name":"enequipo","@id":"https:\/\/www.sonoraenequipo.com.mx\/#\/schema\/person\/50102df0fb23a8fa9e8effad8fa81386"},"headline":"HERMOSILLO. Promueve comuna econom\u00eda y talento femenino en la 8va Feria de las Mujeres","datePublished":"2026-03-15T22:17:14+00:00","dateModified":"2026-03-16T00:46:37+00:00","mainEntityOfPage":{"@id":"https:\/\/www.sonoraenequipo.com.mx\/hermosillo-promueve-comuna-economia-y-talento-femenino-en-la-8va-feria-de-las-mujeres\/"},"wordCount":331,"commentCount":0,"publisher":{"@id":"https:\/\/www.sonoraenequipo.com.mx\/#organization"},"image":{"@id":"https:\/\/www.sonoraenequipo.com.mx\/hermosillo-promueve-comuna-economia-y-talento-femenino-en-la-8va-feria-de-las-mujeres\/#primaryimage"},"thumbnailUrl":"https:\/\/www.sonoraenequipo.com.mx\/storage\/2026\/03\/mujeres-emprendedoras.jpg","keywords":["feria","mujeres","VIII"],"articleSection":["Municipios"],"inLanguage":"es","potentialAction":[{"@type":"CommentAction","name":"Comment","target":["https:\/\/www.sonoraenequipo.com.mx\/hermosillo-promueve-comuna-economia-y-talento-femenino-en-la-8va-feria-de-las-mujeres\/#respond"]}]},{"@type":"WebPage","@id":"https:\/\/www.sonoraenequipo.com.mx\/hermosillo-promueve-comuna-economia-y-talento-femenino-en-la-8va-feria-de-las-mujeres\/","url":"https:\/\/www.sonoraenequipo.com.mx\/hermosillo-promueve-comuna-economia-y-talento-femenino-en-la-8va-feria-de-las-mujeres\/","name":"Sonora en Equipo. HERMOSILLO. Promueve comuna econom\u00eda y talento femenino en la 8va Feria de las Mujeres Municipios","isPartOf":{"@id":"https:\/\/www.sonoraenequipo.com.mx\/#website"},"primaryImageOfPage":{"@id":"https:\/\/www.sonoraenequipo.com.mx\/hermosillo-promueve-comuna-economia-y-talento-femenino-en-la-8va-feria-de-las-mujeres\/#primaryimage"},"image":{"@id":"https:\/\/www.sonoraenequipo.com.mx\/hermosillo-promueve-comuna-economia-y-talento-femenino-en-la-8va-feria-de-las-mujeres\/#primaryimage"},"thumbnailUrl":"https:\/\/www.sonoraenequipo.com.mx\/storage\/2026\/03\/mujeres-emprendedoras.jpg","datePublished":"2026-03-15T22:17:14+00:00","dateModified":"2026-03-16T00:46:37+00:00","description":"&nbsp; HERMOSILLO, SONORA, MX. \u2014 Con una amplia oferta de productos y servicios se llev\u00f3 a cabo la 8va Feria de las Mujeres que el Ayuntamiento de En Sonora en Equipo publicamos toda la informaci\u00f3n de Sonora, M\u00e9xico y el Mundo de manera oportuna y busca que la libertad de expresi\u00f3n sea real. Visita nuestro medio informativo publicado desde Hermosillo, Sonora. %","breadcrumb":{"@id":"https:\/\/www.sonoraenequipo.com.mx\/hermosillo-promueve-comuna-economia-y-talento-femenino-en-la-8va-feria-de-las-mujeres\/#breadcrumb"},"inLanguage":"es","potentialAction":[{"@type":"ReadAction","target":["https:\/\/www.sonoraenequipo.com.mx\/hermosillo-promueve-comuna-economia-y-talento-femenino-en-la-8va-feria-de-las-mujeres\/"]}]},{"@type":"ImageObject","inLanguage":"es","@id":"https:\/\/www.sonoraenequipo.com.mx\/hermosillo-promueve-comuna-economia-y-talento-femenino-en-la-8va-feria-de-las-mujeres\/#primaryimage","url":"https:\/\/www.sonoraenequipo.com.mx\/storage\/2026\/03\/mujeres-emprendedoras.jpg","contentUrl":"https:\/\/www.sonoraenequipo.com.mx\/storage\/2026\/03\/mujeres-emprendedoras.jpg","width":600,"height":400},{"@type":"BreadcrumbList","@id":"https:\/\/www.sonoraenequipo.com.mx\/hermosillo-promueve-comuna-economia-y-talento-femenino-en-la-8va-feria-de-las-mujeres\/#breadcrumb","itemListElement":[{"@type":"ListItem","position":1,"name":"Portada","item":"https:\/\/www.sonoraenequipo.com.mx\/"},{"@type":"ListItem","position":2,"name":"HERMOSILLO. Promueve comuna econom\u00eda y talento femenino en la 8va Feria de las Mujeres"}]},{"@type":"WebSite","@id":"https:\/\/www.sonoraenequipo.com.mx\/#website","url":"https:\/\/www.sonoraenequipo.com.mx\/","name":"Sonora en Equipo.","description":"Diario en l\u00ednea con Noticias desde Hermosillo, Sonora","publisher":{"@id":"https:\/\/www.sonoraenequipo.com.mx\/#organization"},"potentialAction":[{"@type":"SearchAction","target":{"@type":"EntryPoint","urlTemplate":"https:\/\/www.sonoraenequipo.com.mx\/?s={search_term_string}"},"query-input":{"@type":"PropertyValueSpecification","valueRequired":true,"valueName":"search_term_string"}}],"inLanguage":"es"},{"@type":"Organization","@id":"https:\/\/www.sonoraenequipo.com.mx\/#organization","name":"Sonoraenequipo.com.mx","url":"https:\/\/www.sonoraenequipo.com.mx\/","logo":{"@type":"ImageObject","inLanguage":"es","@id":"https:\/\/www.sonoraenequipo.com.mx\/#\/schema\/logo\/image\/","url":"https:\/\/www.sonoraenequipo.com.mx\/storage\/2019\/01\/sonoraenequipo_opt.png","contentUrl":"https:\/\/www.sonoraenequipo.com.mx\/storage\/2019\/01\/sonoraenequipo_opt.png","width":375,"height":125,"caption":"Sonoraenequipo.com.mx"},"image":{"@id":"https:\/\/www.sonoraenequipo.com.mx\/#\/schema\/logo\/image\/"},"sameAs":["https:\/\/www.facebook.com\/SonoraEE\/","https:\/\/x.com\/sonoraenequipo","https:\/\/www.youtube.com\/channel\/UC338nW-lPEYmJQs4ZABQ1SQ"]},{"@type":"Person","@id":"https:\/\/www.sonoraenequipo.com.mx\/#\/schema\/person\/50102df0fb23a8fa9e8effad8fa81386","name":"enequipo","image":{"@type":"ImageObject","inLanguage":"es","@id":"https:\/\/www.sonoraenequipo.com.mx\/#\/schema\/person\/image\/","url":"https:\/\/secure.gravatar.com\/avatar\/049821681b589dabc0bc20695993ccebb09f5b5d4d790cd9251b97faac7c652b?s=96&d=blank&r=g","contentUrl":"https:\/\/secure.gravatar.com\/avatar\/049821681b589dabc0bc20695993ccebb09f5b5d4d790cd9251b97faac7c652b?s=96&d=blank&r=g","caption":"enequipo"},"sameAs":["https:\/\/www.facebook.com\/SonoraEE"]}]}},"jetpack_featured_media_url":"https:\/\/www.sonoraenequipo.com.mx\/storage\/2026\/03\/mujeres-emprendedoras.jpg","_links":{"self":[{"href":"https:\/\/www.sonoraenequipo.com.mx\/api\/wp\/v2\/posts\/237485","targetHints":{"allow":["GET"]}}],"collection":[{"href":"https:\/\/www.sonoraenequipo.com.mx\/api\/wp\/v2\/posts"}],"about":[{"href":"https:\/\/www.sonoraenequipo.com.mx\/api\/wp\/v2\/types\/post"}],"author":[{"embeddable":true,"href":"https:\/\/www.sonoraenequipo.com.mx\/api\/wp\/v2\/users\/1"}],"replies":[{"embeddable":true,"href":"https:\/\/www.sonoraenequipo.com.mx\/api\/wp\/v2\/comments?post=237485"}],"version-history":[{"count":2,"href":"https:\/\/www.sonoraenequipo.com.mx\/api\/wp\/v2\/posts\/237485\/revisions"}],"predecessor-version":[{"id":237505,"href":"https:\/\/www.sonoraenequipo.com.mx\/api\/wp\/v2\/posts\/237485\/revisions\/237505"}],"wp:featuredmedia":[{"embeddable":true,"href":"https:\/\/www.sonoraenequipo.com.mx\/api\/wp\/v2\/media\/237486"}],"wp:attachment":[{"href":"https:\/\/www.sonoraenequipo.com.mx\/api\/wp\/v2\/media?parent=237485"}],"wp:term":[{"taxonomy":"category","embeddable":true,"href":"https:\/\/www.sonoraenequipo.com.mx\/api\/wp\/v2\/categories?post=237485"},{"taxonomy":"post_tag","embeddable":true,"href":"https:\/\/www.sonoraenequipo.com.mx\/api\/wp\/v2\/tags?post=237485"}],"curies":[{"name":"wp","href":"https:\/\/api.w.org\/{rel}","templated":true}]}}