{"id":237491,"date":"2026-03-15T15:54:00","date_gmt":"2026-03-15T22:54:00","guid":{"rendered":"https:\/\/www.sonoraenequipo.com.mx\/?p=237491"},"modified":"2026-03-15T15:54:00","modified_gmt":"2026-03-15T22:54:00","slug":"por-guerra-en-medio-oriente-la-uefa-cancela-finalissima-entre-argentina-y-espana","status":"publish","type":"post","link":"https:\/\/www.sonoraenequipo.com.mx\/por-guerra-en-medio-oriente-la-uefa-cancela-finalissima-entre-argentina-y-espana\/","title":{"rendered":"Por guerra en medio oriente la UEFA cancela \u00a0Finalissima entre Argentina y Espa\u00f1a"},"content":{"rendered":"<p>Por guerra en medio oriente la UEFA cancela \u00a0Finalissima entre Argentina y Espa\u00f1a<\/p>\n<p>La UEFA anunci\u00f3 la cancelaci\u00f3n de la Finalissima entre Argentina y Espa\u00f1a debido a la imposibilidad de encontrar una sede alternativa a Doha, donde estaba previsto disputarse el 27 de marzo, debido a la guerra en Medio Oriente.<\/p>\n<p>&nbsp;<\/p>\n<p>\u00abCon una firme determinaci\u00f3n de salvar este importante encuentro y a pesar de las comprensibles dificultades de reubicar un partido de tal importancia con un plazo extremadamente reducido, la UEFA explor\u00f3 otras alternativas viables, pero finalmente\u00bb, se\u00f1al\u00f3 en un comunicado.<\/p>\n<p>&nbsp;<\/p>\n<p>Argentina es el vigente campe\u00f3n de la Finalissima, ya que derrot\u00f3 en 2022 a Italia en Wembley.<\/p>\n<p>&nbsp;<\/p>\n<p><strong>UEFA plante\u00f3 tres alternativas<\/strong><\/p>\n<p>El duelo entre el campe\u00f3n suramericano y el europeo era el \u00faltimo choque por un t\u00edtulo oficial de selecciones antes del Mundial de Estados Unidos, Canad\u00e1 y M\u00e9xico, que se disputar\u00e1 entre el 11 de junio y el 19 de julio.<\/p>\n<p>&nbsp;<\/p>\n<p>En su comunicado, la UEFA explic\u00f3 que ofreci\u00f3 a la Asociaci\u00f3n del F\u00fatbol Argentino (AFA) varias opciones: en primer lugar el Santiago Bernab\u00e9u de Madrid \u00abcon distribuci\u00f3n 50:50&#8243; de aficionados\u00bb, pero \u00abArgentina se neg\u00f3\u00bb.<\/p>\n<p>&nbsp;<\/p>\n<p>La segunda opci\u00f3n era un doble partido, \u00abuno en el Santiago Bernab\u00e9u el 27 de marzo y el otro en Buenos Aires durante una ventana internacional previa a la UEFA y la Copa Am\u00e9rica 2028\u00bb, explic\u00f3 la UEFA. \u00abEsta opci\u00f3n tambi\u00e9n fue rechazada\u00bb.<\/p>\n<p><strong>Fecha de publicaci\u00f3n domingo 15 de marzo de 2026\/ DW<\/strong><\/p>\n","protected":false},"excerpt":{"rendered":"<p>Por guerra en medio oriente la UEFA cancela \u00a0Finalissima entre Argentina y Espa\u00f1a La UEFA&#8230;<\/p>\n","protected":false},"author":1,"featured_media":237492,"comment_status":"open","ping_status":"open","sticky":false,"template":"","format":"standard","meta":{"_monsterinsights_skip_tracking":false,"_monsterinsights_sitenote_active":false,"_monsterinsights_sitenote_note":"","_monsterinsights_sitenote_category":0,"footnotes":""},"categories":[10],"tags":[807,2390,12481],"class_list":["post"],"yoast_head":" \n<title>Sonora en Equipo. Por guerra en medio oriente la UEFA cancela \u00a0Finalissima entre Argentina y Espa\u00f1a Deportes<\/title>\n<meta name=\"description\" content=\"Por guerra en medio oriente la UEFA cancela \u00a0Finalissima entre Argentina y Espa\u00f1a La UEFA anunci\u00f3 la cancelaci\u00f3n de la Finalissima entre Argentina y En Sonora en Equipo publicamos toda la informaci\u00f3n de Sonora, M\u00e9xico y el Mundo de manera oportuna y busca que la libertad de expresi\u00f3n sea real. Visita nuestro medio informativo publicado desde Hermosillo, Sonora. %\" \/>\n<meta name=\"robots\" content=\"index, follow, max-snippet:-1, max-image-preview:large, max-video-preview:-1\" \/>\n<link rel=\"canonical\" href=\"https:\/\/www.sonoraenequipo.com.mx\/por-guerra-en-medio-oriente-la-uefa-cancela-finalissima-entre-argentina-y-espana\/\" \/>\n<meta property=\"og:locale\" content=\"es_ES\" \/>\n<meta property=\"og:type\" content=\"article\" \/>\n<meta property=\"og:title\" content=\"Sonora en Equipo. Por guerra en medio oriente la UEFA cancela \u00a0Finalissima entre Argentina y Espa\u00f1a Deportes\" \/>\n<meta property=\"og:description\" content=\"Por guerra en medio oriente la UEFA cancela \u00a0Finalissima entre Argentina y Espa\u00f1a La UEFA anunci\u00f3 la cancelaci\u00f3n de la Finalissima entre Argentina y En Sonora en Equipo publicamos toda la informaci\u00f3n de Sonora, M\u00e9xico y el Mundo de manera oportuna y busca que la libertad de expresi\u00f3n sea real. Visita nuestro medio informativo publicado desde Hermosillo, Sonora. %\" \/>\n<meta property=\"og:url\" content=\"https:\/\/www.sonoraenequipo.com.mx\/por-guerra-en-medio-oriente-la-uefa-cancela-finalissima-entre-argentina-y-espana\/\" \/>\n<meta property=\"og:site_name\" content=\"Sonora en Equipo.\" \/>\n<meta property=\"article:publisher\" content=\"https:\/\/www.facebook.com\/SonoraEE\/\" \/>\n<meta property=\"article:author\" content=\"https:\/\/www.facebook.com\/SonoraEE\" \/>\n<meta property=\"article:published_time\" content=\"2026-03-15T22:54:00+00:00\" \/>\n<meta property=\"og:image\" content=\"https:\/\/www.sonoraenequipo.com.mx\/storage\/2026\/03\/argentina-espana.jpg\" \/>\n\t<meta property=\"og:image:width\" content=\"600\" \/>\n\t<meta property=\"og:image:height\" content=\"400\" \/>\n\t<meta property=\"og:image:type\" content=\"image\/jpeg\" \/>\n<meta name=\"author\" content=\"enequipo\" \/>\n<meta name=\"twitter:card\" content=\"summary_large_image\" \/>\n<meta name=\"twitter:creator\" content=\"@sonoraenequipo\" \/>\n<meta name=\"twitter:site\" content=\"@sonoraenequipo\" \/>\n<meta name=\"twitter:label1\" content=\"Escrito por\" \/>\n\t<meta name=\"twitter:data1\" content=\"enequipo\" \/>\n\t<meta name=\"twitter:label2\" content=\"Tiempo de lectura\" \/>\n\t<meta name=\"twitter:data2\" content=\"1 minuto\" \/>\n<script type=\"application\/ld+json\" class=\"yoast-schema-graph\">{\"@context\":\"https:\/\/schema.org\",\"@graph\":[{\"@type\":\"Article\",\"@id\":\"https:\/\/www.sonoraenequipo.com.mx\/por-guerra-en-medio-oriente-la-uefa-cancela-finalissima-entre-argentina-y-espana\/#article\",\"isPartOf\":{\"@id\":\"https:\/\/www.sonoraenequipo.com.mx\/por-guerra-en-medio-oriente-la-uefa-cancela-finalissima-entre-argentina-y-espana\/\"},\"author\":{\"name\":\"enequipo\",\"@id\":\"https:\/\/www.sonoraenequipo.com.mx\/#\/schema\/person\/50102df0fb23a8fa9e8effad8fa81386\"},\"headline\":\"Por guerra en medio oriente la UEFA cancela \u00a0Finalissima entre Argentina y Espa\u00f1a\",\"datePublished\":\"2026-03-15T22:54:00+00:00\",\"mainEntityOfPage\":{\"@id\":\"https:\/\/www.sonoraenequipo.com.mx\/por-guerra-en-medio-oriente-la-uefa-cancela-finalissima-entre-argentina-y-espana\/\"},\"wordCount\":269,\"commentCount\":0,\"publisher\":{\"@id\":\"https:\/\/www.sonoraenequipo.com.mx\/#organization\"},\"image\":{\"@id\":\"https:\/\/www.sonoraenequipo.com.mx\/por-guerra-en-medio-oriente-la-uefa-cancela-finalissima-entre-argentina-y-espana\/#primaryimage\"},\"thumbnailUrl\":\"https:\/\/www.sonoraenequipo.com.mx\/storage\/2026\/03\/argentina-espana.jpg\",\"keywords\":[\"Argentina\",\"Espa\u00f1a\",\"finalissima\"],\"articleSection\":[\"Deportes\"],\"inLanguage\":\"es\",\"potentialAction\":[{\"@type\":\"CommentAction\",\"name\":\"Comment\",\"target\":[\"https:\/\/www.sonoraenequipo.com.mx\/por-guerra-en-medio-oriente-la-uefa-cancela-finalissima-entre-argentina-y-espana\/#respond\"]}]},{\"@type\":\"WebPage\",\"@id\":\"https:\/\/www.sonoraenequipo.com.mx\/por-guerra-en-medio-oriente-la-uefa-cancela-finalissima-entre-argentina-y-espana\/\",\"url\":\"https:\/\/www.sonoraenequipo.com.mx\/por-guerra-en-medio-oriente-la-uefa-cancela-finalissima-entre-argentina-y-espana\/\",\"name\":\"Sonora en Equipo. Por guerra en medio oriente la UEFA cancela \u00a0Finalissima entre Argentina y Espa\u00f1a Deportes\",\"isPartOf\":{\"@id\":\"https:\/\/www.sonoraenequipo.com.mx\/#website\"},\"primaryImageOfPage\":{\"@id\":\"https:\/\/www.sonoraenequipo.com.mx\/por-guerra-en-medio-oriente-la-uefa-cancela-finalissima-entre-argentina-y-espana\/#primaryimage\"},\"image\":{\"@id\":\"https:\/\/www.sonoraenequipo.com.mx\/por-guerra-en-medio-oriente-la-uefa-cancela-finalissima-entre-argentina-y-espana\/#primaryimage\"},\"thumbnailUrl\":\"https:\/\/www.sonoraenequipo.com.mx\/storage\/2026\/03\/argentina-espana.jpg\",\"datePublished\":\"2026-03-15T22:54:00+00:00\",\"description\":\"Por guerra en medio oriente la UEFA cancela \u00a0Finalissima entre Argentina y Espa\u00f1a La UEFA anunci\u00f3 la cancelaci\u00f3n de la Finalissima entre Argentina y En Sonora en Equipo publicamos toda la informaci\u00f3n de Sonora, M\u00e9xico y el Mundo de manera oportuna y busca que la libertad de expresi\u00f3n sea real. Visita nuestro medio informativo publicado desde Hermosillo, Sonora. %\",\"breadcrumb\":{\"@id\":\"https:\/\/www.sonoraenequipo.com.mx\/por-guerra-en-medio-oriente-la-uefa-cancela-finalissima-entre-argentina-y-espana\/#breadcrumb\"},\"inLanguage\":\"es\",\"potentialAction\":[{\"@type\":\"ReadAction\",\"target\":[\"https:\/\/www.sonoraenequipo.com.mx\/por-guerra-en-medio-oriente-la-uefa-cancela-finalissima-entre-argentina-y-espana\/\"]}]},{\"@type\":\"ImageObject\",\"inLanguage\":\"es\",\"@id\":\"https:\/\/www.sonoraenequipo.com.mx\/por-guerra-en-medio-oriente-la-uefa-cancela-finalissima-entre-argentina-y-espana\/#primaryimage\",\"url\":\"https:\/\/www.sonoraenequipo.com.mx\/storage\/2026\/03\/argentina-espana.jpg\",\"contentUrl\":\"https:\/\/www.sonoraenequipo.com.mx\/storage\/2026\/03\/argentina-espana.jpg\",\"width\":600,\"height\":400},{\"@type\":\"BreadcrumbList\",\"@id\":\"https:\/\/www.sonoraenequipo.com.mx\/por-guerra-en-medio-oriente-la-uefa-cancela-finalissima-entre-argentina-y-espana\/#breadcrumb\",\"itemListElement\":[{\"@type\":\"ListItem\",\"position\":1,\"name\":\"Portada\",\"item\":\"https:\/\/www.sonoraenequipo.com.mx\/\"},{\"@type\":\"ListItem\",\"position\":2,\"name\":\"Por guerra en medio oriente la UEFA cancela \u00a0Finalissima entre Argentina y Espa\u00f1a\"}]},{\"@type\":\"WebSite\",\"@id\":\"https:\/\/www.sonoraenequipo.com.mx\/#website\",\"url\":\"https:\/\/www.sonoraenequipo.com.mx\/\",\"name\":\"Sonora en Equipo.\",\"description\":\"Diario en l\u00ednea con Noticias desde Hermosillo, Sonora\",\"publisher\":{\"@id\":\"https:\/\/www.sonoraenequipo.com.mx\/#organization\"},\"potentialAction\":[{\"@type\":\"SearchAction\",\"target\":{\"@type\":\"EntryPoint\",\"urlTemplate\":\"https:\/\/www.sonoraenequipo.com.mx\/?s={search_term_string}\"},\"query-input\":{\"@type\":\"PropertyValueSpecification\",\"valueRequired\":true,\"valueName\":\"search_term_string\"}}],\"inLanguage\":\"es\"},{\"@type\":\"Organization\",\"@id\":\"https:\/\/www.sonoraenequipo.com.mx\/#organization\",\"name\":\"Sonoraenequipo.com.mx\",\"url\":\"https:\/\/www.sonoraenequipo.com.mx\/\",\"logo\":{\"@type\":\"ImageObject\",\"inLanguage\":\"es\",\"@id\":\"https:\/\/www.sonoraenequipo.com.mx\/#\/schema\/logo\/image\/\",\"url\":\"https:\/\/www.sonoraenequipo.com.mx\/storage\/2019\/01\/sonoraenequipo_opt.png\",\"contentUrl\":\"https:\/\/www.sonoraenequipo.com.mx\/storage\/2019\/01\/sonoraenequipo_opt.png\",\"width\":375,\"height\":125,\"caption\":\"Sonoraenequipo.com.mx\"},\"image\":{\"@id\":\"https:\/\/www.sonoraenequipo.com.mx\/#\/schema\/logo\/image\/\"},\"sameAs\":[\"https:\/\/www.facebook.com\/SonoraEE\/\",\"https:\/\/x.com\/sonoraenequipo\",\"https:\/\/www.youtube.com\/channel\/UC338nW-lPEYmJQs4ZABQ1SQ\"]},{\"@type\":\"Person\",\"@id\":\"https:\/\/www.sonoraenequipo.com.mx\/#\/schema\/person\/50102df0fb23a8fa9e8effad8fa81386\",\"name\":\"enequipo\",\"image\":{\"@type\":\"ImageObject\",\"inLanguage\":\"es\",\"@id\":\"https:\/\/www.sonoraenequipo.com.mx\/#\/schema\/person\/image\/\",\"url\":\"https:\/\/secure.gravatar.com\/avatar\/049821681b589dabc0bc20695993ccebb09f5b5d4d790cd9251b97faac7c652b?s=96&d=blank&r=g\",\"contentUrl\":\"https:\/\/secure.gravatar.com\/avatar\/049821681b589dabc0bc20695993ccebb09f5b5d4d790cd9251b97faac7c652b?s=96&d=blank&r=g\",\"caption\":\"enequipo\"},\"sameAs\":[\"https:\/\/www.facebook.com\/SonoraEE\"]}]}<\/script>\n ","yoast_head_json":{"title":"Sonora en Equipo. Por guerra en medio oriente la UEFA cancela \u00a0Finalissima entre Argentina y Espa\u00f1a Deportes","description":"Por guerra en medio oriente la UEFA cancela \u00a0Finalissima entre Argentina y Espa\u00f1a La UEFA anunci\u00f3 la cancelaci\u00f3n de la Finalissima entre Argentina y En Sonora en Equipo publicamos toda la informaci\u00f3n de Sonora, M\u00e9xico y el Mundo de manera oportuna y busca que la libertad de expresi\u00f3n sea real. Visita nuestro medio informativo publicado desde Hermosillo, Sonora. %","robots":{"index":"index","follow":"follow","max-snippet":"max-snippet:-1","max-image-preview":"max-image-preview:large","max-video-preview":"max-video-preview:-1"},"canonical":"https:\/\/www.sonoraenequipo.com.mx\/por-guerra-en-medio-oriente-la-uefa-cancela-finalissima-entre-argentina-y-espana\/","og_locale":"es_ES","og_type":"article","og_title":"Sonora en Equipo. Por guerra en medio oriente la UEFA cancela \u00a0Finalissima entre Argentina y Espa\u00f1a Deportes","og_description":"Por guerra en medio oriente la UEFA cancela \u00a0Finalissima entre Argentina y Espa\u00f1a La UEFA anunci\u00f3 la cancelaci\u00f3n de la Finalissima entre Argentina y En Sonora en Equipo publicamos toda la informaci\u00f3n de Sonora, M\u00e9xico y el Mundo de manera oportuna y busca que la libertad de expresi\u00f3n sea real. Visita nuestro medio informativo publicado desde Hermosillo, Sonora. %","og_url":"https:\/\/www.sonoraenequipo.com.mx\/por-guerra-en-medio-oriente-la-uefa-cancela-finalissima-entre-argentina-y-espana\/","og_site_name":"Sonora en Equipo.","article_publisher":"https:\/\/www.facebook.com\/SonoraEE\/","article_author":"https:\/\/www.facebook.com\/SonoraEE","article_published_time":"2026-03-15T22:54:00+00:00","og_image":[{"width":600,"height":400,"url":"https:\/\/www.sonoraenequipo.com.mx\/storage\/2026\/03\/argentina-espana.jpg","type":"image\/jpeg"}],"author":"enequipo","twitter_card":"summary_large_image","twitter_creator":"@sonoraenequipo","twitter_site":"@sonoraenequipo","twitter_misc":{"Escrito por":"enequipo","Tiempo de lectura":"1 minuto"},"schema":{"@context":"https:\/\/schema.org","@graph":[{"@type":"Article","@id":"https:\/\/www.sonoraenequipo.com.mx\/por-guerra-en-medio-oriente-la-uefa-cancela-finalissima-entre-argentina-y-espana\/#article","isPartOf":{"@id":"https:\/\/www.sonoraenequipo.com.mx\/por-guerra-en-medio-oriente-la-uefa-cancela-finalissima-entre-argentina-y-espana\/"},"author":{"name":"enequipo","@id":"https:\/\/www.sonoraenequipo.com.mx\/#\/schema\/person\/50102df0fb23a8fa9e8effad8fa81386"},"headline":"Por guerra en medio oriente la UEFA cancela \u00a0Finalissima entre Argentina y Espa\u00f1a","datePublished":"2026-03-15T22:54:00+00:00","mainEntityOfPage":{"@id":"https:\/\/www.sonoraenequipo.com.mx\/por-guerra-en-medio-oriente-la-uefa-cancela-finalissima-entre-argentina-y-espana\/"},"wordCount":269,"commentCount":0,"publisher":{"@id":"https:\/\/www.sonoraenequipo.com.mx\/#organization"},"image":{"@id":"https:\/\/www.sonoraenequipo.com.mx\/por-guerra-en-medio-oriente-la-uefa-cancela-finalissima-entre-argentina-y-espana\/#primaryimage"},"thumbnailUrl":"https:\/\/www.sonoraenequipo.com.mx\/storage\/2026\/03\/argentina-espana.jpg","keywords":["Argentina","Espa\u00f1a","finalissima"],"articleSection":["Deportes"],"inLanguage":"es","potentialAction":[{"@type":"CommentAction","name":"Comment","target":["https:\/\/www.sonoraenequipo.com.mx\/por-guerra-en-medio-oriente-la-uefa-cancela-finalissima-entre-argentina-y-espana\/#respond"]}]},{"@type":"WebPage","@id":"https:\/\/www.sonoraenequipo.com.mx\/por-guerra-en-medio-oriente-la-uefa-cancela-finalissima-entre-argentina-y-espana\/","url":"https:\/\/www.sonoraenequipo.com.mx\/por-guerra-en-medio-oriente-la-uefa-cancela-finalissima-entre-argentina-y-espana\/","name":"Sonora en Equipo. Por guerra en medio oriente la UEFA cancela \u00a0Finalissima entre Argentina y Espa\u00f1a Deportes","isPartOf":{"@id":"https:\/\/www.sonoraenequipo.com.mx\/#website"},"primaryImageOfPage":{"@id":"https:\/\/www.sonoraenequipo.com.mx\/por-guerra-en-medio-oriente-la-uefa-cancela-finalissima-entre-argentina-y-espana\/#primaryimage"},"image":{"@id":"https:\/\/www.sonoraenequipo.com.mx\/por-guerra-en-medio-oriente-la-uefa-cancela-finalissima-entre-argentina-y-espana\/#primaryimage"},"thumbnailUrl":"https:\/\/www.sonoraenequipo.com.mx\/storage\/2026\/03\/argentina-espana.jpg","datePublished":"2026-03-15T22:54:00+00:00","description":"Por guerra en medio oriente la UEFA cancela \u00a0Finalissima entre Argentina y Espa\u00f1a La UEFA anunci\u00f3 la cancelaci\u00f3n de la Finalissima entre Argentina y En Sonora en Equipo publicamos toda la informaci\u00f3n de Sonora, M\u00e9xico y el Mundo de manera oportuna y busca que la libertad de expresi\u00f3n sea real. Visita nuestro medio informativo publicado desde Hermosillo, Sonora. %","breadcrumb":{"@id":"https:\/\/www.sonoraenequipo.com.mx\/por-guerra-en-medio-oriente-la-uefa-cancela-finalissima-entre-argentina-y-espana\/#breadcrumb"},"inLanguage":"es","potentialAction":[{"@type":"ReadAction","target":["https:\/\/www.sonoraenequipo.com.mx\/por-guerra-en-medio-oriente-la-uefa-cancela-finalissima-entre-argentina-y-espana\/"]}]},{"@type":"ImageObject","inLanguage":"es","@id":"https:\/\/www.sonoraenequipo.com.mx\/por-guerra-en-medio-oriente-la-uefa-cancela-finalissima-entre-argentina-y-espana\/#primaryimage","url":"https:\/\/www.sonoraenequipo.com.mx\/storage\/2026\/03\/argentina-espana.jpg","contentUrl":"https:\/\/www.sonoraenequipo.com.mx\/storage\/2026\/03\/argentina-espana.jpg","width":600,"height":400},{"@type":"BreadcrumbList","@id":"https:\/\/www.sonoraenequipo.com.mx\/por-guerra-en-medio-oriente-la-uefa-cancela-finalissima-entre-argentina-y-espana\/#breadcrumb","itemListElement":[{"@type":"ListItem","position":1,"name":"Portada","item":"https:\/\/www.sonoraenequipo.com.mx\/"},{"@type":"ListItem","position":2,"name":"Por guerra en medio oriente la UEFA cancela \u00a0Finalissima entre Argentina y Espa\u00f1a"}]},{"@type":"WebSite","@id":"https:\/\/www.sonoraenequipo.com.mx\/#website","url":"https:\/\/www.sonoraenequipo.com.mx\/","name":"Sonora en Equipo.","description":"Diario en l\u00ednea con Noticias desde Hermosillo, Sonora","publisher":{"@id":"https:\/\/www.sonoraenequipo.com.mx\/#organization"},"potentialAction":[{"@type":"SearchAction","target":{"@type":"EntryPoint","urlTemplate":"https:\/\/www.sonoraenequipo.com.mx\/?s={search_term_string}"},"query-input":{"@type":"PropertyValueSpecification","valueRequired":true,"valueName":"search_term_string"}}],"inLanguage":"es"},{"@type":"Organization","@id":"https:\/\/www.sonoraenequipo.com.mx\/#organization","name":"Sonoraenequipo.com.mx","url":"https:\/\/www.sonoraenequipo.com.mx\/","logo":{"@type":"ImageObject","inLanguage":"es","@id":"https:\/\/www.sonoraenequipo.com.mx\/#\/schema\/logo\/image\/","url":"https:\/\/www.sonoraenequipo.com.mx\/storage\/2019\/01\/sonoraenequipo_opt.png","contentUrl":"https:\/\/www.sonoraenequipo.com.mx\/storage\/2019\/01\/sonoraenequipo_opt.png","width":375,"height":125,"caption":"Sonoraenequipo.com.mx"},"image":{"@id":"https:\/\/www.sonoraenequipo.com.mx\/#\/schema\/logo\/image\/"},"sameAs":["https:\/\/www.facebook.com\/SonoraEE\/","https:\/\/x.com\/sonoraenequipo","https:\/\/www.youtube.com\/channel\/UC338nW-lPEYmJQs4ZABQ1SQ"]},{"@type":"Person","@id":"https:\/\/www.sonoraenequipo.com.mx\/#\/schema\/person\/50102df0fb23a8fa9e8effad8fa81386","name":"enequipo","image":{"@type":"ImageObject","inLanguage":"es","@id":"https:\/\/www.sonoraenequipo.com.mx\/#\/schema\/person\/image\/","url":"https:\/\/secure.gravatar.com\/avatar\/049821681b589dabc0bc20695993ccebb09f5b5d4d790cd9251b97faac7c652b?s=96&d=blank&r=g","contentUrl":"https:\/\/secure.gravatar.com\/avatar\/049821681b589dabc0bc20695993ccebb09f5b5d4d790cd9251b97faac7c652b?s=96&d=blank&r=g","caption":"enequipo"},"sameAs":["https:\/\/www.facebook.com\/SonoraEE"]}]}},"jetpack_featured_media_url":"https:\/\/www.sonoraenequipo.com.mx\/storage\/2026\/03\/argentina-espana.jpg","_links":{"self":[{"href":"https:\/\/www.sonoraenequipo.com.mx\/api\/wp\/v2\/posts\/237491","targetHints":{"allow":["GET"]}}],"collection":[{"href":"https:\/\/www.sonoraenequipo.com.mx\/api\/wp\/v2\/posts"}],"about":[{"href":"https:\/\/www.sonoraenequipo.com.mx\/api\/wp\/v2\/types\/post"}],"author":[{"embeddable":true,"href":"https:\/\/www.sonoraenequipo.com.mx\/api\/wp\/v2\/users\/1"}],"replies":[{"embeddable":true,"href":"https:\/\/www.sonoraenequipo.com.mx\/api\/wp\/v2\/comments?post=237491"}],"version-history":[{"count":1,"href":"https:\/\/www.sonoraenequipo.com.mx\/api\/wp\/v2\/posts\/237491\/revisions"}],"predecessor-version":[{"id":237493,"href":"https:\/\/www.sonoraenequipo.com.mx\/api\/wp\/v2\/posts\/237491\/revisions\/237493"}],"wp:featuredmedia":[{"embeddable":true,"href":"https:\/\/www.sonoraenequipo.com.mx\/api\/wp\/v2\/media\/237492"}],"wp:attachment":[{"href":"https:\/\/www.sonoraenequipo.com.mx\/api\/wp\/v2\/media?parent=237491"}],"wp:term":[{"taxonomy":"category","embeddable":true,"href":"https:\/\/www.sonoraenequipo.com.mx\/api\/wp\/v2\/categories?post=237491"},{"taxonomy":"post_tag","embeddable":true,"href":"https:\/\/www.sonoraenequipo.com.mx\/api\/wp\/v2\/tags?post=237491"}],"curies":[{"name":"wp","href":"https:\/\/api.w.org\/{rel}","templated":true}]}}