{"id":237494,"date":"2026-03-15T16:50:08","date_gmt":"2026-03-15T23:50:08","guid":{"rendered":"https:\/\/www.sonoraenequipo.com.mx\/?p=237494"},"modified":"2026-03-16T10:56:03","modified_gmt":"2026-03-16T17:56:03","slug":"netanyahu-desmiente-con-un-video-rumores-sobre-su-muerte","status":"publish","type":"post","link":"https:\/\/www.sonoraenequipo.com.mx\/netanyahu-desmiente-con-un-video-rumores-sobre-su-muerte\/","title":{"rendered":"Netanyahu desmiente con un video de IA rumores sobre su muerte"},"content":{"rendered":"<p><strong>ISRAEL.<\/strong> \u2014 El primer ministro israel\u00ed, Benjamin Netanyahu, public\u00f3 este domingo (15\/03\/2026) en X\u00a0 un video en el que se le ve pidiendo un caf\u00e9, mientras las bombas azotan la regi\u00f3n y, con un juego de palabras, alude a los rumores iran\u00edes que le daban por muerto. En el video, su asistente le pregunta directamente sobre las especulaciones que en la \u00faltima semana se han difundido en internet sobre su asesinato, y Netanyahu responde \u00ab<em><strong>me apasiona el caf\u00e9 (&#8230;) Me apasiona mi gente\u00bb, usando un verbo que en hebreo podr\u00eda traducirse como \u00abme muero por un caf\u00e9\u00bb.<\/strong><\/em><\/p>\n<p>&nbsp;<\/p>\n<p> <\/p>\n<p>&nbsp;<\/p>\n<blockquote class=\"twitter-tweet\" data-width=\"550\" data-dnt=\"true\">\n<p lang=\"iw\" dir=\"rtl\">\u05d0\u05d5\u05de\u05e8\u05d9\u05dd \u05e9\u05d0\u05e0\u05d9 \u05de\u05d4? \u05e6\u05e4\u05d5 &gt;&gt; <a href=\"https:\/\/t.co\/ijHPkM3ZHZ\">pic.twitter.com\/ijHPkM3ZHZ<\/a><\/p>\n<p>&mdash; Benjamin Netanyahu &#8211; \u05d1\u05e0\u05d9\u05de\u05d9\u05df \u05e0\u05ea\u05e0\u05d9\u05d4\u05d5 (@netanyahu) <a href=\"https:\/\/twitter.com\/netanyahu\/status\/2033190035764232360?ref_src=twsrc%5Etfw\">March 15, 2026<\/a><\/p><\/blockquote>\n<p><script async src=\"https:\/\/platform.twitter.com\/widgets.js\" charset=\"utf-8\"><\/script><\/p>\n<p>&nbsp;<\/p>\n<p>Un an\u00e1lisis forense de EFE Verifica descart\u00f3 que el video hubiera sido creado por inteligencia artificial, y un visionado fotograma a fotograma demuestra que el supuesto dedo adicional es el dorso de su mano, que sobresale junto a la sombra del me\u00f1ique. El pasado 28 de febrero, el d\u00eda en que Israel bombarde\u00f3 junto a EE.UU. de forma reiterada Ir\u00e1n, s\u00ed que fue asesinado en Teher\u00e1n el l\u00edder supremo, el ayatol\u00e1 Ali Jamenei, junto a otros altos cargos.<\/p>\n<p>&nbsp;<\/p>\n<p>Sin embargo, en las redes sociales hay muchas dudas si el video sea realmente verdadero o creado con inteligencia artificial, porque no es \u00abnormal\u00bb que un personaje como \u00e9l este tomando caf\u00e9 mientras el mundo se derrumba.<\/p>\n<p>&nbsp;<\/p>\n<p>&nbsp;<\/p>\n<p>&nbsp;<\/p>\n<p><strong>Fecha de publicaci\u00f3n domingo 15 de marzo de 2026 con informaci\u00f3n de redes sociales)<\/strong><\/p>\n","protected":false},"excerpt":{"rendered":"<p>ISRAEL. \u2014 El primer ministro israel\u00ed, Benjamin Netanyahu, public\u00f3 este domingo (15\/03\/2026) en X\u00a0 un&#8230;<\/p>\n","protected":false},"author":1,"featured_media":237495,"comment_status":"open","ping_status":"open","sticky":false,"template":"","format":"standard","meta":{"_monsterinsights_skip_tracking":false,"_monsterinsights_sitenote_active":false,"_monsterinsights_sitenote_note":"","_monsterinsights_sitenote_category":0,"footnotes":""},"categories":[3],"tags":[2473],"class_list":["post"],"yoast_head":" \n<title>Sonora en Equipo. Netanyahu desmiente con un video de IA rumores sobre su muerte MUNDO<\/title>\n<meta name=\"description\" content=\"ISRAEL. \u2014 El primer ministro israel\u00ed, Benjamin Netanyahu, public\u00f3 este domingo (15\/03\/2026) en X\u00a0 un video en el que se le ve pidiendo un caf\u00e9, mientras En Sonora en Equipo publicamos toda la informaci\u00f3n de Sonora, M\u00e9xico y el Mundo de manera oportuna y busca que la libertad de expresi\u00f3n sea real. Visita nuestro medio informativo publicado desde Hermosillo, Sonora. %\" \/>\n<meta name=\"robots\" content=\"index, follow, max-snippet:-1, max-image-preview:large, max-video-preview:-1\" \/>\n<link rel=\"canonical\" href=\"https:\/\/www.sonoraenequipo.com.mx\/netanyahu-desmiente-con-un-video-rumores-sobre-su-muerte\/\" \/>\n<meta property=\"og:locale\" content=\"es_ES\" \/>\n<meta property=\"og:type\" content=\"article\" \/>\n<meta property=\"og:title\" content=\"Sonora en Equipo. Netanyahu desmiente con un video de IA rumores sobre su muerte MUNDO\" \/>\n<meta property=\"og:description\" content=\"ISRAEL. \u2014 El primer ministro israel\u00ed, Benjamin Netanyahu, public\u00f3 este domingo (15\/03\/2026) en X\u00a0 un video en el que se le ve pidiendo un caf\u00e9, mientras En Sonora en Equipo publicamos toda la informaci\u00f3n de Sonora, M\u00e9xico y el Mundo de manera oportuna y busca que la libertad de expresi\u00f3n sea real. Visita nuestro medio informativo publicado desde Hermosillo, Sonora. %\" \/>\n<meta property=\"og:url\" content=\"https:\/\/www.sonoraenequipo.com.mx\/netanyahu-desmiente-con-un-video-rumores-sobre-su-muerte\/\" \/>\n<meta property=\"og:site_name\" content=\"Sonora en Equipo.\" \/>\n<meta property=\"article:publisher\" content=\"https:\/\/www.facebook.com\/SonoraEE\/\" \/>\n<meta property=\"article:author\" content=\"https:\/\/www.facebook.com\/SonoraEE\" \/>\n<meta property=\"article:published_time\" content=\"2026-03-15T23:50:08+00:00\" \/>\n<meta property=\"article:modified_time\" content=\"2026-03-16T17:56:03+00:00\" \/>\n<meta property=\"og:image\" content=\"https:\/\/www.sonoraenequipo.com.mx\/storage\/2026\/03\/netanyahu.jpg\" \/>\n\t<meta property=\"og:image:width\" content=\"600\" \/>\n\t<meta property=\"og:image:height\" content=\"400\" \/>\n\t<meta property=\"og:image:type\" content=\"image\/jpeg\" \/>\n<meta name=\"author\" content=\"enequipo\" \/>\n<meta name=\"twitter:card\" content=\"summary_large_image\" \/>\n<meta name=\"twitter:creator\" content=\"@sonoraenequipo\" \/>\n<meta name=\"twitter:site\" content=\"@sonoraenequipo\" \/>\n<meta name=\"twitter:label1\" content=\"Escrito por\" \/>\n\t<meta name=\"twitter:data1\" content=\"enequipo\" \/>\n\t<meta name=\"twitter:label2\" content=\"Tiempo de lectura\" \/>\n\t<meta name=\"twitter:data2\" content=\"1 minuto\" \/>\n<script type=\"application\/ld+json\" class=\"yoast-schema-graph\">{\"@context\":\"https:\/\/schema.org\",\"@graph\":[{\"@type\":\"Article\",\"@id\":\"https:\/\/www.sonoraenequipo.com.mx\/netanyahu-desmiente-con-un-video-rumores-sobre-su-muerte\/#article\",\"isPartOf\":{\"@id\":\"https:\/\/www.sonoraenequipo.com.mx\/netanyahu-desmiente-con-un-video-rumores-sobre-su-muerte\/\"},\"author\":{\"name\":\"enequipo\",\"@id\":\"https:\/\/www.sonoraenequipo.com.mx\/#\/schema\/person\/50102df0fb23a8fa9e8effad8fa81386\"},\"headline\":\"Netanyahu desmiente con un video de IA rumores sobre su muerte\",\"datePublished\":\"2026-03-15T23:50:08+00:00\",\"dateModified\":\"2026-03-16T17:56:03+00:00\",\"mainEntityOfPage\":{\"@id\":\"https:\/\/www.sonoraenequipo.com.mx\/netanyahu-desmiente-con-un-video-rumores-sobre-su-muerte\/\"},\"wordCount\":255,\"commentCount\":0,\"publisher\":{\"@id\":\"https:\/\/www.sonoraenequipo.com.mx\/#organization\"},\"image\":{\"@id\":\"https:\/\/www.sonoraenequipo.com.mx\/netanyahu-desmiente-con-un-video-rumores-sobre-su-muerte\/#primaryimage\"},\"thumbnailUrl\":\"https:\/\/www.sonoraenequipo.com.mx\/storage\/2026\/03\/netanyahu.jpg\",\"keywords\":[\"Benyamin Netanyahu\"],\"articleSection\":[\"MUNDO\"],\"inLanguage\":\"es\",\"potentialAction\":[{\"@type\":\"CommentAction\",\"name\":\"Comment\",\"target\":[\"https:\/\/www.sonoraenequipo.com.mx\/netanyahu-desmiente-con-un-video-rumores-sobre-su-muerte\/#respond\"]}]},{\"@type\":\"WebPage\",\"@id\":\"https:\/\/www.sonoraenequipo.com.mx\/netanyahu-desmiente-con-un-video-rumores-sobre-su-muerte\/\",\"url\":\"https:\/\/www.sonoraenequipo.com.mx\/netanyahu-desmiente-con-un-video-rumores-sobre-su-muerte\/\",\"name\":\"Sonora en Equipo. Netanyahu desmiente con un video de IA rumores sobre su muerte MUNDO\",\"isPartOf\":{\"@id\":\"https:\/\/www.sonoraenequipo.com.mx\/#website\"},\"primaryImageOfPage\":{\"@id\":\"https:\/\/www.sonoraenequipo.com.mx\/netanyahu-desmiente-con-un-video-rumores-sobre-su-muerte\/#primaryimage\"},\"image\":{\"@id\":\"https:\/\/www.sonoraenequipo.com.mx\/netanyahu-desmiente-con-un-video-rumores-sobre-su-muerte\/#primaryimage\"},\"thumbnailUrl\":\"https:\/\/www.sonoraenequipo.com.mx\/storage\/2026\/03\/netanyahu.jpg\",\"datePublished\":\"2026-03-15T23:50:08+00:00\",\"dateModified\":\"2026-03-16T17:56:03+00:00\",\"description\":\"ISRAEL. \u2014 El primer ministro israel\u00ed, Benjamin Netanyahu, public\u00f3 este domingo (15\/03\/2026) en X\u00a0 un video en el que se le ve pidiendo un caf\u00e9, mientras En Sonora en Equipo publicamos toda la informaci\u00f3n de Sonora, M\u00e9xico y el Mundo de manera oportuna y busca que la libertad de expresi\u00f3n sea real. Visita nuestro medio informativo publicado desde Hermosillo, Sonora. %\",\"breadcrumb\":{\"@id\":\"https:\/\/www.sonoraenequipo.com.mx\/netanyahu-desmiente-con-un-video-rumores-sobre-su-muerte\/#breadcrumb\"},\"inLanguage\":\"es\",\"potentialAction\":[{\"@type\":\"ReadAction\",\"target\":[\"https:\/\/www.sonoraenequipo.com.mx\/netanyahu-desmiente-con-un-video-rumores-sobre-su-muerte\/\"]}]},{\"@type\":\"ImageObject\",\"inLanguage\":\"es\",\"@id\":\"https:\/\/www.sonoraenequipo.com.mx\/netanyahu-desmiente-con-un-video-rumores-sobre-su-muerte\/#primaryimage\",\"url\":\"https:\/\/www.sonoraenequipo.com.mx\/storage\/2026\/03\/netanyahu.jpg\",\"contentUrl\":\"https:\/\/www.sonoraenequipo.com.mx\/storage\/2026\/03\/netanyahu.jpg\",\"width\":600,\"height\":400,\"caption\":\"captura de video\"},{\"@type\":\"BreadcrumbList\",\"@id\":\"https:\/\/www.sonoraenequipo.com.mx\/netanyahu-desmiente-con-un-video-rumores-sobre-su-muerte\/#breadcrumb\",\"itemListElement\":[{\"@type\":\"ListItem\",\"position\":1,\"name\":\"Portada\",\"item\":\"https:\/\/www.sonoraenequipo.com.mx\/\"},{\"@type\":\"ListItem\",\"position\":2,\"name\":\"Netanyahu desmiente con un video de IA rumores sobre su muerte\"}]},{\"@type\":\"WebSite\",\"@id\":\"https:\/\/www.sonoraenequipo.com.mx\/#website\",\"url\":\"https:\/\/www.sonoraenequipo.com.mx\/\",\"name\":\"Sonora en Equipo.\",\"description\":\"Diario en l\u00ednea con Noticias desde Hermosillo, Sonora\",\"publisher\":{\"@id\":\"https:\/\/www.sonoraenequipo.com.mx\/#organization\"},\"potentialAction\":[{\"@type\":\"SearchAction\",\"target\":{\"@type\":\"EntryPoint\",\"urlTemplate\":\"https:\/\/www.sonoraenequipo.com.mx\/?s={search_term_string}\"},\"query-input\":{\"@type\":\"PropertyValueSpecification\",\"valueRequired\":true,\"valueName\":\"search_term_string\"}}],\"inLanguage\":\"es\"},{\"@type\":\"Organization\",\"@id\":\"https:\/\/www.sonoraenequipo.com.mx\/#organization\",\"name\":\"Sonoraenequipo.com.mx\",\"url\":\"https:\/\/www.sonoraenequipo.com.mx\/\",\"logo\":{\"@type\":\"ImageObject\",\"inLanguage\":\"es\",\"@id\":\"https:\/\/www.sonoraenequipo.com.mx\/#\/schema\/logo\/image\/\",\"url\":\"https:\/\/www.sonoraenequipo.com.mx\/storage\/2019\/01\/sonoraenequipo_opt.png\",\"contentUrl\":\"https:\/\/www.sonoraenequipo.com.mx\/storage\/2019\/01\/sonoraenequipo_opt.png\",\"width\":375,\"height\":125,\"caption\":\"Sonoraenequipo.com.mx\"},\"image\":{\"@id\":\"https:\/\/www.sonoraenequipo.com.mx\/#\/schema\/logo\/image\/\"},\"sameAs\":[\"https:\/\/www.facebook.com\/SonoraEE\/\",\"https:\/\/x.com\/sonoraenequipo\",\"https:\/\/www.youtube.com\/channel\/UC338nW-lPEYmJQs4ZABQ1SQ\"]},{\"@type\":\"Person\",\"@id\":\"https:\/\/www.sonoraenequipo.com.mx\/#\/schema\/person\/50102df0fb23a8fa9e8effad8fa81386\",\"name\":\"enequipo\",\"image\":{\"@type\":\"ImageObject\",\"inLanguage\":\"es\",\"@id\":\"https:\/\/www.sonoraenequipo.com.mx\/#\/schema\/person\/image\/\",\"url\":\"https:\/\/secure.gravatar.com\/avatar\/049821681b589dabc0bc20695993ccebb09f5b5d4d790cd9251b97faac7c652b?s=96&d=blank&r=g\",\"contentUrl\":\"https:\/\/secure.gravatar.com\/avatar\/049821681b589dabc0bc20695993ccebb09f5b5d4d790cd9251b97faac7c652b?s=96&d=blank&r=g\",\"caption\":\"enequipo\"},\"sameAs\":[\"https:\/\/www.facebook.com\/SonoraEE\"]}]}<\/script>\n ","yoast_head_json":{"title":"Sonora en Equipo. Netanyahu desmiente con un video de IA rumores sobre su muerte MUNDO","description":"ISRAEL. \u2014 El primer ministro israel\u00ed, Benjamin Netanyahu, public\u00f3 este domingo (15\/03\/2026) en X\u00a0 un video en el que se le ve pidiendo un caf\u00e9, mientras En Sonora en Equipo publicamos toda la informaci\u00f3n de Sonora, M\u00e9xico y el Mundo de manera oportuna y busca que la libertad de expresi\u00f3n sea real. Visita nuestro medio informativo publicado desde Hermosillo, Sonora. %","robots":{"index":"index","follow":"follow","max-snippet":"max-snippet:-1","max-image-preview":"max-image-preview:large","max-video-preview":"max-video-preview:-1"},"canonical":"https:\/\/www.sonoraenequipo.com.mx\/netanyahu-desmiente-con-un-video-rumores-sobre-su-muerte\/","og_locale":"es_ES","og_type":"article","og_title":"Sonora en Equipo. Netanyahu desmiente con un video de IA rumores sobre su muerte MUNDO","og_description":"ISRAEL. \u2014 El primer ministro israel\u00ed, Benjamin Netanyahu, public\u00f3 este domingo (15\/03\/2026) en X\u00a0 un video en el que se le ve pidiendo un caf\u00e9, mientras En Sonora en Equipo publicamos toda la informaci\u00f3n de Sonora, M\u00e9xico y el Mundo de manera oportuna y busca que la libertad de expresi\u00f3n sea real. Visita nuestro medio informativo publicado desde Hermosillo, Sonora. %","og_url":"https:\/\/www.sonoraenequipo.com.mx\/netanyahu-desmiente-con-un-video-rumores-sobre-su-muerte\/","og_site_name":"Sonora en Equipo.","article_publisher":"https:\/\/www.facebook.com\/SonoraEE\/","article_author":"https:\/\/www.facebook.com\/SonoraEE","article_published_time":"2026-03-15T23:50:08+00:00","article_modified_time":"2026-03-16T17:56:03+00:00","og_image":[{"width":600,"height":400,"url":"https:\/\/www.sonoraenequipo.com.mx\/storage\/2026\/03\/netanyahu.jpg","type":"image\/jpeg"}],"author":"enequipo","twitter_card":"summary_large_image","twitter_creator":"@sonoraenequipo","twitter_site":"@sonoraenequipo","twitter_misc":{"Escrito por":"enequipo","Tiempo de lectura":"1 minuto"},"schema":{"@context":"https:\/\/schema.org","@graph":[{"@type":"Article","@id":"https:\/\/www.sonoraenequipo.com.mx\/netanyahu-desmiente-con-un-video-rumores-sobre-su-muerte\/#article","isPartOf":{"@id":"https:\/\/www.sonoraenequipo.com.mx\/netanyahu-desmiente-con-un-video-rumores-sobre-su-muerte\/"},"author":{"name":"enequipo","@id":"https:\/\/www.sonoraenequipo.com.mx\/#\/schema\/person\/50102df0fb23a8fa9e8effad8fa81386"},"headline":"Netanyahu desmiente con un video de IA rumores sobre su muerte","datePublished":"2026-03-15T23:50:08+00:00","dateModified":"2026-03-16T17:56:03+00:00","mainEntityOfPage":{"@id":"https:\/\/www.sonoraenequipo.com.mx\/netanyahu-desmiente-con-un-video-rumores-sobre-su-muerte\/"},"wordCount":255,"commentCount":0,"publisher":{"@id":"https:\/\/www.sonoraenequipo.com.mx\/#organization"},"image":{"@id":"https:\/\/www.sonoraenequipo.com.mx\/netanyahu-desmiente-con-un-video-rumores-sobre-su-muerte\/#primaryimage"},"thumbnailUrl":"https:\/\/www.sonoraenequipo.com.mx\/storage\/2026\/03\/netanyahu.jpg","keywords":["Benyamin Netanyahu"],"articleSection":["MUNDO"],"inLanguage":"es","potentialAction":[{"@type":"CommentAction","name":"Comment","target":["https:\/\/www.sonoraenequipo.com.mx\/netanyahu-desmiente-con-un-video-rumores-sobre-su-muerte\/#respond"]}]},{"@type":"WebPage","@id":"https:\/\/www.sonoraenequipo.com.mx\/netanyahu-desmiente-con-un-video-rumores-sobre-su-muerte\/","url":"https:\/\/www.sonoraenequipo.com.mx\/netanyahu-desmiente-con-un-video-rumores-sobre-su-muerte\/","name":"Sonora en Equipo. Netanyahu desmiente con un video de IA rumores sobre su muerte MUNDO","isPartOf":{"@id":"https:\/\/www.sonoraenequipo.com.mx\/#website"},"primaryImageOfPage":{"@id":"https:\/\/www.sonoraenequipo.com.mx\/netanyahu-desmiente-con-un-video-rumores-sobre-su-muerte\/#primaryimage"},"image":{"@id":"https:\/\/www.sonoraenequipo.com.mx\/netanyahu-desmiente-con-un-video-rumores-sobre-su-muerte\/#primaryimage"},"thumbnailUrl":"https:\/\/www.sonoraenequipo.com.mx\/storage\/2026\/03\/netanyahu.jpg","datePublished":"2026-03-15T23:50:08+00:00","dateModified":"2026-03-16T17:56:03+00:00","description":"ISRAEL. \u2014 El primer ministro israel\u00ed, Benjamin Netanyahu, public\u00f3 este domingo (15\/03\/2026) en X\u00a0 un video en el que se le ve pidiendo un caf\u00e9, mientras En Sonora en Equipo publicamos toda la informaci\u00f3n de Sonora, M\u00e9xico y el Mundo de manera oportuna y busca que la libertad de expresi\u00f3n sea real. Visita nuestro medio informativo publicado desde Hermosillo, Sonora. %","breadcrumb":{"@id":"https:\/\/www.sonoraenequipo.com.mx\/netanyahu-desmiente-con-un-video-rumores-sobre-su-muerte\/#breadcrumb"},"inLanguage":"es","potentialAction":[{"@type":"ReadAction","target":["https:\/\/www.sonoraenequipo.com.mx\/netanyahu-desmiente-con-un-video-rumores-sobre-su-muerte\/"]}]},{"@type":"ImageObject","inLanguage":"es","@id":"https:\/\/www.sonoraenequipo.com.mx\/netanyahu-desmiente-con-un-video-rumores-sobre-su-muerte\/#primaryimage","url":"https:\/\/www.sonoraenequipo.com.mx\/storage\/2026\/03\/netanyahu.jpg","contentUrl":"https:\/\/www.sonoraenequipo.com.mx\/storage\/2026\/03\/netanyahu.jpg","width":600,"height":400,"caption":"captura de video"},{"@type":"BreadcrumbList","@id":"https:\/\/www.sonoraenequipo.com.mx\/netanyahu-desmiente-con-un-video-rumores-sobre-su-muerte\/#breadcrumb","itemListElement":[{"@type":"ListItem","position":1,"name":"Portada","item":"https:\/\/www.sonoraenequipo.com.mx\/"},{"@type":"ListItem","position":2,"name":"Netanyahu desmiente con un video de IA rumores sobre su muerte"}]},{"@type":"WebSite","@id":"https:\/\/www.sonoraenequipo.com.mx\/#website","url":"https:\/\/www.sonoraenequipo.com.mx\/","name":"Sonora en Equipo.","description":"Diario en l\u00ednea con Noticias desde Hermosillo, Sonora","publisher":{"@id":"https:\/\/www.sonoraenequipo.com.mx\/#organization"},"potentialAction":[{"@type":"SearchAction","target":{"@type":"EntryPoint","urlTemplate":"https:\/\/www.sonoraenequipo.com.mx\/?s={search_term_string}"},"query-input":{"@type":"PropertyValueSpecification","valueRequired":true,"valueName":"search_term_string"}}],"inLanguage":"es"},{"@type":"Organization","@id":"https:\/\/www.sonoraenequipo.com.mx\/#organization","name":"Sonoraenequipo.com.mx","url":"https:\/\/www.sonoraenequipo.com.mx\/","logo":{"@type":"ImageObject","inLanguage":"es","@id":"https:\/\/www.sonoraenequipo.com.mx\/#\/schema\/logo\/image\/","url":"https:\/\/www.sonoraenequipo.com.mx\/storage\/2019\/01\/sonoraenequipo_opt.png","contentUrl":"https:\/\/www.sonoraenequipo.com.mx\/storage\/2019\/01\/sonoraenequipo_opt.png","width":375,"height":125,"caption":"Sonoraenequipo.com.mx"},"image":{"@id":"https:\/\/www.sonoraenequipo.com.mx\/#\/schema\/logo\/image\/"},"sameAs":["https:\/\/www.facebook.com\/SonoraEE\/","https:\/\/x.com\/sonoraenequipo","https:\/\/www.youtube.com\/channel\/UC338nW-lPEYmJQs4ZABQ1SQ"]},{"@type":"Person","@id":"https:\/\/www.sonoraenequipo.com.mx\/#\/schema\/person\/50102df0fb23a8fa9e8effad8fa81386","name":"enequipo","image":{"@type":"ImageObject","inLanguage":"es","@id":"https:\/\/www.sonoraenequipo.com.mx\/#\/schema\/person\/image\/","url":"https:\/\/secure.gravatar.com\/avatar\/049821681b589dabc0bc20695993ccebb09f5b5d4d790cd9251b97faac7c652b?s=96&d=blank&r=g","contentUrl":"https:\/\/secure.gravatar.com\/avatar\/049821681b589dabc0bc20695993ccebb09f5b5d4d790cd9251b97faac7c652b?s=96&d=blank&r=g","caption":"enequipo"},"sameAs":["https:\/\/www.facebook.com\/SonoraEE"]}]}},"jetpack_featured_media_url":"https:\/\/www.sonoraenequipo.com.mx\/storage\/2026\/03\/netanyahu.jpg","_links":{"self":[{"href":"https:\/\/www.sonoraenequipo.com.mx\/api\/wp\/v2\/posts\/237494","targetHints":{"allow":["GET"]}}],"collection":[{"href":"https:\/\/www.sonoraenequipo.com.mx\/api\/wp\/v2\/posts"}],"about":[{"href":"https:\/\/www.sonoraenequipo.com.mx\/api\/wp\/v2\/types\/post"}],"author":[{"embeddable":true,"href":"https:\/\/www.sonoraenequipo.com.mx\/api\/wp\/v2\/users\/1"}],"replies":[{"embeddable":true,"href":"https:\/\/www.sonoraenequipo.com.mx\/api\/wp\/v2\/comments?post=237494"}],"version-history":[{"count":5,"href":"https:\/\/www.sonoraenequipo.com.mx\/api\/wp\/v2\/posts\/237494\/revisions"}],"predecessor-version":[{"id":237510,"href":"https:\/\/www.sonoraenequipo.com.mx\/api\/wp\/v2\/posts\/237494\/revisions\/237510"}],"wp:featuredmedia":[{"embeddable":true,"href":"https:\/\/www.sonoraenequipo.com.mx\/api\/wp\/v2\/media\/237495"}],"wp:attachment":[{"href":"https:\/\/www.sonoraenequipo.com.mx\/api\/wp\/v2\/media?parent=237494"}],"wp:term":[{"taxonomy":"category","embeddable":true,"href":"https:\/\/www.sonoraenequipo.com.mx\/api\/wp\/v2\/categories?post=237494"},{"taxonomy":"post_tag","embeddable":true,"href":"https:\/\/www.sonoraenequipo.com.mx\/api\/wp\/v2\/tags?post=237494"}],"curies":[{"name":"wp","href":"https:\/\/api.w.org\/{rel}","templated":true}]}}