{"id":237533,"date":"2026-03-16T11:41:02","date_gmt":"2026-03-16T18:41:02","guid":{"rendered":"https:\/\/www.sonoraenequipo.com.mx\/?p=237533"},"modified":"2026-03-16T17:11:34","modified_gmt":"2026-03-17T00:11:34","slug":"apagon-masivo-en-cuba-hoy-isla-queda-desconectada-del-sistema-electrico","status":"publish","type":"post","link":"https:\/\/www.sonoraenequipo.com.mx\/apagon-masivo-en-cuba-hoy-isla-queda-desconectada-del-sistema-electrico\/","title":{"rendered":"Apag\u00f3n Masivo en Cuba Hoy: Isla Queda Desconectada del Sistema El\u00e9ctrico"},"content":{"rendered":"<p><strong>LA HABANA, CUBA. \u2014<\/strong> Cuba sufri\u00f3 un nuevo apag\u00f3n masivo hoy, 16 de marzo de 2026, inform\u00f3 el Ministerio de Energ\u00eda y Minas (Minem); se trata del sexto caso nacional en a\u00f1o y medio.<\/p>\n<p>&nbsp;<\/p>\n<p>&nbsp;<\/p>\n<p> <\/p>\n<p>El Ministerio de Energ\u00eda y Minas detall\u00f3 que \u201cse ha producido una desconexi\u00f3n total del Sistema El\u00e9ctrico Nacional (SEN), se investigan las causas y comienzan a activarse los protocolos para el restablecimiento\u201d.<\/p>\n<p>&nbsp;<\/p>\n<p>&nbsp;<\/p>\n<p>De acuerdo con la Uni\u00f3n El\u00e9ctrica (UNE) el colapso del sistema el\u00e9ctrico provoc\u00f3 la interrupci\u00f3n del servicio en numerosas provincias y oblig\u00f3 a las autoridades a activar protocolos de emergencia para intentar restablecer gradualmente la red. El incidente ocurre en un momento especialmente delicado para el pa\u00eds, donde los apagones prolongados ya forman parte de la rutina diaria de millones de ciudadanos.<\/p>\n<p>&nbsp;<\/p>\n<p>&nbsp;<\/p>\n<p><em><strong>\u201cOcurri\u00f3 una desconexi\u00f3n total del Sistema Electroenerg\u00e9tico Nacional. Comienzan a implementarse los protocolos para el restablecimiento. Continuaremos informando\u201d,<\/strong> <\/em>explic\u00f3 la UNE en su cuenta de Facebook al mediod\u00eda de este lunes.<\/p>\n<p>&nbsp;<\/p>\n<p>&nbsp;<\/p>\n<p>Este nuevo evento vuelve a poner en evidencia las debilidades estructurales de la red energ\u00e9tica cubana, una infraestructura envejecida que opera bajo presi\u00f3n constante debido a la escasez de combustible, las aver\u00edas recurrentes en centrales termoel\u00e9ctricas y la falta de inversiones sostenidas durante d\u00e9cadas.<\/p>\n<p>&nbsp;<\/p>\n<p>&nbsp;<\/p>\n<h3>El colapso del Sistema Electroenerg\u00e9tico Nacional<\/h3>\n<p>&nbsp;<\/p>\n<p>El apag\u00f3n se produjo despu\u00e9s de que el Sistema Electroenerg\u00e9tico Nacional quedara completamente desconectado, una situaci\u00f3n conocida t\u00e9cnicamente como \u201ccero energ\u00e9tico\u201d. Cuando ocurre este tipo de colapso, todas las plantas generadoras dejan de operar de manera sincronizada, lo que provoca la p\u00e9rdida total del suministro el\u00e9ctrico en la red nacional.<\/p>\n<p>&nbsp;<\/p>\n<p>&nbsp;<\/p>\n<p>En Cuba, el SEN est\u00e1 compuesto por un conjunto de centrales termoel\u00e9ctricas, plantas de generaci\u00f3n distribuida, parques solares y unidades de generaci\u00f3n m\u00f3vil que trabajan interconectadas a trav\u00e9s de una extensa red de transmisi\u00f3n. Sin embargo, el sistema opera con m\u00e1rgenes muy reducidos de estabilidad debido a la limitada capacidad de generaci\u00f3n disponible.Opini\u00f3n cubanos<\/p>\n<p>&nbsp;<\/p>\n<p>&nbsp;<\/p>\n<p>Cuando se produce una aver\u00eda importante, una sobrecarga o una desconexi\u00f3n en cascada dentro de la red, el sistema puede perder estabilidad r\u00e1pidamente y provocar un colapso general. Este tipo de eventos ya ha ocurrido en otras ocasiones en los \u00faltimos a\u00f1os, reflejando la fragilidad estructural del sistema energ\u00e9tico cubano.<\/p>\n<p>&nbsp;<\/p>\n<p>&nbsp;<\/p>\n<p>El Ministerio de Energ\u00eda y Minas indic\u00f3 por su parte en su cuenta de X que se han iniciado averiguaciones para determinar qu\u00e9 provoc\u00f3 el apag\u00f3n, aunque hasta ahora no se han divulgado detalles adicionales sobre el incidente.<\/p>\n<p>&nbsp;<\/p>\n<p>El informe publicado por la Uni\u00f3n El\u00e9ctrica (UNE) para el 16 de marzo reflejaba que la jornada previa estuvo marcada por apagones durante todo el d\u00eda debido a un d\u00e9ficit en la capacidad de generaci\u00f3n el\u00e9ctrica, una situaci\u00f3n que adem\u00e1s se extendi\u00f3 a las primeras horas de la madrugada.<\/p>\n<p>&nbsp;<\/p>\n<p>Durante esa jornada, el momento de mayor impacto en el servicio se registr\u00f3 a las 7:20 de la noche, cuando la afectaci\u00f3n alcanz\u00f3 los 1.891 megavatios. La empresa explic\u00f3 que ese nivel super\u00f3 lo que se hab\u00eda previsto inicialmente, ya que el consumo de electricidad fue mayor al estimado en los pron\u00f3sticos.<\/p>\n<p>&nbsp;<\/p>\n<p>Incluso antes de que se produjera la desconexi\u00f3n total del Sistema Electroenerg\u00e9tico Nacional (SEN), el sistema ya atravesaba un escenario muy delicado. A las 6:00 de la ma\u00f1ana del propio 16 de marzo, la UNE reportaba una disponibilidad de apenas 1.140 megavatios frente a una demanda que ascend\u00eda a 2.347, lo que implicaba un d\u00e9ficit inmediato de 1.220 megavatios.<\/p>\n<p>&nbsp;<\/p>\n<p>&nbsp;<\/p>\n<p>Las proyecciones para el mediod\u00eda tampoco eran alentadoras, ya que se estimaba que la afectaci\u00f3n en el servicio el\u00e9ctrico rondar\u00eda los 1.250 megavatios.<\/p>\n<p>&nbsp;<\/p>\n<p>&nbsp;<\/p>\n<p>PUBLICADO EL 16 MARZO DE 2026 Con informaci\u00f3n de Ra\u00fal Morilla\/Agencias)<\/p>\n","protected":false},"excerpt":{"rendered":"<p>LA HABANA, CUBA. \u2014 Cuba sufri\u00f3 un nuevo apag\u00f3n masivo hoy, 16 de marzo de&#8230;<\/p>\n","protected":false},"author":1,"featured_media":237546,"comment_status":"open","ping_status":"open","sticky":false,"template":"","format":"standard","meta":{"_monsterinsights_skip_tracking":false,"_monsterinsights_sitenote_active":false,"_monsterinsights_sitenote_note":"","_monsterinsights_sitenote_category":0,"footnotes":""},"categories":[3],"tags":[],"class_list":["post"],"yoast_head":" \n<title>Sonora en Equipo. Apag\u00f3n Masivo en Cuba Hoy: Isla Queda Desconectada del Sistema El\u00e9ctrico MUNDO<\/title>\n<meta name=\"description\" content=\"LA HABANA, CUBA. \u2014 Cuba sufri\u00f3 un nuevo apag\u00f3n masivo hoy, 16 de marzo de 2026, inform\u00f3 el Ministerio de Energ\u00eda y Minas (Minem); se trata del sexto caso En Sonora en Equipo publicamos toda la informaci\u00f3n de Sonora, M\u00e9xico y el Mundo de manera oportuna y busca que la libertad de expresi\u00f3n sea real. Visita nuestro medio informativo publicado desde Hermosillo, Sonora. %\" \/>\n<meta name=\"robots\" content=\"index, follow, max-snippet:-1, max-image-preview:large, max-video-preview:-1\" \/>\n<link rel=\"canonical\" href=\"https:\/\/www.sonoraenequipo.com.mx\/apagon-masivo-en-cuba-hoy-isla-queda-desconectada-del-sistema-electrico\/\" \/>\n<meta property=\"og:locale\" content=\"es_ES\" \/>\n<meta property=\"og:type\" content=\"article\" \/>\n<meta property=\"og:title\" content=\"Sonora en Equipo. Apag\u00f3n Masivo en Cuba Hoy: Isla Queda Desconectada del Sistema El\u00e9ctrico MUNDO\" \/>\n<meta property=\"og:description\" content=\"LA HABANA, CUBA. \u2014 Cuba sufri\u00f3 un nuevo apag\u00f3n masivo hoy, 16 de marzo de 2026, inform\u00f3 el Ministerio de Energ\u00eda y Minas (Minem); se trata del sexto caso En Sonora en Equipo publicamos toda la informaci\u00f3n de Sonora, M\u00e9xico y el Mundo de manera oportuna y busca que la libertad de expresi\u00f3n sea real. Visita nuestro medio informativo publicado desde Hermosillo, Sonora. %\" \/>\n<meta property=\"og:url\" content=\"https:\/\/www.sonoraenequipo.com.mx\/apagon-masivo-en-cuba-hoy-isla-queda-desconectada-del-sistema-electrico\/\" \/>\n<meta property=\"og:site_name\" content=\"Sonora en Equipo.\" \/>\n<meta property=\"article:publisher\" content=\"https:\/\/www.facebook.com\/SonoraEE\/\" \/>\n<meta property=\"article:author\" content=\"https:\/\/www.facebook.com\/SonoraEE\" \/>\n<meta property=\"article:published_time\" content=\"2026-03-16T18:41:02+00:00\" \/>\n<meta property=\"article:modified_time\" content=\"2026-03-17T00:11:34+00:00\" \/>\n<meta property=\"og:image\" content=\"https:\/\/www.sonoraenequipo.com.mx\/storage\/2026\/03\/termoelectrica-cubana.jpg\" \/>\n\t<meta property=\"og:image:width\" content=\"850\" \/>\n\t<meta property=\"og:image:height\" content=\"475\" \/>\n\t<meta property=\"og:image:type\" content=\"image\/jpeg\" \/>\n<meta name=\"author\" content=\"enequipo\" \/>\n<meta name=\"twitter:card\" content=\"summary_large_image\" \/>\n<meta name=\"twitter:creator\" content=\"@sonoraenequipo\" \/>\n<meta name=\"twitter:site\" content=\"@sonoraenequipo\" \/>\n<meta name=\"twitter:label1\" content=\"Escrito por\" \/>\n\t<meta name=\"twitter:data1\" content=\"enequipo\" \/>\n\t<meta name=\"twitter:label2\" content=\"Tiempo de lectura\" \/>\n\t<meta name=\"twitter:data2\" content=\"3 minutos\" \/>\n<script type=\"application\/ld+json\" class=\"yoast-schema-graph\">{\"@context\":\"https:\/\/schema.org\",\"@graph\":[{\"@type\":\"Article\",\"@id\":\"https:\/\/www.sonoraenequipo.com.mx\/apagon-masivo-en-cuba-hoy-isla-queda-desconectada-del-sistema-electrico\/#article\",\"isPartOf\":{\"@id\":\"https:\/\/www.sonoraenequipo.com.mx\/apagon-masivo-en-cuba-hoy-isla-queda-desconectada-del-sistema-electrico\/\"},\"author\":{\"name\":\"enequipo\",\"@id\":\"https:\/\/www.sonoraenequipo.com.mx\/#\/schema\/person\/50102df0fb23a8fa9e8effad8fa81386\"},\"headline\":\"Apag\u00f3n Masivo en Cuba Hoy: Isla Queda Desconectada del Sistema El\u00e9ctrico\",\"datePublished\":\"2026-03-16T18:41:02+00:00\",\"dateModified\":\"2026-03-17T00:11:34+00:00\",\"mainEntityOfPage\":{\"@id\":\"https:\/\/www.sonoraenequipo.com.mx\/apagon-masivo-en-cuba-hoy-isla-queda-desconectada-del-sistema-electrico\/\"},\"wordCount\":686,\"commentCount\":0,\"publisher\":{\"@id\":\"https:\/\/www.sonoraenequipo.com.mx\/#organization\"},\"image\":{\"@id\":\"https:\/\/www.sonoraenequipo.com.mx\/apagon-masivo-en-cuba-hoy-isla-queda-desconectada-del-sistema-electrico\/#primaryimage\"},\"thumbnailUrl\":\"https:\/\/www.sonoraenequipo.com.mx\/storage\/2026\/03\/termoelectrica-cubana.jpg\",\"articleSection\":[\"MUNDO\"],\"inLanguage\":\"es\",\"potentialAction\":[{\"@type\":\"CommentAction\",\"name\":\"Comment\",\"target\":[\"https:\/\/www.sonoraenequipo.com.mx\/apagon-masivo-en-cuba-hoy-isla-queda-desconectada-del-sistema-electrico\/#respond\"]}]},{\"@type\":\"WebPage\",\"@id\":\"https:\/\/www.sonoraenequipo.com.mx\/apagon-masivo-en-cuba-hoy-isla-queda-desconectada-del-sistema-electrico\/\",\"url\":\"https:\/\/www.sonoraenequipo.com.mx\/apagon-masivo-en-cuba-hoy-isla-queda-desconectada-del-sistema-electrico\/\",\"name\":\"Sonora en Equipo. Apag\u00f3n Masivo en Cuba Hoy: Isla Queda Desconectada del Sistema El\u00e9ctrico MUNDO\",\"isPartOf\":{\"@id\":\"https:\/\/www.sonoraenequipo.com.mx\/#website\"},\"primaryImageOfPage\":{\"@id\":\"https:\/\/www.sonoraenequipo.com.mx\/apagon-masivo-en-cuba-hoy-isla-queda-desconectada-del-sistema-electrico\/#primaryimage\"},\"image\":{\"@id\":\"https:\/\/www.sonoraenequipo.com.mx\/apagon-masivo-en-cuba-hoy-isla-queda-desconectada-del-sistema-electrico\/#primaryimage\"},\"thumbnailUrl\":\"https:\/\/www.sonoraenequipo.com.mx\/storage\/2026\/03\/termoelectrica-cubana.jpg\",\"datePublished\":\"2026-03-16T18:41:02+00:00\",\"dateModified\":\"2026-03-17T00:11:34+00:00\",\"description\":\"LA HABANA, CUBA. \u2014 Cuba sufri\u00f3 un nuevo apag\u00f3n masivo hoy, 16 de marzo de 2026, inform\u00f3 el Ministerio de Energ\u00eda y Minas (Minem); se trata del sexto caso En Sonora en Equipo publicamos toda la informaci\u00f3n de Sonora, M\u00e9xico y el Mundo de manera oportuna y busca que la libertad de expresi\u00f3n sea real. Visita nuestro medio informativo publicado desde Hermosillo, Sonora. %\",\"breadcrumb\":{\"@id\":\"https:\/\/www.sonoraenequipo.com.mx\/apagon-masivo-en-cuba-hoy-isla-queda-desconectada-del-sistema-electrico\/#breadcrumb\"},\"inLanguage\":\"es\",\"potentialAction\":[{\"@type\":\"ReadAction\",\"target\":[\"https:\/\/www.sonoraenequipo.com.mx\/apagon-masivo-en-cuba-hoy-isla-queda-desconectada-del-sistema-electrico\/\"]}]},{\"@type\":\"ImageObject\",\"inLanguage\":\"es\",\"@id\":\"https:\/\/www.sonoraenequipo.com.mx\/apagon-masivo-en-cuba-hoy-isla-queda-desconectada-del-sistema-electrico\/#primaryimage\",\"url\":\"https:\/\/www.sonoraenequipo.com.mx\/storage\/2026\/03\/termoelectrica-cubana.jpg\",\"contentUrl\":\"https:\/\/www.sonoraenequipo.com.mx\/storage\/2026\/03\/termoelectrica-cubana.jpg\",\"width\":850,\"height\":475},{\"@type\":\"BreadcrumbList\",\"@id\":\"https:\/\/www.sonoraenequipo.com.mx\/apagon-masivo-en-cuba-hoy-isla-queda-desconectada-del-sistema-electrico\/#breadcrumb\",\"itemListElement\":[{\"@type\":\"ListItem\",\"position\":1,\"name\":\"Portada\",\"item\":\"https:\/\/www.sonoraenequipo.com.mx\/\"},{\"@type\":\"ListItem\",\"position\":2,\"name\":\"Apag\u00f3n Masivo en Cuba Hoy: Isla Queda Desconectada del Sistema El\u00e9ctrico\"}]},{\"@type\":\"WebSite\",\"@id\":\"https:\/\/www.sonoraenequipo.com.mx\/#website\",\"url\":\"https:\/\/www.sonoraenequipo.com.mx\/\",\"name\":\"Sonora en Equipo.\",\"description\":\"Diario en l\u00ednea con Noticias desde Hermosillo, Sonora\",\"publisher\":{\"@id\":\"https:\/\/www.sonoraenequipo.com.mx\/#organization\"},\"potentialAction\":[{\"@type\":\"SearchAction\",\"target\":{\"@type\":\"EntryPoint\",\"urlTemplate\":\"https:\/\/www.sonoraenequipo.com.mx\/?s={search_term_string}\"},\"query-input\":{\"@type\":\"PropertyValueSpecification\",\"valueRequired\":true,\"valueName\":\"search_term_string\"}}],\"inLanguage\":\"es\"},{\"@type\":\"Organization\",\"@id\":\"https:\/\/www.sonoraenequipo.com.mx\/#organization\",\"name\":\"Sonoraenequipo.com.mx\",\"url\":\"https:\/\/www.sonoraenequipo.com.mx\/\",\"logo\":{\"@type\":\"ImageObject\",\"inLanguage\":\"es\",\"@id\":\"https:\/\/www.sonoraenequipo.com.mx\/#\/schema\/logo\/image\/\",\"url\":\"https:\/\/www.sonoraenequipo.com.mx\/storage\/2019\/01\/sonoraenequipo_opt.png\",\"contentUrl\":\"https:\/\/www.sonoraenequipo.com.mx\/storage\/2019\/01\/sonoraenequipo_opt.png\",\"width\":375,\"height\":125,\"caption\":\"Sonoraenequipo.com.mx\"},\"image\":{\"@id\":\"https:\/\/www.sonoraenequipo.com.mx\/#\/schema\/logo\/image\/\"},\"sameAs\":[\"https:\/\/www.facebook.com\/SonoraEE\/\",\"https:\/\/x.com\/sonoraenequipo\",\"https:\/\/www.youtube.com\/channel\/UC338nW-lPEYmJQs4ZABQ1SQ\"]},{\"@type\":\"Person\",\"@id\":\"https:\/\/www.sonoraenequipo.com.mx\/#\/schema\/person\/50102df0fb23a8fa9e8effad8fa81386\",\"name\":\"enequipo\",\"image\":{\"@type\":\"ImageObject\",\"inLanguage\":\"es\",\"@id\":\"https:\/\/www.sonoraenequipo.com.mx\/#\/schema\/person\/image\/\",\"url\":\"https:\/\/secure.gravatar.com\/avatar\/049821681b589dabc0bc20695993ccebb09f5b5d4d790cd9251b97faac7c652b?s=96&d=blank&r=g\",\"contentUrl\":\"https:\/\/secure.gravatar.com\/avatar\/049821681b589dabc0bc20695993ccebb09f5b5d4d790cd9251b97faac7c652b?s=96&d=blank&r=g\",\"caption\":\"enequipo\"},\"sameAs\":[\"https:\/\/www.facebook.com\/SonoraEE\"]}]}<\/script>\n ","yoast_head_json":{"title":"Sonora en Equipo. Apag\u00f3n Masivo en Cuba Hoy: Isla Queda Desconectada del Sistema El\u00e9ctrico MUNDO","description":"LA HABANA, CUBA. \u2014 Cuba sufri\u00f3 un nuevo apag\u00f3n masivo hoy, 16 de marzo de 2026, inform\u00f3 el Ministerio de Energ\u00eda y Minas (Minem); se trata del sexto caso En Sonora en Equipo publicamos toda la informaci\u00f3n de Sonora, M\u00e9xico y el Mundo de manera oportuna y busca que la libertad de expresi\u00f3n sea real. Visita nuestro medio informativo publicado desde Hermosillo, Sonora. %","robots":{"index":"index","follow":"follow","max-snippet":"max-snippet:-1","max-image-preview":"max-image-preview:large","max-video-preview":"max-video-preview:-1"},"canonical":"https:\/\/www.sonoraenequipo.com.mx\/apagon-masivo-en-cuba-hoy-isla-queda-desconectada-del-sistema-electrico\/","og_locale":"es_ES","og_type":"article","og_title":"Sonora en Equipo. Apag\u00f3n Masivo en Cuba Hoy: Isla Queda Desconectada del Sistema El\u00e9ctrico MUNDO","og_description":"LA HABANA, CUBA. \u2014 Cuba sufri\u00f3 un nuevo apag\u00f3n masivo hoy, 16 de marzo de 2026, inform\u00f3 el Ministerio de Energ\u00eda y Minas (Minem); se trata del sexto caso En Sonora en Equipo publicamos toda la informaci\u00f3n de Sonora, M\u00e9xico y el Mundo de manera oportuna y busca que la libertad de expresi\u00f3n sea real. Visita nuestro medio informativo publicado desde Hermosillo, Sonora. %","og_url":"https:\/\/www.sonoraenequipo.com.mx\/apagon-masivo-en-cuba-hoy-isla-queda-desconectada-del-sistema-electrico\/","og_site_name":"Sonora en Equipo.","article_publisher":"https:\/\/www.facebook.com\/SonoraEE\/","article_author":"https:\/\/www.facebook.com\/SonoraEE","article_published_time":"2026-03-16T18:41:02+00:00","article_modified_time":"2026-03-17T00:11:34+00:00","og_image":[{"width":850,"height":475,"url":"https:\/\/www.sonoraenequipo.com.mx\/storage\/2026\/03\/termoelectrica-cubana.jpg","type":"image\/jpeg"}],"author":"enequipo","twitter_card":"summary_large_image","twitter_creator":"@sonoraenequipo","twitter_site":"@sonoraenequipo","twitter_misc":{"Escrito por":"enequipo","Tiempo de lectura":"3 minutos"},"schema":{"@context":"https:\/\/schema.org","@graph":[{"@type":"Article","@id":"https:\/\/www.sonoraenequipo.com.mx\/apagon-masivo-en-cuba-hoy-isla-queda-desconectada-del-sistema-electrico\/#article","isPartOf":{"@id":"https:\/\/www.sonoraenequipo.com.mx\/apagon-masivo-en-cuba-hoy-isla-queda-desconectada-del-sistema-electrico\/"},"author":{"name":"enequipo","@id":"https:\/\/www.sonoraenequipo.com.mx\/#\/schema\/person\/50102df0fb23a8fa9e8effad8fa81386"},"headline":"Apag\u00f3n Masivo en Cuba Hoy: Isla Queda Desconectada del Sistema El\u00e9ctrico","datePublished":"2026-03-16T18:41:02+00:00","dateModified":"2026-03-17T00:11:34+00:00","mainEntityOfPage":{"@id":"https:\/\/www.sonoraenequipo.com.mx\/apagon-masivo-en-cuba-hoy-isla-queda-desconectada-del-sistema-electrico\/"},"wordCount":686,"commentCount":0,"publisher":{"@id":"https:\/\/www.sonoraenequipo.com.mx\/#organization"},"image":{"@id":"https:\/\/www.sonoraenequipo.com.mx\/apagon-masivo-en-cuba-hoy-isla-queda-desconectada-del-sistema-electrico\/#primaryimage"},"thumbnailUrl":"https:\/\/www.sonoraenequipo.com.mx\/storage\/2026\/03\/termoelectrica-cubana.jpg","articleSection":["MUNDO"],"inLanguage":"es","potentialAction":[{"@type":"CommentAction","name":"Comment","target":["https:\/\/www.sonoraenequipo.com.mx\/apagon-masivo-en-cuba-hoy-isla-queda-desconectada-del-sistema-electrico\/#respond"]}]},{"@type":"WebPage","@id":"https:\/\/www.sonoraenequipo.com.mx\/apagon-masivo-en-cuba-hoy-isla-queda-desconectada-del-sistema-electrico\/","url":"https:\/\/www.sonoraenequipo.com.mx\/apagon-masivo-en-cuba-hoy-isla-queda-desconectada-del-sistema-electrico\/","name":"Sonora en Equipo. Apag\u00f3n Masivo en Cuba Hoy: Isla Queda Desconectada del Sistema El\u00e9ctrico MUNDO","isPartOf":{"@id":"https:\/\/www.sonoraenequipo.com.mx\/#website"},"primaryImageOfPage":{"@id":"https:\/\/www.sonoraenequipo.com.mx\/apagon-masivo-en-cuba-hoy-isla-queda-desconectada-del-sistema-electrico\/#primaryimage"},"image":{"@id":"https:\/\/www.sonoraenequipo.com.mx\/apagon-masivo-en-cuba-hoy-isla-queda-desconectada-del-sistema-electrico\/#primaryimage"},"thumbnailUrl":"https:\/\/www.sonoraenequipo.com.mx\/storage\/2026\/03\/termoelectrica-cubana.jpg","datePublished":"2026-03-16T18:41:02+00:00","dateModified":"2026-03-17T00:11:34+00:00","description":"LA HABANA, CUBA. \u2014 Cuba sufri\u00f3 un nuevo apag\u00f3n masivo hoy, 16 de marzo de 2026, inform\u00f3 el Ministerio de Energ\u00eda y Minas (Minem); se trata del sexto caso En Sonora en Equipo publicamos toda la informaci\u00f3n de Sonora, M\u00e9xico y el Mundo de manera oportuna y busca que la libertad de expresi\u00f3n sea real. Visita nuestro medio informativo publicado desde Hermosillo, Sonora. %","breadcrumb":{"@id":"https:\/\/www.sonoraenequipo.com.mx\/apagon-masivo-en-cuba-hoy-isla-queda-desconectada-del-sistema-electrico\/#breadcrumb"},"inLanguage":"es","potentialAction":[{"@type":"ReadAction","target":["https:\/\/www.sonoraenequipo.com.mx\/apagon-masivo-en-cuba-hoy-isla-queda-desconectada-del-sistema-electrico\/"]}]},{"@type":"ImageObject","inLanguage":"es","@id":"https:\/\/www.sonoraenequipo.com.mx\/apagon-masivo-en-cuba-hoy-isla-queda-desconectada-del-sistema-electrico\/#primaryimage","url":"https:\/\/www.sonoraenequipo.com.mx\/storage\/2026\/03\/termoelectrica-cubana.jpg","contentUrl":"https:\/\/www.sonoraenequipo.com.mx\/storage\/2026\/03\/termoelectrica-cubana.jpg","width":850,"height":475},{"@type":"BreadcrumbList","@id":"https:\/\/www.sonoraenequipo.com.mx\/apagon-masivo-en-cuba-hoy-isla-queda-desconectada-del-sistema-electrico\/#breadcrumb","itemListElement":[{"@type":"ListItem","position":1,"name":"Portada","item":"https:\/\/www.sonoraenequipo.com.mx\/"},{"@type":"ListItem","position":2,"name":"Apag\u00f3n Masivo en Cuba Hoy: Isla Queda Desconectada del Sistema El\u00e9ctrico"}]},{"@type":"WebSite","@id":"https:\/\/www.sonoraenequipo.com.mx\/#website","url":"https:\/\/www.sonoraenequipo.com.mx\/","name":"Sonora en Equipo.","description":"Diario en l\u00ednea con Noticias desde Hermosillo, Sonora","publisher":{"@id":"https:\/\/www.sonoraenequipo.com.mx\/#organization"},"potentialAction":[{"@type":"SearchAction","target":{"@type":"EntryPoint","urlTemplate":"https:\/\/www.sonoraenequipo.com.mx\/?s={search_term_string}"},"query-input":{"@type":"PropertyValueSpecification","valueRequired":true,"valueName":"search_term_string"}}],"inLanguage":"es"},{"@type":"Organization","@id":"https:\/\/www.sonoraenequipo.com.mx\/#organization","name":"Sonoraenequipo.com.mx","url":"https:\/\/www.sonoraenequipo.com.mx\/","logo":{"@type":"ImageObject","inLanguage":"es","@id":"https:\/\/www.sonoraenequipo.com.mx\/#\/schema\/logo\/image\/","url":"https:\/\/www.sonoraenequipo.com.mx\/storage\/2019\/01\/sonoraenequipo_opt.png","contentUrl":"https:\/\/www.sonoraenequipo.com.mx\/storage\/2019\/01\/sonoraenequipo_opt.png","width":375,"height":125,"caption":"Sonoraenequipo.com.mx"},"image":{"@id":"https:\/\/www.sonoraenequipo.com.mx\/#\/schema\/logo\/image\/"},"sameAs":["https:\/\/www.facebook.com\/SonoraEE\/","https:\/\/x.com\/sonoraenequipo","https:\/\/www.youtube.com\/channel\/UC338nW-lPEYmJQs4ZABQ1SQ"]},{"@type":"Person","@id":"https:\/\/www.sonoraenequipo.com.mx\/#\/schema\/person\/50102df0fb23a8fa9e8effad8fa81386","name":"enequipo","image":{"@type":"ImageObject","inLanguage":"es","@id":"https:\/\/www.sonoraenequipo.com.mx\/#\/schema\/person\/image\/","url":"https:\/\/secure.gravatar.com\/avatar\/049821681b589dabc0bc20695993ccebb09f5b5d4d790cd9251b97faac7c652b?s=96&d=blank&r=g","contentUrl":"https:\/\/secure.gravatar.com\/avatar\/049821681b589dabc0bc20695993ccebb09f5b5d4d790cd9251b97faac7c652b?s=96&d=blank&r=g","caption":"enequipo"},"sameAs":["https:\/\/www.facebook.com\/SonoraEE"]}]}},"jetpack_featured_media_url":"https:\/\/www.sonoraenequipo.com.mx\/storage\/2026\/03\/termoelectrica-cubana.jpg","_links":{"self":[{"href":"https:\/\/www.sonoraenequipo.com.mx\/api\/wp\/v2\/posts\/237533","targetHints":{"allow":["GET"]}}],"collection":[{"href":"https:\/\/www.sonoraenequipo.com.mx\/api\/wp\/v2\/posts"}],"about":[{"href":"https:\/\/www.sonoraenequipo.com.mx\/api\/wp\/v2\/types\/post"}],"author":[{"embeddable":true,"href":"https:\/\/www.sonoraenequipo.com.mx\/api\/wp\/v2\/users\/1"}],"replies":[{"embeddable":true,"href":"https:\/\/www.sonoraenequipo.com.mx\/api\/wp\/v2\/comments?post=237533"}],"version-history":[{"count":1,"href":"https:\/\/www.sonoraenequipo.com.mx\/api\/wp\/v2\/posts\/237533\/revisions"}],"predecessor-version":[{"id":237547,"href":"https:\/\/www.sonoraenequipo.com.mx\/api\/wp\/v2\/posts\/237533\/revisions\/237547"}],"wp:featuredmedia":[{"embeddable":true,"href":"https:\/\/www.sonoraenequipo.com.mx\/api\/wp\/v2\/media\/237546"}],"wp:attachment":[{"href":"https:\/\/www.sonoraenequipo.com.mx\/api\/wp\/v2\/media?parent=237533"}],"wp:term":[{"taxonomy":"category","embeddable":true,"href":"https:\/\/www.sonoraenequipo.com.mx\/api\/wp\/v2\/categories?post=237533"},{"taxonomy":"post_tag","embeddable":true,"href":"https:\/\/www.sonoraenequipo.com.mx\/api\/wp\/v2\/tags?post=237533"}],"curies":[{"name":"wp","href":"https:\/\/api.w.org\/{rel}","templated":true}]}}