{"id":237548,"date":"2026-03-16T10:37:21","date_gmt":"2026-03-16T17:37:21","guid":{"rendered":"https:\/\/www.sonoraenequipo.com.mx\/?p=237548"},"modified":"2026-03-16T18:14:47","modified_gmt":"2026-03-17T01:14:47","slug":"sheinbaum-apoya-colecta-para-cuba-promovida-por-la-jornada-y-difundida-por-amlo","status":"publish","type":"post","link":"https:\/\/www.sonoraenequipo.com.mx\/sheinbaum-apoya-colecta-para-cuba-promovida-por-la-jornada-y-difundida-por-amlo\/","title":{"rendered":"Sheinbaum apoya colecta para Cuba promovida por &#8216;La Jornada&#8217; y difundida por AMLO"},"content":{"rendered":"<p><strong>CIUDAD DE M\u00c9XICO. MX.\u2014 <\/strong>\u00a0De nueva cuenta, la presidenta Claudia Sheinbaum respald\u00f3 la iniciativa para recaudar fondos para apoyar al pueblo cubano que est\u00e1 sufriendo por un bloqueo comercial y ahora de importaci\u00f3n de hidrocarburos. Descalific\u00f3 a los adversarios que han cuestionado la solidaridad con Cuba, que resiste desde hace d\u00e9cadas este bloqueo<\/p>\n<p>&nbsp;<\/p>\n<p>&nbsp;<\/p>\n<p>&nbsp;<\/p>\n<p> <\/p>\n<p>Se\u00f1al\u00f3 que fue una iniciativa originalmente difundida por La Jornada con el respaldo de personalidades como Elena Poniatowska, Enrique Semo, Marcos Rotiman, Carlos Pellicer, Laura Esquivel y otras personalidades, la que respald\u00f3 ahora el presidente L\u00f3pez Obrador.<\/p>\n<p>&nbsp;<\/p>\n<p>&nbsp;<\/p>\n<p>&nbsp;<\/p>\n<p>Subray\u00f3 que con esta iniciativa se cre\u00f3 una cuenta en Banorte que est\u00e1 regulada por las autoridades de la secretar\u00eda de Hacienda y Cr\u00e9dito P\u00fablico, como ocurre con todas las cuentas, no est\u00e1 excluida de las regulaciones al respecto porque la oposici\u00f3n ya est\u00e1n cuestionando la cuenta abierta por la organizaci\u00f3n Humanidad con Am\u00e9rica Latina, que previamente solicit\u00f3 ser reconocida como donataria, a fin de que la captaci\u00f3n de este dinero pudiera destinarse para la compra de alimentos, medicamentos, plantas de luz para el pueblo cubano.<\/p>\n<p>&nbsp;<\/p>\n<p>&nbsp;<\/p>\n<p>Durante su conferencia, explic\u00f3 que este llamado solidario de L\u00f3pez Obrador y muchas personas pretende apoyar a Cuba para enfrentar un bloqueo que nada tiene que ver con ellos, sino que tiene que ver con un aislamiento desde hace d\u00e9cadas de un bloqueo comercial y recientemente de un bloqueo de combustibles.<\/p>\n<p>&nbsp;<\/p>\n<p>&nbsp;<\/p>\n<p><strong>&#8211; \u00bfLlamar\u00eda usted a hacer alguna donaci\u00f3n?<\/strong><\/p>\n<p>&nbsp;<\/p>\n<p>&nbsp;<\/p>\n<p><strong>-Si puede ser de manera personal. Yo creo que s\u00ed, de manera personal.<\/strong><\/p>\n<p>&nbsp;<\/p>\n<p>&nbsp;<\/p>\n<p>A pregunta expresa conden\u00f3 la mezquindad que caracteriza a la derecha frente a la fraternidad que reivindica el humanismo. Cuestion\u00f3 la oleada de bots que se desprendieron ayer en redes sociales tras el pronunciamiento de L\u00f3pez Obrador, \u201cdijeron una cantidad de mentiras tremendas\u201d.<\/p>\n<p>&nbsp;<\/p>\n<p>&nbsp;<\/p>\n<p><em><strong>\u201cM\u00e9xico es un pueblo fraterno que siempre da la mano al que sufre. Eso nos caracteriza. Nuestro pueblo y nuestra historia, no lo podemos perder nunca, dejar\u00edamos de ser lo que somos.<\/strong><\/em><\/p>\n<p>&nbsp;<\/p>\n<p>&nbsp;<\/p>\n<p>M\u00e9xico fue el \u00fanico pa\u00eds que se opuso al bloqueo a Cuba frente a todas las presiones, Una luz en el horizonte Siempre ha sido solidario con el pueblo cubano, pero la mezquindad est\u00e1 por encima de todo\u201d.<\/p>\n<p>&nbsp;<\/p>\n<h3><\/h3>\n<h3>-\u00bfQue piensa del r\u00e9gimen cubano? Se habla de violaciones a derechos humanos<\/h3>\n<p>&nbsp;<\/p>\n<p>&nbsp;<\/p>\n<p>-Le corresponde al pueblo de Cuba as\u00ed como respetamos al presidente Trump porque le corresponde a l pueblo de Estados Unidos. A veces decimos cosas que no estamos de acuerdo de la relaci\u00f3n bilateral. Lo respetamos. Igual que no estamos de acuerdo con el presidente de Argentina pero lo respetamos porque lo eligi\u00f3 su pueblo, Como presidente nos corresponde respetar la autodeterminaci\u00f3n. Cuando hay golpes de estado es distinto, Ya va contra la decisi\u00f3n y determinaci\u00f3n. Del pueblo cubano Queremos una buena relaci\u00f3n con Estados Unidos, siempre vamos a buscarla.<\/p>\n<p>&nbsp;<\/p>\n<p>&nbsp;<\/p>\n<p>&nbsp;<\/p>\n<p>PUBLICADO EL 16 MARZO DE 2026 Con informaci\u00f3n de Alonso Urrutia y Emir Olivares)<\/p>\n","protected":false},"excerpt":{"rendered":"<p>CIUDAD DE M\u00c9XICO. MX.\u2014 \u00a0De nueva cuenta, la presidenta Claudia Sheinbaum respald\u00f3 la iniciativa para&#8230;<\/p>\n","protected":false},"author":1,"featured_media":237541,"comment_status":"open","ping_status":"open","sticky":false,"template":"","format":"standard","meta":{"_monsterinsights_skip_tracking":false,"_monsterinsights_sitenote_active":false,"_monsterinsights_sitenote_note":"","_monsterinsights_sitenote_category":0,"footnotes":""},"categories":[5],"tags":[],"class_list":["post"],"yoast_head":" \n<title>Sonora en Equipo. Sheinbaum apoya colecta para Cuba promovida por &#039;La Jornada&#039; y difundida por AMLO Rep\u00fablica<\/title>\n<meta name=\"description\" content=\"CIUDAD DE M\u00c9XICO. MX.\u2014 \u00a0De nueva cuenta, la presidenta Claudia Sheinbaum respald\u00f3 la iniciativa para recaudar fondos para apoyar al pueblo cubano que est\u00e1 En Sonora en Equipo publicamos toda la informaci\u00f3n de Sonora, M\u00e9xico y el Mundo de manera oportuna y busca que la libertad de expresi\u00f3n sea real. Visita nuestro medio informativo publicado desde Hermosillo, Sonora. %\" \/>\n<meta name=\"robots\" content=\"index, follow, max-snippet:-1, max-image-preview:large, max-video-preview:-1\" \/>\n<link rel=\"canonical\" href=\"https:\/\/www.sonoraenequipo.com.mx\/sheinbaum-apoya-colecta-para-cuba-promovida-por-la-jornada-y-difundida-por-amlo\/\" \/>\n<meta property=\"og:locale\" content=\"es_ES\" \/>\n<meta property=\"og:type\" content=\"article\" \/>\n<meta property=\"og:title\" content=\"Sonora en Equipo. Sheinbaum apoya colecta para Cuba promovida por &#039;La Jornada&#039; y difundida por AMLO Rep\u00fablica\" \/>\n<meta property=\"og:description\" content=\"CIUDAD DE M\u00c9XICO. MX.\u2014 \u00a0De nueva cuenta, la presidenta Claudia Sheinbaum respald\u00f3 la iniciativa para recaudar fondos para apoyar al pueblo cubano que est\u00e1 En Sonora en Equipo publicamos toda la informaci\u00f3n de Sonora, M\u00e9xico y el Mundo de manera oportuna y busca que la libertad de expresi\u00f3n sea real. Visita nuestro medio informativo publicado desde Hermosillo, Sonora. %\" \/>\n<meta property=\"og:url\" content=\"https:\/\/www.sonoraenequipo.com.mx\/sheinbaum-apoya-colecta-para-cuba-promovida-por-la-jornada-y-difundida-por-amlo\/\" \/>\n<meta property=\"og:site_name\" content=\"Sonora en Equipo.\" \/>\n<meta property=\"article:publisher\" content=\"https:\/\/www.facebook.com\/SonoraEE\/\" \/>\n<meta property=\"article:author\" content=\"https:\/\/www.facebook.com\/SonoraEE\" \/>\n<meta property=\"article:published_time\" content=\"2026-03-16T17:37:21+00:00\" \/>\n<meta property=\"article:modified_time\" content=\"2026-03-17T01:14:47+00:00\" \/>\n<meta property=\"og:image\" content=\"https:\/\/www.sonoraenequipo.com.mx\/storage\/2026\/03\/claudia-Sheinbaum-Pardo-1.jpg\" \/>\n\t<meta property=\"og:image:width\" content=\"1171\" \/>\n\t<meta property=\"og:image:height\" content=\"687\" \/>\n\t<meta property=\"og:image:type\" content=\"image\/jpeg\" \/>\n<meta name=\"author\" content=\"enequipo\" \/>\n<meta name=\"twitter:card\" content=\"summary_large_image\" \/>\n<meta name=\"twitter:creator\" content=\"@sonoraenequipo\" \/>\n<meta name=\"twitter:site\" content=\"@sonoraenequipo\" \/>\n<meta name=\"twitter:label1\" content=\"Escrito por\" \/>\n\t<meta name=\"twitter:data1\" content=\"enequipo\" \/>\n\t<meta name=\"twitter:label2\" content=\"Tiempo de lectura\" \/>\n\t<meta name=\"twitter:data2\" content=\"3 minutos\" \/>\n<script type=\"application\/ld+json\" class=\"yoast-schema-graph\">{\"@context\":\"https:\/\/schema.org\",\"@graph\":[{\"@type\":\"Article\",\"@id\":\"https:\/\/www.sonoraenequipo.com.mx\/sheinbaum-apoya-colecta-para-cuba-promovida-por-la-jornada-y-difundida-por-amlo\/#article\",\"isPartOf\":{\"@id\":\"https:\/\/www.sonoraenequipo.com.mx\/sheinbaum-apoya-colecta-para-cuba-promovida-por-la-jornada-y-difundida-por-amlo\/\"},\"author\":{\"name\":\"enequipo\",\"@id\":\"https:\/\/www.sonoraenequipo.com.mx\/#\/schema\/person\/50102df0fb23a8fa9e8effad8fa81386\"},\"headline\":\"Sheinbaum apoya colecta para Cuba promovida por &#8216;La Jornada&#8217; y difundida por AMLO\",\"datePublished\":\"2026-03-16T17:37:21+00:00\",\"dateModified\":\"2026-03-17T01:14:47+00:00\",\"mainEntityOfPage\":{\"@id\":\"https:\/\/www.sonoraenequipo.com.mx\/sheinbaum-apoya-colecta-para-cuba-promovida-por-la-jornada-y-difundida-por-amlo\/\"},\"wordCount\":541,\"commentCount\":0,\"publisher\":{\"@id\":\"https:\/\/www.sonoraenequipo.com.mx\/#organization\"},\"image\":{\"@id\":\"https:\/\/www.sonoraenequipo.com.mx\/sheinbaum-apoya-colecta-para-cuba-promovida-por-la-jornada-y-difundida-por-amlo\/#primaryimage\"},\"thumbnailUrl\":\"https:\/\/www.sonoraenequipo.com.mx\/storage\/2026\/03\/claudia-Sheinbaum-Pardo-1.jpg\",\"articleSection\":[\"Rep\u00fablica\"],\"inLanguage\":\"es\",\"potentialAction\":[{\"@type\":\"CommentAction\",\"name\":\"Comment\",\"target\":[\"https:\/\/www.sonoraenequipo.com.mx\/sheinbaum-apoya-colecta-para-cuba-promovida-por-la-jornada-y-difundida-por-amlo\/#respond\"]}]},{\"@type\":\"WebPage\",\"@id\":\"https:\/\/www.sonoraenequipo.com.mx\/sheinbaum-apoya-colecta-para-cuba-promovida-por-la-jornada-y-difundida-por-amlo\/\",\"url\":\"https:\/\/www.sonoraenequipo.com.mx\/sheinbaum-apoya-colecta-para-cuba-promovida-por-la-jornada-y-difundida-por-amlo\/\",\"name\":\"Sonora en Equipo. Sheinbaum apoya colecta para Cuba promovida por 'La Jornada' y difundida por AMLO Rep\u00fablica\",\"isPartOf\":{\"@id\":\"https:\/\/www.sonoraenequipo.com.mx\/#website\"},\"primaryImageOfPage\":{\"@id\":\"https:\/\/www.sonoraenequipo.com.mx\/sheinbaum-apoya-colecta-para-cuba-promovida-por-la-jornada-y-difundida-por-amlo\/#primaryimage\"},\"image\":{\"@id\":\"https:\/\/www.sonoraenequipo.com.mx\/sheinbaum-apoya-colecta-para-cuba-promovida-por-la-jornada-y-difundida-por-amlo\/#primaryimage\"},\"thumbnailUrl\":\"https:\/\/www.sonoraenequipo.com.mx\/storage\/2026\/03\/claudia-Sheinbaum-Pardo-1.jpg\",\"datePublished\":\"2026-03-16T17:37:21+00:00\",\"dateModified\":\"2026-03-17T01:14:47+00:00\",\"description\":\"CIUDAD DE M\u00c9XICO. MX.\u2014 \u00a0De nueva cuenta, la presidenta Claudia Sheinbaum respald\u00f3 la iniciativa para recaudar fondos para apoyar al pueblo cubano que est\u00e1 En Sonora en Equipo publicamos toda la informaci\u00f3n de Sonora, M\u00e9xico y el Mundo de manera oportuna y busca que la libertad de expresi\u00f3n sea real. Visita nuestro medio informativo publicado desde Hermosillo, Sonora. %\",\"breadcrumb\":{\"@id\":\"https:\/\/www.sonoraenequipo.com.mx\/sheinbaum-apoya-colecta-para-cuba-promovida-por-la-jornada-y-difundida-por-amlo\/#breadcrumb\"},\"inLanguage\":\"es\",\"potentialAction\":[{\"@type\":\"ReadAction\",\"target\":[\"https:\/\/www.sonoraenequipo.com.mx\/sheinbaum-apoya-colecta-para-cuba-promovida-por-la-jornada-y-difundida-por-amlo\/\"]}]},{\"@type\":\"ImageObject\",\"inLanguage\":\"es\",\"@id\":\"https:\/\/www.sonoraenequipo.com.mx\/sheinbaum-apoya-colecta-para-cuba-promovida-por-la-jornada-y-difundida-por-amlo\/#primaryimage\",\"url\":\"https:\/\/www.sonoraenequipo.com.mx\/storage\/2026\/03\/claudia-Sheinbaum-Pardo-1.jpg\",\"contentUrl\":\"https:\/\/www.sonoraenequipo.com.mx\/storage\/2026\/03\/claudia-Sheinbaum-Pardo-1.jpg\",\"width\":1171,\"height\":687},{\"@type\":\"BreadcrumbList\",\"@id\":\"https:\/\/www.sonoraenequipo.com.mx\/sheinbaum-apoya-colecta-para-cuba-promovida-por-la-jornada-y-difundida-por-amlo\/#breadcrumb\",\"itemListElement\":[{\"@type\":\"ListItem\",\"position\":1,\"name\":\"Portada\",\"item\":\"https:\/\/www.sonoraenequipo.com.mx\/\"},{\"@type\":\"ListItem\",\"position\":2,\"name\":\"Sheinbaum apoya colecta para Cuba promovida por &#8216;La Jornada&#8217; y difundida por AMLO\"}]},{\"@type\":\"WebSite\",\"@id\":\"https:\/\/www.sonoraenequipo.com.mx\/#website\",\"url\":\"https:\/\/www.sonoraenequipo.com.mx\/\",\"name\":\"Sonora en Equipo.\",\"description\":\"Diario en l\u00ednea con Noticias desde Hermosillo, Sonora\",\"publisher\":{\"@id\":\"https:\/\/www.sonoraenequipo.com.mx\/#organization\"},\"potentialAction\":[{\"@type\":\"SearchAction\",\"target\":{\"@type\":\"EntryPoint\",\"urlTemplate\":\"https:\/\/www.sonoraenequipo.com.mx\/?s={search_term_string}\"},\"query-input\":{\"@type\":\"PropertyValueSpecification\",\"valueRequired\":true,\"valueName\":\"search_term_string\"}}],\"inLanguage\":\"es\"},{\"@type\":\"Organization\",\"@id\":\"https:\/\/www.sonoraenequipo.com.mx\/#organization\",\"name\":\"Sonoraenequipo.com.mx\",\"url\":\"https:\/\/www.sonoraenequipo.com.mx\/\",\"logo\":{\"@type\":\"ImageObject\",\"inLanguage\":\"es\",\"@id\":\"https:\/\/www.sonoraenequipo.com.mx\/#\/schema\/logo\/image\/\",\"url\":\"https:\/\/www.sonoraenequipo.com.mx\/storage\/2019\/01\/sonoraenequipo_opt.png\",\"contentUrl\":\"https:\/\/www.sonoraenequipo.com.mx\/storage\/2019\/01\/sonoraenequipo_opt.png\",\"width\":375,\"height\":125,\"caption\":\"Sonoraenequipo.com.mx\"},\"image\":{\"@id\":\"https:\/\/www.sonoraenequipo.com.mx\/#\/schema\/logo\/image\/\"},\"sameAs\":[\"https:\/\/www.facebook.com\/SonoraEE\/\",\"https:\/\/x.com\/sonoraenequipo\",\"https:\/\/www.youtube.com\/channel\/UC338nW-lPEYmJQs4ZABQ1SQ\"]},{\"@type\":\"Person\",\"@id\":\"https:\/\/www.sonoraenequipo.com.mx\/#\/schema\/person\/50102df0fb23a8fa9e8effad8fa81386\",\"name\":\"enequipo\",\"image\":{\"@type\":\"ImageObject\",\"inLanguage\":\"es\",\"@id\":\"https:\/\/www.sonoraenequipo.com.mx\/#\/schema\/person\/image\/\",\"url\":\"https:\/\/secure.gravatar.com\/avatar\/049821681b589dabc0bc20695993ccebb09f5b5d4d790cd9251b97faac7c652b?s=96&d=blank&r=g\",\"contentUrl\":\"https:\/\/secure.gravatar.com\/avatar\/049821681b589dabc0bc20695993ccebb09f5b5d4d790cd9251b97faac7c652b?s=96&d=blank&r=g\",\"caption\":\"enequipo\"},\"sameAs\":[\"https:\/\/www.facebook.com\/SonoraEE\"]}]}<\/script>\n ","yoast_head_json":{"title":"Sonora en Equipo. Sheinbaum apoya colecta para Cuba promovida por 'La Jornada' y difundida por AMLO Rep\u00fablica","description":"CIUDAD DE M\u00c9XICO. MX.\u2014 \u00a0De nueva cuenta, la presidenta Claudia Sheinbaum respald\u00f3 la iniciativa para recaudar fondos para apoyar al pueblo cubano que est\u00e1 En Sonora en Equipo publicamos toda la informaci\u00f3n de Sonora, M\u00e9xico y el Mundo de manera oportuna y busca que la libertad de expresi\u00f3n sea real. Visita nuestro medio informativo publicado desde Hermosillo, Sonora. %","robots":{"index":"index","follow":"follow","max-snippet":"max-snippet:-1","max-image-preview":"max-image-preview:large","max-video-preview":"max-video-preview:-1"},"canonical":"https:\/\/www.sonoraenequipo.com.mx\/sheinbaum-apoya-colecta-para-cuba-promovida-por-la-jornada-y-difundida-por-amlo\/","og_locale":"es_ES","og_type":"article","og_title":"Sonora en Equipo. Sheinbaum apoya colecta para Cuba promovida por 'La Jornada' y difundida por AMLO Rep\u00fablica","og_description":"CIUDAD DE M\u00c9XICO. MX.\u2014 \u00a0De nueva cuenta, la presidenta Claudia Sheinbaum respald\u00f3 la iniciativa para recaudar fondos para apoyar al pueblo cubano que est\u00e1 En Sonora en Equipo publicamos toda la informaci\u00f3n de Sonora, M\u00e9xico y el Mundo de manera oportuna y busca que la libertad de expresi\u00f3n sea real. Visita nuestro medio informativo publicado desde Hermosillo, Sonora. %","og_url":"https:\/\/www.sonoraenequipo.com.mx\/sheinbaum-apoya-colecta-para-cuba-promovida-por-la-jornada-y-difundida-por-amlo\/","og_site_name":"Sonora en Equipo.","article_publisher":"https:\/\/www.facebook.com\/SonoraEE\/","article_author":"https:\/\/www.facebook.com\/SonoraEE","article_published_time":"2026-03-16T17:37:21+00:00","article_modified_time":"2026-03-17T01:14:47+00:00","og_image":[{"width":1171,"height":687,"url":"https:\/\/www.sonoraenequipo.com.mx\/storage\/2026\/03\/claudia-Sheinbaum-Pardo-1.jpg","type":"image\/jpeg"}],"author":"enequipo","twitter_card":"summary_large_image","twitter_creator":"@sonoraenequipo","twitter_site":"@sonoraenequipo","twitter_misc":{"Escrito por":"enequipo","Tiempo de lectura":"3 minutos"},"schema":{"@context":"https:\/\/schema.org","@graph":[{"@type":"Article","@id":"https:\/\/www.sonoraenequipo.com.mx\/sheinbaum-apoya-colecta-para-cuba-promovida-por-la-jornada-y-difundida-por-amlo\/#article","isPartOf":{"@id":"https:\/\/www.sonoraenequipo.com.mx\/sheinbaum-apoya-colecta-para-cuba-promovida-por-la-jornada-y-difundida-por-amlo\/"},"author":{"name":"enequipo","@id":"https:\/\/www.sonoraenequipo.com.mx\/#\/schema\/person\/50102df0fb23a8fa9e8effad8fa81386"},"headline":"Sheinbaum apoya colecta para Cuba promovida por &#8216;La Jornada&#8217; y difundida por AMLO","datePublished":"2026-03-16T17:37:21+00:00","dateModified":"2026-03-17T01:14:47+00:00","mainEntityOfPage":{"@id":"https:\/\/www.sonoraenequipo.com.mx\/sheinbaum-apoya-colecta-para-cuba-promovida-por-la-jornada-y-difundida-por-amlo\/"},"wordCount":541,"commentCount":0,"publisher":{"@id":"https:\/\/www.sonoraenequipo.com.mx\/#organization"},"image":{"@id":"https:\/\/www.sonoraenequipo.com.mx\/sheinbaum-apoya-colecta-para-cuba-promovida-por-la-jornada-y-difundida-por-amlo\/#primaryimage"},"thumbnailUrl":"https:\/\/www.sonoraenequipo.com.mx\/storage\/2026\/03\/claudia-Sheinbaum-Pardo-1.jpg","articleSection":["Rep\u00fablica"],"inLanguage":"es","potentialAction":[{"@type":"CommentAction","name":"Comment","target":["https:\/\/www.sonoraenequipo.com.mx\/sheinbaum-apoya-colecta-para-cuba-promovida-por-la-jornada-y-difundida-por-amlo\/#respond"]}]},{"@type":"WebPage","@id":"https:\/\/www.sonoraenequipo.com.mx\/sheinbaum-apoya-colecta-para-cuba-promovida-por-la-jornada-y-difundida-por-amlo\/","url":"https:\/\/www.sonoraenequipo.com.mx\/sheinbaum-apoya-colecta-para-cuba-promovida-por-la-jornada-y-difundida-por-amlo\/","name":"Sonora en Equipo. Sheinbaum apoya colecta para Cuba promovida por 'La Jornada' y difundida por AMLO Rep\u00fablica","isPartOf":{"@id":"https:\/\/www.sonoraenequipo.com.mx\/#website"},"primaryImageOfPage":{"@id":"https:\/\/www.sonoraenequipo.com.mx\/sheinbaum-apoya-colecta-para-cuba-promovida-por-la-jornada-y-difundida-por-amlo\/#primaryimage"},"image":{"@id":"https:\/\/www.sonoraenequipo.com.mx\/sheinbaum-apoya-colecta-para-cuba-promovida-por-la-jornada-y-difundida-por-amlo\/#primaryimage"},"thumbnailUrl":"https:\/\/www.sonoraenequipo.com.mx\/storage\/2026\/03\/claudia-Sheinbaum-Pardo-1.jpg","datePublished":"2026-03-16T17:37:21+00:00","dateModified":"2026-03-17T01:14:47+00:00","description":"CIUDAD DE M\u00c9XICO. MX.\u2014 \u00a0De nueva cuenta, la presidenta Claudia Sheinbaum respald\u00f3 la iniciativa para recaudar fondos para apoyar al pueblo cubano que est\u00e1 En Sonora en Equipo publicamos toda la informaci\u00f3n de Sonora, M\u00e9xico y el Mundo de manera oportuna y busca que la libertad de expresi\u00f3n sea real. Visita nuestro medio informativo publicado desde Hermosillo, Sonora. %","breadcrumb":{"@id":"https:\/\/www.sonoraenequipo.com.mx\/sheinbaum-apoya-colecta-para-cuba-promovida-por-la-jornada-y-difundida-por-amlo\/#breadcrumb"},"inLanguage":"es","potentialAction":[{"@type":"ReadAction","target":["https:\/\/www.sonoraenequipo.com.mx\/sheinbaum-apoya-colecta-para-cuba-promovida-por-la-jornada-y-difundida-por-amlo\/"]}]},{"@type":"ImageObject","inLanguage":"es","@id":"https:\/\/www.sonoraenequipo.com.mx\/sheinbaum-apoya-colecta-para-cuba-promovida-por-la-jornada-y-difundida-por-amlo\/#primaryimage","url":"https:\/\/www.sonoraenequipo.com.mx\/storage\/2026\/03\/claudia-Sheinbaum-Pardo-1.jpg","contentUrl":"https:\/\/www.sonoraenequipo.com.mx\/storage\/2026\/03\/claudia-Sheinbaum-Pardo-1.jpg","width":1171,"height":687},{"@type":"BreadcrumbList","@id":"https:\/\/www.sonoraenequipo.com.mx\/sheinbaum-apoya-colecta-para-cuba-promovida-por-la-jornada-y-difundida-por-amlo\/#breadcrumb","itemListElement":[{"@type":"ListItem","position":1,"name":"Portada","item":"https:\/\/www.sonoraenequipo.com.mx\/"},{"@type":"ListItem","position":2,"name":"Sheinbaum apoya colecta para Cuba promovida por &#8216;La Jornada&#8217; y difundida por AMLO"}]},{"@type":"WebSite","@id":"https:\/\/www.sonoraenequipo.com.mx\/#website","url":"https:\/\/www.sonoraenequipo.com.mx\/","name":"Sonora en Equipo.","description":"Diario en l\u00ednea con Noticias desde Hermosillo, Sonora","publisher":{"@id":"https:\/\/www.sonoraenequipo.com.mx\/#organization"},"potentialAction":[{"@type":"SearchAction","target":{"@type":"EntryPoint","urlTemplate":"https:\/\/www.sonoraenequipo.com.mx\/?s={search_term_string}"},"query-input":{"@type":"PropertyValueSpecification","valueRequired":true,"valueName":"search_term_string"}}],"inLanguage":"es"},{"@type":"Organization","@id":"https:\/\/www.sonoraenequipo.com.mx\/#organization","name":"Sonoraenequipo.com.mx","url":"https:\/\/www.sonoraenequipo.com.mx\/","logo":{"@type":"ImageObject","inLanguage":"es","@id":"https:\/\/www.sonoraenequipo.com.mx\/#\/schema\/logo\/image\/","url":"https:\/\/www.sonoraenequipo.com.mx\/storage\/2019\/01\/sonoraenequipo_opt.png","contentUrl":"https:\/\/www.sonoraenequipo.com.mx\/storage\/2019\/01\/sonoraenequipo_opt.png","width":375,"height":125,"caption":"Sonoraenequipo.com.mx"},"image":{"@id":"https:\/\/www.sonoraenequipo.com.mx\/#\/schema\/logo\/image\/"},"sameAs":["https:\/\/www.facebook.com\/SonoraEE\/","https:\/\/x.com\/sonoraenequipo","https:\/\/www.youtube.com\/channel\/UC338nW-lPEYmJQs4ZABQ1SQ"]},{"@type":"Person","@id":"https:\/\/www.sonoraenequipo.com.mx\/#\/schema\/person\/50102df0fb23a8fa9e8effad8fa81386","name":"enequipo","image":{"@type":"ImageObject","inLanguage":"es","@id":"https:\/\/www.sonoraenequipo.com.mx\/#\/schema\/person\/image\/","url":"https:\/\/secure.gravatar.com\/avatar\/049821681b589dabc0bc20695993ccebb09f5b5d4d790cd9251b97faac7c652b?s=96&d=blank&r=g","contentUrl":"https:\/\/secure.gravatar.com\/avatar\/049821681b589dabc0bc20695993ccebb09f5b5d4d790cd9251b97faac7c652b?s=96&d=blank&r=g","caption":"enequipo"},"sameAs":["https:\/\/www.facebook.com\/SonoraEE"]}]}},"jetpack_featured_media_url":"https:\/\/www.sonoraenequipo.com.mx\/storage\/2026\/03\/claudia-Sheinbaum-Pardo-1.jpg","_links":{"self":[{"href":"https:\/\/www.sonoraenequipo.com.mx\/api\/wp\/v2\/posts\/237548","targetHints":{"allow":["GET"]}}],"collection":[{"href":"https:\/\/www.sonoraenequipo.com.mx\/api\/wp\/v2\/posts"}],"about":[{"href":"https:\/\/www.sonoraenequipo.com.mx\/api\/wp\/v2\/types\/post"}],"author":[{"embeddable":true,"href":"https:\/\/www.sonoraenequipo.com.mx\/api\/wp\/v2\/users\/1"}],"replies":[{"embeddable":true,"href":"https:\/\/www.sonoraenequipo.com.mx\/api\/wp\/v2\/comments?post=237548"}],"version-history":[{"count":1,"href":"https:\/\/www.sonoraenequipo.com.mx\/api\/wp\/v2\/posts\/237548\/revisions"}],"predecessor-version":[{"id":237549,"href":"https:\/\/www.sonoraenequipo.com.mx\/api\/wp\/v2\/posts\/237548\/revisions\/237549"}],"wp:featuredmedia":[{"embeddable":true,"href":"https:\/\/www.sonoraenequipo.com.mx\/api\/wp\/v2\/media\/237541"}],"wp:attachment":[{"href":"https:\/\/www.sonoraenequipo.com.mx\/api\/wp\/v2\/media?parent=237548"}],"wp:term":[{"taxonomy":"category","embeddable":true,"href":"https:\/\/www.sonoraenequipo.com.mx\/api\/wp\/v2\/categories?post=237548"},{"taxonomy":"post_tag","embeddable":true,"href":"https:\/\/www.sonoraenequipo.com.mx\/api\/wp\/v2\/tags?post=237548"}],"curies":[{"name":"wp","href":"https:\/\/api.w.org\/{rel}","templated":true}]}}