{"id":237553,"date":"2026-03-16T08:50:38","date_gmt":"2026-03-16T15:50:38","guid":{"rendered":"https:\/\/www.sonoraenequipo.com.mx\/?p=237553"},"modified":"2026-03-16T18:32:45","modified_gmt":"2026-03-17T01:32:45","slug":"sheinbaum-anuncia-apoyo-extraordinario-a-familias-de-militares-caidos-en-operativo-contra-el-mencho","status":"publish","type":"post","link":"https:\/\/www.sonoraenequipo.com.mx\/sheinbaum-anuncia-apoyo-extraordinario-a-familias-de-militares-caidos-en-operativo-contra-el-mencho\/","title":{"rendered":"Sheinbaum anuncia apoyo extraordinario a familias de militares ca\u00eddos en operativo contra \u201cEl Mencho\u201d"},"content":{"rendered":"<p><strong>CIUDAD DE M\u00c9XICO. MX.<\/strong> \u2014 La presidenta Claudia Sheinbaum, inform\u00f3 que las familias de los militares que murieron durante el operativo realizado en Tapalpa, Jalisco \u2014en el que perdi\u00f3 la vida Nemesio Oseguera Cervantes, se\u00f1alado como l\u00edder del C\u00e1rtel Jalisco Nueva Generaci\u00f3n\u2014 recibir\u00e1n un apoyo extraordinario por parte del Estado mexicano, adem\u00e1s de los beneficios institucionales previstos para los elementos ca\u00eddos en cumplimiento de su deber.<\/p>\n<p>&nbsp;<\/p>\n<p>&nbsp;<\/p>\n<p>&nbsp;<\/p>\n<p> <\/p>\n<p>Durante su conferencia, la mandataria explic\u00f3 que la semana pasada se llev\u00f3 a cabo un acto de reconocimiento y acompa\u00f1amiento a las familias de los militares fallecidos, en el que participaron altos mandos del gabinete de seguridad y autoridades federales.<\/p>\n<p>&nbsp;<\/p>\n<p>&nbsp;<\/p>\n<p>Sheinbaum detall\u00f3 que en la ceremonia estuvieron presentes el secretario de la Defensa Nacional, el comandante de la Guardia Nacional, el secretario de Marina, el secretario de Seguridad, la secretaria de Gobernaci\u00f3n y el director del Instituto de Seguridad Social para las Fuerzas Armadas Mexicanas.<\/p>\n<p>&nbsp;<\/p>\n<p>&nbsp;<\/p>\n<p>La presidenta subray\u00f3 que, adem\u00e1s de las prestaciones que corresponden por ley a los familiares de los militares ca\u00eddos, se determin\u00f3 otorgar apoyos adicionales, los cuales ser\u00e1n canalizados a trav\u00e9s del ISSFAM y de la Comisi\u00f3n Ejecutiva de Atenci\u00f3n a V\u00edctimas.<\/p>\n<p>&nbsp;<\/p>\n<p>&nbsp;<\/p>\n<p><em><strong>\u201cCada familia va a recibir un apoyo extraordinario por parte no solamente del ISSFAM, sino tambi\u00e9n de la Comisi\u00f3n de V\u00edctimas\u201d,<\/strong><\/em> explic\u00f3.<\/p>\n<p>&nbsp;<\/p>\n<p>&nbsp;<\/p>\n<p>Asimismo, indic\u00f3 que algunas entidades federativas decidieron aportar recursos adicionales para respaldar a las familias de los elementos fallecidos, como parte de un gesto solidario ante la p\u00e9rdida.<\/p>\n<p>&nbsp;<\/p>\n<p>&nbsp;<\/p>\n<p>La mandataria describi\u00f3 el encuentro con los familiares como un momento profundamente emotivo y doloroso, al recordar que varios de los militares eran j\u00f3venes que decidieron servir al pa\u00eds.<\/p>\n<p>&nbsp;<\/p>\n<p>&nbsp;<\/p>\n<p><em><strong>\u201cMuchos de ellos muy j\u00f3venes. Fue muy emotivo y al mismo tiempo muy doloroso. J\u00f3venes que deciden entregar la vida por los dem\u00e1s\u201d,<\/strong><\/em> expres\u00f3.<\/p>\n<p>&nbsp;<\/p>\n<p>&nbsp;<\/p>\n<p>Sheinbaum confirm\u00f3 que convers\u00f3 personalmente con algunas de las familias de los militares ca\u00eddos; sin embargo, se\u00f1al\u00f3 que los detalles de esas conversaciones se mantendr\u00e1n en el \u00e1mbito privado por respeto a los deudos.<\/p>\n<p>&nbsp;<\/p>\n<p>&nbsp;<\/p>\n<p><strong><em>\u201cEso ya es un asunto entre las familias y la presidenta. Yo creo que hay que guardar respeto y siempre apoyarlos en todo lo que se necesite\u201d,<\/em><\/strong> puntualiz\u00f3.<\/p>\n<p>&nbsp;<\/p>\n<p>&nbsp;<\/p>\n<p>PUBLICADO EL 16 MARZO DE 2026 Con informaci\u00f3n de Carlos Mart\u00edn Guzm\u00e1n)<\/p>\n","protected":false},"excerpt":{"rendered":"<p>CIUDAD DE M\u00c9XICO. MX. \u2014 La presidenta Claudia Sheinbaum, inform\u00f3 que las familias de los&#8230;<\/p>\n","protected":false},"author":1,"featured_media":237544,"comment_status":"open","ping_status":"open","sticky":false,"template":"","format":"standard","meta":{"_monsterinsights_skip_tracking":false,"_monsterinsights_sitenote_active":false,"_monsterinsights_sitenote_note":"","_monsterinsights_sitenote_category":0,"footnotes":""},"categories":[5],"tags":[],"class_list":["post"],"yoast_head":" \n<title>Sonora en Equipo. Sheinbaum anuncia apoyo extraordinario a familias de militares ca\u00eddos en operativo contra \u201cEl Mencho\u201d Rep\u00fablica<\/title>\n<meta name=\"description\" content=\"CIUDAD DE M\u00c9XICO. MX. \u2014 La presidenta Claudia Sheinbaum, inform\u00f3 que las familias de los militares que murieron durante el operativo realizado en Tapalpa, En Sonora en Equipo publicamos toda la informaci\u00f3n de Sonora, M\u00e9xico y el Mundo de manera oportuna y busca que la libertad de expresi\u00f3n sea real. Visita nuestro medio informativo publicado desde Hermosillo, Sonora. %\" \/>\n<meta name=\"robots\" content=\"index, follow, max-snippet:-1, max-image-preview:large, max-video-preview:-1\" \/>\n<link rel=\"canonical\" href=\"https:\/\/www.sonoraenequipo.com.mx\/sheinbaum-anuncia-apoyo-extraordinario-a-familias-de-militares-caidos-en-operativo-contra-el-mencho\/\" \/>\n<meta property=\"og:locale\" content=\"es_ES\" \/>\n<meta property=\"og:type\" content=\"article\" \/>\n<meta property=\"og:title\" content=\"Sonora en Equipo. Sheinbaum anuncia apoyo extraordinario a familias de militares ca\u00eddos en operativo contra \u201cEl Mencho\u201d Rep\u00fablica\" \/>\n<meta property=\"og:description\" content=\"CIUDAD DE M\u00c9XICO. MX. \u2014 La presidenta Claudia Sheinbaum, inform\u00f3 que las familias de los militares que murieron durante el operativo realizado en Tapalpa, En Sonora en Equipo publicamos toda la informaci\u00f3n de Sonora, M\u00e9xico y el Mundo de manera oportuna y busca que la libertad de expresi\u00f3n sea real. Visita nuestro medio informativo publicado desde Hermosillo, Sonora. %\" \/>\n<meta property=\"og:url\" content=\"https:\/\/www.sonoraenequipo.com.mx\/sheinbaum-anuncia-apoyo-extraordinario-a-familias-de-militares-caidos-en-operativo-contra-el-mencho\/\" \/>\n<meta property=\"og:site_name\" content=\"Sonora en Equipo.\" \/>\n<meta property=\"article:publisher\" content=\"https:\/\/www.facebook.com\/SonoraEE\/\" \/>\n<meta property=\"article:author\" content=\"https:\/\/www.facebook.com\/SonoraEE\" \/>\n<meta property=\"article:published_time\" content=\"2026-03-16T15:50:38+00:00\" \/>\n<meta property=\"article:modified_time\" content=\"2026-03-17T01:32:45+00:00\" \/>\n<meta property=\"og:image\" content=\"https:\/\/www.sonoraenequipo.com.mx\/storage\/2026\/03\/Homenaje-a-soldados-caidos-1.jpg\" \/>\n\t<meta property=\"og:image:width\" content=\"1000\" \/>\n\t<meta property=\"og:image:height\" content=\"502\" \/>\n\t<meta property=\"og:image:type\" content=\"image\/jpeg\" \/>\n<meta name=\"author\" content=\"enequipo\" \/>\n<meta name=\"twitter:card\" content=\"summary_large_image\" \/>\n<meta name=\"twitter:creator\" content=\"@sonoraenequipo\" \/>\n<meta name=\"twitter:site\" content=\"@sonoraenequipo\" \/>\n<meta name=\"twitter:label1\" content=\"Escrito por\" \/>\n\t<meta name=\"twitter:data1\" content=\"enequipo\" \/>\n\t<meta name=\"twitter:label2\" content=\"Tiempo de lectura\" \/>\n\t<meta name=\"twitter:data2\" content=\"2 minutos\" \/>\n<script type=\"application\/ld+json\" class=\"yoast-schema-graph\">{\"@context\":\"https:\/\/schema.org\",\"@graph\":[{\"@type\":\"Article\",\"@id\":\"https:\/\/www.sonoraenequipo.com.mx\/sheinbaum-anuncia-apoyo-extraordinario-a-familias-de-militares-caidos-en-operativo-contra-el-mencho\/#article\",\"isPartOf\":{\"@id\":\"https:\/\/www.sonoraenequipo.com.mx\/sheinbaum-anuncia-apoyo-extraordinario-a-familias-de-militares-caidos-en-operativo-contra-el-mencho\/\"},\"author\":{\"name\":\"enequipo\",\"@id\":\"https:\/\/www.sonoraenequipo.com.mx\/#\/schema\/person\/50102df0fb23a8fa9e8effad8fa81386\"},\"headline\":\"Sheinbaum anuncia apoyo extraordinario a familias de militares ca\u00eddos en operativo contra \u201cEl Mencho\u201d\",\"datePublished\":\"2026-03-16T15:50:38+00:00\",\"dateModified\":\"2026-03-17T01:32:45+00:00\",\"mainEntityOfPage\":{\"@id\":\"https:\/\/www.sonoraenequipo.com.mx\/sheinbaum-anuncia-apoyo-extraordinario-a-familias-de-militares-caidos-en-operativo-contra-el-mencho\/\"},\"wordCount\":434,\"commentCount\":0,\"publisher\":{\"@id\":\"https:\/\/www.sonoraenequipo.com.mx\/#organization\"},\"image\":{\"@id\":\"https:\/\/www.sonoraenequipo.com.mx\/sheinbaum-anuncia-apoyo-extraordinario-a-familias-de-militares-caidos-en-operativo-contra-el-mencho\/#primaryimage\"},\"thumbnailUrl\":\"https:\/\/www.sonoraenequipo.com.mx\/storage\/2026\/03\/Homenaje-a-soldados-caidos-1.jpg\",\"articleSection\":[\"Rep\u00fablica\"],\"inLanguage\":\"es\",\"potentialAction\":[{\"@type\":\"CommentAction\",\"name\":\"Comment\",\"target\":[\"https:\/\/www.sonoraenequipo.com.mx\/sheinbaum-anuncia-apoyo-extraordinario-a-familias-de-militares-caidos-en-operativo-contra-el-mencho\/#respond\"]}]},{\"@type\":\"WebPage\",\"@id\":\"https:\/\/www.sonoraenequipo.com.mx\/sheinbaum-anuncia-apoyo-extraordinario-a-familias-de-militares-caidos-en-operativo-contra-el-mencho\/\",\"url\":\"https:\/\/www.sonoraenequipo.com.mx\/sheinbaum-anuncia-apoyo-extraordinario-a-familias-de-militares-caidos-en-operativo-contra-el-mencho\/\",\"name\":\"Sonora en Equipo. Sheinbaum anuncia apoyo extraordinario a familias de militares ca\u00eddos en operativo contra \u201cEl Mencho\u201d Rep\u00fablica\",\"isPartOf\":{\"@id\":\"https:\/\/www.sonoraenequipo.com.mx\/#website\"},\"primaryImageOfPage\":{\"@id\":\"https:\/\/www.sonoraenequipo.com.mx\/sheinbaum-anuncia-apoyo-extraordinario-a-familias-de-militares-caidos-en-operativo-contra-el-mencho\/#primaryimage\"},\"image\":{\"@id\":\"https:\/\/www.sonoraenequipo.com.mx\/sheinbaum-anuncia-apoyo-extraordinario-a-familias-de-militares-caidos-en-operativo-contra-el-mencho\/#primaryimage\"},\"thumbnailUrl\":\"https:\/\/www.sonoraenequipo.com.mx\/storage\/2026\/03\/Homenaje-a-soldados-caidos-1.jpg\",\"datePublished\":\"2026-03-16T15:50:38+00:00\",\"dateModified\":\"2026-03-17T01:32:45+00:00\",\"description\":\"CIUDAD DE M\u00c9XICO. MX. \u2014 La presidenta Claudia Sheinbaum, inform\u00f3 que las familias de los militares que murieron durante el operativo realizado en Tapalpa, En Sonora en Equipo publicamos toda la informaci\u00f3n de Sonora, M\u00e9xico y el Mundo de manera oportuna y busca que la libertad de expresi\u00f3n sea real. Visita nuestro medio informativo publicado desde Hermosillo, Sonora. %\",\"breadcrumb\":{\"@id\":\"https:\/\/www.sonoraenequipo.com.mx\/sheinbaum-anuncia-apoyo-extraordinario-a-familias-de-militares-caidos-en-operativo-contra-el-mencho\/#breadcrumb\"},\"inLanguage\":\"es\",\"potentialAction\":[{\"@type\":\"ReadAction\",\"target\":[\"https:\/\/www.sonoraenequipo.com.mx\/sheinbaum-anuncia-apoyo-extraordinario-a-familias-de-militares-caidos-en-operativo-contra-el-mencho\/\"]}]},{\"@type\":\"ImageObject\",\"inLanguage\":\"es\",\"@id\":\"https:\/\/www.sonoraenequipo.com.mx\/sheinbaum-anuncia-apoyo-extraordinario-a-familias-de-militares-caidos-en-operativo-contra-el-mencho\/#primaryimage\",\"url\":\"https:\/\/www.sonoraenequipo.com.mx\/storage\/2026\/03\/Homenaje-a-soldados-caidos-1.jpg\",\"contentUrl\":\"https:\/\/www.sonoraenequipo.com.mx\/storage\/2026\/03\/Homenaje-a-soldados-caidos-1.jpg\",\"width\":1000,\"height\":502},{\"@type\":\"BreadcrumbList\",\"@id\":\"https:\/\/www.sonoraenequipo.com.mx\/sheinbaum-anuncia-apoyo-extraordinario-a-familias-de-militares-caidos-en-operativo-contra-el-mencho\/#breadcrumb\",\"itemListElement\":[{\"@type\":\"ListItem\",\"position\":1,\"name\":\"Portada\",\"item\":\"https:\/\/www.sonoraenequipo.com.mx\/\"},{\"@type\":\"ListItem\",\"position\":2,\"name\":\"Sheinbaum anuncia apoyo extraordinario a familias de militares ca\u00eddos en operativo contra \u201cEl Mencho\u201d\"}]},{\"@type\":\"WebSite\",\"@id\":\"https:\/\/www.sonoraenequipo.com.mx\/#website\",\"url\":\"https:\/\/www.sonoraenequipo.com.mx\/\",\"name\":\"Sonora en Equipo.\",\"description\":\"Diario en l\u00ednea con Noticias desde Hermosillo, Sonora\",\"publisher\":{\"@id\":\"https:\/\/www.sonoraenequipo.com.mx\/#organization\"},\"potentialAction\":[{\"@type\":\"SearchAction\",\"target\":{\"@type\":\"EntryPoint\",\"urlTemplate\":\"https:\/\/www.sonoraenequipo.com.mx\/?s={search_term_string}\"},\"query-input\":{\"@type\":\"PropertyValueSpecification\",\"valueRequired\":true,\"valueName\":\"search_term_string\"}}],\"inLanguage\":\"es\"},{\"@type\":\"Organization\",\"@id\":\"https:\/\/www.sonoraenequipo.com.mx\/#organization\",\"name\":\"Sonoraenequipo.com.mx\",\"url\":\"https:\/\/www.sonoraenequipo.com.mx\/\",\"logo\":{\"@type\":\"ImageObject\",\"inLanguage\":\"es\",\"@id\":\"https:\/\/www.sonoraenequipo.com.mx\/#\/schema\/logo\/image\/\",\"url\":\"https:\/\/www.sonoraenequipo.com.mx\/storage\/2019\/01\/sonoraenequipo_opt.png\",\"contentUrl\":\"https:\/\/www.sonoraenequipo.com.mx\/storage\/2019\/01\/sonoraenequipo_opt.png\",\"width\":375,\"height\":125,\"caption\":\"Sonoraenequipo.com.mx\"},\"image\":{\"@id\":\"https:\/\/www.sonoraenequipo.com.mx\/#\/schema\/logo\/image\/\"},\"sameAs\":[\"https:\/\/www.facebook.com\/SonoraEE\/\",\"https:\/\/x.com\/sonoraenequipo\",\"https:\/\/www.youtube.com\/channel\/UC338nW-lPEYmJQs4ZABQ1SQ\"]},{\"@type\":\"Person\",\"@id\":\"https:\/\/www.sonoraenequipo.com.mx\/#\/schema\/person\/50102df0fb23a8fa9e8effad8fa81386\",\"name\":\"enequipo\",\"image\":{\"@type\":\"ImageObject\",\"inLanguage\":\"es\",\"@id\":\"https:\/\/www.sonoraenequipo.com.mx\/#\/schema\/person\/image\/\",\"url\":\"https:\/\/secure.gravatar.com\/avatar\/049821681b589dabc0bc20695993ccebb09f5b5d4d790cd9251b97faac7c652b?s=96&d=blank&r=g\",\"contentUrl\":\"https:\/\/secure.gravatar.com\/avatar\/049821681b589dabc0bc20695993ccebb09f5b5d4d790cd9251b97faac7c652b?s=96&d=blank&r=g\",\"caption\":\"enequipo\"},\"sameAs\":[\"https:\/\/www.facebook.com\/SonoraEE\"]}]}<\/script>\n ","yoast_head_json":{"title":"Sonora en Equipo. Sheinbaum anuncia apoyo extraordinario a familias de militares ca\u00eddos en operativo contra \u201cEl Mencho\u201d Rep\u00fablica","description":"CIUDAD DE M\u00c9XICO. MX. \u2014 La presidenta Claudia Sheinbaum, inform\u00f3 que las familias de los militares que murieron durante el operativo realizado en Tapalpa, En Sonora en Equipo publicamos toda la informaci\u00f3n de Sonora, M\u00e9xico y el Mundo de manera oportuna y busca que la libertad de expresi\u00f3n sea real. Visita nuestro medio informativo publicado desde Hermosillo, Sonora. %","robots":{"index":"index","follow":"follow","max-snippet":"max-snippet:-1","max-image-preview":"max-image-preview:large","max-video-preview":"max-video-preview:-1"},"canonical":"https:\/\/www.sonoraenequipo.com.mx\/sheinbaum-anuncia-apoyo-extraordinario-a-familias-de-militares-caidos-en-operativo-contra-el-mencho\/","og_locale":"es_ES","og_type":"article","og_title":"Sonora en Equipo. Sheinbaum anuncia apoyo extraordinario a familias de militares ca\u00eddos en operativo contra \u201cEl Mencho\u201d Rep\u00fablica","og_description":"CIUDAD DE M\u00c9XICO. MX. \u2014 La presidenta Claudia Sheinbaum, inform\u00f3 que las familias de los militares que murieron durante el operativo realizado en Tapalpa, En Sonora en Equipo publicamos toda la informaci\u00f3n de Sonora, M\u00e9xico y el Mundo de manera oportuna y busca que la libertad de expresi\u00f3n sea real. Visita nuestro medio informativo publicado desde Hermosillo, Sonora. %","og_url":"https:\/\/www.sonoraenequipo.com.mx\/sheinbaum-anuncia-apoyo-extraordinario-a-familias-de-militares-caidos-en-operativo-contra-el-mencho\/","og_site_name":"Sonora en Equipo.","article_publisher":"https:\/\/www.facebook.com\/SonoraEE\/","article_author":"https:\/\/www.facebook.com\/SonoraEE","article_published_time":"2026-03-16T15:50:38+00:00","article_modified_time":"2026-03-17T01:32:45+00:00","og_image":[{"width":1000,"height":502,"url":"https:\/\/www.sonoraenequipo.com.mx\/storage\/2026\/03\/Homenaje-a-soldados-caidos-1.jpg","type":"image\/jpeg"}],"author":"enequipo","twitter_card":"summary_large_image","twitter_creator":"@sonoraenequipo","twitter_site":"@sonoraenequipo","twitter_misc":{"Escrito por":"enequipo","Tiempo de lectura":"2 minutos"},"schema":{"@context":"https:\/\/schema.org","@graph":[{"@type":"Article","@id":"https:\/\/www.sonoraenequipo.com.mx\/sheinbaum-anuncia-apoyo-extraordinario-a-familias-de-militares-caidos-en-operativo-contra-el-mencho\/#article","isPartOf":{"@id":"https:\/\/www.sonoraenequipo.com.mx\/sheinbaum-anuncia-apoyo-extraordinario-a-familias-de-militares-caidos-en-operativo-contra-el-mencho\/"},"author":{"name":"enequipo","@id":"https:\/\/www.sonoraenequipo.com.mx\/#\/schema\/person\/50102df0fb23a8fa9e8effad8fa81386"},"headline":"Sheinbaum anuncia apoyo extraordinario a familias de militares ca\u00eddos en operativo contra \u201cEl Mencho\u201d","datePublished":"2026-03-16T15:50:38+00:00","dateModified":"2026-03-17T01:32:45+00:00","mainEntityOfPage":{"@id":"https:\/\/www.sonoraenequipo.com.mx\/sheinbaum-anuncia-apoyo-extraordinario-a-familias-de-militares-caidos-en-operativo-contra-el-mencho\/"},"wordCount":434,"commentCount":0,"publisher":{"@id":"https:\/\/www.sonoraenequipo.com.mx\/#organization"},"image":{"@id":"https:\/\/www.sonoraenequipo.com.mx\/sheinbaum-anuncia-apoyo-extraordinario-a-familias-de-militares-caidos-en-operativo-contra-el-mencho\/#primaryimage"},"thumbnailUrl":"https:\/\/www.sonoraenequipo.com.mx\/storage\/2026\/03\/Homenaje-a-soldados-caidos-1.jpg","articleSection":["Rep\u00fablica"],"inLanguage":"es","potentialAction":[{"@type":"CommentAction","name":"Comment","target":["https:\/\/www.sonoraenequipo.com.mx\/sheinbaum-anuncia-apoyo-extraordinario-a-familias-de-militares-caidos-en-operativo-contra-el-mencho\/#respond"]}]},{"@type":"WebPage","@id":"https:\/\/www.sonoraenequipo.com.mx\/sheinbaum-anuncia-apoyo-extraordinario-a-familias-de-militares-caidos-en-operativo-contra-el-mencho\/","url":"https:\/\/www.sonoraenequipo.com.mx\/sheinbaum-anuncia-apoyo-extraordinario-a-familias-de-militares-caidos-en-operativo-contra-el-mencho\/","name":"Sonora en Equipo. Sheinbaum anuncia apoyo extraordinario a familias de militares ca\u00eddos en operativo contra \u201cEl Mencho\u201d Rep\u00fablica","isPartOf":{"@id":"https:\/\/www.sonoraenequipo.com.mx\/#website"},"primaryImageOfPage":{"@id":"https:\/\/www.sonoraenequipo.com.mx\/sheinbaum-anuncia-apoyo-extraordinario-a-familias-de-militares-caidos-en-operativo-contra-el-mencho\/#primaryimage"},"image":{"@id":"https:\/\/www.sonoraenequipo.com.mx\/sheinbaum-anuncia-apoyo-extraordinario-a-familias-de-militares-caidos-en-operativo-contra-el-mencho\/#primaryimage"},"thumbnailUrl":"https:\/\/www.sonoraenequipo.com.mx\/storage\/2026\/03\/Homenaje-a-soldados-caidos-1.jpg","datePublished":"2026-03-16T15:50:38+00:00","dateModified":"2026-03-17T01:32:45+00:00","description":"CIUDAD DE M\u00c9XICO. MX. \u2014 La presidenta Claudia Sheinbaum, inform\u00f3 que las familias de los militares que murieron durante el operativo realizado en Tapalpa, En Sonora en Equipo publicamos toda la informaci\u00f3n de Sonora, M\u00e9xico y el Mundo de manera oportuna y busca que la libertad de expresi\u00f3n sea real. Visita nuestro medio informativo publicado desde Hermosillo, Sonora. %","breadcrumb":{"@id":"https:\/\/www.sonoraenequipo.com.mx\/sheinbaum-anuncia-apoyo-extraordinario-a-familias-de-militares-caidos-en-operativo-contra-el-mencho\/#breadcrumb"},"inLanguage":"es","potentialAction":[{"@type":"ReadAction","target":["https:\/\/www.sonoraenequipo.com.mx\/sheinbaum-anuncia-apoyo-extraordinario-a-familias-de-militares-caidos-en-operativo-contra-el-mencho\/"]}]},{"@type":"ImageObject","inLanguage":"es","@id":"https:\/\/www.sonoraenequipo.com.mx\/sheinbaum-anuncia-apoyo-extraordinario-a-familias-de-militares-caidos-en-operativo-contra-el-mencho\/#primaryimage","url":"https:\/\/www.sonoraenequipo.com.mx\/storage\/2026\/03\/Homenaje-a-soldados-caidos-1.jpg","contentUrl":"https:\/\/www.sonoraenequipo.com.mx\/storage\/2026\/03\/Homenaje-a-soldados-caidos-1.jpg","width":1000,"height":502},{"@type":"BreadcrumbList","@id":"https:\/\/www.sonoraenequipo.com.mx\/sheinbaum-anuncia-apoyo-extraordinario-a-familias-de-militares-caidos-en-operativo-contra-el-mencho\/#breadcrumb","itemListElement":[{"@type":"ListItem","position":1,"name":"Portada","item":"https:\/\/www.sonoraenequipo.com.mx\/"},{"@type":"ListItem","position":2,"name":"Sheinbaum anuncia apoyo extraordinario a familias de militares ca\u00eddos en operativo contra \u201cEl Mencho\u201d"}]},{"@type":"WebSite","@id":"https:\/\/www.sonoraenequipo.com.mx\/#website","url":"https:\/\/www.sonoraenequipo.com.mx\/","name":"Sonora en Equipo.","description":"Diario en l\u00ednea con Noticias desde Hermosillo, Sonora","publisher":{"@id":"https:\/\/www.sonoraenequipo.com.mx\/#organization"},"potentialAction":[{"@type":"SearchAction","target":{"@type":"EntryPoint","urlTemplate":"https:\/\/www.sonoraenequipo.com.mx\/?s={search_term_string}"},"query-input":{"@type":"PropertyValueSpecification","valueRequired":true,"valueName":"search_term_string"}}],"inLanguage":"es"},{"@type":"Organization","@id":"https:\/\/www.sonoraenequipo.com.mx\/#organization","name":"Sonoraenequipo.com.mx","url":"https:\/\/www.sonoraenequipo.com.mx\/","logo":{"@type":"ImageObject","inLanguage":"es","@id":"https:\/\/www.sonoraenequipo.com.mx\/#\/schema\/logo\/image\/","url":"https:\/\/www.sonoraenequipo.com.mx\/storage\/2019\/01\/sonoraenequipo_opt.png","contentUrl":"https:\/\/www.sonoraenequipo.com.mx\/storage\/2019\/01\/sonoraenequipo_opt.png","width":375,"height":125,"caption":"Sonoraenequipo.com.mx"},"image":{"@id":"https:\/\/www.sonoraenequipo.com.mx\/#\/schema\/logo\/image\/"},"sameAs":["https:\/\/www.facebook.com\/SonoraEE\/","https:\/\/x.com\/sonoraenequipo","https:\/\/www.youtube.com\/channel\/UC338nW-lPEYmJQs4ZABQ1SQ"]},{"@type":"Person","@id":"https:\/\/www.sonoraenequipo.com.mx\/#\/schema\/person\/50102df0fb23a8fa9e8effad8fa81386","name":"enequipo","image":{"@type":"ImageObject","inLanguage":"es","@id":"https:\/\/www.sonoraenequipo.com.mx\/#\/schema\/person\/image\/","url":"https:\/\/secure.gravatar.com\/avatar\/049821681b589dabc0bc20695993ccebb09f5b5d4d790cd9251b97faac7c652b?s=96&d=blank&r=g","contentUrl":"https:\/\/secure.gravatar.com\/avatar\/049821681b589dabc0bc20695993ccebb09f5b5d4d790cd9251b97faac7c652b?s=96&d=blank&r=g","caption":"enequipo"},"sameAs":["https:\/\/www.facebook.com\/SonoraEE"]}]}},"jetpack_featured_media_url":"https:\/\/www.sonoraenequipo.com.mx\/storage\/2026\/03\/Homenaje-a-soldados-caidos-1.jpg","_links":{"self":[{"href":"https:\/\/www.sonoraenequipo.com.mx\/api\/wp\/v2\/posts\/237553","targetHints":{"allow":["GET"]}}],"collection":[{"href":"https:\/\/www.sonoraenequipo.com.mx\/api\/wp\/v2\/posts"}],"about":[{"href":"https:\/\/www.sonoraenequipo.com.mx\/api\/wp\/v2\/types\/post"}],"author":[{"embeddable":true,"href":"https:\/\/www.sonoraenequipo.com.mx\/api\/wp\/v2\/users\/1"}],"replies":[{"embeddable":true,"href":"https:\/\/www.sonoraenequipo.com.mx\/api\/wp\/v2\/comments?post=237553"}],"version-history":[{"count":1,"href":"https:\/\/www.sonoraenequipo.com.mx\/api\/wp\/v2\/posts\/237553\/revisions"}],"predecessor-version":[{"id":237556,"href":"https:\/\/www.sonoraenequipo.com.mx\/api\/wp\/v2\/posts\/237553\/revisions\/237556"}],"wp:featuredmedia":[{"embeddable":true,"href":"https:\/\/www.sonoraenequipo.com.mx\/api\/wp\/v2\/media\/237544"}],"wp:attachment":[{"href":"https:\/\/www.sonoraenequipo.com.mx\/api\/wp\/v2\/media?parent=237553"}],"wp:term":[{"taxonomy":"category","embeddable":true,"href":"https:\/\/www.sonoraenequipo.com.mx\/api\/wp\/v2\/categories?post=237553"},{"taxonomy":"post_tag","embeddable":true,"href":"https:\/\/www.sonoraenequipo.com.mx\/api\/wp\/v2\/tags?post=237553"}],"curies":[{"name":"wp","href":"https:\/\/api.w.org\/{rel}","templated":true}]}}