{"id":237557,"date":"2026-03-16T14:20:53","date_gmt":"2026-03-16T21:20:53","guid":{"rendered":"https:\/\/www.sonoraenequipo.com.mx\/?p=237557"},"modified":"2026-03-16T18:47:35","modified_gmt":"2026-03-17T01:47:35","slug":"garcia-harfuch-se-reune-con-jefe-de-la-dea-en-washington-para-reforzar-combate-al-narco-y-trafico-de-armas","status":"publish","type":"post","link":"https:\/\/www.sonoraenequipo.com.mx\/garcia-harfuch-se-reune-con-jefe-de-la-dea-en-washington-para-reforzar-combate-al-narco-y-trafico-de-armas\/","title":{"rendered":"Garc\u00eda Harfuch se re\u00fane con jefe de la DEA en Washington para reforzar combate al narco y tr\u00e1fico de armas"},"content":{"rendered":"<p><strong>WASHINGTON, ESTADOS UNIDOS DEL NORTE DE AM\u00c9RICA. \u2014<\/strong>\u00a0El secretario de Seguridad y Protecci\u00f3n Ciudadana, Omar Garc\u00eda Harfuch, sostuvo un encuentro en Washington con el director de la Drug Enforcement Administration (DEA), Terrance Cole, con el objetivo de fortalecer la cooperaci\u00f3n bilateral entre M\u00e9xico y Estados Unidos en el combate al narcotr\u00e1fico, el tr\u00e1fico de armas y la violencia.<\/p>\n<p>&nbsp;<\/p>\n<p>&nbsp;<\/p>\n<p> <\/p>\n<p>A trav\u00e9s de un mensaje difundido en redes sociales, el funcionario inform\u00f3 que acudi\u00f3 a Washington, D.C. en representaci\u00f3n del Gabinete de Seguridad para dialogar con el titular de la agencia antidrogas estadounidense sobre acciones conjuntas para enfrentar los principales desaf\u00edos en materia de seguridad que afectan a ambos pa\u00edses.<\/p>\n<p>&nbsp;<\/p>\n<p>&nbsp;<\/p>\n<p>Garc\u00eda Harfuch se\u00f1al\u00f3 que uno de los ejes centrales de la reuni\u00f3n fue la necesidad de reforzar la coordinaci\u00f3n para combatir el narcotr\u00e1fico, as\u00ed como detener el flujo ilegal de armas hacia territorio mexicano, fen\u00f3meno que ha sido identificado por el gobierno federal como un factor clave en el incremento de la violencia en distintas regiones del pa\u00eds.<\/p>\n<p>&nbsp;<\/p>\n<p>&nbsp;<\/p>\n<p>El secretario tambi\u00e9n destac\u00f3 la importancia de avanzar en operativos y detenciones relevantes contra organizaciones criminales, como parte de una estrategia conjunta que permita debilitar las estructuras del crimen organizado que operan a ambos lados de la frontera.<\/p>\n<p>&nbsp;<\/p>\n<p>&nbsp;<\/p>\n<p><strong><em>\u201cEn Washington DC asist\u00ed en representaci\u00f3n del Gabinete de Seguridad para dialogar con el director de la DEA sobre la importancia de fortalecer la cooperaci\u00f3n bilateral para combatir el narcotr\u00e1fico, frenar el tr\u00e1fico de armas hacia nuestro pa\u00eds y disminuir la violencia con detenciones relevantes\u201d<\/em><\/strong>, expres\u00f3 el funcionario.<\/p>\n<p>&nbsp;<\/p>\n<p>&nbsp;<\/p>\n<p>Asimismo, subray\u00f3 que estas acciones responden a la instrucci\u00f3n de la presidenta de M\u00e9xico, Claudia Sheinbaum, de mantener y ampliar la coordinaci\u00f3n internacional en materia de seguridad.<\/p>\n<p>&nbsp;<\/p>\n<p>&nbsp;<\/p>\n<p><em><strong>\u201cSiguiendo la instrucci\u00f3n de la presidenta Claudia Sheinbaum, continuaremos fortaleciendo la cooperaci\u00f3n internacional\u201d,<\/strong> <\/em>a\u00f1adi\u00f3.<\/p>\n<p>&nbsp;<\/p>\n<p>&nbsp;<\/p>\n<p>PUBLICADO EL 16 MARZO DE 2026 Con informaci\u00f3n de Prensa Mexicana)<\/p>\n","protected":false},"excerpt":{"rendered":"<p>WASHINGTON, ESTADOS UNIDOS DEL NORTE DE AM\u00c9RICA. \u2014\u00a0El secretario de Seguridad y Protecci\u00f3n Ciudadana, Omar&#8230;<\/p>\n","protected":false},"author":1,"featured_media":237543,"comment_status":"open","ping_status":"open","sticky":false,"template":"","format":"standard","meta":{"_monsterinsights_skip_tracking":false,"_monsterinsights_sitenote_active":false,"_monsterinsights_sitenote_note":"","_monsterinsights_sitenote_category":0,"footnotes":""},"categories":[3],"tags":[],"class_list":["post"],"yoast_head":" \n<title>Sonora en Equipo. Garc\u00eda Harfuch se re\u00fane con jefe de la DEA en Washington para reforzar combate al narco y tr\u00e1fico de armas MUNDO<\/title>\n<meta name=\"description\" content=\"WASHINGTON, ESTADOS UNIDOS DEL NORTE DE AM\u00c9RICA. \u2014\u00a0El secretario de Seguridad y Protecci\u00f3n Ciudadana, Omar Garc\u00eda Harfuch, sostuvo un encuentro en En Sonora en Equipo publicamos toda la informaci\u00f3n de Sonora, M\u00e9xico y el Mundo de manera oportuna y busca que la libertad de expresi\u00f3n sea real. Visita nuestro medio informativo publicado desde Hermosillo, Sonora. %\" \/>\n<meta name=\"robots\" content=\"index, follow, max-snippet:-1, max-image-preview:large, max-video-preview:-1\" \/>\n<link rel=\"canonical\" href=\"https:\/\/www.sonoraenequipo.com.mx\/garcia-harfuch-se-reune-con-jefe-de-la-dea-en-washington-para-reforzar-combate-al-narco-y-trafico-de-armas\/\" \/>\n<meta property=\"og:locale\" content=\"es_ES\" \/>\n<meta property=\"og:type\" content=\"article\" \/>\n<meta property=\"og:title\" content=\"Sonora en Equipo. Garc\u00eda Harfuch se re\u00fane con jefe de la DEA en Washington para reforzar combate al narco y tr\u00e1fico de armas MUNDO\" \/>\n<meta property=\"og:description\" content=\"WASHINGTON, ESTADOS UNIDOS DEL NORTE DE AM\u00c9RICA. \u2014\u00a0El secretario de Seguridad y Protecci\u00f3n Ciudadana, Omar Garc\u00eda Harfuch, sostuvo un encuentro en En Sonora en Equipo publicamos toda la informaci\u00f3n de Sonora, M\u00e9xico y el Mundo de manera oportuna y busca que la libertad de expresi\u00f3n sea real. Visita nuestro medio informativo publicado desde Hermosillo, Sonora. %\" \/>\n<meta property=\"og:url\" content=\"https:\/\/www.sonoraenequipo.com.mx\/garcia-harfuch-se-reune-con-jefe-de-la-dea-en-washington-para-reforzar-combate-al-narco-y-trafico-de-armas\/\" \/>\n<meta property=\"og:site_name\" content=\"Sonora en Equipo.\" \/>\n<meta property=\"article:publisher\" content=\"https:\/\/www.facebook.com\/SonoraEE\/\" \/>\n<meta property=\"article:author\" content=\"https:\/\/www.facebook.com\/SonoraEE\" \/>\n<meta property=\"article:published_time\" content=\"2026-03-16T21:20:53+00:00\" \/>\n<meta property=\"article:modified_time\" content=\"2026-03-17T01:47:35+00:00\" \/>\n<meta property=\"og:image\" content=\"https:\/\/www.sonoraenequipo.com.mx\/storage\/2026\/03\/Garcia-Harfuch-se-reune-con-jefe-de-la-DEA-en-Washington-1.jpg\" \/>\n\t<meta property=\"og:image:width\" content=\"1000\" \/>\n\t<meta property=\"og:image:height\" content=\"524\" \/>\n\t<meta property=\"og:image:type\" content=\"image\/jpeg\" \/>\n<meta name=\"author\" content=\"enequipo\" \/>\n<meta name=\"twitter:card\" content=\"summary_large_image\" \/>\n<meta name=\"twitter:creator\" content=\"@sonoraenequipo\" \/>\n<meta name=\"twitter:site\" content=\"@sonoraenequipo\" \/>\n<meta name=\"twitter:label1\" content=\"Escrito por\" \/>\n\t<meta name=\"twitter:data1\" content=\"enequipo\" \/>\n\t<meta name=\"twitter:label2\" content=\"Tiempo de lectura\" \/>\n\t<meta name=\"twitter:data2\" content=\"2 minutos\" \/>\n<script type=\"application\/ld+json\" class=\"yoast-schema-graph\">{\"@context\":\"https:\/\/schema.org\",\"@graph\":[{\"@type\":\"Article\",\"@id\":\"https:\/\/www.sonoraenequipo.com.mx\/garcia-harfuch-se-reune-con-jefe-de-la-dea-en-washington-para-reforzar-combate-al-narco-y-trafico-de-armas\/#article\",\"isPartOf\":{\"@id\":\"https:\/\/www.sonoraenequipo.com.mx\/garcia-harfuch-se-reune-con-jefe-de-la-dea-en-washington-para-reforzar-combate-al-narco-y-trafico-de-armas\/\"},\"author\":{\"name\":\"enequipo\",\"@id\":\"https:\/\/www.sonoraenequipo.com.mx\/#\/schema\/person\/50102df0fb23a8fa9e8effad8fa81386\"},\"headline\":\"Garc\u00eda Harfuch se re\u00fane con jefe de la DEA en Washington para reforzar combate al narco y tr\u00e1fico de armas\",\"datePublished\":\"2026-03-16T21:20:53+00:00\",\"dateModified\":\"2026-03-17T01:47:35+00:00\",\"mainEntityOfPage\":{\"@id\":\"https:\/\/www.sonoraenequipo.com.mx\/garcia-harfuch-se-reune-con-jefe-de-la-dea-en-washington-para-reforzar-combate-al-narco-y-trafico-de-armas\/\"},\"wordCount\":371,\"commentCount\":0,\"publisher\":{\"@id\":\"https:\/\/www.sonoraenequipo.com.mx\/#organization\"},\"image\":{\"@id\":\"https:\/\/www.sonoraenequipo.com.mx\/garcia-harfuch-se-reune-con-jefe-de-la-dea-en-washington-para-reforzar-combate-al-narco-y-trafico-de-armas\/#primaryimage\"},\"thumbnailUrl\":\"https:\/\/www.sonoraenequipo.com.mx\/storage\/2026\/03\/Garcia-Harfuch-se-reune-con-jefe-de-la-DEA-en-Washington-1.jpg\",\"articleSection\":[\"MUNDO\"],\"inLanguage\":\"es\",\"potentialAction\":[{\"@type\":\"CommentAction\",\"name\":\"Comment\",\"target\":[\"https:\/\/www.sonoraenequipo.com.mx\/garcia-harfuch-se-reune-con-jefe-de-la-dea-en-washington-para-reforzar-combate-al-narco-y-trafico-de-armas\/#respond\"]}]},{\"@type\":\"WebPage\",\"@id\":\"https:\/\/www.sonoraenequipo.com.mx\/garcia-harfuch-se-reune-con-jefe-de-la-dea-en-washington-para-reforzar-combate-al-narco-y-trafico-de-armas\/\",\"url\":\"https:\/\/www.sonoraenequipo.com.mx\/garcia-harfuch-se-reune-con-jefe-de-la-dea-en-washington-para-reforzar-combate-al-narco-y-trafico-de-armas\/\",\"name\":\"Sonora en Equipo. Garc\u00eda Harfuch se re\u00fane con jefe de la DEA en Washington para reforzar combate al narco y tr\u00e1fico de armas MUNDO\",\"isPartOf\":{\"@id\":\"https:\/\/www.sonoraenequipo.com.mx\/#website\"},\"primaryImageOfPage\":{\"@id\":\"https:\/\/www.sonoraenequipo.com.mx\/garcia-harfuch-se-reune-con-jefe-de-la-dea-en-washington-para-reforzar-combate-al-narco-y-trafico-de-armas\/#primaryimage\"},\"image\":{\"@id\":\"https:\/\/www.sonoraenequipo.com.mx\/garcia-harfuch-se-reune-con-jefe-de-la-dea-en-washington-para-reforzar-combate-al-narco-y-trafico-de-armas\/#primaryimage\"},\"thumbnailUrl\":\"https:\/\/www.sonoraenequipo.com.mx\/storage\/2026\/03\/Garcia-Harfuch-se-reune-con-jefe-de-la-DEA-en-Washington-1.jpg\",\"datePublished\":\"2026-03-16T21:20:53+00:00\",\"dateModified\":\"2026-03-17T01:47:35+00:00\",\"description\":\"WASHINGTON, ESTADOS UNIDOS DEL NORTE DE AM\u00c9RICA. \u2014\u00a0El secretario de Seguridad y Protecci\u00f3n Ciudadana, Omar Garc\u00eda Harfuch, sostuvo un encuentro en En Sonora en Equipo publicamos toda la informaci\u00f3n de Sonora, M\u00e9xico y el Mundo de manera oportuna y busca que la libertad de expresi\u00f3n sea real. Visita nuestro medio informativo publicado desde Hermosillo, Sonora. %\",\"breadcrumb\":{\"@id\":\"https:\/\/www.sonoraenequipo.com.mx\/garcia-harfuch-se-reune-con-jefe-de-la-dea-en-washington-para-reforzar-combate-al-narco-y-trafico-de-armas\/#breadcrumb\"},\"inLanguage\":\"es\",\"potentialAction\":[{\"@type\":\"ReadAction\",\"target\":[\"https:\/\/www.sonoraenequipo.com.mx\/garcia-harfuch-se-reune-con-jefe-de-la-dea-en-washington-para-reforzar-combate-al-narco-y-trafico-de-armas\/\"]}]},{\"@type\":\"ImageObject\",\"inLanguage\":\"es\",\"@id\":\"https:\/\/www.sonoraenequipo.com.mx\/garcia-harfuch-se-reune-con-jefe-de-la-dea-en-washington-para-reforzar-combate-al-narco-y-trafico-de-armas\/#primaryimage\",\"url\":\"https:\/\/www.sonoraenequipo.com.mx\/storage\/2026\/03\/Garcia-Harfuch-se-reune-con-jefe-de-la-DEA-en-Washington-1.jpg\",\"contentUrl\":\"https:\/\/www.sonoraenequipo.com.mx\/storage\/2026\/03\/Garcia-Harfuch-se-reune-con-jefe-de-la-DEA-en-Washington-1.jpg\",\"width\":1000,\"height\":524},{\"@type\":\"BreadcrumbList\",\"@id\":\"https:\/\/www.sonoraenequipo.com.mx\/garcia-harfuch-se-reune-con-jefe-de-la-dea-en-washington-para-reforzar-combate-al-narco-y-trafico-de-armas\/#breadcrumb\",\"itemListElement\":[{\"@type\":\"ListItem\",\"position\":1,\"name\":\"Portada\",\"item\":\"https:\/\/www.sonoraenequipo.com.mx\/\"},{\"@type\":\"ListItem\",\"position\":2,\"name\":\"Garc\u00eda Harfuch se re\u00fane con jefe de la DEA en Washington para reforzar combate al narco y tr\u00e1fico de armas\"}]},{\"@type\":\"WebSite\",\"@id\":\"https:\/\/www.sonoraenequipo.com.mx\/#website\",\"url\":\"https:\/\/www.sonoraenequipo.com.mx\/\",\"name\":\"Sonora en Equipo.\",\"description\":\"Diario en l\u00ednea con Noticias desde Hermosillo, Sonora\",\"publisher\":{\"@id\":\"https:\/\/www.sonoraenequipo.com.mx\/#organization\"},\"potentialAction\":[{\"@type\":\"SearchAction\",\"target\":{\"@type\":\"EntryPoint\",\"urlTemplate\":\"https:\/\/www.sonoraenequipo.com.mx\/?s={search_term_string}\"},\"query-input\":{\"@type\":\"PropertyValueSpecification\",\"valueRequired\":true,\"valueName\":\"search_term_string\"}}],\"inLanguage\":\"es\"},{\"@type\":\"Organization\",\"@id\":\"https:\/\/www.sonoraenequipo.com.mx\/#organization\",\"name\":\"Sonoraenequipo.com.mx\",\"url\":\"https:\/\/www.sonoraenequipo.com.mx\/\",\"logo\":{\"@type\":\"ImageObject\",\"inLanguage\":\"es\",\"@id\":\"https:\/\/www.sonoraenequipo.com.mx\/#\/schema\/logo\/image\/\",\"url\":\"https:\/\/www.sonoraenequipo.com.mx\/storage\/2019\/01\/sonoraenequipo_opt.png\",\"contentUrl\":\"https:\/\/www.sonoraenequipo.com.mx\/storage\/2019\/01\/sonoraenequipo_opt.png\",\"width\":375,\"height\":125,\"caption\":\"Sonoraenequipo.com.mx\"},\"image\":{\"@id\":\"https:\/\/www.sonoraenequipo.com.mx\/#\/schema\/logo\/image\/\"},\"sameAs\":[\"https:\/\/www.facebook.com\/SonoraEE\/\",\"https:\/\/x.com\/sonoraenequipo\",\"https:\/\/www.youtube.com\/channel\/UC338nW-lPEYmJQs4ZABQ1SQ\"]},{\"@type\":\"Person\",\"@id\":\"https:\/\/www.sonoraenequipo.com.mx\/#\/schema\/person\/50102df0fb23a8fa9e8effad8fa81386\",\"name\":\"enequipo\",\"image\":{\"@type\":\"ImageObject\",\"inLanguage\":\"es\",\"@id\":\"https:\/\/www.sonoraenequipo.com.mx\/#\/schema\/person\/image\/\",\"url\":\"https:\/\/secure.gravatar.com\/avatar\/049821681b589dabc0bc20695993ccebb09f5b5d4d790cd9251b97faac7c652b?s=96&d=blank&r=g\",\"contentUrl\":\"https:\/\/secure.gravatar.com\/avatar\/049821681b589dabc0bc20695993ccebb09f5b5d4d790cd9251b97faac7c652b?s=96&d=blank&r=g\",\"caption\":\"enequipo\"},\"sameAs\":[\"https:\/\/www.facebook.com\/SonoraEE\"]}]}<\/script>\n ","yoast_head_json":{"title":"Sonora en Equipo. Garc\u00eda Harfuch se re\u00fane con jefe de la DEA en Washington para reforzar combate al narco y tr\u00e1fico de armas MUNDO","description":"WASHINGTON, ESTADOS UNIDOS DEL NORTE DE AM\u00c9RICA. \u2014\u00a0El secretario de Seguridad y Protecci\u00f3n Ciudadana, Omar Garc\u00eda Harfuch, sostuvo un encuentro en En Sonora en Equipo publicamos toda la informaci\u00f3n de Sonora, M\u00e9xico y el Mundo de manera oportuna y busca que la libertad de expresi\u00f3n sea real. Visita nuestro medio informativo publicado desde Hermosillo, Sonora. %","robots":{"index":"index","follow":"follow","max-snippet":"max-snippet:-1","max-image-preview":"max-image-preview:large","max-video-preview":"max-video-preview:-1"},"canonical":"https:\/\/www.sonoraenequipo.com.mx\/garcia-harfuch-se-reune-con-jefe-de-la-dea-en-washington-para-reforzar-combate-al-narco-y-trafico-de-armas\/","og_locale":"es_ES","og_type":"article","og_title":"Sonora en Equipo. Garc\u00eda Harfuch se re\u00fane con jefe de la DEA en Washington para reforzar combate al narco y tr\u00e1fico de armas MUNDO","og_description":"WASHINGTON, ESTADOS UNIDOS DEL NORTE DE AM\u00c9RICA. \u2014\u00a0El secretario de Seguridad y Protecci\u00f3n Ciudadana, Omar Garc\u00eda Harfuch, sostuvo un encuentro en En Sonora en Equipo publicamos toda la informaci\u00f3n de Sonora, M\u00e9xico y el Mundo de manera oportuna y busca que la libertad de expresi\u00f3n sea real. Visita nuestro medio informativo publicado desde Hermosillo, Sonora. %","og_url":"https:\/\/www.sonoraenequipo.com.mx\/garcia-harfuch-se-reune-con-jefe-de-la-dea-en-washington-para-reforzar-combate-al-narco-y-trafico-de-armas\/","og_site_name":"Sonora en Equipo.","article_publisher":"https:\/\/www.facebook.com\/SonoraEE\/","article_author":"https:\/\/www.facebook.com\/SonoraEE","article_published_time":"2026-03-16T21:20:53+00:00","article_modified_time":"2026-03-17T01:47:35+00:00","og_image":[{"width":1000,"height":524,"url":"https:\/\/www.sonoraenequipo.com.mx\/storage\/2026\/03\/Garcia-Harfuch-se-reune-con-jefe-de-la-DEA-en-Washington-1.jpg","type":"image\/jpeg"}],"author":"enequipo","twitter_card":"summary_large_image","twitter_creator":"@sonoraenequipo","twitter_site":"@sonoraenequipo","twitter_misc":{"Escrito por":"enequipo","Tiempo de lectura":"2 minutos"},"schema":{"@context":"https:\/\/schema.org","@graph":[{"@type":"Article","@id":"https:\/\/www.sonoraenequipo.com.mx\/garcia-harfuch-se-reune-con-jefe-de-la-dea-en-washington-para-reforzar-combate-al-narco-y-trafico-de-armas\/#article","isPartOf":{"@id":"https:\/\/www.sonoraenequipo.com.mx\/garcia-harfuch-se-reune-con-jefe-de-la-dea-en-washington-para-reforzar-combate-al-narco-y-trafico-de-armas\/"},"author":{"name":"enequipo","@id":"https:\/\/www.sonoraenequipo.com.mx\/#\/schema\/person\/50102df0fb23a8fa9e8effad8fa81386"},"headline":"Garc\u00eda Harfuch se re\u00fane con jefe de la DEA en Washington para reforzar combate al narco y tr\u00e1fico de armas","datePublished":"2026-03-16T21:20:53+00:00","dateModified":"2026-03-17T01:47:35+00:00","mainEntityOfPage":{"@id":"https:\/\/www.sonoraenequipo.com.mx\/garcia-harfuch-se-reune-con-jefe-de-la-dea-en-washington-para-reforzar-combate-al-narco-y-trafico-de-armas\/"},"wordCount":371,"commentCount":0,"publisher":{"@id":"https:\/\/www.sonoraenequipo.com.mx\/#organization"},"image":{"@id":"https:\/\/www.sonoraenequipo.com.mx\/garcia-harfuch-se-reune-con-jefe-de-la-dea-en-washington-para-reforzar-combate-al-narco-y-trafico-de-armas\/#primaryimage"},"thumbnailUrl":"https:\/\/www.sonoraenequipo.com.mx\/storage\/2026\/03\/Garcia-Harfuch-se-reune-con-jefe-de-la-DEA-en-Washington-1.jpg","articleSection":["MUNDO"],"inLanguage":"es","potentialAction":[{"@type":"CommentAction","name":"Comment","target":["https:\/\/www.sonoraenequipo.com.mx\/garcia-harfuch-se-reune-con-jefe-de-la-dea-en-washington-para-reforzar-combate-al-narco-y-trafico-de-armas\/#respond"]}]},{"@type":"WebPage","@id":"https:\/\/www.sonoraenequipo.com.mx\/garcia-harfuch-se-reune-con-jefe-de-la-dea-en-washington-para-reforzar-combate-al-narco-y-trafico-de-armas\/","url":"https:\/\/www.sonoraenequipo.com.mx\/garcia-harfuch-se-reune-con-jefe-de-la-dea-en-washington-para-reforzar-combate-al-narco-y-trafico-de-armas\/","name":"Sonora en Equipo. Garc\u00eda Harfuch se re\u00fane con jefe de la DEA en Washington para reforzar combate al narco y tr\u00e1fico de armas MUNDO","isPartOf":{"@id":"https:\/\/www.sonoraenequipo.com.mx\/#website"},"primaryImageOfPage":{"@id":"https:\/\/www.sonoraenequipo.com.mx\/garcia-harfuch-se-reune-con-jefe-de-la-dea-en-washington-para-reforzar-combate-al-narco-y-trafico-de-armas\/#primaryimage"},"image":{"@id":"https:\/\/www.sonoraenequipo.com.mx\/garcia-harfuch-se-reune-con-jefe-de-la-dea-en-washington-para-reforzar-combate-al-narco-y-trafico-de-armas\/#primaryimage"},"thumbnailUrl":"https:\/\/www.sonoraenequipo.com.mx\/storage\/2026\/03\/Garcia-Harfuch-se-reune-con-jefe-de-la-DEA-en-Washington-1.jpg","datePublished":"2026-03-16T21:20:53+00:00","dateModified":"2026-03-17T01:47:35+00:00","description":"WASHINGTON, ESTADOS UNIDOS DEL NORTE DE AM\u00c9RICA. \u2014\u00a0El secretario de Seguridad y Protecci\u00f3n Ciudadana, Omar Garc\u00eda Harfuch, sostuvo un encuentro en En Sonora en Equipo publicamos toda la informaci\u00f3n de Sonora, M\u00e9xico y el Mundo de manera oportuna y busca que la libertad de expresi\u00f3n sea real. Visita nuestro medio informativo publicado desde Hermosillo, Sonora. %","breadcrumb":{"@id":"https:\/\/www.sonoraenequipo.com.mx\/garcia-harfuch-se-reune-con-jefe-de-la-dea-en-washington-para-reforzar-combate-al-narco-y-trafico-de-armas\/#breadcrumb"},"inLanguage":"es","potentialAction":[{"@type":"ReadAction","target":["https:\/\/www.sonoraenequipo.com.mx\/garcia-harfuch-se-reune-con-jefe-de-la-dea-en-washington-para-reforzar-combate-al-narco-y-trafico-de-armas\/"]}]},{"@type":"ImageObject","inLanguage":"es","@id":"https:\/\/www.sonoraenequipo.com.mx\/garcia-harfuch-se-reune-con-jefe-de-la-dea-en-washington-para-reforzar-combate-al-narco-y-trafico-de-armas\/#primaryimage","url":"https:\/\/www.sonoraenequipo.com.mx\/storage\/2026\/03\/Garcia-Harfuch-se-reune-con-jefe-de-la-DEA-en-Washington-1.jpg","contentUrl":"https:\/\/www.sonoraenequipo.com.mx\/storage\/2026\/03\/Garcia-Harfuch-se-reune-con-jefe-de-la-DEA-en-Washington-1.jpg","width":1000,"height":524},{"@type":"BreadcrumbList","@id":"https:\/\/www.sonoraenequipo.com.mx\/garcia-harfuch-se-reune-con-jefe-de-la-dea-en-washington-para-reforzar-combate-al-narco-y-trafico-de-armas\/#breadcrumb","itemListElement":[{"@type":"ListItem","position":1,"name":"Portada","item":"https:\/\/www.sonoraenequipo.com.mx\/"},{"@type":"ListItem","position":2,"name":"Garc\u00eda Harfuch se re\u00fane con jefe de la DEA en Washington para reforzar combate al narco y tr\u00e1fico de armas"}]},{"@type":"WebSite","@id":"https:\/\/www.sonoraenequipo.com.mx\/#website","url":"https:\/\/www.sonoraenequipo.com.mx\/","name":"Sonora en Equipo.","description":"Diario en l\u00ednea con Noticias desde Hermosillo, Sonora","publisher":{"@id":"https:\/\/www.sonoraenequipo.com.mx\/#organization"},"potentialAction":[{"@type":"SearchAction","target":{"@type":"EntryPoint","urlTemplate":"https:\/\/www.sonoraenequipo.com.mx\/?s={search_term_string}"},"query-input":{"@type":"PropertyValueSpecification","valueRequired":true,"valueName":"search_term_string"}}],"inLanguage":"es"},{"@type":"Organization","@id":"https:\/\/www.sonoraenequipo.com.mx\/#organization","name":"Sonoraenequipo.com.mx","url":"https:\/\/www.sonoraenequipo.com.mx\/","logo":{"@type":"ImageObject","inLanguage":"es","@id":"https:\/\/www.sonoraenequipo.com.mx\/#\/schema\/logo\/image\/","url":"https:\/\/www.sonoraenequipo.com.mx\/storage\/2019\/01\/sonoraenequipo_opt.png","contentUrl":"https:\/\/www.sonoraenequipo.com.mx\/storage\/2019\/01\/sonoraenequipo_opt.png","width":375,"height":125,"caption":"Sonoraenequipo.com.mx"},"image":{"@id":"https:\/\/www.sonoraenequipo.com.mx\/#\/schema\/logo\/image\/"},"sameAs":["https:\/\/www.facebook.com\/SonoraEE\/","https:\/\/x.com\/sonoraenequipo","https:\/\/www.youtube.com\/channel\/UC338nW-lPEYmJQs4ZABQ1SQ"]},{"@type":"Person","@id":"https:\/\/www.sonoraenequipo.com.mx\/#\/schema\/person\/50102df0fb23a8fa9e8effad8fa81386","name":"enequipo","image":{"@type":"ImageObject","inLanguage":"es","@id":"https:\/\/www.sonoraenequipo.com.mx\/#\/schema\/person\/image\/","url":"https:\/\/secure.gravatar.com\/avatar\/049821681b589dabc0bc20695993ccebb09f5b5d4d790cd9251b97faac7c652b?s=96&d=blank&r=g","contentUrl":"https:\/\/secure.gravatar.com\/avatar\/049821681b589dabc0bc20695993ccebb09f5b5d4d790cd9251b97faac7c652b?s=96&d=blank&r=g","caption":"enequipo"},"sameAs":["https:\/\/www.facebook.com\/SonoraEE"]}]}},"jetpack_featured_media_url":"https:\/\/www.sonoraenequipo.com.mx\/storage\/2026\/03\/Garcia-Harfuch-se-reune-con-jefe-de-la-DEA-en-Washington-1.jpg","_links":{"self":[{"href":"https:\/\/www.sonoraenequipo.com.mx\/api\/wp\/v2\/posts\/237557","targetHints":{"allow":["GET"]}}],"collection":[{"href":"https:\/\/www.sonoraenequipo.com.mx\/api\/wp\/v2\/posts"}],"about":[{"href":"https:\/\/www.sonoraenequipo.com.mx\/api\/wp\/v2\/types\/post"}],"author":[{"embeddable":true,"href":"https:\/\/www.sonoraenequipo.com.mx\/api\/wp\/v2\/users\/1"}],"replies":[{"embeddable":true,"href":"https:\/\/www.sonoraenequipo.com.mx\/api\/wp\/v2\/comments?post=237557"}],"version-history":[{"count":3,"href":"https:\/\/www.sonoraenequipo.com.mx\/api\/wp\/v2\/posts\/237557\/revisions"}],"predecessor-version":[{"id":237565,"href":"https:\/\/www.sonoraenequipo.com.mx\/api\/wp\/v2\/posts\/237557\/revisions\/237565"}],"wp:featuredmedia":[{"embeddable":true,"href":"https:\/\/www.sonoraenequipo.com.mx\/api\/wp\/v2\/media\/237543"}],"wp:attachment":[{"href":"https:\/\/www.sonoraenequipo.com.mx\/api\/wp\/v2\/media?parent=237557"}],"wp:term":[{"taxonomy":"category","embeddable":true,"href":"https:\/\/www.sonoraenequipo.com.mx\/api\/wp\/v2\/categories?post=237557"},{"taxonomy":"post_tag","embeddable":true,"href":"https:\/\/www.sonoraenequipo.com.mx\/api\/wp\/v2\/tags?post=237557"}],"curies":[{"name":"wp","href":"https:\/\/api.w.org\/{rel}","templated":true}]}}