{"id":240484,"date":"2026-04-24T19:12:24","date_gmt":"2026-04-25T02:12:24","guid":{"rendered":"https:\/\/www.sonoraenequipo.com.mx\/?p=240484"},"modified":"2026-04-24T19:12:24","modified_gmt":"2026-04-25T02:12:24","slug":"tribunal-asesta-reves-a-politica-migratoria-de-trump","status":"publish","type":"post","link":"https:\/\/www.sonoraenequipo.com.mx\/tribunal-asesta-reves-a-politica-migratoria-de-trump\/","title":{"rendered":"Tribunal asesta rev\u00e9s \u00a0a pol\u00edtica migratoria de Trump"},"content":{"rendered":"<p>Un tribunal federal de apelaciones dictamin\u00f3 este viernes (24.04.2026) que la suspensi\u00f3n del asilo en la frontera sur emitida por el presidente estadounidense Donald Trump es ilegal, lo que supone un golpe a la pol\u00edtica migratoria de la Casa Blanca.<\/p>\n<p>&nbsp;<\/p>\n<p>El fallo se refiere a una proclamaci\u00f3n (212 f) que le permite al Ejecutivo estadounidense deportar sumariamente a los solicitantes de asilo que cruzan la frontera sin permitirles pedir protecci\u00f3n.<\/p>\n<p>&nbsp;<\/p>\n<p>La medida emitida por Trump el primer d\u00eda de su mandato citaba una \u00abinvasi\u00f3n\u201d como argumento para negar la protecci\u00f3n de asilo a personas en riesgo de persecuci\u00f3n, con lo que evad\u00eda la Ley de Inmigraci\u00f3n y Nacionalidad (INA).<\/p>\n<p>&nbsp;<\/p>\n<p>Pero un panel del\u00a0 Tribunal de Apelaciones del Distrito de sostuvo que el mandatario no puede eludir las leyes aprobadas por el Congreso que permiten a los extranjeros solicitar asilo.<\/p>\n<p>&nbsp;<\/p>\n<p>\u00abDenegar el asilo de un solo golpe, sin informaci\u00f3n alguna sobre los individuos afectados, ignora necesariamente todo riesgo de persecuci\u00f3n que estos enfrentan al ser obligados a regresar a su lugar de origen\u201d, escribi\u00f3 el tribunal en una extensa opini\u00f3n.<\/p>\n<p>&nbsp;<\/p>\n<p>La Casa Blanca ha destacado que las admisiones de solicitantes de asilo que han llegado a la frontera son casi nulas desde que Trump asumi\u00f3 su segundo t\u00e9rmino en enero de 2025.<\/p>\n<p><strong>Fecha de publicaci\u00f3n viernes 24 de abril de 2026\/DW<\/strong><\/p>\n","protected":false},"excerpt":{"rendered":"<p>Un tribunal federal de apelaciones dictamin\u00f3 este viernes (24.04.2026) que la suspensi\u00f3n del asilo en&#8230;<\/p>\n","protected":false},"author":1,"featured_media":237975,"comment_status":"open","ping_status":"open","sticky":false,"template":"","format":"standard","meta":{"_monsterinsights_skip_tracking":false,"_monsterinsights_sitenote_active":false,"_monsterinsights_sitenote_note":"","_monsterinsights_sitenote_category":0,"footnotes":""},"categories":[3],"tags":[1916,767,1898],"class_list":["post"],"yoast_head":" \n<title>Sonora en Equipo. Tribunal asesta rev\u00e9s \u00a0a pol\u00edtica migratoria de Trump MUNDO<\/title>\n<meta name=\"description\" content=\"Un tribunal federal de apelaciones dictamin\u00f3 este viernes (24.04.2026) que la suspensi\u00f3n del asilo en la frontera sur emitida por el presidente En Sonora en Equipo publicamos toda la informaci\u00f3n de Sonora, M\u00e9xico y el Mundo de manera oportuna y busca que la libertad de expresi\u00f3n sea real. Visita nuestro medio informativo publicado desde Hermosillo, Sonora. %\" \/>\n<meta name=\"robots\" content=\"index, follow, max-snippet:-1, max-image-preview:large, max-video-preview:-1\" \/>\n<link rel=\"canonical\" href=\"https:\/\/www.sonoraenequipo.com.mx\/tribunal-asesta-reves-a-politica-migratoria-de-trump\/\" \/>\n<meta property=\"og:locale\" content=\"es_ES\" \/>\n<meta property=\"og:type\" content=\"article\" \/>\n<meta property=\"og:title\" content=\"Sonora en Equipo. Tribunal asesta rev\u00e9s \u00a0a pol\u00edtica migratoria de Trump MUNDO\" \/>\n<meta property=\"og:description\" content=\"Un tribunal federal de apelaciones dictamin\u00f3 este viernes (24.04.2026) que la suspensi\u00f3n del asilo en la frontera sur emitida por el presidente En Sonora en Equipo publicamos toda la informaci\u00f3n de Sonora, M\u00e9xico y el Mundo de manera oportuna y busca que la libertad de expresi\u00f3n sea real. Visita nuestro medio informativo publicado desde Hermosillo, Sonora. %\" \/>\n<meta property=\"og:url\" content=\"https:\/\/www.sonoraenequipo.com.mx\/tribunal-asesta-reves-a-politica-migratoria-de-trump\/\" \/>\n<meta property=\"og:site_name\" content=\"Sonora en Equipo.\" \/>\n<meta property=\"article:publisher\" content=\"https:\/\/www.facebook.com\/SonoraEE\/\" \/>\n<meta property=\"article:author\" content=\"https:\/\/www.facebook.com\/SonoraEE\" \/>\n<meta property=\"article:published_time\" content=\"2026-04-25T02:12:24+00:00\" \/>\n<meta property=\"og:image\" content=\"https:\/\/www.sonoraenequipo.com.mx\/storage\/2026\/03\/trump.jpg\" \/>\n\t<meta property=\"og:image:width\" content=\"600\" \/>\n\t<meta property=\"og:image:height\" content=\"400\" \/>\n\t<meta property=\"og:image:type\" content=\"image\/jpeg\" \/>\n<meta name=\"author\" content=\"enequipo\" \/>\n<meta name=\"twitter:card\" content=\"summary_large_image\" \/>\n<meta name=\"twitter:creator\" content=\"@sonoraenequipo\" \/>\n<meta name=\"twitter:site\" content=\"@sonoraenequipo\" \/>\n<meta name=\"twitter:label1\" content=\"Escrito por\" \/>\n\t<meta name=\"twitter:data1\" content=\"enequipo\" \/>\n\t<meta name=\"twitter:label2\" content=\"Tiempo de lectura\" \/>\n\t<meta name=\"twitter:data2\" content=\"1 minuto\" \/>\n<script type=\"application\/ld+json\" class=\"yoast-schema-graph\">{\"@context\":\"https:\/\/schema.org\",\"@graph\":[{\"@type\":\"Article\",\"@id\":\"https:\/\/www.sonoraenequipo.com.mx\/tribunal-asesta-reves-a-politica-migratoria-de-trump\/#article\",\"isPartOf\":{\"@id\":\"https:\/\/www.sonoraenequipo.com.mx\/tribunal-asesta-reves-a-politica-migratoria-de-trump\/\"},\"author\":{\"name\":\"enequipo\",\"@id\":\"https:\/\/www.sonoraenequipo.com.mx\/#\/schema\/person\/50102df0fb23a8fa9e8effad8fa81386\"},\"headline\":\"Tribunal asesta rev\u00e9s \u00a0a pol\u00edtica migratoria de Trump\",\"datePublished\":\"2026-04-25T02:12:24+00:00\",\"mainEntityOfPage\":{\"@id\":\"https:\/\/www.sonoraenequipo.com.mx\/tribunal-asesta-reves-a-politica-migratoria-de-trump\/\"},\"wordCount\":246,\"commentCount\":0,\"publisher\":{\"@id\":\"https:\/\/www.sonoraenequipo.com.mx\/#organization\"},\"image\":{\"@id\":\"https:\/\/www.sonoraenequipo.com.mx\/tribunal-asesta-reves-a-politica-migratoria-de-trump\/#primaryimage\"},\"thumbnailUrl\":\"https:\/\/www.sonoraenequipo.com.mx\/storage\/2026\/03\/trump.jpg\",\"keywords\":[\"EE UU\",\"Migraci\u00f3n\",\"Trump\"],\"articleSection\":[\"MUNDO\"],\"inLanguage\":\"es\",\"potentialAction\":[{\"@type\":\"CommentAction\",\"name\":\"Comment\",\"target\":[\"https:\/\/www.sonoraenequipo.com.mx\/tribunal-asesta-reves-a-politica-migratoria-de-trump\/#respond\"]}]},{\"@type\":\"WebPage\",\"@id\":\"https:\/\/www.sonoraenequipo.com.mx\/tribunal-asesta-reves-a-politica-migratoria-de-trump\/\",\"url\":\"https:\/\/www.sonoraenequipo.com.mx\/tribunal-asesta-reves-a-politica-migratoria-de-trump\/\",\"name\":\"Sonora en Equipo. Tribunal asesta rev\u00e9s \u00a0a pol\u00edtica migratoria de Trump MUNDO\",\"isPartOf\":{\"@id\":\"https:\/\/www.sonoraenequipo.com.mx\/#website\"},\"primaryImageOfPage\":{\"@id\":\"https:\/\/www.sonoraenequipo.com.mx\/tribunal-asesta-reves-a-politica-migratoria-de-trump\/#primaryimage\"},\"image\":{\"@id\":\"https:\/\/www.sonoraenequipo.com.mx\/tribunal-asesta-reves-a-politica-migratoria-de-trump\/#primaryimage\"},\"thumbnailUrl\":\"https:\/\/www.sonoraenequipo.com.mx\/storage\/2026\/03\/trump.jpg\",\"datePublished\":\"2026-04-25T02:12:24+00:00\",\"description\":\"Un tribunal federal de apelaciones dictamin\u00f3 este viernes (24.04.2026) que la suspensi\u00f3n del asilo en la frontera sur emitida por el presidente En Sonora en Equipo publicamos toda la informaci\u00f3n de Sonora, M\u00e9xico y el Mundo de manera oportuna y busca que la libertad de expresi\u00f3n sea real. Visita nuestro medio informativo publicado desde Hermosillo, Sonora. %\",\"breadcrumb\":{\"@id\":\"https:\/\/www.sonoraenequipo.com.mx\/tribunal-asesta-reves-a-politica-migratoria-de-trump\/#breadcrumb\"},\"inLanguage\":\"es\",\"potentialAction\":[{\"@type\":\"ReadAction\",\"target\":[\"https:\/\/www.sonoraenequipo.com.mx\/tribunal-asesta-reves-a-politica-migratoria-de-trump\/\"]}]},{\"@type\":\"ImageObject\",\"inLanguage\":\"es\",\"@id\":\"https:\/\/www.sonoraenequipo.com.mx\/tribunal-asesta-reves-a-politica-migratoria-de-trump\/#primaryimage\",\"url\":\"https:\/\/www.sonoraenequipo.com.mx\/storage\/2026\/03\/trump.jpg\",\"contentUrl\":\"https:\/\/www.sonoraenequipo.com.mx\/storage\/2026\/03\/trump.jpg\",\"width\":600,\"height\":400},{\"@type\":\"BreadcrumbList\",\"@id\":\"https:\/\/www.sonoraenequipo.com.mx\/tribunal-asesta-reves-a-politica-migratoria-de-trump\/#breadcrumb\",\"itemListElement\":[{\"@type\":\"ListItem\",\"position\":1,\"name\":\"Portada\",\"item\":\"https:\/\/www.sonoraenequipo.com.mx\/\"},{\"@type\":\"ListItem\",\"position\":2,\"name\":\"Tribunal asesta rev\u00e9s \u00a0a pol\u00edtica migratoria de Trump\"}]},{\"@type\":\"WebSite\",\"@id\":\"https:\/\/www.sonoraenequipo.com.mx\/#website\",\"url\":\"https:\/\/www.sonoraenequipo.com.mx\/\",\"name\":\"Sonora en Equipo.\",\"description\":\"Diario en l\u00ednea con Noticias desde Hermosillo, Sonora\",\"publisher\":{\"@id\":\"https:\/\/www.sonoraenequipo.com.mx\/#organization\"},\"potentialAction\":[{\"@type\":\"SearchAction\",\"target\":{\"@type\":\"EntryPoint\",\"urlTemplate\":\"https:\/\/www.sonoraenequipo.com.mx\/?s={search_term_string}\"},\"query-input\":{\"@type\":\"PropertyValueSpecification\",\"valueRequired\":true,\"valueName\":\"search_term_string\"}}],\"inLanguage\":\"es\"},{\"@type\":\"Organization\",\"@id\":\"https:\/\/www.sonoraenequipo.com.mx\/#organization\",\"name\":\"Sonoraenequipo.com.mx\",\"url\":\"https:\/\/www.sonoraenequipo.com.mx\/\",\"logo\":{\"@type\":\"ImageObject\",\"inLanguage\":\"es\",\"@id\":\"https:\/\/www.sonoraenequipo.com.mx\/#\/schema\/logo\/image\/\",\"url\":\"https:\/\/www.sonoraenequipo.com.mx\/storage\/2019\/01\/sonoraenequipo_opt.png\",\"contentUrl\":\"https:\/\/www.sonoraenequipo.com.mx\/storage\/2019\/01\/sonoraenequipo_opt.png\",\"width\":375,\"height\":125,\"caption\":\"Sonoraenequipo.com.mx\"},\"image\":{\"@id\":\"https:\/\/www.sonoraenequipo.com.mx\/#\/schema\/logo\/image\/\"},\"sameAs\":[\"https:\/\/www.facebook.com\/SonoraEE\/\",\"https:\/\/x.com\/sonoraenequipo\",\"https:\/\/www.youtube.com\/channel\/UC338nW-lPEYmJQs4ZABQ1SQ\"]},{\"@type\":\"Person\",\"@id\":\"https:\/\/www.sonoraenequipo.com.mx\/#\/schema\/person\/50102df0fb23a8fa9e8effad8fa81386\",\"name\":\"enequipo\",\"image\":{\"@type\":\"ImageObject\",\"inLanguage\":\"es\",\"@id\":\"https:\/\/www.sonoraenequipo.com.mx\/#\/schema\/person\/image\/\",\"url\":\"https:\/\/secure.gravatar.com\/avatar\/049821681b589dabc0bc20695993ccebb09f5b5d4d790cd9251b97faac7c652b?s=96&d=blank&r=g\",\"contentUrl\":\"https:\/\/secure.gravatar.com\/avatar\/049821681b589dabc0bc20695993ccebb09f5b5d4d790cd9251b97faac7c652b?s=96&d=blank&r=g\",\"caption\":\"enequipo\"},\"sameAs\":[\"https:\/\/www.facebook.com\/SonoraEE\"]}]}<\/script>\n ","yoast_head_json":{"title":"Sonora en Equipo. Tribunal asesta rev\u00e9s \u00a0a pol\u00edtica migratoria de Trump MUNDO","description":"Un tribunal federal de apelaciones dictamin\u00f3 este viernes (24.04.2026) que la suspensi\u00f3n del asilo en la frontera sur emitida por el presidente En Sonora en Equipo publicamos toda la informaci\u00f3n de Sonora, M\u00e9xico y el Mundo de manera oportuna y busca que la libertad de expresi\u00f3n sea real. Visita nuestro medio informativo publicado desde Hermosillo, Sonora. %","robots":{"index":"index","follow":"follow","max-snippet":"max-snippet:-1","max-image-preview":"max-image-preview:large","max-video-preview":"max-video-preview:-1"},"canonical":"https:\/\/www.sonoraenequipo.com.mx\/tribunal-asesta-reves-a-politica-migratoria-de-trump\/","og_locale":"es_ES","og_type":"article","og_title":"Sonora en Equipo. Tribunal asesta rev\u00e9s \u00a0a pol\u00edtica migratoria de Trump MUNDO","og_description":"Un tribunal federal de apelaciones dictamin\u00f3 este viernes (24.04.2026) que la suspensi\u00f3n del asilo en la frontera sur emitida por el presidente En Sonora en Equipo publicamos toda la informaci\u00f3n de Sonora, M\u00e9xico y el Mundo de manera oportuna y busca que la libertad de expresi\u00f3n sea real. Visita nuestro medio informativo publicado desde Hermosillo, Sonora. %","og_url":"https:\/\/www.sonoraenequipo.com.mx\/tribunal-asesta-reves-a-politica-migratoria-de-trump\/","og_site_name":"Sonora en Equipo.","article_publisher":"https:\/\/www.facebook.com\/SonoraEE\/","article_author":"https:\/\/www.facebook.com\/SonoraEE","article_published_time":"2026-04-25T02:12:24+00:00","og_image":[{"width":600,"height":400,"url":"https:\/\/www.sonoraenequipo.com.mx\/storage\/2026\/03\/trump.jpg","type":"image\/jpeg"}],"author":"enequipo","twitter_card":"summary_large_image","twitter_creator":"@sonoraenequipo","twitter_site":"@sonoraenequipo","twitter_misc":{"Escrito por":"enequipo","Tiempo de lectura":"1 minuto"},"schema":{"@context":"https:\/\/schema.org","@graph":[{"@type":"Article","@id":"https:\/\/www.sonoraenequipo.com.mx\/tribunal-asesta-reves-a-politica-migratoria-de-trump\/#article","isPartOf":{"@id":"https:\/\/www.sonoraenequipo.com.mx\/tribunal-asesta-reves-a-politica-migratoria-de-trump\/"},"author":{"name":"enequipo","@id":"https:\/\/www.sonoraenequipo.com.mx\/#\/schema\/person\/50102df0fb23a8fa9e8effad8fa81386"},"headline":"Tribunal asesta rev\u00e9s \u00a0a pol\u00edtica migratoria de Trump","datePublished":"2026-04-25T02:12:24+00:00","mainEntityOfPage":{"@id":"https:\/\/www.sonoraenequipo.com.mx\/tribunal-asesta-reves-a-politica-migratoria-de-trump\/"},"wordCount":246,"commentCount":0,"publisher":{"@id":"https:\/\/www.sonoraenequipo.com.mx\/#organization"},"image":{"@id":"https:\/\/www.sonoraenequipo.com.mx\/tribunal-asesta-reves-a-politica-migratoria-de-trump\/#primaryimage"},"thumbnailUrl":"https:\/\/www.sonoraenequipo.com.mx\/storage\/2026\/03\/trump.jpg","keywords":["EE UU","Migraci\u00f3n","Trump"],"articleSection":["MUNDO"],"inLanguage":"es","potentialAction":[{"@type":"CommentAction","name":"Comment","target":["https:\/\/www.sonoraenequipo.com.mx\/tribunal-asesta-reves-a-politica-migratoria-de-trump\/#respond"]}]},{"@type":"WebPage","@id":"https:\/\/www.sonoraenequipo.com.mx\/tribunal-asesta-reves-a-politica-migratoria-de-trump\/","url":"https:\/\/www.sonoraenequipo.com.mx\/tribunal-asesta-reves-a-politica-migratoria-de-trump\/","name":"Sonora en Equipo. Tribunal asesta rev\u00e9s \u00a0a pol\u00edtica migratoria de Trump MUNDO","isPartOf":{"@id":"https:\/\/www.sonoraenequipo.com.mx\/#website"},"primaryImageOfPage":{"@id":"https:\/\/www.sonoraenequipo.com.mx\/tribunal-asesta-reves-a-politica-migratoria-de-trump\/#primaryimage"},"image":{"@id":"https:\/\/www.sonoraenequipo.com.mx\/tribunal-asesta-reves-a-politica-migratoria-de-trump\/#primaryimage"},"thumbnailUrl":"https:\/\/www.sonoraenequipo.com.mx\/storage\/2026\/03\/trump.jpg","datePublished":"2026-04-25T02:12:24+00:00","description":"Un tribunal federal de apelaciones dictamin\u00f3 este viernes (24.04.2026) que la suspensi\u00f3n del asilo en la frontera sur emitida por el presidente En Sonora en Equipo publicamos toda la informaci\u00f3n de Sonora, M\u00e9xico y el Mundo de manera oportuna y busca que la libertad de expresi\u00f3n sea real. Visita nuestro medio informativo publicado desde Hermosillo, Sonora. %","breadcrumb":{"@id":"https:\/\/www.sonoraenequipo.com.mx\/tribunal-asesta-reves-a-politica-migratoria-de-trump\/#breadcrumb"},"inLanguage":"es","potentialAction":[{"@type":"ReadAction","target":["https:\/\/www.sonoraenequipo.com.mx\/tribunal-asesta-reves-a-politica-migratoria-de-trump\/"]}]},{"@type":"ImageObject","inLanguage":"es","@id":"https:\/\/www.sonoraenequipo.com.mx\/tribunal-asesta-reves-a-politica-migratoria-de-trump\/#primaryimage","url":"https:\/\/www.sonoraenequipo.com.mx\/storage\/2026\/03\/trump.jpg","contentUrl":"https:\/\/www.sonoraenequipo.com.mx\/storage\/2026\/03\/trump.jpg","width":600,"height":400},{"@type":"BreadcrumbList","@id":"https:\/\/www.sonoraenequipo.com.mx\/tribunal-asesta-reves-a-politica-migratoria-de-trump\/#breadcrumb","itemListElement":[{"@type":"ListItem","position":1,"name":"Portada","item":"https:\/\/www.sonoraenequipo.com.mx\/"},{"@type":"ListItem","position":2,"name":"Tribunal asesta rev\u00e9s \u00a0a pol\u00edtica migratoria de Trump"}]},{"@type":"WebSite","@id":"https:\/\/www.sonoraenequipo.com.mx\/#website","url":"https:\/\/www.sonoraenequipo.com.mx\/","name":"Sonora en Equipo.","description":"Diario en l\u00ednea con Noticias desde Hermosillo, Sonora","publisher":{"@id":"https:\/\/www.sonoraenequipo.com.mx\/#organization"},"potentialAction":[{"@type":"SearchAction","target":{"@type":"EntryPoint","urlTemplate":"https:\/\/www.sonoraenequipo.com.mx\/?s={search_term_string}"},"query-input":{"@type":"PropertyValueSpecification","valueRequired":true,"valueName":"search_term_string"}}],"inLanguage":"es"},{"@type":"Organization","@id":"https:\/\/www.sonoraenequipo.com.mx\/#organization","name":"Sonoraenequipo.com.mx","url":"https:\/\/www.sonoraenequipo.com.mx\/","logo":{"@type":"ImageObject","inLanguage":"es","@id":"https:\/\/www.sonoraenequipo.com.mx\/#\/schema\/logo\/image\/","url":"https:\/\/www.sonoraenequipo.com.mx\/storage\/2019\/01\/sonoraenequipo_opt.png","contentUrl":"https:\/\/www.sonoraenequipo.com.mx\/storage\/2019\/01\/sonoraenequipo_opt.png","width":375,"height":125,"caption":"Sonoraenequipo.com.mx"},"image":{"@id":"https:\/\/www.sonoraenequipo.com.mx\/#\/schema\/logo\/image\/"},"sameAs":["https:\/\/www.facebook.com\/SonoraEE\/","https:\/\/x.com\/sonoraenequipo","https:\/\/www.youtube.com\/channel\/UC338nW-lPEYmJQs4ZABQ1SQ"]},{"@type":"Person","@id":"https:\/\/www.sonoraenequipo.com.mx\/#\/schema\/person\/50102df0fb23a8fa9e8effad8fa81386","name":"enequipo","image":{"@type":"ImageObject","inLanguage":"es","@id":"https:\/\/www.sonoraenequipo.com.mx\/#\/schema\/person\/image\/","url":"https:\/\/secure.gravatar.com\/avatar\/049821681b589dabc0bc20695993ccebb09f5b5d4d790cd9251b97faac7c652b?s=96&d=blank&r=g","contentUrl":"https:\/\/secure.gravatar.com\/avatar\/049821681b589dabc0bc20695993ccebb09f5b5d4d790cd9251b97faac7c652b?s=96&d=blank&r=g","caption":"enequipo"},"sameAs":["https:\/\/www.facebook.com\/SonoraEE"]}]}},"jetpack_featured_media_url":"https:\/\/www.sonoraenequipo.com.mx\/storage\/2026\/03\/trump.jpg","_links":{"self":[{"href":"https:\/\/www.sonoraenequipo.com.mx\/api\/wp\/v2\/posts\/240484","targetHints":{"allow":["GET"]}}],"collection":[{"href":"https:\/\/www.sonoraenequipo.com.mx\/api\/wp\/v2\/posts"}],"about":[{"href":"https:\/\/www.sonoraenequipo.com.mx\/api\/wp\/v2\/types\/post"}],"author":[{"embeddable":true,"href":"https:\/\/www.sonoraenequipo.com.mx\/api\/wp\/v2\/users\/1"}],"replies":[{"embeddable":true,"href":"https:\/\/www.sonoraenequipo.com.mx\/api\/wp\/v2\/comments?post=240484"}],"version-history":[{"count":1,"href":"https:\/\/www.sonoraenequipo.com.mx\/api\/wp\/v2\/posts\/240484\/revisions"}],"predecessor-version":[{"id":240485,"href":"https:\/\/www.sonoraenequipo.com.mx\/api\/wp\/v2\/posts\/240484\/revisions\/240485"}],"wp:featuredmedia":[{"embeddable":true,"href":"https:\/\/www.sonoraenequipo.com.mx\/api\/wp\/v2\/media\/237975"}],"wp:attachment":[{"href":"https:\/\/www.sonoraenequipo.com.mx\/api\/wp\/v2\/media?parent=240484"}],"wp:term":[{"taxonomy":"category","embeddable":true,"href":"https:\/\/www.sonoraenequipo.com.mx\/api\/wp\/v2\/categories?post=240484"},{"taxonomy":"post_tag","embeddable":true,"href":"https:\/\/www.sonoraenequipo.com.mx\/api\/wp\/v2\/tags?post=240484"}],"curies":[{"name":"wp","href":"https:\/\/api.w.org\/{rel}","templated":true}]}}