{"id":240498,"date":"2026-04-24T17:47:06","date_gmt":"2026-04-25T00:47:06","guid":{"rendered":"https:\/\/www.sonoraenequipo.com.mx\/?p=240498"},"modified":"2026-04-24T21:52:15","modified_gmt":"2026-04-25T04:52:15","slug":"contralmirante-fernando-farias-pedira-asilo-politico-en-argentina","status":"publish","type":"post","link":"https:\/\/www.sonoraenequipo.com.mx\/contralmirante-fernando-farias-pedira-asilo-politico-en-argentina\/","title":{"rendered":"Contralmirante Fernando Far\u00edas pedir\u00e1 asilo pol\u00edtico en Argentina"},"content":{"rendered":"<p><strong>CIUDAD DE M\u00c9XICO. MX. \u2014 <\/strong>\u00a0Porque presuntamente estar\u00eda en riesgo su vida, el Contralmirante Fernando Far\u00edas Laguna solicitar\u00e1 al gobierno argentino que le conceda asilo pol\u00edtico, y buscar\u00e1 con ello no ser entregado a la justicia mexicana para que sea juzgado por su presunta responsabilidad en los delitos de delincuencia organizada y huachicol fiscal.<\/p>\n<p>&nbsp;<\/p>\n<p>&nbsp;<\/p>\n<p> <\/p>\n<p>El que fuera alto mando de la Secretar\u00eda de Marina-Armada de M\u00e9xico (Semar), comparece ante autoridades argentinas luego de haber sido detenido y se analizar\u00e1 su situaci\u00f3n jur\u00eddica ya que ingres\u00f3 a Argentina con un pasaporte falso supuestamente emitido por el gobierno guatemalteco.<\/p>\n<p>&nbsp;<\/p>\n<p>&nbsp;<\/p>\n<p>&nbsp;<\/p>\n<p>La presidenta Claudia Sheinbaum declar\u00f3 este viernes en su conferencia de prensa que espera la deportaci\u00f3n de Far\u00edas Laguna, de lo contrario advirti\u00f3 que iniciar\u00e1 un proceso de extradici\u00f3n conforme al acuerdo de M\u00e9xico y Argentina en la materia.<\/p>\n<p>&nbsp;<\/p>\n<p>&nbsp;<\/p>\n<p>&nbsp;<\/p>\n<p>Far\u00edas Laguna quien es se\u00f1alado de encabezar una banda en la que participan miembros de la Semar, empresarios aduaneros, miembros de Aduanas de M\u00e9xico y empresas navieras dedicadas al traslado de combustible entre M\u00e9xico y Estados Unidos, huy\u00f3 de M\u00e9xico antes de ser detenido, como sucedi\u00f3 con su hermano Roberto, quien se desempe\u00f1aba como vicealmirante de la instituci\u00f3n naval mexicana.<\/p>\n<p>&nbsp;<\/p>\n<p>&nbsp;<\/p>\n<p>&nbsp;<\/p>\n<p>A los hermanos Far\u00edas Laguna se les se\u00f1ala como l\u00edderes de un grupo delictivo que proteg\u00eda el arribo de buques que transportaban millones de litros de combustible con pedimentos aduaneros que falsamente se\u00f1alaban que lo que se recib\u00eda en los puertos nacionales eran aditivos y no combustibles, con lo cual se evad\u00eda el pago de impuestos.<\/p>\n<p>&nbsp;<\/p>\n<p>&nbsp;<\/p>\n<p>&nbsp;<\/p>\n<p>Fernando y Manuel Roberto Far\u00edas Laguna son sobrinos pol\u00edticos del ex secretario de Marina, el almirante Rafael Ojeda Dur\u00e1n, forman parte de las 18 personas en contra de las que inicialmente la Fiscal\u00eda General de la Rep\u00fablica (FGR) obtuvo orden de aprehensi\u00f3n por huachicol fiscal, y de estos hermano, solamente Roberto se encuentra preso en el Centro Federal de Readaptaci\u00f3n Social (Cefereso) n\u00famero 1, Altiplano, en Almoloya de Ju\u00e1rez.<\/p>\n<p>&nbsp;<\/p>\n<p>&nbsp;<\/p>\n<p>&nbsp;<\/p>\n<p>Fuentes de la defensa de Fernando Far\u00edas confirmaron a La Jornada que son tres los argumentos en que los asesores jur\u00eddicos del ex miembro de la Semar solicitar\u00e1n el asilo pol\u00edtico, adem\u00e1s de se\u00f1alar que considera que su vida y la de su familia est\u00e1 en riesgo, se\u00f1alar\u00e1 que \u00ab<strong><em>no existen las garant\u00edas procesales y de respeto a sus derechos humanos en M\u00e9xico, ya que de 28 tomos de la investigaci\u00f3n, solamente se le han entregado 22, y hay partes testadas que no se han querido revelar, adem\u00e1s de que la Semar no ha entregado la informaci\u00f3n que se ha solicitado y que ser\u00eda \u00fatil para su defensa\u00bb<\/em><\/strong>, el tercer elemento es que debe enfrentar un proceso en Argentina por el uso de un documento (pasaporte) presuntamente falso.<\/p>\n<p>&nbsp;<\/p>\n<p>&nbsp;<\/p>\n<p>Las fuentes consultadas refirieron que en la comparecencia judicial que se lleva a cabo en Buenos Aires, Argentina, se desahoga una audiencia por el uso del pasaporte guatemalteco y no se ha tocado su posible deportaci\u00f3n o extradici\u00f3n a M\u00e9xico.<\/p>\n<p>&nbsp;<\/p>\n<p>&nbsp;<\/p>\n<p>PUBLICADO EL 24 DE ABRIL 2026 Con informaci\u00f3n de Gustavo Castillo Garc\u00eda y Afp)<\/p>\n","protected":false},"excerpt":{"rendered":"<p>CIUDAD DE M\u00c9XICO. MX. \u2014 \u00a0Porque presuntamente estar\u00eda en riesgo su vida, el Contralmirante Fernando&#8230;<\/p>\n","protected":false},"author":1,"featured_media":240493,"comment_status":"open","ping_status":"open","sticky":false,"template":"","format":"standard","meta":{"_monsterinsights_skip_tracking":false,"_monsterinsights_sitenote_active":false,"_monsterinsights_sitenote_note":"","_monsterinsights_sitenote_category":0,"footnotes":""},"categories":[5],"tags":[],"class_list":["post"],"yoast_head":" \n<title>Sonora en Equipo. Contralmirante Fernando Far\u00edas pedir\u00e1 asilo pol\u00edtico en Argentina Rep\u00fablica<\/title>\n<meta name=\"description\" content=\"CIUDAD DE M\u00c9XICO. MX. \u2014 \u00a0Porque presuntamente estar\u00eda en riesgo su vida, el Contralmirante Fernando Far\u00edas Laguna solicitar\u00e1 al gobierno argentino que le En Sonora en Equipo publicamos toda la informaci\u00f3n de Sonora, M\u00e9xico y el Mundo de manera oportuna y busca que la libertad de expresi\u00f3n sea real. Visita nuestro medio informativo publicado desde Hermosillo, Sonora. %\" \/>\n<meta name=\"robots\" content=\"index, follow, max-snippet:-1, max-image-preview:large, max-video-preview:-1\" \/>\n<link rel=\"canonical\" href=\"https:\/\/www.sonoraenequipo.com.mx\/contralmirante-fernando-farias-pedira-asilo-politico-en-argentina\/\" \/>\n<meta property=\"og:locale\" content=\"es_ES\" \/>\n<meta property=\"og:type\" content=\"article\" \/>\n<meta property=\"og:title\" content=\"Sonora en Equipo. Contralmirante Fernando Far\u00edas pedir\u00e1 asilo pol\u00edtico en Argentina Rep\u00fablica\" \/>\n<meta property=\"og:description\" content=\"CIUDAD DE M\u00c9XICO. MX. \u2014 \u00a0Porque presuntamente estar\u00eda en riesgo su vida, el Contralmirante Fernando Far\u00edas Laguna solicitar\u00e1 al gobierno argentino que le En Sonora en Equipo publicamos toda la informaci\u00f3n de Sonora, M\u00e9xico y el Mundo de manera oportuna y busca que la libertad de expresi\u00f3n sea real. Visita nuestro medio informativo publicado desde Hermosillo, Sonora. %\" \/>\n<meta property=\"og:url\" content=\"https:\/\/www.sonoraenequipo.com.mx\/contralmirante-fernando-farias-pedira-asilo-politico-en-argentina\/\" \/>\n<meta property=\"og:site_name\" content=\"Sonora en Equipo.\" \/>\n<meta property=\"article:publisher\" content=\"https:\/\/www.facebook.com\/SonoraEE\/\" \/>\n<meta property=\"article:author\" content=\"https:\/\/www.facebook.com\/SonoraEE\" \/>\n<meta property=\"article:published_time\" content=\"2026-04-25T00:47:06+00:00\" \/>\n<meta property=\"article:modified_time\" content=\"2026-04-25T04:52:15+00:00\" \/>\n<meta property=\"og:image\" content=\"https:\/\/www.sonoraenequipo.com.mx\/storage\/2026\/04\/Contralmirante-Fernando-Farias-pedira-asilo-politico-en-Argentina.jpg\" \/>\n\t<meta property=\"og:image:width\" content=\"1200\" \/>\n\t<meta property=\"og:image:height\" content=\"741\" \/>\n\t<meta property=\"og:image:type\" content=\"image\/jpeg\" \/>\n<meta name=\"author\" content=\"enequipo\" \/>\n<meta name=\"twitter:card\" content=\"summary_large_image\" \/>\n<meta name=\"twitter:creator\" content=\"@sonoraenequipo\" \/>\n<meta name=\"twitter:site\" content=\"@sonoraenequipo\" \/>\n<meta name=\"twitter:label1\" content=\"Escrito por\" \/>\n\t<meta name=\"twitter:data1\" content=\"enequipo\" \/>\n\t<meta name=\"twitter:label2\" content=\"Tiempo de lectura\" \/>\n\t<meta name=\"twitter:data2\" content=\"3 minutos\" \/>\n<script type=\"application\/ld+json\" class=\"yoast-schema-graph\">{\"@context\":\"https:\/\/schema.org\",\"@graph\":[{\"@type\":\"Article\",\"@id\":\"https:\/\/www.sonoraenequipo.com.mx\/contralmirante-fernando-farias-pedira-asilo-politico-en-argentina\/#article\",\"isPartOf\":{\"@id\":\"https:\/\/www.sonoraenequipo.com.mx\/contralmirante-fernando-farias-pedira-asilo-politico-en-argentina\/\"},\"author\":{\"name\":\"enequipo\",\"@id\":\"https:\/\/www.sonoraenequipo.com.mx\/#\/schema\/person\/50102df0fb23a8fa9e8effad8fa81386\"},\"headline\":\"Contralmirante Fernando Far\u00edas pedir\u00e1 asilo pol\u00edtico en Argentina\",\"datePublished\":\"2026-04-25T00:47:06+00:00\",\"dateModified\":\"2026-04-25T04:52:15+00:00\",\"mainEntityOfPage\":{\"@id\":\"https:\/\/www.sonoraenequipo.com.mx\/contralmirante-fernando-farias-pedira-asilo-politico-en-argentina\/\"},\"wordCount\":580,\"commentCount\":0,\"publisher\":{\"@id\":\"https:\/\/www.sonoraenequipo.com.mx\/#organization\"},\"image\":{\"@id\":\"https:\/\/www.sonoraenequipo.com.mx\/contralmirante-fernando-farias-pedira-asilo-politico-en-argentina\/#primaryimage\"},\"thumbnailUrl\":\"https:\/\/www.sonoraenequipo.com.mx\/storage\/2026\/04\/Contralmirante-Fernando-Farias-pedira-asilo-politico-en-Argentina.jpg\",\"articleSection\":[\"Rep\u00fablica\"],\"inLanguage\":\"es\",\"potentialAction\":[{\"@type\":\"CommentAction\",\"name\":\"Comment\",\"target\":[\"https:\/\/www.sonoraenequipo.com.mx\/contralmirante-fernando-farias-pedira-asilo-politico-en-argentina\/#respond\"]}]},{\"@type\":\"WebPage\",\"@id\":\"https:\/\/www.sonoraenequipo.com.mx\/contralmirante-fernando-farias-pedira-asilo-politico-en-argentina\/\",\"url\":\"https:\/\/www.sonoraenequipo.com.mx\/contralmirante-fernando-farias-pedira-asilo-politico-en-argentina\/\",\"name\":\"Sonora en Equipo. Contralmirante Fernando Far\u00edas pedir\u00e1 asilo pol\u00edtico en Argentina Rep\u00fablica\",\"isPartOf\":{\"@id\":\"https:\/\/www.sonoraenequipo.com.mx\/#website\"},\"primaryImageOfPage\":{\"@id\":\"https:\/\/www.sonoraenequipo.com.mx\/contralmirante-fernando-farias-pedira-asilo-politico-en-argentina\/#primaryimage\"},\"image\":{\"@id\":\"https:\/\/www.sonoraenequipo.com.mx\/contralmirante-fernando-farias-pedira-asilo-politico-en-argentina\/#primaryimage\"},\"thumbnailUrl\":\"https:\/\/www.sonoraenequipo.com.mx\/storage\/2026\/04\/Contralmirante-Fernando-Farias-pedira-asilo-politico-en-Argentina.jpg\",\"datePublished\":\"2026-04-25T00:47:06+00:00\",\"dateModified\":\"2026-04-25T04:52:15+00:00\",\"description\":\"CIUDAD DE M\u00c9XICO. MX. \u2014 \u00a0Porque presuntamente estar\u00eda en riesgo su vida, el Contralmirante Fernando Far\u00edas Laguna solicitar\u00e1 al gobierno argentino que le En Sonora en Equipo publicamos toda la informaci\u00f3n de Sonora, M\u00e9xico y el Mundo de manera oportuna y busca que la libertad de expresi\u00f3n sea real. Visita nuestro medio informativo publicado desde Hermosillo, Sonora. %\",\"breadcrumb\":{\"@id\":\"https:\/\/www.sonoraenequipo.com.mx\/contralmirante-fernando-farias-pedira-asilo-politico-en-argentina\/#breadcrumb\"},\"inLanguage\":\"es\",\"potentialAction\":[{\"@type\":\"ReadAction\",\"target\":[\"https:\/\/www.sonoraenequipo.com.mx\/contralmirante-fernando-farias-pedira-asilo-politico-en-argentina\/\"]}]},{\"@type\":\"ImageObject\",\"inLanguage\":\"es\",\"@id\":\"https:\/\/www.sonoraenequipo.com.mx\/contralmirante-fernando-farias-pedira-asilo-politico-en-argentina\/#primaryimage\",\"url\":\"https:\/\/www.sonoraenequipo.com.mx\/storage\/2026\/04\/Contralmirante-Fernando-Farias-pedira-asilo-politico-en-Argentina.jpg\",\"contentUrl\":\"https:\/\/www.sonoraenequipo.com.mx\/storage\/2026\/04\/Contralmirante-Fernando-Farias-pedira-asilo-politico-en-Argentina.jpg\",\"width\":1200,\"height\":741},{\"@type\":\"BreadcrumbList\",\"@id\":\"https:\/\/www.sonoraenequipo.com.mx\/contralmirante-fernando-farias-pedira-asilo-politico-en-argentina\/#breadcrumb\",\"itemListElement\":[{\"@type\":\"ListItem\",\"position\":1,\"name\":\"Portada\",\"item\":\"https:\/\/www.sonoraenequipo.com.mx\/\"},{\"@type\":\"ListItem\",\"position\":2,\"name\":\"Contralmirante Fernando Far\u00edas pedir\u00e1 asilo pol\u00edtico en Argentina\"}]},{\"@type\":\"WebSite\",\"@id\":\"https:\/\/www.sonoraenequipo.com.mx\/#website\",\"url\":\"https:\/\/www.sonoraenequipo.com.mx\/\",\"name\":\"Sonora en Equipo.\",\"description\":\"Diario en l\u00ednea con Noticias desde Hermosillo, Sonora\",\"publisher\":{\"@id\":\"https:\/\/www.sonoraenequipo.com.mx\/#organization\"},\"potentialAction\":[{\"@type\":\"SearchAction\",\"target\":{\"@type\":\"EntryPoint\",\"urlTemplate\":\"https:\/\/www.sonoraenequipo.com.mx\/?s={search_term_string}\"},\"query-input\":{\"@type\":\"PropertyValueSpecification\",\"valueRequired\":true,\"valueName\":\"search_term_string\"}}],\"inLanguage\":\"es\"},{\"@type\":\"Organization\",\"@id\":\"https:\/\/www.sonoraenequipo.com.mx\/#organization\",\"name\":\"Sonoraenequipo.com.mx\",\"url\":\"https:\/\/www.sonoraenequipo.com.mx\/\",\"logo\":{\"@type\":\"ImageObject\",\"inLanguage\":\"es\",\"@id\":\"https:\/\/www.sonoraenequipo.com.mx\/#\/schema\/logo\/image\/\",\"url\":\"https:\/\/www.sonoraenequipo.com.mx\/storage\/2019\/01\/sonoraenequipo_opt.png\",\"contentUrl\":\"https:\/\/www.sonoraenequipo.com.mx\/storage\/2019\/01\/sonoraenequipo_opt.png\",\"width\":375,\"height\":125,\"caption\":\"Sonoraenequipo.com.mx\"},\"image\":{\"@id\":\"https:\/\/www.sonoraenequipo.com.mx\/#\/schema\/logo\/image\/\"},\"sameAs\":[\"https:\/\/www.facebook.com\/SonoraEE\/\",\"https:\/\/x.com\/sonoraenequipo\",\"https:\/\/www.youtube.com\/channel\/UC338nW-lPEYmJQs4ZABQ1SQ\"]},{\"@type\":\"Person\",\"@id\":\"https:\/\/www.sonoraenequipo.com.mx\/#\/schema\/person\/50102df0fb23a8fa9e8effad8fa81386\",\"name\":\"enequipo\",\"image\":{\"@type\":\"ImageObject\",\"inLanguage\":\"es\",\"@id\":\"https:\/\/www.sonoraenequipo.com.mx\/#\/schema\/person\/image\/\",\"url\":\"https:\/\/secure.gravatar.com\/avatar\/049821681b589dabc0bc20695993ccebb09f5b5d4d790cd9251b97faac7c652b?s=96&d=blank&r=g\",\"contentUrl\":\"https:\/\/secure.gravatar.com\/avatar\/049821681b589dabc0bc20695993ccebb09f5b5d4d790cd9251b97faac7c652b?s=96&d=blank&r=g\",\"caption\":\"enequipo\"},\"sameAs\":[\"https:\/\/www.facebook.com\/SonoraEE\"]}]}<\/script>\n ","yoast_head_json":{"title":"Sonora en Equipo. Contralmirante Fernando Far\u00edas pedir\u00e1 asilo pol\u00edtico en Argentina Rep\u00fablica","description":"CIUDAD DE M\u00c9XICO. MX. \u2014 \u00a0Porque presuntamente estar\u00eda en riesgo su vida, el Contralmirante Fernando Far\u00edas Laguna solicitar\u00e1 al gobierno argentino que le En Sonora en Equipo publicamos toda la informaci\u00f3n de Sonora, M\u00e9xico y el Mundo de manera oportuna y busca que la libertad de expresi\u00f3n sea real. Visita nuestro medio informativo publicado desde Hermosillo, Sonora. %","robots":{"index":"index","follow":"follow","max-snippet":"max-snippet:-1","max-image-preview":"max-image-preview:large","max-video-preview":"max-video-preview:-1"},"canonical":"https:\/\/www.sonoraenequipo.com.mx\/contralmirante-fernando-farias-pedira-asilo-politico-en-argentina\/","og_locale":"es_ES","og_type":"article","og_title":"Sonora en Equipo. Contralmirante Fernando Far\u00edas pedir\u00e1 asilo pol\u00edtico en Argentina Rep\u00fablica","og_description":"CIUDAD DE M\u00c9XICO. MX. \u2014 \u00a0Porque presuntamente estar\u00eda en riesgo su vida, el Contralmirante Fernando Far\u00edas Laguna solicitar\u00e1 al gobierno argentino que le En Sonora en Equipo publicamos toda la informaci\u00f3n de Sonora, M\u00e9xico y el Mundo de manera oportuna y busca que la libertad de expresi\u00f3n sea real. Visita nuestro medio informativo publicado desde Hermosillo, Sonora. %","og_url":"https:\/\/www.sonoraenequipo.com.mx\/contralmirante-fernando-farias-pedira-asilo-politico-en-argentina\/","og_site_name":"Sonora en Equipo.","article_publisher":"https:\/\/www.facebook.com\/SonoraEE\/","article_author":"https:\/\/www.facebook.com\/SonoraEE","article_published_time":"2026-04-25T00:47:06+00:00","article_modified_time":"2026-04-25T04:52:15+00:00","og_image":[{"width":1200,"height":741,"url":"https:\/\/www.sonoraenequipo.com.mx\/storage\/2026\/04\/Contralmirante-Fernando-Farias-pedira-asilo-politico-en-Argentina.jpg","type":"image\/jpeg"}],"author":"enequipo","twitter_card":"summary_large_image","twitter_creator":"@sonoraenequipo","twitter_site":"@sonoraenequipo","twitter_misc":{"Escrito por":"enequipo","Tiempo de lectura":"3 minutos"},"schema":{"@context":"https:\/\/schema.org","@graph":[{"@type":"Article","@id":"https:\/\/www.sonoraenequipo.com.mx\/contralmirante-fernando-farias-pedira-asilo-politico-en-argentina\/#article","isPartOf":{"@id":"https:\/\/www.sonoraenequipo.com.mx\/contralmirante-fernando-farias-pedira-asilo-politico-en-argentina\/"},"author":{"name":"enequipo","@id":"https:\/\/www.sonoraenequipo.com.mx\/#\/schema\/person\/50102df0fb23a8fa9e8effad8fa81386"},"headline":"Contralmirante Fernando Far\u00edas pedir\u00e1 asilo pol\u00edtico en Argentina","datePublished":"2026-04-25T00:47:06+00:00","dateModified":"2026-04-25T04:52:15+00:00","mainEntityOfPage":{"@id":"https:\/\/www.sonoraenequipo.com.mx\/contralmirante-fernando-farias-pedira-asilo-politico-en-argentina\/"},"wordCount":580,"commentCount":0,"publisher":{"@id":"https:\/\/www.sonoraenequipo.com.mx\/#organization"},"image":{"@id":"https:\/\/www.sonoraenequipo.com.mx\/contralmirante-fernando-farias-pedira-asilo-politico-en-argentina\/#primaryimage"},"thumbnailUrl":"https:\/\/www.sonoraenequipo.com.mx\/storage\/2026\/04\/Contralmirante-Fernando-Farias-pedira-asilo-politico-en-Argentina.jpg","articleSection":["Rep\u00fablica"],"inLanguage":"es","potentialAction":[{"@type":"CommentAction","name":"Comment","target":["https:\/\/www.sonoraenequipo.com.mx\/contralmirante-fernando-farias-pedira-asilo-politico-en-argentina\/#respond"]}]},{"@type":"WebPage","@id":"https:\/\/www.sonoraenequipo.com.mx\/contralmirante-fernando-farias-pedira-asilo-politico-en-argentina\/","url":"https:\/\/www.sonoraenequipo.com.mx\/contralmirante-fernando-farias-pedira-asilo-politico-en-argentina\/","name":"Sonora en Equipo. Contralmirante Fernando Far\u00edas pedir\u00e1 asilo pol\u00edtico en Argentina Rep\u00fablica","isPartOf":{"@id":"https:\/\/www.sonoraenequipo.com.mx\/#website"},"primaryImageOfPage":{"@id":"https:\/\/www.sonoraenequipo.com.mx\/contralmirante-fernando-farias-pedira-asilo-politico-en-argentina\/#primaryimage"},"image":{"@id":"https:\/\/www.sonoraenequipo.com.mx\/contralmirante-fernando-farias-pedira-asilo-politico-en-argentina\/#primaryimage"},"thumbnailUrl":"https:\/\/www.sonoraenequipo.com.mx\/storage\/2026\/04\/Contralmirante-Fernando-Farias-pedira-asilo-politico-en-Argentina.jpg","datePublished":"2026-04-25T00:47:06+00:00","dateModified":"2026-04-25T04:52:15+00:00","description":"CIUDAD DE M\u00c9XICO. MX. \u2014 \u00a0Porque presuntamente estar\u00eda en riesgo su vida, el Contralmirante Fernando Far\u00edas Laguna solicitar\u00e1 al gobierno argentino que le En Sonora en Equipo publicamos toda la informaci\u00f3n de Sonora, M\u00e9xico y el Mundo de manera oportuna y busca que la libertad de expresi\u00f3n sea real. Visita nuestro medio informativo publicado desde Hermosillo, Sonora. %","breadcrumb":{"@id":"https:\/\/www.sonoraenequipo.com.mx\/contralmirante-fernando-farias-pedira-asilo-politico-en-argentina\/#breadcrumb"},"inLanguage":"es","potentialAction":[{"@type":"ReadAction","target":["https:\/\/www.sonoraenequipo.com.mx\/contralmirante-fernando-farias-pedira-asilo-politico-en-argentina\/"]}]},{"@type":"ImageObject","inLanguage":"es","@id":"https:\/\/www.sonoraenequipo.com.mx\/contralmirante-fernando-farias-pedira-asilo-politico-en-argentina\/#primaryimage","url":"https:\/\/www.sonoraenequipo.com.mx\/storage\/2026\/04\/Contralmirante-Fernando-Farias-pedira-asilo-politico-en-Argentina.jpg","contentUrl":"https:\/\/www.sonoraenequipo.com.mx\/storage\/2026\/04\/Contralmirante-Fernando-Farias-pedira-asilo-politico-en-Argentina.jpg","width":1200,"height":741},{"@type":"BreadcrumbList","@id":"https:\/\/www.sonoraenequipo.com.mx\/contralmirante-fernando-farias-pedira-asilo-politico-en-argentina\/#breadcrumb","itemListElement":[{"@type":"ListItem","position":1,"name":"Portada","item":"https:\/\/www.sonoraenequipo.com.mx\/"},{"@type":"ListItem","position":2,"name":"Contralmirante Fernando Far\u00edas pedir\u00e1 asilo pol\u00edtico en Argentina"}]},{"@type":"WebSite","@id":"https:\/\/www.sonoraenequipo.com.mx\/#website","url":"https:\/\/www.sonoraenequipo.com.mx\/","name":"Sonora en Equipo.","description":"Diario en l\u00ednea con Noticias desde Hermosillo, Sonora","publisher":{"@id":"https:\/\/www.sonoraenequipo.com.mx\/#organization"},"potentialAction":[{"@type":"SearchAction","target":{"@type":"EntryPoint","urlTemplate":"https:\/\/www.sonoraenequipo.com.mx\/?s={search_term_string}"},"query-input":{"@type":"PropertyValueSpecification","valueRequired":true,"valueName":"search_term_string"}}],"inLanguage":"es"},{"@type":"Organization","@id":"https:\/\/www.sonoraenequipo.com.mx\/#organization","name":"Sonoraenequipo.com.mx","url":"https:\/\/www.sonoraenequipo.com.mx\/","logo":{"@type":"ImageObject","inLanguage":"es","@id":"https:\/\/www.sonoraenequipo.com.mx\/#\/schema\/logo\/image\/","url":"https:\/\/www.sonoraenequipo.com.mx\/storage\/2019\/01\/sonoraenequipo_opt.png","contentUrl":"https:\/\/www.sonoraenequipo.com.mx\/storage\/2019\/01\/sonoraenequipo_opt.png","width":375,"height":125,"caption":"Sonoraenequipo.com.mx"},"image":{"@id":"https:\/\/www.sonoraenequipo.com.mx\/#\/schema\/logo\/image\/"},"sameAs":["https:\/\/www.facebook.com\/SonoraEE\/","https:\/\/x.com\/sonoraenequipo","https:\/\/www.youtube.com\/channel\/UC338nW-lPEYmJQs4ZABQ1SQ"]},{"@type":"Person","@id":"https:\/\/www.sonoraenequipo.com.mx\/#\/schema\/person\/50102df0fb23a8fa9e8effad8fa81386","name":"enequipo","image":{"@type":"ImageObject","inLanguage":"es","@id":"https:\/\/www.sonoraenequipo.com.mx\/#\/schema\/person\/image\/","url":"https:\/\/secure.gravatar.com\/avatar\/049821681b589dabc0bc20695993ccebb09f5b5d4d790cd9251b97faac7c652b?s=96&d=blank&r=g","contentUrl":"https:\/\/secure.gravatar.com\/avatar\/049821681b589dabc0bc20695993ccebb09f5b5d4d790cd9251b97faac7c652b?s=96&d=blank&r=g","caption":"enequipo"},"sameAs":["https:\/\/www.facebook.com\/SonoraEE"]}]}},"jetpack_featured_media_url":"https:\/\/www.sonoraenequipo.com.mx\/storage\/2026\/04\/Contralmirante-Fernando-Farias-pedira-asilo-politico-en-Argentina.jpg","_links":{"self":[{"href":"https:\/\/www.sonoraenequipo.com.mx\/api\/wp\/v2\/posts\/240498","targetHints":{"allow":["GET"]}}],"collection":[{"href":"https:\/\/www.sonoraenequipo.com.mx\/api\/wp\/v2\/posts"}],"about":[{"href":"https:\/\/www.sonoraenequipo.com.mx\/api\/wp\/v2\/types\/post"}],"author":[{"embeddable":true,"href":"https:\/\/www.sonoraenequipo.com.mx\/api\/wp\/v2\/users\/1"}],"replies":[{"embeddable":true,"href":"https:\/\/www.sonoraenequipo.com.mx\/api\/wp\/v2\/comments?post=240498"}],"version-history":[{"count":1,"href":"https:\/\/www.sonoraenequipo.com.mx\/api\/wp\/v2\/posts\/240498\/revisions"}],"predecessor-version":[{"id":240499,"href":"https:\/\/www.sonoraenequipo.com.mx\/api\/wp\/v2\/posts\/240498\/revisions\/240499"}],"wp:featuredmedia":[{"embeddable":true,"href":"https:\/\/www.sonoraenequipo.com.mx\/api\/wp\/v2\/media\/240493"}],"wp:attachment":[{"href":"https:\/\/www.sonoraenequipo.com.mx\/api\/wp\/v2\/media?parent=240498"}],"wp:term":[{"taxonomy":"category","embeddable":true,"href":"https:\/\/www.sonoraenequipo.com.mx\/api\/wp\/v2\/categories?post=240498"},{"taxonomy":"post_tag","embeddable":true,"href":"https:\/\/www.sonoraenequipo.com.mx\/api\/wp\/v2\/tags?post=240498"}],"curies":[{"name":"wp","href":"https:\/\/api.w.org\/{rel}","templated":true}]}}