{"id":240547,"date":"2026-04-25T18:31:44","date_gmt":"2026-04-26T01:31:44","guid":{"rendered":"https:\/\/www.sonoraenequipo.com.mx\/?p=240547"},"modified":"2026-04-25T18:31:44","modified_gmt":"2026-04-26T01:31:44","slug":"estudiantes-sonorenses-destacan-en-el-1er-encuentro-nacional-cultural-y-deportivo","status":"publish","type":"post","link":"https:\/\/www.sonoraenequipo.com.mx\/estudiantes-sonorenses-destacan-en-el-1er-encuentro-nacional-cultural-y-deportivo\/","title":{"rendered":"Estudiantes sonorenses destacan en el 1er Encuentro Nacional Cultural y Deportivo"},"content":{"rendered":"<p>&nbsp;<\/p>\n<p><strong>HERMOSILLO, SONORA, MX. \u2014<\/strong> Alumnos de la Universidad Tecnol\u00f3gica de Hermosillo (UTH) destacaron en la primera jornada del 1er Encuentro Nacional Cultural y Deportivo de las Universidades del Subsistema Tecnol\u00f3gico, que se lleva a cabo en Nayarit.<\/p>\n<p>&nbsp;<\/p>\n<p>&nbsp;<\/p>\n<p>&nbsp;<\/p>\n<p>Odalys Guadalupe Bustillos Liz\u00e1rraga, de la carrera de Gastronom\u00eda, compiti\u00f3 en taekwondo, categor\u00eda 46 kg, y obtuvo el oro con el acompa\u00f1amiento de su instructor Lorenzo Garc\u00eda Barreras.<\/p>\n<p>&nbsp;<\/p>\n<p>&nbsp;<\/p>\n<p>&nbsp;<\/p>\n<p>Por su parte, Sina\u00ed Sarahy Ruiz R\u00edos, quien actualmente cursa la carrera de Param\u00e9dico, obtuvo el oro en lanzamiento de bala, con el apoyo del docente Manuel Valdez.<\/p>\n<p>&nbsp;<\/p>\n<p>&nbsp;<\/p>\n<p>&nbsp;<\/p>\n<p>La delegaci\u00f3n de la UTH tambi\u00e9n se gan\u00f3 una medalla de bronce en la disciplina de canto, gracias a Javier Orlando Zazueta Valenzuela, estudiante de Ingenier\u00eda en Miner\u00eda, bajo la direcci\u00f3n del maestro Oscar Rivera. Dicho logro refrenda el valor de impulsar las actividades culturales tanto como las deportivas en los \u00e1mbitos escolares.<\/p>\n<p>&nbsp;<\/p>\n<p>&nbsp;<\/p>\n<p>&nbsp;<\/p>\n<p>El rector de la Universidad Tecnol\u00f3gica de Hermosillo (UTH), Abel Leyva Castellanos, detall\u00f3 que m\u00e1s de 60 j\u00f3venes participan en dicho encuentro nacional, acompa\u00f1ados de un equipo de docentes.<\/p>\n<p>&nbsp;<\/p>\n<p>&nbsp;<\/p>\n<p>&nbsp;<\/p>\n<p>Estas victorias son resultado del constante impulso al deporte en Sonora, fortalecido bajo la administraci\u00f3n del gobernador Alfonso Durazo, quien ha promovido el desarrollo de talentos j\u00f3venes a trav\u00e9s de apoyos, infraestructura y participaci\u00f3n en competencias nacionales.<\/p>\n<p><strong>Fecha de publicaci\u00f3n s\u00e1bado 25 de abril de 2026<\/strong><\/p>\n","protected":false},"excerpt":{"rendered":"<p>&nbsp; HERMOSILLO, SONORA, MX. \u2014 Alumnos de la Universidad Tecnol\u00f3gica de Hermosillo (UTH) destacaron en&#8230;<\/p>\n","protected":false},"author":1,"featured_media":240546,"comment_status":"open","ping_status":"open","sticky":false,"template":"","format":"standard","meta":{"_monsterinsights_skip_tracking":false,"_monsterinsights_sitenote_active":false,"_monsterinsights_sitenote_note":"","_monsterinsights_sitenote_category":0,"footnotes":""},"categories":[10],"tags":[12627],"class_list":["post"],"yoast_head":" \n<title>Sonora en Equipo. Estudiantes sonorenses destacan en el 1er Encuentro Nacional Cultural y Deportivo Deportes<\/title>\n<meta name=\"description\" content=\"&nbsp; HERMOSILLO, SONORA, MX. \u2014 Alumnos de la Universidad Tecnol\u00f3gica de Hermosillo (UTH) destacaron en la primera jornada del 1er Encuentro Nacional En Sonora en Equipo publicamos toda la informaci\u00f3n de Sonora, M\u00e9xico y el Mundo de manera oportuna y busca que la libertad de expresi\u00f3n sea real. Visita nuestro medio informativo publicado desde Hermosillo, Sonora. %\" \/>\n<meta name=\"robots\" content=\"index, follow, max-snippet:-1, max-image-preview:large, max-video-preview:-1\" \/>\n<link rel=\"canonical\" href=\"https:\/\/www.sonoraenequipo.com.mx\/estudiantes-sonorenses-destacan-en-el-1er-encuentro-nacional-cultural-y-deportivo\/\" \/>\n<meta property=\"og:locale\" content=\"es_ES\" \/>\n<meta property=\"og:type\" content=\"article\" \/>\n<meta property=\"og:title\" content=\"Sonora en Equipo. Estudiantes sonorenses destacan en el 1er Encuentro Nacional Cultural y Deportivo Deportes\" \/>\n<meta property=\"og:description\" content=\"&nbsp; HERMOSILLO, SONORA, MX. \u2014 Alumnos de la Universidad Tecnol\u00f3gica de Hermosillo (UTH) destacaron en la primera jornada del 1er Encuentro Nacional En Sonora en Equipo publicamos toda la informaci\u00f3n de Sonora, M\u00e9xico y el Mundo de manera oportuna y busca que la libertad de expresi\u00f3n sea real. Visita nuestro medio informativo publicado desde Hermosillo, Sonora. %\" \/>\n<meta property=\"og:url\" content=\"https:\/\/www.sonoraenequipo.com.mx\/estudiantes-sonorenses-destacan-en-el-1er-encuentro-nacional-cultural-y-deportivo\/\" \/>\n<meta property=\"og:site_name\" content=\"Sonora en Equipo.\" \/>\n<meta property=\"article:publisher\" content=\"https:\/\/www.facebook.com\/SonoraEE\/\" \/>\n<meta property=\"article:author\" content=\"https:\/\/www.facebook.com\/SonoraEE\" \/>\n<meta property=\"article:published_time\" content=\"2026-04-26T01:31:44+00:00\" \/>\n<meta property=\"og:image\" content=\"https:\/\/www.sonoraenequipo.com.mx\/storage\/2026\/04\/deportistas-ith.jpg\" \/>\n\t<meta property=\"og:image:width\" content=\"600\" \/>\n\t<meta property=\"og:image:height\" content=\"400\" \/>\n\t<meta property=\"og:image:type\" content=\"image\/jpeg\" \/>\n<meta name=\"author\" content=\"enequipo\" \/>\n<meta name=\"twitter:card\" content=\"summary_large_image\" \/>\n<meta name=\"twitter:creator\" content=\"@sonoraenequipo\" \/>\n<meta name=\"twitter:site\" content=\"@sonoraenequipo\" \/>\n<meta name=\"twitter:label1\" content=\"Escrito por\" \/>\n\t<meta name=\"twitter:data1\" content=\"enequipo\" \/>\n\t<meta name=\"twitter:label2\" content=\"Tiempo de lectura\" \/>\n\t<meta name=\"twitter:data2\" content=\"1 minuto\" \/>\n<script type=\"application\/ld+json\" class=\"yoast-schema-graph\">{\"@context\":\"https:\/\/schema.org\",\"@graph\":[{\"@type\":\"Article\",\"@id\":\"https:\/\/www.sonoraenequipo.com.mx\/estudiantes-sonorenses-destacan-en-el-1er-encuentro-nacional-cultural-y-deportivo\/#article\",\"isPartOf\":{\"@id\":\"https:\/\/www.sonoraenequipo.com.mx\/estudiantes-sonorenses-destacan-en-el-1er-encuentro-nacional-cultural-y-deportivo\/\"},\"author\":{\"name\":\"enequipo\",\"@id\":\"https:\/\/www.sonoraenequipo.com.mx\/#\/schema\/person\/50102df0fb23a8fa9e8effad8fa81386\"},\"headline\":\"Estudiantes sonorenses destacan en el 1er Encuentro Nacional Cultural y Deportivo\",\"datePublished\":\"2026-04-26T01:31:44+00:00\",\"mainEntityOfPage\":{\"@id\":\"https:\/\/www.sonoraenequipo.com.mx\/estudiantes-sonorenses-destacan-en-el-1er-encuentro-nacional-cultural-y-deportivo\/\"},\"wordCount\":267,\"commentCount\":0,\"publisher\":{\"@id\":\"https:\/\/www.sonoraenequipo.com.mx\/#organization\"},\"image\":{\"@id\":\"https:\/\/www.sonoraenequipo.com.mx\/estudiantes-sonorenses-destacan-en-el-1er-encuentro-nacional-cultural-y-deportivo\/#primaryimage\"},\"thumbnailUrl\":\"https:\/\/www.sonoraenequipo.com.mx\/storage\/2026\/04\/deportistas-ith.jpg\",\"keywords\":[\"deportes ith\"],\"articleSection\":[\"Deportes\"],\"inLanguage\":\"es\",\"potentialAction\":[{\"@type\":\"CommentAction\",\"name\":\"Comment\",\"target\":[\"https:\/\/www.sonoraenequipo.com.mx\/estudiantes-sonorenses-destacan-en-el-1er-encuentro-nacional-cultural-y-deportivo\/#respond\"]}]},{\"@type\":\"WebPage\",\"@id\":\"https:\/\/www.sonoraenequipo.com.mx\/estudiantes-sonorenses-destacan-en-el-1er-encuentro-nacional-cultural-y-deportivo\/\",\"url\":\"https:\/\/www.sonoraenequipo.com.mx\/estudiantes-sonorenses-destacan-en-el-1er-encuentro-nacional-cultural-y-deportivo\/\",\"name\":\"Sonora en Equipo. Estudiantes sonorenses destacan en el 1er Encuentro Nacional Cultural y Deportivo Deportes\",\"isPartOf\":{\"@id\":\"https:\/\/www.sonoraenequipo.com.mx\/#website\"},\"primaryImageOfPage\":{\"@id\":\"https:\/\/www.sonoraenequipo.com.mx\/estudiantes-sonorenses-destacan-en-el-1er-encuentro-nacional-cultural-y-deportivo\/#primaryimage\"},\"image\":{\"@id\":\"https:\/\/www.sonoraenequipo.com.mx\/estudiantes-sonorenses-destacan-en-el-1er-encuentro-nacional-cultural-y-deportivo\/#primaryimage\"},\"thumbnailUrl\":\"https:\/\/www.sonoraenequipo.com.mx\/storage\/2026\/04\/deportistas-ith.jpg\",\"datePublished\":\"2026-04-26T01:31:44+00:00\",\"description\":\"&nbsp; HERMOSILLO, SONORA, MX. \u2014 Alumnos de la Universidad Tecnol\u00f3gica de Hermosillo (UTH) destacaron en la primera jornada del 1er Encuentro Nacional En Sonora en Equipo publicamos toda la informaci\u00f3n de Sonora, M\u00e9xico y el Mundo de manera oportuna y busca que la libertad de expresi\u00f3n sea real. Visita nuestro medio informativo publicado desde Hermosillo, Sonora. %\",\"breadcrumb\":{\"@id\":\"https:\/\/www.sonoraenequipo.com.mx\/estudiantes-sonorenses-destacan-en-el-1er-encuentro-nacional-cultural-y-deportivo\/#breadcrumb\"},\"inLanguage\":\"es\",\"potentialAction\":[{\"@type\":\"ReadAction\",\"target\":[\"https:\/\/www.sonoraenequipo.com.mx\/estudiantes-sonorenses-destacan-en-el-1er-encuentro-nacional-cultural-y-deportivo\/\"]}]},{\"@type\":\"ImageObject\",\"inLanguage\":\"es\",\"@id\":\"https:\/\/www.sonoraenequipo.com.mx\/estudiantes-sonorenses-destacan-en-el-1er-encuentro-nacional-cultural-y-deportivo\/#primaryimage\",\"url\":\"https:\/\/www.sonoraenequipo.com.mx\/storage\/2026\/04\/deportistas-ith.jpg\",\"contentUrl\":\"https:\/\/www.sonoraenequipo.com.mx\/storage\/2026\/04\/deportistas-ith.jpg\",\"width\":600,\"height\":400},{\"@type\":\"BreadcrumbList\",\"@id\":\"https:\/\/www.sonoraenequipo.com.mx\/estudiantes-sonorenses-destacan-en-el-1er-encuentro-nacional-cultural-y-deportivo\/#breadcrumb\",\"itemListElement\":[{\"@type\":\"ListItem\",\"position\":1,\"name\":\"Portada\",\"item\":\"https:\/\/www.sonoraenequipo.com.mx\/\"},{\"@type\":\"ListItem\",\"position\":2,\"name\":\"Estudiantes sonorenses destacan en el 1er Encuentro Nacional Cultural y Deportivo\"}]},{\"@type\":\"WebSite\",\"@id\":\"https:\/\/www.sonoraenequipo.com.mx\/#website\",\"url\":\"https:\/\/www.sonoraenequipo.com.mx\/\",\"name\":\"Sonora en Equipo.\",\"description\":\"Diario en l\u00ednea con Noticias desde Hermosillo, Sonora\",\"publisher\":{\"@id\":\"https:\/\/www.sonoraenequipo.com.mx\/#organization\"},\"potentialAction\":[{\"@type\":\"SearchAction\",\"target\":{\"@type\":\"EntryPoint\",\"urlTemplate\":\"https:\/\/www.sonoraenequipo.com.mx\/?s={search_term_string}\"},\"query-input\":{\"@type\":\"PropertyValueSpecification\",\"valueRequired\":true,\"valueName\":\"search_term_string\"}}],\"inLanguage\":\"es\"},{\"@type\":\"Organization\",\"@id\":\"https:\/\/www.sonoraenequipo.com.mx\/#organization\",\"name\":\"Sonoraenequipo.com.mx\",\"url\":\"https:\/\/www.sonoraenequipo.com.mx\/\",\"logo\":{\"@type\":\"ImageObject\",\"inLanguage\":\"es\",\"@id\":\"https:\/\/www.sonoraenequipo.com.mx\/#\/schema\/logo\/image\/\",\"url\":\"https:\/\/www.sonoraenequipo.com.mx\/storage\/2019\/01\/sonoraenequipo_opt.png\",\"contentUrl\":\"https:\/\/www.sonoraenequipo.com.mx\/storage\/2019\/01\/sonoraenequipo_opt.png\",\"width\":375,\"height\":125,\"caption\":\"Sonoraenequipo.com.mx\"},\"image\":{\"@id\":\"https:\/\/www.sonoraenequipo.com.mx\/#\/schema\/logo\/image\/\"},\"sameAs\":[\"https:\/\/www.facebook.com\/SonoraEE\/\",\"https:\/\/x.com\/sonoraenequipo\",\"https:\/\/www.youtube.com\/channel\/UC338nW-lPEYmJQs4ZABQ1SQ\"]},{\"@type\":\"Person\",\"@id\":\"https:\/\/www.sonoraenequipo.com.mx\/#\/schema\/person\/50102df0fb23a8fa9e8effad8fa81386\",\"name\":\"enequipo\",\"image\":{\"@type\":\"ImageObject\",\"inLanguage\":\"es\",\"@id\":\"https:\/\/www.sonoraenequipo.com.mx\/#\/schema\/person\/image\/\",\"url\":\"https:\/\/secure.gravatar.com\/avatar\/049821681b589dabc0bc20695993ccebb09f5b5d4d790cd9251b97faac7c652b?s=96&d=blank&r=g\",\"contentUrl\":\"https:\/\/secure.gravatar.com\/avatar\/049821681b589dabc0bc20695993ccebb09f5b5d4d790cd9251b97faac7c652b?s=96&d=blank&r=g\",\"caption\":\"enequipo\"},\"sameAs\":[\"https:\/\/www.facebook.com\/SonoraEE\"]}]}<\/script>\n ","yoast_head_json":{"title":"Sonora en Equipo. Estudiantes sonorenses destacan en el 1er Encuentro Nacional Cultural y Deportivo Deportes","description":"&nbsp; HERMOSILLO, SONORA, MX. \u2014 Alumnos de la Universidad Tecnol\u00f3gica de Hermosillo (UTH) destacaron en la primera jornada del 1er Encuentro Nacional En Sonora en Equipo publicamos toda la informaci\u00f3n de Sonora, M\u00e9xico y el Mundo de manera oportuna y busca que la libertad de expresi\u00f3n sea real. Visita nuestro medio informativo publicado desde Hermosillo, Sonora. %","robots":{"index":"index","follow":"follow","max-snippet":"max-snippet:-1","max-image-preview":"max-image-preview:large","max-video-preview":"max-video-preview:-1"},"canonical":"https:\/\/www.sonoraenequipo.com.mx\/estudiantes-sonorenses-destacan-en-el-1er-encuentro-nacional-cultural-y-deportivo\/","og_locale":"es_ES","og_type":"article","og_title":"Sonora en Equipo. Estudiantes sonorenses destacan en el 1er Encuentro Nacional Cultural y Deportivo Deportes","og_description":"&nbsp; HERMOSILLO, SONORA, MX. \u2014 Alumnos de la Universidad Tecnol\u00f3gica de Hermosillo (UTH) destacaron en la primera jornada del 1er Encuentro Nacional En Sonora en Equipo publicamos toda la informaci\u00f3n de Sonora, M\u00e9xico y el Mundo de manera oportuna y busca que la libertad de expresi\u00f3n sea real. Visita nuestro medio informativo publicado desde Hermosillo, Sonora. %","og_url":"https:\/\/www.sonoraenequipo.com.mx\/estudiantes-sonorenses-destacan-en-el-1er-encuentro-nacional-cultural-y-deportivo\/","og_site_name":"Sonora en Equipo.","article_publisher":"https:\/\/www.facebook.com\/SonoraEE\/","article_author":"https:\/\/www.facebook.com\/SonoraEE","article_published_time":"2026-04-26T01:31:44+00:00","og_image":[{"width":600,"height":400,"url":"https:\/\/www.sonoraenequipo.com.mx\/storage\/2026\/04\/deportistas-ith.jpg","type":"image\/jpeg"}],"author":"enequipo","twitter_card":"summary_large_image","twitter_creator":"@sonoraenequipo","twitter_site":"@sonoraenequipo","twitter_misc":{"Escrito por":"enequipo","Tiempo de lectura":"1 minuto"},"schema":{"@context":"https:\/\/schema.org","@graph":[{"@type":"Article","@id":"https:\/\/www.sonoraenequipo.com.mx\/estudiantes-sonorenses-destacan-en-el-1er-encuentro-nacional-cultural-y-deportivo\/#article","isPartOf":{"@id":"https:\/\/www.sonoraenequipo.com.mx\/estudiantes-sonorenses-destacan-en-el-1er-encuentro-nacional-cultural-y-deportivo\/"},"author":{"name":"enequipo","@id":"https:\/\/www.sonoraenequipo.com.mx\/#\/schema\/person\/50102df0fb23a8fa9e8effad8fa81386"},"headline":"Estudiantes sonorenses destacan en el 1er Encuentro Nacional Cultural y Deportivo","datePublished":"2026-04-26T01:31:44+00:00","mainEntityOfPage":{"@id":"https:\/\/www.sonoraenequipo.com.mx\/estudiantes-sonorenses-destacan-en-el-1er-encuentro-nacional-cultural-y-deportivo\/"},"wordCount":267,"commentCount":0,"publisher":{"@id":"https:\/\/www.sonoraenequipo.com.mx\/#organization"},"image":{"@id":"https:\/\/www.sonoraenequipo.com.mx\/estudiantes-sonorenses-destacan-en-el-1er-encuentro-nacional-cultural-y-deportivo\/#primaryimage"},"thumbnailUrl":"https:\/\/www.sonoraenequipo.com.mx\/storage\/2026\/04\/deportistas-ith.jpg","keywords":["deportes ith"],"articleSection":["Deportes"],"inLanguage":"es","potentialAction":[{"@type":"CommentAction","name":"Comment","target":["https:\/\/www.sonoraenequipo.com.mx\/estudiantes-sonorenses-destacan-en-el-1er-encuentro-nacional-cultural-y-deportivo\/#respond"]}]},{"@type":"WebPage","@id":"https:\/\/www.sonoraenequipo.com.mx\/estudiantes-sonorenses-destacan-en-el-1er-encuentro-nacional-cultural-y-deportivo\/","url":"https:\/\/www.sonoraenequipo.com.mx\/estudiantes-sonorenses-destacan-en-el-1er-encuentro-nacional-cultural-y-deportivo\/","name":"Sonora en Equipo. Estudiantes sonorenses destacan en el 1er Encuentro Nacional Cultural y Deportivo Deportes","isPartOf":{"@id":"https:\/\/www.sonoraenequipo.com.mx\/#website"},"primaryImageOfPage":{"@id":"https:\/\/www.sonoraenequipo.com.mx\/estudiantes-sonorenses-destacan-en-el-1er-encuentro-nacional-cultural-y-deportivo\/#primaryimage"},"image":{"@id":"https:\/\/www.sonoraenequipo.com.mx\/estudiantes-sonorenses-destacan-en-el-1er-encuentro-nacional-cultural-y-deportivo\/#primaryimage"},"thumbnailUrl":"https:\/\/www.sonoraenequipo.com.mx\/storage\/2026\/04\/deportistas-ith.jpg","datePublished":"2026-04-26T01:31:44+00:00","description":"&nbsp; HERMOSILLO, SONORA, MX. \u2014 Alumnos de la Universidad Tecnol\u00f3gica de Hermosillo (UTH) destacaron en la primera jornada del 1er Encuentro Nacional En Sonora en Equipo publicamos toda la informaci\u00f3n de Sonora, M\u00e9xico y el Mundo de manera oportuna y busca que la libertad de expresi\u00f3n sea real. Visita nuestro medio informativo publicado desde Hermosillo, Sonora. %","breadcrumb":{"@id":"https:\/\/www.sonoraenequipo.com.mx\/estudiantes-sonorenses-destacan-en-el-1er-encuentro-nacional-cultural-y-deportivo\/#breadcrumb"},"inLanguage":"es","potentialAction":[{"@type":"ReadAction","target":["https:\/\/www.sonoraenequipo.com.mx\/estudiantes-sonorenses-destacan-en-el-1er-encuentro-nacional-cultural-y-deportivo\/"]}]},{"@type":"ImageObject","inLanguage":"es","@id":"https:\/\/www.sonoraenequipo.com.mx\/estudiantes-sonorenses-destacan-en-el-1er-encuentro-nacional-cultural-y-deportivo\/#primaryimage","url":"https:\/\/www.sonoraenequipo.com.mx\/storage\/2026\/04\/deportistas-ith.jpg","contentUrl":"https:\/\/www.sonoraenequipo.com.mx\/storage\/2026\/04\/deportistas-ith.jpg","width":600,"height":400},{"@type":"BreadcrumbList","@id":"https:\/\/www.sonoraenequipo.com.mx\/estudiantes-sonorenses-destacan-en-el-1er-encuentro-nacional-cultural-y-deportivo\/#breadcrumb","itemListElement":[{"@type":"ListItem","position":1,"name":"Portada","item":"https:\/\/www.sonoraenequipo.com.mx\/"},{"@type":"ListItem","position":2,"name":"Estudiantes sonorenses destacan en el 1er Encuentro Nacional Cultural y Deportivo"}]},{"@type":"WebSite","@id":"https:\/\/www.sonoraenequipo.com.mx\/#website","url":"https:\/\/www.sonoraenequipo.com.mx\/","name":"Sonora en Equipo.","description":"Diario en l\u00ednea con Noticias desde Hermosillo, Sonora","publisher":{"@id":"https:\/\/www.sonoraenequipo.com.mx\/#organization"},"potentialAction":[{"@type":"SearchAction","target":{"@type":"EntryPoint","urlTemplate":"https:\/\/www.sonoraenequipo.com.mx\/?s={search_term_string}"},"query-input":{"@type":"PropertyValueSpecification","valueRequired":true,"valueName":"search_term_string"}}],"inLanguage":"es"},{"@type":"Organization","@id":"https:\/\/www.sonoraenequipo.com.mx\/#organization","name":"Sonoraenequipo.com.mx","url":"https:\/\/www.sonoraenequipo.com.mx\/","logo":{"@type":"ImageObject","inLanguage":"es","@id":"https:\/\/www.sonoraenequipo.com.mx\/#\/schema\/logo\/image\/","url":"https:\/\/www.sonoraenequipo.com.mx\/storage\/2019\/01\/sonoraenequipo_opt.png","contentUrl":"https:\/\/www.sonoraenequipo.com.mx\/storage\/2019\/01\/sonoraenequipo_opt.png","width":375,"height":125,"caption":"Sonoraenequipo.com.mx"},"image":{"@id":"https:\/\/www.sonoraenequipo.com.mx\/#\/schema\/logo\/image\/"},"sameAs":["https:\/\/www.facebook.com\/SonoraEE\/","https:\/\/x.com\/sonoraenequipo","https:\/\/www.youtube.com\/channel\/UC338nW-lPEYmJQs4ZABQ1SQ"]},{"@type":"Person","@id":"https:\/\/www.sonoraenequipo.com.mx\/#\/schema\/person\/50102df0fb23a8fa9e8effad8fa81386","name":"enequipo","image":{"@type":"ImageObject","inLanguage":"es","@id":"https:\/\/www.sonoraenequipo.com.mx\/#\/schema\/person\/image\/","url":"https:\/\/secure.gravatar.com\/avatar\/049821681b589dabc0bc20695993ccebb09f5b5d4d790cd9251b97faac7c652b?s=96&d=blank&r=g","contentUrl":"https:\/\/secure.gravatar.com\/avatar\/049821681b589dabc0bc20695993ccebb09f5b5d4d790cd9251b97faac7c652b?s=96&d=blank&r=g","caption":"enequipo"},"sameAs":["https:\/\/www.facebook.com\/SonoraEE"]}]}},"jetpack_featured_media_url":"https:\/\/www.sonoraenequipo.com.mx\/storage\/2026\/04\/deportistas-ith.jpg","_links":{"self":[{"href":"https:\/\/www.sonoraenequipo.com.mx\/api\/wp\/v2\/posts\/240547","targetHints":{"allow":["GET"]}}],"collection":[{"href":"https:\/\/www.sonoraenequipo.com.mx\/api\/wp\/v2\/posts"}],"about":[{"href":"https:\/\/www.sonoraenequipo.com.mx\/api\/wp\/v2\/types\/post"}],"author":[{"embeddable":true,"href":"https:\/\/www.sonoraenequipo.com.mx\/api\/wp\/v2\/users\/1"}],"replies":[{"embeddable":true,"href":"https:\/\/www.sonoraenequipo.com.mx\/api\/wp\/v2\/comments?post=240547"}],"version-history":[{"count":1,"href":"https:\/\/www.sonoraenequipo.com.mx\/api\/wp\/v2\/posts\/240547\/revisions"}],"predecessor-version":[{"id":240548,"href":"https:\/\/www.sonoraenequipo.com.mx\/api\/wp\/v2\/posts\/240547\/revisions\/240548"}],"wp:featuredmedia":[{"embeddable":true,"href":"https:\/\/www.sonoraenequipo.com.mx\/api\/wp\/v2\/media\/240546"}],"wp:attachment":[{"href":"https:\/\/www.sonoraenequipo.com.mx\/api\/wp\/v2\/media?parent=240547"}],"wp:term":[{"taxonomy":"category","embeddable":true,"href":"https:\/\/www.sonoraenequipo.com.mx\/api\/wp\/v2\/categories?post=240547"},{"taxonomy":"post_tag","embeddable":true,"href":"https:\/\/www.sonoraenequipo.com.mx\/api\/wp\/v2\/tags?post=240547"}],"curies":[{"name":"wp","href":"https:\/\/api.w.org\/{rel}","templated":true}]}}