{"id":240555,"date":"2026-04-25T12:23:19","date_gmt":"2026-04-25T19:23:19","guid":{"rendered":"https:\/\/www.sonoraenequipo.com.mx\/?p=240555"},"modified":"2026-04-25T21:14:32","modified_gmt":"2026-04-26T04:14:32","slug":"bajas-y-lesiones-de-futbolistas-quitan-brillo-al-mundial-2026","status":"publish","type":"post","link":"https:\/\/www.sonoraenequipo.com.mx\/bajas-y-lesiones-de-futbolistas-quitan-brillo-al-mundial-2026\/","title":{"rendered":"Bajas y lesiones de futbolistas quitan brillo al Mundial 2026"},"content":{"rendered":"<p><strong>PAR\u00cdS, FRANCIA. \u2014 <\/strong>. El esprint final del futbol europeo ha dejado un gran n\u00famero de lesionados que se perder\u00e1n el Mundial de 2026, como el franc\u00e9s Hugo Ekitik\u00e9, el brasile\u00f1o Rodrygo o el alem\u00e1n Serge Gnabry, y otros que llegar\u00e1n muy justos o son duda, como Lamine Yamal, Est\u00eav\u00e3o o Cuti Romero.<\/p>\n<p>&nbsp;<\/p>\n<p>&nbsp;<\/p>\n<p>&nbsp;<\/p>\n<p> <\/p>\n<p>A 47 d\u00edas de la magna justa, la enfermer\u00eda no para de recibir pacientes de prestigio. El jarro de agua fr\u00eda cay\u00f3 el mi\u00e9rcoles en la selecci\u00f3n de Espa\u00f1a cuando Lamine Yamal pate\u00f3 un penal para marcar el gol de la victoria 1-0 del Barcelona ante el Celta y se rompi\u00f3.<\/p>\n<p>&nbsp;<\/p>\n<p>&nbsp;<\/p>\n<p>&nbsp;<\/p>\n<p>Sufre \u201cuna lesi\u00f3n en el b\u00edceps femoral de la pierna izquierda\u201d y no volver\u00e1 a jugar con el conjunto azulgrana esta temporada.<\/p>\n<p>&nbsp;<\/p>\n<p>&nbsp;<\/p>\n<p>Su participaci\u00f3n en el Mundial parece que no peligra, pero la cuesti\u00f3n es si llegar\u00e1 en plena forma.<\/p>\n<p>&nbsp;<\/p>\n<p>&nbsp;<\/p>\n<p>El doctor Pedro Luis Ripoll se\u00f1al\u00f3 a la Cadena Ser que la tasa de reca\u00edda en este tipo de lesiones es de 30 por ciento y llam\u00f3 a Yamal, de 18 a\u00f1os, a ser<em><strong> \u201cmuy prudente\u201d.<\/strong><\/em><\/p>\n<p>&nbsp;<\/p>\n<p>&nbsp;<\/p>\n<p><em><strong>\u201cVeo a Lamine a tope en la segunda fase, ser\u00eda lo m\u00e1s prudente y creo que es lo que va a pasar\u201d,<\/strong><\/em> se\u00f1al\u00f3 el m\u00e9dico sobre la Copa del Mundo.<\/p>\n<p>&nbsp;<\/p>\n<p>&nbsp;<\/p>\n<p>La lesi\u00f3n de Lamine se a\u00f1ade a la incertidumbre en la campeona de Europa sobre varios jugadores importantes actualmente lesionados, en convalecencia o reci\u00e9n incorporados a sus equipos como Rodri (Manchester City), Fabi\u00e1n Ruiz (PSG), Mikel Merino (Arsenal) o Nico Williams (Athletic de Bilbao).<\/p>\n<p>&nbsp;<\/p>\n<p>&nbsp;<\/p>\n<p>Tras lastimarse entre febrero y marzo, la sensaci\u00f3n brasile\u00f1a Est\u00eav\u00e3o, de 19 a\u00f1os, volvi\u00f3 a sufrir un problema muscular el pasado fin de semana en la derrota 1-0 del Chelsea ante el Manchester United.<\/p>\n<p>&nbsp;<\/p>\n<p>&nbsp;<\/p>\n<p>El carioca tambi\u00e9n se perder\u00e1 lo que resta de temporada, por lo que llegar\u00eda justo al gran torneo.<\/p>\n<p>&nbsp;<\/p>\n<p>&nbsp;<\/p>\n<p><em><strong>\u201cSi soy sincero, no estoy seguro. S\u00f3lo s\u00e9 que no estar\u00e1 disponible para nosotros, pero creo que tie-ne muchas esperanzas de poder llegar a la Copa del Mundo\u201d,<\/strong><\/em> se\u00f1al\u00f3 ayer el t\u00e9cnico interino del Chelsea, Calum McFarlane.<\/p>\n<p>&nbsp;<\/p>\n<p>&nbsp;<\/p>\n<p>Su problema f\u00edsico, unido a la baja de Rodrygo, confirmada en marzo, podr\u00eda abrir la puerta en la lista del t\u00e9cnico Carlo Ancelotti a la leyenda Neymar.<\/p>\n<p>&nbsp;<\/p>\n<p>&nbsp;<\/p>\n<p>El 10, tambi\u00e9n aquejado por problemas f\u00edsicos en los \u00faltimos a\u00f1os, busca ritmo con el Santos de su pa\u00eds para convencer al estratega italiano. Su presencia con la Sele\u00e7\u00e3o en la pr\u00f3xima justa mundialista se ha convertido en debate nacional.<\/p>\n<p>&nbsp;<\/p>\n<p>&nbsp;<\/p>\n<p>Adem\u00e1s, el central del Real Madrid, \u00c9der Milit\u00e3o, quien acababa de regresar de una grave lesi\u00f3n, sufre otro problema muscular y estar\u00e1 de baja \u201cvarias semanas\u201d.<\/p>\n<p>&nbsp;<\/p>\n<p>&nbsp;<\/p>\n<p>Argentina, campeona del mundo en Qatar 2022, tambi\u00e9n padece los rigores del calendario.<\/p>\n<p>&nbsp;<\/p>\n<p>&nbsp;<\/p>\n<p>En la ventana de marzo, durante un entrenamiento en Buenos Aires, perdi\u00f3 al prometedor delantero Joaqu\u00edn Panichelli, m\u00e1ximo goleador del campeonato franc\u00e9s con el Estrasburgo, quien sufri\u00f3 una segunda rotura de ligamentos de la rodilla.<\/p>\n<p>&nbsp;<\/p>\n<p>&nbsp;<\/p>\n<p>Tampoco tuvo suerte un peso pesado de la Albiceleste, Cuti Romero, central del Tottenham, quien se lesion\u00f3 hace dos semanas al chocar con su portero y tiene un problema en el ligamento cruzado de una rodilla.<\/p>\n<p>&nbsp;<\/p>\n<p>&nbsp;<\/p>\n<p>A su vez, el delantero Hugo Ekitik\u00e9, del Liverpool, quien parec\u00eda haberse ganado la titularidad en la concurrida delantera de la selecci\u00f3n francesa se rompi\u00f3 el tend\u00f3n de Aquiles y ser\u00e1 baja varios meses.<\/p>\n<p>&nbsp;<\/p>\n<p>&nbsp;<\/p>\n<p>Kylian Mbapp\u00e9, la estrella de Francia, preocup\u00f3 ayer al pedir el cambio durante el empate 1-1 de Real Madrid ante el Betis en la liga espa\u00f1ola.<\/p>\n<p>&nbsp;<\/p>\n<p>&nbsp;<\/p>\n<p>Su entrenador, \u00c1lvaro Arbeloa, habl\u00f3 de \u201cmolestias\u201d y su club puntualiz\u00f3 poco despu\u00e9s que hab\u00eda sido por \u201cuna sobrecarga muscular en los isquiotibiales de la pierna izquierda\u201d, descartando de entrada un percance m\u00e1s serio.<\/p>\n<p>&nbsp;<\/p>\n<p>&nbsp;<\/p>\n<p>Serge Gnabry, pieza importante del Bayern M\u00fanich y de la selecci\u00f3n alemana, tampoco estar\u00e1 en el Mundial 2026 debido a un desgarro muscular en el aductor derecho.<\/p>\n<p>&nbsp;<\/p>\n<p>&nbsp;<\/p>\n<p>En tanto, M\u00e9xico, uno de los pa\u00edses anfitriones, descart\u00f3 a un guardameta clave, Luis Malag\u00f3n, mientras Croacia cruza dedos para contar con el defensa Josko Gvardiol, baja del Manchester City desde enero por una fractura de tibia.<\/p>\n<p>&nbsp;<\/p>\n<p>&nbsp;<\/p>\n<p>PUBLICADO EL 25 DE ABRIL 2026 Con informaci\u00f3n de Afp)<\/p>\n","protected":false},"excerpt":{"rendered":"<p>PAR\u00cdS, FRANCIA. \u2014 . El esprint final del futbol europeo ha dejado un gran n\u00famero&#8230;<\/p>\n","protected":false},"author":1,"featured_media":240556,"comment_status":"open","ping_status":"open","sticky":false,"template":"","format":"standard","meta":{"_monsterinsights_skip_tracking":false,"_monsterinsights_sitenote_active":false,"_monsterinsights_sitenote_note":"","_monsterinsights_sitenote_category":0,"footnotes":""},"categories":[10,3],"tags":[],"class_list":["post"],"yoast_head":" \n<title>Sonora en Equipo. Bajas y lesiones de futbolistas quitan brillo al Mundial 2026 Deportes<\/title>\n<meta name=\"description\" content=\"PAR\u00cdS, FRANCIA. \u2014 . El esprint final del futbol europeo ha dejado un gran n\u00famero de lesionados que se perder\u00e1n el Mundial de 2026, como el franc\u00e9s Hugo En Sonora en Equipo publicamos toda la informaci\u00f3n de Sonora, M\u00e9xico y el Mundo de manera oportuna y busca que la libertad de expresi\u00f3n sea real. Visita nuestro medio informativo publicado desde Hermosillo, Sonora. %\" \/>\n<meta name=\"robots\" content=\"index, follow, max-snippet:-1, max-image-preview:large, max-video-preview:-1\" \/>\n<link rel=\"canonical\" href=\"https:\/\/www.sonoraenequipo.com.mx\/bajas-y-lesiones-de-futbolistas-quitan-brillo-al-mundial-2026\/\" \/>\n<meta property=\"og:locale\" content=\"es_ES\" \/>\n<meta property=\"og:type\" content=\"article\" \/>\n<meta property=\"og:title\" content=\"Sonora en Equipo. Bajas y lesiones de futbolistas quitan brillo al Mundial 2026 Deportes\" \/>\n<meta property=\"og:description\" content=\"PAR\u00cdS, FRANCIA. \u2014 . El esprint final del futbol europeo ha dejado un gran n\u00famero de lesionados que se perder\u00e1n el Mundial de 2026, como el franc\u00e9s Hugo En Sonora en Equipo publicamos toda la informaci\u00f3n de Sonora, M\u00e9xico y el Mundo de manera oportuna y busca que la libertad de expresi\u00f3n sea real. Visita nuestro medio informativo publicado desde Hermosillo, Sonora. %\" \/>\n<meta property=\"og:url\" content=\"https:\/\/www.sonoraenequipo.com.mx\/bajas-y-lesiones-de-futbolistas-quitan-brillo-al-mundial-2026\/\" \/>\n<meta property=\"og:site_name\" content=\"Sonora en Equipo.\" \/>\n<meta property=\"article:publisher\" content=\"https:\/\/www.facebook.com\/SonoraEE\/\" \/>\n<meta property=\"article:author\" content=\"https:\/\/www.facebook.com\/SonoraEE\" \/>\n<meta property=\"article:published_time\" content=\"2026-04-25T19:23:19+00:00\" \/>\n<meta property=\"article:modified_time\" content=\"2026-04-26T04:14:32+00:00\" \/>\n<meta property=\"og:image\" content=\"https:\/\/www.sonoraenequipo.com.mx\/storage\/2026\/04\/lesionados-qu-eno-iran-al-mundial-1.jpg\" \/>\n\t<meta property=\"og:image:width\" content=\"1000\" \/>\n\t<meta property=\"og:image:height\" content=\"707\" \/>\n\t<meta property=\"og:image:type\" content=\"image\/jpeg\" \/>\n<meta name=\"author\" content=\"enequipo\" \/>\n<meta name=\"twitter:card\" content=\"summary_large_image\" \/>\n<meta name=\"twitter:creator\" content=\"@sonoraenequipo\" \/>\n<meta name=\"twitter:site\" content=\"@sonoraenequipo\" \/>\n<meta name=\"twitter:label1\" content=\"Escrito por\" \/>\n\t<meta name=\"twitter:data1\" content=\"enequipo\" \/>\n\t<meta name=\"twitter:label2\" content=\"Tiempo de lectura\" \/>\n\t<meta name=\"twitter:data2\" content=\"4 minutos\" \/>\n<script type=\"application\/ld+json\" class=\"yoast-schema-graph\">{\"@context\":\"https:\/\/schema.org\",\"@graph\":[{\"@type\":\"Article\",\"@id\":\"https:\/\/www.sonoraenequipo.com.mx\/bajas-y-lesiones-de-futbolistas-quitan-brillo-al-mundial-2026\/#article\",\"isPartOf\":{\"@id\":\"https:\/\/www.sonoraenequipo.com.mx\/bajas-y-lesiones-de-futbolistas-quitan-brillo-al-mundial-2026\/\"},\"author\":{\"name\":\"enequipo\",\"@id\":\"https:\/\/www.sonoraenequipo.com.mx\/#\/schema\/person\/50102df0fb23a8fa9e8effad8fa81386\"},\"headline\":\"Bajas y lesiones de futbolistas quitan brillo al Mundial 2026\",\"datePublished\":\"2026-04-25T19:23:19+00:00\",\"dateModified\":\"2026-04-26T04:14:32+00:00\",\"mainEntityOfPage\":{\"@id\":\"https:\/\/www.sonoraenequipo.com.mx\/bajas-y-lesiones-de-futbolistas-quitan-brillo-al-mundial-2026\/\"},\"wordCount\":798,\"commentCount\":0,\"publisher\":{\"@id\":\"https:\/\/www.sonoraenequipo.com.mx\/#organization\"},\"image\":{\"@id\":\"https:\/\/www.sonoraenequipo.com.mx\/bajas-y-lesiones-de-futbolistas-quitan-brillo-al-mundial-2026\/#primaryimage\"},\"thumbnailUrl\":\"https:\/\/www.sonoraenequipo.com.mx\/storage\/2026\/04\/lesionados-qu-eno-iran-al-mundial-1.jpg\",\"articleSection\":[\"Deportes\",\"MUNDO\"],\"inLanguage\":\"es\",\"potentialAction\":[{\"@type\":\"CommentAction\",\"name\":\"Comment\",\"target\":[\"https:\/\/www.sonoraenequipo.com.mx\/bajas-y-lesiones-de-futbolistas-quitan-brillo-al-mundial-2026\/#respond\"]}]},{\"@type\":\"WebPage\",\"@id\":\"https:\/\/www.sonoraenequipo.com.mx\/bajas-y-lesiones-de-futbolistas-quitan-brillo-al-mundial-2026\/\",\"url\":\"https:\/\/www.sonoraenequipo.com.mx\/bajas-y-lesiones-de-futbolistas-quitan-brillo-al-mundial-2026\/\",\"name\":\"Sonora en Equipo. Bajas y lesiones de futbolistas quitan brillo al Mundial 2026 Deportes\",\"isPartOf\":{\"@id\":\"https:\/\/www.sonoraenequipo.com.mx\/#website\"},\"primaryImageOfPage\":{\"@id\":\"https:\/\/www.sonoraenequipo.com.mx\/bajas-y-lesiones-de-futbolistas-quitan-brillo-al-mundial-2026\/#primaryimage\"},\"image\":{\"@id\":\"https:\/\/www.sonoraenequipo.com.mx\/bajas-y-lesiones-de-futbolistas-quitan-brillo-al-mundial-2026\/#primaryimage\"},\"thumbnailUrl\":\"https:\/\/www.sonoraenequipo.com.mx\/storage\/2026\/04\/lesionados-qu-eno-iran-al-mundial-1.jpg\",\"datePublished\":\"2026-04-25T19:23:19+00:00\",\"dateModified\":\"2026-04-26T04:14:32+00:00\",\"description\":\"PAR\u00cdS, FRANCIA. \u2014 . El esprint final del futbol europeo ha dejado un gran n\u00famero de lesionados que se perder\u00e1n el Mundial de 2026, como el franc\u00e9s Hugo En Sonora en Equipo publicamos toda la informaci\u00f3n de Sonora, M\u00e9xico y el Mundo de manera oportuna y busca que la libertad de expresi\u00f3n sea real. Visita nuestro medio informativo publicado desde Hermosillo, Sonora. %\",\"breadcrumb\":{\"@id\":\"https:\/\/www.sonoraenequipo.com.mx\/bajas-y-lesiones-de-futbolistas-quitan-brillo-al-mundial-2026\/#breadcrumb\"},\"inLanguage\":\"es\",\"potentialAction\":[{\"@type\":\"ReadAction\",\"target\":[\"https:\/\/www.sonoraenequipo.com.mx\/bajas-y-lesiones-de-futbolistas-quitan-brillo-al-mundial-2026\/\"]}]},{\"@type\":\"ImageObject\",\"inLanguage\":\"es\",\"@id\":\"https:\/\/www.sonoraenequipo.com.mx\/bajas-y-lesiones-de-futbolistas-quitan-brillo-al-mundial-2026\/#primaryimage\",\"url\":\"https:\/\/www.sonoraenequipo.com.mx\/storage\/2026\/04\/lesionados-qu-eno-iran-al-mundial-1.jpg\",\"contentUrl\":\"https:\/\/www.sonoraenequipo.com.mx\/storage\/2026\/04\/lesionados-qu-eno-iran-al-mundial-1.jpg\",\"width\":1000,\"height\":707},{\"@type\":\"BreadcrumbList\",\"@id\":\"https:\/\/www.sonoraenequipo.com.mx\/bajas-y-lesiones-de-futbolistas-quitan-brillo-al-mundial-2026\/#breadcrumb\",\"itemListElement\":[{\"@type\":\"ListItem\",\"position\":1,\"name\":\"Portada\",\"item\":\"https:\/\/www.sonoraenequipo.com.mx\/\"},{\"@type\":\"ListItem\",\"position\":2,\"name\":\"Bajas y lesiones de futbolistas quitan brillo al Mundial 2026\"}]},{\"@type\":\"WebSite\",\"@id\":\"https:\/\/www.sonoraenequipo.com.mx\/#website\",\"url\":\"https:\/\/www.sonoraenequipo.com.mx\/\",\"name\":\"Sonora en Equipo.\",\"description\":\"Diario en l\u00ednea con Noticias desde Hermosillo, Sonora\",\"publisher\":{\"@id\":\"https:\/\/www.sonoraenequipo.com.mx\/#organization\"},\"potentialAction\":[{\"@type\":\"SearchAction\",\"target\":{\"@type\":\"EntryPoint\",\"urlTemplate\":\"https:\/\/www.sonoraenequipo.com.mx\/?s={search_term_string}\"},\"query-input\":{\"@type\":\"PropertyValueSpecification\",\"valueRequired\":true,\"valueName\":\"search_term_string\"}}],\"inLanguage\":\"es\"},{\"@type\":\"Organization\",\"@id\":\"https:\/\/www.sonoraenequipo.com.mx\/#organization\",\"name\":\"Sonoraenequipo.com.mx\",\"url\":\"https:\/\/www.sonoraenequipo.com.mx\/\",\"logo\":{\"@type\":\"ImageObject\",\"inLanguage\":\"es\",\"@id\":\"https:\/\/www.sonoraenequipo.com.mx\/#\/schema\/logo\/image\/\",\"url\":\"https:\/\/www.sonoraenequipo.com.mx\/storage\/2019\/01\/sonoraenequipo_opt.png\",\"contentUrl\":\"https:\/\/www.sonoraenequipo.com.mx\/storage\/2019\/01\/sonoraenequipo_opt.png\",\"width\":375,\"height\":125,\"caption\":\"Sonoraenequipo.com.mx\"},\"image\":{\"@id\":\"https:\/\/www.sonoraenequipo.com.mx\/#\/schema\/logo\/image\/\"},\"sameAs\":[\"https:\/\/www.facebook.com\/SonoraEE\/\",\"https:\/\/x.com\/sonoraenequipo\",\"https:\/\/www.youtube.com\/channel\/UC338nW-lPEYmJQs4ZABQ1SQ\"]},{\"@type\":\"Person\",\"@id\":\"https:\/\/www.sonoraenequipo.com.mx\/#\/schema\/person\/50102df0fb23a8fa9e8effad8fa81386\",\"name\":\"enequipo\",\"image\":{\"@type\":\"ImageObject\",\"inLanguage\":\"es\",\"@id\":\"https:\/\/www.sonoraenequipo.com.mx\/#\/schema\/person\/image\/\",\"url\":\"https:\/\/secure.gravatar.com\/avatar\/049821681b589dabc0bc20695993ccebb09f5b5d4d790cd9251b97faac7c652b?s=96&d=blank&r=g\",\"contentUrl\":\"https:\/\/secure.gravatar.com\/avatar\/049821681b589dabc0bc20695993ccebb09f5b5d4d790cd9251b97faac7c652b?s=96&d=blank&r=g\",\"caption\":\"enequipo\"},\"sameAs\":[\"https:\/\/www.facebook.com\/SonoraEE\"]}]}<\/script>\n ","yoast_head_json":{"title":"Sonora en Equipo. Bajas y lesiones de futbolistas quitan brillo al Mundial 2026 Deportes","description":"PAR\u00cdS, FRANCIA. \u2014 . El esprint final del futbol europeo ha dejado un gran n\u00famero de lesionados que se perder\u00e1n el Mundial de 2026, como el franc\u00e9s Hugo En Sonora en Equipo publicamos toda la informaci\u00f3n de Sonora, M\u00e9xico y el Mundo de manera oportuna y busca que la libertad de expresi\u00f3n sea real. Visita nuestro medio informativo publicado desde Hermosillo, Sonora. %","robots":{"index":"index","follow":"follow","max-snippet":"max-snippet:-1","max-image-preview":"max-image-preview:large","max-video-preview":"max-video-preview:-1"},"canonical":"https:\/\/www.sonoraenequipo.com.mx\/bajas-y-lesiones-de-futbolistas-quitan-brillo-al-mundial-2026\/","og_locale":"es_ES","og_type":"article","og_title":"Sonora en Equipo. Bajas y lesiones de futbolistas quitan brillo al Mundial 2026 Deportes","og_description":"PAR\u00cdS, FRANCIA. \u2014 . El esprint final del futbol europeo ha dejado un gran n\u00famero de lesionados que se perder\u00e1n el Mundial de 2026, como el franc\u00e9s Hugo En Sonora en Equipo publicamos toda la informaci\u00f3n de Sonora, M\u00e9xico y el Mundo de manera oportuna y busca que la libertad de expresi\u00f3n sea real. Visita nuestro medio informativo publicado desde Hermosillo, Sonora. %","og_url":"https:\/\/www.sonoraenequipo.com.mx\/bajas-y-lesiones-de-futbolistas-quitan-brillo-al-mundial-2026\/","og_site_name":"Sonora en Equipo.","article_publisher":"https:\/\/www.facebook.com\/SonoraEE\/","article_author":"https:\/\/www.facebook.com\/SonoraEE","article_published_time":"2026-04-25T19:23:19+00:00","article_modified_time":"2026-04-26T04:14:32+00:00","og_image":[{"width":1000,"height":707,"url":"https:\/\/www.sonoraenequipo.com.mx\/storage\/2026\/04\/lesionados-qu-eno-iran-al-mundial-1.jpg","type":"image\/jpeg"}],"author":"enequipo","twitter_card":"summary_large_image","twitter_creator":"@sonoraenequipo","twitter_site":"@sonoraenequipo","twitter_misc":{"Escrito por":"enequipo","Tiempo de lectura":"4 minutos"},"schema":{"@context":"https:\/\/schema.org","@graph":[{"@type":"Article","@id":"https:\/\/www.sonoraenequipo.com.mx\/bajas-y-lesiones-de-futbolistas-quitan-brillo-al-mundial-2026\/#article","isPartOf":{"@id":"https:\/\/www.sonoraenequipo.com.mx\/bajas-y-lesiones-de-futbolistas-quitan-brillo-al-mundial-2026\/"},"author":{"name":"enequipo","@id":"https:\/\/www.sonoraenequipo.com.mx\/#\/schema\/person\/50102df0fb23a8fa9e8effad8fa81386"},"headline":"Bajas y lesiones de futbolistas quitan brillo al Mundial 2026","datePublished":"2026-04-25T19:23:19+00:00","dateModified":"2026-04-26T04:14:32+00:00","mainEntityOfPage":{"@id":"https:\/\/www.sonoraenequipo.com.mx\/bajas-y-lesiones-de-futbolistas-quitan-brillo-al-mundial-2026\/"},"wordCount":798,"commentCount":0,"publisher":{"@id":"https:\/\/www.sonoraenequipo.com.mx\/#organization"},"image":{"@id":"https:\/\/www.sonoraenequipo.com.mx\/bajas-y-lesiones-de-futbolistas-quitan-brillo-al-mundial-2026\/#primaryimage"},"thumbnailUrl":"https:\/\/www.sonoraenequipo.com.mx\/storage\/2026\/04\/lesionados-qu-eno-iran-al-mundial-1.jpg","articleSection":["Deportes","MUNDO"],"inLanguage":"es","potentialAction":[{"@type":"CommentAction","name":"Comment","target":["https:\/\/www.sonoraenequipo.com.mx\/bajas-y-lesiones-de-futbolistas-quitan-brillo-al-mundial-2026\/#respond"]}]},{"@type":"WebPage","@id":"https:\/\/www.sonoraenequipo.com.mx\/bajas-y-lesiones-de-futbolistas-quitan-brillo-al-mundial-2026\/","url":"https:\/\/www.sonoraenequipo.com.mx\/bajas-y-lesiones-de-futbolistas-quitan-brillo-al-mundial-2026\/","name":"Sonora en Equipo. Bajas y lesiones de futbolistas quitan brillo al Mundial 2026 Deportes","isPartOf":{"@id":"https:\/\/www.sonoraenequipo.com.mx\/#website"},"primaryImageOfPage":{"@id":"https:\/\/www.sonoraenequipo.com.mx\/bajas-y-lesiones-de-futbolistas-quitan-brillo-al-mundial-2026\/#primaryimage"},"image":{"@id":"https:\/\/www.sonoraenequipo.com.mx\/bajas-y-lesiones-de-futbolistas-quitan-brillo-al-mundial-2026\/#primaryimage"},"thumbnailUrl":"https:\/\/www.sonoraenequipo.com.mx\/storage\/2026\/04\/lesionados-qu-eno-iran-al-mundial-1.jpg","datePublished":"2026-04-25T19:23:19+00:00","dateModified":"2026-04-26T04:14:32+00:00","description":"PAR\u00cdS, FRANCIA. \u2014 . El esprint final del futbol europeo ha dejado un gran n\u00famero de lesionados que se perder\u00e1n el Mundial de 2026, como el franc\u00e9s Hugo En Sonora en Equipo publicamos toda la informaci\u00f3n de Sonora, M\u00e9xico y el Mundo de manera oportuna y busca que la libertad de expresi\u00f3n sea real. Visita nuestro medio informativo publicado desde Hermosillo, Sonora. %","breadcrumb":{"@id":"https:\/\/www.sonoraenequipo.com.mx\/bajas-y-lesiones-de-futbolistas-quitan-brillo-al-mundial-2026\/#breadcrumb"},"inLanguage":"es","potentialAction":[{"@type":"ReadAction","target":["https:\/\/www.sonoraenequipo.com.mx\/bajas-y-lesiones-de-futbolistas-quitan-brillo-al-mundial-2026\/"]}]},{"@type":"ImageObject","inLanguage":"es","@id":"https:\/\/www.sonoraenequipo.com.mx\/bajas-y-lesiones-de-futbolistas-quitan-brillo-al-mundial-2026\/#primaryimage","url":"https:\/\/www.sonoraenequipo.com.mx\/storage\/2026\/04\/lesionados-qu-eno-iran-al-mundial-1.jpg","contentUrl":"https:\/\/www.sonoraenequipo.com.mx\/storage\/2026\/04\/lesionados-qu-eno-iran-al-mundial-1.jpg","width":1000,"height":707},{"@type":"BreadcrumbList","@id":"https:\/\/www.sonoraenequipo.com.mx\/bajas-y-lesiones-de-futbolistas-quitan-brillo-al-mundial-2026\/#breadcrumb","itemListElement":[{"@type":"ListItem","position":1,"name":"Portada","item":"https:\/\/www.sonoraenequipo.com.mx\/"},{"@type":"ListItem","position":2,"name":"Bajas y lesiones de futbolistas quitan brillo al Mundial 2026"}]},{"@type":"WebSite","@id":"https:\/\/www.sonoraenequipo.com.mx\/#website","url":"https:\/\/www.sonoraenequipo.com.mx\/","name":"Sonora en Equipo.","description":"Diario en l\u00ednea con Noticias desde Hermosillo, Sonora","publisher":{"@id":"https:\/\/www.sonoraenequipo.com.mx\/#organization"},"potentialAction":[{"@type":"SearchAction","target":{"@type":"EntryPoint","urlTemplate":"https:\/\/www.sonoraenequipo.com.mx\/?s={search_term_string}"},"query-input":{"@type":"PropertyValueSpecification","valueRequired":true,"valueName":"search_term_string"}}],"inLanguage":"es"},{"@type":"Organization","@id":"https:\/\/www.sonoraenequipo.com.mx\/#organization","name":"Sonoraenequipo.com.mx","url":"https:\/\/www.sonoraenequipo.com.mx\/","logo":{"@type":"ImageObject","inLanguage":"es","@id":"https:\/\/www.sonoraenequipo.com.mx\/#\/schema\/logo\/image\/","url":"https:\/\/www.sonoraenequipo.com.mx\/storage\/2019\/01\/sonoraenequipo_opt.png","contentUrl":"https:\/\/www.sonoraenequipo.com.mx\/storage\/2019\/01\/sonoraenequipo_opt.png","width":375,"height":125,"caption":"Sonoraenequipo.com.mx"},"image":{"@id":"https:\/\/www.sonoraenequipo.com.mx\/#\/schema\/logo\/image\/"},"sameAs":["https:\/\/www.facebook.com\/SonoraEE\/","https:\/\/x.com\/sonoraenequipo","https:\/\/www.youtube.com\/channel\/UC338nW-lPEYmJQs4ZABQ1SQ"]},{"@type":"Person","@id":"https:\/\/www.sonoraenequipo.com.mx\/#\/schema\/person\/50102df0fb23a8fa9e8effad8fa81386","name":"enequipo","image":{"@type":"ImageObject","inLanguage":"es","@id":"https:\/\/www.sonoraenequipo.com.mx\/#\/schema\/person\/image\/","url":"https:\/\/secure.gravatar.com\/avatar\/049821681b589dabc0bc20695993ccebb09f5b5d4d790cd9251b97faac7c652b?s=96&d=blank&r=g","contentUrl":"https:\/\/secure.gravatar.com\/avatar\/049821681b589dabc0bc20695993ccebb09f5b5d4d790cd9251b97faac7c652b?s=96&d=blank&r=g","caption":"enequipo"},"sameAs":["https:\/\/www.facebook.com\/SonoraEE"]}]}},"jetpack_featured_media_url":"https:\/\/www.sonoraenequipo.com.mx\/storage\/2026\/04\/lesionados-qu-eno-iran-al-mundial-1.jpg","_links":{"self":[{"href":"https:\/\/www.sonoraenequipo.com.mx\/api\/wp\/v2\/posts\/240555","targetHints":{"allow":["GET"]}}],"collection":[{"href":"https:\/\/www.sonoraenequipo.com.mx\/api\/wp\/v2\/posts"}],"about":[{"href":"https:\/\/www.sonoraenequipo.com.mx\/api\/wp\/v2\/types\/post"}],"author":[{"embeddable":true,"href":"https:\/\/www.sonoraenequipo.com.mx\/api\/wp\/v2\/users\/1"}],"replies":[{"embeddable":true,"href":"https:\/\/www.sonoraenequipo.com.mx\/api\/wp\/v2\/comments?post=240555"}],"version-history":[{"count":1,"href":"https:\/\/www.sonoraenequipo.com.mx\/api\/wp\/v2\/posts\/240555\/revisions"}],"predecessor-version":[{"id":240557,"href":"https:\/\/www.sonoraenequipo.com.mx\/api\/wp\/v2\/posts\/240555\/revisions\/240557"}],"wp:featuredmedia":[{"embeddable":true,"href":"https:\/\/www.sonoraenequipo.com.mx\/api\/wp\/v2\/media\/240556"}],"wp:attachment":[{"href":"https:\/\/www.sonoraenequipo.com.mx\/api\/wp\/v2\/media?parent=240555"}],"wp:term":[{"taxonomy":"category","embeddable":true,"href":"https:\/\/www.sonoraenequipo.com.mx\/api\/wp\/v2\/categories?post=240555"},{"taxonomy":"post_tag","embeddable":true,"href":"https:\/\/www.sonoraenequipo.com.mx\/api\/wp\/v2\/tags?post=240555"}],"curies":[{"name":"wp","href":"https:\/\/api.w.org\/{rel}","templated":true}]}}