{"id":240594,"date":"2026-04-26T12:18:29","date_gmt":"2026-04-26T19:18:29","guid":{"rendered":"https:\/\/www.sonoraenequipo.com.mx\/?p=240594"},"modified":"2026-04-26T12:18:29","modified_gmt":"2026-04-26T19:18:29","slug":"prensa-alemana-destaca-tema-de-los-desaparecidos-en-mexico","status":"publish","type":"post","link":"https:\/\/www.sonoraenequipo.com.mx\/prensa-alemana-destaca-tema-de-los-desaparecidos-en-mexico\/","title":{"rendered":"Prensa alemana destaca tema de los desaparecidos en M\u00e9xico"},"content":{"rendered":"<p>\u00ab450.000 muertos, 70.000 cad\u00e1veres no identificados, al menos 128.000 desaparecidos. La guerra contra los cr\u00edmenes del narcotr\u00e1fico en M\u00e9xico ya lleva 20 a\u00f1os. Miles de familias buscan a sus seres queridos. Cuentan con el apoyo de un equipo de expertos forenses alemanes\u00bb, escribe el peri\u00f3dico alem\u00e1n Die Zeit, en un art\u00edculo titulado \u00abHasta que los encontremos\u00bb:<\/p>\n<p>&nbsp;<\/p>\n<p>\u00abEn M\u00e9xico, son asesinadas 52 personas cada d\u00eda. La tasa de esclarecimiento de esos cr\u00edmenes es inferior al cinco por ciento. A modo de comparaci\u00f3n: en Alemania, en 2024, solo el cinco por ciento de todos los homicidios no fueron resueltos. Los institutos forenses mexicanos registran m\u00e1s de 70.000 muertos que a\u00fan no han sido identificados. Adem\u00e1s, hay m\u00e1s de 128.000 personas que se consideran desaparecidas, una de las cifras m\u00e1s altas del mundo. (&#8230;) El Gobierno mexicano cre\u00f3 una Comisi\u00f3n Nacional de B\u00fasqueda en 2017 para localizar al menos a algunos. No est\u00e1 claro cu\u00e1ntas de las personas desaparecidas se encuentran entre los muertos sin nombre. (\u2026)<\/p>\n<p>&nbsp;<\/p>\n<p>No todos los muertos y desaparecidos desconocidos son v\u00edctimas del crimen organizado, pero los cuerpos de las fosas comunes llevan claramente el sello de los c\u00e1rteles. Los expertos forenses a menudo pueden incluso distinguir, por su estado, qu\u00e9 c\u00e1rtel cometi\u00f3 el asesinato. El C\u00e1rtel Jalisco Nueva Generaci\u00f3n (CJNG) desmembra a sus v\u00edctimas, y el norte\u00f1o C\u00e1rtel de Sinaloa suele disolver los cad\u00e1veres en \u00e1cido. En Zacatecas, (&#8230;) los secuaces del c\u00e1rtel colgaron a personas desde un puente. Es una advertencia para los oponentes y al mismo tiempo una estrategia. Porque un muerto sin nombre no causa ning\u00fan problema. (\u2026)<\/p>\n<p>Los an\u00e1lisis de ADN cuestan mucho tiempo y dinero. Ambos faltan en M\u00e9xico. Por eso, se env\u00edan a menudo las pruebas a Fr\u00e1ncfort. A lo largo de los a\u00f1os, han sido m\u00e1s de 5.000; 800 de ellas provenientes de Zacatecas. (\u2026)<\/p>\n<p>&nbsp;<\/p>\n<p>A diferencia de Alemania, la mayor\u00eda de los institutos forenses en M\u00e9xico est\u00e1n subordinados al Ministerio P\u00fablico. Los cient\u00edficos forenses son percibidos como parte de un Estado acusado de inactividad y corrupci\u00f3n. Esto se convierte en un problema cuando dependen de la cooperaci\u00f3n de sus familiares. (\u2026)<\/p>\n<p>&nbsp;<\/p>\n<p>Indira Navarro lidera un colectivo al que ya se han sumado 500 familias desde su fundaci\u00f3n hace unos dos a\u00f1os. Tener un ser querido desaparecido es una experiencia colectiva en M\u00e9xico, dice Indira. Casi todos los mexicanos pueden contar una historia de su propia familia. Hace diez a\u00f1os, su hermano desapareci\u00f3. &#8216;No pasa un d\u00eda sin que piense en \u00e9l&#8217;, dice. (\u2026)<\/p>\n<p>&nbsp;<\/p>\n<p>Se ponen pasamonta\u00f1as sobre la cara. Lo que est\u00e1n haciendo aqu\u00ed es peligroso. Hace unos meses,\u00a0 una madre del colectivo fue brutalmente asesinada. Indira Navarro misma est\u00e1 bajo vigilancia de la Guardia Nacional los siete d\u00edas de la semana, las 24 horas del d\u00eda. Doce soldados de la Guardia Nacional acompa\u00f1an ahora al grupo de b\u00fasqueda, con rifles militares preparados. (\u2026) &#8216;Si no lo hacemos nosotros, nadie lo har\u00e1&#8217;, afirma Indira Navarro. (&#8230;)<\/p>\n<p>&nbsp;<\/p>\n<p>En una protesta en Ciudad de M\u00e9xico, pidiendo justicia, una mujer lleva un cartel que dice: \u00abHijo&#8230; \u00bfQui\u00e9n te buscar\u00e1 cuando yo no est\u00e9?\u00bb, y flores en una mano. Detr\u00e1s, otros manifestantes con carteles de familiares y seres queridos desaparecidos.En una protesta en Ciudad de M\u00e9xico, pidiendo justicia, una mujer lleva un cartel que dice: \u00abHijo&#8230; \u00bfQui\u00e9n te buscar\u00e1 cuando yo no est\u00e9?\u00bb, y flores en una mano. Detr\u00e1s, otros manifestantes con carteles de familiares y seres queridos desaparecidos.<\/p>\n<p>Pero algo tambi\u00e9n se est\u00e1 moviendo: el proyecto (\u2026) coordinado por el Fondo de Poblaci\u00f3n de las Naciones Unidas (UNFPA) y tambi\u00e9n financiado por el Ministerio de Asuntos Exteriores equip\u00f3 a las fiscal\u00edas, entre otras cosas, con 300 esc\u00e1neres de huellas dactilares. Todos los mexicanos que quieran votar presentan sus huellas dactilares al registro electoral central. Lo que faltaba era una ley que permitiera a los fiscales realizar una comparaci\u00f3n. Despu\u00e9s de que el Gobierno mexicano lo aprobara este \u00faltimo a\u00f1o, casi 16.000 muertes registradas como &#8216;no identificadas&#8217; entre enero de 2023 y septiembre de 2025 han sido reconocidas a nivel nacional (\u2026).<\/p>\n<p>&nbsp;<\/p>\n<p>Volver a la vida a los muertos tampoco es posible en Fr\u00e1ncfort. Y, sin embargo, el trabajo all\u00ed acerca los muertos a los vivos. Porque les devuelve sus nombres\u00bb.<\/p>\n<p><strong>Fecha de publicaci\u00f3n domingo 26 de abril de 2026\/DW<\/strong><\/p>\n","protected":false},"excerpt":{"rendered":"<p>\u00ab450.000 muertos, 70.000 cad\u00e1veres no identificados, al menos 128.000 desaparecidos. La guerra contra los cr\u00edmenes&#8230;<\/p>\n","protected":false},"author":1,"featured_media":240595,"comment_status":"open","ping_status":"open","sticky":false,"template":"","format":"standard","meta":{"_monsterinsights_skip_tracking":false,"_monsterinsights_sitenote_active":false,"_monsterinsights_sitenote_note":"","_monsterinsights_sitenote_category":0,"footnotes":""},"categories":[3],"tags":[711,53],"class_list":["post"],"yoast_head":" \n<title>Sonora en Equipo. Prensa alemana destaca tema de los desaparecidos en M\u00e9xico MUNDO<\/title>\n<meta name=\"description\" content=\"&quot;450.000 muertos, 70.000 cad\u00e1veres no identificados, al menos 128.000 desaparecidos. La guerra contra los cr\u00edmenes del narcotr\u00e1fico en M\u00e9xico ya lleva 20 En Sonora en Equipo publicamos toda la informaci\u00f3n de Sonora, M\u00e9xico y el Mundo de manera oportuna y busca que la libertad de expresi\u00f3n sea real. Visita nuestro medio informativo publicado desde Hermosillo, Sonora. %\" \/>\n<meta name=\"robots\" content=\"index, follow, max-snippet:-1, max-image-preview:large, max-video-preview:-1\" \/>\n<link rel=\"canonical\" href=\"https:\/\/www.sonoraenequipo.com.mx\/prensa-alemana-destaca-tema-de-los-desaparecidos-en-mexico\/\" \/>\n<meta property=\"og:locale\" content=\"es_ES\" \/>\n<meta property=\"og:type\" content=\"article\" \/>\n<meta property=\"og:title\" content=\"Sonora en Equipo. Prensa alemana destaca tema de los desaparecidos en M\u00e9xico MUNDO\" \/>\n<meta property=\"og:description\" content=\"&quot;450.000 muertos, 70.000 cad\u00e1veres no identificados, al menos 128.000 desaparecidos. La guerra contra los cr\u00edmenes del narcotr\u00e1fico en M\u00e9xico ya lleva 20 En Sonora en Equipo publicamos toda la informaci\u00f3n de Sonora, M\u00e9xico y el Mundo de manera oportuna y busca que la libertad de expresi\u00f3n sea real. Visita nuestro medio informativo publicado desde Hermosillo, Sonora. %\" \/>\n<meta property=\"og:url\" content=\"https:\/\/www.sonoraenequipo.com.mx\/prensa-alemana-destaca-tema-de-los-desaparecidos-en-mexico\/\" \/>\n<meta property=\"og:site_name\" content=\"Sonora en Equipo.\" \/>\n<meta property=\"article:publisher\" content=\"https:\/\/www.facebook.com\/SonoraEE\/\" \/>\n<meta property=\"article:author\" content=\"https:\/\/www.facebook.com\/SonoraEE\" \/>\n<meta property=\"article:published_time\" content=\"2026-04-26T19:18:29+00:00\" \/>\n<meta property=\"og:image\" content=\"https:\/\/www.sonoraenequipo.com.mx\/storage\/2026\/04\/desaparecidos.jpg\" \/>\n\t<meta property=\"og:image:width\" content=\"600\" \/>\n\t<meta property=\"og:image:height\" content=\"400\" \/>\n\t<meta property=\"og:image:type\" content=\"image\/jpeg\" \/>\n<meta name=\"author\" content=\"enequipo\" \/>\n<meta name=\"twitter:card\" content=\"summary_large_image\" \/>\n<meta name=\"twitter:creator\" content=\"@sonoraenequipo\" \/>\n<meta name=\"twitter:site\" content=\"@sonoraenequipo\" \/>\n<meta name=\"twitter:label1\" content=\"Escrito por\" \/>\n\t<meta name=\"twitter:data1\" content=\"enequipo\" \/>\n\t<meta name=\"twitter:label2\" content=\"Tiempo de lectura\" \/>\n\t<meta name=\"twitter:data2\" content=\"4 minutos\" \/>\n<script type=\"application\/ld+json\" class=\"yoast-schema-graph\">{\"@context\":\"https:\/\/schema.org\",\"@graph\":[{\"@type\":\"Article\",\"@id\":\"https:\/\/www.sonoraenequipo.com.mx\/prensa-alemana-destaca-tema-de-los-desaparecidos-en-mexico\/#article\",\"isPartOf\":{\"@id\":\"https:\/\/www.sonoraenequipo.com.mx\/prensa-alemana-destaca-tema-de-los-desaparecidos-en-mexico\/\"},\"author\":{\"name\":\"enequipo\",\"@id\":\"https:\/\/www.sonoraenequipo.com.mx\/#\/schema\/person\/50102df0fb23a8fa9e8effad8fa81386\"},\"headline\":\"Prensa alemana destaca tema de los desaparecidos en M\u00e9xico\",\"datePublished\":\"2026-04-26T19:18:29+00:00\",\"mainEntityOfPage\":{\"@id\":\"https:\/\/www.sonoraenequipo.com.mx\/prensa-alemana-destaca-tema-de-los-desaparecidos-en-mexico\/\"},\"wordCount\":766,\"commentCount\":0,\"publisher\":{\"@id\":\"https:\/\/www.sonoraenequipo.com.mx\/#organization\"},\"image\":{\"@id\":\"https:\/\/www.sonoraenequipo.com.mx\/prensa-alemana-destaca-tema-de-los-desaparecidos-en-mexico\/#primaryimage\"},\"thumbnailUrl\":\"https:\/\/www.sonoraenequipo.com.mx\/storage\/2026\/04\/desaparecidos.jpg\",\"keywords\":[\"desaparecidos\",\"mexico\"],\"articleSection\":[\"MUNDO\"],\"inLanguage\":\"es\",\"potentialAction\":[{\"@type\":\"CommentAction\",\"name\":\"Comment\",\"target\":[\"https:\/\/www.sonoraenequipo.com.mx\/prensa-alemana-destaca-tema-de-los-desaparecidos-en-mexico\/#respond\"]}]},{\"@type\":\"WebPage\",\"@id\":\"https:\/\/www.sonoraenequipo.com.mx\/prensa-alemana-destaca-tema-de-los-desaparecidos-en-mexico\/\",\"url\":\"https:\/\/www.sonoraenequipo.com.mx\/prensa-alemana-destaca-tema-de-los-desaparecidos-en-mexico\/\",\"name\":\"Sonora en Equipo. Prensa alemana destaca tema de los desaparecidos en M\u00e9xico MUNDO\",\"isPartOf\":{\"@id\":\"https:\/\/www.sonoraenequipo.com.mx\/#website\"},\"primaryImageOfPage\":{\"@id\":\"https:\/\/www.sonoraenequipo.com.mx\/prensa-alemana-destaca-tema-de-los-desaparecidos-en-mexico\/#primaryimage\"},\"image\":{\"@id\":\"https:\/\/www.sonoraenequipo.com.mx\/prensa-alemana-destaca-tema-de-los-desaparecidos-en-mexico\/#primaryimage\"},\"thumbnailUrl\":\"https:\/\/www.sonoraenequipo.com.mx\/storage\/2026\/04\/desaparecidos.jpg\",\"datePublished\":\"2026-04-26T19:18:29+00:00\",\"description\":\"\\\"450.000 muertos, 70.000 cad\u00e1veres no identificados, al menos 128.000 desaparecidos. La guerra contra los cr\u00edmenes del narcotr\u00e1fico en M\u00e9xico ya lleva 20 En Sonora en Equipo publicamos toda la informaci\u00f3n de Sonora, M\u00e9xico y el Mundo de manera oportuna y busca que la libertad de expresi\u00f3n sea real. Visita nuestro medio informativo publicado desde Hermosillo, Sonora. %\",\"breadcrumb\":{\"@id\":\"https:\/\/www.sonoraenequipo.com.mx\/prensa-alemana-destaca-tema-de-los-desaparecidos-en-mexico\/#breadcrumb\"},\"inLanguage\":\"es\",\"potentialAction\":[{\"@type\":\"ReadAction\",\"target\":[\"https:\/\/www.sonoraenequipo.com.mx\/prensa-alemana-destaca-tema-de-los-desaparecidos-en-mexico\/\"]}]},{\"@type\":\"ImageObject\",\"inLanguage\":\"es\",\"@id\":\"https:\/\/www.sonoraenequipo.com.mx\/prensa-alemana-destaca-tema-de-los-desaparecidos-en-mexico\/#primaryimage\",\"url\":\"https:\/\/www.sonoraenequipo.com.mx\/storage\/2026\/04\/desaparecidos.jpg\",\"contentUrl\":\"https:\/\/www.sonoraenequipo.com.mx\/storage\/2026\/04\/desaparecidos.jpg\",\"width\":600,\"height\":400,\"caption\":\"P\u00eenta de un colectivo de b\u00fasqueda de personas desaparecidas en M\u00e9xico, sobre una calle frente al Senado mexicano.Imagen: Raquel Cunha\/REUTERS\"},{\"@type\":\"BreadcrumbList\",\"@id\":\"https:\/\/www.sonoraenequipo.com.mx\/prensa-alemana-destaca-tema-de-los-desaparecidos-en-mexico\/#breadcrumb\",\"itemListElement\":[{\"@type\":\"ListItem\",\"position\":1,\"name\":\"Portada\",\"item\":\"https:\/\/www.sonoraenequipo.com.mx\/\"},{\"@type\":\"ListItem\",\"position\":2,\"name\":\"Prensa alemana destaca tema de los desaparecidos en M\u00e9xico\"}]},{\"@type\":\"WebSite\",\"@id\":\"https:\/\/www.sonoraenequipo.com.mx\/#website\",\"url\":\"https:\/\/www.sonoraenequipo.com.mx\/\",\"name\":\"Sonora en Equipo.\",\"description\":\"Diario en l\u00ednea con Noticias desde Hermosillo, Sonora\",\"publisher\":{\"@id\":\"https:\/\/www.sonoraenequipo.com.mx\/#organization\"},\"potentialAction\":[{\"@type\":\"SearchAction\",\"target\":{\"@type\":\"EntryPoint\",\"urlTemplate\":\"https:\/\/www.sonoraenequipo.com.mx\/?s={search_term_string}\"},\"query-input\":{\"@type\":\"PropertyValueSpecification\",\"valueRequired\":true,\"valueName\":\"search_term_string\"}}],\"inLanguage\":\"es\"},{\"@type\":\"Organization\",\"@id\":\"https:\/\/www.sonoraenequipo.com.mx\/#organization\",\"name\":\"Sonoraenequipo.com.mx\",\"url\":\"https:\/\/www.sonoraenequipo.com.mx\/\",\"logo\":{\"@type\":\"ImageObject\",\"inLanguage\":\"es\",\"@id\":\"https:\/\/www.sonoraenequipo.com.mx\/#\/schema\/logo\/image\/\",\"url\":\"https:\/\/www.sonoraenequipo.com.mx\/storage\/2019\/01\/sonoraenequipo_opt.png\",\"contentUrl\":\"https:\/\/www.sonoraenequipo.com.mx\/storage\/2019\/01\/sonoraenequipo_opt.png\",\"width\":375,\"height\":125,\"caption\":\"Sonoraenequipo.com.mx\"},\"image\":{\"@id\":\"https:\/\/www.sonoraenequipo.com.mx\/#\/schema\/logo\/image\/\"},\"sameAs\":[\"https:\/\/www.facebook.com\/SonoraEE\/\",\"https:\/\/x.com\/sonoraenequipo\",\"https:\/\/www.youtube.com\/channel\/UC338nW-lPEYmJQs4ZABQ1SQ\"]},{\"@type\":\"Person\",\"@id\":\"https:\/\/www.sonoraenequipo.com.mx\/#\/schema\/person\/50102df0fb23a8fa9e8effad8fa81386\",\"name\":\"enequipo\",\"image\":{\"@type\":\"ImageObject\",\"inLanguage\":\"es\",\"@id\":\"https:\/\/www.sonoraenequipo.com.mx\/#\/schema\/person\/image\/\",\"url\":\"https:\/\/secure.gravatar.com\/avatar\/049821681b589dabc0bc20695993ccebb09f5b5d4d790cd9251b97faac7c652b?s=96&d=blank&r=g\",\"contentUrl\":\"https:\/\/secure.gravatar.com\/avatar\/049821681b589dabc0bc20695993ccebb09f5b5d4d790cd9251b97faac7c652b?s=96&d=blank&r=g\",\"caption\":\"enequipo\"},\"sameAs\":[\"https:\/\/www.facebook.com\/SonoraEE\"]}]}<\/script>\n ","yoast_head_json":{"title":"Sonora en Equipo. Prensa alemana destaca tema de los desaparecidos en M\u00e9xico MUNDO","description":"\"450.000 muertos, 70.000 cad\u00e1veres no identificados, al menos 128.000 desaparecidos. La guerra contra los cr\u00edmenes del narcotr\u00e1fico en M\u00e9xico ya lleva 20 En Sonora en Equipo publicamos toda la informaci\u00f3n de Sonora, M\u00e9xico y el Mundo de manera oportuna y busca que la libertad de expresi\u00f3n sea real. Visita nuestro medio informativo publicado desde Hermosillo, Sonora. %","robots":{"index":"index","follow":"follow","max-snippet":"max-snippet:-1","max-image-preview":"max-image-preview:large","max-video-preview":"max-video-preview:-1"},"canonical":"https:\/\/www.sonoraenequipo.com.mx\/prensa-alemana-destaca-tema-de-los-desaparecidos-en-mexico\/","og_locale":"es_ES","og_type":"article","og_title":"Sonora en Equipo. Prensa alemana destaca tema de los desaparecidos en M\u00e9xico MUNDO","og_description":"\"450.000 muertos, 70.000 cad\u00e1veres no identificados, al menos 128.000 desaparecidos. La guerra contra los cr\u00edmenes del narcotr\u00e1fico en M\u00e9xico ya lleva 20 En Sonora en Equipo publicamos toda la informaci\u00f3n de Sonora, M\u00e9xico y el Mundo de manera oportuna y busca que la libertad de expresi\u00f3n sea real. Visita nuestro medio informativo publicado desde Hermosillo, Sonora. %","og_url":"https:\/\/www.sonoraenequipo.com.mx\/prensa-alemana-destaca-tema-de-los-desaparecidos-en-mexico\/","og_site_name":"Sonora en Equipo.","article_publisher":"https:\/\/www.facebook.com\/SonoraEE\/","article_author":"https:\/\/www.facebook.com\/SonoraEE","article_published_time":"2026-04-26T19:18:29+00:00","og_image":[{"width":600,"height":400,"url":"https:\/\/www.sonoraenequipo.com.mx\/storage\/2026\/04\/desaparecidos.jpg","type":"image\/jpeg"}],"author":"enequipo","twitter_card":"summary_large_image","twitter_creator":"@sonoraenequipo","twitter_site":"@sonoraenequipo","twitter_misc":{"Escrito por":"enequipo","Tiempo de lectura":"4 minutos"},"schema":{"@context":"https:\/\/schema.org","@graph":[{"@type":"Article","@id":"https:\/\/www.sonoraenequipo.com.mx\/prensa-alemana-destaca-tema-de-los-desaparecidos-en-mexico\/#article","isPartOf":{"@id":"https:\/\/www.sonoraenequipo.com.mx\/prensa-alemana-destaca-tema-de-los-desaparecidos-en-mexico\/"},"author":{"name":"enequipo","@id":"https:\/\/www.sonoraenequipo.com.mx\/#\/schema\/person\/50102df0fb23a8fa9e8effad8fa81386"},"headline":"Prensa alemana destaca tema de los desaparecidos en M\u00e9xico","datePublished":"2026-04-26T19:18:29+00:00","mainEntityOfPage":{"@id":"https:\/\/www.sonoraenequipo.com.mx\/prensa-alemana-destaca-tema-de-los-desaparecidos-en-mexico\/"},"wordCount":766,"commentCount":0,"publisher":{"@id":"https:\/\/www.sonoraenequipo.com.mx\/#organization"},"image":{"@id":"https:\/\/www.sonoraenequipo.com.mx\/prensa-alemana-destaca-tema-de-los-desaparecidos-en-mexico\/#primaryimage"},"thumbnailUrl":"https:\/\/www.sonoraenequipo.com.mx\/storage\/2026\/04\/desaparecidos.jpg","keywords":["desaparecidos","mexico"],"articleSection":["MUNDO"],"inLanguage":"es","potentialAction":[{"@type":"CommentAction","name":"Comment","target":["https:\/\/www.sonoraenequipo.com.mx\/prensa-alemana-destaca-tema-de-los-desaparecidos-en-mexico\/#respond"]}]},{"@type":"WebPage","@id":"https:\/\/www.sonoraenequipo.com.mx\/prensa-alemana-destaca-tema-de-los-desaparecidos-en-mexico\/","url":"https:\/\/www.sonoraenequipo.com.mx\/prensa-alemana-destaca-tema-de-los-desaparecidos-en-mexico\/","name":"Sonora en Equipo. Prensa alemana destaca tema de los desaparecidos en M\u00e9xico MUNDO","isPartOf":{"@id":"https:\/\/www.sonoraenequipo.com.mx\/#website"},"primaryImageOfPage":{"@id":"https:\/\/www.sonoraenequipo.com.mx\/prensa-alemana-destaca-tema-de-los-desaparecidos-en-mexico\/#primaryimage"},"image":{"@id":"https:\/\/www.sonoraenequipo.com.mx\/prensa-alemana-destaca-tema-de-los-desaparecidos-en-mexico\/#primaryimage"},"thumbnailUrl":"https:\/\/www.sonoraenequipo.com.mx\/storage\/2026\/04\/desaparecidos.jpg","datePublished":"2026-04-26T19:18:29+00:00","description":"\"450.000 muertos, 70.000 cad\u00e1veres no identificados, al menos 128.000 desaparecidos. La guerra contra los cr\u00edmenes del narcotr\u00e1fico en M\u00e9xico ya lleva 20 En Sonora en Equipo publicamos toda la informaci\u00f3n de Sonora, M\u00e9xico y el Mundo de manera oportuna y busca que la libertad de expresi\u00f3n sea real. Visita nuestro medio informativo publicado desde Hermosillo, Sonora. %","breadcrumb":{"@id":"https:\/\/www.sonoraenequipo.com.mx\/prensa-alemana-destaca-tema-de-los-desaparecidos-en-mexico\/#breadcrumb"},"inLanguage":"es","potentialAction":[{"@type":"ReadAction","target":["https:\/\/www.sonoraenequipo.com.mx\/prensa-alemana-destaca-tema-de-los-desaparecidos-en-mexico\/"]}]},{"@type":"ImageObject","inLanguage":"es","@id":"https:\/\/www.sonoraenequipo.com.mx\/prensa-alemana-destaca-tema-de-los-desaparecidos-en-mexico\/#primaryimage","url":"https:\/\/www.sonoraenequipo.com.mx\/storage\/2026\/04\/desaparecidos.jpg","contentUrl":"https:\/\/www.sonoraenequipo.com.mx\/storage\/2026\/04\/desaparecidos.jpg","width":600,"height":400,"caption":"P\u00eenta de un colectivo de b\u00fasqueda de personas desaparecidas en M\u00e9xico, sobre una calle frente al Senado mexicano.Imagen: Raquel Cunha\/REUTERS"},{"@type":"BreadcrumbList","@id":"https:\/\/www.sonoraenequipo.com.mx\/prensa-alemana-destaca-tema-de-los-desaparecidos-en-mexico\/#breadcrumb","itemListElement":[{"@type":"ListItem","position":1,"name":"Portada","item":"https:\/\/www.sonoraenequipo.com.mx\/"},{"@type":"ListItem","position":2,"name":"Prensa alemana destaca tema de los desaparecidos en M\u00e9xico"}]},{"@type":"WebSite","@id":"https:\/\/www.sonoraenequipo.com.mx\/#website","url":"https:\/\/www.sonoraenequipo.com.mx\/","name":"Sonora en Equipo.","description":"Diario en l\u00ednea con Noticias desde Hermosillo, Sonora","publisher":{"@id":"https:\/\/www.sonoraenequipo.com.mx\/#organization"},"potentialAction":[{"@type":"SearchAction","target":{"@type":"EntryPoint","urlTemplate":"https:\/\/www.sonoraenequipo.com.mx\/?s={search_term_string}"},"query-input":{"@type":"PropertyValueSpecification","valueRequired":true,"valueName":"search_term_string"}}],"inLanguage":"es"},{"@type":"Organization","@id":"https:\/\/www.sonoraenequipo.com.mx\/#organization","name":"Sonoraenequipo.com.mx","url":"https:\/\/www.sonoraenequipo.com.mx\/","logo":{"@type":"ImageObject","inLanguage":"es","@id":"https:\/\/www.sonoraenequipo.com.mx\/#\/schema\/logo\/image\/","url":"https:\/\/www.sonoraenequipo.com.mx\/storage\/2019\/01\/sonoraenequipo_opt.png","contentUrl":"https:\/\/www.sonoraenequipo.com.mx\/storage\/2019\/01\/sonoraenequipo_opt.png","width":375,"height":125,"caption":"Sonoraenequipo.com.mx"},"image":{"@id":"https:\/\/www.sonoraenequipo.com.mx\/#\/schema\/logo\/image\/"},"sameAs":["https:\/\/www.facebook.com\/SonoraEE\/","https:\/\/x.com\/sonoraenequipo","https:\/\/www.youtube.com\/channel\/UC338nW-lPEYmJQs4ZABQ1SQ"]},{"@type":"Person","@id":"https:\/\/www.sonoraenequipo.com.mx\/#\/schema\/person\/50102df0fb23a8fa9e8effad8fa81386","name":"enequipo","image":{"@type":"ImageObject","inLanguage":"es","@id":"https:\/\/www.sonoraenequipo.com.mx\/#\/schema\/person\/image\/","url":"https:\/\/secure.gravatar.com\/avatar\/049821681b589dabc0bc20695993ccebb09f5b5d4d790cd9251b97faac7c652b?s=96&d=blank&r=g","contentUrl":"https:\/\/secure.gravatar.com\/avatar\/049821681b589dabc0bc20695993ccebb09f5b5d4d790cd9251b97faac7c652b?s=96&d=blank&r=g","caption":"enequipo"},"sameAs":["https:\/\/www.facebook.com\/SonoraEE"]}]}},"jetpack_featured_media_url":"https:\/\/www.sonoraenequipo.com.mx\/storage\/2026\/04\/desaparecidos.jpg","_links":{"self":[{"href":"https:\/\/www.sonoraenequipo.com.mx\/api\/wp\/v2\/posts\/240594","targetHints":{"allow":["GET"]}}],"collection":[{"href":"https:\/\/www.sonoraenequipo.com.mx\/api\/wp\/v2\/posts"}],"about":[{"href":"https:\/\/www.sonoraenequipo.com.mx\/api\/wp\/v2\/types\/post"}],"author":[{"embeddable":true,"href":"https:\/\/www.sonoraenequipo.com.mx\/api\/wp\/v2\/users\/1"}],"replies":[{"embeddable":true,"href":"https:\/\/www.sonoraenequipo.com.mx\/api\/wp\/v2\/comments?post=240594"}],"version-history":[{"count":1,"href":"https:\/\/www.sonoraenequipo.com.mx\/api\/wp\/v2\/posts\/240594\/revisions"}],"predecessor-version":[{"id":240596,"href":"https:\/\/www.sonoraenequipo.com.mx\/api\/wp\/v2\/posts\/240594\/revisions\/240596"}],"wp:featuredmedia":[{"embeddable":true,"href":"https:\/\/www.sonoraenequipo.com.mx\/api\/wp\/v2\/media\/240595"}],"wp:attachment":[{"href":"https:\/\/www.sonoraenequipo.com.mx\/api\/wp\/v2\/media?parent=240594"}],"wp:term":[{"taxonomy":"category","embeddable":true,"href":"https:\/\/www.sonoraenequipo.com.mx\/api\/wp\/v2\/categories?post=240594"},{"taxonomy":"post_tag","embeddable":true,"href":"https:\/\/www.sonoraenequipo.com.mx\/api\/wp\/v2\/tags?post=240594"}],"curies":[{"name":"wp","href":"https:\/\/api.w.org\/{rel}","templated":true}]}}