{"id":240603,"date":"2026-04-26T13:34:44","date_gmt":"2026-04-26T20:34:44","guid":{"rendered":"https:\/\/www.sonoraenequipo.com.mx\/?p=240603"},"modified":"2026-04-26T13:34:44","modified_gmt":"2026-04-26T20:34:44","slug":"cuenta-itama-con-personal-capacitado-para-minimizar-riesgos-en-caso-de-emergencias","status":"publish","type":"post","link":"https:\/\/www.sonoraenequipo.com.mx\/cuenta-itama-con-personal-capacitado-para-minimizar-riesgos-en-caso-de-emergencias\/","title":{"rendered":"Cuenta ITAMA con personal capacitado para minimizar riesgos en caso de emergencias"},"content":{"rendered":"<p><strong>HERMOSILLO, SONORA, MX. \u2014<\/strong> Para hacer frente a situaciones de riesgo o peligro, el Instituto de Tratamiento y de Aplicaci\u00f3n de Medidas para Adolescentes (ITAMA) dota al personal que labora al interior de los centros especializados de conocimientos b\u00e1sicos en protecci\u00f3n civil y primeros auxilios.<\/p>\n<p>&nbsp;<\/p>\n<p>&nbsp;<\/p>\n<p>&nbsp;<\/p>\n<p>Con el apoyo de expertos en el tema, ITAMA provee capacitaciones en temas vitales a psic\u00f3logos, trabajadores sociales, personal jur\u00eddico, instructores educativos, administrativos y gu\u00edas t\u00e9cnicos que trabajan directamente con las y los j\u00f3venes que cumplen una medida en internamiento.<\/p>\n<p>&nbsp;<\/p>\n<p>&nbsp;<\/p>\n<p>&nbsp;<\/p>\n<p>Como parte del fomento a la cultura de prevenci\u00f3n, ITAMA provee a los equipos de trabajo de herramientas \u00fatiles para actuar con calma y eficacia, colaborando a salvar vidas, reducir riesgos y minimizar da\u00f1os ante emergencias.<\/p>\n<p>&nbsp;<\/p>\n<p>&nbsp;<\/p>\n<p>&nbsp;<\/p>\n<p>Comprometidos a trabajar por la reinserci\u00f3n social, la instituci\u00f3n fortalece adicionalmente sus equipos con entrenamientos indispensables para ofrecer condiciones de seguridad y protecci\u00f3n a la integridad f\u00edsica de las y los j\u00f3venes.<\/p>\n<p>&nbsp;<\/p>\n<p>&nbsp;<\/p>\n<p>&nbsp;<\/p>\n<p>Para ello, impulsa cursos de capacitaci\u00f3n te\u00f3rica y pr\u00e1ctica en temas de:<\/p>\n<p>&nbsp;<\/p>\n<ul>\n<li>Primeros auxilios\u2028\u2022 Reanimaci\u00f3n cardiopulmonar (RCP)\u2028\u2022 Control de hemorragias, vendajes, atenci\u00f3n a quemaduras y fracturas\u2028\u2022 Evaluaci\u00f3n de situaciones de riesgo\u2028\u2022 Evacuaci\u00f3n de inmuebles\u2028\u2022 Uso de extintores<\/li>\n<\/ul>\n<p>&nbsp;<\/p>\n<p>&nbsp;<\/p>\n<p>&nbsp;<\/p>\n<p>Cabe destacar que ITAMA, para dar cumplimiento al rubro de atenci\u00f3n en caso de inminente riesgo de las y los j\u00f3venes, as\u00ed como del personal, cuenta con brigadistas multifuncionales y un plan interno de protecci\u00f3n civil en cada uno de los centros de tratamiento.<\/p>\n<p><strong>Fecha de publicaci\u00f3n domingo 26 de abril de 2026<\/strong><\/p>\n","protected":false},"excerpt":{"rendered":"<p>HERMOSILLO, SONORA, MX. \u2014 Para hacer frente a situaciones de riesgo o peligro, el Instituto&#8230;<\/p>\n","protected":false},"author":1,"featured_media":240604,"comment_status":"open","ping_status":"open","sticky":false,"template":"","format":"standard","meta":{"_monsterinsights_skip_tracking":false,"_monsterinsights_sitenote_active":false,"_monsterinsights_sitenote_note":"","_monsterinsights_sitenote_category":0,"footnotes":""},"categories":[22],"tags":[3541,3269],"class_list":["post"],"yoast_head":" \n<title>Sonora en Equipo. Cuenta ITAMA con personal capacitado para minimizar riesgos en caso de emergencias Sonora<\/title>\n<meta name=\"description\" content=\"HERMOSILLO, SONORA, MX. \u2014 Para hacer frente a situaciones de riesgo o peligro, el Instituto de Tratamiento y de Aplicaci\u00f3n de Medidas para Adolescentes En Sonora en Equipo publicamos toda la informaci\u00f3n de Sonora, M\u00e9xico y el Mundo de manera oportuna y busca que la libertad de expresi\u00f3n sea real. Visita nuestro medio informativo publicado desde Hermosillo, Sonora. %\" \/>\n<meta name=\"robots\" content=\"index, follow, max-snippet:-1, max-image-preview:large, max-video-preview:-1\" \/>\n<link rel=\"canonical\" href=\"https:\/\/www.sonoraenequipo.com.mx\/cuenta-itama-con-personal-capacitado-para-minimizar-riesgos-en-caso-de-emergencias\/\" \/>\n<meta property=\"og:locale\" content=\"es_ES\" \/>\n<meta property=\"og:type\" content=\"article\" \/>\n<meta property=\"og:title\" content=\"Sonora en Equipo. Cuenta ITAMA con personal capacitado para minimizar riesgos en caso de emergencias Sonora\" \/>\n<meta property=\"og:description\" content=\"HERMOSILLO, SONORA, MX. \u2014 Para hacer frente a situaciones de riesgo o peligro, el Instituto de Tratamiento y de Aplicaci\u00f3n de Medidas para Adolescentes En Sonora en Equipo publicamos toda la informaci\u00f3n de Sonora, M\u00e9xico y el Mundo de manera oportuna y busca que la libertad de expresi\u00f3n sea real. Visita nuestro medio informativo publicado desde Hermosillo, Sonora. %\" \/>\n<meta property=\"og:url\" content=\"https:\/\/www.sonoraenequipo.com.mx\/cuenta-itama-con-personal-capacitado-para-minimizar-riesgos-en-caso-de-emergencias\/\" \/>\n<meta property=\"og:site_name\" content=\"Sonora en Equipo.\" \/>\n<meta property=\"article:publisher\" content=\"https:\/\/www.facebook.com\/SonoraEE\/\" \/>\n<meta property=\"article:author\" content=\"https:\/\/www.facebook.com\/SonoraEE\" \/>\n<meta property=\"article:published_time\" content=\"2026-04-26T20:34:44+00:00\" \/>\n<meta property=\"og:image\" content=\"https:\/\/www.sonoraenequipo.com.mx\/storage\/2026\/04\/itama-preparacion-ER.jpg\" \/>\n\t<meta property=\"og:image:width\" content=\"600\" \/>\n\t<meta property=\"og:image:height\" content=\"400\" \/>\n\t<meta property=\"og:image:type\" content=\"image\/jpeg\" \/>\n<meta name=\"author\" content=\"enequipo\" \/>\n<meta name=\"twitter:card\" content=\"summary_large_image\" \/>\n<meta name=\"twitter:creator\" content=\"@sonoraenequipo\" \/>\n<meta name=\"twitter:site\" content=\"@sonoraenequipo\" \/>\n<meta name=\"twitter:label1\" content=\"Escrito por\" \/>\n\t<meta name=\"twitter:data1\" content=\"enequipo\" \/>\n\t<meta name=\"twitter:label2\" content=\"Tiempo de lectura\" \/>\n\t<meta name=\"twitter:data2\" content=\"1 minuto\" \/>\n<script type=\"application\/ld+json\" class=\"yoast-schema-graph\">{\"@context\":\"https:\/\/schema.org\",\"@graph\":[{\"@type\":\"Article\",\"@id\":\"https:\/\/www.sonoraenequipo.com.mx\/cuenta-itama-con-personal-capacitado-para-minimizar-riesgos-en-caso-de-emergencias\/#article\",\"isPartOf\":{\"@id\":\"https:\/\/www.sonoraenequipo.com.mx\/cuenta-itama-con-personal-capacitado-para-minimizar-riesgos-en-caso-de-emergencias\/\"},\"author\":{\"name\":\"enequipo\",\"@id\":\"https:\/\/www.sonoraenequipo.com.mx\/#\/schema\/person\/50102df0fb23a8fa9e8effad8fa81386\"},\"headline\":\"Cuenta ITAMA con personal capacitado para minimizar riesgos en caso de emergencias\",\"datePublished\":\"2026-04-26T20:34:44+00:00\",\"mainEntityOfPage\":{\"@id\":\"https:\/\/www.sonoraenequipo.com.mx\/cuenta-itama-con-personal-capacitado-para-minimizar-riesgos-en-caso-de-emergencias\/\"},\"wordCount\":294,\"commentCount\":0,\"publisher\":{\"@id\":\"https:\/\/www.sonoraenequipo.com.mx\/#organization\"},\"image\":{\"@id\":\"https:\/\/www.sonoraenequipo.com.mx\/cuenta-itama-con-personal-capacitado-para-minimizar-riesgos-en-caso-de-emergencias\/#primaryimage\"},\"thumbnailUrl\":\"https:\/\/www.sonoraenequipo.com.mx\/storage\/2026\/04\/itama-preparacion-ER.jpg\",\"keywords\":[\"emergencias\",\"ITAMA\"],\"articleSection\":[\"Sonora\"],\"inLanguage\":\"es\",\"potentialAction\":[{\"@type\":\"CommentAction\",\"name\":\"Comment\",\"target\":[\"https:\/\/www.sonoraenequipo.com.mx\/cuenta-itama-con-personal-capacitado-para-minimizar-riesgos-en-caso-de-emergencias\/#respond\"]}]},{\"@type\":\"WebPage\",\"@id\":\"https:\/\/www.sonoraenequipo.com.mx\/cuenta-itama-con-personal-capacitado-para-minimizar-riesgos-en-caso-de-emergencias\/\",\"url\":\"https:\/\/www.sonoraenequipo.com.mx\/cuenta-itama-con-personal-capacitado-para-minimizar-riesgos-en-caso-de-emergencias\/\",\"name\":\"Sonora en Equipo. Cuenta ITAMA con personal capacitado para minimizar riesgos en caso de emergencias Sonora\",\"isPartOf\":{\"@id\":\"https:\/\/www.sonoraenequipo.com.mx\/#website\"},\"primaryImageOfPage\":{\"@id\":\"https:\/\/www.sonoraenequipo.com.mx\/cuenta-itama-con-personal-capacitado-para-minimizar-riesgos-en-caso-de-emergencias\/#primaryimage\"},\"image\":{\"@id\":\"https:\/\/www.sonoraenequipo.com.mx\/cuenta-itama-con-personal-capacitado-para-minimizar-riesgos-en-caso-de-emergencias\/#primaryimage\"},\"thumbnailUrl\":\"https:\/\/www.sonoraenequipo.com.mx\/storage\/2026\/04\/itama-preparacion-ER.jpg\",\"datePublished\":\"2026-04-26T20:34:44+00:00\",\"description\":\"HERMOSILLO, SONORA, MX. \u2014 Para hacer frente a situaciones de riesgo o peligro, el Instituto de Tratamiento y de Aplicaci\u00f3n de Medidas para Adolescentes En Sonora en Equipo publicamos toda la informaci\u00f3n de Sonora, M\u00e9xico y el Mundo de manera oportuna y busca que la libertad de expresi\u00f3n sea real. Visita nuestro medio informativo publicado desde Hermosillo, Sonora. %\",\"breadcrumb\":{\"@id\":\"https:\/\/www.sonoraenequipo.com.mx\/cuenta-itama-con-personal-capacitado-para-minimizar-riesgos-en-caso-de-emergencias\/#breadcrumb\"},\"inLanguage\":\"es\",\"potentialAction\":[{\"@type\":\"ReadAction\",\"target\":[\"https:\/\/www.sonoraenequipo.com.mx\/cuenta-itama-con-personal-capacitado-para-minimizar-riesgos-en-caso-de-emergencias\/\"]}]},{\"@type\":\"ImageObject\",\"inLanguage\":\"es\",\"@id\":\"https:\/\/www.sonoraenequipo.com.mx\/cuenta-itama-con-personal-capacitado-para-minimizar-riesgos-en-caso-de-emergencias\/#primaryimage\",\"url\":\"https:\/\/www.sonoraenequipo.com.mx\/storage\/2026\/04\/itama-preparacion-ER.jpg\",\"contentUrl\":\"https:\/\/www.sonoraenequipo.com.mx\/storage\/2026\/04\/itama-preparacion-ER.jpg\",\"width\":600,\"height\":400},{\"@type\":\"BreadcrumbList\",\"@id\":\"https:\/\/www.sonoraenequipo.com.mx\/cuenta-itama-con-personal-capacitado-para-minimizar-riesgos-en-caso-de-emergencias\/#breadcrumb\",\"itemListElement\":[{\"@type\":\"ListItem\",\"position\":1,\"name\":\"Portada\",\"item\":\"https:\/\/www.sonoraenequipo.com.mx\/\"},{\"@type\":\"ListItem\",\"position\":2,\"name\":\"Cuenta ITAMA con personal capacitado para minimizar riesgos en caso de emergencias\"}]},{\"@type\":\"WebSite\",\"@id\":\"https:\/\/www.sonoraenequipo.com.mx\/#website\",\"url\":\"https:\/\/www.sonoraenequipo.com.mx\/\",\"name\":\"Sonora en Equipo.\",\"description\":\"Diario en l\u00ednea con Noticias desde Hermosillo, Sonora\",\"publisher\":{\"@id\":\"https:\/\/www.sonoraenequipo.com.mx\/#organization\"},\"potentialAction\":[{\"@type\":\"SearchAction\",\"target\":{\"@type\":\"EntryPoint\",\"urlTemplate\":\"https:\/\/www.sonoraenequipo.com.mx\/?s={search_term_string}\"},\"query-input\":{\"@type\":\"PropertyValueSpecification\",\"valueRequired\":true,\"valueName\":\"search_term_string\"}}],\"inLanguage\":\"es\"},{\"@type\":\"Organization\",\"@id\":\"https:\/\/www.sonoraenequipo.com.mx\/#organization\",\"name\":\"Sonoraenequipo.com.mx\",\"url\":\"https:\/\/www.sonoraenequipo.com.mx\/\",\"logo\":{\"@type\":\"ImageObject\",\"inLanguage\":\"es\",\"@id\":\"https:\/\/www.sonoraenequipo.com.mx\/#\/schema\/logo\/image\/\",\"url\":\"https:\/\/www.sonoraenequipo.com.mx\/storage\/2019\/01\/sonoraenequipo_opt.png\",\"contentUrl\":\"https:\/\/www.sonoraenequipo.com.mx\/storage\/2019\/01\/sonoraenequipo_opt.png\",\"width\":375,\"height\":125,\"caption\":\"Sonoraenequipo.com.mx\"},\"image\":{\"@id\":\"https:\/\/www.sonoraenequipo.com.mx\/#\/schema\/logo\/image\/\"},\"sameAs\":[\"https:\/\/www.facebook.com\/SonoraEE\/\",\"https:\/\/x.com\/sonoraenequipo\",\"https:\/\/www.youtube.com\/channel\/UC338nW-lPEYmJQs4ZABQ1SQ\"]},{\"@type\":\"Person\",\"@id\":\"https:\/\/www.sonoraenequipo.com.mx\/#\/schema\/person\/50102df0fb23a8fa9e8effad8fa81386\",\"name\":\"enequipo\",\"image\":{\"@type\":\"ImageObject\",\"inLanguage\":\"es\",\"@id\":\"https:\/\/www.sonoraenequipo.com.mx\/#\/schema\/person\/image\/\",\"url\":\"https:\/\/secure.gravatar.com\/avatar\/049821681b589dabc0bc20695993ccebb09f5b5d4d790cd9251b97faac7c652b?s=96&d=blank&r=g\",\"contentUrl\":\"https:\/\/secure.gravatar.com\/avatar\/049821681b589dabc0bc20695993ccebb09f5b5d4d790cd9251b97faac7c652b?s=96&d=blank&r=g\",\"caption\":\"enequipo\"},\"sameAs\":[\"https:\/\/www.facebook.com\/SonoraEE\"]}]}<\/script>\n ","yoast_head_json":{"title":"Sonora en Equipo. Cuenta ITAMA con personal capacitado para minimizar riesgos en caso de emergencias Sonora","description":"HERMOSILLO, SONORA, MX. \u2014 Para hacer frente a situaciones de riesgo o peligro, el Instituto de Tratamiento y de Aplicaci\u00f3n de Medidas para Adolescentes En Sonora en Equipo publicamos toda la informaci\u00f3n de Sonora, M\u00e9xico y el Mundo de manera oportuna y busca que la libertad de expresi\u00f3n sea real. Visita nuestro medio informativo publicado desde Hermosillo, Sonora. %","robots":{"index":"index","follow":"follow","max-snippet":"max-snippet:-1","max-image-preview":"max-image-preview:large","max-video-preview":"max-video-preview:-1"},"canonical":"https:\/\/www.sonoraenequipo.com.mx\/cuenta-itama-con-personal-capacitado-para-minimizar-riesgos-en-caso-de-emergencias\/","og_locale":"es_ES","og_type":"article","og_title":"Sonora en Equipo. Cuenta ITAMA con personal capacitado para minimizar riesgos en caso de emergencias Sonora","og_description":"HERMOSILLO, SONORA, MX. \u2014 Para hacer frente a situaciones de riesgo o peligro, el Instituto de Tratamiento y de Aplicaci\u00f3n de Medidas para Adolescentes En Sonora en Equipo publicamos toda la informaci\u00f3n de Sonora, M\u00e9xico y el Mundo de manera oportuna y busca que la libertad de expresi\u00f3n sea real. Visita nuestro medio informativo publicado desde Hermosillo, Sonora. %","og_url":"https:\/\/www.sonoraenequipo.com.mx\/cuenta-itama-con-personal-capacitado-para-minimizar-riesgos-en-caso-de-emergencias\/","og_site_name":"Sonora en Equipo.","article_publisher":"https:\/\/www.facebook.com\/SonoraEE\/","article_author":"https:\/\/www.facebook.com\/SonoraEE","article_published_time":"2026-04-26T20:34:44+00:00","og_image":[{"width":600,"height":400,"url":"https:\/\/www.sonoraenequipo.com.mx\/storage\/2026\/04\/itama-preparacion-ER.jpg","type":"image\/jpeg"}],"author":"enequipo","twitter_card":"summary_large_image","twitter_creator":"@sonoraenequipo","twitter_site":"@sonoraenequipo","twitter_misc":{"Escrito por":"enequipo","Tiempo de lectura":"1 minuto"},"schema":{"@context":"https:\/\/schema.org","@graph":[{"@type":"Article","@id":"https:\/\/www.sonoraenequipo.com.mx\/cuenta-itama-con-personal-capacitado-para-minimizar-riesgos-en-caso-de-emergencias\/#article","isPartOf":{"@id":"https:\/\/www.sonoraenequipo.com.mx\/cuenta-itama-con-personal-capacitado-para-minimizar-riesgos-en-caso-de-emergencias\/"},"author":{"name":"enequipo","@id":"https:\/\/www.sonoraenequipo.com.mx\/#\/schema\/person\/50102df0fb23a8fa9e8effad8fa81386"},"headline":"Cuenta ITAMA con personal capacitado para minimizar riesgos en caso de emergencias","datePublished":"2026-04-26T20:34:44+00:00","mainEntityOfPage":{"@id":"https:\/\/www.sonoraenequipo.com.mx\/cuenta-itama-con-personal-capacitado-para-minimizar-riesgos-en-caso-de-emergencias\/"},"wordCount":294,"commentCount":0,"publisher":{"@id":"https:\/\/www.sonoraenequipo.com.mx\/#organization"},"image":{"@id":"https:\/\/www.sonoraenequipo.com.mx\/cuenta-itama-con-personal-capacitado-para-minimizar-riesgos-en-caso-de-emergencias\/#primaryimage"},"thumbnailUrl":"https:\/\/www.sonoraenequipo.com.mx\/storage\/2026\/04\/itama-preparacion-ER.jpg","keywords":["emergencias","ITAMA"],"articleSection":["Sonora"],"inLanguage":"es","potentialAction":[{"@type":"CommentAction","name":"Comment","target":["https:\/\/www.sonoraenequipo.com.mx\/cuenta-itama-con-personal-capacitado-para-minimizar-riesgos-en-caso-de-emergencias\/#respond"]}]},{"@type":"WebPage","@id":"https:\/\/www.sonoraenequipo.com.mx\/cuenta-itama-con-personal-capacitado-para-minimizar-riesgos-en-caso-de-emergencias\/","url":"https:\/\/www.sonoraenequipo.com.mx\/cuenta-itama-con-personal-capacitado-para-minimizar-riesgos-en-caso-de-emergencias\/","name":"Sonora en Equipo. Cuenta ITAMA con personal capacitado para minimizar riesgos en caso de emergencias Sonora","isPartOf":{"@id":"https:\/\/www.sonoraenequipo.com.mx\/#website"},"primaryImageOfPage":{"@id":"https:\/\/www.sonoraenequipo.com.mx\/cuenta-itama-con-personal-capacitado-para-minimizar-riesgos-en-caso-de-emergencias\/#primaryimage"},"image":{"@id":"https:\/\/www.sonoraenequipo.com.mx\/cuenta-itama-con-personal-capacitado-para-minimizar-riesgos-en-caso-de-emergencias\/#primaryimage"},"thumbnailUrl":"https:\/\/www.sonoraenequipo.com.mx\/storage\/2026\/04\/itama-preparacion-ER.jpg","datePublished":"2026-04-26T20:34:44+00:00","description":"HERMOSILLO, SONORA, MX. \u2014 Para hacer frente a situaciones de riesgo o peligro, el Instituto de Tratamiento y de Aplicaci\u00f3n de Medidas para Adolescentes En Sonora en Equipo publicamos toda la informaci\u00f3n de Sonora, M\u00e9xico y el Mundo de manera oportuna y busca que la libertad de expresi\u00f3n sea real. Visita nuestro medio informativo publicado desde Hermosillo, Sonora. %","breadcrumb":{"@id":"https:\/\/www.sonoraenequipo.com.mx\/cuenta-itama-con-personal-capacitado-para-minimizar-riesgos-en-caso-de-emergencias\/#breadcrumb"},"inLanguage":"es","potentialAction":[{"@type":"ReadAction","target":["https:\/\/www.sonoraenequipo.com.mx\/cuenta-itama-con-personal-capacitado-para-minimizar-riesgos-en-caso-de-emergencias\/"]}]},{"@type":"ImageObject","inLanguage":"es","@id":"https:\/\/www.sonoraenequipo.com.mx\/cuenta-itama-con-personal-capacitado-para-minimizar-riesgos-en-caso-de-emergencias\/#primaryimage","url":"https:\/\/www.sonoraenequipo.com.mx\/storage\/2026\/04\/itama-preparacion-ER.jpg","contentUrl":"https:\/\/www.sonoraenequipo.com.mx\/storage\/2026\/04\/itama-preparacion-ER.jpg","width":600,"height":400},{"@type":"BreadcrumbList","@id":"https:\/\/www.sonoraenequipo.com.mx\/cuenta-itama-con-personal-capacitado-para-minimizar-riesgos-en-caso-de-emergencias\/#breadcrumb","itemListElement":[{"@type":"ListItem","position":1,"name":"Portada","item":"https:\/\/www.sonoraenequipo.com.mx\/"},{"@type":"ListItem","position":2,"name":"Cuenta ITAMA con personal capacitado para minimizar riesgos en caso de emergencias"}]},{"@type":"WebSite","@id":"https:\/\/www.sonoraenequipo.com.mx\/#website","url":"https:\/\/www.sonoraenequipo.com.mx\/","name":"Sonora en Equipo.","description":"Diario en l\u00ednea con Noticias desde Hermosillo, Sonora","publisher":{"@id":"https:\/\/www.sonoraenequipo.com.mx\/#organization"},"potentialAction":[{"@type":"SearchAction","target":{"@type":"EntryPoint","urlTemplate":"https:\/\/www.sonoraenequipo.com.mx\/?s={search_term_string}"},"query-input":{"@type":"PropertyValueSpecification","valueRequired":true,"valueName":"search_term_string"}}],"inLanguage":"es"},{"@type":"Organization","@id":"https:\/\/www.sonoraenequipo.com.mx\/#organization","name":"Sonoraenequipo.com.mx","url":"https:\/\/www.sonoraenequipo.com.mx\/","logo":{"@type":"ImageObject","inLanguage":"es","@id":"https:\/\/www.sonoraenequipo.com.mx\/#\/schema\/logo\/image\/","url":"https:\/\/www.sonoraenequipo.com.mx\/storage\/2019\/01\/sonoraenequipo_opt.png","contentUrl":"https:\/\/www.sonoraenequipo.com.mx\/storage\/2019\/01\/sonoraenequipo_opt.png","width":375,"height":125,"caption":"Sonoraenequipo.com.mx"},"image":{"@id":"https:\/\/www.sonoraenequipo.com.mx\/#\/schema\/logo\/image\/"},"sameAs":["https:\/\/www.facebook.com\/SonoraEE\/","https:\/\/x.com\/sonoraenequipo","https:\/\/www.youtube.com\/channel\/UC338nW-lPEYmJQs4ZABQ1SQ"]},{"@type":"Person","@id":"https:\/\/www.sonoraenequipo.com.mx\/#\/schema\/person\/50102df0fb23a8fa9e8effad8fa81386","name":"enequipo","image":{"@type":"ImageObject","inLanguage":"es","@id":"https:\/\/www.sonoraenequipo.com.mx\/#\/schema\/person\/image\/","url":"https:\/\/secure.gravatar.com\/avatar\/049821681b589dabc0bc20695993ccebb09f5b5d4d790cd9251b97faac7c652b?s=96&d=blank&r=g","contentUrl":"https:\/\/secure.gravatar.com\/avatar\/049821681b589dabc0bc20695993ccebb09f5b5d4d790cd9251b97faac7c652b?s=96&d=blank&r=g","caption":"enequipo"},"sameAs":["https:\/\/www.facebook.com\/SonoraEE"]}]}},"jetpack_featured_media_url":"https:\/\/www.sonoraenequipo.com.mx\/storage\/2026\/04\/itama-preparacion-ER.jpg","_links":{"self":[{"href":"https:\/\/www.sonoraenequipo.com.mx\/api\/wp\/v2\/posts\/240603","targetHints":{"allow":["GET"]}}],"collection":[{"href":"https:\/\/www.sonoraenequipo.com.mx\/api\/wp\/v2\/posts"}],"about":[{"href":"https:\/\/www.sonoraenequipo.com.mx\/api\/wp\/v2\/types\/post"}],"author":[{"embeddable":true,"href":"https:\/\/www.sonoraenequipo.com.mx\/api\/wp\/v2\/users\/1"}],"replies":[{"embeddable":true,"href":"https:\/\/www.sonoraenequipo.com.mx\/api\/wp\/v2\/comments?post=240603"}],"version-history":[{"count":1,"href":"https:\/\/www.sonoraenequipo.com.mx\/api\/wp\/v2\/posts\/240603\/revisions"}],"predecessor-version":[{"id":240605,"href":"https:\/\/www.sonoraenequipo.com.mx\/api\/wp\/v2\/posts\/240603\/revisions\/240605"}],"wp:featuredmedia":[{"embeddable":true,"href":"https:\/\/www.sonoraenequipo.com.mx\/api\/wp\/v2\/media\/240604"}],"wp:attachment":[{"href":"https:\/\/www.sonoraenequipo.com.mx\/api\/wp\/v2\/media?parent=240603"}],"wp:term":[{"taxonomy":"category","embeddable":true,"href":"https:\/\/www.sonoraenequipo.com.mx\/api\/wp\/v2\/categories?post=240603"},{"taxonomy":"post_tag","embeddable":true,"href":"https:\/\/www.sonoraenequipo.com.mx\/api\/wp\/v2\/tags?post=240603"}],"curies":[{"name":"wp","href":"https:\/\/api.w.org\/{rel}","templated":true}]}}