{"id":240639,"date":"2026-04-27T09:30:30","date_gmt":"2026-04-27T16:30:30","guid":{"rendered":"https:\/\/www.sonoraenequipo.com.mx\/?p=240639"},"modified":"2026-04-27T09:33:45","modified_gmt":"2026-04-27T16:33:45","slug":"saldo-blanco-en-expogan-sonora-2026-tras-reunir-a-mas-de-31-mil-asistentes-en-su-primer-fin-de-semana","status":"publish","type":"post","link":"https:\/\/www.sonoraenequipo.com.mx\/saldo-blanco-en-expogan-sonora-2026-tras-reunir-a-mas-de-31-mil-asistentes-en-su-primer-fin-de-semana\/","title":{"rendered":"Saldo blanco en ExpoGan Sonora 2026 tras reunir a m\u00e1s de 31 mil asistentes en su primer fin de semana"},"content":{"rendered":"<p><strong>HERMOSILLO, SONORA.MX.\u2014\u00a0\u00a0<\/strong> La ExpoGan Sonora 2026 arranc\u00f3 con ambiente familiar y saldo blanco, luego de registrar una afluencia superior a 31 mil personas contabilizados hasta el d\u00eda s\u00e1bado, gracias al operativo preventivo coordinado por la Coordinaci\u00f3n Estatal de Protecci\u00f3n Civil (CEPC), en conjunto con cuerpos de seguridad y emergencias de los tres niveles de gobierno.<\/p>\n<p>&nbsp;<\/p>\n<p>&nbsp;<\/p>\n<p>&nbsp;<\/p>\n<p> <\/p>\n<p>Desde la noche del 22 de abril, personal operativo inici\u00f3 recorridos al interior del recinto de la Uni\u00f3n Ganadera Regional de Sonora, al sur de Hermosillo, con labores de supervisi\u00f3n, detecci\u00f3n de riesgos y atenci\u00f3n inmediata, como parte de la estrategia para resguardar la integridad de asistentes, comerciantes y visitantes.<\/p>\n<p>&nbsp;<\/p>\n<p>&nbsp;<\/p>\n<p>La presencia permanente de elementos en las distintas \u00e1reas del evento ha permitido mantener el orden y la tranquilidad, sin registrarse incidencias relevantes, destacando la coordinaci\u00f3n interinstitucional como factor clave para el desarrollo seguro de las actividades.<\/p>\n<p>&nbsp;<\/p>\n<p>&nbsp;<\/p>\n<p>El operativo contempla vigilancia en accesos, \u00e1reas de concentraci\u00f3n masiva y puntos estrat\u00e9gicos del recinto, adem\u00e1s de recorridos constantes para prevenir accidentes y responder de manera oportuna ante cualquier eventualidad.<\/p>\n<p>&nbsp;<\/p>\n<p><img loading=\"lazy\" decoding=\"async\" class=\"size-full  x-center\" src=\"https:\/\/www.sonoraenequipo.com.mx\/storage\/2026\/04\/Saldo-blanco-en-ExpoGan-Sonora-2026-t-1.jpg\" alt=\"\" width=\"1000\" height=\"560\" \/><\/p>\n<p>&nbsp;<\/p>\n<p>Protecci\u00f3n Civil Sonora reiter\u00f3 que estas acciones forman parte del enfoque preventivo que se mantiene en eventos multitudinarios, con el objetivo de garantizar entornos seguros para las familias sonorenses y turistas que acuden a esta celebraci\u00f3n.<\/p>\n<p>&nbsp;<\/p>\n<p>&nbsp;<\/p>\n<p>El despliegue continuar\u00e1 vigente durante toda la ExpoGan, hasta 17 de mayo, y se exhorta a la poblaci\u00f3n a reportar cualquier emergencia de inmediato a trav\u00e9s de la l\u00ednea 9-1-1.<\/p>\n<p>&nbsp;<\/p>\n<p>&nbsp;<\/p>\n<p>&nbsp;<\/p>\n<p>PUBLICADO EL 27 DE ABRIL 2026 Con informaci\u00f3n de GOBSON 0426\/259)<\/p>\n","protected":false},"excerpt":{"rendered":"<p>HERMOSILLO, SONORA.MX.\u2014\u00a0\u00a0 La ExpoGan Sonora 2026 arranc\u00f3 con ambiente familiar y saldo blanco, luego de&#8230;<\/p>\n","protected":false},"author":1,"featured_media":240641,"comment_status":"open","ping_status":"open","sticky":false,"template":"","format":"standard","meta":{"_monsterinsights_skip_tracking":false,"_monsterinsights_sitenote_active":false,"_monsterinsights_sitenote_note":"","_monsterinsights_sitenote_category":0,"footnotes":""},"categories":[22],"tags":[],"class_list":["post"],"yoast_head":" \n<title>Sonora en Equipo. Saldo blanco en ExpoGan Sonora 2026 tras reunir a m\u00e1s de 31 mil asistentes en su primer fin de semana Sonora<\/title>\n<meta name=\"description\" content=\"HERMOSILLO, SONORA.MX.\u2014\u00a0\u00a0 La ExpoGan Sonora 2026 arranc\u00f3 con ambiente familiar y saldo blanco, luego de registrar una afluencia superior a 31 mil personas En Sonora en Equipo publicamos toda la informaci\u00f3n de Sonora, M\u00e9xico y el Mundo de manera oportuna y busca que la libertad de expresi\u00f3n sea real. Visita nuestro medio informativo publicado desde Hermosillo, Sonora. %\" \/>\n<meta name=\"robots\" content=\"index, follow, max-snippet:-1, max-image-preview:large, max-video-preview:-1\" \/>\n<link rel=\"canonical\" href=\"https:\/\/www.sonoraenequipo.com.mx\/saldo-blanco-en-expogan-sonora-2026-tras-reunir-a-mas-de-31-mil-asistentes-en-su-primer-fin-de-semana\/\" \/>\n<meta property=\"og:locale\" content=\"es_ES\" \/>\n<meta property=\"og:type\" content=\"article\" \/>\n<meta property=\"og:title\" content=\"Sonora en Equipo. Saldo blanco en ExpoGan Sonora 2026 tras reunir a m\u00e1s de 31 mil asistentes en su primer fin de semana Sonora\" \/>\n<meta property=\"og:description\" content=\"HERMOSILLO, SONORA.MX.\u2014\u00a0\u00a0 La ExpoGan Sonora 2026 arranc\u00f3 con ambiente familiar y saldo blanco, luego de registrar una afluencia superior a 31 mil personas En Sonora en Equipo publicamos toda la informaci\u00f3n de Sonora, M\u00e9xico y el Mundo de manera oportuna y busca que la libertad de expresi\u00f3n sea real. Visita nuestro medio informativo publicado desde Hermosillo, Sonora. %\" \/>\n<meta property=\"og:url\" content=\"https:\/\/www.sonoraenequipo.com.mx\/saldo-blanco-en-expogan-sonora-2026-tras-reunir-a-mas-de-31-mil-asistentes-en-su-primer-fin-de-semana\/\" \/>\n<meta property=\"og:site_name\" content=\"Sonora en Equipo.\" \/>\n<meta property=\"article:publisher\" content=\"https:\/\/www.facebook.com\/SonoraEE\/\" \/>\n<meta property=\"article:author\" content=\"https:\/\/www.facebook.com\/SonoraEE\" \/>\n<meta property=\"article:published_time\" content=\"2026-04-27T16:30:30+00:00\" \/>\n<meta property=\"article:modified_time\" content=\"2026-04-27T16:33:45+00:00\" \/>\n<meta property=\"og:image\" content=\"https:\/\/www.sonoraenequipo.com.mx\/storage\/2026\/04\/Saldo-blanco-en-ExpoGan-Sonora-2026-1.jpg\" \/>\n\t<meta property=\"og:image:width\" content=\"1200\" \/>\n\t<meta property=\"og:image:height\" content=\"673\" \/>\n\t<meta property=\"og:image:type\" content=\"image\/jpeg\" \/>\n<meta name=\"author\" content=\"enequipo\" \/>\n<meta name=\"twitter:card\" content=\"summary_large_image\" \/>\n<meta name=\"twitter:creator\" content=\"@sonoraenequipo\" \/>\n<meta name=\"twitter:site\" content=\"@sonoraenequipo\" \/>\n<meta name=\"twitter:label1\" content=\"Escrito por\" \/>\n\t<meta name=\"twitter:data1\" content=\"enequipo\" \/>\n\t<meta name=\"twitter:label2\" content=\"Tiempo de lectura\" \/>\n\t<meta name=\"twitter:data2\" content=\"1 minuto\" \/>\n<script type=\"application\/ld+json\" class=\"yoast-schema-graph\">{\"@context\":\"https:\/\/schema.org\",\"@graph\":[{\"@type\":\"Article\",\"@id\":\"https:\/\/www.sonoraenequipo.com.mx\/saldo-blanco-en-expogan-sonora-2026-tras-reunir-a-mas-de-31-mil-asistentes-en-su-primer-fin-de-semana\/#article\",\"isPartOf\":{\"@id\":\"https:\/\/www.sonoraenequipo.com.mx\/saldo-blanco-en-expogan-sonora-2026-tras-reunir-a-mas-de-31-mil-asistentes-en-su-primer-fin-de-semana\/\"},\"author\":{\"name\":\"enequipo\",\"@id\":\"https:\/\/www.sonoraenequipo.com.mx\/#\/schema\/person\/50102df0fb23a8fa9e8effad8fa81386\"},\"headline\":\"Saldo blanco en ExpoGan Sonora 2026 tras reunir a m\u00e1s de 31 mil asistentes en su primer fin de semana\",\"datePublished\":\"2026-04-27T16:30:30+00:00\",\"dateModified\":\"2026-04-27T16:33:45+00:00\",\"mainEntityOfPage\":{\"@id\":\"https:\/\/www.sonoraenequipo.com.mx\/saldo-blanco-en-expogan-sonora-2026-tras-reunir-a-mas-de-31-mil-asistentes-en-su-primer-fin-de-semana\/\"},\"wordCount\":295,\"commentCount\":0,\"publisher\":{\"@id\":\"https:\/\/www.sonoraenequipo.com.mx\/#organization\"},\"image\":{\"@id\":\"https:\/\/www.sonoraenequipo.com.mx\/saldo-blanco-en-expogan-sonora-2026-tras-reunir-a-mas-de-31-mil-asistentes-en-su-primer-fin-de-semana\/#primaryimage\"},\"thumbnailUrl\":\"https:\/\/www.sonoraenequipo.com.mx\/storage\/2026\/04\/Saldo-blanco-en-ExpoGan-Sonora-2026-1.jpg\",\"articleSection\":[\"Sonora\"],\"inLanguage\":\"es\",\"potentialAction\":[{\"@type\":\"CommentAction\",\"name\":\"Comment\",\"target\":[\"https:\/\/www.sonoraenequipo.com.mx\/saldo-blanco-en-expogan-sonora-2026-tras-reunir-a-mas-de-31-mil-asistentes-en-su-primer-fin-de-semana\/#respond\"]}]},{\"@type\":\"WebPage\",\"@id\":\"https:\/\/www.sonoraenequipo.com.mx\/saldo-blanco-en-expogan-sonora-2026-tras-reunir-a-mas-de-31-mil-asistentes-en-su-primer-fin-de-semana\/\",\"url\":\"https:\/\/www.sonoraenequipo.com.mx\/saldo-blanco-en-expogan-sonora-2026-tras-reunir-a-mas-de-31-mil-asistentes-en-su-primer-fin-de-semana\/\",\"name\":\"Sonora en Equipo. Saldo blanco en ExpoGan Sonora 2026 tras reunir a m\u00e1s de 31 mil asistentes en su primer fin de semana Sonora\",\"isPartOf\":{\"@id\":\"https:\/\/www.sonoraenequipo.com.mx\/#website\"},\"primaryImageOfPage\":{\"@id\":\"https:\/\/www.sonoraenequipo.com.mx\/saldo-blanco-en-expogan-sonora-2026-tras-reunir-a-mas-de-31-mil-asistentes-en-su-primer-fin-de-semana\/#primaryimage\"},\"image\":{\"@id\":\"https:\/\/www.sonoraenequipo.com.mx\/saldo-blanco-en-expogan-sonora-2026-tras-reunir-a-mas-de-31-mil-asistentes-en-su-primer-fin-de-semana\/#primaryimage\"},\"thumbnailUrl\":\"https:\/\/www.sonoraenequipo.com.mx\/storage\/2026\/04\/Saldo-blanco-en-ExpoGan-Sonora-2026-1.jpg\",\"datePublished\":\"2026-04-27T16:30:30+00:00\",\"dateModified\":\"2026-04-27T16:33:45+00:00\",\"description\":\"HERMOSILLO, SONORA.MX.\u2014\u00a0\u00a0 La ExpoGan Sonora 2026 arranc\u00f3 con ambiente familiar y saldo blanco, luego de registrar una afluencia superior a 31 mil personas En Sonora en Equipo publicamos toda la informaci\u00f3n de Sonora, M\u00e9xico y el Mundo de manera oportuna y busca que la libertad de expresi\u00f3n sea real. Visita nuestro medio informativo publicado desde Hermosillo, Sonora. %\",\"breadcrumb\":{\"@id\":\"https:\/\/www.sonoraenequipo.com.mx\/saldo-blanco-en-expogan-sonora-2026-tras-reunir-a-mas-de-31-mil-asistentes-en-su-primer-fin-de-semana\/#breadcrumb\"},\"inLanguage\":\"es\",\"potentialAction\":[{\"@type\":\"ReadAction\",\"target\":[\"https:\/\/www.sonoraenequipo.com.mx\/saldo-blanco-en-expogan-sonora-2026-tras-reunir-a-mas-de-31-mil-asistentes-en-su-primer-fin-de-semana\/\"]}]},{\"@type\":\"ImageObject\",\"inLanguage\":\"es\",\"@id\":\"https:\/\/www.sonoraenequipo.com.mx\/saldo-blanco-en-expogan-sonora-2026-tras-reunir-a-mas-de-31-mil-asistentes-en-su-primer-fin-de-semana\/#primaryimage\",\"url\":\"https:\/\/www.sonoraenequipo.com.mx\/storage\/2026\/04\/Saldo-blanco-en-ExpoGan-Sonora-2026-1.jpg\",\"contentUrl\":\"https:\/\/www.sonoraenequipo.com.mx\/storage\/2026\/04\/Saldo-blanco-en-ExpoGan-Sonora-2026-1.jpg\",\"width\":1200,\"height\":673},{\"@type\":\"BreadcrumbList\",\"@id\":\"https:\/\/www.sonoraenequipo.com.mx\/saldo-blanco-en-expogan-sonora-2026-tras-reunir-a-mas-de-31-mil-asistentes-en-su-primer-fin-de-semana\/#breadcrumb\",\"itemListElement\":[{\"@type\":\"ListItem\",\"position\":1,\"name\":\"Portada\",\"item\":\"https:\/\/www.sonoraenequipo.com.mx\/\"},{\"@type\":\"ListItem\",\"position\":2,\"name\":\"Saldo blanco en ExpoGan Sonora 2026 tras reunir a m\u00e1s de 31 mil asistentes en su primer fin de semana\"}]},{\"@type\":\"WebSite\",\"@id\":\"https:\/\/www.sonoraenequipo.com.mx\/#website\",\"url\":\"https:\/\/www.sonoraenequipo.com.mx\/\",\"name\":\"Sonora en Equipo.\",\"description\":\"Diario en l\u00ednea con Noticias desde Hermosillo, Sonora\",\"publisher\":{\"@id\":\"https:\/\/www.sonoraenequipo.com.mx\/#organization\"},\"potentialAction\":[{\"@type\":\"SearchAction\",\"target\":{\"@type\":\"EntryPoint\",\"urlTemplate\":\"https:\/\/www.sonoraenequipo.com.mx\/?s={search_term_string}\"},\"query-input\":{\"@type\":\"PropertyValueSpecification\",\"valueRequired\":true,\"valueName\":\"search_term_string\"}}],\"inLanguage\":\"es\"},{\"@type\":\"Organization\",\"@id\":\"https:\/\/www.sonoraenequipo.com.mx\/#organization\",\"name\":\"Sonoraenequipo.com.mx\",\"url\":\"https:\/\/www.sonoraenequipo.com.mx\/\",\"logo\":{\"@type\":\"ImageObject\",\"inLanguage\":\"es\",\"@id\":\"https:\/\/www.sonoraenequipo.com.mx\/#\/schema\/logo\/image\/\",\"url\":\"https:\/\/www.sonoraenequipo.com.mx\/storage\/2019\/01\/sonoraenequipo_opt.png\",\"contentUrl\":\"https:\/\/www.sonoraenequipo.com.mx\/storage\/2019\/01\/sonoraenequipo_opt.png\",\"width\":375,\"height\":125,\"caption\":\"Sonoraenequipo.com.mx\"},\"image\":{\"@id\":\"https:\/\/www.sonoraenequipo.com.mx\/#\/schema\/logo\/image\/\"},\"sameAs\":[\"https:\/\/www.facebook.com\/SonoraEE\/\",\"https:\/\/x.com\/sonoraenequipo\",\"https:\/\/www.youtube.com\/channel\/UC338nW-lPEYmJQs4ZABQ1SQ\"]},{\"@type\":\"Person\",\"@id\":\"https:\/\/www.sonoraenequipo.com.mx\/#\/schema\/person\/50102df0fb23a8fa9e8effad8fa81386\",\"name\":\"enequipo\",\"image\":{\"@type\":\"ImageObject\",\"inLanguage\":\"es\",\"@id\":\"https:\/\/www.sonoraenequipo.com.mx\/#\/schema\/person\/image\/\",\"url\":\"https:\/\/secure.gravatar.com\/avatar\/049821681b589dabc0bc20695993ccebb09f5b5d4d790cd9251b97faac7c652b?s=96&d=blank&r=g\",\"contentUrl\":\"https:\/\/secure.gravatar.com\/avatar\/049821681b589dabc0bc20695993ccebb09f5b5d4d790cd9251b97faac7c652b?s=96&d=blank&r=g\",\"caption\":\"enequipo\"},\"sameAs\":[\"https:\/\/www.facebook.com\/SonoraEE\"]}]}<\/script>\n ","yoast_head_json":{"title":"Sonora en Equipo. Saldo blanco en ExpoGan Sonora 2026 tras reunir a m\u00e1s de 31 mil asistentes en su primer fin de semana Sonora","description":"HERMOSILLO, SONORA.MX.\u2014\u00a0\u00a0 La ExpoGan Sonora 2026 arranc\u00f3 con ambiente familiar y saldo blanco, luego de registrar una afluencia superior a 31 mil personas En Sonora en Equipo publicamos toda la informaci\u00f3n de Sonora, M\u00e9xico y el Mundo de manera oportuna y busca que la libertad de expresi\u00f3n sea real. Visita nuestro medio informativo publicado desde Hermosillo, Sonora. %","robots":{"index":"index","follow":"follow","max-snippet":"max-snippet:-1","max-image-preview":"max-image-preview:large","max-video-preview":"max-video-preview:-1"},"canonical":"https:\/\/www.sonoraenequipo.com.mx\/saldo-blanco-en-expogan-sonora-2026-tras-reunir-a-mas-de-31-mil-asistentes-en-su-primer-fin-de-semana\/","og_locale":"es_ES","og_type":"article","og_title":"Sonora en Equipo. Saldo blanco en ExpoGan Sonora 2026 tras reunir a m\u00e1s de 31 mil asistentes en su primer fin de semana Sonora","og_description":"HERMOSILLO, SONORA.MX.\u2014\u00a0\u00a0 La ExpoGan Sonora 2026 arranc\u00f3 con ambiente familiar y saldo blanco, luego de registrar una afluencia superior a 31 mil personas En Sonora en Equipo publicamos toda la informaci\u00f3n de Sonora, M\u00e9xico y el Mundo de manera oportuna y busca que la libertad de expresi\u00f3n sea real. Visita nuestro medio informativo publicado desde Hermosillo, Sonora. %","og_url":"https:\/\/www.sonoraenequipo.com.mx\/saldo-blanco-en-expogan-sonora-2026-tras-reunir-a-mas-de-31-mil-asistentes-en-su-primer-fin-de-semana\/","og_site_name":"Sonora en Equipo.","article_publisher":"https:\/\/www.facebook.com\/SonoraEE\/","article_author":"https:\/\/www.facebook.com\/SonoraEE","article_published_time":"2026-04-27T16:30:30+00:00","article_modified_time":"2026-04-27T16:33:45+00:00","og_image":[{"width":1200,"height":673,"url":"https:\/\/www.sonoraenequipo.com.mx\/storage\/2026\/04\/Saldo-blanco-en-ExpoGan-Sonora-2026-1.jpg","type":"image\/jpeg"}],"author":"enequipo","twitter_card":"summary_large_image","twitter_creator":"@sonoraenequipo","twitter_site":"@sonoraenequipo","twitter_misc":{"Escrito por":"enequipo","Tiempo de lectura":"1 minuto"},"schema":{"@context":"https:\/\/schema.org","@graph":[{"@type":"Article","@id":"https:\/\/www.sonoraenequipo.com.mx\/saldo-blanco-en-expogan-sonora-2026-tras-reunir-a-mas-de-31-mil-asistentes-en-su-primer-fin-de-semana\/#article","isPartOf":{"@id":"https:\/\/www.sonoraenequipo.com.mx\/saldo-blanco-en-expogan-sonora-2026-tras-reunir-a-mas-de-31-mil-asistentes-en-su-primer-fin-de-semana\/"},"author":{"name":"enequipo","@id":"https:\/\/www.sonoraenequipo.com.mx\/#\/schema\/person\/50102df0fb23a8fa9e8effad8fa81386"},"headline":"Saldo blanco en ExpoGan Sonora 2026 tras reunir a m\u00e1s de 31 mil asistentes en su primer fin de semana","datePublished":"2026-04-27T16:30:30+00:00","dateModified":"2026-04-27T16:33:45+00:00","mainEntityOfPage":{"@id":"https:\/\/www.sonoraenequipo.com.mx\/saldo-blanco-en-expogan-sonora-2026-tras-reunir-a-mas-de-31-mil-asistentes-en-su-primer-fin-de-semana\/"},"wordCount":295,"commentCount":0,"publisher":{"@id":"https:\/\/www.sonoraenequipo.com.mx\/#organization"},"image":{"@id":"https:\/\/www.sonoraenequipo.com.mx\/saldo-blanco-en-expogan-sonora-2026-tras-reunir-a-mas-de-31-mil-asistentes-en-su-primer-fin-de-semana\/#primaryimage"},"thumbnailUrl":"https:\/\/www.sonoraenequipo.com.mx\/storage\/2026\/04\/Saldo-blanco-en-ExpoGan-Sonora-2026-1.jpg","articleSection":["Sonora"],"inLanguage":"es","potentialAction":[{"@type":"CommentAction","name":"Comment","target":["https:\/\/www.sonoraenequipo.com.mx\/saldo-blanco-en-expogan-sonora-2026-tras-reunir-a-mas-de-31-mil-asistentes-en-su-primer-fin-de-semana\/#respond"]}]},{"@type":"WebPage","@id":"https:\/\/www.sonoraenequipo.com.mx\/saldo-blanco-en-expogan-sonora-2026-tras-reunir-a-mas-de-31-mil-asistentes-en-su-primer-fin-de-semana\/","url":"https:\/\/www.sonoraenequipo.com.mx\/saldo-blanco-en-expogan-sonora-2026-tras-reunir-a-mas-de-31-mil-asistentes-en-su-primer-fin-de-semana\/","name":"Sonora en Equipo. Saldo blanco en ExpoGan Sonora 2026 tras reunir a m\u00e1s de 31 mil asistentes en su primer fin de semana Sonora","isPartOf":{"@id":"https:\/\/www.sonoraenequipo.com.mx\/#website"},"primaryImageOfPage":{"@id":"https:\/\/www.sonoraenequipo.com.mx\/saldo-blanco-en-expogan-sonora-2026-tras-reunir-a-mas-de-31-mil-asistentes-en-su-primer-fin-de-semana\/#primaryimage"},"image":{"@id":"https:\/\/www.sonoraenequipo.com.mx\/saldo-blanco-en-expogan-sonora-2026-tras-reunir-a-mas-de-31-mil-asistentes-en-su-primer-fin-de-semana\/#primaryimage"},"thumbnailUrl":"https:\/\/www.sonoraenequipo.com.mx\/storage\/2026\/04\/Saldo-blanco-en-ExpoGan-Sonora-2026-1.jpg","datePublished":"2026-04-27T16:30:30+00:00","dateModified":"2026-04-27T16:33:45+00:00","description":"HERMOSILLO, SONORA.MX.\u2014\u00a0\u00a0 La ExpoGan Sonora 2026 arranc\u00f3 con ambiente familiar y saldo blanco, luego de registrar una afluencia superior a 31 mil personas En Sonora en Equipo publicamos toda la informaci\u00f3n de Sonora, M\u00e9xico y el Mundo de manera oportuna y busca que la libertad de expresi\u00f3n sea real. Visita nuestro medio informativo publicado desde Hermosillo, Sonora. %","breadcrumb":{"@id":"https:\/\/www.sonoraenequipo.com.mx\/saldo-blanco-en-expogan-sonora-2026-tras-reunir-a-mas-de-31-mil-asistentes-en-su-primer-fin-de-semana\/#breadcrumb"},"inLanguage":"es","potentialAction":[{"@type":"ReadAction","target":["https:\/\/www.sonoraenequipo.com.mx\/saldo-blanco-en-expogan-sonora-2026-tras-reunir-a-mas-de-31-mil-asistentes-en-su-primer-fin-de-semana\/"]}]},{"@type":"ImageObject","inLanguage":"es","@id":"https:\/\/www.sonoraenequipo.com.mx\/saldo-blanco-en-expogan-sonora-2026-tras-reunir-a-mas-de-31-mil-asistentes-en-su-primer-fin-de-semana\/#primaryimage","url":"https:\/\/www.sonoraenequipo.com.mx\/storage\/2026\/04\/Saldo-blanco-en-ExpoGan-Sonora-2026-1.jpg","contentUrl":"https:\/\/www.sonoraenequipo.com.mx\/storage\/2026\/04\/Saldo-blanco-en-ExpoGan-Sonora-2026-1.jpg","width":1200,"height":673},{"@type":"BreadcrumbList","@id":"https:\/\/www.sonoraenequipo.com.mx\/saldo-blanco-en-expogan-sonora-2026-tras-reunir-a-mas-de-31-mil-asistentes-en-su-primer-fin-de-semana\/#breadcrumb","itemListElement":[{"@type":"ListItem","position":1,"name":"Portada","item":"https:\/\/www.sonoraenequipo.com.mx\/"},{"@type":"ListItem","position":2,"name":"Saldo blanco en ExpoGan Sonora 2026 tras reunir a m\u00e1s de 31 mil asistentes en su primer fin de semana"}]},{"@type":"WebSite","@id":"https:\/\/www.sonoraenequipo.com.mx\/#website","url":"https:\/\/www.sonoraenequipo.com.mx\/","name":"Sonora en Equipo.","description":"Diario en l\u00ednea con Noticias desde Hermosillo, Sonora","publisher":{"@id":"https:\/\/www.sonoraenequipo.com.mx\/#organization"},"potentialAction":[{"@type":"SearchAction","target":{"@type":"EntryPoint","urlTemplate":"https:\/\/www.sonoraenequipo.com.mx\/?s={search_term_string}"},"query-input":{"@type":"PropertyValueSpecification","valueRequired":true,"valueName":"search_term_string"}}],"inLanguage":"es"},{"@type":"Organization","@id":"https:\/\/www.sonoraenequipo.com.mx\/#organization","name":"Sonoraenequipo.com.mx","url":"https:\/\/www.sonoraenequipo.com.mx\/","logo":{"@type":"ImageObject","inLanguage":"es","@id":"https:\/\/www.sonoraenequipo.com.mx\/#\/schema\/logo\/image\/","url":"https:\/\/www.sonoraenequipo.com.mx\/storage\/2019\/01\/sonoraenequipo_opt.png","contentUrl":"https:\/\/www.sonoraenequipo.com.mx\/storage\/2019\/01\/sonoraenequipo_opt.png","width":375,"height":125,"caption":"Sonoraenequipo.com.mx"},"image":{"@id":"https:\/\/www.sonoraenequipo.com.mx\/#\/schema\/logo\/image\/"},"sameAs":["https:\/\/www.facebook.com\/SonoraEE\/","https:\/\/x.com\/sonoraenequipo","https:\/\/www.youtube.com\/channel\/UC338nW-lPEYmJQs4ZABQ1SQ"]},{"@type":"Person","@id":"https:\/\/www.sonoraenequipo.com.mx\/#\/schema\/person\/50102df0fb23a8fa9e8effad8fa81386","name":"enequipo","image":{"@type":"ImageObject","inLanguage":"es","@id":"https:\/\/www.sonoraenequipo.com.mx\/#\/schema\/person\/image\/","url":"https:\/\/secure.gravatar.com\/avatar\/049821681b589dabc0bc20695993ccebb09f5b5d4d790cd9251b97faac7c652b?s=96&d=blank&r=g","contentUrl":"https:\/\/secure.gravatar.com\/avatar\/049821681b589dabc0bc20695993ccebb09f5b5d4d790cd9251b97faac7c652b?s=96&d=blank&r=g","caption":"enequipo"},"sameAs":["https:\/\/www.facebook.com\/SonoraEE"]}]}},"jetpack_featured_media_url":"https:\/\/www.sonoraenequipo.com.mx\/storage\/2026\/04\/Saldo-blanco-en-ExpoGan-Sonora-2026-1.jpg","_links":{"self":[{"href":"https:\/\/www.sonoraenequipo.com.mx\/api\/wp\/v2\/posts\/240639","targetHints":{"allow":["GET"]}}],"collection":[{"href":"https:\/\/www.sonoraenequipo.com.mx\/api\/wp\/v2\/posts"}],"about":[{"href":"https:\/\/www.sonoraenequipo.com.mx\/api\/wp\/v2\/types\/post"}],"author":[{"embeddable":true,"href":"https:\/\/www.sonoraenequipo.com.mx\/api\/wp\/v2\/users\/1"}],"replies":[{"embeddable":true,"href":"https:\/\/www.sonoraenequipo.com.mx\/api\/wp\/v2\/comments?post=240639"}],"version-history":[{"count":1,"href":"https:\/\/www.sonoraenequipo.com.mx\/api\/wp\/v2\/posts\/240639\/revisions"}],"predecessor-version":[{"id":240642,"href":"https:\/\/www.sonoraenequipo.com.mx\/api\/wp\/v2\/posts\/240639\/revisions\/240642"}],"wp:featuredmedia":[{"embeddable":true,"href":"https:\/\/www.sonoraenequipo.com.mx\/api\/wp\/v2\/media\/240641"}],"wp:attachment":[{"href":"https:\/\/www.sonoraenequipo.com.mx\/api\/wp\/v2\/media?parent=240639"}],"wp:term":[{"taxonomy":"category","embeddable":true,"href":"https:\/\/www.sonoraenequipo.com.mx\/api\/wp\/v2\/categories?post=240639"},{"taxonomy":"post_tag","embeddable":true,"href":"https:\/\/www.sonoraenequipo.com.mx\/api\/wp\/v2\/tags?post=240639"}],"curies":[{"name":"wp","href":"https:\/\/api.w.org\/{rel}","templated":true}]}}