{"id":240643,"date":"2026-04-27T10:15:53","date_gmt":"2026-04-27T17:15:53","guid":{"rendered":"https:\/\/www.sonoraenequipo.com.mx\/?p=240643"},"modified":"2026-04-27T17:34:04","modified_gmt":"2026-04-28T00:34:04","slug":"refuerza-gobierno-de-sonora-coordinacion-institucional-en-favor-de-la-ninez","status":"publish","type":"post","link":"https:\/\/www.sonoraenequipo.com.mx\/refuerza-gobierno-de-sonora-coordinacion-institucional-en-favor-de-la-ninez\/","title":{"rendered":"Refuerza Gobierno de Sonora coordinaci\u00f3n institucional en favor de la ni\u00f1ez"},"content":{"rendered":"<p><strong>HERMOSILLO, SONORA. MX.\u2014\u00a0\u00a0<\/strong> Con el objetivo de fortalecer las acciones en favor del bienestar familiar y la protecci\u00f3n de ni\u00f1as, ni\u00f1os y adolescentes, personal del Sistema para el Desarrollo Integral de la Familia (DIF Sonora) llev\u00f3 a cabo una visita institucional al Centro de Convivencia Familiar de Hermosillo (Cecofam).<\/p>\n<p>&nbsp;<\/p>\n<p>&nbsp;<\/p>\n<p>&nbsp;<\/p>\n<p> <\/p>\n<p>Durante el recorrido, se cont\u00f3 con la destacada presencia de la presidenta honoraria del Sistema DIF Sonora, Mar\u00eda del Roc\u00edo Ch\u00e1vez Murillo, quien conoci\u00f3 de primera mano las instalaciones y el funcionamiento de este espacio especializado, orientado a garantizar el derecho de convivencia familiar en entornos seguros y supervisados.<\/p>\n<p>&nbsp;<\/p>\n<p>&nbsp;<\/p>\n<p>&nbsp;<\/p>\n<p>En el marco de esta visita, se resalt\u00f3 el compromiso del gobernador Alfonso Durazo Monta\u00f1o con el fortalecimiento de instituciones que protegen a las familias sonorenses, impulsando pol\u00edticas p\u00fablicas enfocadas en la atenci\u00f3n integral y la justicia con sentido humano.<\/p>\n<p>&nbsp;<\/p>\n<p>&nbsp;<\/p>\n<p>Por su parte, la directora general del Sistema DIF Sonora, Lizeth Teresita V\u00e1squez Ochoa, reiter\u00f3 la disposici\u00f3n del organismo para continuar trabajando de manera coordinada con la Comisi\u00f3n Ejecutiva de Atenci\u00f3n a V\u00edctimas (CEAV) en beneficio de los sectores m\u00e1s vulnerables.<\/p>\n<p>&nbsp;<\/p>\n<p>&nbsp;<\/p>\n<p>La jornada inici\u00f3 con un mensaje de bienvenida a cargo de la presidenta del \u00d3rgano de Administraci\u00f3n del Poder Judicial del Estado, C.P. Mar\u00eda Laura Ladr\u00f3n de Guevara Estevez, seguido de un recorrido guiado por la Dra. Josefina Krimpe Rosas, directora general del Cecofam, quien explic\u00f3 los servicios que brinda el centro, su objetivo y los procedimientos mediante los cuales se garantiza una convivencia familiar segura.<\/p>\n<p>&nbsp;<\/p>\n<p>&nbsp;<\/p>\n<p>&nbsp;<\/p>\n<p>El evento tambi\u00e9n cont\u00f3 con la asistencia de la presidenta del Voluntariado del Sistema DIF Sonora, Sra. Mar\u00eda del Mar Durazo Ch\u00e1vez, as\u00ed como de la comisionada ejecutiva estatal de Atenci\u00f3n a V\u00edctimas, Lic. Lyzeth Salcedo Salinas.<\/p>\n<p>&nbsp;<\/p>\n<p>&nbsp;<\/p>\n<p>Con este tipo de acciones, el Poder Judicial del Estado de Sonora reafirma su compromiso de trabajar de manera interinstitucional para fortalecer los mecanismos de protecci\u00f3n familiar, privilegiando siempre el inter\u00e9s superior de la ni\u00f1ez y el acceso a una justicia cercana y sensible.<\/p>\n<p>&nbsp;<\/p>\n<p>&nbsp;<\/p>\n<p>&nbsp;<\/p>\n<p>PUBLICADO EL 25 ABRIL DE 2026 Con informaci\u00f3n de GOBSON 0326\/251)<\/p>\n","protected":false},"excerpt":{"rendered":"<p>HERMOSILLO, SONORA. MX.\u2014\u00a0\u00a0 Con el objetivo de fortalecer las acciones en favor del bienestar familiar&#8230;<\/p>\n","protected":false},"author":1,"featured_media":240644,"comment_status":"open","ping_status":"open","sticky":false,"template":"","format":"standard","meta":{"_monsterinsights_skip_tracking":false,"_monsterinsights_sitenote_active":false,"_monsterinsights_sitenote_note":"","_monsterinsights_sitenote_category":0,"footnotes":""},"categories":[22],"tags":[],"class_list":["post"],"yoast_head":" \n<title>Sonora en Equipo. Refuerza Gobierno de Sonora coordinaci\u00f3n institucional en favor de la ni\u00f1ez Sonora<\/title>\n<meta name=\"description\" content=\"HERMOSILLO, SONORA. MX.\u2014\u00a0\u00a0 Con el objetivo de fortalecer las acciones en favor del bienestar familiar y la protecci\u00f3n de ni\u00f1as, ni\u00f1os y adolescentes, En Sonora en Equipo publicamos toda la informaci\u00f3n de Sonora, M\u00e9xico y el Mundo de manera oportuna y busca que la libertad de expresi\u00f3n sea real. Visita nuestro medio informativo publicado desde Hermosillo, Sonora. %\" \/>\n<meta name=\"robots\" content=\"index, follow, max-snippet:-1, max-image-preview:large, max-video-preview:-1\" \/>\n<link rel=\"canonical\" href=\"https:\/\/www.sonoraenequipo.com.mx\/refuerza-gobierno-de-sonora-coordinacion-institucional-en-favor-de-la-ninez\/\" \/>\n<meta property=\"og:locale\" content=\"es_ES\" \/>\n<meta property=\"og:type\" content=\"article\" \/>\n<meta property=\"og:title\" content=\"Sonora en Equipo. Refuerza Gobierno de Sonora coordinaci\u00f3n institucional en favor de la ni\u00f1ez Sonora\" \/>\n<meta property=\"og:description\" content=\"HERMOSILLO, SONORA. MX.\u2014\u00a0\u00a0 Con el objetivo de fortalecer las acciones en favor del bienestar familiar y la protecci\u00f3n de ni\u00f1as, ni\u00f1os y adolescentes, En Sonora en Equipo publicamos toda la informaci\u00f3n de Sonora, M\u00e9xico y el Mundo de manera oportuna y busca que la libertad de expresi\u00f3n sea real. Visita nuestro medio informativo publicado desde Hermosillo, Sonora. %\" \/>\n<meta property=\"og:url\" content=\"https:\/\/www.sonoraenequipo.com.mx\/refuerza-gobierno-de-sonora-coordinacion-institucional-en-favor-de-la-ninez\/\" \/>\n<meta property=\"og:site_name\" content=\"Sonora en Equipo.\" \/>\n<meta property=\"article:publisher\" content=\"https:\/\/www.facebook.com\/SonoraEE\/\" \/>\n<meta property=\"article:author\" content=\"https:\/\/www.facebook.com\/SonoraEE\" \/>\n<meta property=\"article:published_time\" content=\"2026-04-27T17:15:53+00:00\" \/>\n<meta property=\"article:modified_time\" content=\"2026-04-28T00:34:04+00:00\" \/>\n<meta property=\"og:image\" content=\"https:\/\/www.sonoraenequipo.com.mx\/storage\/2026\/04\/Refuerza-Gobierno-de-Sonora-coordinacion-institucional-en-favor-de-la-ninez.-1.jpg\" \/>\n\t<meta property=\"og:image:width\" content=\"1101\" \/>\n\t<meta property=\"og:image:height\" content=\"720\" \/>\n\t<meta property=\"og:image:type\" content=\"image\/jpeg\" \/>\n<meta name=\"author\" content=\"enequipo\" \/>\n<meta name=\"twitter:card\" content=\"summary_large_image\" \/>\n<meta name=\"twitter:creator\" content=\"@sonoraenequipo\" \/>\n<meta name=\"twitter:site\" content=\"@sonoraenequipo\" \/>\n<meta name=\"twitter:label1\" content=\"Escrito por\" \/>\n\t<meta name=\"twitter:data1\" content=\"enequipo\" \/>\n\t<meta name=\"twitter:label2\" content=\"Tiempo de lectura\" \/>\n\t<meta name=\"twitter:data2\" content=\"2 minutos\" \/>\n<script type=\"application\/ld+json\" class=\"yoast-schema-graph\">{\"@context\":\"https:\/\/schema.org\",\"@graph\":[{\"@type\":\"Article\",\"@id\":\"https:\/\/www.sonoraenequipo.com.mx\/refuerza-gobierno-de-sonora-coordinacion-institucional-en-favor-de-la-ninez\/#article\",\"isPartOf\":{\"@id\":\"https:\/\/www.sonoraenequipo.com.mx\/refuerza-gobierno-de-sonora-coordinacion-institucional-en-favor-de-la-ninez\/\"},\"author\":{\"name\":\"enequipo\",\"@id\":\"https:\/\/www.sonoraenequipo.com.mx\/#\/schema\/person\/50102df0fb23a8fa9e8effad8fa81386\"},\"headline\":\"Refuerza Gobierno de Sonora coordinaci\u00f3n institucional en favor de la ni\u00f1ez\",\"datePublished\":\"2026-04-27T17:15:53+00:00\",\"dateModified\":\"2026-04-28T00:34:04+00:00\",\"mainEntityOfPage\":{\"@id\":\"https:\/\/www.sonoraenequipo.com.mx\/refuerza-gobierno-de-sonora-coordinacion-institucional-en-favor-de-la-ninez\/\"},\"wordCount\":394,\"commentCount\":0,\"publisher\":{\"@id\":\"https:\/\/www.sonoraenequipo.com.mx\/#organization\"},\"image\":{\"@id\":\"https:\/\/www.sonoraenequipo.com.mx\/refuerza-gobierno-de-sonora-coordinacion-institucional-en-favor-de-la-ninez\/#primaryimage\"},\"thumbnailUrl\":\"https:\/\/www.sonoraenequipo.com.mx\/storage\/2026\/04\/Refuerza-Gobierno-de-Sonora-coordinacion-institucional-en-favor-de-la-ninez.-1.jpg\",\"articleSection\":[\"Sonora\"],\"inLanguage\":\"es\",\"potentialAction\":[{\"@type\":\"CommentAction\",\"name\":\"Comment\",\"target\":[\"https:\/\/www.sonoraenequipo.com.mx\/refuerza-gobierno-de-sonora-coordinacion-institucional-en-favor-de-la-ninez\/#respond\"]}]},{\"@type\":\"WebPage\",\"@id\":\"https:\/\/www.sonoraenequipo.com.mx\/refuerza-gobierno-de-sonora-coordinacion-institucional-en-favor-de-la-ninez\/\",\"url\":\"https:\/\/www.sonoraenequipo.com.mx\/refuerza-gobierno-de-sonora-coordinacion-institucional-en-favor-de-la-ninez\/\",\"name\":\"Sonora en Equipo. Refuerza Gobierno de Sonora coordinaci\u00f3n institucional en favor de la ni\u00f1ez Sonora\",\"isPartOf\":{\"@id\":\"https:\/\/www.sonoraenequipo.com.mx\/#website\"},\"primaryImageOfPage\":{\"@id\":\"https:\/\/www.sonoraenequipo.com.mx\/refuerza-gobierno-de-sonora-coordinacion-institucional-en-favor-de-la-ninez\/#primaryimage\"},\"image\":{\"@id\":\"https:\/\/www.sonoraenequipo.com.mx\/refuerza-gobierno-de-sonora-coordinacion-institucional-en-favor-de-la-ninez\/#primaryimage\"},\"thumbnailUrl\":\"https:\/\/www.sonoraenequipo.com.mx\/storage\/2026\/04\/Refuerza-Gobierno-de-Sonora-coordinacion-institucional-en-favor-de-la-ninez.-1.jpg\",\"datePublished\":\"2026-04-27T17:15:53+00:00\",\"dateModified\":\"2026-04-28T00:34:04+00:00\",\"description\":\"HERMOSILLO, SONORA. MX.\u2014\u00a0\u00a0 Con el objetivo de fortalecer las acciones en favor del bienestar familiar y la protecci\u00f3n de ni\u00f1as, ni\u00f1os y adolescentes, En Sonora en Equipo publicamos toda la informaci\u00f3n de Sonora, M\u00e9xico y el Mundo de manera oportuna y busca que la libertad de expresi\u00f3n sea real. Visita nuestro medio informativo publicado desde Hermosillo, Sonora. %\",\"breadcrumb\":{\"@id\":\"https:\/\/www.sonoraenequipo.com.mx\/refuerza-gobierno-de-sonora-coordinacion-institucional-en-favor-de-la-ninez\/#breadcrumb\"},\"inLanguage\":\"es\",\"potentialAction\":[{\"@type\":\"ReadAction\",\"target\":[\"https:\/\/www.sonoraenequipo.com.mx\/refuerza-gobierno-de-sonora-coordinacion-institucional-en-favor-de-la-ninez\/\"]}]},{\"@type\":\"ImageObject\",\"inLanguage\":\"es\",\"@id\":\"https:\/\/www.sonoraenequipo.com.mx\/refuerza-gobierno-de-sonora-coordinacion-institucional-en-favor-de-la-ninez\/#primaryimage\",\"url\":\"https:\/\/www.sonoraenequipo.com.mx\/storage\/2026\/04\/Refuerza-Gobierno-de-Sonora-coordinacion-institucional-en-favor-de-la-ninez.-1.jpg\",\"contentUrl\":\"https:\/\/www.sonoraenequipo.com.mx\/storage\/2026\/04\/Refuerza-Gobierno-de-Sonora-coordinacion-institucional-en-favor-de-la-ninez.-1.jpg\",\"width\":1101,\"height\":720},{\"@type\":\"BreadcrumbList\",\"@id\":\"https:\/\/www.sonoraenequipo.com.mx\/refuerza-gobierno-de-sonora-coordinacion-institucional-en-favor-de-la-ninez\/#breadcrumb\",\"itemListElement\":[{\"@type\":\"ListItem\",\"position\":1,\"name\":\"Portada\",\"item\":\"https:\/\/www.sonoraenequipo.com.mx\/\"},{\"@type\":\"ListItem\",\"position\":2,\"name\":\"Refuerza Gobierno de Sonora coordinaci\u00f3n institucional en favor de la ni\u00f1ez\"}]},{\"@type\":\"WebSite\",\"@id\":\"https:\/\/www.sonoraenequipo.com.mx\/#website\",\"url\":\"https:\/\/www.sonoraenequipo.com.mx\/\",\"name\":\"Sonora en Equipo.\",\"description\":\"Diario en l\u00ednea con Noticias desde Hermosillo, Sonora\",\"publisher\":{\"@id\":\"https:\/\/www.sonoraenequipo.com.mx\/#organization\"},\"potentialAction\":[{\"@type\":\"SearchAction\",\"target\":{\"@type\":\"EntryPoint\",\"urlTemplate\":\"https:\/\/www.sonoraenequipo.com.mx\/?s={search_term_string}\"},\"query-input\":{\"@type\":\"PropertyValueSpecification\",\"valueRequired\":true,\"valueName\":\"search_term_string\"}}],\"inLanguage\":\"es\"},{\"@type\":\"Organization\",\"@id\":\"https:\/\/www.sonoraenequipo.com.mx\/#organization\",\"name\":\"Sonoraenequipo.com.mx\",\"url\":\"https:\/\/www.sonoraenequipo.com.mx\/\",\"logo\":{\"@type\":\"ImageObject\",\"inLanguage\":\"es\",\"@id\":\"https:\/\/www.sonoraenequipo.com.mx\/#\/schema\/logo\/image\/\",\"url\":\"https:\/\/www.sonoraenequipo.com.mx\/storage\/2019\/01\/sonoraenequipo_opt.png\",\"contentUrl\":\"https:\/\/www.sonoraenequipo.com.mx\/storage\/2019\/01\/sonoraenequipo_opt.png\",\"width\":375,\"height\":125,\"caption\":\"Sonoraenequipo.com.mx\"},\"image\":{\"@id\":\"https:\/\/www.sonoraenequipo.com.mx\/#\/schema\/logo\/image\/\"},\"sameAs\":[\"https:\/\/www.facebook.com\/SonoraEE\/\",\"https:\/\/x.com\/sonoraenequipo\",\"https:\/\/www.youtube.com\/channel\/UC338nW-lPEYmJQs4ZABQ1SQ\"]},{\"@type\":\"Person\",\"@id\":\"https:\/\/www.sonoraenequipo.com.mx\/#\/schema\/person\/50102df0fb23a8fa9e8effad8fa81386\",\"name\":\"enequipo\",\"image\":{\"@type\":\"ImageObject\",\"inLanguage\":\"es\",\"@id\":\"https:\/\/www.sonoraenequipo.com.mx\/#\/schema\/person\/image\/\",\"url\":\"https:\/\/secure.gravatar.com\/avatar\/049821681b589dabc0bc20695993ccebb09f5b5d4d790cd9251b97faac7c652b?s=96&d=blank&r=g\",\"contentUrl\":\"https:\/\/secure.gravatar.com\/avatar\/049821681b589dabc0bc20695993ccebb09f5b5d4d790cd9251b97faac7c652b?s=96&d=blank&r=g\",\"caption\":\"enequipo\"},\"sameAs\":[\"https:\/\/www.facebook.com\/SonoraEE\"]}]}<\/script>\n ","yoast_head_json":{"title":"Sonora en Equipo. Refuerza Gobierno de Sonora coordinaci\u00f3n institucional en favor de la ni\u00f1ez Sonora","description":"HERMOSILLO, SONORA. MX.\u2014\u00a0\u00a0 Con el objetivo de fortalecer las acciones en favor del bienestar familiar y la protecci\u00f3n de ni\u00f1as, ni\u00f1os y adolescentes, En Sonora en Equipo publicamos toda la informaci\u00f3n de Sonora, M\u00e9xico y el Mundo de manera oportuna y busca que la libertad de expresi\u00f3n sea real. Visita nuestro medio informativo publicado desde Hermosillo, Sonora. %","robots":{"index":"index","follow":"follow","max-snippet":"max-snippet:-1","max-image-preview":"max-image-preview:large","max-video-preview":"max-video-preview:-1"},"canonical":"https:\/\/www.sonoraenequipo.com.mx\/refuerza-gobierno-de-sonora-coordinacion-institucional-en-favor-de-la-ninez\/","og_locale":"es_ES","og_type":"article","og_title":"Sonora en Equipo. Refuerza Gobierno de Sonora coordinaci\u00f3n institucional en favor de la ni\u00f1ez Sonora","og_description":"HERMOSILLO, SONORA. MX.\u2014\u00a0\u00a0 Con el objetivo de fortalecer las acciones en favor del bienestar familiar y la protecci\u00f3n de ni\u00f1as, ni\u00f1os y adolescentes, En Sonora en Equipo publicamos toda la informaci\u00f3n de Sonora, M\u00e9xico y el Mundo de manera oportuna y busca que la libertad de expresi\u00f3n sea real. Visita nuestro medio informativo publicado desde Hermosillo, Sonora. %","og_url":"https:\/\/www.sonoraenequipo.com.mx\/refuerza-gobierno-de-sonora-coordinacion-institucional-en-favor-de-la-ninez\/","og_site_name":"Sonora en Equipo.","article_publisher":"https:\/\/www.facebook.com\/SonoraEE\/","article_author":"https:\/\/www.facebook.com\/SonoraEE","article_published_time":"2026-04-27T17:15:53+00:00","article_modified_time":"2026-04-28T00:34:04+00:00","og_image":[{"width":1101,"height":720,"url":"https:\/\/www.sonoraenequipo.com.mx\/storage\/2026\/04\/Refuerza-Gobierno-de-Sonora-coordinacion-institucional-en-favor-de-la-ninez.-1.jpg","type":"image\/jpeg"}],"author":"enequipo","twitter_card":"summary_large_image","twitter_creator":"@sonoraenequipo","twitter_site":"@sonoraenequipo","twitter_misc":{"Escrito por":"enequipo","Tiempo de lectura":"2 minutos"},"schema":{"@context":"https:\/\/schema.org","@graph":[{"@type":"Article","@id":"https:\/\/www.sonoraenequipo.com.mx\/refuerza-gobierno-de-sonora-coordinacion-institucional-en-favor-de-la-ninez\/#article","isPartOf":{"@id":"https:\/\/www.sonoraenequipo.com.mx\/refuerza-gobierno-de-sonora-coordinacion-institucional-en-favor-de-la-ninez\/"},"author":{"name":"enequipo","@id":"https:\/\/www.sonoraenequipo.com.mx\/#\/schema\/person\/50102df0fb23a8fa9e8effad8fa81386"},"headline":"Refuerza Gobierno de Sonora coordinaci\u00f3n institucional en favor de la ni\u00f1ez","datePublished":"2026-04-27T17:15:53+00:00","dateModified":"2026-04-28T00:34:04+00:00","mainEntityOfPage":{"@id":"https:\/\/www.sonoraenequipo.com.mx\/refuerza-gobierno-de-sonora-coordinacion-institucional-en-favor-de-la-ninez\/"},"wordCount":394,"commentCount":0,"publisher":{"@id":"https:\/\/www.sonoraenequipo.com.mx\/#organization"},"image":{"@id":"https:\/\/www.sonoraenequipo.com.mx\/refuerza-gobierno-de-sonora-coordinacion-institucional-en-favor-de-la-ninez\/#primaryimage"},"thumbnailUrl":"https:\/\/www.sonoraenequipo.com.mx\/storage\/2026\/04\/Refuerza-Gobierno-de-Sonora-coordinacion-institucional-en-favor-de-la-ninez.-1.jpg","articleSection":["Sonora"],"inLanguage":"es","potentialAction":[{"@type":"CommentAction","name":"Comment","target":["https:\/\/www.sonoraenequipo.com.mx\/refuerza-gobierno-de-sonora-coordinacion-institucional-en-favor-de-la-ninez\/#respond"]}]},{"@type":"WebPage","@id":"https:\/\/www.sonoraenequipo.com.mx\/refuerza-gobierno-de-sonora-coordinacion-institucional-en-favor-de-la-ninez\/","url":"https:\/\/www.sonoraenequipo.com.mx\/refuerza-gobierno-de-sonora-coordinacion-institucional-en-favor-de-la-ninez\/","name":"Sonora en Equipo. Refuerza Gobierno de Sonora coordinaci\u00f3n institucional en favor de la ni\u00f1ez Sonora","isPartOf":{"@id":"https:\/\/www.sonoraenequipo.com.mx\/#website"},"primaryImageOfPage":{"@id":"https:\/\/www.sonoraenequipo.com.mx\/refuerza-gobierno-de-sonora-coordinacion-institucional-en-favor-de-la-ninez\/#primaryimage"},"image":{"@id":"https:\/\/www.sonoraenequipo.com.mx\/refuerza-gobierno-de-sonora-coordinacion-institucional-en-favor-de-la-ninez\/#primaryimage"},"thumbnailUrl":"https:\/\/www.sonoraenequipo.com.mx\/storage\/2026\/04\/Refuerza-Gobierno-de-Sonora-coordinacion-institucional-en-favor-de-la-ninez.-1.jpg","datePublished":"2026-04-27T17:15:53+00:00","dateModified":"2026-04-28T00:34:04+00:00","description":"HERMOSILLO, SONORA. MX.\u2014\u00a0\u00a0 Con el objetivo de fortalecer las acciones en favor del bienestar familiar y la protecci\u00f3n de ni\u00f1as, ni\u00f1os y adolescentes, En Sonora en Equipo publicamos toda la informaci\u00f3n de Sonora, M\u00e9xico y el Mundo de manera oportuna y busca que la libertad de expresi\u00f3n sea real. Visita nuestro medio informativo publicado desde Hermosillo, Sonora. %","breadcrumb":{"@id":"https:\/\/www.sonoraenequipo.com.mx\/refuerza-gobierno-de-sonora-coordinacion-institucional-en-favor-de-la-ninez\/#breadcrumb"},"inLanguage":"es","potentialAction":[{"@type":"ReadAction","target":["https:\/\/www.sonoraenequipo.com.mx\/refuerza-gobierno-de-sonora-coordinacion-institucional-en-favor-de-la-ninez\/"]}]},{"@type":"ImageObject","inLanguage":"es","@id":"https:\/\/www.sonoraenequipo.com.mx\/refuerza-gobierno-de-sonora-coordinacion-institucional-en-favor-de-la-ninez\/#primaryimage","url":"https:\/\/www.sonoraenequipo.com.mx\/storage\/2026\/04\/Refuerza-Gobierno-de-Sonora-coordinacion-institucional-en-favor-de-la-ninez.-1.jpg","contentUrl":"https:\/\/www.sonoraenequipo.com.mx\/storage\/2026\/04\/Refuerza-Gobierno-de-Sonora-coordinacion-institucional-en-favor-de-la-ninez.-1.jpg","width":1101,"height":720},{"@type":"BreadcrumbList","@id":"https:\/\/www.sonoraenequipo.com.mx\/refuerza-gobierno-de-sonora-coordinacion-institucional-en-favor-de-la-ninez\/#breadcrumb","itemListElement":[{"@type":"ListItem","position":1,"name":"Portada","item":"https:\/\/www.sonoraenequipo.com.mx\/"},{"@type":"ListItem","position":2,"name":"Refuerza Gobierno de Sonora coordinaci\u00f3n institucional en favor de la ni\u00f1ez"}]},{"@type":"WebSite","@id":"https:\/\/www.sonoraenequipo.com.mx\/#website","url":"https:\/\/www.sonoraenequipo.com.mx\/","name":"Sonora en Equipo.","description":"Diario en l\u00ednea con Noticias desde Hermosillo, Sonora","publisher":{"@id":"https:\/\/www.sonoraenequipo.com.mx\/#organization"},"potentialAction":[{"@type":"SearchAction","target":{"@type":"EntryPoint","urlTemplate":"https:\/\/www.sonoraenequipo.com.mx\/?s={search_term_string}"},"query-input":{"@type":"PropertyValueSpecification","valueRequired":true,"valueName":"search_term_string"}}],"inLanguage":"es"},{"@type":"Organization","@id":"https:\/\/www.sonoraenequipo.com.mx\/#organization","name":"Sonoraenequipo.com.mx","url":"https:\/\/www.sonoraenequipo.com.mx\/","logo":{"@type":"ImageObject","inLanguage":"es","@id":"https:\/\/www.sonoraenequipo.com.mx\/#\/schema\/logo\/image\/","url":"https:\/\/www.sonoraenequipo.com.mx\/storage\/2019\/01\/sonoraenequipo_opt.png","contentUrl":"https:\/\/www.sonoraenequipo.com.mx\/storage\/2019\/01\/sonoraenequipo_opt.png","width":375,"height":125,"caption":"Sonoraenequipo.com.mx"},"image":{"@id":"https:\/\/www.sonoraenequipo.com.mx\/#\/schema\/logo\/image\/"},"sameAs":["https:\/\/www.facebook.com\/SonoraEE\/","https:\/\/x.com\/sonoraenequipo","https:\/\/www.youtube.com\/channel\/UC338nW-lPEYmJQs4ZABQ1SQ"]},{"@type":"Person","@id":"https:\/\/www.sonoraenequipo.com.mx\/#\/schema\/person\/50102df0fb23a8fa9e8effad8fa81386","name":"enequipo","image":{"@type":"ImageObject","inLanguage":"es","@id":"https:\/\/www.sonoraenequipo.com.mx\/#\/schema\/person\/image\/","url":"https:\/\/secure.gravatar.com\/avatar\/049821681b589dabc0bc20695993ccebb09f5b5d4d790cd9251b97faac7c652b?s=96&d=blank&r=g","contentUrl":"https:\/\/secure.gravatar.com\/avatar\/049821681b589dabc0bc20695993ccebb09f5b5d4d790cd9251b97faac7c652b?s=96&d=blank&r=g","caption":"enequipo"},"sameAs":["https:\/\/www.facebook.com\/SonoraEE"]}]}},"jetpack_featured_media_url":"https:\/\/www.sonoraenequipo.com.mx\/storage\/2026\/04\/Refuerza-Gobierno-de-Sonora-coordinacion-institucional-en-favor-de-la-ninez.-1.jpg","_links":{"self":[{"href":"https:\/\/www.sonoraenequipo.com.mx\/api\/wp\/v2\/posts\/240643","targetHints":{"allow":["GET"]}}],"collection":[{"href":"https:\/\/www.sonoraenequipo.com.mx\/api\/wp\/v2\/posts"}],"about":[{"href":"https:\/\/www.sonoraenequipo.com.mx\/api\/wp\/v2\/types\/post"}],"author":[{"embeddable":true,"href":"https:\/\/www.sonoraenequipo.com.mx\/api\/wp\/v2\/users\/1"}],"replies":[{"embeddable":true,"href":"https:\/\/www.sonoraenequipo.com.mx\/api\/wp\/v2\/comments?post=240643"}],"version-history":[{"count":1,"href":"https:\/\/www.sonoraenequipo.com.mx\/api\/wp\/v2\/posts\/240643\/revisions"}],"predecessor-version":[{"id":240646,"href":"https:\/\/www.sonoraenequipo.com.mx\/api\/wp\/v2\/posts\/240643\/revisions\/240646"}],"wp:featuredmedia":[{"embeddable":true,"href":"https:\/\/www.sonoraenequipo.com.mx\/api\/wp\/v2\/media\/240644"}],"wp:attachment":[{"href":"https:\/\/www.sonoraenequipo.com.mx\/api\/wp\/v2\/media?parent=240643"}],"wp:term":[{"taxonomy":"category","embeddable":true,"href":"https:\/\/www.sonoraenequipo.com.mx\/api\/wp\/v2\/categories?post=240643"},{"taxonomy":"post_tag","embeddable":true,"href":"https:\/\/www.sonoraenequipo.com.mx\/api\/wp\/v2\/tags?post=240643"}],"curies":[{"name":"wp","href":"https:\/\/api.w.org\/{rel}","templated":true}]}}