{"id":240649,"date":"2026-04-27T12:35:34","date_gmt":"2026-04-27T19:35:34","guid":{"rendered":"https:\/\/www.sonoraenequipo.com.mx\/?p=240649"},"modified":"2026-04-27T12:38:03","modified_gmt":"2026-04-27T19:38:03","slug":"delegacion-sonora-de-karate-shotokan-arrasa-con-29-medallas-en-nacional","status":"publish","type":"post","link":"https:\/\/www.sonoraenequipo.com.mx\/delegacion-sonora-de-karate-shotokan-arrasa-con-29-medallas-en-nacional\/","title":{"rendered":"Delegaci\u00f3n Sonora de Karate Shotokan arrasa con 29 medallas en nacional"},"content":{"rendered":"<p><strong>HERMOSILLO, SONORA, MX. \u2014<\/strong>la delegaci\u00f3n Sonora que acudi\u00f3 al selectivo nacional realizado ayer domingo (26\/04\/2026) en la capital del pa\u00eds v\u00e1lido para un lugar a la quinta copa mundial de Karate Shotokan que se celebrar\u00e1 en la ciudad de M\u00e9rida \u00a0del 22 al 25 de octubre pr\u00f3ximo, evento que reunir\u00e1 a karatecas de m\u00e1s de 50 pa\u00edses en el Centro de Convenciones Siglo XXI.<\/p>\n<p>En la competencia nacional los sonorenses se llevaron en conjunto 29 medallas 15 de ellas de oro, 7de plata y 7 de bronce. 13 en la modalidad de kata y 16 en la modalidad de combate t\u00e9cnico<\/p>\n<p>Cabe destacar que de los 17 integrantes de la delegaci\u00f3n del dojo Shotokan Sonora que dirige el sensei Ignacio Campos 16 \u00a0\u00a0lograron medallas por eso a decir de ellos no importaron los golpes si no la satisfacci\u00f3n de conseguir una medalla y lograr un boleto a la quinta World Shotocup M\u00e9rida 2026, adem\u00e1s contaron\u00a0 con las porras de sus familiares que no dejaron de apoyar en todo momento.<\/p>\n<p>Aunque es un disciplina poco apoyada por las autoridades deportivas del estado de Sonora, esperan que con estos resultados volteen a verlos.<\/p>\n<p><strong>Tabla de Medallistas Shotokan Sonora etapa nacional 2026<\/strong><\/p>\n<p>&nbsp;<\/p>\n<p><img loading=\"lazy\" decoding=\"async\" class=\"size-full  x-center\" src=\"https:\/\/www.sonoraenequipo.com.mx\/storage\/2026\/04\/deportistas.jpg\" alt=\"\" width=\"569\" height=\"400\" \/><\/p>\n<p><strong>Fecha de publicaci\u00f3n lunes 27 de abril de 2026<\/strong><\/p>\n","protected":false},"excerpt":{"rendered":"<p>HERMOSILLO, SONORA, MX. \u2014la delegaci\u00f3n Sonora que acudi\u00f3 al selectivo nacional realizado ayer domingo (26\/04\/2026)&#8230;<\/p>\n","protected":false},"author":29,"featured_media":240652,"comment_status":"open","ping_status":"open","sticky":false,"template":"","format":"standard","meta":{"_monsterinsights_skip_tracking":false,"_monsterinsights_sitenote_active":false,"_monsterinsights_sitenote_note":"","_monsterinsights_sitenote_category":0,"footnotes":""},"categories":[10,1],"tags":[7962,11630],"class_list":["post"],"yoast_head":" \n<title>Sonora en Equipo. Delegaci\u00f3n Sonora de Karate Shotokan arrasa con 29 medallas en nacional Sin categorizar<\/title>\n<meta name=\"description\" content=\"HERMOSILLO, SONORA, MX. \u2014la delegaci\u00f3n Sonora que acudi\u00f3 al selectivo nacional realizado ayer domingo (26\/04\/2026) en la capital del pa\u00eds v\u00e1lido para un En Sonora en Equipo publicamos toda la informaci\u00f3n de Sonora, M\u00e9xico y el Mundo de manera oportuna y busca que la libertad de expresi\u00f3n sea real. Visita nuestro medio informativo publicado desde Hermosillo, Sonora. %\" \/>\n<meta name=\"robots\" content=\"index, follow, max-snippet:-1, max-image-preview:large, max-video-preview:-1\" \/>\n<link rel=\"canonical\" href=\"https:\/\/www.sonoraenequipo.com.mx\/delegacion-sonora-de-karate-shotokan-arrasa-con-29-medallas-en-nacional\/\" \/>\n<meta property=\"og:locale\" content=\"es_ES\" \/>\n<meta property=\"og:type\" content=\"article\" \/>\n<meta property=\"og:title\" content=\"Sonora en Equipo. Delegaci\u00f3n Sonora de Karate Shotokan arrasa con 29 medallas en nacional Sin categorizar\" \/>\n<meta property=\"og:description\" content=\"HERMOSILLO, SONORA, MX. \u2014la delegaci\u00f3n Sonora que acudi\u00f3 al selectivo nacional realizado ayer domingo (26\/04\/2026) en la capital del pa\u00eds v\u00e1lido para un En Sonora en Equipo publicamos toda la informaci\u00f3n de Sonora, M\u00e9xico y el Mundo de manera oportuna y busca que la libertad de expresi\u00f3n sea real. Visita nuestro medio informativo publicado desde Hermosillo, Sonora. %\" \/>\n<meta property=\"og:url\" content=\"https:\/\/www.sonoraenequipo.com.mx\/delegacion-sonora-de-karate-shotokan-arrasa-con-29-medallas-en-nacional\/\" \/>\n<meta property=\"og:site_name\" content=\"Sonora en Equipo.\" \/>\n<meta property=\"article:publisher\" content=\"https:\/\/www.facebook.com\/SonoraEE\/\" \/>\n<meta property=\"article:published_time\" content=\"2026-04-27T19:35:34+00:00\" \/>\n<meta property=\"article:modified_time\" content=\"2026-04-27T19:38:03+00:00\" \/>\n<meta property=\"og:image\" content=\"https:\/\/www.sonoraenequipo.com.mx\/storage\/2026\/04\/shotokansonora-dojo.jpg\" \/>\n\t<meta property=\"og:image:width\" content=\"600\" \/>\n\t<meta property=\"og:image:height\" content=\"400\" \/>\n\t<meta property=\"og:image:type\" content=\"image\/jpeg\" \/>\n<meta name=\"author\" content=\"Patricia Zazueta Zazueta\" \/>\n<meta name=\"twitter:card\" content=\"summary_large_image\" \/>\n<meta name=\"twitter:creator\" content=\"@sonoraenequipo\" \/>\n<meta name=\"twitter:site\" content=\"@sonoraenequipo\" \/>\n<meta name=\"twitter:label1\" content=\"Escrito por\" \/>\n\t<meta name=\"twitter:data1\" content=\"Patricia Zazueta Zazueta\" \/>\n\t<meta name=\"twitter:label2\" content=\"Tiempo de lectura\" \/>\n\t<meta name=\"twitter:data2\" content=\"1 minuto\" \/>\n<script type=\"application\/ld+json\" class=\"yoast-schema-graph\">{\"@context\":\"https:\/\/schema.org\",\"@graph\":[{\"@type\":\"Article\",\"@id\":\"https:\/\/www.sonoraenequipo.com.mx\/delegacion-sonora-de-karate-shotokan-arrasa-con-29-medallas-en-nacional\/#article\",\"isPartOf\":{\"@id\":\"https:\/\/www.sonoraenequipo.com.mx\/delegacion-sonora-de-karate-shotokan-arrasa-con-29-medallas-en-nacional\/\"},\"author\":{\"name\":\"Patricia Zazueta Zazueta\",\"@id\":\"https:\/\/www.sonoraenequipo.com.mx\/#\/schema\/person\/f2099c3f73c4deb50bcf06e2141b262a\"},\"headline\":\"Delegaci\u00f3n Sonora de Karate Shotokan arrasa con 29 medallas en nacional\",\"datePublished\":\"2026-04-27T19:35:34+00:00\",\"dateModified\":\"2026-04-27T19:38:03+00:00\",\"mainEntityOfPage\":{\"@id\":\"https:\/\/www.sonoraenequipo.com.mx\/delegacion-sonora-de-karate-shotokan-arrasa-con-29-medallas-en-nacional\/\"},\"wordCount\":218,\"commentCount\":0,\"publisher\":{\"@id\":\"https:\/\/www.sonoraenequipo.com.mx\/#organization\"},\"image\":{\"@id\":\"https:\/\/www.sonoraenequipo.com.mx\/delegacion-sonora-de-karate-shotokan-arrasa-con-29-medallas-en-nacional\/#primaryimage\"},\"thumbnailUrl\":\"https:\/\/www.sonoraenequipo.com.mx\/storage\/2026\/04\/shotokansonora-dojo.jpg\",\"keywords\":[\"karate\",\"shotokan\"],\"articleSection\":[\"Deportes\",\"Sin categorizar\"],\"inLanguage\":\"es\",\"potentialAction\":[{\"@type\":\"CommentAction\",\"name\":\"Comment\",\"target\":[\"https:\/\/www.sonoraenequipo.com.mx\/delegacion-sonora-de-karate-shotokan-arrasa-con-29-medallas-en-nacional\/#respond\"]}]},{\"@type\":\"WebPage\",\"@id\":\"https:\/\/www.sonoraenequipo.com.mx\/delegacion-sonora-de-karate-shotokan-arrasa-con-29-medallas-en-nacional\/\",\"url\":\"https:\/\/www.sonoraenequipo.com.mx\/delegacion-sonora-de-karate-shotokan-arrasa-con-29-medallas-en-nacional\/\",\"name\":\"Sonora en Equipo. Delegaci\u00f3n Sonora de Karate Shotokan arrasa con 29 medallas en nacional Sin categorizar\",\"isPartOf\":{\"@id\":\"https:\/\/www.sonoraenequipo.com.mx\/#website\"},\"primaryImageOfPage\":{\"@id\":\"https:\/\/www.sonoraenequipo.com.mx\/delegacion-sonora-de-karate-shotokan-arrasa-con-29-medallas-en-nacional\/#primaryimage\"},\"image\":{\"@id\":\"https:\/\/www.sonoraenequipo.com.mx\/delegacion-sonora-de-karate-shotokan-arrasa-con-29-medallas-en-nacional\/#primaryimage\"},\"thumbnailUrl\":\"https:\/\/www.sonoraenequipo.com.mx\/storage\/2026\/04\/shotokansonora-dojo.jpg\",\"datePublished\":\"2026-04-27T19:35:34+00:00\",\"dateModified\":\"2026-04-27T19:38:03+00:00\",\"description\":\"HERMOSILLO, SONORA, MX. \u2014la delegaci\u00f3n Sonora que acudi\u00f3 al selectivo nacional realizado ayer domingo (26\/04\/2026) en la capital del pa\u00eds v\u00e1lido para un En Sonora en Equipo publicamos toda la informaci\u00f3n de Sonora, M\u00e9xico y el Mundo de manera oportuna y busca que la libertad de expresi\u00f3n sea real. Visita nuestro medio informativo publicado desde Hermosillo, Sonora. %\",\"breadcrumb\":{\"@id\":\"https:\/\/www.sonoraenequipo.com.mx\/delegacion-sonora-de-karate-shotokan-arrasa-con-29-medallas-en-nacional\/#breadcrumb\"},\"inLanguage\":\"es\",\"potentialAction\":[{\"@type\":\"ReadAction\",\"target\":[\"https:\/\/www.sonoraenequipo.com.mx\/delegacion-sonora-de-karate-shotokan-arrasa-con-29-medallas-en-nacional\/\"]}]},{\"@type\":\"ImageObject\",\"inLanguage\":\"es\",\"@id\":\"https:\/\/www.sonoraenequipo.com.mx\/delegacion-sonora-de-karate-shotokan-arrasa-con-29-medallas-en-nacional\/#primaryimage\",\"url\":\"https:\/\/www.sonoraenequipo.com.mx\/storage\/2026\/04\/shotokansonora-dojo.jpg\",\"contentUrl\":\"https:\/\/www.sonoraenequipo.com.mx\/storage\/2026\/04\/shotokansonora-dojo.jpg\",\"width\":600,\"height\":400},{\"@type\":\"BreadcrumbList\",\"@id\":\"https:\/\/www.sonoraenequipo.com.mx\/delegacion-sonora-de-karate-shotokan-arrasa-con-29-medallas-en-nacional\/#breadcrumb\",\"itemListElement\":[{\"@type\":\"ListItem\",\"position\":1,\"name\":\"Portada\",\"item\":\"https:\/\/www.sonoraenequipo.com.mx\/\"},{\"@type\":\"ListItem\",\"position\":2,\"name\":\"Delegaci\u00f3n Sonora de Karate Shotokan arrasa con 29 medallas en nacional\"}]},{\"@type\":\"WebSite\",\"@id\":\"https:\/\/www.sonoraenequipo.com.mx\/#website\",\"url\":\"https:\/\/www.sonoraenequipo.com.mx\/\",\"name\":\"Sonora en Equipo.\",\"description\":\"Diario en l\u00ednea con Noticias desde Hermosillo, Sonora\",\"publisher\":{\"@id\":\"https:\/\/www.sonoraenequipo.com.mx\/#organization\"},\"potentialAction\":[{\"@type\":\"SearchAction\",\"target\":{\"@type\":\"EntryPoint\",\"urlTemplate\":\"https:\/\/www.sonoraenequipo.com.mx\/?s={search_term_string}\"},\"query-input\":{\"@type\":\"PropertyValueSpecification\",\"valueRequired\":true,\"valueName\":\"search_term_string\"}}],\"inLanguage\":\"es\"},{\"@type\":\"Organization\",\"@id\":\"https:\/\/www.sonoraenequipo.com.mx\/#organization\",\"name\":\"Sonoraenequipo.com.mx\",\"url\":\"https:\/\/www.sonoraenequipo.com.mx\/\",\"logo\":{\"@type\":\"ImageObject\",\"inLanguage\":\"es\",\"@id\":\"https:\/\/www.sonoraenequipo.com.mx\/#\/schema\/logo\/image\/\",\"url\":\"https:\/\/www.sonoraenequipo.com.mx\/storage\/2019\/01\/sonoraenequipo_opt.png\",\"contentUrl\":\"https:\/\/www.sonoraenequipo.com.mx\/storage\/2019\/01\/sonoraenequipo_opt.png\",\"width\":375,\"height\":125,\"caption\":\"Sonoraenequipo.com.mx\"},\"image\":{\"@id\":\"https:\/\/www.sonoraenequipo.com.mx\/#\/schema\/logo\/image\/\"},\"sameAs\":[\"https:\/\/www.facebook.com\/SonoraEE\/\",\"https:\/\/x.com\/sonoraenequipo\",\"https:\/\/www.youtube.com\/channel\/UC338nW-lPEYmJQs4ZABQ1SQ\"]},{\"@type\":\"Person\",\"@id\":\"https:\/\/www.sonoraenequipo.com.mx\/#\/schema\/person\/f2099c3f73c4deb50bcf06e2141b262a\",\"name\":\"Patricia Zazueta Zazueta\",\"image\":{\"@type\":\"ImageObject\",\"inLanguage\":\"es\",\"@id\":\"https:\/\/www.sonoraenequipo.com.mx\/#\/schema\/person\/image\/\",\"url\":\"https:\/\/secure.gravatar.com\/avatar\/db22bf427cd910e3f7e1812847b5c313765decc254730ced3412c484f395809a?s=96&d=blank&r=g\",\"contentUrl\":\"https:\/\/secure.gravatar.com\/avatar\/db22bf427cd910e3f7e1812847b5c313765decc254730ced3412c484f395809a?s=96&d=blank&r=g\",\"caption\":\"Patricia Zazueta Zazueta\"},\"sameAs\":[\"http:\/\/www.sonoraenequipo.com.mx\"]}]}<\/script>\n ","yoast_head_json":{"title":"Sonora en Equipo. Delegaci\u00f3n Sonora de Karate Shotokan arrasa con 29 medallas en nacional Sin categorizar","description":"HERMOSILLO, SONORA, MX. \u2014la delegaci\u00f3n Sonora que acudi\u00f3 al selectivo nacional realizado ayer domingo (26\/04\/2026) en la capital del pa\u00eds v\u00e1lido para un En Sonora en Equipo publicamos toda la informaci\u00f3n de Sonora, M\u00e9xico y el Mundo de manera oportuna y busca que la libertad de expresi\u00f3n sea real. Visita nuestro medio informativo publicado desde Hermosillo, Sonora. %","robots":{"index":"index","follow":"follow","max-snippet":"max-snippet:-1","max-image-preview":"max-image-preview:large","max-video-preview":"max-video-preview:-1"},"canonical":"https:\/\/www.sonoraenequipo.com.mx\/delegacion-sonora-de-karate-shotokan-arrasa-con-29-medallas-en-nacional\/","og_locale":"es_ES","og_type":"article","og_title":"Sonora en Equipo. Delegaci\u00f3n Sonora de Karate Shotokan arrasa con 29 medallas en nacional Sin categorizar","og_description":"HERMOSILLO, SONORA, MX. \u2014la delegaci\u00f3n Sonora que acudi\u00f3 al selectivo nacional realizado ayer domingo (26\/04\/2026) en la capital del pa\u00eds v\u00e1lido para un En Sonora en Equipo publicamos toda la informaci\u00f3n de Sonora, M\u00e9xico y el Mundo de manera oportuna y busca que la libertad de expresi\u00f3n sea real. Visita nuestro medio informativo publicado desde Hermosillo, Sonora. %","og_url":"https:\/\/www.sonoraenequipo.com.mx\/delegacion-sonora-de-karate-shotokan-arrasa-con-29-medallas-en-nacional\/","og_site_name":"Sonora en Equipo.","article_publisher":"https:\/\/www.facebook.com\/SonoraEE\/","article_published_time":"2026-04-27T19:35:34+00:00","article_modified_time":"2026-04-27T19:38:03+00:00","og_image":[{"width":600,"height":400,"url":"https:\/\/www.sonoraenequipo.com.mx\/storage\/2026\/04\/shotokansonora-dojo.jpg","type":"image\/jpeg"}],"author":"Patricia Zazueta Zazueta","twitter_card":"summary_large_image","twitter_creator":"@sonoraenequipo","twitter_site":"@sonoraenequipo","twitter_misc":{"Escrito por":"Patricia Zazueta Zazueta","Tiempo de lectura":"1 minuto"},"schema":{"@context":"https:\/\/schema.org","@graph":[{"@type":"Article","@id":"https:\/\/www.sonoraenequipo.com.mx\/delegacion-sonora-de-karate-shotokan-arrasa-con-29-medallas-en-nacional\/#article","isPartOf":{"@id":"https:\/\/www.sonoraenequipo.com.mx\/delegacion-sonora-de-karate-shotokan-arrasa-con-29-medallas-en-nacional\/"},"author":{"name":"Patricia Zazueta Zazueta","@id":"https:\/\/www.sonoraenequipo.com.mx\/#\/schema\/person\/f2099c3f73c4deb50bcf06e2141b262a"},"headline":"Delegaci\u00f3n Sonora de Karate Shotokan arrasa con 29 medallas en nacional","datePublished":"2026-04-27T19:35:34+00:00","dateModified":"2026-04-27T19:38:03+00:00","mainEntityOfPage":{"@id":"https:\/\/www.sonoraenequipo.com.mx\/delegacion-sonora-de-karate-shotokan-arrasa-con-29-medallas-en-nacional\/"},"wordCount":218,"commentCount":0,"publisher":{"@id":"https:\/\/www.sonoraenequipo.com.mx\/#organization"},"image":{"@id":"https:\/\/www.sonoraenequipo.com.mx\/delegacion-sonora-de-karate-shotokan-arrasa-con-29-medallas-en-nacional\/#primaryimage"},"thumbnailUrl":"https:\/\/www.sonoraenequipo.com.mx\/storage\/2026\/04\/shotokansonora-dojo.jpg","keywords":["karate","shotokan"],"articleSection":["Deportes","Sin categorizar"],"inLanguage":"es","potentialAction":[{"@type":"CommentAction","name":"Comment","target":["https:\/\/www.sonoraenequipo.com.mx\/delegacion-sonora-de-karate-shotokan-arrasa-con-29-medallas-en-nacional\/#respond"]}]},{"@type":"WebPage","@id":"https:\/\/www.sonoraenequipo.com.mx\/delegacion-sonora-de-karate-shotokan-arrasa-con-29-medallas-en-nacional\/","url":"https:\/\/www.sonoraenequipo.com.mx\/delegacion-sonora-de-karate-shotokan-arrasa-con-29-medallas-en-nacional\/","name":"Sonora en Equipo. Delegaci\u00f3n Sonora de Karate Shotokan arrasa con 29 medallas en nacional Sin categorizar","isPartOf":{"@id":"https:\/\/www.sonoraenequipo.com.mx\/#website"},"primaryImageOfPage":{"@id":"https:\/\/www.sonoraenequipo.com.mx\/delegacion-sonora-de-karate-shotokan-arrasa-con-29-medallas-en-nacional\/#primaryimage"},"image":{"@id":"https:\/\/www.sonoraenequipo.com.mx\/delegacion-sonora-de-karate-shotokan-arrasa-con-29-medallas-en-nacional\/#primaryimage"},"thumbnailUrl":"https:\/\/www.sonoraenequipo.com.mx\/storage\/2026\/04\/shotokansonora-dojo.jpg","datePublished":"2026-04-27T19:35:34+00:00","dateModified":"2026-04-27T19:38:03+00:00","description":"HERMOSILLO, SONORA, MX. \u2014la delegaci\u00f3n Sonora que acudi\u00f3 al selectivo nacional realizado ayer domingo (26\/04\/2026) en la capital del pa\u00eds v\u00e1lido para un En Sonora en Equipo publicamos toda la informaci\u00f3n de Sonora, M\u00e9xico y el Mundo de manera oportuna y busca que la libertad de expresi\u00f3n sea real. Visita nuestro medio informativo publicado desde Hermosillo, Sonora. %","breadcrumb":{"@id":"https:\/\/www.sonoraenequipo.com.mx\/delegacion-sonora-de-karate-shotokan-arrasa-con-29-medallas-en-nacional\/#breadcrumb"},"inLanguage":"es","potentialAction":[{"@type":"ReadAction","target":["https:\/\/www.sonoraenequipo.com.mx\/delegacion-sonora-de-karate-shotokan-arrasa-con-29-medallas-en-nacional\/"]}]},{"@type":"ImageObject","inLanguage":"es","@id":"https:\/\/www.sonoraenequipo.com.mx\/delegacion-sonora-de-karate-shotokan-arrasa-con-29-medallas-en-nacional\/#primaryimage","url":"https:\/\/www.sonoraenequipo.com.mx\/storage\/2026\/04\/shotokansonora-dojo.jpg","contentUrl":"https:\/\/www.sonoraenequipo.com.mx\/storage\/2026\/04\/shotokansonora-dojo.jpg","width":600,"height":400},{"@type":"BreadcrumbList","@id":"https:\/\/www.sonoraenequipo.com.mx\/delegacion-sonora-de-karate-shotokan-arrasa-con-29-medallas-en-nacional\/#breadcrumb","itemListElement":[{"@type":"ListItem","position":1,"name":"Portada","item":"https:\/\/www.sonoraenequipo.com.mx\/"},{"@type":"ListItem","position":2,"name":"Delegaci\u00f3n Sonora de Karate Shotokan arrasa con 29 medallas en nacional"}]},{"@type":"WebSite","@id":"https:\/\/www.sonoraenequipo.com.mx\/#website","url":"https:\/\/www.sonoraenequipo.com.mx\/","name":"Sonora en Equipo.","description":"Diario en l\u00ednea con Noticias desde Hermosillo, Sonora","publisher":{"@id":"https:\/\/www.sonoraenequipo.com.mx\/#organization"},"potentialAction":[{"@type":"SearchAction","target":{"@type":"EntryPoint","urlTemplate":"https:\/\/www.sonoraenequipo.com.mx\/?s={search_term_string}"},"query-input":{"@type":"PropertyValueSpecification","valueRequired":true,"valueName":"search_term_string"}}],"inLanguage":"es"},{"@type":"Organization","@id":"https:\/\/www.sonoraenequipo.com.mx\/#organization","name":"Sonoraenequipo.com.mx","url":"https:\/\/www.sonoraenequipo.com.mx\/","logo":{"@type":"ImageObject","inLanguage":"es","@id":"https:\/\/www.sonoraenequipo.com.mx\/#\/schema\/logo\/image\/","url":"https:\/\/www.sonoraenequipo.com.mx\/storage\/2019\/01\/sonoraenequipo_opt.png","contentUrl":"https:\/\/www.sonoraenequipo.com.mx\/storage\/2019\/01\/sonoraenequipo_opt.png","width":375,"height":125,"caption":"Sonoraenequipo.com.mx"},"image":{"@id":"https:\/\/www.sonoraenequipo.com.mx\/#\/schema\/logo\/image\/"},"sameAs":["https:\/\/www.facebook.com\/SonoraEE\/","https:\/\/x.com\/sonoraenequipo","https:\/\/www.youtube.com\/channel\/UC338nW-lPEYmJQs4ZABQ1SQ"]},{"@type":"Person","@id":"https:\/\/www.sonoraenequipo.com.mx\/#\/schema\/person\/f2099c3f73c4deb50bcf06e2141b262a","name":"Patricia Zazueta Zazueta","image":{"@type":"ImageObject","inLanguage":"es","@id":"https:\/\/www.sonoraenequipo.com.mx\/#\/schema\/person\/image\/","url":"https:\/\/secure.gravatar.com\/avatar\/db22bf427cd910e3f7e1812847b5c313765decc254730ced3412c484f395809a?s=96&d=blank&r=g","contentUrl":"https:\/\/secure.gravatar.com\/avatar\/db22bf427cd910e3f7e1812847b5c313765decc254730ced3412c484f395809a?s=96&d=blank&r=g","caption":"Patricia Zazueta Zazueta"},"sameAs":["http:\/\/www.sonoraenequipo.com.mx"]}]}},"jetpack_featured_media_url":"https:\/\/www.sonoraenequipo.com.mx\/storage\/2026\/04\/shotokansonora-dojo.jpg","_links":{"self":[{"href":"https:\/\/www.sonoraenequipo.com.mx\/api\/wp\/v2\/posts\/240649","targetHints":{"allow":["GET"]}}],"collection":[{"href":"https:\/\/www.sonoraenequipo.com.mx\/api\/wp\/v2\/posts"}],"about":[{"href":"https:\/\/www.sonoraenequipo.com.mx\/api\/wp\/v2\/types\/post"}],"author":[{"embeddable":true,"href":"https:\/\/www.sonoraenequipo.com.mx\/api\/wp\/v2\/users\/29"}],"replies":[{"embeddable":true,"href":"https:\/\/www.sonoraenequipo.com.mx\/api\/wp\/v2\/comments?post=240649"}],"version-history":[{"count":1,"href":"https:\/\/www.sonoraenequipo.com.mx\/api\/wp\/v2\/posts\/240649\/revisions"}],"predecessor-version":[{"id":240653,"href":"https:\/\/www.sonoraenequipo.com.mx\/api\/wp\/v2\/posts\/240649\/revisions\/240653"}],"wp:featuredmedia":[{"embeddable":true,"href":"https:\/\/www.sonoraenequipo.com.mx\/api\/wp\/v2\/media\/240652"}],"wp:attachment":[{"href":"https:\/\/www.sonoraenequipo.com.mx\/api\/wp\/v2\/media?parent=240649"}],"wp:term":[{"taxonomy":"category","embeddable":true,"href":"https:\/\/www.sonoraenequipo.com.mx\/api\/wp\/v2\/categories?post=240649"},{"taxonomy":"post_tag","embeddable":true,"href":"https:\/\/www.sonoraenequipo.com.mx\/api\/wp\/v2\/tags?post=240649"}],"curies":[{"name":"wp","href":"https:\/\/api.w.org\/{rel}","templated":true}]}}