{"id":240661,"date":"2026-04-27T14:38:27","date_gmt":"2026-04-27T21:38:27","guid":{"rendered":"https:\/\/www.sonoraenequipo.com.mx\/?p=240661"},"modified":"2026-04-27T14:40:04","modified_gmt":"2026-04-27T21:40:04","slug":"definidos-horarios-y-fechas-de-los-cuartos-de-final-de-la-liga-mx","status":"publish","type":"post","link":"https:\/\/www.sonoraenequipo.com.mx\/definidos-horarios-y-fechas-de-los-cuartos-de-final-de-la-liga-mx\/","title":{"rendered":"Definidos horarios y fechas de los cuartos de final de la Liga MX"},"content":{"rendered":"<p><strong>CIUDAD DE M\u00c9XICO, MX. \u2014<\/strong> Se acab\u00f3 la espera y el nerviosismo de la fase regular queda atr\u00e1s para dar paso a la etapa m\u00e1s vibrante del torneo. Tras un cierre de alarido en la Jornada 17, la Liga BBVA MX hace oficiales los d\u00edas y horarios en los que se disputar\u00e1n los encuentros de Ida y Vuelta de los Cuartos de Final. Con duelos de alto voltaje que prometen paralizar el pa\u00eds, los ocho invitados a la Fiesta Grande preparan sus mejores armas para encarar los 180 minutos m\u00e1s decisivos de la temporada, donde solo cuatro sobrevivir\u00e1n para mantener vivo el sue\u00f1o del campeonato.<\/p>\n<p>&nbsp;<\/p>\n<p>Chivas (2) vs Tigres (7)<\/p>\n<p>&nbsp;<\/p>\n<p>IDA: S\u00e1bado 2 de mayo de 2026 | 19:00 HORAS | Estadio Universitario<\/p>\n<p>VUELTA: S\u00e1bado 9 de mayo de 2026 | 19:07 HORAS | Estadio AKRON<\/p>\n<p>&nbsp;<\/p>\n<p>Cruz Azul (3) vs Atlas (6)<\/p>\n<p>&nbsp;<\/p>\n<p>IDA: S\u00e1bado 2 de mayo de 2026 | 21:15 HORAS | Estadio Jalisco<\/p>\n<p>VUELTA: S\u00e1bado 9 de mayo de 2026 | 21:15 HORAS | Estadio Banorte<\/p>\n<p>&nbsp;<\/p>\n<p>Pumas (1) vs Am\u00e9rica (8)<\/p>\n<p>&nbsp;<\/p>\n<p>IDA: Domingo 3 de mayo de 2026 | 17:00 HORAS | Estadio Banorte<\/p>\n<p>VUELTA: Domingo 10 de mayo de 2026 | 19:15 HORAS | Estadio O. Universitario<\/p>\n<p>&nbsp;<\/p>\n<p>Pachuca (4) vs Toluca (5)<\/p>\n<p>&nbsp;<\/p>\n<p>IDA: Domingo 3 de mayo de 2026 | 19:15 HORAS | Estadio Nemesio Diez<\/p>\n<p>VUELTA: Domingo 10 de mayo de 2026 | 17:00 HORAS | Estadio Hidalgo.<\/p>\n<p><strong>Fecha de publicaci\u00f3n lunes 27 de abril de 2026<\/strong><\/p>\n<p>&nbsp;<\/p>\n","protected":false},"excerpt":{"rendered":"<p>CIUDAD DE M\u00c9XICO, MX. \u2014 Se acab\u00f3 la espera y el nerviosismo de la fase&#8230;<\/p>\n","protected":false},"author":1,"featured_media":240662,"comment_status":"open","ping_status":"open","sticky":false,"template":"","format":"standard","meta":{"_monsterinsights_skip_tracking":false,"_monsterinsights_sitenote_active":false,"_monsterinsights_sitenote_note":"","_monsterinsights_sitenote_category":0,"footnotes":""},"categories":[10],"tags":[721],"class_list":["post"],"yoast_head":" \n<title>Sonora en Equipo. Definidos horarios y fechas de los cuartos de final de la Liga MX Deportes<\/title>\n<meta name=\"description\" content=\"CIUDAD DE M\u00c9XICO, MX. \u2014 Se acab\u00f3 la espera y el nerviosismo de la fase regular queda atr\u00e1s para dar paso a la etapa m\u00e1s vibrante del torneo. Tras un En Sonora en Equipo publicamos toda la informaci\u00f3n de Sonora, M\u00e9xico y el Mundo de manera oportuna y busca que la libertad de expresi\u00f3n sea real. Visita nuestro medio informativo publicado desde Hermosillo, Sonora. %\" \/>\n<meta name=\"robots\" content=\"index, follow, max-snippet:-1, max-image-preview:large, max-video-preview:-1\" \/>\n<link rel=\"canonical\" href=\"https:\/\/www.sonoraenequipo.com.mx\/definidos-horarios-y-fechas-de-los-cuartos-de-final-de-la-liga-mx\/\" \/>\n<meta property=\"og:locale\" content=\"es_ES\" \/>\n<meta property=\"og:type\" content=\"article\" \/>\n<meta property=\"og:title\" content=\"Sonora en Equipo. Definidos horarios y fechas de los cuartos de final de la Liga MX Deportes\" \/>\n<meta property=\"og:description\" content=\"CIUDAD DE M\u00c9XICO, MX. \u2014 Se acab\u00f3 la espera y el nerviosismo de la fase regular queda atr\u00e1s para dar paso a la etapa m\u00e1s vibrante del torneo. Tras un En Sonora en Equipo publicamos toda la informaci\u00f3n de Sonora, M\u00e9xico y el Mundo de manera oportuna y busca que la libertad de expresi\u00f3n sea real. Visita nuestro medio informativo publicado desde Hermosillo, Sonora. %\" \/>\n<meta property=\"og:url\" content=\"https:\/\/www.sonoraenequipo.com.mx\/definidos-horarios-y-fechas-de-los-cuartos-de-final-de-la-liga-mx\/\" \/>\n<meta property=\"og:site_name\" content=\"Sonora en Equipo.\" \/>\n<meta property=\"article:publisher\" content=\"https:\/\/www.facebook.com\/SonoraEE\/\" \/>\n<meta property=\"article:author\" content=\"https:\/\/www.facebook.com\/SonoraEE\" \/>\n<meta property=\"article:published_time\" content=\"2026-04-27T21:38:27+00:00\" \/>\n<meta property=\"article:modified_time\" content=\"2026-04-27T21:40:04+00:00\" \/>\n<meta property=\"og:image\" content=\"https:\/\/www.sonoraenequipo.com.mx\/storage\/2026\/04\/copa-liga-mx.jpg\" \/>\n\t<meta property=\"og:image:width\" content=\"600\" \/>\n\t<meta property=\"og:image:height\" content=\"400\" \/>\n\t<meta property=\"og:image:type\" content=\"image\/jpeg\" \/>\n<meta name=\"author\" content=\"enequipo\" \/>\n<meta name=\"twitter:card\" content=\"summary_large_image\" \/>\n<meta name=\"twitter:creator\" content=\"@sonoraenequipo\" \/>\n<meta name=\"twitter:site\" content=\"@sonoraenequipo\" \/>\n<meta name=\"twitter:label1\" content=\"Escrito por\" \/>\n\t<meta name=\"twitter:data1\" content=\"enequipo\" \/>\n\t<meta name=\"twitter:label2\" content=\"Tiempo de lectura\" \/>\n\t<meta name=\"twitter:data2\" content=\"1 minuto\" \/>\n<script type=\"application\/ld+json\" class=\"yoast-schema-graph\">{\"@context\":\"https:\/\/schema.org\",\"@graph\":[{\"@type\":\"Article\",\"@id\":\"https:\/\/www.sonoraenequipo.com.mx\/definidos-horarios-y-fechas-de-los-cuartos-de-final-de-la-liga-mx\/#article\",\"isPartOf\":{\"@id\":\"https:\/\/www.sonoraenequipo.com.mx\/definidos-horarios-y-fechas-de-los-cuartos-de-final-de-la-liga-mx\/\"},\"author\":{\"name\":\"enequipo\",\"@id\":\"https:\/\/www.sonoraenequipo.com.mx\/#\/schema\/person\/50102df0fb23a8fa9e8effad8fa81386\"},\"headline\":\"Definidos horarios y fechas de los cuartos de final de la Liga MX\",\"datePublished\":\"2026-04-27T21:38:27+00:00\",\"dateModified\":\"2026-04-27T21:40:04+00:00\",\"mainEntityOfPage\":{\"@id\":\"https:\/\/www.sonoraenequipo.com.mx\/definidos-horarios-y-fechas-de-los-cuartos-de-final-de-la-liga-mx\/\"},\"wordCount\":225,\"commentCount\":0,\"publisher\":{\"@id\":\"https:\/\/www.sonoraenequipo.com.mx\/#organization\"},\"image\":{\"@id\":\"https:\/\/www.sonoraenequipo.com.mx\/definidos-horarios-y-fechas-de-los-cuartos-de-final-de-la-liga-mx\/#primaryimage\"},\"thumbnailUrl\":\"https:\/\/www.sonoraenequipo.com.mx\/storage\/2026\/04\/copa-liga-mx.jpg\",\"keywords\":[\"LigaMX\"],\"articleSection\":[\"Deportes\"],\"inLanguage\":\"es\",\"potentialAction\":[{\"@type\":\"CommentAction\",\"name\":\"Comment\",\"target\":[\"https:\/\/www.sonoraenequipo.com.mx\/definidos-horarios-y-fechas-de-los-cuartos-de-final-de-la-liga-mx\/#respond\"]}]},{\"@type\":\"WebPage\",\"@id\":\"https:\/\/www.sonoraenequipo.com.mx\/definidos-horarios-y-fechas-de-los-cuartos-de-final-de-la-liga-mx\/\",\"url\":\"https:\/\/www.sonoraenequipo.com.mx\/definidos-horarios-y-fechas-de-los-cuartos-de-final-de-la-liga-mx\/\",\"name\":\"Sonora en Equipo. Definidos horarios y fechas de los cuartos de final de la Liga MX Deportes\",\"isPartOf\":{\"@id\":\"https:\/\/www.sonoraenequipo.com.mx\/#website\"},\"primaryImageOfPage\":{\"@id\":\"https:\/\/www.sonoraenequipo.com.mx\/definidos-horarios-y-fechas-de-los-cuartos-de-final-de-la-liga-mx\/#primaryimage\"},\"image\":{\"@id\":\"https:\/\/www.sonoraenequipo.com.mx\/definidos-horarios-y-fechas-de-los-cuartos-de-final-de-la-liga-mx\/#primaryimage\"},\"thumbnailUrl\":\"https:\/\/www.sonoraenequipo.com.mx\/storage\/2026\/04\/copa-liga-mx.jpg\",\"datePublished\":\"2026-04-27T21:38:27+00:00\",\"dateModified\":\"2026-04-27T21:40:04+00:00\",\"description\":\"CIUDAD DE M\u00c9XICO, MX. \u2014 Se acab\u00f3 la espera y el nerviosismo de la fase regular queda atr\u00e1s para dar paso a la etapa m\u00e1s vibrante del torneo. Tras un En Sonora en Equipo publicamos toda la informaci\u00f3n de Sonora, M\u00e9xico y el Mundo de manera oportuna y busca que la libertad de expresi\u00f3n sea real. Visita nuestro medio informativo publicado desde Hermosillo, Sonora. %\",\"breadcrumb\":{\"@id\":\"https:\/\/www.sonoraenequipo.com.mx\/definidos-horarios-y-fechas-de-los-cuartos-de-final-de-la-liga-mx\/#breadcrumb\"},\"inLanguage\":\"es\",\"potentialAction\":[{\"@type\":\"ReadAction\",\"target\":[\"https:\/\/www.sonoraenequipo.com.mx\/definidos-horarios-y-fechas-de-los-cuartos-de-final-de-la-liga-mx\/\"]}]},{\"@type\":\"ImageObject\",\"inLanguage\":\"es\",\"@id\":\"https:\/\/www.sonoraenequipo.com.mx\/definidos-horarios-y-fechas-de-los-cuartos-de-final-de-la-liga-mx\/#primaryimage\",\"url\":\"https:\/\/www.sonoraenequipo.com.mx\/storage\/2026\/04\/copa-liga-mx.jpg\",\"contentUrl\":\"https:\/\/www.sonoraenequipo.com.mx\/storage\/2026\/04\/copa-liga-mx.jpg\",\"width\":600,\"height\":400},{\"@type\":\"BreadcrumbList\",\"@id\":\"https:\/\/www.sonoraenequipo.com.mx\/definidos-horarios-y-fechas-de-los-cuartos-de-final-de-la-liga-mx\/#breadcrumb\",\"itemListElement\":[{\"@type\":\"ListItem\",\"position\":1,\"name\":\"Portada\",\"item\":\"https:\/\/www.sonoraenequipo.com.mx\/\"},{\"@type\":\"ListItem\",\"position\":2,\"name\":\"Definidos horarios y fechas de los cuartos de final de la Liga MX\"}]},{\"@type\":\"WebSite\",\"@id\":\"https:\/\/www.sonoraenequipo.com.mx\/#website\",\"url\":\"https:\/\/www.sonoraenequipo.com.mx\/\",\"name\":\"Sonora en Equipo.\",\"description\":\"Diario en l\u00ednea con Noticias desde Hermosillo, Sonora\",\"publisher\":{\"@id\":\"https:\/\/www.sonoraenequipo.com.mx\/#organization\"},\"potentialAction\":[{\"@type\":\"SearchAction\",\"target\":{\"@type\":\"EntryPoint\",\"urlTemplate\":\"https:\/\/www.sonoraenequipo.com.mx\/?s={search_term_string}\"},\"query-input\":{\"@type\":\"PropertyValueSpecification\",\"valueRequired\":true,\"valueName\":\"search_term_string\"}}],\"inLanguage\":\"es\"},{\"@type\":\"Organization\",\"@id\":\"https:\/\/www.sonoraenequipo.com.mx\/#organization\",\"name\":\"Sonoraenequipo.com.mx\",\"url\":\"https:\/\/www.sonoraenequipo.com.mx\/\",\"logo\":{\"@type\":\"ImageObject\",\"inLanguage\":\"es\",\"@id\":\"https:\/\/www.sonoraenequipo.com.mx\/#\/schema\/logo\/image\/\",\"url\":\"https:\/\/www.sonoraenequipo.com.mx\/storage\/2019\/01\/sonoraenequipo_opt.png\",\"contentUrl\":\"https:\/\/www.sonoraenequipo.com.mx\/storage\/2019\/01\/sonoraenequipo_opt.png\",\"width\":375,\"height\":125,\"caption\":\"Sonoraenequipo.com.mx\"},\"image\":{\"@id\":\"https:\/\/www.sonoraenequipo.com.mx\/#\/schema\/logo\/image\/\"},\"sameAs\":[\"https:\/\/www.facebook.com\/SonoraEE\/\",\"https:\/\/x.com\/sonoraenequipo\",\"https:\/\/www.youtube.com\/channel\/UC338nW-lPEYmJQs4ZABQ1SQ\"]},{\"@type\":\"Person\",\"@id\":\"https:\/\/www.sonoraenequipo.com.mx\/#\/schema\/person\/50102df0fb23a8fa9e8effad8fa81386\",\"name\":\"enequipo\",\"image\":{\"@type\":\"ImageObject\",\"inLanguage\":\"es\",\"@id\":\"https:\/\/www.sonoraenequipo.com.mx\/#\/schema\/person\/image\/\",\"url\":\"https:\/\/secure.gravatar.com\/avatar\/049821681b589dabc0bc20695993ccebb09f5b5d4d790cd9251b97faac7c652b?s=96&d=blank&r=g\",\"contentUrl\":\"https:\/\/secure.gravatar.com\/avatar\/049821681b589dabc0bc20695993ccebb09f5b5d4d790cd9251b97faac7c652b?s=96&d=blank&r=g\",\"caption\":\"enequipo\"},\"sameAs\":[\"https:\/\/www.facebook.com\/SonoraEE\"]}]}<\/script>\n ","yoast_head_json":{"title":"Sonora en Equipo. Definidos horarios y fechas de los cuartos de final de la Liga MX Deportes","description":"CIUDAD DE M\u00c9XICO, MX. \u2014 Se acab\u00f3 la espera y el nerviosismo de la fase regular queda atr\u00e1s para dar paso a la etapa m\u00e1s vibrante del torneo. Tras un En Sonora en Equipo publicamos toda la informaci\u00f3n de Sonora, M\u00e9xico y el Mundo de manera oportuna y busca que la libertad de expresi\u00f3n sea real. Visita nuestro medio informativo publicado desde Hermosillo, Sonora. %","robots":{"index":"index","follow":"follow","max-snippet":"max-snippet:-1","max-image-preview":"max-image-preview:large","max-video-preview":"max-video-preview:-1"},"canonical":"https:\/\/www.sonoraenequipo.com.mx\/definidos-horarios-y-fechas-de-los-cuartos-de-final-de-la-liga-mx\/","og_locale":"es_ES","og_type":"article","og_title":"Sonora en Equipo. Definidos horarios y fechas de los cuartos de final de la Liga MX Deportes","og_description":"CIUDAD DE M\u00c9XICO, MX. \u2014 Se acab\u00f3 la espera y el nerviosismo de la fase regular queda atr\u00e1s para dar paso a la etapa m\u00e1s vibrante del torneo. Tras un En Sonora en Equipo publicamos toda la informaci\u00f3n de Sonora, M\u00e9xico y el Mundo de manera oportuna y busca que la libertad de expresi\u00f3n sea real. Visita nuestro medio informativo publicado desde Hermosillo, Sonora. %","og_url":"https:\/\/www.sonoraenequipo.com.mx\/definidos-horarios-y-fechas-de-los-cuartos-de-final-de-la-liga-mx\/","og_site_name":"Sonora en Equipo.","article_publisher":"https:\/\/www.facebook.com\/SonoraEE\/","article_author":"https:\/\/www.facebook.com\/SonoraEE","article_published_time":"2026-04-27T21:38:27+00:00","article_modified_time":"2026-04-27T21:40:04+00:00","og_image":[{"width":600,"height":400,"url":"https:\/\/www.sonoraenequipo.com.mx\/storage\/2026\/04\/copa-liga-mx.jpg","type":"image\/jpeg"}],"author":"enequipo","twitter_card":"summary_large_image","twitter_creator":"@sonoraenequipo","twitter_site":"@sonoraenequipo","twitter_misc":{"Escrito por":"enequipo","Tiempo de lectura":"1 minuto"},"schema":{"@context":"https:\/\/schema.org","@graph":[{"@type":"Article","@id":"https:\/\/www.sonoraenequipo.com.mx\/definidos-horarios-y-fechas-de-los-cuartos-de-final-de-la-liga-mx\/#article","isPartOf":{"@id":"https:\/\/www.sonoraenequipo.com.mx\/definidos-horarios-y-fechas-de-los-cuartos-de-final-de-la-liga-mx\/"},"author":{"name":"enequipo","@id":"https:\/\/www.sonoraenequipo.com.mx\/#\/schema\/person\/50102df0fb23a8fa9e8effad8fa81386"},"headline":"Definidos horarios y fechas de los cuartos de final de la Liga MX","datePublished":"2026-04-27T21:38:27+00:00","dateModified":"2026-04-27T21:40:04+00:00","mainEntityOfPage":{"@id":"https:\/\/www.sonoraenequipo.com.mx\/definidos-horarios-y-fechas-de-los-cuartos-de-final-de-la-liga-mx\/"},"wordCount":225,"commentCount":0,"publisher":{"@id":"https:\/\/www.sonoraenequipo.com.mx\/#organization"},"image":{"@id":"https:\/\/www.sonoraenequipo.com.mx\/definidos-horarios-y-fechas-de-los-cuartos-de-final-de-la-liga-mx\/#primaryimage"},"thumbnailUrl":"https:\/\/www.sonoraenequipo.com.mx\/storage\/2026\/04\/copa-liga-mx.jpg","keywords":["LigaMX"],"articleSection":["Deportes"],"inLanguage":"es","potentialAction":[{"@type":"CommentAction","name":"Comment","target":["https:\/\/www.sonoraenequipo.com.mx\/definidos-horarios-y-fechas-de-los-cuartos-de-final-de-la-liga-mx\/#respond"]}]},{"@type":"WebPage","@id":"https:\/\/www.sonoraenequipo.com.mx\/definidos-horarios-y-fechas-de-los-cuartos-de-final-de-la-liga-mx\/","url":"https:\/\/www.sonoraenequipo.com.mx\/definidos-horarios-y-fechas-de-los-cuartos-de-final-de-la-liga-mx\/","name":"Sonora en Equipo. Definidos horarios y fechas de los cuartos de final de la Liga MX Deportes","isPartOf":{"@id":"https:\/\/www.sonoraenequipo.com.mx\/#website"},"primaryImageOfPage":{"@id":"https:\/\/www.sonoraenequipo.com.mx\/definidos-horarios-y-fechas-de-los-cuartos-de-final-de-la-liga-mx\/#primaryimage"},"image":{"@id":"https:\/\/www.sonoraenequipo.com.mx\/definidos-horarios-y-fechas-de-los-cuartos-de-final-de-la-liga-mx\/#primaryimage"},"thumbnailUrl":"https:\/\/www.sonoraenequipo.com.mx\/storage\/2026\/04\/copa-liga-mx.jpg","datePublished":"2026-04-27T21:38:27+00:00","dateModified":"2026-04-27T21:40:04+00:00","description":"CIUDAD DE M\u00c9XICO, MX. \u2014 Se acab\u00f3 la espera y el nerviosismo de la fase regular queda atr\u00e1s para dar paso a la etapa m\u00e1s vibrante del torneo. Tras un En Sonora en Equipo publicamos toda la informaci\u00f3n de Sonora, M\u00e9xico y el Mundo de manera oportuna y busca que la libertad de expresi\u00f3n sea real. Visita nuestro medio informativo publicado desde Hermosillo, Sonora. %","breadcrumb":{"@id":"https:\/\/www.sonoraenequipo.com.mx\/definidos-horarios-y-fechas-de-los-cuartos-de-final-de-la-liga-mx\/#breadcrumb"},"inLanguage":"es","potentialAction":[{"@type":"ReadAction","target":["https:\/\/www.sonoraenequipo.com.mx\/definidos-horarios-y-fechas-de-los-cuartos-de-final-de-la-liga-mx\/"]}]},{"@type":"ImageObject","inLanguage":"es","@id":"https:\/\/www.sonoraenequipo.com.mx\/definidos-horarios-y-fechas-de-los-cuartos-de-final-de-la-liga-mx\/#primaryimage","url":"https:\/\/www.sonoraenequipo.com.mx\/storage\/2026\/04\/copa-liga-mx.jpg","contentUrl":"https:\/\/www.sonoraenequipo.com.mx\/storage\/2026\/04\/copa-liga-mx.jpg","width":600,"height":400},{"@type":"BreadcrumbList","@id":"https:\/\/www.sonoraenequipo.com.mx\/definidos-horarios-y-fechas-de-los-cuartos-de-final-de-la-liga-mx\/#breadcrumb","itemListElement":[{"@type":"ListItem","position":1,"name":"Portada","item":"https:\/\/www.sonoraenequipo.com.mx\/"},{"@type":"ListItem","position":2,"name":"Definidos horarios y fechas de los cuartos de final de la Liga MX"}]},{"@type":"WebSite","@id":"https:\/\/www.sonoraenequipo.com.mx\/#website","url":"https:\/\/www.sonoraenequipo.com.mx\/","name":"Sonora en Equipo.","description":"Diario en l\u00ednea con Noticias desde Hermosillo, Sonora","publisher":{"@id":"https:\/\/www.sonoraenequipo.com.mx\/#organization"},"potentialAction":[{"@type":"SearchAction","target":{"@type":"EntryPoint","urlTemplate":"https:\/\/www.sonoraenequipo.com.mx\/?s={search_term_string}"},"query-input":{"@type":"PropertyValueSpecification","valueRequired":true,"valueName":"search_term_string"}}],"inLanguage":"es"},{"@type":"Organization","@id":"https:\/\/www.sonoraenequipo.com.mx\/#organization","name":"Sonoraenequipo.com.mx","url":"https:\/\/www.sonoraenequipo.com.mx\/","logo":{"@type":"ImageObject","inLanguage":"es","@id":"https:\/\/www.sonoraenequipo.com.mx\/#\/schema\/logo\/image\/","url":"https:\/\/www.sonoraenequipo.com.mx\/storage\/2019\/01\/sonoraenequipo_opt.png","contentUrl":"https:\/\/www.sonoraenequipo.com.mx\/storage\/2019\/01\/sonoraenequipo_opt.png","width":375,"height":125,"caption":"Sonoraenequipo.com.mx"},"image":{"@id":"https:\/\/www.sonoraenequipo.com.mx\/#\/schema\/logo\/image\/"},"sameAs":["https:\/\/www.facebook.com\/SonoraEE\/","https:\/\/x.com\/sonoraenequipo","https:\/\/www.youtube.com\/channel\/UC338nW-lPEYmJQs4ZABQ1SQ"]},{"@type":"Person","@id":"https:\/\/www.sonoraenequipo.com.mx\/#\/schema\/person\/50102df0fb23a8fa9e8effad8fa81386","name":"enequipo","image":{"@type":"ImageObject","inLanguage":"es","@id":"https:\/\/www.sonoraenequipo.com.mx\/#\/schema\/person\/image\/","url":"https:\/\/secure.gravatar.com\/avatar\/049821681b589dabc0bc20695993ccebb09f5b5d4d790cd9251b97faac7c652b?s=96&d=blank&r=g","contentUrl":"https:\/\/secure.gravatar.com\/avatar\/049821681b589dabc0bc20695993ccebb09f5b5d4d790cd9251b97faac7c652b?s=96&d=blank&r=g","caption":"enequipo"},"sameAs":["https:\/\/www.facebook.com\/SonoraEE"]}]}},"jetpack_featured_media_url":"https:\/\/www.sonoraenequipo.com.mx\/storage\/2026\/04\/copa-liga-mx.jpg","_links":{"self":[{"href":"https:\/\/www.sonoraenequipo.com.mx\/api\/wp\/v2\/posts\/240661","targetHints":{"allow":["GET"]}}],"collection":[{"href":"https:\/\/www.sonoraenequipo.com.mx\/api\/wp\/v2\/posts"}],"about":[{"href":"https:\/\/www.sonoraenequipo.com.mx\/api\/wp\/v2\/types\/post"}],"author":[{"embeddable":true,"href":"https:\/\/www.sonoraenequipo.com.mx\/api\/wp\/v2\/users\/1"}],"replies":[{"embeddable":true,"href":"https:\/\/www.sonoraenequipo.com.mx\/api\/wp\/v2\/comments?post=240661"}],"version-history":[{"count":1,"href":"https:\/\/www.sonoraenequipo.com.mx\/api\/wp\/v2\/posts\/240661\/revisions"}],"predecessor-version":[{"id":240663,"href":"https:\/\/www.sonoraenequipo.com.mx\/api\/wp\/v2\/posts\/240661\/revisions\/240663"}],"wp:featuredmedia":[{"embeddable":true,"href":"https:\/\/www.sonoraenequipo.com.mx\/api\/wp\/v2\/media\/240662"}],"wp:attachment":[{"href":"https:\/\/www.sonoraenequipo.com.mx\/api\/wp\/v2\/media?parent=240661"}],"wp:term":[{"taxonomy":"category","embeddable":true,"href":"https:\/\/www.sonoraenequipo.com.mx\/api\/wp\/v2\/categories?post=240661"},{"taxonomy":"post_tag","embeddable":true,"href":"https:\/\/www.sonoraenequipo.com.mx\/api\/wp\/v2\/tags?post=240661"}],"curies":[{"name":"wp","href":"https:\/\/api.w.org\/{rel}","templated":true}]}}