{"id":240664,"date":"2026-04-27T15:12:35","date_gmt":"2026-04-27T22:12:35","guid":{"rendered":"https:\/\/www.sonoraenequipo.com.mx\/?p=240664"},"modified":"2026-04-27T15:12:35","modified_gmt":"2026-04-27T22:12:35","slug":"abre-gobierno-de-sonora-convocatoria-peso-a-peso-por-la-transformacion-2026","status":"publish","type":"post","link":"https:\/\/www.sonoraenequipo.com.mx\/abre-gobierno-de-sonora-convocatoria-peso-a-peso-por-la-transformacion-2026\/","title":{"rendered":"Abre Gobierno de Sonora convocatoria \u201cPeso a Peso por la Transformaci\u00f3n 2026\u201d"},"content":{"rendered":"<p><strong>HERMOSILLO, SONORA, MX. \u2014<\/strong> Con el prop\u00f3sito de sumar esfuerzos y multiplicar el impacto social en las comunidades, el Gobierno de Sonora, a trav\u00e9s del Sistema para el Desarrollo Integral de la Familia (DIF Sonora), abri\u00f3 la convocatoria del programa \u201cPeso a Peso por la Transformaci\u00f3n 2026\u201d.<\/p>\n<p>&nbsp;<\/p>\n<p>&nbsp;<\/p>\n<p>&nbsp;<\/p>\n<p>En seguimiento al compromiso del gobernador Alfonso Durazo de fortalecer el trabajo de la sociedad civil organizada, el Gobierno de Sonora destina 20 millones de pesos para llevar a cabo este programa de corresponsabilidad que permite ampliar el impacto de los proyectos sociales dirigidos a personas en situaci\u00f3n de vulnerabilidad.<\/p>\n<p>&nbsp;<\/p>\n<p>&nbsp;<\/p>\n<p>&nbsp;<\/p>\n<p>La convocatoria contempla el apoyo a iniciativas que contribuyan a la atenci\u00f3n integral de grupos prioritarios, al fortalecimiento institucional de los organismos y a la implementaci\u00f3n de acciones de prevenci\u00f3n y desarrollo comunitario, consolidando as\u00ed una red de colaboraci\u00f3n que incide directamente en el bienestar de las comunidades.<\/p>\n<p>&nbsp;<\/p>\n<p>&nbsp;<\/p>\n<p>&nbsp;<\/p>\n<p>La Directora de Vinculaci\u00f3n con Organismos Asistenciales de la Sociedad Civil, Rosario Camou Reyes, destac\u00f3 que este programa permite potenciar los esfuerzos de las organizaciones que diariamente trabajan cerca de quienes m\u00e1s lo necesitan, mediante el esquema peso a peso, generando mayores oportunidades de atenci\u00f3n y desarrollo social.<\/p>\n<p>&nbsp;<\/p>\n<p>&nbsp;<\/p>\n<p>&nbsp;<\/p>\n<p>Las bases y requisitos de la convocatoria est\u00e1n disponibles en el sitio web oficial de DIF Sonora: www.dif.sonora.gob.mx y en las oficinas correspondientes, para que las organizaciones interesadas puedan presentar sus proyectos dentro del periodo establecido.<\/p>\n<p>&nbsp;<\/p>\n<p>&nbsp;<\/p>\n<p>&nbsp;<\/p>\n<p>Para m\u00e1s informaci\u00f3n, las organizaciones pueden comunicarse al tel\u00e9fono (662) 289-26-00, extensi\u00f3n 128.<\/p>\n<p><strong>Fecha de publicaci\u00f3n lunes 27 de abril de 2026<\/strong><\/p>\n","protected":false},"excerpt":{"rendered":"<p>HERMOSILLO, SONORA, MX. \u2014 Con el prop\u00f3sito de sumar esfuerzos y multiplicar el impacto social&#8230;<\/p>\n","protected":false},"author":1,"featured_media":240665,"comment_status":"open","ping_status":"open","sticky":false,"template":"","format":"standard","meta":{"_monsterinsights_skip_tracking":false,"_monsterinsights_sitenote_active":false,"_monsterinsights_sitenote_note":"","_monsterinsights_sitenote_category":0,"footnotes":""},"categories":[22],"tags":[12633,7139],"class_list":["post"],"yoast_head":" \n<title>Sonora en Equipo. Abre Gobierno de Sonora convocatoria \u201cPeso a Peso por la Transformaci\u00f3n 2026\u201d Sonora<\/title>\n<meta name=\"description\" content=\"HERMOSILLO, SONORA, MX. \u2014 Con el prop\u00f3sito de sumar esfuerzos y multiplicar el impacto social en las comunidades, el Gobierno de Sonora, a trav\u00e9s del En Sonora en Equipo publicamos toda la informaci\u00f3n de Sonora, M\u00e9xico y el Mundo de manera oportuna y busca que la libertad de expresi\u00f3n sea real. Visita nuestro medio informativo publicado desde Hermosillo, Sonora. %\" \/>\n<meta name=\"robots\" content=\"index, follow, max-snippet:-1, max-image-preview:large, max-video-preview:-1\" \/>\n<link rel=\"canonical\" href=\"https:\/\/www.sonoraenequipo.com.mx\/abre-gobierno-de-sonora-convocatoria-peso-a-peso-por-la-transformacion-2026\/\" \/>\n<meta property=\"og:locale\" content=\"es_ES\" \/>\n<meta property=\"og:type\" content=\"article\" \/>\n<meta property=\"og:title\" content=\"Sonora en Equipo. Abre Gobierno de Sonora convocatoria \u201cPeso a Peso por la Transformaci\u00f3n 2026\u201d Sonora\" \/>\n<meta property=\"og:description\" content=\"HERMOSILLO, SONORA, MX. \u2014 Con el prop\u00f3sito de sumar esfuerzos y multiplicar el impacto social en las comunidades, el Gobierno de Sonora, a trav\u00e9s del En Sonora en Equipo publicamos toda la informaci\u00f3n de Sonora, M\u00e9xico y el Mundo de manera oportuna y busca que la libertad de expresi\u00f3n sea real. Visita nuestro medio informativo publicado desde Hermosillo, Sonora. %\" \/>\n<meta property=\"og:url\" content=\"https:\/\/www.sonoraenequipo.com.mx\/abre-gobierno-de-sonora-convocatoria-peso-a-peso-por-la-transformacion-2026\/\" \/>\n<meta property=\"og:site_name\" content=\"Sonora en Equipo.\" \/>\n<meta property=\"article:publisher\" content=\"https:\/\/www.facebook.com\/SonoraEE\/\" \/>\n<meta property=\"article:author\" content=\"https:\/\/www.facebook.com\/SonoraEE\" \/>\n<meta property=\"article:published_time\" content=\"2026-04-27T22:12:35+00:00\" \/>\n<meta property=\"og:image\" content=\"https:\/\/www.sonoraenequipo.com.mx\/storage\/2026\/04\/rosario-camou.jpg\" \/>\n\t<meta property=\"og:image:width\" content=\"600\" \/>\n\t<meta property=\"og:image:height\" content=\"400\" \/>\n\t<meta property=\"og:image:type\" content=\"image\/jpeg\" \/>\n<meta name=\"author\" content=\"enequipo\" \/>\n<meta name=\"twitter:card\" content=\"summary_large_image\" \/>\n<meta name=\"twitter:creator\" content=\"@sonoraenequipo\" \/>\n<meta name=\"twitter:site\" content=\"@sonoraenequipo\" \/>\n<meta name=\"twitter:label1\" content=\"Escrito por\" \/>\n\t<meta name=\"twitter:data1\" content=\"enequipo\" \/>\n\t<meta name=\"twitter:label2\" content=\"Tiempo de lectura\" \/>\n\t<meta name=\"twitter:data2\" content=\"1 minuto\" \/>\n<script type=\"application\/ld+json\" class=\"yoast-schema-graph\">{\"@context\":\"https:\/\/schema.org\",\"@graph\":[{\"@type\":\"Article\",\"@id\":\"https:\/\/www.sonoraenequipo.com.mx\/abre-gobierno-de-sonora-convocatoria-peso-a-peso-por-la-transformacion-2026\/#article\",\"isPartOf\":{\"@id\":\"https:\/\/www.sonoraenequipo.com.mx\/abre-gobierno-de-sonora-convocatoria-peso-a-peso-por-la-transformacion-2026\/\"},\"author\":{\"name\":\"enequipo\",\"@id\":\"https:\/\/www.sonoraenequipo.com.mx\/#\/schema\/person\/50102df0fb23a8fa9e8effad8fa81386\"},\"headline\":\"Abre Gobierno de Sonora convocatoria \u201cPeso a Peso por la Transformaci\u00f3n 2026\u201d\",\"datePublished\":\"2026-04-27T22:12:35+00:00\",\"mainEntityOfPage\":{\"@id\":\"https:\/\/www.sonoraenequipo.com.mx\/abre-gobierno-de-sonora-convocatoria-peso-a-peso-por-la-transformacion-2026\/\"},\"wordCount\":293,\"commentCount\":0,\"publisher\":{\"@id\":\"https:\/\/www.sonoraenequipo.com.mx\/#organization\"},\"image\":{\"@id\":\"https:\/\/www.sonoraenequipo.com.mx\/abre-gobierno-de-sonora-convocatoria-peso-a-peso-por-la-transformacion-2026\/#primaryimage\"},\"thumbnailUrl\":\"https:\/\/www.sonoraenequipo.com.mx\/storage\/2026\/04\/rosario-camou.jpg\",\"keywords\":[\"pesoporpeso\",\"solar\"],\"articleSection\":[\"Sonora\"],\"inLanguage\":\"es\",\"potentialAction\":[{\"@type\":\"CommentAction\",\"name\":\"Comment\",\"target\":[\"https:\/\/www.sonoraenequipo.com.mx\/abre-gobierno-de-sonora-convocatoria-peso-a-peso-por-la-transformacion-2026\/#respond\"]}]},{\"@type\":\"WebPage\",\"@id\":\"https:\/\/www.sonoraenequipo.com.mx\/abre-gobierno-de-sonora-convocatoria-peso-a-peso-por-la-transformacion-2026\/\",\"url\":\"https:\/\/www.sonoraenequipo.com.mx\/abre-gobierno-de-sonora-convocatoria-peso-a-peso-por-la-transformacion-2026\/\",\"name\":\"Sonora en Equipo. Abre Gobierno de Sonora convocatoria \u201cPeso a Peso por la Transformaci\u00f3n 2026\u201d Sonora\",\"isPartOf\":{\"@id\":\"https:\/\/www.sonoraenequipo.com.mx\/#website\"},\"primaryImageOfPage\":{\"@id\":\"https:\/\/www.sonoraenequipo.com.mx\/abre-gobierno-de-sonora-convocatoria-peso-a-peso-por-la-transformacion-2026\/#primaryimage\"},\"image\":{\"@id\":\"https:\/\/www.sonoraenequipo.com.mx\/abre-gobierno-de-sonora-convocatoria-peso-a-peso-por-la-transformacion-2026\/#primaryimage\"},\"thumbnailUrl\":\"https:\/\/www.sonoraenequipo.com.mx\/storage\/2026\/04\/rosario-camou.jpg\",\"datePublished\":\"2026-04-27T22:12:35+00:00\",\"description\":\"HERMOSILLO, SONORA, MX. \u2014 Con el prop\u00f3sito de sumar esfuerzos y multiplicar el impacto social en las comunidades, el Gobierno de Sonora, a trav\u00e9s del En Sonora en Equipo publicamos toda la informaci\u00f3n de Sonora, M\u00e9xico y el Mundo de manera oportuna y busca que la libertad de expresi\u00f3n sea real. Visita nuestro medio informativo publicado desde Hermosillo, Sonora. %\",\"breadcrumb\":{\"@id\":\"https:\/\/www.sonoraenequipo.com.mx\/abre-gobierno-de-sonora-convocatoria-peso-a-peso-por-la-transformacion-2026\/#breadcrumb\"},\"inLanguage\":\"es\",\"potentialAction\":[{\"@type\":\"ReadAction\",\"target\":[\"https:\/\/www.sonoraenequipo.com.mx\/abre-gobierno-de-sonora-convocatoria-peso-a-peso-por-la-transformacion-2026\/\"]}]},{\"@type\":\"ImageObject\",\"inLanguage\":\"es\",\"@id\":\"https:\/\/www.sonoraenequipo.com.mx\/abre-gobierno-de-sonora-convocatoria-peso-a-peso-por-la-transformacion-2026\/#primaryimage\",\"url\":\"https:\/\/www.sonoraenequipo.com.mx\/storage\/2026\/04\/rosario-camou.jpg\",\"contentUrl\":\"https:\/\/www.sonoraenequipo.com.mx\/storage\/2026\/04\/rosario-camou.jpg\",\"width\":600,\"height\":400,\"caption\":\"Rosario Camou Reyes Directora de Vinculaci\u00f3n con Organismos Asistenciales de la Sociedad Civil.\"},{\"@type\":\"BreadcrumbList\",\"@id\":\"https:\/\/www.sonoraenequipo.com.mx\/abre-gobierno-de-sonora-convocatoria-peso-a-peso-por-la-transformacion-2026\/#breadcrumb\",\"itemListElement\":[{\"@type\":\"ListItem\",\"position\":1,\"name\":\"Portada\",\"item\":\"https:\/\/www.sonoraenequipo.com.mx\/\"},{\"@type\":\"ListItem\",\"position\":2,\"name\":\"Abre Gobierno de Sonora convocatoria \u201cPeso a Peso por la Transformaci\u00f3n 2026\u201d\"}]},{\"@type\":\"WebSite\",\"@id\":\"https:\/\/www.sonoraenequipo.com.mx\/#website\",\"url\":\"https:\/\/www.sonoraenequipo.com.mx\/\",\"name\":\"Sonora en Equipo.\",\"description\":\"Diario en l\u00ednea con Noticias desde Hermosillo, Sonora\",\"publisher\":{\"@id\":\"https:\/\/www.sonoraenequipo.com.mx\/#organization\"},\"potentialAction\":[{\"@type\":\"SearchAction\",\"target\":{\"@type\":\"EntryPoint\",\"urlTemplate\":\"https:\/\/www.sonoraenequipo.com.mx\/?s={search_term_string}\"},\"query-input\":{\"@type\":\"PropertyValueSpecification\",\"valueRequired\":true,\"valueName\":\"search_term_string\"}}],\"inLanguage\":\"es\"},{\"@type\":\"Organization\",\"@id\":\"https:\/\/www.sonoraenequipo.com.mx\/#organization\",\"name\":\"Sonoraenequipo.com.mx\",\"url\":\"https:\/\/www.sonoraenequipo.com.mx\/\",\"logo\":{\"@type\":\"ImageObject\",\"inLanguage\":\"es\",\"@id\":\"https:\/\/www.sonoraenequipo.com.mx\/#\/schema\/logo\/image\/\",\"url\":\"https:\/\/www.sonoraenequipo.com.mx\/storage\/2019\/01\/sonoraenequipo_opt.png\",\"contentUrl\":\"https:\/\/www.sonoraenequipo.com.mx\/storage\/2019\/01\/sonoraenequipo_opt.png\",\"width\":375,\"height\":125,\"caption\":\"Sonoraenequipo.com.mx\"},\"image\":{\"@id\":\"https:\/\/www.sonoraenequipo.com.mx\/#\/schema\/logo\/image\/\"},\"sameAs\":[\"https:\/\/www.facebook.com\/SonoraEE\/\",\"https:\/\/x.com\/sonoraenequipo\",\"https:\/\/www.youtube.com\/channel\/UC338nW-lPEYmJQs4ZABQ1SQ\"]},{\"@type\":\"Person\",\"@id\":\"https:\/\/www.sonoraenequipo.com.mx\/#\/schema\/person\/50102df0fb23a8fa9e8effad8fa81386\",\"name\":\"enequipo\",\"image\":{\"@type\":\"ImageObject\",\"inLanguage\":\"es\",\"@id\":\"https:\/\/www.sonoraenequipo.com.mx\/#\/schema\/person\/image\/\",\"url\":\"https:\/\/secure.gravatar.com\/avatar\/049821681b589dabc0bc20695993ccebb09f5b5d4d790cd9251b97faac7c652b?s=96&d=blank&r=g\",\"contentUrl\":\"https:\/\/secure.gravatar.com\/avatar\/049821681b589dabc0bc20695993ccebb09f5b5d4d790cd9251b97faac7c652b?s=96&d=blank&r=g\",\"caption\":\"enequipo\"},\"sameAs\":[\"https:\/\/www.facebook.com\/SonoraEE\"]}]}<\/script>\n ","yoast_head_json":{"title":"Sonora en Equipo. Abre Gobierno de Sonora convocatoria \u201cPeso a Peso por la Transformaci\u00f3n 2026\u201d Sonora","description":"HERMOSILLO, SONORA, MX. \u2014 Con el prop\u00f3sito de sumar esfuerzos y multiplicar el impacto social en las comunidades, el Gobierno de Sonora, a trav\u00e9s del En Sonora en Equipo publicamos toda la informaci\u00f3n de Sonora, M\u00e9xico y el Mundo de manera oportuna y busca que la libertad de expresi\u00f3n sea real. Visita nuestro medio informativo publicado desde Hermosillo, Sonora. %","robots":{"index":"index","follow":"follow","max-snippet":"max-snippet:-1","max-image-preview":"max-image-preview:large","max-video-preview":"max-video-preview:-1"},"canonical":"https:\/\/www.sonoraenequipo.com.mx\/abre-gobierno-de-sonora-convocatoria-peso-a-peso-por-la-transformacion-2026\/","og_locale":"es_ES","og_type":"article","og_title":"Sonora en Equipo. Abre Gobierno de Sonora convocatoria \u201cPeso a Peso por la Transformaci\u00f3n 2026\u201d Sonora","og_description":"HERMOSILLO, SONORA, MX. \u2014 Con el prop\u00f3sito de sumar esfuerzos y multiplicar el impacto social en las comunidades, el Gobierno de Sonora, a trav\u00e9s del En Sonora en Equipo publicamos toda la informaci\u00f3n de Sonora, M\u00e9xico y el Mundo de manera oportuna y busca que la libertad de expresi\u00f3n sea real. Visita nuestro medio informativo publicado desde Hermosillo, Sonora. %","og_url":"https:\/\/www.sonoraenequipo.com.mx\/abre-gobierno-de-sonora-convocatoria-peso-a-peso-por-la-transformacion-2026\/","og_site_name":"Sonora en Equipo.","article_publisher":"https:\/\/www.facebook.com\/SonoraEE\/","article_author":"https:\/\/www.facebook.com\/SonoraEE","article_published_time":"2026-04-27T22:12:35+00:00","og_image":[{"width":600,"height":400,"url":"https:\/\/www.sonoraenequipo.com.mx\/storage\/2026\/04\/rosario-camou.jpg","type":"image\/jpeg"}],"author":"enequipo","twitter_card":"summary_large_image","twitter_creator":"@sonoraenequipo","twitter_site":"@sonoraenequipo","twitter_misc":{"Escrito por":"enequipo","Tiempo de lectura":"1 minuto"},"schema":{"@context":"https:\/\/schema.org","@graph":[{"@type":"Article","@id":"https:\/\/www.sonoraenequipo.com.mx\/abre-gobierno-de-sonora-convocatoria-peso-a-peso-por-la-transformacion-2026\/#article","isPartOf":{"@id":"https:\/\/www.sonoraenequipo.com.mx\/abre-gobierno-de-sonora-convocatoria-peso-a-peso-por-la-transformacion-2026\/"},"author":{"name":"enequipo","@id":"https:\/\/www.sonoraenequipo.com.mx\/#\/schema\/person\/50102df0fb23a8fa9e8effad8fa81386"},"headline":"Abre Gobierno de Sonora convocatoria \u201cPeso a Peso por la Transformaci\u00f3n 2026\u201d","datePublished":"2026-04-27T22:12:35+00:00","mainEntityOfPage":{"@id":"https:\/\/www.sonoraenequipo.com.mx\/abre-gobierno-de-sonora-convocatoria-peso-a-peso-por-la-transformacion-2026\/"},"wordCount":293,"commentCount":0,"publisher":{"@id":"https:\/\/www.sonoraenequipo.com.mx\/#organization"},"image":{"@id":"https:\/\/www.sonoraenequipo.com.mx\/abre-gobierno-de-sonora-convocatoria-peso-a-peso-por-la-transformacion-2026\/#primaryimage"},"thumbnailUrl":"https:\/\/www.sonoraenequipo.com.mx\/storage\/2026\/04\/rosario-camou.jpg","keywords":["pesoporpeso","solar"],"articleSection":["Sonora"],"inLanguage":"es","potentialAction":[{"@type":"CommentAction","name":"Comment","target":["https:\/\/www.sonoraenequipo.com.mx\/abre-gobierno-de-sonora-convocatoria-peso-a-peso-por-la-transformacion-2026\/#respond"]}]},{"@type":"WebPage","@id":"https:\/\/www.sonoraenequipo.com.mx\/abre-gobierno-de-sonora-convocatoria-peso-a-peso-por-la-transformacion-2026\/","url":"https:\/\/www.sonoraenequipo.com.mx\/abre-gobierno-de-sonora-convocatoria-peso-a-peso-por-la-transformacion-2026\/","name":"Sonora en Equipo. Abre Gobierno de Sonora convocatoria \u201cPeso a Peso por la Transformaci\u00f3n 2026\u201d Sonora","isPartOf":{"@id":"https:\/\/www.sonoraenequipo.com.mx\/#website"},"primaryImageOfPage":{"@id":"https:\/\/www.sonoraenequipo.com.mx\/abre-gobierno-de-sonora-convocatoria-peso-a-peso-por-la-transformacion-2026\/#primaryimage"},"image":{"@id":"https:\/\/www.sonoraenequipo.com.mx\/abre-gobierno-de-sonora-convocatoria-peso-a-peso-por-la-transformacion-2026\/#primaryimage"},"thumbnailUrl":"https:\/\/www.sonoraenequipo.com.mx\/storage\/2026\/04\/rosario-camou.jpg","datePublished":"2026-04-27T22:12:35+00:00","description":"HERMOSILLO, SONORA, MX. \u2014 Con el prop\u00f3sito de sumar esfuerzos y multiplicar el impacto social en las comunidades, el Gobierno de Sonora, a trav\u00e9s del En Sonora en Equipo publicamos toda la informaci\u00f3n de Sonora, M\u00e9xico y el Mundo de manera oportuna y busca que la libertad de expresi\u00f3n sea real. Visita nuestro medio informativo publicado desde Hermosillo, Sonora. %","breadcrumb":{"@id":"https:\/\/www.sonoraenequipo.com.mx\/abre-gobierno-de-sonora-convocatoria-peso-a-peso-por-la-transformacion-2026\/#breadcrumb"},"inLanguage":"es","potentialAction":[{"@type":"ReadAction","target":["https:\/\/www.sonoraenequipo.com.mx\/abre-gobierno-de-sonora-convocatoria-peso-a-peso-por-la-transformacion-2026\/"]}]},{"@type":"ImageObject","inLanguage":"es","@id":"https:\/\/www.sonoraenequipo.com.mx\/abre-gobierno-de-sonora-convocatoria-peso-a-peso-por-la-transformacion-2026\/#primaryimage","url":"https:\/\/www.sonoraenequipo.com.mx\/storage\/2026\/04\/rosario-camou.jpg","contentUrl":"https:\/\/www.sonoraenequipo.com.mx\/storage\/2026\/04\/rosario-camou.jpg","width":600,"height":400,"caption":"Rosario Camou Reyes Directora de Vinculaci\u00f3n con Organismos Asistenciales de la Sociedad Civil."},{"@type":"BreadcrumbList","@id":"https:\/\/www.sonoraenequipo.com.mx\/abre-gobierno-de-sonora-convocatoria-peso-a-peso-por-la-transformacion-2026\/#breadcrumb","itemListElement":[{"@type":"ListItem","position":1,"name":"Portada","item":"https:\/\/www.sonoraenequipo.com.mx\/"},{"@type":"ListItem","position":2,"name":"Abre Gobierno de Sonora convocatoria \u201cPeso a Peso por la Transformaci\u00f3n 2026\u201d"}]},{"@type":"WebSite","@id":"https:\/\/www.sonoraenequipo.com.mx\/#website","url":"https:\/\/www.sonoraenequipo.com.mx\/","name":"Sonora en Equipo.","description":"Diario en l\u00ednea con Noticias desde Hermosillo, Sonora","publisher":{"@id":"https:\/\/www.sonoraenequipo.com.mx\/#organization"},"potentialAction":[{"@type":"SearchAction","target":{"@type":"EntryPoint","urlTemplate":"https:\/\/www.sonoraenequipo.com.mx\/?s={search_term_string}"},"query-input":{"@type":"PropertyValueSpecification","valueRequired":true,"valueName":"search_term_string"}}],"inLanguage":"es"},{"@type":"Organization","@id":"https:\/\/www.sonoraenequipo.com.mx\/#organization","name":"Sonoraenequipo.com.mx","url":"https:\/\/www.sonoraenequipo.com.mx\/","logo":{"@type":"ImageObject","inLanguage":"es","@id":"https:\/\/www.sonoraenequipo.com.mx\/#\/schema\/logo\/image\/","url":"https:\/\/www.sonoraenequipo.com.mx\/storage\/2019\/01\/sonoraenequipo_opt.png","contentUrl":"https:\/\/www.sonoraenequipo.com.mx\/storage\/2019\/01\/sonoraenequipo_opt.png","width":375,"height":125,"caption":"Sonoraenequipo.com.mx"},"image":{"@id":"https:\/\/www.sonoraenequipo.com.mx\/#\/schema\/logo\/image\/"},"sameAs":["https:\/\/www.facebook.com\/SonoraEE\/","https:\/\/x.com\/sonoraenequipo","https:\/\/www.youtube.com\/channel\/UC338nW-lPEYmJQs4ZABQ1SQ"]},{"@type":"Person","@id":"https:\/\/www.sonoraenequipo.com.mx\/#\/schema\/person\/50102df0fb23a8fa9e8effad8fa81386","name":"enequipo","image":{"@type":"ImageObject","inLanguage":"es","@id":"https:\/\/www.sonoraenequipo.com.mx\/#\/schema\/person\/image\/","url":"https:\/\/secure.gravatar.com\/avatar\/049821681b589dabc0bc20695993ccebb09f5b5d4d790cd9251b97faac7c652b?s=96&d=blank&r=g","contentUrl":"https:\/\/secure.gravatar.com\/avatar\/049821681b589dabc0bc20695993ccebb09f5b5d4d790cd9251b97faac7c652b?s=96&d=blank&r=g","caption":"enequipo"},"sameAs":["https:\/\/www.facebook.com\/SonoraEE"]}]}},"jetpack_featured_media_url":"https:\/\/www.sonoraenequipo.com.mx\/storage\/2026\/04\/rosario-camou.jpg","_links":{"self":[{"href":"https:\/\/www.sonoraenequipo.com.mx\/api\/wp\/v2\/posts\/240664","targetHints":{"allow":["GET"]}}],"collection":[{"href":"https:\/\/www.sonoraenequipo.com.mx\/api\/wp\/v2\/posts"}],"about":[{"href":"https:\/\/www.sonoraenequipo.com.mx\/api\/wp\/v2\/types\/post"}],"author":[{"embeddable":true,"href":"https:\/\/www.sonoraenequipo.com.mx\/api\/wp\/v2\/users\/1"}],"replies":[{"embeddable":true,"href":"https:\/\/www.sonoraenequipo.com.mx\/api\/wp\/v2\/comments?post=240664"}],"version-history":[{"count":1,"href":"https:\/\/www.sonoraenequipo.com.mx\/api\/wp\/v2\/posts\/240664\/revisions"}],"predecessor-version":[{"id":240666,"href":"https:\/\/www.sonoraenequipo.com.mx\/api\/wp\/v2\/posts\/240664\/revisions\/240666"}],"wp:featuredmedia":[{"embeddable":true,"href":"https:\/\/www.sonoraenequipo.com.mx\/api\/wp\/v2\/media\/240665"}],"wp:attachment":[{"href":"https:\/\/www.sonoraenequipo.com.mx\/api\/wp\/v2\/media?parent=240664"}],"wp:term":[{"taxonomy":"category","embeddable":true,"href":"https:\/\/www.sonoraenequipo.com.mx\/api\/wp\/v2\/categories?post=240664"},{"taxonomy":"post_tag","embeddable":true,"href":"https:\/\/www.sonoraenequipo.com.mx\/api\/wp\/v2\/tags?post=240664"}],"curies":[{"name":"wp","href":"https:\/\/api.w.org\/{rel}","templated":true}]}}