{"id":240676,"date":"2026-04-27T17:48:01","date_gmt":"2026-04-28T00:48:01","guid":{"rendered":"https:\/\/www.sonoraenequipo.com.mx\/?p=240676"},"modified":"2026-04-27T18:07:47","modified_gmt":"2026-04-28T01:07:47","slug":"en-mayo-inicia-la-9a-generacion-del-estandar-sep-conocer-en-taichi","status":"publish","type":"post","link":"https:\/\/www.sonoraenequipo.com.mx\/en-mayo-inicia-la-9a-generacion-del-estandar-sep-conocer-en-taichi\/","title":{"rendered":"En mayo Inicia la 9\u00aa Generaci\u00f3n del Est\u00e1ndar SEP-CONOCER en Taichi"},"content":{"rendered":"<p><strong>CIUDAD DE M\u00c9XICO. MX.<\/strong> \u2014 El camino hacia la profesionalizaci\u00f3n del Taijiquan en M\u00e9xico ha definido su fecha de inicio. El pr\u00f3ximo 9 de mayo arrancar\u00e1 la 9\u00aa Generaci\u00f3n del Est\u00e1ndar de Competencia de Taichi, el \u00fanico programa en el pa\u00eds que cuenta con el respaldo y reconocimiento oficial de la Secretar\u00eda de Educaci\u00f3n P\u00fablica, a trav\u00e9s del SEP-CONOCER.<\/p>\n<p>&nbsp;<\/p>\n<p>&nbsp;<\/p>\n<p>&nbsp;<\/p>\n<p> <\/p>\n<p>Esta convocatoria representa una oportunidad estrat\u00e9gica para practicantes que buscan validar sus conocimientos y obtener la facultad legal para impartir clases bajo est\u00e1ndares nacionales.<\/p>\n<p>&nbsp;<\/p>\n<p>&nbsp;<\/p>\n<p>A diferencia de otras capacitaciones, este programa otorga una certificaci\u00f3n avalada por el Consejo Nacional de Normalizaci\u00f3n y Certificaci\u00f3n de Competencias Laborales con el registro oficial EC1515. Este distintivo no s\u00f3lo jerarquiza el curr\u00edculum del instructor, sino que se convierte en la llave para colaborar formalmente con instituciones de alto nivel, centros de salud y entidades acad\u00e9micas que exigen una formaci\u00f3n con validez oficial.<\/p>\n<p>&nbsp;<\/p>\n<p>&nbsp;<\/p>\n<h3>Formaci\u00f3n integral en el Colegio de Estudios Superiores<\/h3>\n<p>&nbsp;<\/p>\n<p>Bajo la direcci\u00f3n del Shifu Enrique Lozada, director del Colegio de Estudios Superiores en Wushu y Medicina Tradicional China (CES Wushu), la formaci\u00f3n de cinco meses trasciende la repetici\u00f3n de formas para ofrecer una inmersi\u00f3n profunda en la t\u00e9cnica y la teor\u00eda. En el campo de la filosof\u00eda y salud, los alumnos profundizar\u00e1n en la medicina tradicional y los canales energ\u00e9ticos, elementos base de la identidad acad\u00e9mica de esta instituci\u00f3n.<\/p>\n<p>&nbsp;<\/p>\n<p>&nbsp;<\/p>\n<p>Por su parte, el maestro Sun Xia, experto sin\u00f3logo, brindar\u00e1 los fundamentos culturales mediante el estudio del idioma y la caligraf\u00eda china, esenciales para comprender la ra\u00edz del Taiji. La metodolog\u00eda de ense\u00f1anza se refuerza con la participaci\u00f3n de la Dra. Martha Nieves, pionera en psicolog\u00eda deportiva en M\u00e9xico, y la Maestra Elizabeth Garc\u00eda, medallista internacional encargada de guiar el aprendizaje de la Forma 8 estilo Yang estandarizada.Deportes<\/p>\n<p>&nbsp;<\/p>\n<p>&nbsp;<\/p>\n<h3>Sede y modalidades de participaci\u00f3n<\/h3>\n<p>&nbsp;<\/p>\n<p>Para garantizar que el conocimiento llegue a todo el pa\u00eds, el curso se ofrece en modalidad virtual y presencial. La sede f\u00edsica se ubica en las instalaciones del CES Wushu, en la colonia Obrera de la Ciudad de M\u00e9xico. Las inscripciones ya se encuentran abiertas para esta nueva generaci\u00f3n que busca elevar el est\u00e1ndar de la ense\u00f1anza marcial en beneficio de la salud integral.<\/p>\n<p>&nbsp;<\/p>\n<p>&nbsp;<\/p>\n<p>Los interesados en formar parte de esta \u00e9lite de instructores certificados pueden solicitar informes detallados a trav\u00e9s de las p\u00e1ginas oficiales del Shifu Enrique Lozada, el Colegio de Estudios Superiores y Medicina Tradicional China o directamente v\u00eda WhatsApp al 55 4059 2182.<\/p>\n<p>&nbsp;<\/p>\n<p>&nbsp;<\/p>\n<p>&nbsp;<\/p>\n<p>PUBLICADO EL 27 DE ABRIL 2026 Con informaci\u00f3n de Sendero Artes Marciales.)<\/p>\n","protected":false},"excerpt":{"rendered":"<p>CIUDAD DE M\u00c9XICO. MX. \u2014 El camino hacia la profesionalizaci\u00f3n del Taijiquan en M\u00e9xico ha&#8230;<\/p>\n","protected":false},"author":1,"featured_media":240681,"comment_status":"open","ping_status":"open","sticky":false,"template":"","format":"standard","meta":{"_monsterinsights_skip_tracking":false,"_monsterinsights_sitenote_active":false,"_monsterinsights_sitenote_note":"","_monsterinsights_sitenote_category":0,"footnotes":""},"categories":[10],"tags":[],"class_list":["post"],"yoast_head":" \n<title>Sonora en Equipo. En mayo Inicia la 9\u00aa Generaci\u00f3n del Est\u00e1ndar SEP-CONOCER en Taichi Deportes<\/title>\n<meta name=\"description\" content=\"CIUDAD DE M\u00c9XICO. MX. \u2014 El camino hacia la profesionalizaci\u00f3n del Taijiquan en M\u00e9xico ha definido su fecha de inicio. El pr\u00f3ximo 9 de mayo arrancar\u00e1 la 9\u00aa En Sonora en Equipo publicamos toda la informaci\u00f3n de Sonora, M\u00e9xico y el Mundo de manera oportuna y busca que la libertad de expresi\u00f3n sea real. Visita nuestro medio informativo publicado desde Hermosillo, Sonora. %\" \/>\n<meta name=\"robots\" content=\"index, follow, max-snippet:-1, max-image-preview:large, max-video-preview:-1\" \/>\n<link rel=\"canonical\" href=\"https:\/\/www.sonoraenequipo.com.mx\/en-mayo-inicia-la-9a-generacion-del-estandar-sep-conocer-en-taichi\/\" \/>\n<meta property=\"og:locale\" content=\"es_ES\" \/>\n<meta property=\"og:type\" content=\"article\" \/>\n<meta property=\"og:title\" content=\"Sonora en Equipo. En mayo Inicia la 9\u00aa Generaci\u00f3n del Est\u00e1ndar SEP-CONOCER en Taichi Deportes\" \/>\n<meta property=\"og:description\" content=\"CIUDAD DE M\u00c9XICO. MX. \u2014 El camino hacia la profesionalizaci\u00f3n del Taijiquan en M\u00e9xico ha definido su fecha de inicio. El pr\u00f3ximo 9 de mayo arrancar\u00e1 la 9\u00aa En Sonora en Equipo publicamos toda la informaci\u00f3n de Sonora, M\u00e9xico y el Mundo de manera oportuna y busca que la libertad de expresi\u00f3n sea real. Visita nuestro medio informativo publicado desde Hermosillo, Sonora. %\" \/>\n<meta property=\"og:url\" content=\"https:\/\/www.sonoraenequipo.com.mx\/en-mayo-inicia-la-9a-generacion-del-estandar-sep-conocer-en-taichi\/\" \/>\n<meta property=\"og:site_name\" content=\"Sonora en Equipo.\" \/>\n<meta property=\"article:publisher\" content=\"https:\/\/www.facebook.com\/SonoraEE\/\" \/>\n<meta property=\"article:author\" content=\"https:\/\/www.facebook.com\/SonoraEE\" \/>\n<meta property=\"article:published_time\" content=\"2026-04-28T00:48:01+00:00\" \/>\n<meta property=\"article:modified_time\" content=\"2026-04-28T01:07:47+00:00\" \/>\n<meta property=\"og:image\" content=\"https:\/\/www.sonoraenequipo.com.mx\/storage\/2026\/04\/El-XVI-Congreso-de-Entrenadores-2026-fortalece-las-bases-del-Judo-mexicano.jpg\" \/>\n\t<meta property=\"og:image:width\" content=\"1000\" \/>\n\t<meta property=\"og:image:height\" content=\"524\" \/>\n\t<meta property=\"og:image:type\" content=\"image\/jpeg\" \/>\n<meta name=\"author\" content=\"enequipo\" \/>\n<meta name=\"twitter:card\" content=\"summary_large_image\" \/>\n<meta name=\"twitter:creator\" content=\"@sonoraenequipo\" \/>\n<meta name=\"twitter:site\" content=\"@sonoraenequipo\" \/>\n<meta name=\"twitter:label1\" content=\"Escrito por\" \/>\n\t<meta name=\"twitter:data1\" content=\"enequipo\" \/>\n\t<meta name=\"twitter:label2\" content=\"Tiempo de lectura\" \/>\n\t<meta name=\"twitter:data2\" content=\"2 minutos\" \/>\n<script type=\"application\/ld+json\" class=\"yoast-schema-graph\">{\"@context\":\"https:\/\/schema.org\",\"@graph\":[{\"@type\":\"Article\",\"@id\":\"https:\/\/www.sonoraenequipo.com.mx\/en-mayo-inicia-la-9a-generacion-del-estandar-sep-conocer-en-taichi\/#article\",\"isPartOf\":{\"@id\":\"https:\/\/www.sonoraenequipo.com.mx\/en-mayo-inicia-la-9a-generacion-del-estandar-sep-conocer-en-taichi\/\"},\"author\":{\"name\":\"enequipo\",\"@id\":\"https:\/\/www.sonoraenequipo.com.mx\/#\/schema\/person\/50102df0fb23a8fa9e8effad8fa81386\"},\"headline\":\"En mayo Inicia la 9\u00aa Generaci\u00f3n del Est\u00e1ndar SEP-CONOCER en Taichi\",\"datePublished\":\"2026-04-28T00:48:01+00:00\",\"dateModified\":\"2026-04-28T01:07:47+00:00\",\"mainEntityOfPage\":{\"@id\":\"https:\/\/www.sonoraenequipo.com.mx\/en-mayo-inicia-la-9a-generacion-del-estandar-sep-conocer-en-taichi\/\"},\"wordCount\":490,\"commentCount\":0,\"publisher\":{\"@id\":\"https:\/\/www.sonoraenequipo.com.mx\/#organization\"},\"image\":{\"@id\":\"https:\/\/www.sonoraenequipo.com.mx\/en-mayo-inicia-la-9a-generacion-del-estandar-sep-conocer-en-taichi\/#primaryimage\"},\"thumbnailUrl\":\"https:\/\/www.sonoraenequipo.com.mx\/storage\/2026\/04\/El-XVI-Congreso-de-Entrenadores-2026-fortalece-las-bases-del-Judo-mexicano.jpg\",\"articleSection\":[\"Deportes\"],\"inLanguage\":\"es\",\"potentialAction\":[{\"@type\":\"CommentAction\",\"name\":\"Comment\",\"target\":[\"https:\/\/www.sonoraenequipo.com.mx\/en-mayo-inicia-la-9a-generacion-del-estandar-sep-conocer-en-taichi\/#respond\"]}]},{\"@type\":\"WebPage\",\"@id\":\"https:\/\/www.sonoraenequipo.com.mx\/en-mayo-inicia-la-9a-generacion-del-estandar-sep-conocer-en-taichi\/\",\"url\":\"https:\/\/www.sonoraenequipo.com.mx\/en-mayo-inicia-la-9a-generacion-del-estandar-sep-conocer-en-taichi\/\",\"name\":\"Sonora en Equipo. En mayo Inicia la 9\u00aa Generaci\u00f3n del Est\u00e1ndar SEP-CONOCER en Taichi Deportes\",\"isPartOf\":{\"@id\":\"https:\/\/www.sonoraenequipo.com.mx\/#website\"},\"primaryImageOfPage\":{\"@id\":\"https:\/\/www.sonoraenequipo.com.mx\/en-mayo-inicia-la-9a-generacion-del-estandar-sep-conocer-en-taichi\/#primaryimage\"},\"image\":{\"@id\":\"https:\/\/www.sonoraenequipo.com.mx\/en-mayo-inicia-la-9a-generacion-del-estandar-sep-conocer-en-taichi\/#primaryimage\"},\"thumbnailUrl\":\"https:\/\/www.sonoraenequipo.com.mx\/storage\/2026\/04\/El-XVI-Congreso-de-Entrenadores-2026-fortalece-las-bases-del-Judo-mexicano.jpg\",\"datePublished\":\"2026-04-28T00:48:01+00:00\",\"dateModified\":\"2026-04-28T01:07:47+00:00\",\"description\":\"CIUDAD DE M\u00c9XICO. MX. \u2014 El camino hacia la profesionalizaci\u00f3n del Taijiquan en M\u00e9xico ha definido su fecha de inicio. El pr\u00f3ximo 9 de mayo arrancar\u00e1 la 9\u00aa En Sonora en Equipo publicamos toda la informaci\u00f3n de Sonora, M\u00e9xico y el Mundo de manera oportuna y busca que la libertad de expresi\u00f3n sea real. Visita nuestro medio informativo publicado desde Hermosillo, Sonora. %\",\"breadcrumb\":{\"@id\":\"https:\/\/www.sonoraenequipo.com.mx\/en-mayo-inicia-la-9a-generacion-del-estandar-sep-conocer-en-taichi\/#breadcrumb\"},\"inLanguage\":\"es\",\"potentialAction\":[{\"@type\":\"ReadAction\",\"target\":[\"https:\/\/www.sonoraenequipo.com.mx\/en-mayo-inicia-la-9a-generacion-del-estandar-sep-conocer-en-taichi\/\"]}]},{\"@type\":\"ImageObject\",\"inLanguage\":\"es\",\"@id\":\"https:\/\/www.sonoraenequipo.com.mx\/en-mayo-inicia-la-9a-generacion-del-estandar-sep-conocer-en-taichi\/#primaryimage\",\"url\":\"https:\/\/www.sonoraenequipo.com.mx\/storage\/2026\/04\/El-XVI-Congreso-de-Entrenadores-2026-fortalece-las-bases-del-Judo-mexicano.jpg\",\"contentUrl\":\"https:\/\/www.sonoraenequipo.com.mx\/storage\/2026\/04\/El-XVI-Congreso-de-Entrenadores-2026-fortalece-las-bases-del-Judo-mexicano.jpg\",\"width\":1000,\"height\":524},{\"@type\":\"BreadcrumbList\",\"@id\":\"https:\/\/www.sonoraenequipo.com.mx\/en-mayo-inicia-la-9a-generacion-del-estandar-sep-conocer-en-taichi\/#breadcrumb\",\"itemListElement\":[{\"@type\":\"ListItem\",\"position\":1,\"name\":\"Portada\",\"item\":\"https:\/\/www.sonoraenequipo.com.mx\/\"},{\"@type\":\"ListItem\",\"position\":2,\"name\":\"En mayo Inicia la 9\u00aa Generaci\u00f3n del Est\u00e1ndar SEP-CONOCER en Taichi\"}]},{\"@type\":\"WebSite\",\"@id\":\"https:\/\/www.sonoraenequipo.com.mx\/#website\",\"url\":\"https:\/\/www.sonoraenequipo.com.mx\/\",\"name\":\"Sonora en Equipo.\",\"description\":\"Diario en l\u00ednea con Noticias desde Hermosillo, Sonora\",\"publisher\":{\"@id\":\"https:\/\/www.sonoraenequipo.com.mx\/#organization\"},\"potentialAction\":[{\"@type\":\"SearchAction\",\"target\":{\"@type\":\"EntryPoint\",\"urlTemplate\":\"https:\/\/www.sonoraenequipo.com.mx\/?s={search_term_string}\"},\"query-input\":{\"@type\":\"PropertyValueSpecification\",\"valueRequired\":true,\"valueName\":\"search_term_string\"}}],\"inLanguage\":\"es\"},{\"@type\":\"Organization\",\"@id\":\"https:\/\/www.sonoraenequipo.com.mx\/#organization\",\"name\":\"Sonoraenequipo.com.mx\",\"url\":\"https:\/\/www.sonoraenequipo.com.mx\/\",\"logo\":{\"@type\":\"ImageObject\",\"inLanguage\":\"es\",\"@id\":\"https:\/\/www.sonoraenequipo.com.mx\/#\/schema\/logo\/image\/\",\"url\":\"https:\/\/www.sonoraenequipo.com.mx\/storage\/2019\/01\/sonoraenequipo_opt.png\",\"contentUrl\":\"https:\/\/www.sonoraenequipo.com.mx\/storage\/2019\/01\/sonoraenequipo_opt.png\",\"width\":375,\"height\":125,\"caption\":\"Sonoraenequipo.com.mx\"},\"image\":{\"@id\":\"https:\/\/www.sonoraenequipo.com.mx\/#\/schema\/logo\/image\/\"},\"sameAs\":[\"https:\/\/www.facebook.com\/SonoraEE\/\",\"https:\/\/x.com\/sonoraenequipo\",\"https:\/\/www.youtube.com\/channel\/UC338nW-lPEYmJQs4ZABQ1SQ\"]},{\"@type\":\"Person\",\"@id\":\"https:\/\/www.sonoraenequipo.com.mx\/#\/schema\/person\/50102df0fb23a8fa9e8effad8fa81386\",\"name\":\"enequipo\",\"image\":{\"@type\":\"ImageObject\",\"inLanguage\":\"es\",\"@id\":\"https:\/\/www.sonoraenequipo.com.mx\/#\/schema\/person\/image\/\",\"url\":\"https:\/\/secure.gravatar.com\/avatar\/049821681b589dabc0bc20695993ccebb09f5b5d4d790cd9251b97faac7c652b?s=96&d=blank&r=g\",\"contentUrl\":\"https:\/\/secure.gravatar.com\/avatar\/049821681b589dabc0bc20695993ccebb09f5b5d4d790cd9251b97faac7c652b?s=96&d=blank&r=g\",\"caption\":\"enequipo\"},\"sameAs\":[\"https:\/\/www.facebook.com\/SonoraEE\"]}]}<\/script>\n ","yoast_head_json":{"title":"Sonora en Equipo. En mayo Inicia la 9\u00aa Generaci\u00f3n del Est\u00e1ndar SEP-CONOCER en Taichi Deportes","description":"CIUDAD DE M\u00c9XICO. MX. \u2014 El camino hacia la profesionalizaci\u00f3n del Taijiquan en M\u00e9xico ha definido su fecha de inicio. El pr\u00f3ximo 9 de mayo arrancar\u00e1 la 9\u00aa En Sonora en Equipo publicamos toda la informaci\u00f3n de Sonora, M\u00e9xico y el Mundo de manera oportuna y busca que la libertad de expresi\u00f3n sea real. Visita nuestro medio informativo publicado desde Hermosillo, Sonora. %","robots":{"index":"index","follow":"follow","max-snippet":"max-snippet:-1","max-image-preview":"max-image-preview:large","max-video-preview":"max-video-preview:-1"},"canonical":"https:\/\/www.sonoraenequipo.com.mx\/en-mayo-inicia-la-9a-generacion-del-estandar-sep-conocer-en-taichi\/","og_locale":"es_ES","og_type":"article","og_title":"Sonora en Equipo. En mayo Inicia la 9\u00aa Generaci\u00f3n del Est\u00e1ndar SEP-CONOCER en Taichi Deportes","og_description":"CIUDAD DE M\u00c9XICO. MX. \u2014 El camino hacia la profesionalizaci\u00f3n del Taijiquan en M\u00e9xico ha definido su fecha de inicio. El pr\u00f3ximo 9 de mayo arrancar\u00e1 la 9\u00aa En Sonora en Equipo publicamos toda la informaci\u00f3n de Sonora, M\u00e9xico y el Mundo de manera oportuna y busca que la libertad de expresi\u00f3n sea real. Visita nuestro medio informativo publicado desde Hermosillo, Sonora. %","og_url":"https:\/\/www.sonoraenequipo.com.mx\/en-mayo-inicia-la-9a-generacion-del-estandar-sep-conocer-en-taichi\/","og_site_name":"Sonora en Equipo.","article_publisher":"https:\/\/www.facebook.com\/SonoraEE\/","article_author":"https:\/\/www.facebook.com\/SonoraEE","article_published_time":"2026-04-28T00:48:01+00:00","article_modified_time":"2026-04-28T01:07:47+00:00","og_image":[{"width":1000,"height":524,"url":"https:\/\/www.sonoraenequipo.com.mx\/storage\/2026\/04\/El-XVI-Congreso-de-Entrenadores-2026-fortalece-las-bases-del-Judo-mexicano.jpg","type":"image\/jpeg"}],"author":"enequipo","twitter_card":"summary_large_image","twitter_creator":"@sonoraenequipo","twitter_site":"@sonoraenequipo","twitter_misc":{"Escrito por":"enequipo","Tiempo de lectura":"2 minutos"},"schema":{"@context":"https:\/\/schema.org","@graph":[{"@type":"Article","@id":"https:\/\/www.sonoraenequipo.com.mx\/en-mayo-inicia-la-9a-generacion-del-estandar-sep-conocer-en-taichi\/#article","isPartOf":{"@id":"https:\/\/www.sonoraenequipo.com.mx\/en-mayo-inicia-la-9a-generacion-del-estandar-sep-conocer-en-taichi\/"},"author":{"name":"enequipo","@id":"https:\/\/www.sonoraenequipo.com.mx\/#\/schema\/person\/50102df0fb23a8fa9e8effad8fa81386"},"headline":"En mayo Inicia la 9\u00aa Generaci\u00f3n del Est\u00e1ndar SEP-CONOCER en Taichi","datePublished":"2026-04-28T00:48:01+00:00","dateModified":"2026-04-28T01:07:47+00:00","mainEntityOfPage":{"@id":"https:\/\/www.sonoraenequipo.com.mx\/en-mayo-inicia-la-9a-generacion-del-estandar-sep-conocer-en-taichi\/"},"wordCount":490,"commentCount":0,"publisher":{"@id":"https:\/\/www.sonoraenequipo.com.mx\/#organization"},"image":{"@id":"https:\/\/www.sonoraenequipo.com.mx\/en-mayo-inicia-la-9a-generacion-del-estandar-sep-conocer-en-taichi\/#primaryimage"},"thumbnailUrl":"https:\/\/www.sonoraenequipo.com.mx\/storage\/2026\/04\/El-XVI-Congreso-de-Entrenadores-2026-fortalece-las-bases-del-Judo-mexicano.jpg","articleSection":["Deportes"],"inLanguage":"es","potentialAction":[{"@type":"CommentAction","name":"Comment","target":["https:\/\/www.sonoraenequipo.com.mx\/en-mayo-inicia-la-9a-generacion-del-estandar-sep-conocer-en-taichi\/#respond"]}]},{"@type":"WebPage","@id":"https:\/\/www.sonoraenequipo.com.mx\/en-mayo-inicia-la-9a-generacion-del-estandar-sep-conocer-en-taichi\/","url":"https:\/\/www.sonoraenequipo.com.mx\/en-mayo-inicia-la-9a-generacion-del-estandar-sep-conocer-en-taichi\/","name":"Sonora en Equipo. En mayo Inicia la 9\u00aa Generaci\u00f3n del Est\u00e1ndar SEP-CONOCER en Taichi Deportes","isPartOf":{"@id":"https:\/\/www.sonoraenequipo.com.mx\/#website"},"primaryImageOfPage":{"@id":"https:\/\/www.sonoraenequipo.com.mx\/en-mayo-inicia-la-9a-generacion-del-estandar-sep-conocer-en-taichi\/#primaryimage"},"image":{"@id":"https:\/\/www.sonoraenequipo.com.mx\/en-mayo-inicia-la-9a-generacion-del-estandar-sep-conocer-en-taichi\/#primaryimage"},"thumbnailUrl":"https:\/\/www.sonoraenequipo.com.mx\/storage\/2026\/04\/El-XVI-Congreso-de-Entrenadores-2026-fortalece-las-bases-del-Judo-mexicano.jpg","datePublished":"2026-04-28T00:48:01+00:00","dateModified":"2026-04-28T01:07:47+00:00","description":"CIUDAD DE M\u00c9XICO. MX. \u2014 El camino hacia la profesionalizaci\u00f3n del Taijiquan en M\u00e9xico ha definido su fecha de inicio. El pr\u00f3ximo 9 de mayo arrancar\u00e1 la 9\u00aa En Sonora en Equipo publicamos toda la informaci\u00f3n de Sonora, M\u00e9xico y el Mundo de manera oportuna y busca que la libertad de expresi\u00f3n sea real. Visita nuestro medio informativo publicado desde Hermosillo, Sonora. %","breadcrumb":{"@id":"https:\/\/www.sonoraenequipo.com.mx\/en-mayo-inicia-la-9a-generacion-del-estandar-sep-conocer-en-taichi\/#breadcrumb"},"inLanguage":"es","potentialAction":[{"@type":"ReadAction","target":["https:\/\/www.sonoraenequipo.com.mx\/en-mayo-inicia-la-9a-generacion-del-estandar-sep-conocer-en-taichi\/"]}]},{"@type":"ImageObject","inLanguage":"es","@id":"https:\/\/www.sonoraenequipo.com.mx\/en-mayo-inicia-la-9a-generacion-del-estandar-sep-conocer-en-taichi\/#primaryimage","url":"https:\/\/www.sonoraenequipo.com.mx\/storage\/2026\/04\/El-XVI-Congreso-de-Entrenadores-2026-fortalece-las-bases-del-Judo-mexicano.jpg","contentUrl":"https:\/\/www.sonoraenequipo.com.mx\/storage\/2026\/04\/El-XVI-Congreso-de-Entrenadores-2026-fortalece-las-bases-del-Judo-mexicano.jpg","width":1000,"height":524},{"@type":"BreadcrumbList","@id":"https:\/\/www.sonoraenequipo.com.mx\/en-mayo-inicia-la-9a-generacion-del-estandar-sep-conocer-en-taichi\/#breadcrumb","itemListElement":[{"@type":"ListItem","position":1,"name":"Portada","item":"https:\/\/www.sonoraenequipo.com.mx\/"},{"@type":"ListItem","position":2,"name":"En mayo Inicia la 9\u00aa Generaci\u00f3n del Est\u00e1ndar SEP-CONOCER en Taichi"}]},{"@type":"WebSite","@id":"https:\/\/www.sonoraenequipo.com.mx\/#website","url":"https:\/\/www.sonoraenequipo.com.mx\/","name":"Sonora en Equipo.","description":"Diario en l\u00ednea con Noticias desde Hermosillo, Sonora","publisher":{"@id":"https:\/\/www.sonoraenequipo.com.mx\/#organization"},"potentialAction":[{"@type":"SearchAction","target":{"@type":"EntryPoint","urlTemplate":"https:\/\/www.sonoraenequipo.com.mx\/?s={search_term_string}"},"query-input":{"@type":"PropertyValueSpecification","valueRequired":true,"valueName":"search_term_string"}}],"inLanguage":"es"},{"@type":"Organization","@id":"https:\/\/www.sonoraenequipo.com.mx\/#organization","name":"Sonoraenequipo.com.mx","url":"https:\/\/www.sonoraenequipo.com.mx\/","logo":{"@type":"ImageObject","inLanguage":"es","@id":"https:\/\/www.sonoraenequipo.com.mx\/#\/schema\/logo\/image\/","url":"https:\/\/www.sonoraenequipo.com.mx\/storage\/2019\/01\/sonoraenequipo_opt.png","contentUrl":"https:\/\/www.sonoraenequipo.com.mx\/storage\/2019\/01\/sonoraenequipo_opt.png","width":375,"height":125,"caption":"Sonoraenequipo.com.mx"},"image":{"@id":"https:\/\/www.sonoraenequipo.com.mx\/#\/schema\/logo\/image\/"},"sameAs":["https:\/\/www.facebook.com\/SonoraEE\/","https:\/\/x.com\/sonoraenequipo","https:\/\/www.youtube.com\/channel\/UC338nW-lPEYmJQs4ZABQ1SQ"]},{"@type":"Person","@id":"https:\/\/www.sonoraenequipo.com.mx\/#\/schema\/person\/50102df0fb23a8fa9e8effad8fa81386","name":"enequipo","image":{"@type":"ImageObject","inLanguage":"es","@id":"https:\/\/www.sonoraenequipo.com.mx\/#\/schema\/person\/image\/","url":"https:\/\/secure.gravatar.com\/avatar\/049821681b589dabc0bc20695993ccebb09f5b5d4d790cd9251b97faac7c652b?s=96&d=blank&r=g","contentUrl":"https:\/\/secure.gravatar.com\/avatar\/049821681b589dabc0bc20695993ccebb09f5b5d4d790cd9251b97faac7c652b?s=96&d=blank&r=g","caption":"enequipo"},"sameAs":["https:\/\/www.facebook.com\/SonoraEE"]}]}},"jetpack_featured_media_url":"https:\/\/www.sonoraenequipo.com.mx\/storage\/2026\/04\/El-XVI-Congreso-de-Entrenadores-2026-fortalece-las-bases-del-Judo-mexicano.jpg","_links":{"self":[{"href":"https:\/\/www.sonoraenequipo.com.mx\/api\/wp\/v2\/posts\/240676","targetHints":{"allow":["GET"]}}],"collection":[{"href":"https:\/\/www.sonoraenequipo.com.mx\/api\/wp\/v2\/posts"}],"about":[{"href":"https:\/\/www.sonoraenequipo.com.mx\/api\/wp\/v2\/types\/post"}],"author":[{"embeddable":true,"href":"https:\/\/www.sonoraenequipo.com.mx\/api\/wp\/v2\/users\/1"}],"replies":[{"embeddable":true,"href":"https:\/\/www.sonoraenequipo.com.mx\/api\/wp\/v2\/comments?post=240676"}],"version-history":[{"count":1,"href":"https:\/\/www.sonoraenequipo.com.mx\/api\/wp\/v2\/posts\/240676\/revisions"}],"predecessor-version":[{"id":240685,"href":"https:\/\/www.sonoraenequipo.com.mx\/api\/wp\/v2\/posts\/240676\/revisions\/240685"}],"wp:featuredmedia":[{"embeddable":true,"href":"https:\/\/www.sonoraenequipo.com.mx\/api\/wp\/v2\/media\/240681"}],"wp:attachment":[{"href":"https:\/\/www.sonoraenequipo.com.mx\/api\/wp\/v2\/media?parent=240676"}],"wp:term":[{"taxonomy":"category","embeddable":true,"href":"https:\/\/www.sonoraenequipo.com.mx\/api\/wp\/v2\/categories?post=240676"},{"taxonomy":"post_tag","embeddable":true,"href":"https:\/\/www.sonoraenequipo.com.mx\/api\/wp\/v2\/tags?post=240676"}],"curies":[{"name":"wp","href":"https:\/\/api.w.org\/{rel}","templated":true}]}}