{"id":240689,"date":"2026-04-27T16:26:12","date_gmt":"2026-04-27T23:26:12","guid":{"rendered":"https:\/\/www.sonoraenequipo.com.mx\/?p=240689"},"modified":"2026-04-27T18:32:34","modified_gmt":"2026-04-28T01:32:34","slug":"detienen-en-nayarit-a-el-jardinero-presunto-sucesor-de-el-mencho-en-el-cjng","status":"publish","type":"post","link":"https:\/\/www.sonoraenequipo.com.mx\/detienen-en-nayarit-a-el-jardinero-presunto-sucesor-de-el-mencho-en-el-cjng\/","title":{"rendered":"Detienen en Nayarit a &#8216;El Jardinero&#8217; , presunto sucesor de \u00abEl Mencho\u00bb en el CJNG"},"content":{"rendered":"<p><b>CIUDAD DE M\u00c9XICO. MX. \u2014 <\/b>El titular de la Secretar\u00eda de Seguridad y Protecci\u00f3n Ciudadana (SSPC), Omar Garc\u00eda Harfuch, se\u00f1al\u00f3 que fue detenido en Nayarit, Audias Flores Silva, alias El Jardinero, miembro del c\u00e1rtel Jalisco Nueva Generaci\u00f3n (CJNG), presunto sucesor de El Mencho y quien cuenta con orden de aprehensi\u00f3n en M\u00e9xico. Tambi\u00e9n es requerido por autoridades de Estados Unidos, con fines de extradici\u00f3n.<\/p>\n<p>&nbsp;<\/p>\n<p>&nbsp;<\/p>\n<p>&nbsp;<\/p>\n<p> <\/p>\n<p>En su cuenta de X se\u00f1al\u00f3 que la aprehensi\u00f3n se realiz\u00f3 debido a una operaci\u00f3n planeada, desarrollada y ejecutada por la Secretar\u00eda de Marina, a trav\u00e9s de sus Fuerzas Especiales.<\/p>\n<p>&nbsp;<\/p>\n<p>&nbsp;<\/p>\n<p>\u00abPor su captura, el gobierno estadunidense ofrec\u00eda una recompensa de 5 millones de d\u00f3lares. Se continuar\u00e1 informando. Nuestro reconocimiento a las mujeres y hombres de @SEMAR_mx por su valent\u00eda, disciplina y compromiso en esta operaci\u00f3n\u00bb agreg\u00f3.<\/p>\n<p>&nbsp;<\/p>\n<p>&nbsp;<\/p>\n<p>En 2021, Estados Unidos anunci\u00f3 dicha recompensa de hasta 5 millones de d\u00f3lares por cualquier informaci\u00f3n que condujera a su arresto o condena, ya que se le acusa de varios cargos vinculados al tr\u00e1fico de drogas y armas.<\/p>\n<p>&nbsp;<\/p>\n<p>&nbsp;<\/p>\n<p>Las autoridades estadunidenses lo se\u00f1alan como l\u00edder de un amplio territorio del CJNG, del que era l\u00edder el extinto Rub\u00e9n Oseguera Cervantes, alias El Mencho, en la costa del Pac\u00edfico de M\u00e9xico, incluyendo el estado de Nayarit.<\/p>\n<p>&nbsp;<\/p>\n<p>&nbsp;<\/p>\n<p>Para la Oficina de Control de Activos Extranjeros (OFAC), del Departamento del Tesoro reiter\u00f3, \u201cel CJNG es una organizaci\u00f3n de tr\u00e1fico violenta establecida en M\u00e9xico responsable de una importante porci\u00f3n del fentanilo y otras drogas traficadas a Estados Unidos.<\/p>\n<p>&nbsp;<\/p>\n<p>&nbsp;<\/p>\n<p>PUBLICADO EL 27 DE ABRIL 2026 Con informaci\u00f3n de C\u00e9sar Arellano e Iv\u00e1n Evair Salda\u00f1a)<\/p>\n","protected":false},"excerpt":{"rendered":"<p>CIUDAD DE M\u00c9XICO. MX. \u2014 El titular de la Secretar\u00eda de Seguridad y Protecci\u00f3n Ciudadana&#8230;<\/p>\n","protected":false},"author":1,"featured_media":240683,"comment_status":"open","ping_status":"open","sticky":false,"template":"","format":"standard","meta":{"_monsterinsights_skip_tracking":false,"_monsterinsights_sitenote_active":false,"_monsterinsights_sitenote_note":"","_monsterinsights_sitenote_category":0,"footnotes":""},"categories":[3144,5],"tags":[],"class_list":["post"],"yoast_head":" \n<title>Sonora en Equipo. Detienen en Nayarit a &#039;El Jardinero&#039; , presunto sucesor de &quot;El Mencho&quot; en el CJNG Polic\u00edaca<\/title>\n<meta name=\"description\" content=\"CIUDAD DE M\u00c9XICO. MX. \u2014 El titular de la Secretar\u00eda de Seguridad y Protecci\u00f3n Ciudadana (SSPC), Omar Garc\u00eda Harfuch, se\u00f1al\u00f3 que fue detenido en Nayarit, En Sonora en Equipo publicamos toda la informaci\u00f3n de Sonora, M\u00e9xico y el Mundo de manera oportuna y busca que la libertad de expresi\u00f3n sea real. Visita nuestro medio informativo publicado desde Hermosillo, Sonora. %\" \/>\n<meta name=\"robots\" content=\"index, follow, max-snippet:-1, max-image-preview:large, max-video-preview:-1\" \/>\n<link rel=\"canonical\" href=\"https:\/\/www.sonoraenequipo.com.mx\/detienen-en-nayarit-a-el-jardinero-presunto-sucesor-de-el-mencho-en-el-cjng\/\" \/>\n<meta property=\"og:locale\" content=\"es_ES\" \/>\n<meta property=\"og:type\" content=\"article\" \/>\n<meta property=\"og:title\" content=\"Sonora en Equipo. Detienen en Nayarit a &#039;El Jardinero&#039; , presunto sucesor de &quot;El Mencho&quot; en el CJNG Polic\u00edaca\" \/>\n<meta property=\"og:description\" content=\"CIUDAD DE M\u00c9XICO. MX. \u2014 El titular de la Secretar\u00eda de Seguridad y Protecci\u00f3n Ciudadana (SSPC), Omar Garc\u00eda Harfuch, se\u00f1al\u00f3 que fue detenido en Nayarit, En Sonora en Equipo publicamos toda la informaci\u00f3n de Sonora, M\u00e9xico y el Mundo de manera oportuna y busca que la libertad de expresi\u00f3n sea real. Visita nuestro medio informativo publicado desde Hermosillo, Sonora. %\" \/>\n<meta property=\"og:url\" content=\"https:\/\/www.sonoraenequipo.com.mx\/detienen-en-nayarit-a-el-jardinero-presunto-sucesor-de-el-mencho-en-el-cjng\/\" \/>\n<meta property=\"og:site_name\" content=\"Sonora en Equipo.\" \/>\n<meta property=\"article:publisher\" content=\"https:\/\/www.facebook.com\/SonoraEE\/\" \/>\n<meta property=\"article:author\" content=\"https:\/\/www.facebook.com\/SonoraEE\" \/>\n<meta property=\"article:published_time\" content=\"2026-04-27T23:26:12+00:00\" \/>\n<meta property=\"article:modified_time\" content=\"2026-04-28T01:32:34+00:00\" \/>\n<meta property=\"og:image\" content=\"https:\/\/www.sonoraenequipo.com.mx\/storage\/2026\/04\/detienen-en-nayarit-a-el-jardinero-miembro-del-cnjg.jpg\" \/>\n\t<meta property=\"og:image:width\" content=\"1000\" \/>\n\t<meta property=\"og:image:height\" content=\"749\" \/>\n\t<meta property=\"og:image:type\" content=\"image\/jpeg\" \/>\n<meta name=\"author\" content=\"enequipo\" \/>\n<meta name=\"twitter:card\" content=\"summary_large_image\" \/>\n<meta name=\"twitter:creator\" content=\"@sonoraenequipo\" \/>\n<meta name=\"twitter:site\" content=\"@sonoraenequipo\" \/>\n<meta name=\"twitter:label1\" content=\"Escrito por\" \/>\n\t<meta name=\"twitter:data1\" content=\"enequipo\" \/>\n\t<meta name=\"twitter:label2\" content=\"Tiempo de lectura\" \/>\n\t<meta name=\"twitter:data2\" content=\"2 minutos\" \/>\n<script type=\"application\/ld+json\" class=\"yoast-schema-graph\">{\"@context\":\"https:\/\/schema.org\",\"@graph\":[{\"@type\":\"Article\",\"@id\":\"https:\/\/www.sonoraenequipo.com.mx\/detienen-en-nayarit-a-el-jardinero-presunto-sucesor-de-el-mencho-en-el-cjng\/#article\",\"isPartOf\":{\"@id\":\"https:\/\/www.sonoraenequipo.com.mx\/detienen-en-nayarit-a-el-jardinero-presunto-sucesor-de-el-mencho-en-el-cjng\/\"},\"author\":{\"name\":\"enequipo\",\"@id\":\"https:\/\/www.sonoraenequipo.com.mx\/#\/schema\/person\/50102df0fb23a8fa9e8effad8fa81386\"},\"headline\":\"Detienen en Nayarit a &#8216;El Jardinero&#8217; , presunto sucesor de \u00abEl Mencho\u00bb en el CJNG\",\"datePublished\":\"2026-04-27T23:26:12+00:00\",\"dateModified\":\"2026-04-28T01:32:34+00:00\",\"mainEntityOfPage\":{\"@id\":\"https:\/\/www.sonoraenequipo.com.mx\/detienen-en-nayarit-a-el-jardinero-presunto-sucesor-de-el-mencho-en-el-cjng\/\"},\"wordCount\":318,\"commentCount\":0,\"publisher\":{\"@id\":\"https:\/\/www.sonoraenequipo.com.mx\/#organization\"},\"image\":{\"@id\":\"https:\/\/www.sonoraenequipo.com.mx\/detienen-en-nayarit-a-el-jardinero-presunto-sucesor-de-el-mencho-en-el-cjng\/#primaryimage\"},\"thumbnailUrl\":\"https:\/\/www.sonoraenequipo.com.mx\/storage\/2026\/04\/detienen-en-nayarit-a-el-jardinero-miembro-del-cnjg.jpg\",\"articleSection\":[\"Polic\u00edaca\",\"Rep\u00fablica\"],\"inLanguage\":\"es\",\"potentialAction\":[{\"@type\":\"CommentAction\",\"name\":\"Comment\",\"target\":[\"https:\/\/www.sonoraenequipo.com.mx\/detienen-en-nayarit-a-el-jardinero-presunto-sucesor-de-el-mencho-en-el-cjng\/#respond\"]}]},{\"@type\":\"WebPage\",\"@id\":\"https:\/\/www.sonoraenequipo.com.mx\/detienen-en-nayarit-a-el-jardinero-presunto-sucesor-de-el-mencho-en-el-cjng\/\",\"url\":\"https:\/\/www.sonoraenequipo.com.mx\/detienen-en-nayarit-a-el-jardinero-presunto-sucesor-de-el-mencho-en-el-cjng\/\",\"name\":\"Sonora en Equipo. Detienen en Nayarit a 'El Jardinero' , presunto sucesor de \\\"El Mencho\\\" en el CJNG Polic\u00edaca\",\"isPartOf\":{\"@id\":\"https:\/\/www.sonoraenequipo.com.mx\/#website\"},\"primaryImageOfPage\":{\"@id\":\"https:\/\/www.sonoraenequipo.com.mx\/detienen-en-nayarit-a-el-jardinero-presunto-sucesor-de-el-mencho-en-el-cjng\/#primaryimage\"},\"image\":{\"@id\":\"https:\/\/www.sonoraenequipo.com.mx\/detienen-en-nayarit-a-el-jardinero-presunto-sucesor-de-el-mencho-en-el-cjng\/#primaryimage\"},\"thumbnailUrl\":\"https:\/\/www.sonoraenequipo.com.mx\/storage\/2026\/04\/detienen-en-nayarit-a-el-jardinero-miembro-del-cnjg.jpg\",\"datePublished\":\"2026-04-27T23:26:12+00:00\",\"dateModified\":\"2026-04-28T01:32:34+00:00\",\"description\":\"CIUDAD DE M\u00c9XICO. MX. \u2014 El titular de la Secretar\u00eda de Seguridad y Protecci\u00f3n Ciudadana (SSPC), Omar Garc\u00eda Harfuch, se\u00f1al\u00f3 que fue detenido en Nayarit, En Sonora en Equipo publicamos toda la informaci\u00f3n de Sonora, M\u00e9xico y el Mundo de manera oportuna y busca que la libertad de expresi\u00f3n sea real. Visita nuestro medio informativo publicado desde Hermosillo, Sonora. %\",\"breadcrumb\":{\"@id\":\"https:\/\/www.sonoraenequipo.com.mx\/detienen-en-nayarit-a-el-jardinero-presunto-sucesor-de-el-mencho-en-el-cjng\/#breadcrumb\"},\"inLanguage\":\"es\",\"potentialAction\":[{\"@type\":\"ReadAction\",\"target\":[\"https:\/\/www.sonoraenequipo.com.mx\/detienen-en-nayarit-a-el-jardinero-presunto-sucesor-de-el-mencho-en-el-cjng\/\"]}]},{\"@type\":\"ImageObject\",\"inLanguage\":\"es\",\"@id\":\"https:\/\/www.sonoraenequipo.com.mx\/detienen-en-nayarit-a-el-jardinero-presunto-sucesor-de-el-mencho-en-el-cjng\/#primaryimage\",\"url\":\"https:\/\/www.sonoraenequipo.com.mx\/storage\/2026\/04\/detienen-en-nayarit-a-el-jardinero-miembro-del-cnjg.jpg\",\"contentUrl\":\"https:\/\/www.sonoraenequipo.com.mx\/storage\/2026\/04\/detienen-en-nayarit-a-el-jardinero-miembro-del-cnjg.jpg\",\"width\":1000,\"height\":749},{\"@type\":\"BreadcrumbList\",\"@id\":\"https:\/\/www.sonoraenequipo.com.mx\/detienen-en-nayarit-a-el-jardinero-presunto-sucesor-de-el-mencho-en-el-cjng\/#breadcrumb\",\"itemListElement\":[{\"@type\":\"ListItem\",\"position\":1,\"name\":\"Portada\",\"item\":\"https:\/\/www.sonoraenequipo.com.mx\/\"},{\"@type\":\"ListItem\",\"position\":2,\"name\":\"Detienen en Nayarit a &#8216;El Jardinero&#8217; , presunto sucesor de \u00abEl Mencho\u00bb en el CJNG\"}]},{\"@type\":\"WebSite\",\"@id\":\"https:\/\/www.sonoraenequipo.com.mx\/#website\",\"url\":\"https:\/\/www.sonoraenequipo.com.mx\/\",\"name\":\"Sonora en Equipo.\",\"description\":\"Diario en l\u00ednea con Noticias desde Hermosillo, Sonora\",\"publisher\":{\"@id\":\"https:\/\/www.sonoraenequipo.com.mx\/#organization\"},\"potentialAction\":[{\"@type\":\"SearchAction\",\"target\":{\"@type\":\"EntryPoint\",\"urlTemplate\":\"https:\/\/www.sonoraenequipo.com.mx\/?s={search_term_string}\"},\"query-input\":{\"@type\":\"PropertyValueSpecification\",\"valueRequired\":true,\"valueName\":\"search_term_string\"}}],\"inLanguage\":\"es\"},{\"@type\":\"Organization\",\"@id\":\"https:\/\/www.sonoraenequipo.com.mx\/#organization\",\"name\":\"Sonoraenequipo.com.mx\",\"url\":\"https:\/\/www.sonoraenequipo.com.mx\/\",\"logo\":{\"@type\":\"ImageObject\",\"inLanguage\":\"es\",\"@id\":\"https:\/\/www.sonoraenequipo.com.mx\/#\/schema\/logo\/image\/\",\"url\":\"https:\/\/www.sonoraenequipo.com.mx\/storage\/2019\/01\/sonoraenequipo_opt.png\",\"contentUrl\":\"https:\/\/www.sonoraenequipo.com.mx\/storage\/2019\/01\/sonoraenequipo_opt.png\",\"width\":375,\"height\":125,\"caption\":\"Sonoraenequipo.com.mx\"},\"image\":{\"@id\":\"https:\/\/www.sonoraenequipo.com.mx\/#\/schema\/logo\/image\/\"},\"sameAs\":[\"https:\/\/www.facebook.com\/SonoraEE\/\",\"https:\/\/x.com\/sonoraenequipo\",\"https:\/\/www.youtube.com\/channel\/UC338nW-lPEYmJQs4ZABQ1SQ\"]},{\"@type\":\"Person\",\"@id\":\"https:\/\/www.sonoraenequipo.com.mx\/#\/schema\/person\/50102df0fb23a8fa9e8effad8fa81386\",\"name\":\"enequipo\",\"image\":{\"@type\":\"ImageObject\",\"inLanguage\":\"es\",\"@id\":\"https:\/\/www.sonoraenequipo.com.mx\/#\/schema\/person\/image\/\",\"url\":\"https:\/\/secure.gravatar.com\/avatar\/049821681b589dabc0bc20695993ccebb09f5b5d4d790cd9251b97faac7c652b?s=96&d=blank&r=g\",\"contentUrl\":\"https:\/\/secure.gravatar.com\/avatar\/049821681b589dabc0bc20695993ccebb09f5b5d4d790cd9251b97faac7c652b?s=96&d=blank&r=g\",\"caption\":\"enequipo\"},\"sameAs\":[\"https:\/\/www.facebook.com\/SonoraEE\"]}]}<\/script>\n ","yoast_head_json":{"title":"Sonora en Equipo. Detienen en Nayarit a 'El Jardinero' , presunto sucesor de \"El Mencho\" en el CJNG Polic\u00edaca","description":"CIUDAD DE M\u00c9XICO. MX. \u2014 El titular de la Secretar\u00eda de Seguridad y Protecci\u00f3n Ciudadana (SSPC), Omar Garc\u00eda Harfuch, se\u00f1al\u00f3 que fue detenido en Nayarit, En Sonora en Equipo publicamos toda la informaci\u00f3n de Sonora, M\u00e9xico y el Mundo de manera oportuna y busca que la libertad de expresi\u00f3n sea real. Visita nuestro medio informativo publicado desde Hermosillo, Sonora. %","robots":{"index":"index","follow":"follow","max-snippet":"max-snippet:-1","max-image-preview":"max-image-preview:large","max-video-preview":"max-video-preview:-1"},"canonical":"https:\/\/www.sonoraenequipo.com.mx\/detienen-en-nayarit-a-el-jardinero-presunto-sucesor-de-el-mencho-en-el-cjng\/","og_locale":"es_ES","og_type":"article","og_title":"Sonora en Equipo. Detienen en Nayarit a 'El Jardinero' , presunto sucesor de \"El Mencho\" en el CJNG Polic\u00edaca","og_description":"CIUDAD DE M\u00c9XICO. MX. \u2014 El titular de la Secretar\u00eda de Seguridad y Protecci\u00f3n Ciudadana (SSPC), Omar Garc\u00eda Harfuch, se\u00f1al\u00f3 que fue detenido en Nayarit, En Sonora en Equipo publicamos toda la informaci\u00f3n de Sonora, M\u00e9xico y el Mundo de manera oportuna y busca que la libertad de expresi\u00f3n sea real. Visita nuestro medio informativo publicado desde Hermosillo, Sonora. %","og_url":"https:\/\/www.sonoraenequipo.com.mx\/detienen-en-nayarit-a-el-jardinero-presunto-sucesor-de-el-mencho-en-el-cjng\/","og_site_name":"Sonora en Equipo.","article_publisher":"https:\/\/www.facebook.com\/SonoraEE\/","article_author":"https:\/\/www.facebook.com\/SonoraEE","article_published_time":"2026-04-27T23:26:12+00:00","article_modified_time":"2026-04-28T01:32:34+00:00","og_image":[{"width":1000,"height":749,"url":"https:\/\/www.sonoraenequipo.com.mx\/storage\/2026\/04\/detienen-en-nayarit-a-el-jardinero-miembro-del-cnjg.jpg","type":"image\/jpeg"}],"author":"enequipo","twitter_card":"summary_large_image","twitter_creator":"@sonoraenequipo","twitter_site":"@sonoraenequipo","twitter_misc":{"Escrito por":"enequipo","Tiempo de lectura":"2 minutos"},"schema":{"@context":"https:\/\/schema.org","@graph":[{"@type":"Article","@id":"https:\/\/www.sonoraenequipo.com.mx\/detienen-en-nayarit-a-el-jardinero-presunto-sucesor-de-el-mencho-en-el-cjng\/#article","isPartOf":{"@id":"https:\/\/www.sonoraenequipo.com.mx\/detienen-en-nayarit-a-el-jardinero-presunto-sucesor-de-el-mencho-en-el-cjng\/"},"author":{"name":"enequipo","@id":"https:\/\/www.sonoraenequipo.com.mx\/#\/schema\/person\/50102df0fb23a8fa9e8effad8fa81386"},"headline":"Detienen en Nayarit a &#8216;El Jardinero&#8217; , presunto sucesor de \u00abEl Mencho\u00bb en el CJNG","datePublished":"2026-04-27T23:26:12+00:00","dateModified":"2026-04-28T01:32:34+00:00","mainEntityOfPage":{"@id":"https:\/\/www.sonoraenequipo.com.mx\/detienen-en-nayarit-a-el-jardinero-presunto-sucesor-de-el-mencho-en-el-cjng\/"},"wordCount":318,"commentCount":0,"publisher":{"@id":"https:\/\/www.sonoraenequipo.com.mx\/#organization"},"image":{"@id":"https:\/\/www.sonoraenequipo.com.mx\/detienen-en-nayarit-a-el-jardinero-presunto-sucesor-de-el-mencho-en-el-cjng\/#primaryimage"},"thumbnailUrl":"https:\/\/www.sonoraenequipo.com.mx\/storage\/2026\/04\/detienen-en-nayarit-a-el-jardinero-miembro-del-cnjg.jpg","articleSection":["Polic\u00edaca","Rep\u00fablica"],"inLanguage":"es","potentialAction":[{"@type":"CommentAction","name":"Comment","target":["https:\/\/www.sonoraenequipo.com.mx\/detienen-en-nayarit-a-el-jardinero-presunto-sucesor-de-el-mencho-en-el-cjng\/#respond"]}]},{"@type":"WebPage","@id":"https:\/\/www.sonoraenequipo.com.mx\/detienen-en-nayarit-a-el-jardinero-presunto-sucesor-de-el-mencho-en-el-cjng\/","url":"https:\/\/www.sonoraenequipo.com.mx\/detienen-en-nayarit-a-el-jardinero-presunto-sucesor-de-el-mencho-en-el-cjng\/","name":"Sonora en Equipo. Detienen en Nayarit a 'El Jardinero' , presunto sucesor de \"El Mencho\" en el CJNG Polic\u00edaca","isPartOf":{"@id":"https:\/\/www.sonoraenequipo.com.mx\/#website"},"primaryImageOfPage":{"@id":"https:\/\/www.sonoraenequipo.com.mx\/detienen-en-nayarit-a-el-jardinero-presunto-sucesor-de-el-mencho-en-el-cjng\/#primaryimage"},"image":{"@id":"https:\/\/www.sonoraenequipo.com.mx\/detienen-en-nayarit-a-el-jardinero-presunto-sucesor-de-el-mencho-en-el-cjng\/#primaryimage"},"thumbnailUrl":"https:\/\/www.sonoraenequipo.com.mx\/storage\/2026\/04\/detienen-en-nayarit-a-el-jardinero-miembro-del-cnjg.jpg","datePublished":"2026-04-27T23:26:12+00:00","dateModified":"2026-04-28T01:32:34+00:00","description":"CIUDAD DE M\u00c9XICO. MX. \u2014 El titular de la Secretar\u00eda de Seguridad y Protecci\u00f3n Ciudadana (SSPC), Omar Garc\u00eda Harfuch, se\u00f1al\u00f3 que fue detenido en Nayarit, En Sonora en Equipo publicamos toda la informaci\u00f3n de Sonora, M\u00e9xico y el Mundo de manera oportuna y busca que la libertad de expresi\u00f3n sea real. Visita nuestro medio informativo publicado desde Hermosillo, Sonora. %","breadcrumb":{"@id":"https:\/\/www.sonoraenequipo.com.mx\/detienen-en-nayarit-a-el-jardinero-presunto-sucesor-de-el-mencho-en-el-cjng\/#breadcrumb"},"inLanguage":"es","potentialAction":[{"@type":"ReadAction","target":["https:\/\/www.sonoraenequipo.com.mx\/detienen-en-nayarit-a-el-jardinero-presunto-sucesor-de-el-mencho-en-el-cjng\/"]}]},{"@type":"ImageObject","inLanguage":"es","@id":"https:\/\/www.sonoraenequipo.com.mx\/detienen-en-nayarit-a-el-jardinero-presunto-sucesor-de-el-mencho-en-el-cjng\/#primaryimage","url":"https:\/\/www.sonoraenequipo.com.mx\/storage\/2026\/04\/detienen-en-nayarit-a-el-jardinero-miembro-del-cnjg.jpg","contentUrl":"https:\/\/www.sonoraenequipo.com.mx\/storage\/2026\/04\/detienen-en-nayarit-a-el-jardinero-miembro-del-cnjg.jpg","width":1000,"height":749},{"@type":"BreadcrumbList","@id":"https:\/\/www.sonoraenequipo.com.mx\/detienen-en-nayarit-a-el-jardinero-presunto-sucesor-de-el-mencho-en-el-cjng\/#breadcrumb","itemListElement":[{"@type":"ListItem","position":1,"name":"Portada","item":"https:\/\/www.sonoraenequipo.com.mx\/"},{"@type":"ListItem","position":2,"name":"Detienen en Nayarit a &#8216;El Jardinero&#8217; , presunto sucesor de \u00abEl Mencho\u00bb en el CJNG"}]},{"@type":"WebSite","@id":"https:\/\/www.sonoraenequipo.com.mx\/#website","url":"https:\/\/www.sonoraenequipo.com.mx\/","name":"Sonora en Equipo.","description":"Diario en l\u00ednea con Noticias desde Hermosillo, Sonora","publisher":{"@id":"https:\/\/www.sonoraenequipo.com.mx\/#organization"},"potentialAction":[{"@type":"SearchAction","target":{"@type":"EntryPoint","urlTemplate":"https:\/\/www.sonoraenequipo.com.mx\/?s={search_term_string}"},"query-input":{"@type":"PropertyValueSpecification","valueRequired":true,"valueName":"search_term_string"}}],"inLanguage":"es"},{"@type":"Organization","@id":"https:\/\/www.sonoraenequipo.com.mx\/#organization","name":"Sonoraenequipo.com.mx","url":"https:\/\/www.sonoraenequipo.com.mx\/","logo":{"@type":"ImageObject","inLanguage":"es","@id":"https:\/\/www.sonoraenequipo.com.mx\/#\/schema\/logo\/image\/","url":"https:\/\/www.sonoraenequipo.com.mx\/storage\/2019\/01\/sonoraenequipo_opt.png","contentUrl":"https:\/\/www.sonoraenequipo.com.mx\/storage\/2019\/01\/sonoraenequipo_opt.png","width":375,"height":125,"caption":"Sonoraenequipo.com.mx"},"image":{"@id":"https:\/\/www.sonoraenequipo.com.mx\/#\/schema\/logo\/image\/"},"sameAs":["https:\/\/www.facebook.com\/SonoraEE\/","https:\/\/x.com\/sonoraenequipo","https:\/\/www.youtube.com\/channel\/UC338nW-lPEYmJQs4ZABQ1SQ"]},{"@type":"Person","@id":"https:\/\/www.sonoraenequipo.com.mx\/#\/schema\/person\/50102df0fb23a8fa9e8effad8fa81386","name":"enequipo","image":{"@type":"ImageObject","inLanguage":"es","@id":"https:\/\/www.sonoraenequipo.com.mx\/#\/schema\/person\/image\/","url":"https:\/\/secure.gravatar.com\/avatar\/049821681b589dabc0bc20695993ccebb09f5b5d4d790cd9251b97faac7c652b?s=96&d=blank&r=g","contentUrl":"https:\/\/secure.gravatar.com\/avatar\/049821681b589dabc0bc20695993ccebb09f5b5d4d790cd9251b97faac7c652b?s=96&d=blank&r=g","caption":"enequipo"},"sameAs":["https:\/\/www.facebook.com\/SonoraEE"]}]}},"jetpack_featured_media_url":"https:\/\/www.sonoraenequipo.com.mx\/storage\/2026\/04\/detienen-en-nayarit-a-el-jardinero-miembro-del-cnjg.jpg","_links":{"self":[{"href":"https:\/\/www.sonoraenequipo.com.mx\/api\/wp\/v2\/posts\/240689","targetHints":{"allow":["GET"]}}],"collection":[{"href":"https:\/\/www.sonoraenequipo.com.mx\/api\/wp\/v2\/posts"}],"about":[{"href":"https:\/\/www.sonoraenequipo.com.mx\/api\/wp\/v2\/types\/post"}],"author":[{"embeddable":true,"href":"https:\/\/www.sonoraenequipo.com.mx\/api\/wp\/v2\/users\/1"}],"replies":[{"embeddable":true,"href":"https:\/\/www.sonoraenequipo.com.mx\/api\/wp\/v2\/comments?post=240689"}],"version-history":[{"count":1,"href":"https:\/\/www.sonoraenequipo.com.mx\/api\/wp\/v2\/posts\/240689\/revisions"}],"predecessor-version":[{"id":240690,"href":"https:\/\/www.sonoraenequipo.com.mx\/api\/wp\/v2\/posts\/240689\/revisions\/240690"}],"wp:featuredmedia":[{"embeddable":true,"href":"https:\/\/www.sonoraenequipo.com.mx\/api\/wp\/v2\/media\/240683"}],"wp:attachment":[{"href":"https:\/\/www.sonoraenequipo.com.mx\/api\/wp\/v2\/media?parent=240689"}],"wp:term":[{"taxonomy":"category","embeddable":true,"href":"https:\/\/www.sonoraenequipo.com.mx\/api\/wp\/v2\/categories?post=240689"},{"taxonomy":"post_tag","embeddable":true,"href":"https:\/\/www.sonoraenequipo.com.mx\/api\/wp\/v2\/tags?post=240689"}],"curies":[{"name":"wp","href":"https:\/\/api.w.org\/{rel}","templated":true}]}}