{"id":240696,"date":"2026-04-27T17:00:31","date_gmt":"2026-04-28T00:00:31","guid":{"rendered":"https:\/\/www.sonoraenequipo.com.mx\/?p=240696"},"modified":"2026-04-27T20:25:24","modified_gmt":"2026-04-28T03:25:24","slug":"muere-hombre-detenido-tras-arresto-policial-en-central-de-abasto-de-cdmx","status":"publish","type":"post","link":"https:\/\/www.sonoraenequipo.com.mx\/muere-hombre-detenido-tras-arresto-policial-en-central-de-abasto-de-cdmx\/","title":{"rendered":"Muere hombre detenido tras arresto policial en Central de Abasto de CDMX"},"content":{"rendered":"<p><strong>CIUDAD DE M\u00c9XICO.MX. \u2014\u00a0<\/strong> Un hombre muri\u00f3 tras ser detenido por polic\u00edas de la Secretar\u00eda de Seguridad Ciudadana en la colonia Central de Abasto, luego de que se desvaneciera a un lado de la patrulla al llegar ante el Juez C\u00edvico.<\/p>\n<p>&nbsp;<\/p>\n<p>&nbsp;<\/p>\n<p> <\/p>\n<p>De acuerdo con el reporte, los agentes realizaban recorridos de seguridad en la Vialidad 1 y la Cabecera S-T, cuando observaron un tractocami\u00f3n color amarillo con azul que obstru\u00eda la circulaci\u00f3n. Al acercarse para indicarle al conductor que deb\u00eda mover la unidad, el sujeto puso en marcha el veh\u00edculo, lo que provoc\u00f3 que un uniformado cayera a la cinta asf\u00e1ltica.<\/p>\n<p>&nbsp;<\/p>\n<p>&nbsp;<\/p>\n<p>Tras este hecho, el hombre descendi\u00f3 del cami\u00f3n e intent\u00f3 huir, por lo que fue alcanzado y detenido por los polic\u00edas, quienes lo trasladaron ante el Juez C\u00edvico por la falta administrativa y la agresi\u00f3n al oficial.<\/p>\n<p>&nbsp;<\/p>\n<p>&nbsp;<\/p>\n<p>Sin embargo, al descender de la unidad, se desvaneci\u00f3 a un lado de la patrulla. Param\u00e9dicos que acudieron al lugar lo diagnosticaron sin signos vitales, con etiolog\u00eda a\u00fan por determinar.<\/p>\n<p>&nbsp;<\/p>\n<p>&nbsp;<\/p>\n<p>Ante ello, se dio parte al agente del Ministerio P\u00fablico para los peritajes correspondientes. En tanto, los polic\u00edas involucrados rindieron su declaraci\u00f3n y personal de la Direcci\u00f3n General de Asuntos Internos inici\u00f3 la investigaci\u00f3n administrativa.<\/p>\n<p>&nbsp;<\/p>\n<p>&nbsp;<\/p>\n<p>PUBLICADO EL 27 DE ABRIL 2026 Con informaci\u00f3n de Nayelli Ram\u00edrez)<\/p>\n","protected":false},"excerpt":{"rendered":"<p>CIUDAD DE M\u00c9XICO.MX. \u2014\u00a0 Un hombre muri\u00f3 tras ser detenido por polic\u00edas de la Secretar\u00eda&#8230;<\/p>\n","protected":false},"author":1,"featured_media":240680,"comment_status":"open","ping_status":"open","sticky":false,"template":"","format":"standard","meta":{"_monsterinsights_skip_tracking":false,"_monsterinsights_sitenote_active":false,"_monsterinsights_sitenote_note":"","_monsterinsights_sitenote_category":0,"footnotes":""},"categories":[5],"tags":[],"class_list":["post"],"yoast_head":" \n<title>Sonora en Equipo. Muere hombre detenido tras arresto policial en Central de Abasto de CDMX Rep\u00fablica<\/title>\n<meta name=\"description\" content=\"CIUDAD DE M\u00c9XICO.MX. \u2014\u00a0 Un hombre muri\u00f3 tras ser detenido por polic\u00edas de la Secretar\u00eda de Seguridad Ciudadana en la colonia Central de Abasto, luego de En Sonora en Equipo publicamos toda la informaci\u00f3n de Sonora, M\u00e9xico y el Mundo de manera oportuna y busca que la libertad de expresi\u00f3n sea real. Visita nuestro medio informativo publicado desde Hermosillo, Sonora. %\" \/>\n<meta name=\"robots\" content=\"index, follow, max-snippet:-1, max-image-preview:large, max-video-preview:-1\" \/>\n<link rel=\"canonical\" href=\"https:\/\/www.sonoraenequipo.com.mx\/muere-hombre-detenido-tras-arresto-policial-en-central-de-abasto-de-cdmx\/\" \/>\n<meta property=\"og:locale\" content=\"es_ES\" \/>\n<meta property=\"og:type\" content=\"article\" \/>\n<meta property=\"og:title\" content=\"Sonora en Equipo. Muere hombre detenido tras arresto policial en Central de Abasto de CDMX Rep\u00fablica\" \/>\n<meta property=\"og:description\" content=\"CIUDAD DE M\u00c9XICO.MX. \u2014\u00a0 Un hombre muri\u00f3 tras ser detenido por polic\u00edas de la Secretar\u00eda de Seguridad Ciudadana en la colonia Central de Abasto, luego de En Sonora en Equipo publicamos toda la informaci\u00f3n de Sonora, M\u00e9xico y el Mundo de manera oportuna y busca que la libertad de expresi\u00f3n sea real. Visita nuestro medio informativo publicado desde Hermosillo, Sonora. %\" \/>\n<meta property=\"og:url\" content=\"https:\/\/www.sonoraenequipo.com.mx\/muere-hombre-detenido-tras-arresto-policial-en-central-de-abasto-de-cdmx\/\" \/>\n<meta property=\"og:site_name\" content=\"Sonora en Equipo.\" \/>\n<meta property=\"article:publisher\" content=\"https:\/\/www.facebook.com\/SonoraEE\/\" \/>\n<meta property=\"article:author\" content=\"https:\/\/www.facebook.com\/SonoraEE\" \/>\n<meta property=\"article:published_time\" content=\"2026-04-28T00:00:31+00:00\" \/>\n<meta property=\"article:modified_time\" content=\"2026-04-28T03:25:24+00:00\" \/>\n<meta property=\"og:image\" content=\"https:\/\/www.sonoraenequipo.com.mx\/storage\/2026\/04\/Foto-Alfredo-Dominguez.jpg\" \/>\n\t<meta property=\"og:image:width\" content=\"1000\" \/>\n\t<meta property=\"og:image:height\" content=\"750\" \/>\n\t<meta property=\"og:image:type\" content=\"image\/jpeg\" \/>\n<meta name=\"author\" content=\"enequipo\" \/>\n<meta name=\"twitter:card\" content=\"summary_large_image\" \/>\n<meta name=\"twitter:creator\" content=\"@sonoraenequipo\" \/>\n<meta name=\"twitter:site\" content=\"@sonoraenequipo\" \/>\n<meta name=\"twitter:label1\" content=\"Escrito por\" \/>\n\t<meta name=\"twitter:data1\" content=\"enequipo\" \/>\n\t<meta name=\"twitter:label2\" content=\"Tiempo de lectura\" \/>\n\t<meta name=\"twitter:data2\" content=\"1 minuto\" \/>\n<script type=\"application\/ld+json\" class=\"yoast-schema-graph\">{\"@context\":\"https:\/\/schema.org\",\"@graph\":[{\"@type\":\"Article\",\"@id\":\"https:\/\/www.sonoraenequipo.com.mx\/muere-hombre-detenido-tras-arresto-policial-en-central-de-abasto-de-cdmx\/#article\",\"isPartOf\":{\"@id\":\"https:\/\/www.sonoraenequipo.com.mx\/muere-hombre-detenido-tras-arresto-policial-en-central-de-abasto-de-cdmx\/\"},\"author\":{\"name\":\"enequipo\",\"@id\":\"https:\/\/www.sonoraenequipo.com.mx\/#\/schema\/person\/50102df0fb23a8fa9e8effad8fa81386\"},\"headline\":\"Muere hombre detenido tras arresto policial en Central de Abasto de CDMX\",\"datePublished\":\"2026-04-28T00:00:31+00:00\",\"dateModified\":\"2026-04-28T03:25:24+00:00\",\"mainEntityOfPage\":{\"@id\":\"https:\/\/www.sonoraenequipo.com.mx\/muere-hombre-detenido-tras-arresto-policial-en-central-de-abasto-de-cdmx\/\"},\"wordCount\":257,\"commentCount\":0,\"publisher\":{\"@id\":\"https:\/\/www.sonoraenequipo.com.mx\/#organization\"},\"image\":{\"@id\":\"https:\/\/www.sonoraenequipo.com.mx\/muere-hombre-detenido-tras-arresto-policial-en-central-de-abasto-de-cdmx\/#primaryimage\"},\"thumbnailUrl\":\"https:\/\/www.sonoraenequipo.com.mx\/storage\/2026\/04\/Foto-Alfredo-Dominguez.jpg\",\"articleSection\":[\"Rep\u00fablica\"],\"inLanguage\":\"es\",\"potentialAction\":[{\"@type\":\"CommentAction\",\"name\":\"Comment\",\"target\":[\"https:\/\/www.sonoraenequipo.com.mx\/muere-hombre-detenido-tras-arresto-policial-en-central-de-abasto-de-cdmx\/#respond\"]}]},{\"@type\":\"WebPage\",\"@id\":\"https:\/\/www.sonoraenequipo.com.mx\/muere-hombre-detenido-tras-arresto-policial-en-central-de-abasto-de-cdmx\/\",\"url\":\"https:\/\/www.sonoraenequipo.com.mx\/muere-hombre-detenido-tras-arresto-policial-en-central-de-abasto-de-cdmx\/\",\"name\":\"Sonora en Equipo. Muere hombre detenido tras arresto policial en Central de Abasto de CDMX Rep\u00fablica\",\"isPartOf\":{\"@id\":\"https:\/\/www.sonoraenequipo.com.mx\/#website\"},\"primaryImageOfPage\":{\"@id\":\"https:\/\/www.sonoraenequipo.com.mx\/muere-hombre-detenido-tras-arresto-policial-en-central-de-abasto-de-cdmx\/#primaryimage\"},\"image\":{\"@id\":\"https:\/\/www.sonoraenequipo.com.mx\/muere-hombre-detenido-tras-arresto-policial-en-central-de-abasto-de-cdmx\/#primaryimage\"},\"thumbnailUrl\":\"https:\/\/www.sonoraenequipo.com.mx\/storage\/2026\/04\/Foto-Alfredo-Dominguez.jpg\",\"datePublished\":\"2026-04-28T00:00:31+00:00\",\"dateModified\":\"2026-04-28T03:25:24+00:00\",\"description\":\"CIUDAD DE M\u00c9XICO.MX. \u2014\u00a0 Un hombre muri\u00f3 tras ser detenido por polic\u00edas de la Secretar\u00eda de Seguridad Ciudadana en la colonia Central de Abasto, luego de En Sonora en Equipo publicamos toda la informaci\u00f3n de Sonora, M\u00e9xico y el Mundo de manera oportuna y busca que la libertad de expresi\u00f3n sea real. Visita nuestro medio informativo publicado desde Hermosillo, Sonora. %\",\"breadcrumb\":{\"@id\":\"https:\/\/www.sonoraenequipo.com.mx\/muere-hombre-detenido-tras-arresto-policial-en-central-de-abasto-de-cdmx\/#breadcrumb\"},\"inLanguage\":\"es\",\"potentialAction\":[{\"@type\":\"ReadAction\",\"target\":[\"https:\/\/www.sonoraenequipo.com.mx\/muere-hombre-detenido-tras-arresto-policial-en-central-de-abasto-de-cdmx\/\"]}]},{\"@type\":\"ImageObject\",\"inLanguage\":\"es\",\"@id\":\"https:\/\/www.sonoraenequipo.com.mx\/muere-hombre-detenido-tras-arresto-policial-en-central-de-abasto-de-cdmx\/#primaryimage\",\"url\":\"https:\/\/www.sonoraenequipo.com.mx\/storage\/2026\/04\/Foto-Alfredo-Dominguez.jpg\",\"contentUrl\":\"https:\/\/www.sonoraenequipo.com.mx\/storage\/2026\/04\/Foto-Alfredo-Dominguez.jpg\",\"width\":1000,\"height\":750},{\"@type\":\"BreadcrumbList\",\"@id\":\"https:\/\/www.sonoraenequipo.com.mx\/muere-hombre-detenido-tras-arresto-policial-en-central-de-abasto-de-cdmx\/#breadcrumb\",\"itemListElement\":[{\"@type\":\"ListItem\",\"position\":1,\"name\":\"Portada\",\"item\":\"https:\/\/www.sonoraenequipo.com.mx\/\"},{\"@type\":\"ListItem\",\"position\":2,\"name\":\"Muere hombre detenido tras arresto policial en Central de Abasto de CDMX\"}]},{\"@type\":\"WebSite\",\"@id\":\"https:\/\/www.sonoraenequipo.com.mx\/#website\",\"url\":\"https:\/\/www.sonoraenequipo.com.mx\/\",\"name\":\"Sonora en Equipo.\",\"description\":\"Diario en l\u00ednea con Noticias desde Hermosillo, Sonora\",\"publisher\":{\"@id\":\"https:\/\/www.sonoraenequipo.com.mx\/#organization\"},\"potentialAction\":[{\"@type\":\"SearchAction\",\"target\":{\"@type\":\"EntryPoint\",\"urlTemplate\":\"https:\/\/www.sonoraenequipo.com.mx\/?s={search_term_string}\"},\"query-input\":{\"@type\":\"PropertyValueSpecification\",\"valueRequired\":true,\"valueName\":\"search_term_string\"}}],\"inLanguage\":\"es\"},{\"@type\":\"Organization\",\"@id\":\"https:\/\/www.sonoraenequipo.com.mx\/#organization\",\"name\":\"Sonoraenequipo.com.mx\",\"url\":\"https:\/\/www.sonoraenequipo.com.mx\/\",\"logo\":{\"@type\":\"ImageObject\",\"inLanguage\":\"es\",\"@id\":\"https:\/\/www.sonoraenequipo.com.mx\/#\/schema\/logo\/image\/\",\"url\":\"https:\/\/www.sonoraenequipo.com.mx\/storage\/2019\/01\/sonoraenequipo_opt.png\",\"contentUrl\":\"https:\/\/www.sonoraenequipo.com.mx\/storage\/2019\/01\/sonoraenequipo_opt.png\",\"width\":375,\"height\":125,\"caption\":\"Sonoraenequipo.com.mx\"},\"image\":{\"@id\":\"https:\/\/www.sonoraenequipo.com.mx\/#\/schema\/logo\/image\/\"},\"sameAs\":[\"https:\/\/www.facebook.com\/SonoraEE\/\",\"https:\/\/x.com\/sonoraenequipo\",\"https:\/\/www.youtube.com\/channel\/UC338nW-lPEYmJQs4ZABQ1SQ\"]},{\"@type\":\"Person\",\"@id\":\"https:\/\/www.sonoraenequipo.com.mx\/#\/schema\/person\/50102df0fb23a8fa9e8effad8fa81386\",\"name\":\"enequipo\",\"image\":{\"@type\":\"ImageObject\",\"inLanguage\":\"es\",\"@id\":\"https:\/\/www.sonoraenequipo.com.mx\/#\/schema\/person\/image\/\",\"url\":\"https:\/\/secure.gravatar.com\/avatar\/049821681b589dabc0bc20695993ccebb09f5b5d4d790cd9251b97faac7c652b?s=96&d=blank&r=g\",\"contentUrl\":\"https:\/\/secure.gravatar.com\/avatar\/049821681b589dabc0bc20695993ccebb09f5b5d4d790cd9251b97faac7c652b?s=96&d=blank&r=g\",\"caption\":\"enequipo\"},\"sameAs\":[\"https:\/\/www.facebook.com\/SonoraEE\"]}]}<\/script>\n ","yoast_head_json":{"title":"Sonora en Equipo. Muere hombre detenido tras arresto policial en Central de Abasto de CDMX Rep\u00fablica","description":"CIUDAD DE M\u00c9XICO.MX. \u2014\u00a0 Un hombre muri\u00f3 tras ser detenido por polic\u00edas de la Secretar\u00eda de Seguridad Ciudadana en la colonia Central de Abasto, luego de En Sonora en Equipo publicamos toda la informaci\u00f3n de Sonora, M\u00e9xico y el Mundo de manera oportuna y busca que la libertad de expresi\u00f3n sea real. Visita nuestro medio informativo publicado desde Hermosillo, Sonora. %","robots":{"index":"index","follow":"follow","max-snippet":"max-snippet:-1","max-image-preview":"max-image-preview:large","max-video-preview":"max-video-preview:-1"},"canonical":"https:\/\/www.sonoraenequipo.com.mx\/muere-hombre-detenido-tras-arresto-policial-en-central-de-abasto-de-cdmx\/","og_locale":"es_ES","og_type":"article","og_title":"Sonora en Equipo. Muere hombre detenido tras arresto policial en Central de Abasto de CDMX Rep\u00fablica","og_description":"CIUDAD DE M\u00c9XICO.MX. \u2014\u00a0 Un hombre muri\u00f3 tras ser detenido por polic\u00edas de la Secretar\u00eda de Seguridad Ciudadana en la colonia Central de Abasto, luego de En Sonora en Equipo publicamos toda la informaci\u00f3n de Sonora, M\u00e9xico y el Mundo de manera oportuna y busca que la libertad de expresi\u00f3n sea real. Visita nuestro medio informativo publicado desde Hermosillo, Sonora. %","og_url":"https:\/\/www.sonoraenequipo.com.mx\/muere-hombre-detenido-tras-arresto-policial-en-central-de-abasto-de-cdmx\/","og_site_name":"Sonora en Equipo.","article_publisher":"https:\/\/www.facebook.com\/SonoraEE\/","article_author":"https:\/\/www.facebook.com\/SonoraEE","article_published_time":"2026-04-28T00:00:31+00:00","article_modified_time":"2026-04-28T03:25:24+00:00","og_image":[{"width":1000,"height":750,"url":"https:\/\/www.sonoraenequipo.com.mx\/storage\/2026\/04\/Foto-Alfredo-Dominguez.jpg","type":"image\/jpeg"}],"author":"enequipo","twitter_card":"summary_large_image","twitter_creator":"@sonoraenequipo","twitter_site":"@sonoraenequipo","twitter_misc":{"Escrito por":"enequipo","Tiempo de lectura":"1 minuto"},"schema":{"@context":"https:\/\/schema.org","@graph":[{"@type":"Article","@id":"https:\/\/www.sonoraenequipo.com.mx\/muere-hombre-detenido-tras-arresto-policial-en-central-de-abasto-de-cdmx\/#article","isPartOf":{"@id":"https:\/\/www.sonoraenequipo.com.mx\/muere-hombre-detenido-tras-arresto-policial-en-central-de-abasto-de-cdmx\/"},"author":{"name":"enequipo","@id":"https:\/\/www.sonoraenequipo.com.mx\/#\/schema\/person\/50102df0fb23a8fa9e8effad8fa81386"},"headline":"Muere hombre detenido tras arresto policial en Central de Abasto de CDMX","datePublished":"2026-04-28T00:00:31+00:00","dateModified":"2026-04-28T03:25:24+00:00","mainEntityOfPage":{"@id":"https:\/\/www.sonoraenequipo.com.mx\/muere-hombre-detenido-tras-arresto-policial-en-central-de-abasto-de-cdmx\/"},"wordCount":257,"commentCount":0,"publisher":{"@id":"https:\/\/www.sonoraenequipo.com.mx\/#organization"},"image":{"@id":"https:\/\/www.sonoraenequipo.com.mx\/muere-hombre-detenido-tras-arresto-policial-en-central-de-abasto-de-cdmx\/#primaryimage"},"thumbnailUrl":"https:\/\/www.sonoraenequipo.com.mx\/storage\/2026\/04\/Foto-Alfredo-Dominguez.jpg","articleSection":["Rep\u00fablica"],"inLanguage":"es","potentialAction":[{"@type":"CommentAction","name":"Comment","target":["https:\/\/www.sonoraenequipo.com.mx\/muere-hombre-detenido-tras-arresto-policial-en-central-de-abasto-de-cdmx\/#respond"]}]},{"@type":"WebPage","@id":"https:\/\/www.sonoraenequipo.com.mx\/muere-hombre-detenido-tras-arresto-policial-en-central-de-abasto-de-cdmx\/","url":"https:\/\/www.sonoraenequipo.com.mx\/muere-hombre-detenido-tras-arresto-policial-en-central-de-abasto-de-cdmx\/","name":"Sonora en Equipo. Muere hombre detenido tras arresto policial en Central de Abasto de CDMX Rep\u00fablica","isPartOf":{"@id":"https:\/\/www.sonoraenequipo.com.mx\/#website"},"primaryImageOfPage":{"@id":"https:\/\/www.sonoraenequipo.com.mx\/muere-hombre-detenido-tras-arresto-policial-en-central-de-abasto-de-cdmx\/#primaryimage"},"image":{"@id":"https:\/\/www.sonoraenequipo.com.mx\/muere-hombre-detenido-tras-arresto-policial-en-central-de-abasto-de-cdmx\/#primaryimage"},"thumbnailUrl":"https:\/\/www.sonoraenequipo.com.mx\/storage\/2026\/04\/Foto-Alfredo-Dominguez.jpg","datePublished":"2026-04-28T00:00:31+00:00","dateModified":"2026-04-28T03:25:24+00:00","description":"CIUDAD DE M\u00c9XICO.MX. \u2014\u00a0 Un hombre muri\u00f3 tras ser detenido por polic\u00edas de la Secretar\u00eda de Seguridad Ciudadana en la colonia Central de Abasto, luego de En Sonora en Equipo publicamos toda la informaci\u00f3n de Sonora, M\u00e9xico y el Mundo de manera oportuna y busca que la libertad de expresi\u00f3n sea real. Visita nuestro medio informativo publicado desde Hermosillo, Sonora. %","breadcrumb":{"@id":"https:\/\/www.sonoraenequipo.com.mx\/muere-hombre-detenido-tras-arresto-policial-en-central-de-abasto-de-cdmx\/#breadcrumb"},"inLanguage":"es","potentialAction":[{"@type":"ReadAction","target":["https:\/\/www.sonoraenequipo.com.mx\/muere-hombre-detenido-tras-arresto-policial-en-central-de-abasto-de-cdmx\/"]}]},{"@type":"ImageObject","inLanguage":"es","@id":"https:\/\/www.sonoraenequipo.com.mx\/muere-hombre-detenido-tras-arresto-policial-en-central-de-abasto-de-cdmx\/#primaryimage","url":"https:\/\/www.sonoraenequipo.com.mx\/storage\/2026\/04\/Foto-Alfredo-Dominguez.jpg","contentUrl":"https:\/\/www.sonoraenequipo.com.mx\/storage\/2026\/04\/Foto-Alfredo-Dominguez.jpg","width":1000,"height":750},{"@type":"BreadcrumbList","@id":"https:\/\/www.sonoraenequipo.com.mx\/muere-hombre-detenido-tras-arresto-policial-en-central-de-abasto-de-cdmx\/#breadcrumb","itemListElement":[{"@type":"ListItem","position":1,"name":"Portada","item":"https:\/\/www.sonoraenequipo.com.mx\/"},{"@type":"ListItem","position":2,"name":"Muere hombre detenido tras arresto policial en Central de Abasto de CDMX"}]},{"@type":"WebSite","@id":"https:\/\/www.sonoraenequipo.com.mx\/#website","url":"https:\/\/www.sonoraenequipo.com.mx\/","name":"Sonora en Equipo.","description":"Diario en l\u00ednea con Noticias desde Hermosillo, Sonora","publisher":{"@id":"https:\/\/www.sonoraenequipo.com.mx\/#organization"},"potentialAction":[{"@type":"SearchAction","target":{"@type":"EntryPoint","urlTemplate":"https:\/\/www.sonoraenequipo.com.mx\/?s={search_term_string}"},"query-input":{"@type":"PropertyValueSpecification","valueRequired":true,"valueName":"search_term_string"}}],"inLanguage":"es"},{"@type":"Organization","@id":"https:\/\/www.sonoraenequipo.com.mx\/#organization","name":"Sonoraenequipo.com.mx","url":"https:\/\/www.sonoraenequipo.com.mx\/","logo":{"@type":"ImageObject","inLanguage":"es","@id":"https:\/\/www.sonoraenequipo.com.mx\/#\/schema\/logo\/image\/","url":"https:\/\/www.sonoraenequipo.com.mx\/storage\/2019\/01\/sonoraenequipo_opt.png","contentUrl":"https:\/\/www.sonoraenequipo.com.mx\/storage\/2019\/01\/sonoraenequipo_opt.png","width":375,"height":125,"caption":"Sonoraenequipo.com.mx"},"image":{"@id":"https:\/\/www.sonoraenequipo.com.mx\/#\/schema\/logo\/image\/"},"sameAs":["https:\/\/www.facebook.com\/SonoraEE\/","https:\/\/x.com\/sonoraenequipo","https:\/\/www.youtube.com\/channel\/UC338nW-lPEYmJQs4ZABQ1SQ"]},{"@type":"Person","@id":"https:\/\/www.sonoraenequipo.com.mx\/#\/schema\/person\/50102df0fb23a8fa9e8effad8fa81386","name":"enequipo","image":{"@type":"ImageObject","inLanguage":"es","@id":"https:\/\/www.sonoraenequipo.com.mx\/#\/schema\/person\/image\/","url":"https:\/\/secure.gravatar.com\/avatar\/049821681b589dabc0bc20695993ccebb09f5b5d4d790cd9251b97faac7c652b?s=96&d=blank&r=g","contentUrl":"https:\/\/secure.gravatar.com\/avatar\/049821681b589dabc0bc20695993ccebb09f5b5d4d790cd9251b97faac7c652b?s=96&d=blank&r=g","caption":"enequipo"},"sameAs":["https:\/\/www.facebook.com\/SonoraEE"]}]}},"jetpack_featured_media_url":"https:\/\/www.sonoraenequipo.com.mx\/storage\/2026\/04\/Foto-Alfredo-Dominguez.jpg","_links":{"self":[{"href":"https:\/\/www.sonoraenequipo.com.mx\/api\/wp\/v2\/posts\/240696","targetHints":{"allow":["GET"]}}],"collection":[{"href":"https:\/\/www.sonoraenequipo.com.mx\/api\/wp\/v2\/posts"}],"about":[{"href":"https:\/\/www.sonoraenequipo.com.mx\/api\/wp\/v2\/types\/post"}],"author":[{"embeddable":true,"href":"https:\/\/www.sonoraenequipo.com.mx\/api\/wp\/v2\/users\/1"}],"replies":[{"embeddable":true,"href":"https:\/\/www.sonoraenequipo.com.mx\/api\/wp\/v2\/comments?post=240696"}],"version-history":[{"count":1,"href":"https:\/\/www.sonoraenequipo.com.mx\/api\/wp\/v2\/posts\/240696\/revisions"}],"predecessor-version":[{"id":240697,"href":"https:\/\/www.sonoraenequipo.com.mx\/api\/wp\/v2\/posts\/240696\/revisions\/240697"}],"wp:featuredmedia":[{"embeddable":true,"href":"https:\/\/www.sonoraenequipo.com.mx\/api\/wp\/v2\/media\/240680"}],"wp:attachment":[{"href":"https:\/\/www.sonoraenequipo.com.mx\/api\/wp\/v2\/media?parent=240696"}],"wp:term":[{"taxonomy":"category","embeddable":true,"href":"https:\/\/www.sonoraenequipo.com.mx\/api\/wp\/v2\/categories?post=240696"},{"taxonomy":"post_tag","embeddable":true,"href":"https:\/\/www.sonoraenequipo.com.mx\/api\/wp\/v2\/tags?post=240696"}],"curies":[{"name":"wp","href":"https:\/\/api.w.org\/{rel}","templated":true}]}}