{"id":240698,"date":"2026-04-27T11:32:41","date_gmt":"2026-04-27T18:32:41","guid":{"rendered":"https:\/\/www.sonoraenequipo.com.mx\/?p=240698"},"modified":"2026-04-27T20:38:36","modified_gmt":"2026-04-28T03:38:36","slug":"confirman-detencion-en-reynosa-del-metro-9","status":"publish","type":"post","link":"https:\/\/www.sonoraenequipo.com.mx\/confirman-detencion-en-reynosa-del-metro-9\/","title":{"rendered":"Confirman detenci\u00f3n en Reynosa del \u2018Metro 9\u2019"},"content":{"rendered":"<p><strong>NUEVO LAREDO, TAMAULIPAS. MX. \u2014<\/strong> La Secretaria de Seguridad de Tamaulipas confirm\u00f3 este lunes la detenci\u00f3n de Alexander \u201cN\u201d, alias \u2018Metro 9\u2019, identificado como uno de los principales generadores de violencia en la entidad, cuya captura desat\u00f3 una ola de disturbios en la ciudad fronteriza de Reynosa.<\/p>\n<p>&nbsp;<\/p>\n<p>&nbsp;<\/p>\n<p>&nbsp;<\/p>\n<p> <\/p>\n<p>De acuerdo con el vocero de Seguridad estatal, Willy Z\u00fa\u00f1iga, el operativo fue encabezado por fuerzas locales en coordinaci\u00f3n con instancias federales, incluyendo elementos del Ej\u00e9rcito y la Guardia Nacional, como parte de una estrategia para capturar objetivos prioritarios vinculados al crimen organizado.<\/p>\n<p>&nbsp;<\/p>\n<p>&nbsp;<\/p>\n<p>El detenido, identificado como Alexander Benavides Flores, era considerado un objetivo prioritario por el Gobierno federal y fue puesto a disposici\u00f3n de la Fiscal\u00eda General de la Rep\u00fablica por su probable responsabilidad en delitos del orden federal.<\/p>\n<p>&nbsp;<\/p>\n<p>&nbsp;<\/p>\n<p>Seg\u00fan reportes oficiales, \u2018Metro 9\u2019 fung\u00eda como l\u00edder de la c\u00e9lula criminal conocida como \u201cLos Metros\u201d, una facci\u00f3n del C\u00e1rtel del Golfo dedicada al tr\u00e1fico de drogas, personas y otras actividades il\u00edcitas en la frontera norte del pa\u00eds.<\/p>\n<p>&nbsp;<\/p>\n<p>&nbsp;<\/p>\n<p>Al momento de su detenci\u00f3n, realizada durante la madrugada de este lunes 27 de abril, le fueron aseguradas armas de uso exclusivo del Ej\u00e9rcito, veh\u00edculos, documentaci\u00f3n falsa \u2014entre ellas una identificaci\u00f3n a nombre de Carlos Garc\u00eda Hern\u00e1ndez\u2014 y equipo de comunicaci\u00f3n.<\/p>\n<p>&nbsp;<\/p>\n<p>&nbsp;<\/p>\n<p>Autoridades tambi\u00e9n lo se\u00f1alan como presunto autor intelectual de ataques contra fuerzas de seguridad, as\u00ed como de acciones dirigidas al desmantelamiento de infraestructura de videovigilancia del sistema C5 en la regi\u00f3n.<\/p>\n<p>&nbsp;<\/p>\n<p>&nbsp;<\/p>\n<p>La captura provoc\u00f3 una reacci\u00f3n violenta casi inmediata en distintos puntos de Reynosa, donde se registraron bloqueos carreteros, quema de llantas, incendios de veh\u00edculos y ataques contra c\u00e1maras de vigilancia, principalmente durante la madrugada y primeras horas del d\u00eda.<\/p>\n<p>&nbsp;<\/p>\n<p>&nbsp;<\/p>\n<p>Reportes actualizados indican que estos hechos se extendieron a por lo menos diez puntos de la ciudad, generando adem\u00e1s suspensi\u00f3n de clases y afectaciones a la movilidad, en lo que autoridades calificaron como una respuesta del grupo criminal ante la detenci\u00f3n de su l\u00edder.<\/p>\n<p>&nbsp;<\/p>\n<p>&nbsp;<\/p>\n<p>El gobierno estatal inform\u00f3 que las situaciones de riesgo fueron atendidas con prontitud y que, hasta el momento, no se reportan personas lesionadas, adem\u00e1s de que los disturbios han sido controlados y se trabaja en restablecer el orden p\u00fablico en la zona.<\/p>\n<p>&nbsp;<\/p>\n<p>&nbsp;<\/p>\n<p>Finalmente, se prev\u00e9 que \u2018Metro 9\u2019 sea trasladado en las pr\u00f3ximas horas a la Ciudad de M\u00e9xico, donde continuar\u00e1 su proceso legal ante autoridades federales, mientras contin\u00faan los operativos de seguridad en Tamaulipas para evitar nuevos hechos de violencia tras esta detenci\u00f3n.<\/p>\n<p>&nbsp;<\/p>\n<p>&nbsp;<\/p>\n<p>PUBLICADO EL 27 DE ABRIL 2026 Con informaci\u00f3n de Carlos Guzman Mart\u00edn)<\/p>\n","protected":false},"excerpt":{"rendered":"<p>NUEVO LAREDO, TAMAULIPAS. MX. \u2014 La Secretaria de Seguridad de Tamaulipas confirm\u00f3 este lunes la&#8230;<\/p>\n","protected":false},"author":1,"featured_media":240699,"comment_status":"open","ping_status":"open","sticky":false,"template":"","format":"standard","meta":{"_monsterinsights_skip_tracking":false,"_monsterinsights_sitenote_active":false,"_monsterinsights_sitenote_note":"","_monsterinsights_sitenote_category":0,"footnotes":""},"categories":[3144,5],"tags":[],"class_list":["post"],"yoast_head":" \n<title>Sonora en Equipo. Confirman detenci\u00f3n en Reynosa del \u2018Metro 9\u2019 Rep\u00fablica<\/title>\n<meta name=\"description\" content=\"NUEVO LAREDO, TAMAULIPAS. MX. \u2014 La Secretaria de Seguridad de Tamaulipas confirm\u00f3 este lunes la detenci\u00f3n de Alexander \u201cN\u201d, alias \u2018Metro 9\u2019, identificado En Sonora en Equipo publicamos toda la informaci\u00f3n de Sonora, M\u00e9xico y el Mundo de manera oportuna y busca que la libertad de expresi\u00f3n sea real. Visita nuestro medio informativo publicado desde Hermosillo, Sonora. %\" \/>\n<meta name=\"robots\" content=\"index, follow, max-snippet:-1, max-image-preview:large, max-video-preview:-1\" \/>\n<link rel=\"canonical\" href=\"https:\/\/www.sonoraenequipo.com.mx\/confirman-detencion-en-reynosa-del-metro-9\/\" \/>\n<meta property=\"og:locale\" content=\"es_ES\" \/>\n<meta property=\"og:type\" content=\"article\" \/>\n<meta property=\"og:title\" content=\"Sonora en Equipo. Confirman detenci\u00f3n en Reynosa del \u2018Metro 9\u2019 Rep\u00fablica\" \/>\n<meta property=\"og:description\" content=\"NUEVO LAREDO, TAMAULIPAS. MX. \u2014 La Secretaria de Seguridad de Tamaulipas confirm\u00f3 este lunes la detenci\u00f3n de Alexander \u201cN\u201d, alias \u2018Metro 9\u2019, identificado En Sonora en Equipo publicamos toda la informaci\u00f3n de Sonora, M\u00e9xico y el Mundo de manera oportuna y busca que la libertad de expresi\u00f3n sea real. Visita nuestro medio informativo publicado desde Hermosillo, Sonora. %\" \/>\n<meta property=\"og:url\" content=\"https:\/\/www.sonoraenequipo.com.mx\/confirman-detencion-en-reynosa-del-metro-9\/\" \/>\n<meta property=\"og:site_name\" content=\"Sonora en Equipo.\" \/>\n<meta property=\"article:publisher\" content=\"https:\/\/www.facebook.com\/SonoraEE\/\" \/>\n<meta property=\"article:author\" content=\"https:\/\/www.facebook.com\/SonoraEE\" \/>\n<meta property=\"article:published_time\" content=\"2026-04-27T18:32:41+00:00\" \/>\n<meta property=\"article:modified_time\" content=\"2026-04-28T03:38:36+00:00\" \/>\n<meta property=\"og:image\" content=\"https:\/\/www.sonoraenequipo.com.mx\/storage\/2026\/04\/detencion-del-metro9.-delincuente-del-cartel-del-golfo-1.jpg\" \/>\n\t<meta property=\"og:image:width\" content=\"1000\" \/>\n\t<meta property=\"og:image:height\" content=\"585\" \/>\n\t<meta property=\"og:image:type\" content=\"image\/jpeg\" \/>\n<meta name=\"author\" content=\"enequipo\" \/>\n<meta name=\"twitter:card\" content=\"summary_large_image\" \/>\n<meta name=\"twitter:creator\" content=\"@sonoraenequipo\" \/>\n<meta name=\"twitter:site\" content=\"@sonoraenequipo\" \/>\n<meta name=\"twitter:label1\" content=\"Escrito por\" \/>\n\t<meta name=\"twitter:data1\" content=\"enequipo\" \/>\n\t<meta name=\"twitter:label2\" content=\"Tiempo de lectura\" \/>\n\t<meta name=\"twitter:data2\" content=\"2 minutos\" \/>\n<script type=\"application\/ld+json\" class=\"yoast-schema-graph\">{\"@context\":\"https:\/\/schema.org\",\"@graph\":[{\"@type\":\"Article\",\"@id\":\"https:\/\/www.sonoraenequipo.com.mx\/confirman-detencion-en-reynosa-del-metro-9\/#article\",\"isPartOf\":{\"@id\":\"https:\/\/www.sonoraenequipo.com.mx\/confirman-detencion-en-reynosa-del-metro-9\/\"},\"author\":{\"name\":\"enequipo\",\"@id\":\"https:\/\/www.sonoraenequipo.com.mx\/#\/schema\/person\/50102df0fb23a8fa9e8effad8fa81386\"},\"headline\":\"Confirman detenci\u00f3n en Reynosa del \u2018Metro 9\u2019\",\"datePublished\":\"2026-04-27T18:32:41+00:00\",\"dateModified\":\"2026-04-28T03:38:36+00:00\",\"mainEntityOfPage\":{\"@id\":\"https:\/\/www.sonoraenequipo.com.mx\/confirman-detencion-en-reynosa-del-metro-9\/\"},\"wordCount\":480,\"commentCount\":0,\"publisher\":{\"@id\":\"https:\/\/www.sonoraenequipo.com.mx\/#organization\"},\"image\":{\"@id\":\"https:\/\/www.sonoraenequipo.com.mx\/confirman-detencion-en-reynosa-del-metro-9\/#primaryimage\"},\"thumbnailUrl\":\"https:\/\/www.sonoraenequipo.com.mx\/storage\/2026\/04\/detencion-del-metro9.-delincuente-del-cartel-del-golfo-1.jpg\",\"articleSection\":[\"Polic\u00edaca\",\"Rep\u00fablica\"],\"inLanguage\":\"es\",\"potentialAction\":[{\"@type\":\"CommentAction\",\"name\":\"Comment\",\"target\":[\"https:\/\/www.sonoraenequipo.com.mx\/confirman-detencion-en-reynosa-del-metro-9\/#respond\"]}]},{\"@type\":\"WebPage\",\"@id\":\"https:\/\/www.sonoraenequipo.com.mx\/confirman-detencion-en-reynosa-del-metro-9\/\",\"url\":\"https:\/\/www.sonoraenequipo.com.mx\/confirman-detencion-en-reynosa-del-metro-9\/\",\"name\":\"Sonora en Equipo. Confirman detenci\u00f3n en Reynosa del \u2018Metro 9\u2019 Rep\u00fablica\",\"isPartOf\":{\"@id\":\"https:\/\/www.sonoraenequipo.com.mx\/#website\"},\"primaryImageOfPage\":{\"@id\":\"https:\/\/www.sonoraenequipo.com.mx\/confirman-detencion-en-reynosa-del-metro-9\/#primaryimage\"},\"image\":{\"@id\":\"https:\/\/www.sonoraenequipo.com.mx\/confirman-detencion-en-reynosa-del-metro-9\/#primaryimage\"},\"thumbnailUrl\":\"https:\/\/www.sonoraenequipo.com.mx\/storage\/2026\/04\/detencion-del-metro9.-delincuente-del-cartel-del-golfo-1.jpg\",\"datePublished\":\"2026-04-27T18:32:41+00:00\",\"dateModified\":\"2026-04-28T03:38:36+00:00\",\"description\":\"NUEVO LAREDO, TAMAULIPAS. MX. \u2014 La Secretaria de Seguridad de Tamaulipas confirm\u00f3 este lunes la detenci\u00f3n de Alexander \u201cN\u201d, alias \u2018Metro 9\u2019, identificado En Sonora en Equipo publicamos toda la informaci\u00f3n de Sonora, M\u00e9xico y el Mundo de manera oportuna y busca que la libertad de expresi\u00f3n sea real. Visita nuestro medio informativo publicado desde Hermosillo, Sonora. %\",\"breadcrumb\":{\"@id\":\"https:\/\/www.sonoraenequipo.com.mx\/confirman-detencion-en-reynosa-del-metro-9\/#breadcrumb\"},\"inLanguage\":\"es\",\"potentialAction\":[{\"@type\":\"ReadAction\",\"target\":[\"https:\/\/www.sonoraenequipo.com.mx\/confirman-detencion-en-reynosa-del-metro-9\/\"]}]},{\"@type\":\"ImageObject\",\"inLanguage\":\"es\",\"@id\":\"https:\/\/www.sonoraenequipo.com.mx\/confirman-detencion-en-reynosa-del-metro-9\/#primaryimage\",\"url\":\"https:\/\/www.sonoraenequipo.com.mx\/storage\/2026\/04\/detencion-del-metro9.-delincuente-del-cartel-del-golfo-1.jpg\",\"contentUrl\":\"https:\/\/www.sonoraenequipo.com.mx\/storage\/2026\/04\/detencion-del-metro9.-delincuente-del-cartel-del-golfo-1.jpg\",\"width\":1000,\"height\":585},{\"@type\":\"BreadcrumbList\",\"@id\":\"https:\/\/www.sonoraenequipo.com.mx\/confirman-detencion-en-reynosa-del-metro-9\/#breadcrumb\",\"itemListElement\":[{\"@type\":\"ListItem\",\"position\":1,\"name\":\"Portada\",\"item\":\"https:\/\/www.sonoraenequipo.com.mx\/\"},{\"@type\":\"ListItem\",\"position\":2,\"name\":\"Confirman detenci\u00f3n en Reynosa del \u2018Metro 9\u2019\"}]},{\"@type\":\"WebSite\",\"@id\":\"https:\/\/www.sonoraenequipo.com.mx\/#website\",\"url\":\"https:\/\/www.sonoraenequipo.com.mx\/\",\"name\":\"Sonora en Equipo.\",\"description\":\"Diario en l\u00ednea con Noticias desde Hermosillo, Sonora\",\"publisher\":{\"@id\":\"https:\/\/www.sonoraenequipo.com.mx\/#organization\"},\"potentialAction\":[{\"@type\":\"SearchAction\",\"target\":{\"@type\":\"EntryPoint\",\"urlTemplate\":\"https:\/\/www.sonoraenequipo.com.mx\/?s={search_term_string}\"},\"query-input\":{\"@type\":\"PropertyValueSpecification\",\"valueRequired\":true,\"valueName\":\"search_term_string\"}}],\"inLanguage\":\"es\"},{\"@type\":\"Organization\",\"@id\":\"https:\/\/www.sonoraenequipo.com.mx\/#organization\",\"name\":\"Sonoraenequipo.com.mx\",\"url\":\"https:\/\/www.sonoraenequipo.com.mx\/\",\"logo\":{\"@type\":\"ImageObject\",\"inLanguage\":\"es\",\"@id\":\"https:\/\/www.sonoraenequipo.com.mx\/#\/schema\/logo\/image\/\",\"url\":\"https:\/\/www.sonoraenequipo.com.mx\/storage\/2019\/01\/sonoraenequipo_opt.png\",\"contentUrl\":\"https:\/\/www.sonoraenequipo.com.mx\/storage\/2019\/01\/sonoraenequipo_opt.png\",\"width\":375,\"height\":125,\"caption\":\"Sonoraenequipo.com.mx\"},\"image\":{\"@id\":\"https:\/\/www.sonoraenequipo.com.mx\/#\/schema\/logo\/image\/\"},\"sameAs\":[\"https:\/\/www.facebook.com\/SonoraEE\/\",\"https:\/\/x.com\/sonoraenequipo\",\"https:\/\/www.youtube.com\/channel\/UC338nW-lPEYmJQs4ZABQ1SQ\"]},{\"@type\":\"Person\",\"@id\":\"https:\/\/www.sonoraenequipo.com.mx\/#\/schema\/person\/50102df0fb23a8fa9e8effad8fa81386\",\"name\":\"enequipo\",\"image\":{\"@type\":\"ImageObject\",\"inLanguage\":\"es\",\"@id\":\"https:\/\/www.sonoraenequipo.com.mx\/#\/schema\/person\/image\/\",\"url\":\"https:\/\/secure.gravatar.com\/avatar\/049821681b589dabc0bc20695993ccebb09f5b5d4d790cd9251b97faac7c652b?s=96&d=blank&r=g\",\"contentUrl\":\"https:\/\/secure.gravatar.com\/avatar\/049821681b589dabc0bc20695993ccebb09f5b5d4d790cd9251b97faac7c652b?s=96&d=blank&r=g\",\"caption\":\"enequipo\"},\"sameAs\":[\"https:\/\/www.facebook.com\/SonoraEE\"]}]}<\/script>\n ","yoast_head_json":{"title":"Sonora en Equipo. Confirman detenci\u00f3n en Reynosa del \u2018Metro 9\u2019 Rep\u00fablica","description":"NUEVO LAREDO, TAMAULIPAS. MX. \u2014 La Secretaria de Seguridad de Tamaulipas confirm\u00f3 este lunes la detenci\u00f3n de Alexander \u201cN\u201d, alias \u2018Metro 9\u2019, identificado En Sonora en Equipo publicamos toda la informaci\u00f3n de Sonora, M\u00e9xico y el Mundo de manera oportuna y busca que la libertad de expresi\u00f3n sea real. Visita nuestro medio informativo publicado desde Hermosillo, Sonora. %","robots":{"index":"index","follow":"follow","max-snippet":"max-snippet:-1","max-image-preview":"max-image-preview:large","max-video-preview":"max-video-preview:-1"},"canonical":"https:\/\/www.sonoraenequipo.com.mx\/confirman-detencion-en-reynosa-del-metro-9\/","og_locale":"es_ES","og_type":"article","og_title":"Sonora en Equipo. Confirman detenci\u00f3n en Reynosa del \u2018Metro 9\u2019 Rep\u00fablica","og_description":"NUEVO LAREDO, TAMAULIPAS. MX. \u2014 La Secretaria de Seguridad de Tamaulipas confirm\u00f3 este lunes la detenci\u00f3n de Alexander \u201cN\u201d, alias \u2018Metro 9\u2019, identificado En Sonora en Equipo publicamos toda la informaci\u00f3n de Sonora, M\u00e9xico y el Mundo de manera oportuna y busca que la libertad de expresi\u00f3n sea real. Visita nuestro medio informativo publicado desde Hermosillo, Sonora. %","og_url":"https:\/\/www.sonoraenequipo.com.mx\/confirman-detencion-en-reynosa-del-metro-9\/","og_site_name":"Sonora en Equipo.","article_publisher":"https:\/\/www.facebook.com\/SonoraEE\/","article_author":"https:\/\/www.facebook.com\/SonoraEE","article_published_time":"2026-04-27T18:32:41+00:00","article_modified_time":"2026-04-28T03:38:36+00:00","og_image":[{"width":1000,"height":585,"url":"https:\/\/www.sonoraenequipo.com.mx\/storage\/2026\/04\/detencion-del-metro9.-delincuente-del-cartel-del-golfo-1.jpg","type":"image\/jpeg"}],"author":"enequipo","twitter_card":"summary_large_image","twitter_creator":"@sonoraenequipo","twitter_site":"@sonoraenequipo","twitter_misc":{"Escrito por":"enequipo","Tiempo de lectura":"2 minutos"},"schema":{"@context":"https:\/\/schema.org","@graph":[{"@type":"Article","@id":"https:\/\/www.sonoraenequipo.com.mx\/confirman-detencion-en-reynosa-del-metro-9\/#article","isPartOf":{"@id":"https:\/\/www.sonoraenequipo.com.mx\/confirman-detencion-en-reynosa-del-metro-9\/"},"author":{"name":"enequipo","@id":"https:\/\/www.sonoraenequipo.com.mx\/#\/schema\/person\/50102df0fb23a8fa9e8effad8fa81386"},"headline":"Confirman detenci\u00f3n en Reynosa del \u2018Metro 9\u2019","datePublished":"2026-04-27T18:32:41+00:00","dateModified":"2026-04-28T03:38:36+00:00","mainEntityOfPage":{"@id":"https:\/\/www.sonoraenequipo.com.mx\/confirman-detencion-en-reynosa-del-metro-9\/"},"wordCount":480,"commentCount":0,"publisher":{"@id":"https:\/\/www.sonoraenequipo.com.mx\/#organization"},"image":{"@id":"https:\/\/www.sonoraenequipo.com.mx\/confirman-detencion-en-reynosa-del-metro-9\/#primaryimage"},"thumbnailUrl":"https:\/\/www.sonoraenequipo.com.mx\/storage\/2026\/04\/detencion-del-metro9.-delincuente-del-cartel-del-golfo-1.jpg","articleSection":["Polic\u00edaca","Rep\u00fablica"],"inLanguage":"es","potentialAction":[{"@type":"CommentAction","name":"Comment","target":["https:\/\/www.sonoraenequipo.com.mx\/confirman-detencion-en-reynosa-del-metro-9\/#respond"]}]},{"@type":"WebPage","@id":"https:\/\/www.sonoraenequipo.com.mx\/confirman-detencion-en-reynosa-del-metro-9\/","url":"https:\/\/www.sonoraenequipo.com.mx\/confirman-detencion-en-reynosa-del-metro-9\/","name":"Sonora en Equipo. Confirman detenci\u00f3n en Reynosa del \u2018Metro 9\u2019 Rep\u00fablica","isPartOf":{"@id":"https:\/\/www.sonoraenequipo.com.mx\/#website"},"primaryImageOfPage":{"@id":"https:\/\/www.sonoraenequipo.com.mx\/confirman-detencion-en-reynosa-del-metro-9\/#primaryimage"},"image":{"@id":"https:\/\/www.sonoraenequipo.com.mx\/confirman-detencion-en-reynosa-del-metro-9\/#primaryimage"},"thumbnailUrl":"https:\/\/www.sonoraenequipo.com.mx\/storage\/2026\/04\/detencion-del-metro9.-delincuente-del-cartel-del-golfo-1.jpg","datePublished":"2026-04-27T18:32:41+00:00","dateModified":"2026-04-28T03:38:36+00:00","description":"NUEVO LAREDO, TAMAULIPAS. MX. \u2014 La Secretaria de Seguridad de Tamaulipas confirm\u00f3 este lunes la detenci\u00f3n de Alexander \u201cN\u201d, alias \u2018Metro 9\u2019, identificado En Sonora en Equipo publicamos toda la informaci\u00f3n de Sonora, M\u00e9xico y el Mundo de manera oportuna y busca que la libertad de expresi\u00f3n sea real. Visita nuestro medio informativo publicado desde Hermosillo, Sonora. %","breadcrumb":{"@id":"https:\/\/www.sonoraenequipo.com.mx\/confirman-detencion-en-reynosa-del-metro-9\/#breadcrumb"},"inLanguage":"es","potentialAction":[{"@type":"ReadAction","target":["https:\/\/www.sonoraenequipo.com.mx\/confirman-detencion-en-reynosa-del-metro-9\/"]}]},{"@type":"ImageObject","inLanguage":"es","@id":"https:\/\/www.sonoraenequipo.com.mx\/confirman-detencion-en-reynosa-del-metro-9\/#primaryimage","url":"https:\/\/www.sonoraenequipo.com.mx\/storage\/2026\/04\/detencion-del-metro9.-delincuente-del-cartel-del-golfo-1.jpg","contentUrl":"https:\/\/www.sonoraenequipo.com.mx\/storage\/2026\/04\/detencion-del-metro9.-delincuente-del-cartel-del-golfo-1.jpg","width":1000,"height":585},{"@type":"BreadcrumbList","@id":"https:\/\/www.sonoraenequipo.com.mx\/confirman-detencion-en-reynosa-del-metro-9\/#breadcrumb","itemListElement":[{"@type":"ListItem","position":1,"name":"Portada","item":"https:\/\/www.sonoraenequipo.com.mx\/"},{"@type":"ListItem","position":2,"name":"Confirman detenci\u00f3n en Reynosa del \u2018Metro 9\u2019"}]},{"@type":"WebSite","@id":"https:\/\/www.sonoraenequipo.com.mx\/#website","url":"https:\/\/www.sonoraenequipo.com.mx\/","name":"Sonora en Equipo.","description":"Diario en l\u00ednea con Noticias desde Hermosillo, Sonora","publisher":{"@id":"https:\/\/www.sonoraenequipo.com.mx\/#organization"},"potentialAction":[{"@type":"SearchAction","target":{"@type":"EntryPoint","urlTemplate":"https:\/\/www.sonoraenequipo.com.mx\/?s={search_term_string}"},"query-input":{"@type":"PropertyValueSpecification","valueRequired":true,"valueName":"search_term_string"}}],"inLanguage":"es"},{"@type":"Organization","@id":"https:\/\/www.sonoraenequipo.com.mx\/#organization","name":"Sonoraenequipo.com.mx","url":"https:\/\/www.sonoraenequipo.com.mx\/","logo":{"@type":"ImageObject","inLanguage":"es","@id":"https:\/\/www.sonoraenequipo.com.mx\/#\/schema\/logo\/image\/","url":"https:\/\/www.sonoraenequipo.com.mx\/storage\/2019\/01\/sonoraenequipo_opt.png","contentUrl":"https:\/\/www.sonoraenequipo.com.mx\/storage\/2019\/01\/sonoraenequipo_opt.png","width":375,"height":125,"caption":"Sonoraenequipo.com.mx"},"image":{"@id":"https:\/\/www.sonoraenequipo.com.mx\/#\/schema\/logo\/image\/"},"sameAs":["https:\/\/www.facebook.com\/SonoraEE\/","https:\/\/x.com\/sonoraenequipo","https:\/\/www.youtube.com\/channel\/UC338nW-lPEYmJQs4ZABQ1SQ"]},{"@type":"Person","@id":"https:\/\/www.sonoraenequipo.com.mx\/#\/schema\/person\/50102df0fb23a8fa9e8effad8fa81386","name":"enequipo","image":{"@type":"ImageObject","inLanguage":"es","@id":"https:\/\/www.sonoraenequipo.com.mx\/#\/schema\/person\/image\/","url":"https:\/\/secure.gravatar.com\/avatar\/049821681b589dabc0bc20695993ccebb09f5b5d4d790cd9251b97faac7c652b?s=96&d=blank&r=g","contentUrl":"https:\/\/secure.gravatar.com\/avatar\/049821681b589dabc0bc20695993ccebb09f5b5d4d790cd9251b97faac7c652b?s=96&d=blank&r=g","caption":"enequipo"},"sameAs":["https:\/\/www.facebook.com\/SonoraEE"]}]}},"jetpack_featured_media_url":"https:\/\/www.sonoraenequipo.com.mx\/storage\/2026\/04\/detencion-del-metro9.-delincuente-del-cartel-del-golfo-1.jpg","_links":{"self":[{"href":"https:\/\/www.sonoraenequipo.com.mx\/api\/wp\/v2\/posts\/240698","targetHints":{"allow":["GET"]}}],"collection":[{"href":"https:\/\/www.sonoraenequipo.com.mx\/api\/wp\/v2\/posts"}],"about":[{"href":"https:\/\/www.sonoraenequipo.com.mx\/api\/wp\/v2\/types\/post"}],"author":[{"embeddable":true,"href":"https:\/\/www.sonoraenequipo.com.mx\/api\/wp\/v2\/users\/1"}],"replies":[{"embeddable":true,"href":"https:\/\/www.sonoraenequipo.com.mx\/api\/wp\/v2\/comments?post=240698"}],"version-history":[{"count":1,"href":"https:\/\/www.sonoraenequipo.com.mx\/api\/wp\/v2\/posts\/240698\/revisions"}],"predecessor-version":[{"id":240700,"href":"https:\/\/www.sonoraenequipo.com.mx\/api\/wp\/v2\/posts\/240698\/revisions\/240700"}],"wp:featuredmedia":[{"embeddable":true,"href":"https:\/\/www.sonoraenequipo.com.mx\/api\/wp\/v2\/media\/240699"}],"wp:attachment":[{"href":"https:\/\/www.sonoraenequipo.com.mx\/api\/wp\/v2\/media?parent=240698"}],"wp:term":[{"taxonomy":"category","embeddable":true,"href":"https:\/\/www.sonoraenequipo.com.mx\/api\/wp\/v2\/categories?post=240698"},{"taxonomy":"post_tag","embeddable":true,"href":"https:\/\/www.sonoraenequipo.com.mx\/api\/wp\/v2\/tags?post=240698"}],"curies":[{"name":"wp","href":"https:\/\/api.w.org\/{rel}","templated":true}]}}