{"id":240705,"date":"2026-04-27T07:46:56","date_gmt":"2026-04-27T14:46:56","guid":{"rendered":"https:\/\/www.sonoraenequipo.com.mx\/?p=240705"},"modified":"2026-04-28T07:40:38","modified_gmt":"2026-04-28T14:40:38","slug":"el-xvi-congreso-de-entrenadores-2026-fortalece-las-bases-del-judo-mexicano","status":"publish","type":"post","link":"https:\/\/www.sonoraenequipo.com.mx\/el-xvi-congreso-de-entrenadores-2026-fortalece-las-bases-del-judo-mexicano\/","title":{"rendered":"El XVI Congreso de Entrenadores 2026 fortalece las bases del Judo mexicano"},"content":{"rendered":"<p><strong>CIUDAD DE M\u00c9XICO. MX. \u2014<\/strong> En un esfuerzo continuo por profesionalizar la ense\u00f1anza y potenciar el alto rendimiento en el pa\u00eds, la Federaci\u00f3n Mexicana de Judo (FEMEXJUDO) llev\u00f3 a cabo con \u00e9xito el XVI Congreso de Entrenadores 2026.<\/p>\n<p>&nbsp;<\/p>\n<p>&nbsp;<\/p>\n<p> <\/p>\n<p>El evento, realizado del 23 al 26 de abril en las instalaciones del Comit\u00e9 Ol\u00edmpico Mexicano, reuni\u00f3 a cerca de 150 instructores comprometidos con la evoluci\u00f3n de esta disciplina y la formaci\u00f3n de atletas de excelencia.<\/p>\n<p>&nbsp;<\/p>\n<p>&nbsp;<\/p>\n<p>La convocatoria atrajo a delegaciones de la mayor parte de la Rep\u00fablica Mexicana, entre ellos los representantes de Tamaulipas, Estado de M\u00e9xico, Nuevo Le\u00f3n, Tlaxcala, Hidalgo, Quer\u00e9taro, Veracruz, Quintana Roo, Guanajuato y Jalisco.<\/p>\n<p>&nbsp;<\/p>\n<p>&nbsp;<\/p>\n<p>De igual manera, instituciones como el IPN y la UNAM se sumaron a este encuentro, donde la delegaci\u00f3n de la Asociaci\u00f3n Judokas de la Ciudad de M\u00e9xico (Judo CDMX) sobresali\u00f3 como la m\u00e1s numerosa con 22 entrenadores.<\/p>\n<p>&nbsp;<\/p>\n<p>&nbsp;<\/p>\n<p>Asimismo, el tatami cont\u00f3 con la presencia estelar de figuras de la Selecci\u00f3n Nacional, encabezadas por la medallista ol\u00edmpica de Par\u00eds 2024, Prisca Awiti Alcaraz, y expertos cubanos de renombre mundial como Jos\u00e9 Alexis Armenteros, Dayma Beltr\u00e1n, Marta Dom\u00ednguez y Belarmino Salgado.<\/p>\n<p>&nbsp;<\/p>\n<p>&nbsp;<\/p>\n<h3>Maestr\u00eda internacional y visi\u00f3n multidisciplinaria<\/h3>\n<p>&nbsp;<\/p>\n<p>Durante las cuatro jornadas, se impartieron c\u00e1tedras te\u00f3ricas de alto nivel a cargo de especialistas internacionales. El maestro espa\u00f1ol H\u00e9ctor Nacimiento Lorenzo, campe\u00f3n mundial y experto de la Federaci\u00f3n Internacional de Judo (IJF), lider\u00f3 temas de planificaci\u00f3n y preparaci\u00f3n de \u00e9lite.<\/p>\n<p>&nbsp;<\/p>\n<p>&nbsp;<\/p>\n<p>El programa acad\u00e9mico abarc\u00f3 aspectos te\u00f3ricos y pr\u00e1cticos fundamentales para el desarrollo del judo moderno. Las ponencias estuvieron a cargo del maestro espa\u00f1ol H\u00e9ctor Nacimiento Lorenzo, experto de la Federaci\u00f3n Internacional de Judo (IJF); la medallista paral\u00edmpica Lenia Ruvalcaba, actualmente en la CONADE; el profesor Eduardo Rodr\u00edguez, comisionado del deporte escolar, y Alan Vigueras.<\/p>\n<p>&nbsp;<\/p>\n<p>&nbsp;<\/p>\n<p>Entre los temas abordados destacaron: Planeaci\u00f3n de entrenamientos y preparaci\u00f3n de alto rendimiento, atenci\u00f3n al deporte adaptado y deporte escolar, psicolog\u00eda deportiva y gesti\u00f3n de riesgos en el dojo, Planificaci\u00f3n de temporada.<\/p>\n<p>&nbsp;<\/p>\n<p>&nbsp;<\/p>\n<p>Asimismo, se tuvo la parte pr\u00e1ctica sobre el tatami, donde las diferentes delegaciones nacionales pusieron en pr\u00e1ctica lo visto y analizado en el aula. Para ello, se realizaron determinados ejercicios y movimientos, tanto de manera individual como en pareja, adem\u00e1s de pr\u00e1cticas libres o randoris, para aplicar la teor\u00eda sobre el tatami.<\/p>\n<p>&nbsp;<\/p>\n<p>&nbsp;<\/p>\n<h3>Voces del gremio: Evoluci\u00f3n constante<\/h3>\n<p>&nbsp;<\/p>\n<p>La experiencia result\u00f3 sumamente enriquecedora para los asistentes. Los profesores Mois\u00e9s Herber (Guanajuato) y Julio C\u00e9sar (Jalisco) coincidieron en que este congreso fue una oportunidad vital para recordar que \u201cuno siempre es alumno y se debe seguir aprendiendo\u201d, sin importar el grado. Por su parte, los entrenadores del IPN, Guillermo Uribe y Jaime Barrera, resaltaron el alto nivel de los temas expuestos por ponentes con trayectoria ol\u00edmpica.<\/p>\n<p>&nbsp;<\/p>\n<p>Asimismo, Nabor Castillo (Hidalgo), Ana Luc\u00eda Toy (Tampico) y la propia Prisca Awiti destacaron que este tipo de eventos son pilares para alcanzar el alto rendimiento bajo la gu\u00eda de expertos internacionales.<\/p>\n<p>&nbsp;<\/p>\n<p>&nbsp;<\/p>\n<p>Finalmente, la presidenta de la FEMEXJUDO, Lilli\u00e1n Estrada Bautista, celebr\u00f3 la voluntad de capacitaci\u00f3n de los 150 entrenadores, subrayando que esta actualizaci\u00f3n impactar\u00e1 directamente en el crecimiento t\u00e9cnico de los judokas en todo M\u00e9xico.<\/p>\n<p>&nbsp;<\/p>\n<p>&nbsp;<\/p>\n<p>PUBLICADO EL 28 DE ABRIL 2026 Con informaci\u00f3n de Roberto Balderas | Sendero Artes Marciales.Arte y dise\u00f1o visuales)<\/p>\n","protected":false},"excerpt":{"rendered":"<p>CIUDAD DE M\u00c9XICO. MX. \u2014 En un esfuerzo continuo por profesionalizar la ense\u00f1anza y potenciar&#8230;<\/p>\n","protected":false},"author":1,"featured_media":240708,"comment_status":"open","ping_status":"open","sticky":false,"template":"","format":"standard","meta":{"_monsterinsights_skip_tracking":false,"_monsterinsights_sitenote_active":false,"_monsterinsights_sitenote_note":"","_monsterinsights_sitenote_category":0,"footnotes":""},"categories":[10],"tags":[12643,12644,12645,12646],"class_list":["post"],"yoast_head":" \n<title>Sonora en Equipo. El XVI Congreso de Entrenadores 2026 fortalece las bases del Judo mexicano Deportes<\/title>\n<meta name=\"description\" content=\"CIUDAD DE M\u00c9XICO. MX. \u2014 En un esfuerzo continuo por profesionalizar la ense\u00f1anza y potenciar el alto rendimiento en el pa\u00eds, la Federaci\u00f3n Mexicana de En Sonora en Equipo publicamos toda la informaci\u00f3n de Sonora, M\u00e9xico y el Mundo de manera oportuna y busca que la libertad de expresi\u00f3n sea real. Visita nuestro medio informativo publicado desde Hermosillo, Sonora. %\" \/>\n<meta name=\"robots\" content=\"index, follow, max-snippet:-1, max-image-preview:large, max-video-preview:-1\" \/>\n<link rel=\"canonical\" href=\"https:\/\/www.sonoraenequipo.com.mx\/el-xvi-congreso-de-entrenadores-2026-fortalece-las-bases-del-judo-mexicano\/\" \/>\n<meta property=\"og:locale\" content=\"es_ES\" \/>\n<meta property=\"og:type\" content=\"article\" \/>\n<meta property=\"og:title\" content=\"Sonora en Equipo. El XVI Congreso de Entrenadores 2026 fortalece las bases del Judo mexicano Deportes\" \/>\n<meta property=\"og:description\" content=\"CIUDAD DE M\u00c9XICO. MX. \u2014 En un esfuerzo continuo por profesionalizar la ense\u00f1anza y potenciar el alto rendimiento en el pa\u00eds, la Federaci\u00f3n Mexicana de En Sonora en Equipo publicamos toda la informaci\u00f3n de Sonora, M\u00e9xico y el Mundo de manera oportuna y busca que la libertad de expresi\u00f3n sea real. Visita nuestro medio informativo publicado desde Hermosillo, Sonora. %\" \/>\n<meta property=\"og:url\" content=\"https:\/\/www.sonoraenequipo.com.mx\/el-xvi-congreso-de-entrenadores-2026-fortalece-las-bases-del-judo-mexicano\/\" \/>\n<meta property=\"og:site_name\" content=\"Sonora en Equipo.\" \/>\n<meta property=\"article:publisher\" content=\"https:\/\/www.facebook.com\/SonoraEE\/\" \/>\n<meta property=\"article:author\" content=\"https:\/\/www.facebook.com\/SonoraEE\" \/>\n<meta property=\"article:published_time\" content=\"2026-04-27T14:46:56+00:00\" \/>\n<meta property=\"article:modified_time\" content=\"2026-04-28T14:40:38+00:00\" \/>\n<meta property=\"og:image\" content=\"https:\/\/www.sonoraenequipo.com.mx\/storage\/2026\/04\/El-XVI-Congreso-de-Entrenadores-2026-fortalece-las-bases-del-Judo-mexicano-1.jpg\" \/>\n\t<meta property=\"og:image:width\" content=\"1000\" \/>\n\t<meta property=\"og:image:height\" content=\"666\" \/>\n\t<meta property=\"og:image:type\" content=\"image\/jpeg\" \/>\n<meta name=\"author\" content=\"enequipo\" \/>\n<meta name=\"twitter:card\" content=\"summary_large_image\" \/>\n<meta name=\"twitter:creator\" content=\"@sonoraenequipo\" \/>\n<meta name=\"twitter:site\" content=\"@sonoraenequipo\" \/>\n<meta name=\"twitter:label1\" content=\"Escrito por\" \/>\n\t<meta name=\"twitter:data1\" content=\"enequipo\" \/>\n\t<meta name=\"twitter:label2\" content=\"Tiempo de lectura\" \/>\n\t<meta name=\"twitter:data2\" content=\"3 minutos\" \/>\n<script type=\"application\/ld+json\" class=\"yoast-schema-graph\">{\"@context\":\"https:\/\/schema.org\",\"@graph\":[{\"@type\":\"Article\",\"@id\":\"https:\/\/www.sonoraenequipo.com.mx\/el-xvi-congreso-de-entrenadores-2026-fortalece-las-bases-del-judo-mexicano\/#article\",\"isPartOf\":{\"@id\":\"https:\/\/www.sonoraenequipo.com.mx\/el-xvi-congreso-de-entrenadores-2026-fortalece-las-bases-del-judo-mexicano\/\"},\"author\":{\"name\":\"enequipo\",\"@id\":\"https:\/\/www.sonoraenequipo.com.mx\/#\/schema\/person\/50102df0fb23a8fa9e8effad8fa81386\"},\"headline\":\"El XVI Congreso de Entrenadores 2026 fortalece las bases del Judo mexicano\",\"datePublished\":\"2026-04-27T14:46:56+00:00\",\"dateModified\":\"2026-04-28T14:40:38+00:00\",\"mainEntityOfPage\":{\"@id\":\"https:\/\/www.sonoraenequipo.com.mx\/el-xvi-congreso-de-entrenadores-2026-fortalece-las-bases-del-judo-mexicano\/\"},\"wordCount\":614,\"commentCount\":0,\"publisher\":{\"@id\":\"https:\/\/www.sonoraenequipo.com.mx\/#organization\"},\"image\":{\"@id\":\"https:\/\/www.sonoraenequipo.com.mx\/el-xvi-congreso-de-entrenadores-2026-fortalece-las-bases-del-judo-mexicano\/#primaryimage\"},\"thumbnailUrl\":\"https:\/\/www.sonoraenequipo.com.mx\/storage\/2026\/04\/El-XVI-Congreso-de-Entrenadores-2026-fortalece-las-bases-del-Judo-mexicano-1.jpg\",\"keywords\":[\"Artes Marciales\",\"Asociaci\u00f3n Judokas de la Ciudad de M\u00e9xico\",\"Comit\u00e9 Ol\u00edmpico Mexicano\",\"Entrenamiento de Alto Rendimiento.\"],\"articleSection\":[\"Deportes\"],\"inLanguage\":\"es\",\"potentialAction\":[{\"@type\":\"CommentAction\",\"name\":\"Comment\",\"target\":[\"https:\/\/www.sonoraenequipo.com.mx\/el-xvi-congreso-de-entrenadores-2026-fortalece-las-bases-del-judo-mexicano\/#respond\"]}]},{\"@type\":\"WebPage\",\"@id\":\"https:\/\/www.sonoraenequipo.com.mx\/el-xvi-congreso-de-entrenadores-2026-fortalece-las-bases-del-judo-mexicano\/\",\"url\":\"https:\/\/www.sonoraenequipo.com.mx\/el-xvi-congreso-de-entrenadores-2026-fortalece-las-bases-del-judo-mexicano\/\",\"name\":\"Sonora en Equipo. El XVI Congreso de Entrenadores 2026 fortalece las bases del Judo mexicano Deportes\",\"isPartOf\":{\"@id\":\"https:\/\/www.sonoraenequipo.com.mx\/#website\"},\"primaryImageOfPage\":{\"@id\":\"https:\/\/www.sonoraenequipo.com.mx\/el-xvi-congreso-de-entrenadores-2026-fortalece-las-bases-del-judo-mexicano\/#primaryimage\"},\"image\":{\"@id\":\"https:\/\/www.sonoraenequipo.com.mx\/el-xvi-congreso-de-entrenadores-2026-fortalece-las-bases-del-judo-mexicano\/#primaryimage\"},\"thumbnailUrl\":\"https:\/\/www.sonoraenequipo.com.mx\/storage\/2026\/04\/El-XVI-Congreso-de-Entrenadores-2026-fortalece-las-bases-del-Judo-mexicano-1.jpg\",\"datePublished\":\"2026-04-27T14:46:56+00:00\",\"dateModified\":\"2026-04-28T14:40:38+00:00\",\"description\":\"CIUDAD DE M\u00c9XICO. MX. \u2014 En un esfuerzo continuo por profesionalizar la ense\u00f1anza y potenciar el alto rendimiento en el pa\u00eds, la Federaci\u00f3n Mexicana de En Sonora en Equipo publicamos toda la informaci\u00f3n de Sonora, M\u00e9xico y el Mundo de manera oportuna y busca que la libertad de expresi\u00f3n sea real. Visita nuestro medio informativo publicado desde Hermosillo, Sonora. %\",\"breadcrumb\":{\"@id\":\"https:\/\/www.sonoraenequipo.com.mx\/el-xvi-congreso-de-entrenadores-2026-fortalece-las-bases-del-judo-mexicano\/#breadcrumb\"},\"inLanguage\":\"es\",\"potentialAction\":[{\"@type\":\"ReadAction\",\"target\":[\"https:\/\/www.sonoraenequipo.com.mx\/el-xvi-congreso-de-entrenadores-2026-fortalece-las-bases-del-judo-mexicano\/\"]}]},{\"@type\":\"ImageObject\",\"inLanguage\":\"es\",\"@id\":\"https:\/\/www.sonoraenequipo.com.mx\/el-xvi-congreso-de-entrenadores-2026-fortalece-las-bases-del-judo-mexicano\/#primaryimage\",\"url\":\"https:\/\/www.sonoraenequipo.com.mx\/storage\/2026\/04\/El-XVI-Congreso-de-Entrenadores-2026-fortalece-las-bases-del-Judo-mexicano-1.jpg\",\"contentUrl\":\"https:\/\/www.sonoraenequipo.com.mx\/storage\/2026\/04\/El-XVI-Congreso-de-Entrenadores-2026-fortalece-las-bases-del-Judo-mexicano-1.jpg\",\"width\":1000,\"height\":666},{\"@type\":\"BreadcrumbList\",\"@id\":\"https:\/\/www.sonoraenequipo.com.mx\/el-xvi-congreso-de-entrenadores-2026-fortalece-las-bases-del-judo-mexicano\/#breadcrumb\",\"itemListElement\":[{\"@type\":\"ListItem\",\"position\":1,\"name\":\"Portada\",\"item\":\"https:\/\/www.sonoraenequipo.com.mx\/\"},{\"@type\":\"ListItem\",\"position\":2,\"name\":\"El XVI Congreso de Entrenadores 2026 fortalece las bases del Judo mexicano\"}]},{\"@type\":\"WebSite\",\"@id\":\"https:\/\/www.sonoraenequipo.com.mx\/#website\",\"url\":\"https:\/\/www.sonoraenequipo.com.mx\/\",\"name\":\"Sonora en Equipo.\",\"description\":\"Diario en l\u00ednea con Noticias desde Hermosillo, Sonora\",\"publisher\":{\"@id\":\"https:\/\/www.sonoraenequipo.com.mx\/#organization\"},\"potentialAction\":[{\"@type\":\"SearchAction\",\"target\":{\"@type\":\"EntryPoint\",\"urlTemplate\":\"https:\/\/www.sonoraenequipo.com.mx\/?s={search_term_string}\"},\"query-input\":{\"@type\":\"PropertyValueSpecification\",\"valueRequired\":true,\"valueName\":\"search_term_string\"}}],\"inLanguage\":\"es\"},{\"@type\":\"Organization\",\"@id\":\"https:\/\/www.sonoraenequipo.com.mx\/#organization\",\"name\":\"Sonoraenequipo.com.mx\",\"url\":\"https:\/\/www.sonoraenequipo.com.mx\/\",\"logo\":{\"@type\":\"ImageObject\",\"inLanguage\":\"es\",\"@id\":\"https:\/\/www.sonoraenequipo.com.mx\/#\/schema\/logo\/image\/\",\"url\":\"https:\/\/www.sonoraenequipo.com.mx\/storage\/2019\/01\/sonoraenequipo_opt.png\",\"contentUrl\":\"https:\/\/www.sonoraenequipo.com.mx\/storage\/2019\/01\/sonoraenequipo_opt.png\",\"width\":375,\"height\":125,\"caption\":\"Sonoraenequipo.com.mx\"},\"image\":{\"@id\":\"https:\/\/www.sonoraenequipo.com.mx\/#\/schema\/logo\/image\/\"},\"sameAs\":[\"https:\/\/www.facebook.com\/SonoraEE\/\",\"https:\/\/x.com\/sonoraenequipo\",\"https:\/\/www.youtube.com\/channel\/UC338nW-lPEYmJQs4ZABQ1SQ\"]},{\"@type\":\"Person\",\"@id\":\"https:\/\/www.sonoraenequipo.com.mx\/#\/schema\/person\/50102df0fb23a8fa9e8effad8fa81386\",\"name\":\"enequipo\",\"image\":{\"@type\":\"ImageObject\",\"inLanguage\":\"es\",\"@id\":\"https:\/\/www.sonoraenequipo.com.mx\/#\/schema\/person\/image\/\",\"url\":\"https:\/\/secure.gravatar.com\/avatar\/049821681b589dabc0bc20695993ccebb09f5b5d4d790cd9251b97faac7c652b?s=96&d=blank&r=g\",\"contentUrl\":\"https:\/\/secure.gravatar.com\/avatar\/049821681b589dabc0bc20695993ccebb09f5b5d4d790cd9251b97faac7c652b?s=96&d=blank&r=g\",\"caption\":\"enequipo\"},\"sameAs\":[\"https:\/\/www.facebook.com\/SonoraEE\"]}]}<\/script>\n ","yoast_head_json":{"title":"Sonora en Equipo. El XVI Congreso de Entrenadores 2026 fortalece las bases del Judo mexicano Deportes","description":"CIUDAD DE M\u00c9XICO. MX. \u2014 En un esfuerzo continuo por profesionalizar la ense\u00f1anza y potenciar el alto rendimiento en el pa\u00eds, la Federaci\u00f3n Mexicana de En Sonora en Equipo publicamos toda la informaci\u00f3n de Sonora, M\u00e9xico y el Mundo de manera oportuna y busca que la libertad de expresi\u00f3n sea real. Visita nuestro medio informativo publicado desde Hermosillo, Sonora. %","robots":{"index":"index","follow":"follow","max-snippet":"max-snippet:-1","max-image-preview":"max-image-preview:large","max-video-preview":"max-video-preview:-1"},"canonical":"https:\/\/www.sonoraenequipo.com.mx\/el-xvi-congreso-de-entrenadores-2026-fortalece-las-bases-del-judo-mexicano\/","og_locale":"es_ES","og_type":"article","og_title":"Sonora en Equipo. El XVI Congreso de Entrenadores 2026 fortalece las bases del Judo mexicano Deportes","og_description":"CIUDAD DE M\u00c9XICO. MX. \u2014 En un esfuerzo continuo por profesionalizar la ense\u00f1anza y potenciar el alto rendimiento en el pa\u00eds, la Federaci\u00f3n Mexicana de En Sonora en Equipo publicamos toda la informaci\u00f3n de Sonora, M\u00e9xico y el Mundo de manera oportuna y busca que la libertad de expresi\u00f3n sea real. Visita nuestro medio informativo publicado desde Hermosillo, Sonora. %","og_url":"https:\/\/www.sonoraenequipo.com.mx\/el-xvi-congreso-de-entrenadores-2026-fortalece-las-bases-del-judo-mexicano\/","og_site_name":"Sonora en Equipo.","article_publisher":"https:\/\/www.facebook.com\/SonoraEE\/","article_author":"https:\/\/www.facebook.com\/SonoraEE","article_published_time":"2026-04-27T14:46:56+00:00","article_modified_time":"2026-04-28T14:40:38+00:00","og_image":[{"width":1000,"height":666,"url":"https:\/\/www.sonoraenequipo.com.mx\/storage\/2026\/04\/El-XVI-Congreso-de-Entrenadores-2026-fortalece-las-bases-del-Judo-mexicano-1.jpg","type":"image\/jpeg"}],"author":"enequipo","twitter_card":"summary_large_image","twitter_creator":"@sonoraenequipo","twitter_site":"@sonoraenequipo","twitter_misc":{"Escrito por":"enequipo","Tiempo de lectura":"3 minutos"},"schema":{"@context":"https:\/\/schema.org","@graph":[{"@type":"Article","@id":"https:\/\/www.sonoraenequipo.com.mx\/el-xvi-congreso-de-entrenadores-2026-fortalece-las-bases-del-judo-mexicano\/#article","isPartOf":{"@id":"https:\/\/www.sonoraenequipo.com.mx\/el-xvi-congreso-de-entrenadores-2026-fortalece-las-bases-del-judo-mexicano\/"},"author":{"name":"enequipo","@id":"https:\/\/www.sonoraenequipo.com.mx\/#\/schema\/person\/50102df0fb23a8fa9e8effad8fa81386"},"headline":"El XVI Congreso de Entrenadores 2026 fortalece las bases del Judo mexicano","datePublished":"2026-04-27T14:46:56+00:00","dateModified":"2026-04-28T14:40:38+00:00","mainEntityOfPage":{"@id":"https:\/\/www.sonoraenequipo.com.mx\/el-xvi-congreso-de-entrenadores-2026-fortalece-las-bases-del-judo-mexicano\/"},"wordCount":614,"commentCount":0,"publisher":{"@id":"https:\/\/www.sonoraenequipo.com.mx\/#organization"},"image":{"@id":"https:\/\/www.sonoraenequipo.com.mx\/el-xvi-congreso-de-entrenadores-2026-fortalece-las-bases-del-judo-mexicano\/#primaryimage"},"thumbnailUrl":"https:\/\/www.sonoraenequipo.com.mx\/storage\/2026\/04\/El-XVI-Congreso-de-Entrenadores-2026-fortalece-las-bases-del-Judo-mexicano-1.jpg","keywords":["Artes Marciales","Asociaci\u00f3n Judokas de la Ciudad de M\u00e9xico","Comit\u00e9 Ol\u00edmpico Mexicano","Entrenamiento de Alto Rendimiento."],"articleSection":["Deportes"],"inLanguage":"es","potentialAction":[{"@type":"CommentAction","name":"Comment","target":["https:\/\/www.sonoraenequipo.com.mx\/el-xvi-congreso-de-entrenadores-2026-fortalece-las-bases-del-judo-mexicano\/#respond"]}]},{"@type":"WebPage","@id":"https:\/\/www.sonoraenequipo.com.mx\/el-xvi-congreso-de-entrenadores-2026-fortalece-las-bases-del-judo-mexicano\/","url":"https:\/\/www.sonoraenequipo.com.mx\/el-xvi-congreso-de-entrenadores-2026-fortalece-las-bases-del-judo-mexicano\/","name":"Sonora en Equipo. El XVI Congreso de Entrenadores 2026 fortalece las bases del Judo mexicano Deportes","isPartOf":{"@id":"https:\/\/www.sonoraenequipo.com.mx\/#website"},"primaryImageOfPage":{"@id":"https:\/\/www.sonoraenequipo.com.mx\/el-xvi-congreso-de-entrenadores-2026-fortalece-las-bases-del-judo-mexicano\/#primaryimage"},"image":{"@id":"https:\/\/www.sonoraenequipo.com.mx\/el-xvi-congreso-de-entrenadores-2026-fortalece-las-bases-del-judo-mexicano\/#primaryimage"},"thumbnailUrl":"https:\/\/www.sonoraenequipo.com.mx\/storage\/2026\/04\/El-XVI-Congreso-de-Entrenadores-2026-fortalece-las-bases-del-Judo-mexicano-1.jpg","datePublished":"2026-04-27T14:46:56+00:00","dateModified":"2026-04-28T14:40:38+00:00","description":"CIUDAD DE M\u00c9XICO. MX. \u2014 En un esfuerzo continuo por profesionalizar la ense\u00f1anza y potenciar el alto rendimiento en el pa\u00eds, la Federaci\u00f3n Mexicana de En Sonora en Equipo publicamos toda la informaci\u00f3n de Sonora, M\u00e9xico y el Mundo de manera oportuna y busca que la libertad de expresi\u00f3n sea real. Visita nuestro medio informativo publicado desde Hermosillo, Sonora. %","breadcrumb":{"@id":"https:\/\/www.sonoraenequipo.com.mx\/el-xvi-congreso-de-entrenadores-2026-fortalece-las-bases-del-judo-mexicano\/#breadcrumb"},"inLanguage":"es","potentialAction":[{"@type":"ReadAction","target":["https:\/\/www.sonoraenequipo.com.mx\/el-xvi-congreso-de-entrenadores-2026-fortalece-las-bases-del-judo-mexicano\/"]}]},{"@type":"ImageObject","inLanguage":"es","@id":"https:\/\/www.sonoraenequipo.com.mx\/el-xvi-congreso-de-entrenadores-2026-fortalece-las-bases-del-judo-mexicano\/#primaryimage","url":"https:\/\/www.sonoraenequipo.com.mx\/storage\/2026\/04\/El-XVI-Congreso-de-Entrenadores-2026-fortalece-las-bases-del-Judo-mexicano-1.jpg","contentUrl":"https:\/\/www.sonoraenequipo.com.mx\/storage\/2026\/04\/El-XVI-Congreso-de-Entrenadores-2026-fortalece-las-bases-del-Judo-mexicano-1.jpg","width":1000,"height":666},{"@type":"BreadcrumbList","@id":"https:\/\/www.sonoraenequipo.com.mx\/el-xvi-congreso-de-entrenadores-2026-fortalece-las-bases-del-judo-mexicano\/#breadcrumb","itemListElement":[{"@type":"ListItem","position":1,"name":"Portada","item":"https:\/\/www.sonoraenequipo.com.mx\/"},{"@type":"ListItem","position":2,"name":"El XVI Congreso de Entrenadores 2026 fortalece las bases del Judo mexicano"}]},{"@type":"WebSite","@id":"https:\/\/www.sonoraenequipo.com.mx\/#website","url":"https:\/\/www.sonoraenequipo.com.mx\/","name":"Sonora en Equipo.","description":"Diario en l\u00ednea con Noticias desde Hermosillo, Sonora","publisher":{"@id":"https:\/\/www.sonoraenequipo.com.mx\/#organization"},"potentialAction":[{"@type":"SearchAction","target":{"@type":"EntryPoint","urlTemplate":"https:\/\/www.sonoraenequipo.com.mx\/?s={search_term_string}"},"query-input":{"@type":"PropertyValueSpecification","valueRequired":true,"valueName":"search_term_string"}}],"inLanguage":"es"},{"@type":"Organization","@id":"https:\/\/www.sonoraenequipo.com.mx\/#organization","name":"Sonoraenequipo.com.mx","url":"https:\/\/www.sonoraenequipo.com.mx\/","logo":{"@type":"ImageObject","inLanguage":"es","@id":"https:\/\/www.sonoraenequipo.com.mx\/#\/schema\/logo\/image\/","url":"https:\/\/www.sonoraenequipo.com.mx\/storage\/2019\/01\/sonoraenequipo_opt.png","contentUrl":"https:\/\/www.sonoraenequipo.com.mx\/storage\/2019\/01\/sonoraenequipo_opt.png","width":375,"height":125,"caption":"Sonoraenequipo.com.mx"},"image":{"@id":"https:\/\/www.sonoraenequipo.com.mx\/#\/schema\/logo\/image\/"},"sameAs":["https:\/\/www.facebook.com\/SonoraEE\/","https:\/\/x.com\/sonoraenequipo","https:\/\/www.youtube.com\/channel\/UC338nW-lPEYmJQs4ZABQ1SQ"]},{"@type":"Person","@id":"https:\/\/www.sonoraenequipo.com.mx\/#\/schema\/person\/50102df0fb23a8fa9e8effad8fa81386","name":"enequipo","image":{"@type":"ImageObject","inLanguage":"es","@id":"https:\/\/www.sonoraenequipo.com.mx\/#\/schema\/person\/image\/","url":"https:\/\/secure.gravatar.com\/avatar\/049821681b589dabc0bc20695993ccebb09f5b5d4d790cd9251b97faac7c652b?s=96&d=blank&r=g","contentUrl":"https:\/\/secure.gravatar.com\/avatar\/049821681b589dabc0bc20695993ccebb09f5b5d4d790cd9251b97faac7c652b?s=96&d=blank&r=g","caption":"enequipo"},"sameAs":["https:\/\/www.facebook.com\/SonoraEE"]}]}},"jetpack_featured_media_url":"https:\/\/www.sonoraenequipo.com.mx\/storage\/2026\/04\/El-XVI-Congreso-de-Entrenadores-2026-fortalece-las-bases-del-Judo-mexicano-1.jpg","_links":{"self":[{"href":"https:\/\/www.sonoraenequipo.com.mx\/api\/wp\/v2\/posts\/240705","targetHints":{"allow":["GET"]}}],"collection":[{"href":"https:\/\/www.sonoraenequipo.com.mx\/api\/wp\/v2\/posts"}],"about":[{"href":"https:\/\/www.sonoraenequipo.com.mx\/api\/wp\/v2\/types\/post"}],"author":[{"embeddable":true,"href":"https:\/\/www.sonoraenequipo.com.mx\/api\/wp\/v2\/users\/1"}],"replies":[{"embeddable":true,"href":"https:\/\/www.sonoraenequipo.com.mx\/api\/wp\/v2\/comments?post=240705"}],"version-history":[{"count":1,"href":"https:\/\/www.sonoraenequipo.com.mx\/api\/wp\/v2\/posts\/240705\/revisions"}],"predecessor-version":[{"id":240711,"href":"https:\/\/www.sonoraenequipo.com.mx\/api\/wp\/v2\/posts\/240705\/revisions\/240711"}],"wp:featuredmedia":[{"embeddable":true,"href":"https:\/\/www.sonoraenequipo.com.mx\/api\/wp\/v2\/media\/240708"}],"wp:attachment":[{"href":"https:\/\/www.sonoraenequipo.com.mx\/api\/wp\/v2\/media?parent=240705"}],"wp:term":[{"taxonomy":"category","embeddable":true,"href":"https:\/\/www.sonoraenequipo.com.mx\/api\/wp\/v2\/categories?post=240705"},{"taxonomy":"post_tag","embeddable":true,"href":"https:\/\/www.sonoraenequipo.com.mx\/api\/wp\/v2\/tags?post=240705"}],"curies":[{"name":"wp","href":"https:\/\/api.w.org\/{rel}","templated":true}]}}