{"id":240725,"date":"2026-04-28T09:53:14","date_gmt":"2026-04-28T16:53:14","guid":{"rendered":"https:\/\/www.sonoraenequipo.com.mx\/?p=240725"},"modified":"2026-04-28T09:53:14","modified_gmt":"2026-04-28T16:53:14","slug":"renuncia-de-fiscal-en-chihuahua-no-cierra-el-caso-de-agentes-de-la-cia-sheinbaum","status":"publish","type":"post","link":"https:\/\/www.sonoraenequipo.com.mx\/renuncia-de-fiscal-en-chihuahua-no-cierra-el-caso-de-agentes-de-la-cia-sheinbaum\/","title":{"rendered":"Renuncia de fiscal en Chihuahua no cierra el caso de agentes de la CIA: Sheinbaum"},"content":{"rendered":"<p><strong>CIUDAD DE M\u00c9XICO. MX. \u2014 <\/strong>La presidenta de M\u00e9xico, Claudia Sheinbaum, afirm\u00f3 que la renuncia de C\u00e9sar J\u00e1uregui como fiscal general de Chihuahua no pone fin a las investigaciones en torno al caso del presunto ingreso de agentes de la CIA al pa\u00eds, y subray\u00f3 que el eje central debe ser la defensa de la soberan\u00eda nacional.<\/p>\n<p>&nbsp;<\/p>\n<p>&nbsp;<\/p>\n<p> <\/p>\n<p>Durante la conferencia matutina, la mandataria respondi\u00f3 a cuestionamientos sobre las inconsistencias en las versiones oficiales del gobierno estatal y las declaraciones recientes de la gobernadora Mar\u00eda Eugenia Campos, quien tambi\u00e9n ha sido se\u00f1alada por no acudir al Senado bajo el argumento de que rinde cuentas \u00fanicamente a la ciudadan\u00eda de su estado.<\/p>\n<p>&nbsp;<\/p>\n<p>&nbsp;<\/p>\n<p>&nbsp;<\/p>\n<p>Sheinbaum fue enf\u00e1tica: la dimisi\u00f3n del fiscal no cierra el caso. <em><strong>\u201cTiene que seguir la investigaci\u00f3n, no para con una renuncia\u201d,<\/strong><\/em> sostuvo.<\/p>\n<p>&nbsp;<\/p>\n<p>&nbsp;<\/p>\n<p>&nbsp;<\/p>\n<p>Indic\u00f3 que el tema ya es atendido por la Fiscal\u00eda General de la Rep\u00fablica, instancia que deber\u00e1 ofrecer informaci\u00f3n conforme avancen las indagatorias.<\/p>\n<p>&nbsp;<\/p>\n<p>&nbsp;<\/p>\n<p>Sheinbaum dej\u00f3 claro que el gobierno federal considera el asunto de alta relevancia, tanto por su impacto interno como por sus implicaciones en la relaci\u00f3n con Estados Unidos.<\/p>\n<p>&nbsp;<\/p>\n<p>&nbsp;<\/p>\n<p><strong>\u201cNo es menor\u201d,<\/strong> reiter\u00f3, al advertir que cualquier actuaci\u00f3n de autoridades locales debe apegarse estrictamente a la ley.<\/p>\n<p>&nbsp;<\/p>\n<p>&nbsp;<\/p>\n<p>&nbsp;<\/p>\n<p>En ese contexto, la presidenta marc\u00f3 distancia de una posible conclusi\u00f3n anticipada del caso derivada de la renuncia de J\u00e1uregui, y traslad\u00f3 el peso de la resoluci\u00f3n a la Fiscal\u00eda General, reforzando la idea de que debe llegarse \u201c<strong>a las \u00faltimas consecuencias\u201d.<\/strong><\/p>\n<p>&nbsp;<\/p>\n<p>&nbsp;<\/p>\n<p>El caso ha estado rodeado de versiones encontradas.<\/p>\n<p>&nbsp;<\/p>\n<p>&nbsp;<\/p>\n<p>Por un lado, autoridades estatales inicialmente se\u00f1alaron la participaci\u00f3n de dos agentes extranjeros, mientras que posteriormente se habl\u00f3 de cuatro.<\/p>\n<p>&nbsp;<\/p>\n<p>&nbsp;<\/p>\n<p>Adem\u00e1s, la unidad de investigaci\u00f3n local atribuy\u00f3 la responsabilidad del ingreso de dichos agentes a una persona fallecida en un accidente automovil\u00edstico, lo que ha generado escepticismo.<\/p>\n<p>&nbsp;<\/p>\n<p>&nbsp;<\/p>\n<p>A ello se suma la decisi\u00f3n de la gobernadora Campos de no comparecer ante el Senado, lo que ha alimentado el debate sobre la rendici\u00f3n de cuentas de los gobiernos estatales frente a instancias federales.<\/p>\n<p>&nbsp;<\/p>\n<p>&nbsp;<\/p>\n<p>Ante la percepci\u00f3n de impunidad se\u00f1alada en la pregunta, Sheinbaum reconoci\u00f3 impl\u00edcitamente la necesidad de claridad total.<\/p>\n<p>&nbsp;<\/p>\n<p>&nbsp;<\/p>\n<p>&nbsp;<\/p>\n<p><em><strong>\u201cEl pueblo de M\u00e9xico tiene derecho a saber la verdad\u201d<\/strong><\/em>, afirm\u00f3, insistiendo en que el proceso no puede cerrarse sin una investigaci\u00f3n exhaustiva.<\/p>\n<p>&nbsp;<\/p>\n<p>&nbsp;<\/p>\n<p>PUBLICADO EL 28 DE ABRIL 2026 Con informaci\u00f3n de Carlos Guzman Mart\u00edn)<\/p>\n","protected":false},"excerpt":{"rendered":"<p>CIUDAD DE M\u00c9XICO. MX. \u2014 La presidenta de M\u00e9xico, Claudia Sheinbaum, afirm\u00f3 que la renuncia&#8230;<\/p>\n","protected":false},"author":1,"featured_media":240710,"comment_status":"open","ping_status":"open","sticky":false,"template":"","format":"standard","meta":{"_monsterinsights_skip_tracking":false,"_monsterinsights_sitenote_active":false,"_monsterinsights_sitenote_note":"","_monsterinsights_sitenote_category":0,"footnotes":""},"categories":[5],"tags":[],"class_list":["post"],"yoast_head":" \n<title>Sonora en Equipo. Renuncia de fiscal en Chihuahua no cierra el caso de agentes de la CIA: Sheinbaum Rep\u00fablica<\/title>\n<meta name=\"description\" content=\"CIUDAD DE M\u00c9XICO. MX. \u2014 La presidenta de M\u00e9xico, Claudia Sheinbaum, afirm\u00f3 que la renuncia de C\u00e9sar J\u00e1uregui como fiscal general de Chihuahua no pone fin En Sonora en Equipo publicamos toda la informaci\u00f3n de Sonora, M\u00e9xico y el Mundo de manera oportuna y busca que la libertad de expresi\u00f3n sea real. Visita nuestro medio informativo publicado desde Hermosillo, Sonora. %\" \/>\n<meta name=\"robots\" content=\"index, follow, max-snippet:-1, max-image-preview:large, max-video-preview:-1\" \/>\n<link rel=\"canonical\" href=\"https:\/\/www.sonoraenequipo.com.mx\/renuncia-de-fiscal-en-chihuahua-no-cierra-el-caso-de-agentes-de-la-cia-sheinbaum\/\" \/>\n<meta property=\"og:locale\" content=\"es_ES\" \/>\n<meta property=\"og:type\" content=\"article\" \/>\n<meta property=\"og:title\" content=\"Sonora en Equipo. Renuncia de fiscal en Chihuahua no cierra el caso de agentes de la CIA: Sheinbaum Rep\u00fablica\" \/>\n<meta property=\"og:description\" content=\"CIUDAD DE M\u00c9XICO. MX. \u2014 La presidenta de M\u00e9xico, Claudia Sheinbaum, afirm\u00f3 que la renuncia de C\u00e9sar J\u00e1uregui como fiscal general de Chihuahua no pone fin En Sonora en Equipo publicamos toda la informaci\u00f3n de Sonora, M\u00e9xico y el Mundo de manera oportuna y busca que la libertad de expresi\u00f3n sea real. Visita nuestro medio informativo publicado desde Hermosillo, Sonora. %\" \/>\n<meta property=\"og:url\" content=\"https:\/\/www.sonoraenequipo.com.mx\/renuncia-de-fiscal-en-chihuahua-no-cierra-el-caso-de-agentes-de-la-cia-sheinbaum\/\" \/>\n<meta property=\"og:site_name\" content=\"Sonora en Equipo.\" \/>\n<meta property=\"article:publisher\" content=\"https:\/\/www.facebook.com\/SonoraEE\/\" \/>\n<meta property=\"article:author\" content=\"https:\/\/www.facebook.com\/SonoraEE\" \/>\n<meta property=\"article:published_time\" content=\"2026-04-28T16:53:14+00:00\" \/>\n<meta property=\"og:image\" content=\"https:\/\/www.sonoraenequipo.com.mx\/storage\/2026\/04\/president-de-Mexico.-Claudia-Sheinbaum-1.jpg\" \/>\n\t<meta property=\"og:image:width\" content=\"1000\" \/>\n\t<meta property=\"og:image:height\" content=\"620\" \/>\n\t<meta property=\"og:image:type\" content=\"image\/jpeg\" \/>\n<meta name=\"author\" content=\"enequipo\" \/>\n<meta name=\"twitter:card\" content=\"summary_large_image\" \/>\n<meta name=\"twitter:creator\" content=\"@sonoraenequipo\" \/>\n<meta name=\"twitter:site\" content=\"@sonoraenequipo\" \/>\n<meta name=\"twitter:label1\" content=\"Escrito por\" \/>\n\t<meta name=\"twitter:data1\" content=\"enequipo\" \/>\n\t<meta name=\"twitter:label2\" content=\"Tiempo de lectura\" \/>\n\t<meta name=\"twitter:data2\" content=\"2 minutos\" \/>\n<script type=\"application\/ld+json\" class=\"yoast-schema-graph\">{\"@context\":\"https:\/\/schema.org\",\"@graph\":[{\"@type\":\"Article\",\"@id\":\"https:\/\/www.sonoraenequipo.com.mx\/renuncia-de-fiscal-en-chihuahua-no-cierra-el-caso-de-agentes-de-la-cia-sheinbaum\/#article\",\"isPartOf\":{\"@id\":\"https:\/\/www.sonoraenequipo.com.mx\/renuncia-de-fiscal-en-chihuahua-no-cierra-el-caso-de-agentes-de-la-cia-sheinbaum\/\"},\"author\":{\"name\":\"enequipo\",\"@id\":\"https:\/\/www.sonoraenequipo.com.mx\/#\/schema\/person\/50102df0fb23a8fa9e8effad8fa81386\"},\"headline\":\"Renuncia de fiscal en Chihuahua no cierra el caso de agentes de la CIA: Sheinbaum\",\"datePublished\":\"2026-04-28T16:53:14+00:00\",\"mainEntityOfPage\":{\"@id\":\"https:\/\/www.sonoraenequipo.com.mx\/renuncia-de-fiscal-en-chihuahua-no-cierra-el-caso-de-agentes-de-la-cia-sheinbaum\/\"},\"wordCount\":463,\"commentCount\":0,\"publisher\":{\"@id\":\"https:\/\/www.sonoraenequipo.com.mx\/#organization\"},\"image\":{\"@id\":\"https:\/\/www.sonoraenequipo.com.mx\/renuncia-de-fiscal-en-chihuahua-no-cierra-el-caso-de-agentes-de-la-cia-sheinbaum\/#primaryimage\"},\"thumbnailUrl\":\"https:\/\/www.sonoraenequipo.com.mx\/storage\/2026\/04\/president-de-Mexico.-Claudia-Sheinbaum-1.jpg\",\"articleSection\":[\"Rep\u00fablica\"],\"inLanguage\":\"es\",\"potentialAction\":[{\"@type\":\"CommentAction\",\"name\":\"Comment\",\"target\":[\"https:\/\/www.sonoraenequipo.com.mx\/renuncia-de-fiscal-en-chihuahua-no-cierra-el-caso-de-agentes-de-la-cia-sheinbaum\/#respond\"]}]},{\"@type\":\"WebPage\",\"@id\":\"https:\/\/www.sonoraenequipo.com.mx\/renuncia-de-fiscal-en-chihuahua-no-cierra-el-caso-de-agentes-de-la-cia-sheinbaum\/\",\"url\":\"https:\/\/www.sonoraenequipo.com.mx\/renuncia-de-fiscal-en-chihuahua-no-cierra-el-caso-de-agentes-de-la-cia-sheinbaum\/\",\"name\":\"Sonora en Equipo. Renuncia de fiscal en Chihuahua no cierra el caso de agentes de la CIA: Sheinbaum Rep\u00fablica\",\"isPartOf\":{\"@id\":\"https:\/\/www.sonoraenequipo.com.mx\/#website\"},\"primaryImageOfPage\":{\"@id\":\"https:\/\/www.sonoraenequipo.com.mx\/renuncia-de-fiscal-en-chihuahua-no-cierra-el-caso-de-agentes-de-la-cia-sheinbaum\/#primaryimage\"},\"image\":{\"@id\":\"https:\/\/www.sonoraenequipo.com.mx\/renuncia-de-fiscal-en-chihuahua-no-cierra-el-caso-de-agentes-de-la-cia-sheinbaum\/#primaryimage\"},\"thumbnailUrl\":\"https:\/\/www.sonoraenequipo.com.mx\/storage\/2026\/04\/president-de-Mexico.-Claudia-Sheinbaum-1.jpg\",\"datePublished\":\"2026-04-28T16:53:14+00:00\",\"description\":\"CIUDAD DE M\u00c9XICO. MX. \u2014 La presidenta de M\u00e9xico, Claudia Sheinbaum, afirm\u00f3 que la renuncia de C\u00e9sar J\u00e1uregui como fiscal general de Chihuahua no pone fin En Sonora en Equipo publicamos toda la informaci\u00f3n de Sonora, M\u00e9xico y el Mundo de manera oportuna y busca que la libertad de expresi\u00f3n sea real. Visita nuestro medio informativo publicado desde Hermosillo, Sonora. %\",\"breadcrumb\":{\"@id\":\"https:\/\/www.sonoraenequipo.com.mx\/renuncia-de-fiscal-en-chihuahua-no-cierra-el-caso-de-agentes-de-la-cia-sheinbaum\/#breadcrumb\"},\"inLanguage\":\"es\",\"potentialAction\":[{\"@type\":\"ReadAction\",\"target\":[\"https:\/\/www.sonoraenequipo.com.mx\/renuncia-de-fiscal-en-chihuahua-no-cierra-el-caso-de-agentes-de-la-cia-sheinbaum\/\"]}]},{\"@type\":\"ImageObject\",\"inLanguage\":\"es\",\"@id\":\"https:\/\/www.sonoraenequipo.com.mx\/renuncia-de-fiscal-en-chihuahua-no-cierra-el-caso-de-agentes-de-la-cia-sheinbaum\/#primaryimage\",\"url\":\"https:\/\/www.sonoraenequipo.com.mx\/storage\/2026\/04\/president-de-Mexico.-Claudia-Sheinbaum-1.jpg\",\"contentUrl\":\"https:\/\/www.sonoraenequipo.com.mx\/storage\/2026\/04\/president-de-Mexico.-Claudia-Sheinbaum-1.jpg\",\"width\":1000,\"height\":620},{\"@type\":\"BreadcrumbList\",\"@id\":\"https:\/\/www.sonoraenequipo.com.mx\/renuncia-de-fiscal-en-chihuahua-no-cierra-el-caso-de-agentes-de-la-cia-sheinbaum\/#breadcrumb\",\"itemListElement\":[{\"@type\":\"ListItem\",\"position\":1,\"name\":\"Portada\",\"item\":\"https:\/\/www.sonoraenequipo.com.mx\/\"},{\"@type\":\"ListItem\",\"position\":2,\"name\":\"Renuncia de fiscal en Chihuahua no cierra el caso de agentes de la CIA: Sheinbaum\"}]},{\"@type\":\"WebSite\",\"@id\":\"https:\/\/www.sonoraenequipo.com.mx\/#website\",\"url\":\"https:\/\/www.sonoraenequipo.com.mx\/\",\"name\":\"Sonora en Equipo.\",\"description\":\"Diario en l\u00ednea con Noticias desde Hermosillo, Sonora\",\"publisher\":{\"@id\":\"https:\/\/www.sonoraenequipo.com.mx\/#organization\"},\"potentialAction\":[{\"@type\":\"SearchAction\",\"target\":{\"@type\":\"EntryPoint\",\"urlTemplate\":\"https:\/\/www.sonoraenequipo.com.mx\/?s={search_term_string}\"},\"query-input\":{\"@type\":\"PropertyValueSpecification\",\"valueRequired\":true,\"valueName\":\"search_term_string\"}}],\"inLanguage\":\"es\"},{\"@type\":\"Organization\",\"@id\":\"https:\/\/www.sonoraenequipo.com.mx\/#organization\",\"name\":\"Sonoraenequipo.com.mx\",\"url\":\"https:\/\/www.sonoraenequipo.com.mx\/\",\"logo\":{\"@type\":\"ImageObject\",\"inLanguage\":\"es\",\"@id\":\"https:\/\/www.sonoraenequipo.com.mx\/#\/schema\/logo\/image\/\",\"url\":\"https:\/\/www.sonoraenequipo.com.mx\/storage\/2019\/01\/sonoraenequipo_opt.png\",\"contentUrl\":\"https:\/\/www.sonoraenequipo.com.mx\/storage\/2019\/01\/sonoraenequipo_opt.png\",\"width\":375,\"height\":125,\"caption\":\"Sonoraenequipo.com.mx\"},\"image\":{\"@id\":\"https:\/\/www.sonoraenequipo.com.mx\/#\/schema\/logo\/image\/\"},\"sameAs\":[\"https:\/\/www.facebook.com\/SonoraEE\/\",\"https:\/\/x.com\/sonoraenequipo\",\"https:\/\/www.youtube.com\/channel\/UC338nW-lPEYmJQs4ZABQ1SQ\"]},{\"@type\":\"Person\",\"@id\":\"https:\/\/www.sonoraenequipo.com.mx\/#\/schema\/person\/50102df0fb23a8fa9e8effad8fa81386\",\"name\":\"enequipo\",\"image\":{\"@type\":\"ImageObject\",\"inLanguage\":\"es\",\"@id\":\"https:\/\/www.sonoraenequipo.com.mx\/#\/schema\/person\/image\/\",\"url\":\"https:\/\/secure.gravatar.com\/avatar\/049821681b589dabc0bc20695993ccebb09f5b5d4d790cd9251b97faac7c652b?s=96&d=blank&r=g\",\"contentUrl\":\"https:\/\/secure.gravatar.com\/avatar\/049821681b589dabc0bc20695993ccebb09f5b5d4d790cd9251b97faac7c652b?s=96&d=blank&r=g\",\"caption\":\"enequipo\"},\"sameAs\":[\"https:\/\/www.facebook.com\/SonoraEE\"]}]}<\/script>\n ","yoast_head_json":{"title":"Sonora en Equipo. Renuncia de fiscal en Chihuahua no cierra el caso de agentes de la CIA: Sheinbaum Rep\u00fablica","description":"CIUDAD DE M\u00c9XICO. MX. \u2014 La presidenta de M\u00e9xico, Claudia Sheinbaum, afirm\u00f3 que la renuncia de C\u00e9sar J\u00e1uregui como fiscal general de Chihuahua no pone fin En Sonora en Equipo publicamos toda la informaci\u00f3n de Sonora, M\u00e9xico y el Mundo de manera oportuna y busca que la libertad de expresi\u00f3n sea real. Visita nuestro medio informativo publicado desde Hermosillo, Sonora. %","robots":{"index":"index","follow":"follow","max-snippet":"max-snippet:-1","max-image-preview":"max-image-preview:large","max-video-preview":"max-video-preview:-1"},"canonical":"https:\/\/www.sonoraenequipo.com.mx\/renuncia-de-fiscal-en-chihuahua-no-cierra-el-caso-de-agentes-de-la-cia-sheinbaum\/","og_locale":"es_ES","og_type":"article","og_title":"Sonora en Equipo. Renuncia de fiscal en Chihuahua no cierra el caso de agentes de la CIA: Sheinbaum Rep\u00fablica","og_description":"CIUDAD DE M\u00c9XICO. MX. \u2014 La presidenta de M\u00e9xico, Claudia Sheinbaum, afirm\u00f3 que la renuncia de C\u00e9sar J\u00e1uregui como fiscal general de Chihuahua no pone fin En Sonora en Equipo publicamos toda la informaci\u00f3n de Sonora, M\u00e9xico y el Mundo de manera oportuna y busca que la libertad de expresi\u00f3n sea real. Visita nuestro medio informativo publicado desde Hermosillo, Sonora. %","og_url":"https:\/\/www.sonoraenequipo.com.mx\/renuncia-de-fiscal-en-chihuahua-no-cierra-el-caso-de-agentes-de-la-cia-sheinbaum\/","og_site_name":"Sonora en Equipo.","article_publisher":"https:\/\/www.facebook.com\/SonoraEE\/","article_author":"https:\/\/www.facebook.com\/SonoraEE","article_published_time":"2026-04-28T16:53:14+00:00","og_image":[{"width":1000,"height":620,"url":"https:\/\/www.sonoraenequipo.com.mx\/storage\/2026\/04\/president-de-Mexico.-Claudia-Sheinbaum-1.jpg","type":"image\/jpeg"}],"author":"enequipo","twitter_card":"summary_large_image","twitter_creator":"@sonoraenequipo","twitter_site":"@sonoraenequipo","twitter_misc":{"Escrito por":"enequipo","Tiempo de lectura":"2 minutos"},"schema":{"@context":"https:\/\/schema.org","@graph":[{"@type":"Article","@id":"https:\/\/www.sonoraenequipo.com.mx\/renuncia-de-fiscal-en-chihuahua-no-cierra-el-caso-de-agentes-de-la-cia-sheinbaum\/#article","isPartOf":{"@id":"https:\/\/www.sonoraenequipo.com.mx\/renuncia-de-fiscal-en-chihuahua-no-cierra-el-caso-de-agentes-de-la-cia-sheinbaum\/"},"author":{"name":"enequipo","@id":"https:\/\/www.sonoraenequipo.com.mx\/#\/schema\/person\/50102df0fb23a8fa9e8effad8fa81386"},"headline":"Renuncia de fiscal en Chihuahua no cierra el caso de agentes de la CIA: Sheinbaum","datePublished":"2026-04-28T16:53:14+00:00","mainEntityOfPage":{"@id":"https:\/\/www.sonoraenequipo.com.mx\/renuncia-de-fiscal-en-chihuahua-no-cierra-el-caso-de-agentes-de-la-cia-sheinbaum\/"},"wordCount":463,"commentCount":0,"publisher":{"@id":"https:\/\/www.sonoraenequipo.com.mx\/#organization"},"image":{"@id":"https:\/\/www.sonoraenequipo.com.mx\/renuncia-de-fiscal-en-chihuahua-no-cierra-el-caso-de-agentes-de-la-cia-sheinbaum\/#primaryimage"},"thumbnailUrl":"https:\/\/www.sonoraenequipo.com.mx\/storage\/2026\/04\/president-de-Mexico.-Claudia-Sheinbaum-1.jpg","articleSection":["Rep\u00fablica"],"inLanguage":"es","potentialAction":[{"@type":"CommentAction","name":"Comment","target":["https:\/\/www.sonoraenequipo.com.mx\/renuncia-de-fiscal-en-chihuahua-no-cierra-el-caso-de-agentes-de-la-cia-sheinbaum\/#respond"]}]},{"@type":"WebPage","@id":"https:\/\/www.sonoraenequipo.com.mx\/renuncia-de-fiscal-en-chihuahua-no-cierra-el-caso-de-agentes-de-la-cia-sheinbaum\/","url":"https:\/\/www.sonoraenequipo.com.mx\/renuncia-de-fiscal-en-chihuahua-no-cierra-el-caso-de-agentes-de-la-cia-sheinbaum\/","name":"Sonora en Equipo. Renuncia de fiscal en Chihuahua no cierra el caso de agentes de la CIA: Sheinbaum Rep\u00fablica","isPartOf":{"@id":"https:\/\/www.sonoraenequipo.com.mx\/#website"},"primaryImageOfPage":{"@id":"https:\/\/www.sonoraenequipo.com.mx\/renuncia-de-fiscal-en-chihuahua-no-cierra-el-caso-de-agentes-de-la-cia-sheinbaum\/#primaryimage"},"image":{"@id":"https:\/\/www.sonoraenequipo.com.mx\/renuncia-de-fiscal-en-chihuahua-no-cierra-el-caso-de-agentes-de-la-cia-sheinbaum\/#primaryimage"},"thumbnailUrl":"https:\/\/www.sonoraenequipo.com.mx\/storage\/2026\/04\/president-de-Mexico.-Claudia-Sheinbaum-1.jpg","datePublished":"2026-04-28T16:53:14+00:00","description":"CIUDAD DE M\u00c9XICO. MX. \u2014 La presidenta de M\u00e9xico, Claudia Sheinbaum, afirm\u00f3 que la renuncia de C\u00e9sar J\u00e1uregui como fiscal general de Chihuahua no pone fin En Sonora en Equipo publicamos toda la informaci\u00f3n de Sonora, M\u00e9xico y el Mundo de manera oportuna y busca que la libertad de expresi\u00f3n sea real. Visita nuestro medio informativo publicado desde Hermosillo, Sonora. %","breadcrumb":{"@id":"https:\/\/www.sonoraenequipo.com.mx\/renuncia-de-fiscal-en-chihuahua-no-cierra-el-caso-de-agentes-de-la-cia-sheinbaum\/#breadcrumb"},"inLanguage":"es","potentialAction":[{"@type":"ReadAction","target":["https:\/\/www.sonoraenequipo.com.mx\/renuncia-de-fiscal-en-chihuahua-no-cierra-el-caso-de-agentes-de-la-cia-sheinbaum\/"]}]},{"@type":"ImageObject","inLanguage":"es","@id":"https:\/\/www.sonoraenequipo.com.mx\/renuncia-de-fiscal-en-chihuahua-no-cierra-el-caso-de-agentes-de-la-cia-sheinbaum\/#primaryimage","url":"https:\/\/www.sonoraenequipo.com.mx\/storage\/2026\/04\/president-de-Mexico.-Claudia-Sheinbaum-1.jpg","contentUrl":"https:\/\/www.sonoraenequipo.com.mx\/storage\/2026\/04\/president-de-Mexico.-Claudia-Sheinbaum-1.jpg","width":1000,"height":620},{"@type":"BreadcrumbList","@id":"https:\/\/www.sonoraenequipo.com.mx\/renuncia-de-fiscal-en-chihuahua-no-cierra-el-caso-de-agentes-de-la-cia-sheinbaum\/#breadcrumb","itemListElement":[{"@type":"ListItem","position":1,"name":"Portada","item":"https:\/\/www.sonoraenequipo.com.mx\/"},{"@type":"ListItem","position":2,"name":"Renuncia de fiscal en Chihuahua no cierra el caso de agentes de la CIA: Sheinbaum"}]},{"@type":"WebSite","@id":"https:\/\/www.sonoraenequipo.com.mx\/#website","url":"https:\/\/www.sonoraenequipo.com.mx\/","name":"Sonora en Equipo.","description":"Diario en l\u00ednea con Noticias desde Hermosillo, Sonora","publisher":{"@id":"https:\/\/www.sonoraenequipo.com.mx\/#organization"},"potentialAction":[{"@type":"SearchAction","target":{"@type":"EntryPoint","urlTemplate":"https:\/\/www.sonoraenequipo.com.mx\/?s={search_term_string}"},"query-input":{"@type":"PropertyValueSpecification","valueRequired":true,"valueName":"search_term_string"}}],"inLanguage":"es"},{"@type":"Organization","@id":"https:\/\/www.sonoraenequipo.com.mx\/#organization","name":"Sonoraenequipo.com.mx","url":"https:\/\/www.sonoraenequipo.com.mx\/","logo":{"@type":"ImageObject","inLanguage":"es","@id":"https:\/\/www.sonoraenequipo.com.mx\/#\/schema\/logo\/image\/","url":"https:\/\/www.sonoraenequipo.com.mx\/storage\/2019\/01\/sonoraenequipo_opt.png","contentUrl":"https:\/\/www.sonoraenequipo.com.mx\/storage\/2019\/01\/sonoraenequipo_opt.png","width":375,"height":125,"caption":"Sonoraenequipo.com.mx"},"image":{"@id":"https:\/\/www.sonoraenequipo.com.mx\/#\/schema\/logo\/image\/"},"sameAs":["https:\/\/www.facebook.com\/SonoraEE\/","https:\/\/x.com\/sonoraenequipo","https:\/\/www.youtube.com\/channel\/UC338nW-lPEYmJQs4ZABQ1SQ"]},{"@type":"Person","@id":"https:\/\/www.sonoraenequipo.com.mx\/#\/schema\/person\/50102df0fb23a8fa9e8effad8fa81386","name":"enequipo","image":{"@type":"ImageObject","inLanguage":"es","@id":"https:\/\/www.sonoraenequipo.com.mx\/#\/schema\/person\/image\/","url":"https:\/\/secure.gravatar.com\/avatar\/049821681b589dabc0bc20695993ccebb09f5b5d4d790cd9251b97faac7c652b?s=96&d=blank&r=g","contentUrl":"https:\/\/secure.gravatar.com\/avatar\/049821681b589dabc0bc20695993ccebb09f5b5d4d790cd9251b97faac7c652b?s=96&d=blank&r=g","caption":"enequipo"},"sameAs":["https:\/\/www.facebook.com\/SonoraEE"]}]}},"jetpack_featured_media_url":"https:\/\/www.sonoraenequipo.com.mx\/storage\/2026\/04\/president-de-Mexico.-Claudia-Sheinbaum-1.jpg","_links":{"self":[{"href":"https:\/\/www.sonoraenequipo.com.mx\/api\/wp\/v2\/posts\/240725","targetHints":{"allow":["GET"]}}],"collection":[{"href":"https:\/\/www.sonoraenequipo.com.mx\/api\/wp\/v2\/posts"}],"about":[{"href":"https:\/\/www.sonoraenequipo.com.mx\/api\/wp\/v2\/types\/post"}],"author":[{"embeddable":true,"href":"https:\/\/www.sonoraenequipo.com.mx\/api\/wp\/v2\/users\/1"}],"replies":[{"embeddable":true,"href":"https:\/\/www.sonoraenequipo.com.mx\/api\/wp\/v2\/comments?post=240725"}],"version-history":[{"count":1,"href":"https:\/\/www.sonoraenequipo.com.mx\/api\/wp\/v2\/posts\/240725\/revisions"}],"predecessor-version":[{"id":240726,"href":"https:\/\/www.sonoraenequipo.com.mx\/api\/wp\/v2\/posts\/240725\/revisions\/240726"}],"wp:featuredmedia":[{"embeddable":true,"href":"https:\/\/www.sonoraenequipo.com.mx\/api\/wp\/v2\/media\/240710"}],"wp:attachment":[{"href":"https:\/\/www.sonoraenequipo.com.mx\/api\/wp\/v2\/media?parent=240725"}],"wp:term":[{"taxonomy":"category","embeddable":true,"href":"https:\/\/www.sonoraenequipo.com.mx\/api\/wp\/v2\/categories?post=240725"},{"taxonomy":"post_tag","embeddable":true,"href":"https:\/\/www.sonoraenequipo.com.mx\/api\/wp\/v2\/tags?post=240725"}],"curies":[{"name":"wp","href":"https:\/\/api.w.org\/{rel}","templated":true}]}}