{"id":240728,"date":"2026-04-28T10:24:04","date_gmt":"2026-04-28T17:24:04","guid":{"rendered":"https:\/\/www.sonoraenequipo.com.mx\/?p=240728"},"modified":"2026-04-28T10:24:04","modified_gmt":"2026-04-28T17:24:04","slug":"softtek-nombra-a-david-jimenez-como-ceo-global-y-fortalece-su-estructura-de-liderazgo","status":"publish","type":"post","link":"https:\/\/www.sonoraenequipo.com.mx\/softtek-nombra-a-david-jimenez-como-ceo-global-y-fortalece-su-estructura-de-liderazgo\/","title":{"rendered":"Softtek nombra a David Jim\u00e9nez como CEO Global y fortalece su estructura de liderazgo"},"content":{"rendered":"<p><strong>MONTERREY, NUEVO LE\u00d3N, MX. \u2014<\/strong> Softtek, empresa global de Ingenier\u00eda de Software y servicios de TI, anunci\u00f3 hoy el nombramiento de David Jim\u00e9nez como CEO Global (Director General), efectivo el 1 de octubre de 2026. Blanca Trevi\u00f1o, quien durante 26 a\u00f1os ocup\u00f3 el cargo de Presidenta y CEO, asumir\u00e1 el rol de Presidenta Ejecutiva, manteniendo adem\u00e1s su responsabilidad como Presidenta del Consejo.<\/p>\n<p>&nbsp;<\/p>\n<p>&nbsp;<\/p>\n<p>&nbsp;<\/p>\n<p>La decisi\u00f3n fue resultado de un proceso formal encabezado por el Comit\u00e9 Ejecutivo con el acompa\u00f1amiento de Russell Reynolds Associates, firma internacional especializada en sucesi\u00f3n ejecutiva, y fue aprobada por el Consejo de Administraci\u00f3n.<\/p>\n<p>&nbsp;<\/p>\n<p><strong>Una estructura de liderazgo m\u00e1s solida<\/strong><\/p>\n<p>&nbsp;<\/p>\n<p>La decisi\u00f3n de separar los roles responde a la convicci\u00f3n de que cada uno requiere dedicaci\u00f3n y enfoque plenos. Con esta nueva estructura, Softtek ampl\u00eda su liderazgo.<\/p>\n<p>&nbsp;<\/p>\n<p>Como Presidenta del Consejo, Blanca Trevi\u00f1o continuar\u00e1 ejerciendo la m\u00e1xima funci\u00f3n de gobierno corporativo de la empresa, velando por el patrimonio de los accionistas. En su rol como Presidenta Ejecutiva, ser\u00e1 responsable de definir la visi\u00f3n y la estrategia de largo plazo, manteniendo adem\u00e1s una participaci\u00f3n activa en las relaciones institucionales de Softtek. Por su parte, David Jim\u00e9nez estar\u00e1 a cargo de la ejecuci\u00f3n de la estrategia, as\u00ed como de la operaci\u00f3n y los resultados del d\u00eda a d\u00eda.<\/p>\n<p><strong>David Jim\u00e9nez: quince a\u00f1os construyendo Softtek<\/strong><\/p>\n<p>&nbsp;<\/p>\n<p>David Jim\u00e9nez se incorpor\u00f3 a Softtek hace 15 a\u00f1os. Inici\u00f3 su carrera en el \u00e1rea de finanzas, reportando al CFO y liderando el \u00e1rea de Fusiones y Adquisiciones (M&amp;A). Posteriormente dirigi\u00f3 equipos comerciales en el mercado mexicano y, durante los \u00faltimos cinco a\u00f1os, se desempe\u00f1\u00f3 como Managing Director de la unidad de negocio de Bienes de Consumo (CPG). Su trayectoria combina un conocimiento integral de la organizaci\u00f3n, con una visi\u00f3n clara de c\u00f3mo debe evolucionar para mantener su ventaja competitiva en un entorno marcado por la inteligencia artificial y la transformaci\u00f3n digital.<\/p>\n<p>&nbsp;<\/p>\n<p>&nbsp;<\/p>\n<p>&nbsp;<\/p>\n<p>\u201cSofttek es resultado del esfuerzo de miles de personas. Talento que en su conjunto nos ha ense\u00f1ado a anticiparnos, no s\u00f3lo adaptarnos. David ha sido parte de este colectivo durante 15 a\u00f1os, y sabe lo que esto significa. Tiene la experiencia para gestionar, el talento para construir y la sensibilidad para liderar. Por mi parte, continuar\u00e9 contribuyendo a este esfuerzo desde un rol m\u00e1s enfocado\u201d. Blanca Trevi\u00f1o, Presidenta del Consejo de Softtek.<\/p>\n<p>&nbsp;<\/p>\n<p>&nbsp;<\/p>\n<p>&nbsp;<\/p>\n<p>\u00abEs un honor y un privilegio asumir este rol en una empresa con la historia de Softtek. Mi compromiso es seguir creando valor para nuestros clientes, colaboradores, accionistas y socios estrat\u00e9gicos. Al mismo tiempo, cuidar de nuestra gente y de la cultura de Softtek, nuestros activos m\u00e1s valiosos, ser\u00e1 siempre mi prioridad\u201d. David Jim\u00e9nez.<\/p>\n<p>&nbsp;<\/p>\n<p><strong>Softtek: Experiencia con visi\u00f3n clara para la era de la IA<\/strong><\/p>\n<p>&nbsp;<\/p>\n<p>En el plano estrat\u00e9gico, Softtek contin\u00faa evolucionando su propuesta de valor para la era de la inteligencia artificial, priorizando el impacto en el negocio del cliente por encima del esfuerzo invertido, e integrando la IA en flujos de trabajo para acelerar la generaci\u00f3n de valor. Para Softtek, la ventaja competitiva no proviene del tama\u00f1o del equipo, sino de la efectividad con la que, como socio tecnol\u00f3gico, es capaz de entregar resultados para sus clientes.<\/p>\n<p><strong>Fecha de publicaci\u00f3n martes 28 de abril de 2026<\/strong><\/p>\n","protected":false},"excerpt":{"rendered":"<p>MONTERREY, NUEVO LE\u00d3N, MX. \u2014 Softtek, empresa global de Ingenier\u00eda de Software y servicios de&#8230;<\/p>\n","protected":false},"author":1,"featured_media":240729,"comment_status":"open","ping_status":"open","sticky":false,"template":"","format":"standard","meta":{"_monsterinsights_skip_tracking":false,"_monsterinsights_sitenote_active":false,"_monsterinsights_sitenote_note":"","_monsterinsights_sitenote_category":0,"footnotes":""},"categories":[6493],"tags":[],"class_list":["post"],"yoast_head":" \n<title>Sonora en Equipo. Softtek nombra a David Jim\u00e9nez como CEO Global y fortalece su estructura de liderazgo PALABRAS Y N\u00daMEROS<\/title>\n<meta name=\"description\" content=\"MONTERREY, NUEVO LE\u00d3N, MX. \u2014 Softtek, empresa global de Ingenier\u00eda de Software y servicios de TI, anunci\u00f3 hoy el nombramiento de David Jim\u00e9nez como CEO En Sonora en Equipo publicamos toda la informaci\u00f3n de Sonora, M\u00e9xico y el Mundo de manera oportuna y busca que la libertad de expresi\u00f3n sea real. Visita nuestro medio informativo publicado desde Hermosillo, Sonora. %\" \/>\n<meta name=\"robots\" content=\"index, follow, max-snippet:-1, max-image-preview:large, max-video-preview:-1\" \/>\n<link rel=\"canonical\" href=\"https:\/\/www.sonoraenequipo.com.mx\/softtek-nombra-a-david-jimenez-como-ceo-global-y-fortalece-su-estructura-de-liderazgo\/\" \/>\n<meta property=\"og:locale\" content=\"es_ES\" \/>\n<meta property=\"og:type\" content=\"article\" \/>\n<meta property=\"og:title\" content=\"Sonora en Equipo. Softtek nombra a David Jim\u00e9nez como CEO Global y fortalece su estructura de liderazgo PALABRAS Y N\u00daMEROS\" \/>\n<meta property=\"og:description\" content=\"MONTERREY, NUEVO LE\u00d3N, MX. \u2014 Softtek, empresa global de Ingenier\u00eda de Software y servicios de TI, anunci\u00f3 hoy el nombramiento de David Jim\u00e9nez como CEO En Sonora en Equipo publicamos toda la informaci\u00f3n de Sonora, M\u00e9xico y el Mundo de manera oportuna y busca que la libertad de expresi\u00f3n sea real. Visita nuestro medio informativo publicado desde Hermosillo, Sonora. %\" \/>\n<meta property=\"og:url\" content=\"https:\/\/www.sonoraenequipo.com.mx\/softtek-nombra-a-david-jimenez-como-ceo-global-y-fortalece-su-estructura-de-liderazgo\/\" \/>\n<meta property=\"og:site_name\" content=\"Sonora en Equipo.\" \/>\n<meta property=\"article:publisher\" content=\"https:\/\/www.facebook.com\/SonoraEE\/\" \/>\n<meta property=\"article:author\" content=\"https:\/\/www.facebook.com\/SonoraEE\" \/>\n<meta property=\"article:published_time\" content=\"2026-04-28T17:24:04+00:00\" \/>\n<meta property=\"og:image\" content=\"https:\/\/www.sonoraenequipo.com.mx\/storage\/2026\/04\/DAVID-Y-BLANCA.jpg\" \/>\n\t<meta property=\"og:image:width\" content=\"600\" \/>\n\t<meta property=\"og:image:height\" content=\"400\" \/>\n\t<meta property=\"og:image:type\" content=\"image\/jpeg\" \/>\n<meta name=\"author\" content=\"enequipo\" \/>\n<meta name=\"twitter:card\" content=\"summary_large_image\" \/>\n<meta name=\"twitter:creator\" content=\"@sonoraenequipo\" \/>\n<meta name=\"twitter:site\" content=\"@sonoraenequipo\" \/>\n<meta name=\"twitter:label1\" content=\"Escrito por\" \/>\n\t<meta name=\"twitter:data1\" content=\"enequipo\" \/>\n\t<meta name=\"twitter:label2\" content=\"Tiempo de lectura\" \/>\n\t<meta name=\"twitter:data2\" content=\"3 minutos\" \/>\n<script type=\"application\/ld+json\" class=\"yoast-schema-graph\">{\"@context\":\"https:\/\/schema.org\",\"@graph\":[{\"@type\":\"Article\",\"@id\":\"https:\/\/www.sonoraenequipo.com.mx\/softtek-nombra-a-david-jimenez-como-ceo-global-y-fortalece-su-estructura-de-liderazgo\/#article\",\"isPartOf\":{\"@id\":\"https:\/\/www.sonoraenequipo.com.mx\/softtek-nombra-a-david-jimenez-como-ceo-global-y-fortalece-su-estructura-de-liderazgo\/\"},\"author\":{\"name\":\"enequipo\",\"@id\":\"https:\/\/www.sonoraenequipo.com.mx\/#\/schema\/person\/50102df0fb23a8fa9e8effad8fa81386\"},\"headline\":\"Softtek nombra a David Jim\u00e9nez como CEO Global y fortalece su estructura de liderazgo\",\"datePublished\":\"2026-04-28T17:24:04+00:00\",\"mainEntityOfPage\":{\"@id\":\"https:\/\/www.sonoraenequipo.com.mx\/softtek-nombra-a-david-jimenez-como-ceo-global-y-fortalece-su-estructura-de-liderazgo\/\"},\"wordCount\":600,\"commentCount\":0,\"publisher\":{\"@id\":\"https:\/\/www.sonoraenequipo.com.mx\/#organization\"},\"image\":{\"@id\":\"https:\/\/www.sonoraenequipo.com.mx\/softtek-nombra-a-david-jimenez-como-ceo-global-y-fortalece-su-estructura-de-liderazgo\/#primaryimage\"},\"thumbnailUrl\":\"https:\/\/www.sonoraenequipo.com.mx\/storage\/2026\/04\/DAVID-Y-BLANCA.jpg\",\"articleSection\":[\"PALABRAS Y N\u00daMEROS\"],\"inLanguage\":\"es\",\"potentialAction\":[{\"@type\":\"CommentAction\",\"name\":\"Comment\",\"target\":[\"https:\/\/www.sonoraenequipo.com.mx\/softtek-nombra-a-david-jimenez-como-ceo-global-y-fortalece-su-estructura-de-liderazgo\/#respond\"]}]},{\"@type\":\"WebPage\",\"@id\":\"https:\/\/www.sonoraenequipo.com.mx\/softtek-nombra-a-david-jimenez-como-ceo-global-y-fortalece-su-estructura-de-liderazgo\/\",\"url\":\"https:\/\/www.sonoraenequipo.com.mx\/softtek-nombra-a-david-jimenez-como-ceo-global-y-fortalece-su-estructura-de-liderazgo\/\",\"name\":\"Sonora en Equipo. Softtek nombra a David Jim\u00e9nez como CEO Global y fortalece su estructura de liderazgo PALABRAS Y N\u00daMEROS\",\"isPartOf\":{\"@id\":\"https:\/\/www.sonoraenequipo.com.mx\/#website\"},\"primaryImageOfPage\":{\"@id\":\"https:\/\/www.sonoraenequipo.com.mx\/softtek-nombra-a-david-jimenez-como-ceo-global-y-fortalece-su-estructura-de-liderazgo\/#primaryimage\"},\"image\":{\"@id\":\"https:\/\/www.sonoraenequipo.com.mx\/softtek-nombra-a-david-jimenez-como-ceo-global-y-fortalece-su-estructura-de-liderazgo\/#primaryimage\"},\"thumbnailUrl\":\"https:\/\/www.sonoraenequipo.com.mx\/storage\/2026\/04\/DAVID-Y-BLANCA.jpg\",\"datePublished\":\"2026-04-28T17:24:04+00:00\",\"description\":\"MONTERREY, NUEVO LE\u00d3N, MX. \u2014 Softtek, empresa global de Ingenier\u00eda de Software y servicios de TI, anunci\u00f3 hoy el nombramiento de David Jim\u00e9nez como CEO En Sonora en Equipo publicamos toda la informaci\u00f3n de Sonora, M\u00e9xico y el Mundo de manera oportuna y busca que la libertad de expresi\u00f3n sea real. Visita nuestro medio informativo publicado desde Hermosillo, Sonora. %\",\"breadcrumb\":{\"@id\":\"https:\/\/www.sonoraenequipo.com.mx\/softtek-nombra-a-david-jimenez-como-ceo-global-y-fortalece-su-estructura-de-liderazgo\/#breadcrumb\"},\"inLanguage\":\"es\",\"potentialAction\":[{\"@type\":\"ReadAction\",\"target\":[\"https:\/\/www.sonoraenequipo.com.mx\/softtek-nombra-a-david-jimenez-como-ceo-global-y-fortalece-su-estructura-de-liderazgo\/\"]}]},{\"@type\":\"ImageObject\",\"inLanguage\":\"es\",\"@id\":\"https:\/\/www.sonoraenequipo.com.mx\/softtek-nombra-a-david-jimenez-como-ceo-global-y-fortalece-su-estructura-de-liderazgo\/#primaryimage\",\"url\":\"https:\/\/www.sonoraenequipo.com.mx\/storage\/2026\/04\/DAVID-Y-BLANCA.jpg\",\"contentUrl\":\"https:\/\/www.sonoraenequipo.com.mx\/storage\/2026\/04\/DAVID-Y-BLANCA.jpg\",\"width\":600,\"height\":400,\"caption\":\"David Jim\u00e9nez y Blanca Trevi\u00f1o\"},{\"@type\":\"BreadcrumbList\",\"@id\":\"https:\/\/www.sonoraenequipo.com.mx\/softtek-nombra-a-david-jimenez-como-ceo-global-y-fortalece-su-estructura-de-liderazgo\/#breadcrumb\",\"itemListElement\":[{\"@type\":\"ListItem\",\"position\":1,\"name\":\"Portada\",\"item\":\"https:\/\/www.sonoraenequipo.com.mx\/\"},{\"@type\":\"ListItem\",\"position\":2,\"name\":\"Softtek nombra a David Jim\u00e9nez como CEO Global y fortalece su estructura de liderazgo\"}]},{\"@type\":\"WebSite\",\"@id\":\"https:\/\/www.sonoraenequipo.com.mx\/#website\",\"url\":\"https:\/\/www.sonoraenequipo.com.mx\/\",\"name\":\"Sonora en Equipo.\",\"description\":\"Diario en l\u00ednea con Noticias desde Hermosillo, Sonora\",\"publisher\":{\"@id\":\"https:\/\/www.sonoraenequipo.com.mx\/#organization\"},\"potentialAction\":[{\"@type\":\"SearchAction\",\"target\":{\"@type\":\"EntryPoint\",\"urlTemplate\":\"https:\/\/www.sonoraenequipo.com.mx\/?s={search_term_string}\"},\"query-input\":{\"@type\":\"PropertyValueSpecification\",\"valueRequired\":true,\"valueName\":\"search_term_string\"}}],\"inLanguage\":\"es\"},{\"@type\":\"Organization\",\"@id\":\"https:\/\/www.sonoraenequipo.com.mx\/#organization\",\"name\":\"Sonoraenequipo.com.mx\",\"url\":\"https:\/\/www.sonoraenequipo.com.mx\/\",\"logo\":{\"@type\":\"ImageObject\",\"inLanguage\":\"es\",\"@id\":\"https:\/\/www.sonoraenequipo.com.mx\/#\/schema\/logo\/image\/\",\"url\":\"https:\/\/www.sonoraenequipo.com.mx\/storage\/2019\/01\/sonoraenequipo_opt.png\",\"contentUrl\":\"https:\/\/www.sonoraenequipo.com.mx\/storage\/2019\/01\/sonoraenequipo_opt.png\",\"width\":375,\"height\":125,\"caption\":\"Sonoraenequipo.com.mx\"},\"image\":{\"@id\":\"https:\/\/www.sonoraenequipo.com.mx\/#\/schema\/logo\/image\/\"},\"sameAs\":[\"https:\/\/www.facebook.com\/SonoraEE\/\",\"https:\/\/x.com\/sonoraenequipo\",\"https:\/\/www.youtube.com\/channel\/UC338nW-lPEYmJQs4ZABQ1SQ\"]},{\"@type\":\"Person\",\"@id\":\"https:\/\/www.sonoraenequipo.com.mx\/#\/schema\/person\/50102df0fb23a8fa9e8effad8fa81386\",\"name\":\"enequipo\",\"image\":{\"@type\":\"ImageObject\",\"inLanguage\":\"es\",\"@id\":\"https:\/\/www.sonoraenequipo.com.mx\/#\/schema\/person\/image\/\",\"url\":\"https:\/\/secure.gravatar.com\/avatar\/049821681b589dabc0bc20695993ccebb09f5b5d4d790cd9251b97faac7c652b?s=96&d=blank&r=g\",\"contentUrl\":\"https:\/\/secure.gravatar.com\/avatar\/049821681b589dabc0bc20695993ccebb09f5b5d4d790cd9251b97faac7c652b?s=96&d=blank&r=g\",\"caption\":\"enequipo\"},\"sameAs\":[\"https:\/\/www.facebook.com\/SonoraEE\"]}]}<\/script>\n ","yoast_head_json":{"title":"Sonora en Equipo. Softtek nombra a David Jim\u00e9nez como CEO Global y fortalece su estructura de liderazgo PALABRAS Y N\u00daMEROS","description":"MONTERREY, NUEVO LE\u00d3N, MX. \u2014 Softtek, empresa global de Ingenier\u00eda de Software y servicios de TI, anunci\u00f3 hoy el nombramiento de David Jim\u00e9nez como CEO En Sonora en Equipo publicamos toda la informaci\u00f3n de Sonora, M\u00e9xico y el Mundo de manera oportuna y busca que la libertad de expresi\u00f3n sea real. Visita nuestro medio informativo publicado desde Hermosillo, Sonora. %","robots":{"index":"index","follow":"follow","max-snippet":"max-snippet:-1","max-image-preview":"max-image-preview:large","max-video-preview":"max-video-preview:-1"},"canonical":"https:\/\/www.sonoraenequipo.com.mx\/softtek-nombra-a-david-jimenez-como-ceo-global-y-fortalece-su-estructura-de-liderazgo\/","og_locale":"es_ES","og_type":"article","og_title":"Sonora en Equipo. Softtek nombra a David Jim\u00e9nez como CEO Global y fortalece su estructura de liderazgo PALABRAS Y N\u00daMEROS","og_description":"MONTERREY, NUEVO LE\u00d3N, MX. \u2014 Softtek, empresa global de Ingenier\u00eda de Software y servicios de TI, anunci\u00f3 hoy el nombramiento de David Jim\u00e9nez como CEO En Sonora en Equipo publicamos toda la informaci\u00f3n de Sonora, M\u00e9xico y el Mundo de manera oportuna y busca que la libertad de expresi\u00f3n sea real. Visita nuestro medio informativo publicado desde Hermosillo, Sonora. %","og_url":"https:\/\/www.sonoraenequipo.com.mx\/softtek-nombra-a-david-jimenez-como-ceo-global-y-fortalece-su-estructura-de-liderazgo\/","og_site_name":"Sonora en Equipo.","article_publisher":"https:\/\/www.facebook.com\/SonoraEE\/","article_author":"https:\/\/www.facebook.com\/SonoraEE","article_published_time":"2026-04-28T17:24:04+00:00","og_image":[{"width":600,"height":400,"url":"https:\/\/www.sonoraenequipo.com.mx\/storage\/2026\/04\/DAVID-Y-BLANCA.jpg","type":"image\/jpeg"}],"author":"enequipo","twitter_card":"summary_large_image","twitter_creator":"@sonoraenequipo","twitter_site":"@sonoraenequipo","twitter_misc":{"Escrito por":"enequipo","Tiempo de lectura":"3 minutos"},"schema":{"@context":"https:\/\/schema.org","@graph":[{"@type":"Article","@id":"https:\/\/www.sonoraenequipo.com.mx\/softtek-nombra-a-david-jimenez-como-ceo-global-y-fortalece-su-estructura-de-liderazgo\/#article","isPartOf":{"@id":"https:\/\/www.sonoraenequipo.com.mx\/softtek-nombra-a-david-jimenez-como-ceo-global-y-fortalece-su-estructura-de-liderazgo\/"},"author":{"name":"enequipo","@id":"https:\/\/www.sonoraenequipo.com.mx\/#\/schema\/person\/50102df0fb23a8fa9e8effad8fa81386"},"headline":"Softtek nombra a David Jim\u00e9nez como CEO Global y fortalece su estructura de liderazgo","datePublished":"2026-04-28T17:24:04+00:00","mainEntityOfPage":{"@id":"https:\/\/www.sonoraenequipo.com.mx\/softtek-nombra-a-david-jimenez-como-ceo-global-y-fortalece-su-estructura-de-liderazgo\/"},"wordCount":600,"commentCount":0,"publisher":{"@id":"https:\/\/www.sonoraenequipo.com.mx\/#organization"},"image":{"@id":"https:\/\/www.sonoraenequipo.com.mx\/softtek-nombra-a-david-jimenez-como-ceo-global-y-fortalece-su-estructura-de-liderazgo\/#primaryimage"},"thumbnailUrl":"https:\/\/www.sonoraenequipo.com.mx\/storage\/2026\/04\/DAVID-Y-BLANCA.jpg","articleSection":["PALABRAS Y N\u00daMEROS"],"inLanguage":"es","potentialAction":[{"@type":"CommentAction","name":"Comment","target":["https:\/\/www.sonoraenequipo.com.mx\/softtek-nombra-a-david-jimenez-como-ceo-global-y-fortalece-su-estructura-de-liderazgo\/#respond"]}]},{"@type":"WebPage","@id":"https:\/\/www.sonoraenequipo.com.mx\/softtek-nombra-a-david-jimenez-como-ceo-global-y-fortalece-su-estructura-de-liderazgo\/","url":"https:\/\/www.sonoraenequipo.com.mx\/softtek-nombra-a-david-jimenez-como-ceo-global-y-fortalece-su-estructura-de-liderazgo\/","name":"Sonora en Equipo. Softtek nombra a David Jim\u00e9nez como CEO Global y fortalece su estructura de liderazgo PALABRAS Y N\u00daMEROS","isPartOf":{"@id":"https:\/\/www.sonoraenequipo.com.mx\/#website"},"primaryImageOfPage":{"@id":"https:\/\/www.sonoraenequipo.com.mx\/softtek-nombra-a-david-jimenez-como-ceo-global-y-fortalece-su-estructura-de-liderazgo\/#primaryimage"},"image":{"@id":"https:\/\/www.sonoraenequipo.com.mx\/softtek-nombra-a-david-jimenez-como-ceo-global-y-fortalece-su-estructura-de-liderazgo\/#primaryimage"},"thumbnailUrl":"https:\/\/www.sonoraenequipo.com.mx\/storage\/2026\/04\/DAVID-Y-BLANCA.jpg","datePublished":"2026-04-28T17:24:04+00:00","description":"MONTERREY, NUEVO LE\u00d3N, MX. \u2014 Softtek, empresa global de Ingenier\u00eda de Software y servicios de TI, anunci\u00f3 hoy el nombramiento de David Jim\u00e9nez como CEO En Sonora en Equipo publicamos toda la informaci\u00f3n de Sonora, M\u00e9xico y el Mundo de manera oportuna y busca que la libertad de expresi\u00f3n sea real. Visita nuestro medio informativo publicado desde Hermosillo, Sonora. %","breadcrumb":{"@id":"https:\/\/www.sonoraenequipo.com.mx\/softtek-nombra-a-david-jimenez-como-ceo-global-y-fortalece-su-estructura-de-liderazgo\/#breadcrumb"},"inLanguage":"es","potentialAction":[{"@type":"ReadAction","target":["https:\/\/www.sonoraenequipo.com.mx\/softtek-nombra-a-david-jimenez-como-ceo-global-y-fortalece-su-estructura-de-liderazgo\/"]}]},{"@type":"ImageObject","inLanguage":"es","@id":"https:\/\/www.sonoraenequipo.com.mx\/softtek-nombra-a-david-jimenez-como-ceo-global-y-fortalece-su-estructura-de-liderazgo\/#primaryimage","url":"https:\/\/www.sonoraenequipo.com.mx\/storage\/2026\/04\/DAVID-Y-BLANCA.jpg","contentUrl":"https:\/\/www.sonoraenequipo.com.mx\/storage\/2026\/04\/DAVID-Y-BLANCA.jpg","width":600,"height":400,"caption":"David Jim\u00e9nez y Blanca Trevi\u00f1o"},{"@type":"BreadcrumbList","@id":"https:\/\/www.sonoraenequipo.com.mx\/softtek-nombra-a-david-jimenez-como-ceo-global-y-fortalece-su-estructura-de-liderazgo\/#breadcrumb","itemListElement":[{"@type":"ListItem","position":1,"name":"Portada","item":"https:\/\/www.sonoraenequipo.com.mx\/"},{"@type":"ListItem","position":2,"name":"Softtek nombra a David Jim\u00e9nez como CEO Global y fortalece su estructura de liderazgo"}]},{"@type":"WebSite","@id":"https:\/\/www.sonoraenequipo.com.mx\/#website","url":"https:\/\/www.sonoraenequipo.com.mx\/","name":"Sonora en Equipo.","description":"Diario en l\u00ednea con Noticias desde Hermosillo, Sonora","publisher":{"@id":"https:\/\/www.sonoraenequipo.com.mx\/#organization"},"potentialAction":[{"@type":"SearchAction","target":{"@type":"EntryPoint","urlTemplate":"https:\/\/www.sonoraenequipo.com.mx\/?s={search_term_string}"},"query-input":{"@type":"PropertyValueSpecification","valueRequired":true,"valueName":"search_term_string"}}],"inLanguage":"es"},{"@type":"Organization","@id":"https:\/\/www.sonoraenequipo.com.mx\/#organization","name":"Sonoraenequipo.com.mx","url":"https:\/\/www.sonoraenequipo.com.mx\/","logo":{"@type":"ImageObject","inLanguage":"es","@id":"https:\/\/www.sonoraenequipo.com.mx\/#\/schema\/logo\/image\/","url":"https:\/\/www.sonoraenequipo.com.mx\/storage\/2019\/01\/sonoraenequipo_opt.png","contentUrl":"https:\/\/www.sonoraenequipo.com.mx\/storage\/2019\/01\/sonoraenequipo_opt.png","width":375,"height":125,"caption":"Sonoraenequipo.com.mx"},"image":{"@id":"https:\/\/www.sonoraenequipo.com.mx\/#\/schema\/logo\/image\/"},"sameAs":["https:\/\/www.facebook.com\/SonoraEE\/","https:\/\/x.com\/sonoraenequipo","https:\/\/www.youtube.com\/channel\/UC338nW-lPEYmJQs4ZABQ1SQ"]},{"@type":"Person","@id":"https:\/\/www.sonoraenequipo.com.mx\/#\/schema\/person\/50102df0fb23a8fa9e8effad8fa81386","name":"enequipo","image":{"@type":"ImageObject","inLanguage":"es","@id":"https:\/\/www.sonoraenequipo.com.mx\/#\/schema\/person\/image\/","url":"https:\/\/secure.gravatar.com\/avatar\/049821681b589dabc0bc20695993ccebb09f5b5d4d790cd9251b97faac7c652b?s=96&d=blank&r=g","contentUrl":"https:\/\/secure.gravatar.com\/avatar\/049821681b589dabc0bc20695993ccebb09f5b5d4d790cd9251b97faac7c652b?s=96&d=blank&r=g","caption":"enequipo"},"sameAs":["https:\/\/www.facebook.com\/SonoraEE"]}]}},"jetpack_featured_media_url":"https:\/\/www.sonoraenequipo.com.mx\/storage\/2026\/04\/DAVID-Y-BLANCA.jpg","_links":{"self":[{"href":"https:\/\/www.sonoraenequipo.com.mx\/api\/wp\/v2\/posts\/240728","targetHints":{"allow":["GET"]}}],"collection":[{"href":"https:\/\/www.sonoraenequipo.com.mx\/api\/wp\/v2\/posts"}],"about":[{"href":"https:\/\/www.sonoraenequipo.com.mx\/api\/wp\/v2\/types\/post"}],"author":[{"embeddable":true,"href":"https:\/\/www.sonoraenequipo.com.mx\/api\/wp\/v2\/users\/1"}],"replies":[{"embeddable":true,"href":"https:\/\/www.sonoraenequipo.com.mx\/api\/wp\/v2\/comments?post=240728"}],"version-history":[{"count":1,"href":"https:\/\/www.sonoraenequipo.com.mx\/api\/wp\/v2\/posts\/240728\/revisions"}],"predecessor-version":[{"id":240730,"href":"https:\/\/www.sonoraenequipo.com.mx\/api\/wp\/v2\/posts\/240728\/revisions\/240730"}],"wp:featuredmedia":[{"embeddable":true,"href":"https:\/\/www.sonoraenequipo.com.mx\/api\/wp\/v2\/media\/240729"}],"wp:attachment":[{"href":"https:\/\/www.sonoraenequipo.com.mx\/api\/wp\/v2\/media?parent=240728"}],"wp:term":[{"taxonomy":"category","embeddable":true,"href":"https:\/\/www.sonoraenequipo.com.mx\/api\/wp\/v2\/categories?post=240728"},{"taxonomy":"post_tag","embeddable":true,"href":"https:\/\/www.sonoraenequipo.com.mx\/api\/wp\/v2\/tags?post=240728"}],"curies":[{"name":"wp","href":"https:\/\/api.w.org\/{rel}","templated":true}]}}