{"id":240741,"date":"2026-04-28T11:39:41","date_gmt":"2026-04-28T18:39:41","guid":{"rendered":"https:\/\/www.sonoraenequipo.com.mx\/?p=240741"},"modified":"2026-04-28T11:43:44","modified_gmt":"2026-04-28T18:43:44","slug":"repunta-empleo-formal-en-marzo","status":"publish","type":"post","link":"https:\/\/www.sonoraenequipo.com.mx\/repunta-empleo-formal-en-marzo\/","title":{"rendered":"Repunta empleo formal en marzo"},"content":{"rendered":"<p><b>CIUDAD DE M\u00c9XICO.MX. \u2014 <\/b>La Secretar\u00eda del Trabajo y Previsi\u00f3n Social (STPS), y el Instituto Mexicano del Seguro Social (IMSS), afirmaron que en el primer trimestre del a\u00f1o hay un incremento de 422 mil personas con ocupaci\u00f3n laboral comparado con el mismo periodo del a\u00f1o pasado, y afirmaron que en empleo formal hubo un repunte en el mes de marzo.<\/p>\n<p>&nbsp;<\/p>\n<p>&nbsp;<\/p>\n<p>&nbsp;<\/p>\n<p> <\/p>\n<p>Tras presentar las estad\u00edsticas en esta materia en la conferencia de prensa diaria en Palacio Nacional, la presidenta, Claudia Sheinbaum Pardo, sintetiz\u00f3: \u201c422 mil empleos m\u00e1s, entre (el periodo) enero-marzo de 2025, (comparado con) el de enero-marzo del 2026. Marzo de 2026; el marzo de mayor n\u00famero de empleos formales de la historia\u201d.<\/p>\n<p>&nbsp;<\/p>\n<p>&nbsp;<\/p>\n<p>&nbsp;<\/p>\n<p>A su vez, Marath Baruch Bola\u00f1os, titular de la STPS, afirm\u00f3 que de acuerdo con la Encuesta Nacional de Ocupaci\u00f3n y Empleo (ENOE), en marzo del presente a\u00f1o 60.2 millones de personas estaban ocupadas en el pa\u00eds. Indic\u00f3 que la medici\u00f3n que se debe comparar es con los mismos meses o periodo de a\u00f1os anteriores, lo que, insisti\u00f3, deja un saldo de 422 mil personas m\u00e1s con una ocupaci\u00f3n al compararlo con el a\u00f1o previo.<\/p>\n<p>&nbsp;<\/p>\n<p>&nbsp;<\/p>\n<p>Destac\u00f3 que M\u00e9xico registra una de las tasas de desocupaci\u00f3n m\u00e1s bajas de la OCDE producto, dijo, \u201c<strong><em>de una econom\u00eda que sigue ofreciendo oportunidades\u201d.<\/em><\/strong><\/p>\n<p>&nbsp;<\/p>\n<p>&nbsp;<\/p>\n<p>Tambi\u00e9n refiri\u00f3 que la tasa de desocupaci\u00f3n se ubic\u00f3 en 2.7 por ciento en enero, y en marzo alcanz\u00f3 el 2.4 por ciento, \u201ccon una reducci\u00f3n sostenida\u201d.<\/p>\n<p>&nbsp;<\/p>\n<p>&nbsp;<\/p>\n<p>En tanto, <em><strong>\u201cactualmente la pobreza laboral se encuentra en su punto m\u00e1s bajo desde que se tiene registro\u201d.<\/strong><\/em> Desde enero de 2019 se han creado 6.9 millones de empleos, de los que 4 millones son empleos formales.<\/p>\n<p>&nbsp;<\/p>\n<p>&nbsp;<\/p>\n<p>Por su parte, Zo\u00e9 Robledo, director general del IMSS, sostuvo que <strong><em>\u201cmuchos analistas tomaron la estimaci\u00f3n del ENOE y la usaron como si fuera la de puestos de trabajo formal registrados ante el IMSS\u201d.<\/em><\/strong> Y aunque se report\u00f3 que el empleo formal se hab\u00eda ca\u00eddo, eso<em><strong> \u201ccontrasta con los datos del IMSS\u201d.<\/strong><\/em><\/p>\n<p>&nbsp;<\/p>\n<p>&nbsp;<\/p>\n<p>&nbsp;<\/p>\n<p>Los registros del IMSS, apunt\u00f3, no es una encuesta, sino el reporte de personas con empleo formal, y explic\u00f3 que en lo que va del a\u00f1o 2026, se han creado m\u00e1s de 207 mil empleos, mientras que para marzo se alcanzaron los 22 millones 724 mil empleos. Agreg\u00f3 que el promedio de salario es de 663.5 pesos diarios.<\/p>\n<p>&nbsp;<\/p>\n<p>&nbsp;<\/p>\n<p>&nbsp;<\/p>\n<p>PUBLICADO EL 28 DE ABRIL 2026 Con informaci\u00f3n de N\u00e9stor Jim\u00e9nez y Alonso Urrutia)<\/p>\n","protected":false},"excerpt":{"rendered":"<p>CIUDAD DE M\u00c9XICO.MX. \u2014 La Secretar\u00eda del Trabajo y Previsi\u00f3n Social (STPS), y el Instituto&#8230;<\/p>\n","protected":false},"author":1,"featured_media":240742,"comment_status":"open","ping_status":"open","sticky":false,"template":"","format":"standard","meta":{"_monsterinsights_skip_tracking":false,"_monsterinsights_sitenote_active":false,"_monsterinsights_sitenote_note":"","_monsterinsights_sitenote_category":0,"footnotes":""},"categories":[5],"tags":[],"class_list":["post"],"yoast_head":" \n<title>Sonora en Equipo. Repunta empleo formal en marzo Rep\u00fablica<\/title>\n<meta name=\"description\" content=\"CIUDAD DE M\u00c9XICO.MX. \u2014 La Secretar\u00eda del Trabajo y Previsi\u00f3n Social (STPS), y el Instituto Mexicano del Seguro Social (IMSS), afirmaron que en el primer En Sonora en Equipo publicamos toda la informaci\u00f3n de Sonora, M\u00e9xico y el Mundo de manera oportuna y busca que la libertad de expresi\u00f3n sea real. Visita nuestro medio informativo publicado desde Hermosillo, Sonora. %\" \/>\n<meta name=\"robots\" content=\"index, follow, max-snippet:-1, max-image-preview:large, max-video-preview:-1\" \/>\n<link rel=\"canonical\" href=\"https:\/\/www.sonoraenequipo.com.mx\/repunta-empleo-formal-en-marzo\/\" \/>\n<meta property=\"og:locale\" content=\"es_ES\" \/>\n<meta property=\"og:type\" content=\"article\" \/>\n<meta property=\"og:title\" content=\"Sonora en Equipo. Repunta empleo formal en marzo Rep\u00fablica\" \/>\n<meta property=\"og:description\" content=\"CIUDAD DE M\u00c9XICO.MX. \u2014 La Secretar\u00eda del Trabajo y Previsi\u00f3n Social (STPS), y el Instituto Mexicano del Seguro Social (IMSS), afirmaron que en el primer En Sonora en Equipo publicamos toda la informaci\u00f3n de Sonora, M\u00e9xico y el Mundo de manera oportuna y busca que la libertad de expresi\u00f3n sea real. Visita nuestro medio informativo publicado desde Hermosillo, Sonora. %\" \/>\n<meta property=\"og:url\" content=\"https:\/\/www.sonoraenequipo.com.mx\/repunta-empleo-formal-en-marzo\/\" \/>\n<meta property=\"og:site_name\" content=\"Sonora en Equipo.\" \/>\n<meta property=\"article:publisher\" content=\"https:\/\/www.facebook.com\/SonoraEE\/\" \/>\n<meta property=\"article:author\" content=\"https:\/\/www.facebook.com\/SonoraEE\" \/>\n<meta property=\"article:published_time\" content=\"2026-04-28T18:39:41+00:00\" \/>\n<meta property=\"article:modified_time\" content=\"2026-04-28T18:43:44+00:00\" \/>\n<meta property=\"og:image\" content=\"https:\/\/www.sonoraenequipo.com.mx\/storage\/2026\/04\/aumentan-empleos-en-Mexico.webp\" \/>\n\t<meta property=\"og:image:width\" content=\"1200\" \/>\n\t<meta property=\"og:image:height\" content=\"630\" \/>\n\t<meta property=\"og:image:type\" content=\"image\/webp\" \/>\n<meta name=\"author\" content=\"enequipo\" \/>\n<meta name=\"twitter:card\" content=\"summary_large_image\" \/>\n<meta name=\"twitter:creator\" content=\"@sonoraenequipo\" \/>\n<meta name=\"twitter:site\" content=\"@sonoraenequipo\" \/>\n<meta name=\"twitter:label1\" content=\"Escrito por\" \/>\n\t<meta name=\"twitter:data1\" content=\"enequipo\" \/>\n\t<meta name=\"twitter:label2\" content=\"Tiempo de lectura\" \/>\n\t<meta name=\"twitter:data2\" content=\"2 minutos\" \/>\n<script type=\"application\/ld+json\" class=\"yoast-schema-graph\">{\"@context\":\"https:\/\/schema.org\",\"@graph\":[{\"@type\":\"Article\",\"@id\":\"https:\/\/www.sonoraenequipo.com.mx\/repunta-empleo-formal-en-marzo\/#article\",\"isPartOf\":{\"@id\":\"https:\/\/www.sonoraenequipo.com.mx\/repunta-empleo-formal-en-marzo\/\"},\"author\":{\"name\":\"enequipo\",\"@id\":\"https:\/\/www.sonoraenequipo.com.mx\/#\/schema\/person\/50102df0fb23a8fa9e8effad8fa81386\"},\"headline\":\"Repunta empleo formal en marzo\",\"datePublished\":\"2026-04-28T18:39:41+00:00\",\"dateModified\":\"2026-04-28T18:43:44+00:00\",\"mainEntityOfPage\":{\"@id\":\"https:\/\/www.sonoraenequipo.com.mx\/repunta-empleo-formal-en-marzo\/\"},\"wordCount\":440,\"commentCount\":0,\"publisher\":{\"@id\":\"https:\/\/www.sonoraenequipo.com.mx\/#organization\"},\"image\":{\"@id\":\"https:\/\/www.sonoraenequipo.com.mx\/repunta-empleo-formal-en-marzo\/#primaryimage\"},\"thumbnailUrl\":\"https:\/\/www.sonoraenequipo.com.mx\/storage\/2026\/04\/aumentan-empleos-en-Mexico.webp\",\"articleSection\":[\"Rep\u00fablica\"],\"inLanguage\":\"es\",\"potentialAction\":[{\"@type\":\"CommentAction\",\"name\":\"Comment\",\"target\":[\"https:\/\/www.sonoraenequipo.com.mx\/repunta-empleo-formal-en-marzo\/#respond\"]}]},{\"@type\":\"WebPage\",\"@id\":\"https:\/\/www.sonoraenequipo.com.mx\/repunta-empleo-formal-en-marzo\/\",\"url\":\"https:\/\/www.sonoraenequipo.com.mx\/repunta-empleo-formal-en-marzo\/\",\"name\":\"Sonora en Equipo. Repunta empleo formal en marzo Rep\u00fablica\",\"isPartOf\":{\"@id\":\"https:\/\/www.sonoraenequipo.com.mx\/#website\"},\"primaryImageOfPage\":{\"@id\":\"https:\/\/www.sonoraenequipo.com.mx\/repunta-empleo-formal-en-marzo\/#primaryimage\"},\"image\":{\"@id\":\"https:\/\/www.sonoraenequipo.com.mx\/repunta-empleo-formal-en-marzo\/#primaryimage\"},\"thumbnailUrl\":\"https:\/\/www.sonoraenequipo.com.mx\/storage\/2026\/04\/aumentan-empleos-en-Mexico.webp\",\"datePublished\":\"2026-04-28T18:39:41+00:00\",\"dateModified\":\"2026-04-28T18:43:44+00:00\",\"description\":\"CIUDAD DE M\u00c9XICO.MX. \u2014 La Secretar\u00eda del Trabajo y Previsi\u00f3n Social (STPS), y el Instituto Mexicano del Seguro Social (IMSS), afirmaron que en el primer En Sonora en Equipo publicamos toda la informaci\u00f3n de Sonora, M\u00e9xico y el Mundo de manera oportuna y busca que la libertad de expresi\u00f3n sea real. Visita nuestro medio informativo publicado desde Hermosillo, Sonora. %\",\"breadcrumb\":{\"@id\":\"https:\/\/www.sonoraenequipo.com.mx\/repunta-empleo-formal-en-marzo\/#breadcrumb\"},\"inLanguage\":\"es\",\"potentialAction\":[{\"@type\":\"ReadAction\",\"target\":[\"https:\/\/www.sonoraenequipo.com.mx\/repunta-empleo-formal-en-marzo\/\"]}]},{\"@type\":\"ImageObject\",\"inLanguage\":\"es\",\"@id\":\"https:\/\/www.sonoraenequipo.com.mx\/repunta-empleo-formal-en-marzo\/#primaryimage\",\"url\":\"https:\/\/www.sonoraenequipo.com.mx\/storage\/2026\/04\/aumentan-empleos-en-Mexico.webp\",\"contentUrl\":\"https:\/\/www.sonoraenequipo.com.mx\/storage\/2026\/04\/aumentan-empleos-en-Mexico.webp\",\"width\":1200,\"height\":630},{\"@type\":\"BreadcrumbList\",\"@id\":\"https:\/\/www.sonoraenequipo.com.mx\/repunta-empleo-formal-en-marzo\/#breadcrumb\",\"itemListElement\":[{\"@type\":\"ListItem\",\"position\":1,\"name\":\"Portada\",\"item\":\"https:\/\/www.sonoraenequipo.com.mx\/\"},{\"@type\":\"ListItem\",\"position\":2,\"name\":\"Repunta empleo formal en marzo\"}]},{\"@type\":\"WebSite\",\"@id\":\"https:\/\/www.sonoraenequipo.com.mx\/#website\",\"url\":\"https:\/\/www.sonoraenequipo.com.mx\/\",\"name\":\"Sonora en Equipo.\",\"description\":\"Diario en l\u00ednea con Noticias desde Hermosillo, Sonora\",\"publisher\":{\"@id\":\"https:\/\/www.sonoraenequipo.com.mx\/#organization\"},\"potentialAction\":[{\"@type\":\"SearchAction\",\"target\":{\"@type\":\"EntryPoint\",\"urlTemplate\":\"https:\/\/www.sonoraenequipo.com.mx\/?s={search_term_string}\"},\"query-input\":{\"@type\":\"PropertyValueSpecification\",\"valueRequired\":true,\"valueName\":\"search_term_string\"}}],\"inLanguage\":\"es\"},{\"@type\":\"Organization\",\"@id\":\"https:\/\/www.sonoraenequipo.com.mx\/#organization\",\"name\":\"Sonoraenequipo.com.mx\",\"url\":\"https:\/\/www.sonoraenequipo.com.mx\/\",\"logo\":{\"@type\":\"ImageObject\",\"inLanguage\":\"es\",\"@id\":\"https:\/\/www.sonoraenequipo.com.mx\/#\/schema\/logo\/image\/\",\"url\":\"https:\/\/www.sonoraenequipo.com.mx\/storage\/2019\/01\/sonoraenequipo_opt.png\",\"contentUrl\":\"https:\/\/www.sonoraenequipo.com.mx\/storage\/2019\/01\/sonoraenequipo_opt.png\",\"width\":375,\"height\":125,\"caption\":\"Sonoraenequipo.com.mx\"},\"image\":{\"@id\":\"https:\/\/www.sonoraenequipo.com.mx\/#\/schema\/logo\/image\/\"},\"sameAs\":[\"https:\/\/www.facebook.com\/SonoraEE\/\",\"https:\/\/x.com\/sonoraenequipo\",\"https:\/\/www.youtube.com\/channel\/UC338nW-lPEYmJQs4ZABQ1SQ\"]},{\"@type\":\"Person\",\"@id\":\"https:\/\/www.sonoraenequipo.com.mx\/#\/schema\/person\/50102df0fb23a8fa9e8effad8fa81386\",\"name\":\"enequipo\",\"image\":{\"@type\":\"ImageObject\",\"inLanguage\":\"es\",\"@id\":\"https:\/\/www.sonoraenequipo.com.mx\/#\/schema\/person\/image\/\",\"url\":\"https:\/\/secure.gravatar.com\/avatar\/049821681b589dabc0bc20695993ccebb09f5b5d4d790cd9251b97faac7c652b?s=96&d=blank&r=g\",\"contentUrl\":\"https:\/\/secure.gravatar.com\/avatar\/049821681b589dabc0bc20695993ccebb09f5b5d4d790cd9251b97faac7c652b?s=96&d=blank&r=g\",\"caption\":\"enequipo\"},\"sameAs\":[\"https:\/\/www.facebook.com\/SonoraEE\"]}]}<\/script>\n ","yoast_head_json":{"title":"Sonora en Equipo. Repunta empleo formal en marzo Rep\u00fablica","description":"CIUDAD DE M\u00c9XICO.MX. \u2014 La Secretar\u00eda del Trabajo y Previsi\u00f3n Social (STPS), y el Instituto Mexicano del Seguro Social (IMSS), afirmaron que en el primer En Sonora en Equipo publicamos toda la informaci\u00f3n de Sonora, M\u00e9xico y el Mundo de manera oportuna y busca que la libertad de expresi\u00f3n sea real. Visita nuestro medio informativo publicado desde Hermosillo, Sonora. %","robots":{"index":"index","follow":"follow","max-snippet":"max-snippet:-1","max-image-preview":"max-image-preview:large","max-video-preview":"max-video-preview:-1"},"canonical":"https:\/\/www.sonoraenequipo.com.mx\/repunta-empleo-formal-en-marzo\/","og_locale":"es_ES","og_type":"article","og_title":"Sonora en Equipo. Repunta empleo formal en marzo Rep\u00fablica","og_description":"CIUDAD DE M\u00c9XICO.MX. \u2014 La Secretar\u00eda del Trabajo y Previsi\u00f3n Social (STPS), y el Instituto Mexicano del Seguro Social (IMSS), afirmaron que en el primer En Sonora en Equipo publicamos toda la informaci\u00f3n de Sonora, M\u00e9xico y el Mundo de manera oportuna y busca que la libertad de expresi\u00f3n sea real. Visita nuestro medio informativo publicado desde Hermosillo, Sonora. %","og_url":"https:\/\/www.sonoraenequipo.com.mx\/repunta-empleo-formal-en-marzo\/","og_site_name":"Sonora en Equipo.","article_publisher":"https:\/\/www.facebook.com\/SonoraEE\/","article_author":"https:\/\/www.facebook.com\/SonoraEE","article_published_time":"2026-04-28T18:39:41+00:00","article_modified_time":"2026-04-28T18:43:44+00:00","og_image":[{"width":1200,"height":630,"url":"https:\/\/www.sonoraenequipo.com.mx\/storage\/2026\/04\/aumentan-empleos-en-Mexico.webp","type":"image\/webp"}],"author":"enequipo","twitter_card":"summary_large_image","twitter_creator":"@sonoraenequipo","twitter_site":"@sonoraenequipo","twitter_misc":{"Escrito por":"enequipo","Tiempo de lectura":"2 minutos"},"schema":{"@context":"https:\/\/schema.org","@graph":[{"@type":"Article","@id":"https:\/\/www.sonoraenequipo.com.mx\/repunta-empleo-formal-en-marzo\/#article","isPartOf":{"@id":"https:\/\/www.sonoraenequipo.com.mx\/repunta-empleo-formal-en-marzo\/"},"author":{"name":"enequipo","@id":"https:\/\/www.sonoraenequipo.com.mx\/#\/schema\/person\/50102df0fb23a8fa9e8effad8fa81386"},"headline":"Repunta empleo formal en marzo","datePublished":"2026-04-28T18:39:41+00:00","dateModified":"2026-04-28T18:43:44+00:00","mainEntityOfPage":{"@id":"https:\/\/www.sonoraenequipo.com.mx\/repunta-empleo-formal-en-marzo\/"},"wordCount":440,"commentCount":0,"publisher":{"@id":"https:\/\/www.sonoraenequipo.com.mx\/#organization"},"image":{"@id":"https:\/\/www.sonoraenequipo.com.mx\/repunta-empleo-formal-en-marzo\/#primaryimage"},"thumbnailUrl":"https:\/\/www.sonoraenequipo.com.mx\/storage\/2026\/04\/aumentan-empleos-en-Mexico.webp","articleSection":["Rep\u00fablica"],"inLanguage":"es","potentialAction":[{"@type":"CommentAction","name":"Comment","target":["https:\/\/www.sonoraenequipo.com.mx\/repunta-empleo-formal-en-marzo\/#respond"]}]},{"@type":"WebPage","@id":"https:\/\/www.sonoraenequipo.com.mx\/repunta-empleo-formal-en-marzo\/","url":"https:\/\/www.sonoraenequipo.com.mx\/repunta-empleo-formal-en-marzo\/","name":"Sonora en Equipo. Repunta empleo formal en marzo Rep\u00fablica","isPartOf":{"@id":"https:\/\/www.sonoraenequipo.com.mx\/#website"},"primaryImageOfPage":{"@id":"https:\/\/www.sonoraenequipo.com.mx\/repunta-empleo-formal-en-marzo\/#primaryimage"},"image":{"@id":"https:\/\/www.sonoraenequipo.com.mx\/repunta-empleo-formal-en-marzo\/#primaryimage"},"thumbnailUrl":"https:\/\/www.sonoraenequipo.com.mx\/storage\/2026\/04\/aumentan-empleos-en-Mexico.webp","datePublished":"2026-04-28T18:39:41+00:00","dateModified":"2026-04-28T18:43:44+00:00","description":"CIUDAD DE M\u00c9XICO.MX. \u2014 La Secretar\u00eda del Trabajo y Previsi\u00f3n Social (STPS), y el Instituto Mexicano del Seguro Social (IMSS), afirmaron que en el primer En Sonora en Equipo publicamos toda la informaci\u00f3n de Sonora, M\u00e9xico y el Mundo de manera oportuna y busca que la libertad de expresi\u00f3n sea real. Visita nuestro medio informativo publicado desde Hermosillo, Sonora. %","breadcrumb":{"@id":"https:\/\/www.sonoraenequipo.com.mx\/repunta-empleo-formal-en-marzo\/#breadcrumb"},"inLanguage":"es","potentialAction":[{"@type":"ReadAction","target":["https:\/\/www.sonoraenequipo.com.mx\/repunta-empleo-formal-en-marzo\/"]}]},{"@type":"ImageObject","inLanguage":"es","@id":"https:\/\/www.sonoraenequipo.com.mx\/repunta-empleo-formal-en-marzo\/#primaryimage","url":"https:\/\/www.sonoraenequipo.com.mx\/storage\/2026\/04\/aumentan-empleos-en-Mexico.webp","contentUrl":"https:\/\/www.sonoraenequipo.com.mx\/storage\/2026\/04\/aumentan-empleos-en-Mexico.webp","width":1200,"height":630},{"@type":"BreadcrumbList","@id":"https:\/\/www.sonoraenequipo.com.mx\/repunta-empleo-formal-en-marzo\/#breadcrumb","itemListElement":[{"@type":"ListItem","position":1,"name":"Portada","item":"https:\/\/www.sonoraenequipo.com.mx\/"},{"@type":"ListItem","position":2,"name":"Repunta empleo formal en marzo"}]},{"@type":"WebSite","@id":"https:\/\/www.sonoraenequipo.com.mx\/#website","url":"https:\/\/www.sonoraenequipo.com.mx\/","name":"Sonora en Equipo.","description":"Diario en l\u00ednea con Noticias desde Hermosillo, Sonora","publisher":{"@id":"https:\/\/www.sonoraenequipo.com.mx\/#organization"},"potentialAction":[{"@type":"SearchAction","target":{"@type":"EntryPoint","urlTemplate":"https:\/\/www.sonoraenequipo.com.mx\/?s={search_term_string}"},"query-input":{"@type":"PropertyValueSpecification","valueRequired":true,"valueName":"search_term_string"}}],"inLanguage":"es"},{"@type":"Organization","@id":"https:\/\/www.sonoraenequipo.com.mx\/#organization","name":"Sonoraenequipo.com.mx","url":"https:\/\/www.sonoraenequipo.com.mx\/","logo":{"@type":"ImageObject","inLanguage":"es","@id":"https:\/\/www.sonoraenequipo.com.mx\/#\/schema\/logo\/image\/","url":"https:\/\/www.sonoraenequipo.com.mx\/storage\/2019\/01\/sonoraenequipo_opt.png","contentUrl":"https:\/\/www.sonoraenequipo.com.mx\/storage\/2019\/01\/sonoraenequipo_opt.png","width":375,"height":125,"caption":"Sonoraenequipo.com.mx"},"image":{"@id":"https:\/\/www.sonoraenequipo.com.mx\/#\/schema\/logo\/image\/"},"sameAs":["https:\/\/www.facebook.com\/SonoraEE\/","https:\/\/x.com\/sonoraenequipo","https:\/\/www.youtube.com\/channel\/UC338nW-lPEYmJQs4ZABQ1SQ"]},{"@type":"Person","@id":"https:\/\/www.sonoraenequipo.com.mx\/#\/schema\/person\/50102df0fb23a8fa9e8effad8fa81386","name":"enequipo","image":{"@type":"ImageObject","inLanguage":"es","@id":"https:\/\/www.sonoraenequipo.com.mx\/#\/schema\/person\/image\/","url":"https:\/\/secure.gravatar.com\/avatar\/049821681b589dabc0bc20695993ccebb09f5b5d4d790cd9251b97faac7c652b?s=96&d=blank&r=g","contentUrl":"https:\/\/secure.gravatar.com\/avatar\/049821681b589dabc0bc20695993ccebb09f5b5d4d790cd9251b97faac7c652b?s=96&d=blank&r=g","caption":"enequipo"},"sameAs":["https:\/\/www.facebook.com\/SonoraEE"]}]}},"jetpack_featured_media_url":"https:\/\/www.sonoraenequipo.com.mx\/storage\/2026\/04\/aumentan-empleos-en-Mexico.webp","_links":{"self":[{"href":"https:\/\/www.sonoraenequipo.com.mx\/api\/wp\/v2\/posts\/240741","targetHints":{"allow":["GET"]}}],"collection":[{"href":"https:\/\/www.sonoraenequipo.com.mx\/api\/wp\/v2\/posts"}],"about":[{"href":"https:\/\/www.sonoraenequipo.com.mx\/api\/wp\/v2\/types\/post"}],"author":[{"embeddable":true,"href":"https:\/\/www.sonoraenequipo.com.mx\/api\/wp\/v2\/users\/1"}],"replies":[{"embeddable":true,"href":"https:\/\/www.sonoraenequipo.com.mx\/api\/wp\/v2\/comments?post=240741"}],"version-history":[{"count":1,"href":"https:\/\/www.sonoraenequipo.com.mx\/api\/wp\/v2\/posts\/240741\/revisions"}],"predecessor-version":[{"id":240743,"href":"https:\/\/www.sonoraenequipo.com.mx\/api\/wp\/v2\/posts\/240741\/revisions\/240743"}],"wp:featuredmedia":[{"embeddable":true,"href":"https:\/\/www.sonoraenequipo.com.mx\/api\/wp\/v2\/media\/240742"}],"wp:attachment":[{"href":"https:\/\/www.sonoraenequipo.com.mx\/api\/wp\/v2\/media?parent=240741"}],"wp:term":[{"taxonomy":"category","embeddable":true,"href":"https:\/\/www.sonoraenequipo.com.mx\/api\/wp\/v2\/categories?post=240741"},{"taxonomy":"post_tag","embeddable":true,"href":"https:\/\/www.sonoraenequipo.com.mx\/api\/wp\/v2\/tags?post=240741"}],"curies":[{"name":"wp","href":"https:\/\/api.w.org\/{rel}","templated":true}]}}