{"id":240762,"date":"2026-04-28T15:08:02","date_gmt":"2026-04-28T22:08:02","guid":{"rendered":"https:\/\/www.sonoraenequipo.com.mx\/?p=240762"},"modified":"2026-04-28T15:34:01","modified_gmt":"2026-04-28T22:34:01","slug":"fortalecimiento-bilateral-sonora-arizona-y-desarrollo-social-en-sonora-durazo","status":"publish","type":"post","link":"https:\/\/www.sonoraenequipo.com.mx\/fortalecimiento-bilateral-sonora-arizona-y-desarrollo-social-en-sonora-durazo\/","title":{"rendered":"Fortalecimiento Bilateral Sonora-Arizona y Desarrollo Social en Sonora: rueda de prensa Durazo"},"content":{"rendered":"<p>Resumen general rueda de prensa gobernador de Sonora Alfonso Durazo Monta\u00f1o hoy martes (28\/04\/2026)<\/p>\n<p><strong>HERMOSILLO, SONORA, MX. \u2014<\/strong> El gobernador Alfonso Durazo Monta\u00f1o present\u00f3 una conferencia enfocada en la consolidaci\u00f3n de la relaci\u00f3n econ\u00f3mica, social y cultural entre Sonora y Arizona, destacando proyectos estrat\u00e9gicos binacionales, como la aduana Douglas II y la modernizaci\u00f3n del puerto de Nogales. Se enfatiz\u00f3 la colaboraci\u00f3n con la Universidad de Arizona para la formaci\u00f3n t\u00e9cnica vinculada a sectores tecnol\u00f3gicos emergentes. Adem\u00e1s, se detallaron importantes iniciativas sociales y educativas dentro de Sonora, incluyendo la entrega masiva de uniformes escolares gratuitos, la inauguraci\u00f3n de instalaciones para estudiantes y familiares, as\u00ed como la capacitaci\u00f3n de m\u00e9dicos p\u00fablicos a trav\u00e9s de un programa en alianza con el Tecnol\u00f3gico de Monterrey. Finalmente, se presentaron acciones para fomentar el deporte y la inclusi\u00f3n social, con la rehabilitaci\u00f3n de canchas deportivas y la promoci\u00f3n de torneos para j\u00f3venes y mujeres.<\/p>\n<p>&nbsp;<\/p>\n<p>Resumen por tema<\/p>\n<p><strong>Relaci\u00f3n Sonora-Arizona: Historia y Econom\u00eda<\/strong><\/p>\n<p>&#8211; Existencia de la Comisi\u00f3n Sonora-Arizona con m\u00e1s de 60 a\u00f1os como pilar institucional.<\/p>\n<p>&#8211; Intercambio comercial M\u00e9xico-Arizona de 28 mil millones de d\u00f3lares, en el cual Sonora representa el 70% de la actividad.<\/p>\n<p>&#8211; La frontera funciona como un espacio de comunicaci\u00f3n social y econ\u00f3mica, no como una divisi\u00f3n, con comunidades binacionales.<\/p>\n<p>&#8211; Proyectos estrat\u00e9gicos en curso: aduana Douglas II y modernizaci\u00f3n del puerto de Nogales para facilitar movilidad y comercio.<\/p>\n<p>&nbsp;<\/p>\n<p><strong>Colaboraci\u00f3n Acad\u00e9mica y Tecnol\u00f3gica<\/strong><\/p>\n<p>&#8211; Acuerdo con la Universidad de Arizona para formaci\u00f3n t\u00e9cnica en ingl\u00e9s, semiconductores y electromovilidad.<\/p>\n<p>&#8211; Incorporaci\u00f3n de Sonora en la cadena de valor tecnol\u00f3gica de Arizona, particularmente en microchips.<\/p>\n<p>&#8211; Ampliaci\u00f3n de la participaci\u00f3n empresarial binacional en reuniones y cooperaci\u00f3n.<\/p>\n<p>&#8211; Presencia significativa de la poblaci\u00f3n sonorense en Arizona (aprox. 70 mil personas).<\/p>\n<p>&nbsp;<\/p>\n<p><strong>Infraestructura y Atenci\u00f3n Social para Estudiantes y Familias<\/strong><\/p>\n<p>&#8211; Instalaci\u00f3n multiprop\u00f3sito para alojar a familiares de pacientes del Hospital General del Estado y estudiantes originarios de la sierra.<\/p>\n<p>&#8211; Inversi\u00f3n de 55 millones de pesos con servicios integrales de administraci\u00f3n, alimentaci\u00f3n y transporte.<\/p>\n<p>&#8211; Casa del Estudiante de la Sierra con instalaciones equipadas para internados y familiares, inicio de inscripciones en julio para ciclo 2026-2027.<\/p>\n<p>&#8211; Transporte escolar propio y sistemas de seguridad certificados.<\/p>\n<p>&nbsp;<\/p>\n<p><strong>Programa de Uniformes Escolares Gratuitos<\/strong><\/p>\n<p>&#8211; Distribuci\u00f3n de m\u00e1s de 400 mil juegos completos (ropa, camiseta, calzado) en 70 municipios.<\/p>\n<p>&#8211; Mayor inversi\u00f3n hist\u00f3rica en uniformes comparada con gobiernos anteriores.<\/p>\n<p>&#8211; Uniformes con alta calidad y durabilidad garantizadas.<\/p>\n<p>&#8211; Entrega centralizada en dos sedes principales: Hermosillo y Cajeme, con fechas definidas para distribuci\u00f3n.<\/p>\n<p>&nbsp;<\/p>\n<p>Capacitaci\u00f3n para M\u00e9dicos de Salud P\u00fablica<\/p>\n<p>&#8211; Curso para mil doctores en atenci\u00f3n primaria, enfocado en nutrici\u00f3n, salud mental, prevenci\u00f3n y habilidades digitales.<\/p>\n<p>&#8211; Colaboraci\u00f3n con Tecnol\u00f3gico de Monterrey, campus Hermosillo, y financiamiento mixto de BBVA y Tec de Monterrey (30 millones de pesos).<\/p>\n<p>&#8211; 18 programas acad\u00e9micos, 800 horas totales, impartidos por 65 expertos en modalidad virtual o presencial.<\/p>\n<p>&#8211; Objetivo de mejorar la calidad de los servicios p\u00fablicos de salud.<\/p>\n<p>&nbsp;<\/p>\n<p><strong>Fomento Deportivo y Social<\/strong><\/p>\n<p>&#8211; Programa Sonora Mundial, impulsado para promover la pr\u00e1ctica deportiva y la inclusi\u00f3n social, complementaria al Mundial de f\u00fatbol.<\/p>\n<p>&#8211; Participaci\u00f3n de clubes profesionales mexicanos (Pumas, Am\u00e9rica, Pachuca) para detecci\u00f3n de talento juvenil.<\/p>\n<p>&#8211; Torneo para mujeres impulsado por la Secretar\u00eda de las Mujeres, con equipos de 7 municipios y etapas regionales para visibilizar la participaci\u00f3n femenina.<\/p>\n<p>&#8211; Construcci\u00f3n y rehabilitaci\u00f3n de 200 canchas deportivas en Sonora con recursos federales y estatales, finalizaci\u00f3n prevista para mayo 2026.<\/p>\n<p>&#8211; Apoyo de clubes y entrenadores profesionales para promover oportunidades en el deporte juvenil.<\/p>\n<p>Este conjunto de estrategias refleja el compromiso integral del gobierno de Sonora por fortalecer no s\u00f3lo la econom\u00eda y relaciones binacionales con Arizona, sino tambi\u00e9n el desarrollo social, educativo, tecnol\u00f3gico y deportivo dentro del estado.<\/p>\n<p><strong>Fecha de publicaci\u00f3n martes 28 de abril de 2026<\/strong><\/p>\n<p>&nbsp;<\/p>\n<p>&nbsp;<\/p>\n<p>&nbsp;<\/p>\n","protected":false},"excerpt":{"rendered":"<p>Resumen general rueda de prensa gobernador de Sonora Alfonso Durazo Monta\u00f1o hoy martes (28\/04\/2026) HERMOSILLO,&#8230;<\/p>\n","protected":false},"author":6,"featured_media":194131,"comment_status":"open","ping_status":"open","sticky":false,"template":"","format":"standard","meta":{"_monsterinsights_skip_tracking":false,"_monsterinsights_sitenote_active":false,"_monsterinsights_sitenote_note":"","_monsterinsights_sitenote_category":0,"footnotes":""},"categories":[22],"tags":[2200,12465],"class_list":["post"],"yoast_head":" \n<title>Sonora en Equipo. Fortalecimiento Bilateral Sonora-Arizona y Desarrollo Social en Sonora: rueda de prensa Durazo Sonora<\/title>\n<meta name=\"description\" content=\"Resumen general rueda de prensa gobernador de Sonora Alfonso Durazo Monta\u00f1o hoy martes (28\/04\/2026) HERMOSILLO, SONORA, MX. \u2014 El gobernador Alfonso Durazo En Sonora en Equipo publicamos toda la informaci\u00f3n de Sonora, M\u00e9xico y el Mundo de manera oportuna y busca que la libertad de expresi\u00f3n sea real. Visita nuestro medio informativo publicado desde Hermosillo, Sonora. %\" \/>\n<meta name=\"robots\" content=\"index, follow, max-snippet:-1, max-image-preview:large, max-video-preview:-1\" \/>\n<link rel=\"canonical\" href=\"https:\/\/www.sonoraenequipo.com.mx\/fortalecimiento-bilateral-sonora-arizona-y-desarrollo-social-en-sonora-durazo\/\" \/>\n<meta property=\"og:locale\" content=\"es_ES\" \/>\n<meta property=\"og:type\" content=\"article\" \/>\n<meta property=\"og:title\" content=\"Sonora en Equipo. Fortalecimiento Bilateral Sonora-Arizona y Desarrollo Social en Sonora: rueda de prensa Durazo Sonora\" \/>\n<meta property=\"og:description\" content=\"Resumen general rueda de prensa gobernador de Sonora Alfonso Durazo Monta\u00f1o hoy martes (28\/04\/2026) HERMOSILLO, SONORA, MX. \u2014 El gobernador Alfonso Durazo En Sonora en Equipo publicamos toda la informaci\u00f3n de Sonora, M\u00e9xico y el Mundo de manera oportuna y busca que la libertad de expresi\u00f3n sea real. Visita nuestro medio informativo publicado desde Hermosillo, Sonora. %\" \/>\n<meta property=\"og:url\" content=\"https:\/\/www.sonoraenequipo.com.mx\/fortalecimiento-bilateral-sonora-arizona-y-desarrollo-social-en-sonora-durazo\/\" \/>\n<meta property=\"og:site_name\" content=\"Sonora en Equipo.\" \/>\n<meta property=\"article:publisher\" content=\"https:\/\/www.facebook.com\/SonoraEE\/\" \/>\n<meta property=\"article:published_time\" content=\"2026-04-28T22:08:02+00:00\" \/>\n<meta property=\"article:modified_time\" content=\"2026-04-28T22:34:01+00:00\" \/>\n<meta property=\"og:image\" content=\"https:\/\/www.sonoraenequipo.com.mx\/storage\/2024\/07\/adm-rp090724.jpg\" \/>\n\t<meta property=\"og:image:width\" content=\"600\" \/>\n\t<meta property=\"og:image:height\" content=\"413\" \/>\n\t<meta property=\"og:image:type\" content=\"image\/jpeg\" \/>\n<meta name=\"author\" content=\"Nacho Bandin\" \/>\n<meta name=\"twitter:card\" content=\"summary_large_image\" \/>\n<meta name=\"twitter:creator\" content=\"@sonoraenequipo\" \/>\n<meta name=\"twitter:site\" content=\"@sonoraenequipo\" \/>\n<meta name=\"twitter:label1\" content=\"Escrito por\" \/>\n\t<meta name=\"twitter:data1\" content=\"Nacho Bandin\" \/>\n\t<meta name=\"twitter:label2\" content=\"Tiempo de lectura\" \/>\n\t<meta name=\"twitter:data2\" content=\"3 minutos\" \/>\n<script type=\"application\/ld+json\" class=\"yoast-schema-graph\">{\"@context\":\"https:\/\/schema.org\",\"@graph\":[{\"@type\":\"Article\",\"@id\":\"https:\/\/www.sonoraenequipo.com.mx\/fortalecimiento-bilateral-sonora-arizona-y-desarrollo-social-en-sonora-durazo\/#article\",\"isPartOf\":{\"@id\":\"https:\/\/www.sonoraenequipo.com.mx\/fortalecimiento-bilateral-sonora-arizona-y-desarrollo-social-en-sonora-durazo\/\"},\"author\":{\"name\":\"Nacho Bandin\",\"@id\":\"https:\/\/www.sonoraenequipo.com.mx\/#\/schema\/person\/fbd9952aca28efec00f1fb7fa9428cad\"},\"headline\":\"Fortalecimiento Bilateral Sonora-Arizona y Desarrollo Social en Sonora: rueda de prensa Durazo\",\"datePublished\":\"2026-04-28T22:08:02+00:00\",\"dateModified\":\"2026-04-28T22:34:01+00:00\",\"mainEntityOfPage\":{\"@id\":\"https:\/\/www.sonoraenequipo.com.mx\/fortalecimiento-bilateral-sonora-arizona-y-desarrollo-social-en-sonora-durazo\/\"},\"wordCount\":710,\"commentCount\":0,\"publisher\":{\"@id\":\"https:\/\/www.sonoraenequipo.com.mx\/#organization\"},\"image\":{\"@id\":\"https:\/\/www.sonoraenequipo.com.mx\/fortalecimiento-bilateral-sonora-arizona-y-desarrollo-social-en-sonora-durazo\/#primaryimage\"},\"thumbnailUrl\":\"https:\/\/www.sonoraenequipo.com.mx\/storage\/2024\/07\/adm-rp090724.jpg\",\"keywords\":[\"Alfonso Durazo\",\"rueda prensa\"],\"articleSection\":[\"Sonora\"],\"inLanguage\":\"es\",\"potentialAction\":[{\"@type\":\"CommentAction\",\"name\":\"Comment\",\"target\":[\"https:\/\/www.sonoraenequipo.com.mx\/fortalecimiento-bilateral-sonora-arizona-y-desarrollo-social-en-sonora-durazo\/#respond\"]}]},{\"@type\":\"WebPage\",\"@id\":\"https:\/\/www.sonoraenequipo.com.mx\/fortalecimiento-bilateral-sonora-arizona-y-desarrollo-social-en-sonora-durazo\/\",\"url\":\"https:\/\/www.sonoraenequipo.com.mx\/fortalecimiento-bilateral-sonora-arizona-y-desarrollo-social-en-sonora-durazo\/\",\"name\":\"Sonora en Equipo. Fortalecimiento Bilateral Sonora-Arizona y Desarrollo Social en Sonora: rueda de prensa Durazo Sonora\",\"isPartOf\":{\"@id\":\"https:\/\/www.sonoraenequipo.com.mx\/#website\"},\"primaryImageOfPage\":{\"@id\":\"https:\/\/www.sonoraenequipo.com.mx\/fortalecimiento-bilateral-sonora-arizona-y-desarrollo-social-en-sonora-durazo\/#primaryimage\"},\"image\":{\"@id\":\"https:\/\/www.sonoraenequipo.com.mx\/fortalecimiento-bilateral-sonora-arizona-y-desarrollo-social-en-sonora-durazo\/#primaryimage\"},\"thumbnailUrl\":\"https:\/\/www.sonoraenequipo.com.mx\/storage\/2024\/07\/adm-rp090724.jpg\",\"datePublished\":\"2026-04-28T22:08:02+00:00\",\"dateModified\":\"2026-04-28T22:34:01+00:00\",\"description\":\"Resumen general rueda de prensa gobernador de Sonora Alfonso Durazo Monta\u00f1o hoy martes (28\/04\/2026) HERMOSILLO, SONORA, MX. \u2014 El gobernador Alfonso Durazo En Sonora en Equipo publicamos toda la informaci\u00f3n de Sonora, M\u00e9xico y el Mundo de manera oportuna y busca que la libertad de expresi\u00f3n sea real. Visita nuestro medio informativo publicado desde Hermosillo, Sonora. %\",\"breadcrumb\":{\"@id\":\"https:\/\/www.sonoraenequipo.com.mx\/fortalecimiento-bilateral-sonora-arizona-y-desarrollo-social-en-sonora-durazo\/#breadcrumb\"},\"inLanguage\":\"es\",\"potentialAction\":[{\"@type\":\"ReadAction\",\"target\":[\"https:\/\/www.sonoraenequipo.com.mx\/fortalecimiento-bilateral-sonora-arizona-y-desarrollo-social-en-sonora-durazo\/\"]}]},{\"@type\":\"ImageObject\",\"inLanguage\":\"es\",\"@id\":\"https:\/\/www.sonoraenequipo.com.mx\/fortalecimiento-bilateral-sonora-arizona-y-desarrollo-social-en-sonora-durazo\/#primaryimage\",\"url\":\"https:\/\/www.sonoraenequipo.com.mx\/storage\/2024\/07\/adm-rp090724.jpg\",\"contentUrl\":\"https:\/\/www.sonoraenequipo.com.mx\/storage\/2024\/07\/adm-rp090724.jpg\",\"width\":600,\"height\":413,\"caption\":\"Imagen de archivo\"},{\"@type\":\"BreadcrumbList\",\"@id\":\"https:\/\/www.sonoraenequipo.com.mx\/fortalecimiento-bilateral-sonora-arizona-y-desarrollo-social-en-sonora-durazo\/#breadcrumb\",\"itemListElement\":[{\"@type\":\"ListItem\",\"position\":1,\"name\":\"Portada\",\"item\":\"https:\/\/www.sonoraenequipo.com.mx\/\"},{\"@type\":\"ListItem\",\"position\":2,\"name\":\"Fortalecimiento Bilateral Sonora-Arizona y Desarrollo Social en Sonora: rueda de prensa Durazo\"}]},{\"@type\":\"WebSite\",\"@id\":\"https:\/\/www.sonoraenequipo.com.mx\/#website\",\"url\":\"https:\/\/www.sonoraenequipo.com.mx\/\",\"name\":\"Sonora en Equipo.\",\"description\":\"Diario en l\u00ednea con Noticias desde Hermosillo, Sonora\",\"publisher\":{\"@id\":\"https:\/\/www.sonoraenequipo.com.mx\/#organization\"},\"potentialAction\":[{\"@type\":\"SearchAction\",\"target\":{\"@type\":\"EntryPoint\",\"urlTemplate\":\"https:\/\/www.sonoraenequipo.com.mx\/?s={search_term_string}\"},\"query-input\":{\"@type\":\"PropertyValueSpecification\",\"valueRequired\":true,\"valueName\":\"search_term_string\"}}],\"inLanguage\":\"es\"},{\"@type\":\"Organization\",\"@id\":\"https:\/\/www.sonoraenequipo.com.mx\/#organization\",\"name\":\"Sonoraenequipo.com.mx\",\"url\":\"https:\/\/www.sonoraenequipo.com.mx\/\",\"logo\":{\"@type\":\"ImageObject\",\"inLanguage\":\"es\",\"@id\":\"https:\/\/www.sonoraenequipo.com.mx\/#\/schema\/logo\/image\/\",\"url\":\"https:\/\/www.sonoraenequipo.com.mx\/storage\/2019\/01\/sonoraenequipo_opt.png\",\"contentUrl\":\"https:\/\/www.sonoraenequipo.com.mx\/storage\/2019\/01\/sonoraenequipo_opt.png\",\"width\":375,\"height\":125,\"caption\":\"Sonoraenequipo.com.mx\"},\"image\":{\"@id\":\"https:\/\/www.sonoraenequipo.com.mx\/#\/schema\/logo\/image\/\"},\"sameAs\":[\"https:\/\/www.facebook.com\/SonoraEE\/\",\"https:\/\/x.com\/sonoraenequipo\",\"https:\/\/www.youtube.com\/channel\/UC338nW-lPEYmJQs4ZABQ1SQ\"]},{\"@type\":\"Person\",\"@id\":\"https:\/\/www.sonoraenequipo.com.mx\/#\/schema\/person\/fbd9952aca28efec00f1fb7fa9428cad\",\"name\":\"Nacho Bandin\",\"image\":{\"@type\":\"ImageObject\",\"inLanguage\":\"es\",\"@id\":\"https:\/\/www.sonoraenequipo.com.mx\/#\/schema\/person\/image\/\",\"url\":\"https:\/\/secure.gravatar.com\/avatar\/aa8b9910cb9aca6bb907bea274a87d80d1290d00069310f251740e3ee0bf15f1?s=96&d=blank&r=g\",\"contentUrl\":\"https:\/\/secure.gravatar.com\/avatar\/aa8b9910cb9aca6bb907bea274a87d80d1290d00069310f251740e3ee0bf15f1?s=96&d=blank&r=g\",\"caption\":\"Nacho Bandin\"},\"sameAs\":[\"http:\/\/sonoraenequipo.com.mx\"]}]}<\/script>\n ","yoast_head_json":{"title":"Sonora en Equipo. Fortalecimiento Bilateral Sonora-Arizona y Desarrollo Social en Sonora: rueda de prensa Durazo Sonora","description":"Resumen general rueda de prensa gobernador de Sonora Alfonso Durazo Monta\u00f1o hoy martes (28\/04\/2026) HERMOSILLO, SONORA, MX. \u2014 El gobernador Alfonso Durazo En Sonora en Equipo publicamos toda la informaci\u00f3n de Sonora, M\u00e9xico y el Mundo de manera oportuna y busca que la libertad de expresi\u00f3n sea real. Visita nuestro medio informativo publicado desde Hermosillo, Sonora. %","robots":{"index":"index","follow":"follow","max-snippet":"max-snippet:-1","max-image-preview":"max-image-preview:large","max-video-preview":"max-video-preview:-1"},"canonical":"https:\/\/www.sonoraenequipo.com.mx\/fortalecimiento-bilateral-sonora-arizona-y-desarrollo-social-en-sonora-durazo\/","og_locale":"es_ES","og_type":"article","og_title":"Sonora en Equipo. Fortalecimiento Bilateral Sonora-Arizona y Desarrollo Social en Sonora: rueda de prensa Durazo Sonora","og_description":"Resumen general rueda de prensa gobernador de Sonora Alfonso Durazo Monta\u00f1o hoy martes (28\/04\/2026) HERMOSILLO, SONORA, MX. \u2014 El gobernador Alfonso Durazo En Sonora en Equipo publicamos toda la informaci\u00f3n de Sonora, M\u00e9xico y el Mundo de manera oportuna y busca que la libertad de expresi\u00f3n sea real. Visita nuestro medio informativo publicado desde Hermosillo, Sonora. %","og_url":"https:\/\/www.sonoraenequipo.com.mx\/fortalecimiento-bilateral-sonora-arizona-y-desarrollo-social-en-sonora-durazo\/","og_site_name":"Sonora en Equipo.","article_publisher":"https:\/\/www.facebook.com\/SonoraEE\/","article_published_time":"2026-04-28T22:08:02+00:00","article_modified_time":"2026-04-28T22:34:01+00:00","og_image":[{"width":600,"height":413,"url":"https:\/\/www.sonoraenequipo.com.mx\/storage\/2024\/07\/adm-rp090724.jpg","type":"image\/jpeg"}],"author":"Nacho Bandin","twitter_card":"summary_large_image","twitter_creator":"@sonoraenequipo","twitter_site":"@sonoraenequipo","twitter_misc":{"Escrito por":"Nacho Bandin","Tiempo de lectura":"3 minutos"},"schema":{"@context":"https:\/\/schema.org","@graph":[{"@type":"Article","@id":"https:\/\/www.sonoraenequipo.com.mx\/fortalecimiento-bilateral-sonora-arizona-y-desarrollo-social-en-sonora-durazo\/#article","isPartOf":{"@id":"https:\/\/www.sonoraenequipo.com.mx\/fortalecimiento-bilateral-sonora-arizona-y-desarrollo-social-en-sonora-durazo\/"},"author":{"name":"Nacho Bandin","@id":"https:\/\/www.sonoraenequipo.com.mx\/#\/schema\/person\/fbd9952aca28efec00f1fb7fa9428cad"},"headline":"Fortalecimiento Bilateral Sonora-Arizona y Desarrollo Social en Sonora: rueda de prensa Durazo","datePublished":"2026-04-28T22:08:02+00:00","dateModified":"2026-04-28T22:34:01+00:00","mainEntityOfPage":{"@id":"https:\/\/www.sonoraenequipo.com.mx\/fortalecimiento-bilateral-sonora-arizona-y-desarrollo-social-en-sonora-durazo\/"},"wordCount":710,"commentCount":0,"publisher":{"@id":"https:\/\/www.sonoraenequipo.com.mx\/#organization"},"image":{"@id":"https:\/\/www.sonoraenequipo.com.mx\/fortalecimiento-bilateral-sonora-arizona-y-desarrollo-social-en-sonora-durazo\/#primaryimage"},"thumbnailUrl":"https:\/\/www.sonoraenequipo.com.mx\/storage\/2024\/07\/adm-rp090724.jpg","keywords":["Alfonso Durazo","rueda prensa"],"articleSection":["Sonora"],"inLanguage":"es","potentialAction":[{"@type":"CommentAction","name":"Comment","target":["https:\/\/www.sonoraenequipo.com.mx\/fortalecimiento-bilateral-sonora-arizona-y-desarrollo-social-en-sonora-durazo\/#respond"]}]},{"@type":"WebPage","@id":"https:\/\/www.sonoraenequipo.com.mx\/fortalecimiento-bilateral-sonora-arizona-y-desarrollo-social-en-sonora-durazo\/","url":"https:\/\/www.sonoraenequipo.com.mx\/fortalecimiento-bilateral-sonora-arizona-y-desarrollo-social-en-sonora-durazo\/","name":"Sonora en Equipo. Fortalecimiento Bilateral Sonora-Arizona y Desarrollo Social en Sonora: rueda de prensa Durazo Sonora","isPartOf":{"@id":"https:\/\/www.sonoraenequipo.com.mx\/#website"},"primaryImageOfPage":{"@id":"https:\/\/www.sonoraenequipo.com.mx\/fortalecimiento-bilateral-sonora-arizona-y-desarrollo-social-en-sonora-durazo\/#primaryimage"},"image":{"@id":"https:\/\/www.sonoraenequipo.com.mx\/fortalecimiento-bilateral-sonora-arizona-y-desarrollo-social-en-sonora-durazo\/#primaryimage"},"thumbnailUrl":"https:\/\/www.sonoraenequipo.com.mx\/storage\/2024\/07\/adm-rp090724.jpg","datePublished":"2026-04-28T22:08:02+00:00","dateModified":"2026-04-28T22:34:01+00:00","description":"Resumen general rueda de prensa gobernador de Sonora Alfonso Durazo Monta\u00f1o hoy martes (28\/04\/2026) HERMOSILLO, SONORA, MX. \u2014 El gobernador Alfonso Durazo En Sonora en Equipo publicamos toda la informaci\u00f3n de Sonora, M\u00e9xico y el Mundo de manera oportuna y busca que la libertad de expresi\u00f3n sea real. Visita nuestro medio informativo publicado desde Hermosillo, Sonora. %","breadcrumb":{"@id":"https:\/\/www.sonoraenequipo.com.mx\/fortalecimiento-bilateral-sonora-arizona-y-desarrollo-social-en-sonora-durazo\/#breadcrumb"},"inLanguage":"es","potentialAction":[{"@type":"ReadAction","target":["https:\/\/www.sonoraenequipo.com.mx\/fortalecimiento-bilateral-sonora-arizona-y-desarrollo-social-en-sonora-durazo\/"]}]},{"@type":"ImageObject","inLanguage":"es","@id":"https:\/\/www.sonoraenequipo.com.mx\/fortalecimiento-bilateral-sonora-arizona-y-desarrollo-social-en-sonora-durazo\/#primaryimage","url":"https:\/\/www.sonoraenequipo.com.mx\/storage\/2024\/07\/adm-rp090724.jpg","contentUrl":"https:\/\/www.sonoraenequipo.com.mx\/storage\/2024\/07\/adm-rp090724.jpg","width":600,"height":413,"caption":"Imagen de archivo"},{"@type":"BreadcrumbList","@id":"https:\/\/www.sonoraenequipo.com.mx\/fortalecimiento-bilateral-sonora-arizona-y-desarrollo-social-en-sonora-durazo\/#breadcrumb","itemListElement":[{"@type":"ListItem","position":1,"name":"Portada","item":"https:\/\/www.sonoraenequipo.com.mx\/"},{"@type":"ListItem","position":2,"name":"Fortalecimiento Bilateral Sonora-Arizona y Desarrollo Social en Sonora: rueda de prensa Durazo"}]},{"@type":"WebSite","@id":"https:\/\/www.sonoraenequipo.com.mx\/#website","url":"https:\/\/www.sonoraenequipo.com.mx\/","name":"Sonora en Equipo.","description":"Diario en l\u00ednea con Noticias desde Hermosillo, Sonora","publisher":{"@id":"https:\/\/www.sonoraenequipo.com.mx\/#organization"},"potentialAction":[{"@type":"SearchAction","target":{"@type":"EntryPoint","urlTemplate":"https:\/\/www.sonoraenequipo.com.mx\/?s={search_term_string}"},"query-input":{"@type":"PropertyValueSpecification","valueRequired":true,"valueName":"search_term_string"}}],"inLanguage":"es"},{"@type":"Organization","@id":"https:\/\/www.sonoraenequipo.com.mx\/#organization","name":"Sonoraenequipo.com.mx","url":"https:\/\/www.sonoraenequipo.com.mx\/","logo":{"@type":"ImageObject","inLanguage":"es","@id":"https:\/\/www.sonoraenequipo.com.mx\/#\/schema\/logo\/image\/","url":"https:\/\/www.sonoraenequipo.com.mx\/storage\/2019\/01\/sonoraenequipo_opt.png","contentUrl":"https:\/\/www.sonoraenequipo.com.mx\/storage\/2019\/01\/sonoraenequipo_opt.png","width":375,"height":125,"caption":"Sonoraenequipo.com.mx"},"image":{"@id":"https:\/\/www.sonoraenequipo.com.mx\/#\/schema\/logo\/image\/"},"sameAs":["https:\/\/www.facebook.com\/SonoraEE\/","https:\/\/x.com\/sonoraenequipo","https:\/\/www.youtube.com\/channel\/UC338nW-lPEYmJQs4ZABQ1SQ"]},{"@type":"Person","@id":"https:\/\/www.sonoraenequipo.com.mx\/#\/schema\/person\/fbd9952aca28efec00f1fb7fa9428cad","name":"Nacho Bandin","image":{"@type":"ImageObject","inLanguage":"es","@id":"https:\/\/www.sonoraenequipo.com.mx\/#\/schema\/person\/image\/","url":"https:\/\/secure.gravatar.com\/avatar\/aa8b9910cb9aca6bb907bea274a87d80d1290d00069310f251740e3ee0bf15f1?s=96&d=blank&r=g","contentUrl":"https:\/\/secure.gravatar.com\/avatar\/aa8b9910cb9aca6bb907bea274a87d80d1290d00069310f251740e3ee0bf15f1?s=96&d=blank&r=g","caption":"Nacho Bandin"},"sameAs":["http:\/\/sonoraenequipo.com.mx"]}]}},"jetpack_featured_media_url":"https:\/\/www.sonoraenequipo.com.mx\/storage\/2024\/07\/adm-rp090724.jpg","_links":{"self":[{"href":"https:\/\/www.sonoraenequipo.com.mx\/api\/wp\/v2\/posts\/240762","targetHints":{"allow":["GET"]}}],"collection":[{"href":"https:\/\/www.sonoraenequipo.com.mx\/api\/wp\/v2\/posts"}],"about":[{"href":"https:\/\/www.sonoraenequipo.com.mx\/api\/wp\/v2\/types\/post"}],"author":[{"embeddable":true,"href":"https:\/\/www.sonoraenequipo.com.mx\/api\/wp\/v2\/users\/6"}],"replies":[{"embeddable":true,"href":"https:\/\/www.sonoraenequipo.com.mx\/api\/wp\/v2\/comments?post=240762"}],"version-history":[{"count":2,"href":"https:\/\/www.sonoraenequipo.com.mx\/api\/wp\/v2\/posts\/240762\/revisions"}],"predecessor-version":[{"id":240764,"href":"https:\/\/www.sonoraenequipo.com.mx\/api\/wp\/v2\/posts\/240762\/revisions\/240764"}],"wp:featuredmedia":[{"embeddable":true,"href":"https:\/\/www.sonoraenequipo.com.mx\/api\/wp\/v2\/media\/194131"}],"wp:attachment":[{"href":"https:\/\/www.sonoraenequipo.com.mx\/api\/wp\/v2\/media?parent=240762"}],"wp:term":[{"taxonomy":"category","embeddable":true,"href":"https:\/\/www.sonoraenequipo.com.mx\/api\/wp\/v2\/categories?post=240762"},{"taxonomy":"post_tag","embeddable":true,"href":"https:\/\/www.sonoraenequipo.com.mx\/api\/wp\/v2\/tags?post=240762"}],"curies":[{"name":"wp","href":"https:\/\/api.w.org\/{rel}","templated":true}]}}