{"id":240782,"date":"2026-04-28T09:00:39","date_gmt":"2026-04-28T16:00:39","guid":{"rendered":"https:\/\/www.sonoraenequipo.com.mx\/?p=240782"},"modified":"2026-04-28T21:42:25","modified_gmt":"2026-04-29T04:42:25","slug":"eu-no-esta-de-acuerdo-con-el-plan-de-iran-de-abrir-ormuz-y-aplazar-tema-nuclear","status":"publish","type":"post","link":"https:\/\/www.sonoraenequipo.com.mx\/eu-no-esta-de-acuerdo-con-el-plan-de-iran-de-abrir-ormuz-y-aplazar-tema-nuclear\/","title":{"rendered":"EU no est\u00e1 de acuerdo con el plan de Ir\u00e1n de abrir Ormuz y aplazar tema nuclear"},"content":{"rendered":"<p><strong>WASHINGTON, ESTADOS UNIDOS DEL NORTE DE AM\u00c9RICA. \u2014 <\/strong>Al presidente de Estados Unidos, Donald Trump, \u201cno le gusta la propuesta\u201d de Ir\u00e1n sobre abrir el estrecho de Ormuz y dejar para una etapa posterior la discusi\u00f3n sobre programa nuclear del pa\u00eds isl\u00e1mico, asegur\u00f3 un funcionario de Washington citado por la agencia Reuters.<\/p>\n<p>&nbsp;<\/p>\n<p>&nbsp;<\/p>\n<p>&nbsp;<\/p>\n<p> <\/p>\n<p>The New York Times report\u00f3 que el mandatario estadunidense est\u00e1 <em><strong>\u201cinsatisfecho\u201d<\/strong><\/em> con la iniciativa iran\u00ed.<\/p>\n<p>&nbsp;<\/p>\n<p>&nbsp;<\/p>\n<p>Horas antes, el republicano discuti\u00f3 el proyecto con sus principales asesores de seguridad nacional, mientras fuentes iran\u00edes declararon que la propuesta pospondr\u00eda el debate sobre su programa at\u00f3mico hasta que termine la guerra y se resuelvan las disputas relativas al transporte mar\u00edtimo en el golfo P\u00e9rsico.<\/p>\n<p>&nbsp;<\/p>\n<p>&nbsp;<\/p>\n<p>Consultada sobre el planteamiento de Teher\u00e1n, la vocera de la Casa Blanca, Karoline Leavitt, confirm\u00f3 que \u201cla propuesta estaba siendo discutida\u201d y se\u00f1al\u00f3 que \u201clas l\u00edneas rojas del presidente con respecto a Ir\u00e1n se han dejado muy, muy claras\u201d.<\/p>\n<p>&nbsp;<\/p>\n<p>&nbsp;<\/p>\n<p>La subsecretaria de prensa, Olivia Wales, manifest\u00f3 posteriormente en un comunicado que la Casa Blanca no har\u00e1 negociaciones con Ir\u00e1n mediante la prensa porque <strong><em>\u201cse trata de conversaciones diplom\u00e1ticas delicadas\u201d<\/em><\/strong>, inform\u00f3 CBS News.<\/p>\n<p>&nbsp;<\/p>\n<p>&nbsp;<\/p>\n<p>&nbsp;<\/p>\n<h3>Descarta Rubio permitir cobros del pa\u00eds isl\u00e1mico<\/h3>\n<p>&nbsp;<\/p>\n<p>&nbsp;<\/p>\n<p>M\u00e1s temprano, el secretario de Estado, Marco Rubio, declar\u00f3 que la postura de Ir\u00e1n sobre el estrecho de Ormuz no satisface las exigencias de Estados Unidos.<\/p>\n<p>&nbsp;<\/p>\n<p>&nbsp;<\/p>\n<p><strong>\u201cSi lo que quieren decir con abrir el paso es: \u2018s\u00ed, el estrecho est\u00e1 abierto siempre y cuando te coordines con Ir\u00e1n y consigas nuestro permiso o te volaremos en pedazos y nos pagues\u2019, eso no es despejar la v\u00eda mar\u00edtima \u201d<\/strong>, expres\u00f3 durante una entrevista con Fox News.<\/p>\n<p>&nbsp;<\/p>\n<p>&nbsp;<\/p>\n<p>&nbsp;<\/p>\n<p>El trabajo para salvar las diferencias entre Estados Unidos e Ir\u00e1n no se ha detenido, seg\u00fan fuentes del mediador Pakist\u00e1n, a pesar de la ausencia de diplomacia presencial.<\/p>\n<p>&nbsp;<\/p>\n<p>&nbsp;<\/p>\n<p>Las autoridades paquistan\u00edes comentaron que las negociaciones segu\u00edan llev\u00e1ndose a cabo de forma remota, pero que no hab\u00eda planes de convocar un encuentro presencial hasta que las partes est\u00e9n lo suficientemente cerca de firmar un memorando.<\/p>\n<p>&nbsp;<\/p>\n<p>&nbsp;<\/p>\n<p>En una se\u00f1al de que ocurrir\u00e1n pronto encuentros presenciales, las calles de Islamabad fueron reabiertas, mismas que permanecieron cerradas durante una semana a la espera de unas conversaciones que nunca llegaron a celebrarse. El hotel de lujo que se hab\u00eda despejado para servir de sede volvi\u00f3 a aceptar reservas del p\u00fablico.<\/p>\n<p>&nbsp;<\/p>\n<p>&nbsp;<\/p>\n<p>Sobre el terreno, el Comando Central de Estados Unidos asegur\u00f3 en su cuenta de X que sus fuerzas permanecen \u201cconcentradas y preparadas\u201d en Medio Oriente; a su vez, Pakist\u00e1n abri\u00f3 nuevas rutas de tr\u00e1nsito para facilitar el comercio con Ir\u00e1n.<\/p>\n<p>&nbsp;<\/p>\n<p>&nbsp;<\/p>\n<p>Scott Bessent, secretario del Tesoro estadunidense, afirm\u00f3 que las empresas que prestan servicios a las aerol\u00edneas iran\u00edes podr\u00edan enfrentarse a sanciones estadunidenses en el marco de lo que ha denominado operaci\u00f3n \u201cFuria econ\u00f3mica\u201d.<\/p>\n<p>&nbsp;<\/p>\n<p>&nbsp;<\/p>\n<h3>Disputa en la ONU sobre proliferaci\u00f3n at\u00f3mica<\/h3>\n<p>&nbsp;<\/p>\n<p>&nbsp;<\/p>\n<p>En la Organizaci\u00f3n de Naciones Unidas (ONU), representantes estadunidenses e iran\u00edes chocaron durante la revisi\u00f3n del Tratado de No Proliferaci\u00f3n Nuclear por el nombramiento de Teher\u00e1n como uno de los vicepresidentes de la conferencia en el marco del Movimiento de Pa\u00edses No Alineados, report\u00f3 Middle East Eye.<\/p>\n<p>&nbsp;<\/p>\n<p>&nbsp;<\/p>\n<p>Washington, con el respaldo de Camberra y Abu Dabi, se opuso a la medida, mientras Londres, Par\u00eds y Berl\u00edn mostraron preocupaci\u00f3n.<\/p>\n<p>&nbsp;<\/p>\n<p>PUBLICADO EL 28 DE ABRIL 2026 Con informaci\u00f3n de Reuters, Afp, Sputnik y Ap)<\/p>\n","protected":false},"excerpt":{"rendered":"<p>WASHINGTON, ESTADOS UNIDOS DEL NORTE DE AM\u00c9RICA. \u2014 Al presidente de Estados Unidos, Donald Trump,&#8230;<\/p>\n","protected":false},"author":1,"featured_media":240759,"comment_status":"open","ping_status":"open","sticky":false,"template":"","format":"standard","meta":{"_monsterinsights_skip_tracking":false,"_monsterinsights_sitenote_active":false,"_monsterinsights_sitenote_note":"","_monsterinsights_sitenote_category":0,"footnotes":""},"categories":[3],"tags":[],"class_list":["post"],"yoast_head":" \n<title>Sonora en Equipo. EU no est\u00e1 de acuerdo con el plan de Ir\u00e1n de abrir Ormuz y aplazar tema nuclear MUNDO<\/title>\n<meta name=\"description\" content=\"WASHINGTON, ESTADOS UNIDOS DEL NORTE DE AM\u00c9RICA. \u2014 Al presidente de Estados Unidos, Donald Trump, \u201cno le gusta la propuesta\u201d de Ir\u00e1n sobre abrir el En Sonora en Equipo publicamos toda la informaci\u00f3n de Sonora, M\u00e9xico y el Mundo de manera oportuna y busca que la libertad de expresi\u00f3n sea real. Visita nuestro medio informativo publicado desde Hermosillo, Sonora. %\" \/>\n<meta name=\"robots\" content=\"index, follow, max-snippet:-1, max-image-preview:large, max-video-preview:-1\" \/>\n<link rel=\"canonical\" href=\"https:\/\/www.sonoraenequipo.com.mx\/eu-no-esta-de-acuerdo-con-el-plan-de-iran-de-abrir-ormuz-y-aplazar-tema-nuclear\/\" \/>\n<meta property=\"og:locale\" content=\"es_ES\" \/>\n<meta property=\"og:type\" content=\"article\" \/>\n<meta property=\"og:title\" content=\"Sonora en Equipo. EU no est\u00e1 de acuerdo con el plan de Ir\u00e1n de abrir Ormuz y aplazar tema nuclear MUNDO\" \/>\n<meta property=\"og:description\" content=\"WASHINGTON, ESTADOS UNIDOS DEL NORTE DE AM\u00c9RICA. \u2014 Al presidente de Estados Unidos, Donald Trump, \u201cno le gusta la propuesta\u201d de Ir\u00e1n sobre abrir el En Sonora en Equipo publicamos toda la informaci\u00f3n de Sonora, M\u00e9xico y el Mundo de manera oportuna y busca que la libertad de expresi\u00f3n sea real. Visita nuestro medio informativo publicado desde Hermosillo, Sonora. %\" \/>\n<meta property=\"og:url\" content=\"https:\/\/www.sonoraenequipo.com.mx\/eu-no-esta-de-acuerdo-con-el-plan-de-iran-de-abrir-ormuz-y-aplazar-tema-nuclear\/\" \/>\n<meta property=\"og:site_name\" content=\"Sonora en Equipo.\" \/>\n<meta property=\"article:publisher\" content=\"https:\/\/www.facebook.com\/SonoraEE\/\" \/>\n<meta property=\"article:author\" content=\"https:\/\/www.facebook.com\/SonoraEE\" \/>\n<meta property=\"article:published_time\" content=\"2026-04-28T16:00:39+00:00\" \/>\n<meta property=\"article:modified_time\" content=\"2026-04-29T04:42:25+00:00\" \/>\n<meta property=\"og:image\" content=\"https:\/\/www.sonoraenequipo.com.mx\/storage\/2026\/04\/rechazo-generalizado-al-intentar-cobrar-en-el-estrecho-de-ormuz.jpg\" \/>\n\t<meta property=\"og:image:width\" content=\"1000\" \/>\n\t<meta property=\"og:image:height\" content=\"503\" \/>\n\t<meta property=\"og:image:type\" content=\"image\/jpeg\" \/>\n<meta name=\"author\" content=\"enequipo\" \/>\n<meta name=\"twitter:card\" content=\"summary_large_image\" \/>\n<meta name=\"twitter:creator\" content=\"@sonoraenequipo\" \/>\n<meta name=\"twitter:site\" content=\"@sonoraenequipo\" \/>\n<meta name=\"twitter:label1\" content=\"Escrito por\" \/>\n\t<meta name=\"twitter:data1\" content=\"enequipo\" \/>\n\t<meta name=\"twitter:label2\" content=\"Tiempo de lectura\" \/>\n\t<meta name=\"twitter:data2\" content=\"3 minutos\" \/>\n<script type=\"application\/ld+json\" class=\"yoast-schema-graph\">{\"@context\":\"https:\/\/schema.org\",\"@graph\":[{\"@type\":\"Article\",\"@id\":\"https:\/\/www.sonoraenequipo.com.mx\/eu-no-esta-de-acuerdo-con-el-plan-de-iran-de-abrir-ormuz-y-aplazar-tema-nuclear\/#article\",\"isPartOf\":{\"@id\":\"https:\/\/www.sonoraenequipo.com.mx\/eu-no-esta-de-acuerdo-con-el-plan-de-iran-de-abrir-ormuz-y-aplazar-tema-nuclear\/\"},\"author\":{\"name\":\"enequipo\",\"@id\":\"https:\/\/www.sonoraenequipo.com.mx\/#\/schema\/person\/50102df0fb23a8fa9e8effad8fa81386\"},\"headline\":\"EU no est\u00e1 de acuerdo con el plan de Ir\u00e1n de abrir Ormuz y aplazar tema nuclear\",\"datePublished\":\"2026-04-28T16:00:39+00:00\",\"dateModified\":\"2026-04-29T04:42:25+00:00\",\"mainEntityOfPage\":{\"@id\":\"https:\/\/www.sonoraenequipo.com.mx\/eu-no-esta-de-acuerdo-con-el-plan-de-iran-de-abrir-ormuz-y-aplazar-tema-nuclear\/\"},\"wordCount\":647,\"commentCount\":0,\"publisher\":{\"@id\":\"https:\/\/www.sonoraenequipo.com.mx\/#organization\"},\"image\":{\"@id\":\"https:\/\/www.sonoraenequipo.com.mx\/eu-no-esta-de-acuerdo-con-el-plan-de-iran-de-abrir-ormuz-y-aplazar-tema-nuclear\/#primaryimage\"},\"thumbnailUrl\":\"https:\/\/www.sonoraenequipo.com.mx\/storage\/2026\/04\/rechazo-generalizado-al-intentar-cobrar-en-el-estrecho-de-ormuz.jpg\",\"articleSection\":[\"MUNDO\"],\"inLanguage\":\"es\",\"potentialAction\":[{\"@type\":\"CommentAction\",\"name\":\"Comment\",\"target\":[\"https:\/\/www.sonoraenequipo.com.mx\/eu-no-esta-de-acuerdo-con-el-plan-de-iran-de-abrir-ormuz-y-aplazar-tema-nuclear\/#respond\"]}]},{\"@type\":\"WebPage\",\"@id\":\"https:\/\/www.sonoraenequipo.com.mx\/eu-no-esta-de-acuerdo-con-el-plan-de-iran-de-abrir-ormuz-y-aplazar-tema-nuclear\/\",\"url\":\"https:\/\/www.sonoraenequipo.com.mx\/eu-no-esta-de-acuerdo-con-el-plan-de-iran-de-abrir-ormuz-y-aplazar-tema-nuclear\/\",\"name\":\"Sonora en Equipo. EU no est\u00e1 de acuerdo con el plan de Ir\u00e1n de abrir Ormuz y aplazar tema nuclear MUNDO\",\"isPartOf\":{\"@id\":\"https:\/\/www.sonoraenequipo.com.mx\/#website\"},\"primaryImageOfPage\":{\"@id\":\"https:\/\/www.sonoraenequipo.com.mx\/eu-no-esta-de-acuerdo-con-el-plan-de-iran-de-abrir-ormuz-y-aplazar-tema-nuclear\/#primaryimage\"},\"image\":{\"@id\":\"https:\/\/www.sonoraenequipo.com.mx\/eu-no-esta-de-acuerdo-con-el-plan-de-iran-de-abrir-ormuz-y-aplazar-tema-nuclear\/#primaryimage\"},\"thumbnailUrl\":\"https:\/\/www.sonoraenequipo.com.mx\/storage\/2026\/04\/rechazo-generalizado-al-intentar-cobrar-en-el-estrecho-de-ormuz.jpg\",\"datePublished\":\"2026-04-28T16:00:39+00:00\",\"dateModified\":\"2026-04-29T04:42:25+00:00\",\"description\":\"WASHINGTON, ESTADOS UNIDOS DEL NORTE DE AM\u00c9RICA. \u2014 Al presidente de Estados Unidos, Donald Trump, \u201cno le gusta la propuesta\u201d de Ir\u00e1n sobre abrir el En Sonora en Equipo publicamos toda la informaci\u00f3n de Sonora, M\u00e9xico y el Mundo de manera oportuna y busca que la libertad de expresi\u00f3n sea real. Visita nuestro medio informativo publicado desde Hermosillo, Sonora. %\",\"breadcrumb\":{\"@id\":\"https:\/\/www.sonoraenequipo.com.mx\/eu-no-esta-de-acuerdo-con-el-plan-de-iran-de-abrir-ormuz-y-aplazar-tema-nuclear\/#breadcrumb\"},\"inLanguage\":\"es\",\"potentialAction\":[{\"@type\":\"ReadAction\",\"target\":[\"https:\/\/www.sonoraenequipo.com.mx\/eu-no-esta-de-acuerdo-con-el-plan-de-iran-de-abrir-ormuz-y-aplazar-tema-nuclear\/\"]}]},{\"@type\":\"ImageObject\",\"inLanguage\":\"es\",\"@id\":\"https:\/\/www.sonoraenequipo.com.mx\/eu-no-esta-de-acuerdo-con-el-plan-de-iran-de-abrir-ormuz-y-aplazar-tema-nuclear\/#primaryimage\",\"url\":\"https:\/\/www.sonoraenequipo.com.mx\/storage\/2026\/04\/rechazo-generalizado-al-intentar-cobrar-en-el-estrecho-de-ormuz.jpg\",\"contentUrl\":\"https:\/\/www.sonoraenequipo.com.mx\/storage\/2026\/04\/rechazo-generalizado-al-intentar-cobrar-en-el-estrecho-de-ormuz.jpg\",\"width\":1000,\"height\":503},{\"@type\":\"BreadcrumbList\",\"@id\":\"https:\/\/www.sonoraenequipo.com.mx\/eu-no-esta-de-acuerdo-con-el-plan-de-iran-de-abrir-ormuz-y-aplazar-tema-nuclear\/#breadcrumb\",\"itemListElement\":[{\"@type\":\"ListItem\",\"position\":1,\"name\":\"Portada\",\"item\":\"https:\/\/www.sonoraenequipo.com.mx\/\"},{\"@type\":\"ListItem\",\"position\":2,\"name\":\"EU no est\u00e1 de acuerdo con el plan de Ir\u00e1n de abrir Ormuz y aplazar tema nuclear\"}]},{\"@type\":\"WebSite\",\"@id\":\"https:\/\/www.sonoraenequipo.com.mx\/#website\",\"url\":\"https:\/\/www.sonoraenequipo.com.mx\/\",\"name\":\"Sonora en Equipo.\",\"description\":\"Diario en l\u00ednea con Noticias desde Hermosillo, Sonora\",\"publisher\":{\"@id\":\"https:\/\/www.sonoraenequipo.com.mx\/#organization\"},\"potentialAction\":[{\"@type\":\"SearchAction\",\"target\":{\"@type\":\"EntryPoint\",\"urlTemplate\":\"https:\/\/www.sonoraenequipo.com.mx\/?s={search_term_string}\"},\"query-input\":{\"@type\":\"PropertyValueSpecification\",\"valueRequired\":true,\"valueName\":\"search_term_string\"}}],\"inLanguage\":\"es\"},{\"@type\":\"Organization\",\"@id\":\"https:\/\/www.sonoraenequipo.com.mx\/#organization\",\"name\":\"Sonoraenequipo.com.mx\",\"url\":\"https:\/\/www.sonoraenequipo.com.mx\/\",\"logo\":{\"@type\":\"ImageObject\",\"inLanguage\":\"es\",\"@id\":\"https:\/\/www.sonoraenequipo.com.mx\/#\/schema\/logo\/image\/\",\"url\":\"https:\/\/www.sonoraenequipo.com.mx\/storage\/2019\/01\/sonoraenequipo_opt.png\",\"contentUrl\":\"https:\/\/www.sonoraenequipo.com.mx\/storage\/2019\/01\/sonoraenequipo_opt.png\",\"width\":375,\"height\":125,\"caption\":\"Sonoraenequipo.com.mx\"},\"image\":{\"@id\":\"https:\/\/www.sonoraenequipo.com.mx\/#\/schema\/logo\/image\/\"},\"sameAs\":[\"https:\/\/www.facebook.com\/SonoraEE\/\",\"https:\/\/x.com\/sonoraenequipo\",\"https:\/\/www.youtube.com\/channel\/UC338nW-lPEYmJQs4ZABQ1SQ\"]},{\"@type\":\"Person\",\"@id\":\"https:\/\/www.sonoraenequipo.com.mx\/#\/schema\/person\/50102df0fb23a8fa9e8effad8fa81386\",\"name\":\"enequipo\",\"image\":{\"@type\":\"ImageObject\",\"inLanguage\":\"es\",\"@id\":\"https:\/\/www.sonoraenequipo.com.mx\/#\/schema\/person\/image\/\",\"url\":\"https:\/\/secure.gravatar.com\/avatar\/049821681b589dabc0bc20695993ccebb09f5b5d4d790cd9251b97faac7c652b?s=96&d=blank&r=g\",\"contentUrl\":\"https:\/\/secure.gravatar.com\/avatar\/049821681b589dabc0bc20695993ccebb09f5b5d4d790cd9251b97faac7c652b?s=96&d=blank&r=g\",\"caption\":\"enequipo\"},\"sameAs\":[\"https:\/\/www.facebook.com\/SonoraEE\"]}]}<\/script>\n ","yoast_head_json":{"title":"Sonora en Equipo. EU no est\u00e1 de acuerdo con el plan de Ir\u00e1n de abrir Ormuz y aplazar tema nuclear MUNDO","description":"WASHINGTON, ESTADOS UNIDOS DEL NORTE DE AM\u00c9RICA. \u2014 Al presidente de Estados Unidos, Donald Trump, \u201cno le gusta la propuesta\u201d de Ir\u00e1n sobre abrir el En Sonora en Equipo publicamos toda la informaci\u00f3n de Sonora, M\u00e9xico y el Mundo de manera oportuna y busca que la libertad de expresi\u00f3n sea real. Visita nuestro medio informativo publicado desde Hermosillo, Sonora. %","robots":{"index":"index","follow":"follow","max-snippet":"max-snippet:-1","max-image-preview":"max-image-preview:large","max-video-preview":"max-video-preview:-1"},"canonical":"https:\/\/www.sonoraenequipo.com.mx\/eu-no-esta-de-acuerdo-con-el-plan-de-iran-de-abrir-ormuz-y-aplazar-tema-nuclear\/","og_locale":"es_ES","og_type":"article","og_title":"Sonora en Equipo. EU no est\u00e1 de acuerdo con el plan de Ir\u00e1n de abrir Ormuz y aplazar tema nuclear MUNDO","og_description":"WASHINGTON, ESTADOS UNIDOS DEL NORTE DE AM\u00c9RICA. \u2014 Al presidente de Estados Unidos, Donald Trump, \u201cno le gusta la propuesta\u201d de Ir\u00e1n sobre abrir el En Sonora en Equipo publicamos toda la informaci\u00f3n de Sonora, M\u00e9xico y el Mundo de manera oportuna y busca que la libertad de expresi\u00f3n sea real. Visita nuestro medio informativo publicado desde Hermosillo, Sonora. %","og_url":"https:\/\/www.sonoraenequipo.com.mx\/eu-no-esta-de-acuerdo-con-el-plan-de-iran-de-abrir-ormuz-y-aplazar-tema-nuclear\/","og_site_name":"Sonora en Equipo.","article_publisher":"https:\/\/www.facebook.com\/SonoraEE\/","article_author":"https:\/\/www.facebook.com\/SonoraEE","article_published_time":"2026-04-28T16:00:39+00:00","article_modified_time":"2026-04-29T04:42:25+00:00","og_image":[{"width":1000,"height":503,"url":"https:\/\/www.sonoraenequipo.com.mx\/storage\/2026\/04\/rechazo-generalizado-al-intentar-cobrar-en-el-estrecho-de-ormuz.jpg","type":"image\/jpeg"}],"author":"enequipo","twitter_card":"summary_large_image","twitter_creator":"@sonoraenequipo","twitter_site":"@sonoraenequipo","twitter_misc":{"Escrito por":"enequipo","Tiempo de lectura":"3 minutos"},"schema":{"@context":"https:\/\/schema.org","@graph":[{"@type":"Article","@id":"https:\/\/www.sonoraenequipo.com.mx\/eu-no-esta-de-acuerdo-con-el-plan-de-iran-de-abrir-ormuz-y-aplazar-tema-nuclear\/#article","isPartOf":{"@id":"https:\/\/www.sonoraenequipo.com.mx\/eu-no-esta-de-acuerdo-con-el-plan-de-iran-de-abrir-ormuz-y-aplazar-tema-nuclear\/"},"author":{"name":"enequipo","@id":"https:\/\/www.sonoraenequipo.com.mx\/#\/schema\/person\/50102df0fb23a8fa9e8effad8fa81386"},"headline":"EU no est\u00e1 de acuerdo con el plan de Ir\u00e1n de abrir Ormuz y aplazar tema nuclear","datePublished":"2026-04-28T16:00:39+00:00","dateModified":"2026-04-29T04:42:25+00:00","mainEntityOfPage":{"@id":"https:\/\/www.sonoraenequipo.com.mx\/eu-no-esta-de-acuerdo-con-el-plan-de-iran-de-abrir-ormuz-y-aplazar-tema-nuclear\/"},"wordCount":647,"commentCount":0,"publisher":{"@id":"https:\/\/www.sonoraenequipo.com.mx\/#organization"},"image":{"@id":"https:\/\/www.sonoraenequipo.com.mx\/eu-no-esta-de-acuerdo-con-el-plan-de-iran-de-abrir-ormuz-y-aplazar-tema-nuclear\/#primaryimage"},"thumbnailUrl":"https:\/\/www.sonoraenequipo.com.mx\/storage\/2026\/04\/rechazo-generalizado-al-intentar-cobrar-en-el-estrecho-de-ormuz.jpg","articleSection":["MUNDO"],"inLanguage":"es","potentialAction":[{"@type":"CommentAction","name":"Comment","target":["https:\/\/www.sonoraenequipo.com.mx\/eu-no-esta-de-acuerdo-con-el-plan-de-iran-de-abrir-ormuz-y-aplazar-tema-nuclear\/#respond"]}]},{"@type":"WebPage","@id":"https:\/\/www.sonoraenequipo.com.mx\/eu-no-esta-de-acuerdo-con-el-plan-de-iran-de-abrir-ormuz-y-aplazar-tema-nuclear\/","url":"https:\/\/www.sonoraenequipo.com.mx\/eu-no-esta-de-acuerdo-con-el-plan-de-iran-de-abrir-ormuz-y-aplazar-tema-nuclear\/","name":"Sonora en Equipo. EU no est\u00e1 de acuerdo con el plan de Ir\u00e1n de abrir Ormuz y aplazar tema nuclear MUNDO","isPartOf":{"@id":"https:\/\/www.sonoraenequipo.com.mx\/#website"},"primaryImageOfPage":{"@id":"https:\/\/www.sonoraenequipo.com.mx\/eu-no-esta-de-acuerdo-con-el-plan-de-iran-de-abrir-ormuz-y-aplazar-tema-nuclear\/#primaryimage"},"image":{"@id":"https:\/\/www.sonoraenequipo.com.mx\/eu-no-esta-de-acuerdo-con-el-plan-de-iran-de-abrir-ormuz-y-aplazar-tema-nuclear\/#primaryimage"},"thumbnailUrl":"https:\/\/www.sonoraenequipo.com.mx\/storage\/2026\/04\/rechazo-generalizado-al-intentar-cobrar-en-el-estrecho-de-ormuz.jpg","datePublished":"2026-04-28T16:00:39+00:00","dateModified":"2026-04-29T04:42:25+00:00","description":"WASHINGTON, ESTADOS UNIDOS DEL NORTE DE AM\u00c9RICA. \u2014 Al presidente de Estados Unidos, Donald Trump, \u201cno le gusta la propuesta\u201d de Ir\u00e1n sobre abrir el En Sonora en Equipo publicamos toda la informaci\u00f3n de Sonora, M\u00e9xico y el Mundo de manera oportuna y busca que la libertad de expresi\u00f3n sea real. Visita nuestro medio informativo publicado desde Hermosillo, Sonora. %","breadcrumb":{"@id":"https:\/\/www.sonoraenequipo.com.mx\/eu-no-esta-de-acuerdo-con-el-plan-de-iran-de-abrir-ormuz-y-aplazar-tema-nuclear\/#breadcrumb"},"inLanguage":"es","potentialAction":[{"@type":"ReadAction","target":["https:\/\/www.sonoraenequipo.com.mx\/eu-no-esta-de-acuerdo-con-el-plan-de-iran-de-abrir-ormuz-y-aplazar-tema-nuclear\/"]}]},{"@type":"ImageObject","inLanguage":"es","@id":"https:\/\/www.sonoraenequipo.com.mx\/eu-no-esta-de-acuerdo-con-el-plan-de-iran-de-abrir-ormuz-y-aplazar-tema-nuclear\/#primaryimage","url":"https:\/\/www.sonoraenequipo.com.mx\/storage\/2026\/04\/rechazo-generalizado-al-intentar-cobrar-en-el-estrecho-de-ormuz.jpg","contentUrl":"https:\/\/www.sonoraenequipo.com.mx\/storage\/2026\/04\/rechazo-generalizado-al-intentar-cobrar-en-el-estrecho-de-ormuz.jpg","width":1000,"height":503},{"@type":"BreadcrumbList","@id":"https:\/\/www.sonoraenequipo.com.mx\/eu-no-esta-de-acuerdo-con-el-plan-de-iran-de-abrir-ormuz-y-aplazar-tema-nuclear\/#breadcrumb","itemListElement":[{"@type":"ListItem","position":1,"name":"Portada","item":"https:\/\/www.sonoraenequipo.com.mx\/"},{"@type":"ListItem","position":2,"name":"EU no est\u00e1 de acuerdo con el plan de Ir\u00e1n de abrir Ormuz y aplazar tema nuclear"}]},{"@type":"WebSite","@id":"https:\/\/www.sonoraenequipo.com.mx\/#website","url":"https:\/\/www.sonoraenequipo.com.mx\/","name":"Sonora en Equipo.","description":"Diario en l\u00ednea con Noticias desde Hermosillo, Sonora","publisher":{"@id":"https:\/\/www.sonoraenequipo.com.mx\/#organization"},"potentialAction":[{"@type":"SearchAction","target":{"@type":"EntryPoint","urlTemplate":"https:\/\/www.sonoraenequipo.com.mx\/?s={search_term_string}"},"query-input":{"@type":"PropertyValueSpecification","valueRequired":true,"valueName":"search_term_string"}}],"inLanguage":"es"},{"@type":"Organization","@id":"https:\/\/www.sonoraenequipo.com.mx\/#organization","name":"Sonoraenequipo.com.mx","url":"https:\/\/www.sonoraenequipo.com.mx\/","logo":{"@type":"ImageObject","inLanguage":"es","@id":"https:\/\/www.sonoraenequipo.com.mx\/#\/schema\/logo\/image\/","url":"https:\/\/www.sonoraenequipo.com.mx\/storage\/2019\/01\/sonoraenequipo_opt.png","contentUrl":"https:\/\/www.sonoraenequipo.com.mx\/storage\/2019\/01\/sonoraenequipo_opt.png","width":375,"height":125,"caption":"Sonoraenequipo.com.mx"},"image":{"@id":"https:\/\/www.sonoraenequipo.com.mx\/#\/schema\/logo\/image\/"},"sameAs":["https:\/\/www.facebook.com\/SonoraEE\/","https:\/\/x.com\/sonoraenequipo","https:\/\/www.youtube.com\/channel\/UC338nW-lPEYmJQs4ZABQ1SQ"]},{"@type":"Person","@id":"https:\/\/www.sonoraenequipo.com.mx\/#\/schema\/person\/50102df0fb23a8fa9e8effad8fa81386","name":"enequipo","image":{"@type":"ImageObject","inLanguage":"es","@id":"https:\/\/www.sonoraenequipo.com.mx\/#\/schema\/person\/image\/","url":"https:\/\/secure.gravatar.com\/avatar\/049821681b589dabc0bc20695993ccebb09f5b5d4d790cd9251b97faac7c652b?s=96&d=blank&r=g","contentUrl":"https:\/\/secure.gravatar.com\/avatar\/049821681b589dabc0bc20695993ccebb09f5b5d4d790cd9251b97faac7c652b?s=96&d=blank&r=g","caption":"enequipo"},"sameAs":["https:\/\/www.facebook.com\/SonoraEE"]}]}},"jetpack_featured_media_url":"https:\/\/www.sonoraenequipo.com.mx\/storage\/2026\/04\/rechazo-generalizado-al-intentar-cobrar-en-el-estrecho-de-ormuz.jpg","_links":{"self":[{"href":"https:\/\/www.sonoraenequipo.com.mx\/api\/wp\/v2\/posts\/240782","targetHints":{"allow":["GET"]}}],"collection":[{"href":"https:\/\/www.sonoraenequipo.com.mx\/api\/wp\/v2\/posts"}],"about":[{"href":"https:\/\/www.sonoraenequipo.com.mx\/api\/wp\/v2\/types\/post"}],"author":[{"embeddable":true,"href":"https:\/\/www.sonoraenequipo.com.mx\/api\/wp\/v2\/users\/1"}],"replies":[{"embeddable":true,"href":"https:\/\/www.sonoraenequipo.com.mx\/api\/wp\/v2\/comments?post=240782"}],"version-history":[{"count":1,"href":"https:\/\/www.sonoraenequipo.com.mx\/api\/wp\/v2\/posts\/240782\/revisions"}],"predecessor-version":[{"id":240784,"href":"https:\/\/www.sonoraenequipo.com.mx\/api\/wp\/v2\/posts\/240782\/revisions\/240784"}],"wp:featuredmedia":[{"embeddable":true,"href":"https:\/\/www.sonoraenequipo.com.mx\/api\/wp\/v2\/media\/240759"}],"wp:attachment":[{"href":"https:\/\/www.sonoraenequipo.com.mx\/api\/wp\/v2\/media?parent=240782"}],"wp:term":[{"taxonomy":"category","embeddable":true,"href":"https:\/\/www.sonoraenequipo.com.mx\/api\/wp\/v2\/categories?post=240782"},{"taxonomy":"post_tag","embeddable":true,"href":"https:\/\/www.sonoraenequipo.com.mx\/api\/wp\/v2\/tags?post=240782"}],"curies":[{"name":"wp","href":"https:\/\/api.w.org\/{rel}","templated":true}]}}